{"id":10001,"date":"2018-12-13T22:23:17","date_gmt":"2018-12-13T21:23:17","guid":{"rendered":"https:\/\/valenciasjb.salesianos.edu\/colegio\/?p=10001"},"modified":"2018-12-13T22:23:17","modified_gmt":"2018-12-13T21:23:17","slug":"la-agencia-de-noticias-salesiana-ans-publica-en-portada-la-campana-primero-las-ultimas-del-colegio-salesiano-san-juan-bosco-de-valencia","status":"publish","type":"post","link":"https:\/\/valenciasjb.salesianos.edu\/colegio\/la-agencia-de-noticias-salesiana-ans-publica-en-portada-la-campana-primero-las-ultimas-del-colegio-salesiano-san-juan-bosco-de-valencia\/","title":{"rendered":"La Agencia de Noticias Salesiana (ANS) publica en portada la campa\u00f1a \u201cPrimero las \u00daltimas\u201d del Colegio Salesiano San Juan Bosco de Valencia"},"content":{"rendered":"<div id=\"fb-root\"><\/div>\n<p>[et_pb_section bb_built=\u00bb1&#8243; admin_label=\u00bbsection\u00bb][et_pb_row admin_label=\u00bbrow\u00bb background_position=\u00bbtop_left\u00bb background_repeat=\u00bbrepeat\u00bb background_size=\u00bbinitial\u00bb][et_pb_column type=\u00bb4_4&#8243;][et_pb_text admin_label=\u00bbEntradilla (Texto)\u00bb _builder_version=\u00bb3.0.105&#8243; background_layout=\u00bblight\u00bb text_orientation=\u00bbjustified\u00bb text_font=\u00bb|on|||\u00bb module_alignment=\u00bbleft\u00bb]<\/p>\n<div id=\"resumen\">\n<p><span style=\"font-weight: 400\">Las publicaciones de la Agencia de Noticias Salesiana (ANS) se difunden y llegan a todos los ambientes salesianos en todo el mundo al estar sus noticias traducidas a 6 idiomas.<\/span><\/p>\n<\/div>\n<div><\/div>\n<p>[\/et_pb_text][et_pb_text admin_label=\u00bbAutor (Texto)\u00bb _builder_version=\u00bb3.0.105&#8243; background_layout=\u00bblight\u00bb text_font=\u00bb||on||\u00bb]<\/p>\n<p>Redacci\u00f3n.<\/p>\n<p>[\/et_pb_text][et_pb_text admin_label=\u00bbDesarrollo (Texto)\u00bb _builder_version=\u00bb3.0.105&#8243; background_layout=\u00bblight\u00bb text_orientation=\u00bbjustified\u00bb module_alignment=\u00bbleft\u00bb]<\/p>\n<p><span style=\"font-weight: 400\">La Agencia ANS destaca de la campa\u00f1a \u201cPrimero las \u00faltimas\u201d que ha movilizado a toda la comunidad educativa, con la finalidad de ayudar a las ni\u00f1as en situaci\u00f3n de prostituci\u00f3n que los Salesianos de Sierra Leona acogen de las calles. Tutor\u00edas de sensibilizaci\u00f3n, proyecci\u00f3n del documental de Misiones Salesianas \u201cLove\u201d, dise\u00f1o y venta de unas pulseras solidarias, cartas para animar a estas chicas y hasta la grabaci\u00f3n de un v\u00eddeo que ya han visto las protagonistas en Freetown (Sierra Leona) han formado parte de esta exitosa iniciativa que no s\u00f3lo ha conseguido dinero, sino sobre todo; llevar a Sierra Leona mensajes de apoyo, empat\u00eda y solidaridad.<\/span><\/p>\n<p><span style=\"font-weight: 400\">La campa\u00f1a ha seguido creciendo desde la asignatura de ingl\u00e9s, con los alumnos de 3\u00ba y 4\u00ba de ESO, que han aportado su granito de arena con la ayuda y el apoyo psicosocial que necesitan las ni\u00f1as de Sierra Leona escribiendo unas cartas en ingl\u00e9s para las chicas del programa Girls Shelter+ de Don Bosco Fambul en Freetown, con mensajes esperanzadores de apoyo y \u00e1nimo y que ya han llegado a sus manos.<\/span><\/p>\n<p><span style=\"font-weight: 400\">El Equipo Coordinador de la Campa\u00f1a elabor\u00f3 un mural en 3D colocado en la entrada del colegio y los alumnos grabaron un v\u00eddeo con las im\u00e1genes de fondo del documental \u201cLove\u201d<\/span><\/p>\n<p><span style=\"font-weight: 400\">Y no acaba aqu\u00ed la sensibilizaci\u00f3n ni la ayuda, ya que el Colegio tiene previsto organizar un musical para el pr\u00f3ximo mes de abril y destinar toda la recaudaci\u00f3n que se consiga al proyecto en favor de las menores en situaci\u00f3n de desprotecci\u00f3n de Sierra Leona.<\/span><\/p>\n<p>[\/et_pb_text][et_pb_text admin_label=\u00bbT\u00edtulo: Galer\u00eda de fotos (Texto)\u00bb _builder_version=\u00bb3.0.76&#8243; background_layout=\u00bblight\u00bb text_font=\u00bb|on|||\u00bb text_text_color=\u00bb#dc001b\u00bb border_style=\u00bbsolid\u00bb disabled=\u00bboff\u00bb disabled_on=\u00bboff|on|on\u00bb]<\/p>\n<p>Galer\u00eda de im\u00e1genes<\/p>\n<p>[\/et_pb_text][et_pb_gallery _builder_version=\u00bb3.0.105&#8243; posts_number=\u00bb8&#8243; show_title_and_caption=\u00bboff\u00bb show_pagination=\u00bbon\u00bb fullwidth=\u00bboff\u00bb orientation=\u00bblandscape\u00bb zoom_icon_color=\u00bb#dc001b\u00bb hover_overlay_color=\u00bbrgba(255,255,255,0.9)\u00bb hover_icon=\u00bb%%51%%\u00bb background_layout=\u00bblight\u00bb disabled=\u00bboff\u00bb disabled_on=\u00bboff|off|off\u00bb gallery_ids=\u00bb10002&#8243; pagination_font_size_tablet=\u00bb51&#8243; pagination_line_height_tablet=\u00bb2&#8243; \/][et_pb_video _builder_version=\u00bb3.0.51&#8243; disabled=\u00bbon\u00bb disabled_on=\u00bbon|on|on\u00bb \/][\/et_pb_column][\/et_pb_row][\/et_pb_section]<\/p>\n<!-- AddThis Advanced Settings generic via filter on the_content --><!-- AddThis Share Buttons generic via filter on the_content -->","protected":false},"excerpt":{"rendered":"<p>Las publicaciones de la Agencia de Noticias Salesiana (ANS) se difunden y llegan a todos los ambientes salesianos en todo el mundo al estar sus noticias traducidas a 6 idiomas. Redacci\u00f3n. La Agencia ANS destaca de la campa\u00f1a \u201cPrimero las \u00faltimas\u201d que ha movilizado a toda la comunidad educativa, con la finalidad de ayudar a [&hellip;]<\/p>\n<p><!-- AddThis Advanced Settings generic via filter on get_the_excerpt --><!-- AddThis Share Buttons generic via filter on get_the_excerpt --><\/p>\n","protected":false},"author":6,"featured_media":10002,"comment_status":"closed","ping_status":"open","sticky":false,"template":"","format":"standard","meta":{"_et_pb_use_builder":"on","_et_pb_old_content":"","_et_gb_content_width":"","footnotes":""},"categories":[14],"tags":[],"class_list":["post-10001","post","type-post","status-publish","format-standard","has-post-thumbnail","hentry","category-noticia_colegio"],"yoast_head":"<!-- This site is optimized with the Yoast SEO plugin v28.4 - https:\/\/yoast.com\/product\/yoast-seo-wordpress\/ -->\n<title>La Agencia de Noticias Salesiana (ANS) publica en portada la campa\u00f1a \u201cPrimero las \u00daltimas\u201d del Colegio Salesiano San Juan Bosco de Valencia - Colegio San Juan Bosco Valencia<\/title>\n<meta name=\"robots\" content=\"index, follow, max-snippet:-1, max-image-preview:large, max-video-preview:-1\" \/>\n<link rel=\"canonical\" href=\"https:\/\/valenciasjb.salesianos.edu\/colegio\/la-agencia-de-noticias-salesiana-ans-publica-en-portada-la-campana-primero-las-ultimas-del-colegio-salesiano-san-juan-bosco-de-valencia\/\" \/>\n<meta property=\"og:locale\" content=\"es_ES\" \/>\n<meta property=\"og:type\" content=\"article\" \/>\n<meta property=\"og:title\" content=\"La Agencia de Noticias Salesiana (ANS) publica en portada la campa\u00f1a \u201cPrimero las \u00daltimas\u201d del Colegio Salesiano San Juan Bosco de Valencia - Colegio San Juan Bosco Valencia\" \/>\n<meta property=\"og:description\" content=\"Las publicaciones de la Agencia de Noticias Salesiana (ANS) se difunden y llegan a todos los ambientes salesianos en todo el mundo al estar sus noticias traducidas a 6 idiomas. Redacci\u00f3n. La Agencia ANS destaca de la campa\u00f1a \u201cPrimero las \u00faltimas\u201d que ha movilizado a toda la comunidad educativa, con la finalidad de ayudar a [&hellip;]\" \/>\n<meta property=\"og:url\" content=\"https:\/\/valenciasjb.salesianos.edu\/colegio\/la-agencia-de-noticias-salesiana-ans-publica-en-portada-la-campana-primero-las-ultimas-del-colegio-salesiano-san-juan-bosco-de-valencia\/\" \/>\n<meta property=\"og:site_name\" content=\"Colegio San Juan Bosco Valencia\" \/>\n<meta property=\"article:publisher\" content=\"https:\/\/www.facebook.com\/ColegioSalesianoSanJuanBoscoValencia\" \/>\n<meta property=\"article:published_time\" content=\"2018-12-13T21:23:17+00:00\" \/>\n<meta property=\"og:image\" content=\"https:\/\/valenciasjb.salesianos.edu\/colegio\/wp-content\/uploads\/sites\/2\/2018\/12\/foto.png\" \/>\n\t<meta property=\"og:image:width\" content=\"597\" \/>\n\t<meta property=\"og:image:height\" content=\"583\" \/>\n\t<meta property=\"og:image:type\" content=\"image\/png\" \/>\n<meta name=\"author\" content=\"veronicapastor\" \/>\n<meta name=\"twitter:card\" content=\"summary_large_image\" \/>\n<meta name=\"twitter:creator\" content=\"@SalesianosVSJB\" \/>\n<meta name=\"twitter:site\" content=\"@SalesianosVSJB\" \/>\n<meta name=\"twitter:label1\" content=\"Escrito por\" \/>\n\t<meta name=\"twitter:data1\" content=\"veronicapastor\" \/>\n\t<meta name=\"twitter:label2\" content=\"Tiempo de lectura\" \/>\n\t<meta name=\"twitter:data2\" content=\"3 minutos\" \/>\n<script type=\"application\/ld+json\" class=\"yoast-schema-graph\">{\"@context\":\"https:\\\/\\\/schema.org\",\"@graph\":[{\"@type\":\"Article\",\"@id\":\"https:\\\/\\\/valenciasjb.salesianos.edu\\\/colegio\\\/la-agencia-de-noticias-salesiana-ans-publica-en-portada-la-campana-primero-las-ultimas-del-colegio-salesiano-san-juan-bosco-de-valencia\\\/#article\",\"isPartOf\":{\"@id\":\"https:\\\/\\\/valenciasjb.salesianos.edu\\\/colegio\\\/la-agencia-de-noticias-salesiana-ans-publica-en-portada-la-campana-primero-las-ultimas-del-colegio-salesiano-san-juan-bosco-de-valencia\\\/\"},\"author\":{\"name\":\"veronicapastor\",\"@id\":\"https:\\\/\\\/valenciasjb.salesianos.edu\\\/colegio\\\/#\\\/schema\\\/person\\\/1f45b67e52b27da175190a574db6bed9\"},\"headline\":\"La Agencia de Noticias Salesiana (ANS) publica en portada la campa\u00f1a \u201cPrimero las \u00daltimas\u201d del Colegio Salesiano San Juan Bosco de Valencia\",\"datePublished\":\"2018-12-13T21:23:17+00:00\",\"mainEntityOfPage\":{\"@id\":\"https:\\\/\\\/valenciasjb.salesianos.edu\\\/colegio\\\/la-agencia-de-noticias-salesiana-ans-publica-en-portada-la-campana-primero-las-ultimas-del-colegio-salesiano-san-juan-bosco-de-valencia\\\/\"},\"wordCount\":537,\"image\":{\"@id\":\"https:\\\/\\\/valenciasjb.salesianos.edu\\\/colegio\\\/la-agencia-de-noticias-salesiana-ans-publica-en-portada-la-campana-primero-las-ultimas-del-colegio-salesiano-san-juan-bosco-de-valencia\\\/#primaryimage\"},\"thumbnailUrl\":\"https:\\\/\\\/valenciasjb.salesianos.edu\\\/colegio\\\/wp-content\\\/uploads\\\/sites\\\/2\\\/2018\\\/12\\\/foto.png\",\"articleSection\":[\"Noticia Colegio\"],\"inLanguage\":\"es\"},{\"@type\":\"WebPage\",\"@id\":\"https:\\\/\\\/valenciasjb.salesianos.edu\\\/colegio\\\/la-agencia-de-noticias-salesiana-ans-publica-en-portada-la-campana-primero-las-ultimas-del-colegio-salesiano-san-juan-bosco-de-valencia\\\/\",\"url\":\"https:\\\/\\\/valenciasjb.salesianos.edu\\\/colegio\\\/la-agencia-de-noticias-salesiana-ans-publica-en-portada-la-campana-primero-las-ultimas-del-colegio-salesiano-san-juan-bosco-de-valencia\\\/\",\"name\":\"La Agencia de Noticias Salesiana (ANS) publica en portada la campa\u00f1a \u201cPrimero las \u00daltimas\u201d del Colegio Salesiano San Juan Bosco de Valencia - Colegio San Juan Bosco Valencia\",\"isPartOf\":{\"@id\":\"https:\\\/\\\/valenciasjb.salesianos.edu\\\/colegio\\\/#website\"},\"primaryImageOfPage\":{\"@id\":\"https:\\\/\\\/valenciasjb.salesianos.edu\\\/colegio\\\/la-agencia-de-noticias-salesiana-ans-publica-en-portada-la-campana-primero-las-ultimas-del-colegio-salesiano-san-juan-bosco-de-valencia\\\/#primaryimage\"},\"image\":{\"@id\":\"https:\\\/\\\/valenciasjb.salesianos.edu\\\/colegio\\\/la-agencia-de-noticias-salesiana-ans-publica-en-portada-la-campana-primero-las-ultimas-del-colegio-salesiano-san-juan-bosco-de-valencia\\\/#primaryimage\"},\"thumbnailUrl\":\"https:\\\/\\\/valenciasjb.salesianos.edu\\\/colegio\\\/wp-content\\\/uploads\\\/sites\\\/2\\\/2018\\\/12\\\/foto.png\",\"datePublished\":\"2018-12-13T21:23:17+00:00\",\"author\":{\"@id\":\"https:\\\/\\\/valenciasjb.salesianos.edu\\\/colegio\\\/#\\\/schema\\\/person\\\/1f45b67e52b27da175190a574db6bed9\"},\"breadcrumb\":{\"@id\":\"https:\\\/\\\/valenciasjb.salesianos.edu\\\/colegio\\\/la-agencia-de-noticias-salesiana-ans-publica-en-portada-la-campana-primero-las-ultimas-del-colegio-salesiano-san-juan-bosco-de-valencia\\\/#breadcrumb\"},\"inLanguage\":\"es\",\"potentialAction\":[{\"@type\":\"ReadAction\",\"target\":[\"https:\\\/\\\/valenciasjb.salesianos.edu\\\/colegio\\\/la-agencia-de-noticias-salesiana-ans-publica-en-portada-la-campana-primero-las-ultimas-del-colegio-salesiano-san-juan-bosco-de-valencia\\\/\"]}]},{\"@type\":\"ImageObject\",\"inLanguage\":\"es\",\"@id\":\"https:\\\/\\\/valenciasjb.salesianos.edu\\\/colegio\\\/la-agencia-de-noticias-salesiana-ans-publica-en-portada-la-campana-primero-las-ultimas-del-colegio-salesiano-san-juan-bosco-de-valencia\\\/#primaryimage\",\"url\":\"https:\\\/\\\/valenciasjb.salesianos.edu\\\/colegio\\\/wp-content\\\/uploads\\\/sites\\\/2\\\/2018\\\/12\\\/foto.png\",\"contentUrl\":\"https:\\\/\\\/valenciasjb.salesianos.edu\\\/colegio\\\/wp-content\\\/uploads\\\/sites\\\/2\\\/2018\\\/12\\\/foto.png\",\"width\":597,\"height\":583},{\"@type\":\"BreadcrumbList\",\"@id\":\"https:\\\/\\\/valenciasjb.salesianos.edu\\\/colegio\\\/la-agencia-de-noticias-salesiana-ans-publica-en-portada-la-campana-primero-las-ultimas-del-colegio-salesiano-san-juan-bosco-de-valencia\\\/#breadcrumb\",\"itemListElement\":[{\"@type\":\"ListItem\",\"position\":1,\"name\":\"Portada\",\"item\":\"https:\\\/\\\/valenciasjb.salesianos.edu\\\/colegio\\\/\"},{\"@type\":\"ListItem\",\"position\":2,\"name\":\"La Agencia de Noticias Salesiana (ANS) publica en portada la campa\u00f1a \u201cPrimero las \u00daltimas\u201d del Colegio Salesiano San Juan Bosco de Valencia\"}]},{\"@type\":\"WebSite\",\"@id\":\"https:\\\/\\\/valenciasjb.salesianos.edu\\\/colegio\\\/#website\",\"url\":\"https:\\\/\\\/valenciasjb.salesianos.edu\\\/colegio\\\/\",\"name\":\"Colegio San Juan Bosco Valencia\",\"description\":\"P\u00e1gina oficial del Colegio Salesianos San Juan Bosco Valencia\",\"alternateName\":\"Salesianos.VSJB\",\"potentialAction\":[{\"@type\":\"SearchAction\",\"target\":{\"@type\":\"EntryPoint\",\"urlTemplate\":\"https:\\\/\\\/valenciasjb.salesianos.edu\\\/colegio\\\/?s={search_term_string}\"},\"query-input\":{\"@type\":\"PropertyValueSpecification\",\"valueRequired\":true,\"valueName\":\"search_term_string\"}}],\"inLanguage\":\"es\"},{\"@type\":\"Person\",\"@id\":\"https:\\\/\\\/valenciasjb.salesianos.edu\\\/colegio\\\/#\\\/schema\\\/person\\\/1f45b67e52b27da175190a574db6bed9\",\"name\":\"veronicapastor\",\"image\":{\"@type\":\"ImageObject\",\"inLanguage\":\"es\",\"@id\":\"https:\\\/\\\/secure.gravatar.com\\\/avatar\\\/e29bd40bace3fd935e1d6fdb7313ffc14628cc037c5e16f4c7369b20a2a6f7f0?s=96&d=mm&r=g\",\"url\":\"https:\\\/\\\/secure.gravatar.com\\\/avatar\\\/e29bd40bace3fd935e1d6fdb7313ffc14628cc037c5e16f4c7369b20a2a6f7f0?s=96&d=mm&r=g\",\"contentUrl\":\"https:\\\/\\\/secure.gravatar.com\\\/avatar\\\/e29bd40bace3fd935e1d6fdb7313ffc14628cc037c5e16f4c7369b20a2a6f7f0?s=96&d=mm&r=g\",\"caption\":\"veronicapastor\"}}]}<\/script>\n<!-- \/ Yoast SEO plugin. -->","yoast_head_json":{"title":"La Agencia de Noticias Salesiana (ANS) publica en portada la campa\u00f1a \u201cPrimero las \u00daltimas\u201d del Colegio Salesiano San Juan Bosco de Valencia - Colegio San Juan Bosco Valencia","robots":{"index":"index","follow":"follow","max-snippet":"max-snippet:-1","max-image-preview":"max-image-preview:large","max-video-preview":"max-video-preview:-1"},"canonical":"https:\/\/valenciasjb.salesianos.edu\/colegio\/la-agencia-de-noticias-salesiana-ans-publica-en-portada-la-campana-primero-las-ultimas-del-colegio-salesiano-san-juan-bosco-de-valencia\/","og_locale":"es_ES","og_type":"article","og_title":"La Agencia de Noticias Salesiana (ANS) publica en portada la campa\u00f1a \u201cPrimero las \u00daltimas\u201d del Colegio Salesiano San Juan Bosco de Valencia - Colegio San Juan Bosco Valencia","og_description":"Las publicaciones de la Agencia de Noticias Salesiana (ANS) se difunden y llegan a todos los ambientes salesianos en todo el mundo al estar sus noticias traducidas a 6 idiomas. Redacci\u00f3n. La Agencia ANS destaca de la campa\u00f1a \u201cPrimero las \u00faltimas\u201d que ha movilizado a toda la comunidad educativa, con la finalidad de ayudar a [&hellip;]","og_url":"https:\/\/valenciasjb.salesianos.edu\/colegio\/la-agencia-de-noticias-salesiana-ans-publica-en-portada-la-campana-primero-las-ultimas-del-colegio-salesiano-san-juan-bosco-de-valencia\/","og_site_name":"Colegio San Juan Bosco Valencia","article_publisher":"https:\/\/www.facebook.com\/ColegioSalesianoSanJuanBoscoValencia","article_published_time":"2018-12-13T21:23:17+00:00","og_image":[{"width":597,"height":583,"url":"https:\/\/valenciasjb.salesianos.edu\/colegio\/wp-content\/uploads\/sites\/2\/2018\/12\/foto.png","type":"image\/png"}],"author":"veronicapastor","twitter_card":"summary_large_image","twitter_creator":"@SalesianosVSJB","twitter_site":"@SalesianosVSJB","twitter_misc":{"Escrito por":"veronicapastor","Tiempo de lectura":"3 minutos"},"schema":{"@context":"https:\/\/schema.org","@graph":[{"@type":"Article","@id":"https:\/\/valenciasjb.salesianos.edu\/colegio\/la-agencia-de-noticias-salesiana-ans-publica-en-portada-la-campana-primero-las-ultimas-del-colegio-salesiano-san-juan-bosco-de-valencia\/#article","isPartOf":{"@id":"https:\/\/valenciasjb.salesianos.edu\/colegio\/la-agencia-de-noticias-salesiana-ans-publica-en-portada-la-campana-primero-las-ultimas-del-colegio-salesiano-san-juan-bosco-de-valencia\/"},"author":{"name":"veronicapastor","@id":"https:\/\/valenciasjb.salesianos.edu\/colegio\/#\/schema\/person\/1f45b67e52b27da175190a574db6bed9"},"headline":"La Agencia de Noticias Salesiana (ANS) publica en portada la campa\u00f1a \u201cPrimero las \u00daltimas\u201d del Colegio Salesiano San Juan Bosco de Valencia","datePublished":"2018-12-13T21:23:17+00:00","mainEntityOfPage":{"@id":"https:\/\/valenciasjb.salesianos.edu\/colegio\/la-agencia-de-noticias-salesiana-ans-publica-en-portada-la-campana-primero-las-ultimas-del-colegio-salesiano-san-juan-bosco-de-valencia\/"},"wordCount":537,"image":{"@id":"https:\/\/valenciasjb.salesianos.edu\/colegio\/la-agencia-de-noticias-salesiana-ans-publica-en-portada-la-campana-primero-las-ultimas-del-colegio-salesiano-san-juan-bosco-de-valencia\/#primaryimage"},"thumbnailUrl":"https:\/\/valenciasjb.salesianos.edu\/colegio\/wp-content\/uploads\/sites\/2\/2018\/12\/foto.png","articleSection":["Noticia Colegio"],"inLanguage":"es"},{"@type":"WebPage","@id":"https:\/\/valenciasjb.salesianos.edu\/colegio\/la-agencia-de-noticias-salesiana-ans-publica-en-portada-la-campana-primero-las-ultimas-del-colegio-salesiano-san-juan-bosco-de-valencia\/","url":"https:\/\/valenciasjb.salesianos.edu\/colegio\/la-agencia-de-noticias-salesiana-ans-publica-en-portada-la-campana-primero-las-ultimas-del-colegio-salesiano-san-juan-bosco-de-valencia\/","name":"La Agencia de Noticias Salesiana (ANS) publica en portada la campa\u00f1a \u201cPrimero las \u00daltimas\u201d del Colegio Salesiano San Juan Bosco de Valencia - Colegio San Juan Bosco Valencia","isPartOf":{"@id":"https:\/\/valenciasjb.salesianos.edu\/colegio\/#website"},"primaryImageOfPage":{"@id":"https:\/\/valenciasjb.salesianos.edu\/colegio\/la-agencia-de-noticias-salesiana-ans-publica-en-portada-la-campana-primero-las-ultimas-del-colegio-salesiano-san-juan-bosco-de-valencia\/#primaryimage"},"image":{"@id":"https:\/\/valenciasjb.salesianos.edu\/colegio\/la-agencia-de-noticias-salesiana-ans-publica-en-portada-la-campana-primero-las-ultimas-del-colegio-salesiano-san-juan-bosco-de-valencia\/#primaryimage"},"thumbnailUrl":"https:\/\/valenciasjb.salesianos.edu\/colegio\/wp-content\/uploads\/sites\/2\/2018\/12\/foto.png","datePublished":"2018-12-13T21:23:17+00:00","author":{"@id":"https:\/\/valenciasjb.salesianos.edu\/colegio\/#\/schema\/person\/1f45b67e52b27da175190a574db6bed9"},"breadcrumb":{"@id":"https:\/\/valenciasjb.salesianos.edu\/colegio\/la-agencia-de-noticias-salesiana-ans-publica-en-portada-la-campana-primero-las-ultimas-del-colegio-salesiano-san-juan-bosco-de-valencia\/#breadcrumb"},"inLanguage":"es","potentialAction":[{"@type":"ReadAction","target":["https:\/\/valenciasjb.salesianos.edu\/colegio\/la-agencia-de-noticias-salesiana-ans-publica-en-portada-la-campana-primero-las-ultimas-del-colegio-salesiano-san-juan-bosco-de-valencia\/"]}]},{"@type":"ImageObject","inLanguage":"es","@id":"https:\/\/valenciasjb.salesianos.edu\/colegio\/la-agencia-de-noticias-salesiana-ans-publica-en-portada-la-campana-primero-las-ultimas-del-colegio-salesiano-san-juan-bosco-de-valencia\/#primaryimage","url":"https:\/\/valenciasjb.salesianos.edu\/colegio\/wp-content\/uploads\/sites\/2\/2018\/12\/foto.png","contentUrl":"https:\/\/valenciasjb.salesianos.edu\/colegio\/wp-content\/uploads\/sites\/2\/2018\/12\/foto.png","width":597,"height":583},{"@type":"BreadcrumbList","@id":"https:\/\/valenciasjb.salesianos.edu\/colegio\/la-agencia-de-noticias-salesiana-ans-publica-en-portada-la-campana-primero-las-ultimas-del-colegio-salesiano-san-juan-bosco-de-valencia\/#breadcrumb","itemListElement":[{"@type":"ListItem","position":1,"name":"Portada","item":"https:\/\/valenciasjb.salesianos.edu\/colegio\/"},{"@type":"ListItem","position":2,"name":"La Agencia de Noticias Salesiana (ANS) publica en portada la campa\u00f1a \u201cPrimero las \u00daltimas\u201d del Colegio Salesiano San Juan Bosco de Valencia"}]},{"@type":"WebSite","@id":"https:\/\/valenciasjb.salesianos.edu\/colegio\/#website","url":"https:\/\/valenciasjb.salesianos.edu\/colegio\/","name":"Colegio San Juan Bosco Valencia","description":"P\u00e1gina oficial del Colegio Salesianos San Juan Bosco Valencia","alternateName":"Salesianos.VSJB","potentialAction":[{"@type":"SearchAction","target":{"@type":"EntryPoint","urlTemplate":"https:\/\/valenciasjb.salesianos.edu\/colegio\/?s={search_term_string}"},"query-input":{"@type":"PropertyValueSpecification","valueRequired":true,"valueName":"search_term_string"}}],"inLanguage":"es"},{"@type":"Person","@id":"https:\/\/valenciasjb.salesianos.edu\/colegio\/#\/schema\/person\/1f45b67e52b27da175190a574db6bed9","name":"veronicapastor","image":{"@type":"ImageObject","inLanguage":"es","@id":"https:\/\/secure.gravatar.com\/avatar\/e29bd40bace3fd935e1d6fdb7313ffc14628cc037c5e16f4c7369b20a2a6f7f0?s=96&d=mm&r=g","url":"https:\/\/secure.gravatar.com\/avatar\/e29bd40bace3fd935e1d6fdb7313ffc14628cc037c5e16f4c7369b20a2a6f7f0?s=96&d=mm&r=g","contentUrl":"https:\/\/secure.gravatar.com\/avatar\/e29bd40bace3fd935e1d6fdb7313ffc14628cc037c5e16f4c7369b20a2a6f7f0?s=96&d=mm&r=g","caption":"veronicapastor"}}]}},"_links":{"self":[{"href":"https:\/\/valenciasjb.salesianos.edu\/colegio\/wp-json\/wp\/v2\/posts\/10001","targetHints":{"allow":["GET"]}}],"collection":[{"href":"https:\/\/valenciasjb.salesianos.edu\/colegio\/wp-json\/wp\/v2\/posts"}],"about":[{"href":"https:\/\/valenciasjb.salesianos.edu\/colegio\/wp-json\/wp\/v2\/types\/post"}],"author":[{"embeddable":true,"href":"https:\/\/valenciasjb.salesianos.edu\/colegio\/wp-json\/wp\/v2\/users\/6"}],"replies":[{"embeddable":true,"href":"https:\/\/valenciasjb.salesianos.edu\/colegio\/wp-json\/wp\/v2\/comments?post=10001"}],"version-history":[{"count":1,"href":"https:\/\/valenciasjb.salesianos.edu\/colegio\/wp-json\/wp\/v2\/posts\/10001\/revisions"}],"predecessor-version":[{"id":10003,"href":"https:\/\/valenciasjb.salesianos.edu\/colegio\/wp-json\/wp\/v2\/posts\/10001\/revisions\/10003"}],"wp:featuredmedia":[{"embeddable":true,"href":"https:\/\/valenciasjb.salesianos.edu\/colegio\/wp-json\/wp\/v2\/media\/10002"}],"wp:attachment":[{"href":"https:\/\/valenciasjb.salesianos.edu\/colegio\/wp-json\/wp\/v2\/media?parent=10001"}],"wp:term":[{"taxonomy":"category","embeddable":true,"href":"https:\/\/valenciasjb.salesianos.edu\/colegio\/wp-json\/wp\/v2\/categories?post=10001"},{"taxonomy":"post_tag","embeddable":true,"href":"https:\/\/valenciasjb.salesianos.edu\/colegio\/wp-json\/wp\/v2\/tags?post=10001"}],"curies":[{"name":"wp","href":"https:\/\/api.w.org\/{rel}","templated":true}]}}