{"id":10004,"date":"2018-12-17T21:50:17","date_gmt":"2018-12-17T20:50:17","guid":{"rendered":"https:\/\/valenciasjb.salesianos.edu\/colegio\/?p=10004"},"modified":"2018-12-17T21:52:40","modified_gmt":"2018-12-17T20:52:40","slug":"el-belen-del-colegio-recibe-la-mencion-especial-en-el-concurso-de-belenes-del-arzobispado-de-valencia","status":"publish","type":"post","link":"https:\/\/valenciasjb.salesianos.edu\/colegio\/el-belen-del-colegio-recibe-la-mencion-especial-en-el-concurso-de-belenes-del-arzobispado-de-valencia\/","title":{"rendered":"El Bel\u00e9n del colegio recibe la menci\u00f3n especial en el concurso de belenes del Arzobispado de Valencia"},"content":{"rendered":"<div id=\"fb-root\"><\/div>\n<p>[et_pb_section bb_built=\u00bb1&#8243; admin_label=\u00bbsection\u00bb][et_pb_row admin_label=\u00bbrow\u00bb background_position=\u00bbtop_left\u00bb background_repeat=\u00bbrepeat\u00bb background_size=\u00bbinitial\u00bb][et_pb_column type=\u00bb4_4&#8243;][et_pb_text admin_label=\u00bbEntradilla (Texto)\u00bb _builder_version=\u00bb3.18.7&#8243; text_orientation=\u00bbjustified\u00bb text_font=\u00bb|on|||\u00bb module_alignment=\u00bbleft\u00bb]<\/p>\n<div id=\"resumen\"><strong><strong>El Arzobispado de Valencia ha premiado en su concurso de belenes con Menci\u00f3n Especial al Bel\u00e9n del Colegio Salesiano San Juan Bosco\u00a0 de Valencia. El Bel\u00e9n se encuentra expuesto en la Sala 80 del colegio para que todo el que quiera pueda disfrutar de \u00e9l en estos d\u00edas de Adviento que quedan hasta Navidad. El Bel\u00e9n cuenta con nuevas escenas y todav\u00eda m\u00e1s movimiento e iluminaciones diferentes, por lo que no\u00a0<\/strong><\/strong><strong>dejar\u00e1 indiferente\u00a0<\/strong><strong>a quien lo visite.<\/strong><\/div>\n<p>[\/et_pb_text][et_pb_text admin_label=\u00bbAutor (Texto)\u00bb _builder_version=\u00bb3.18.7&#8243; text_font=\u00bb||on||\u00bb]<\/p>\n<p>Redacci\u00f3n.<\/p>\n<p>[\/et_pb_text][et_pb_text admin_label=\u00bbDesarrollo (Texto)\u00bb _builder_version=\u00bb3.18.7&#8243; text_orientation=\u00bbjustified\u00bb module_alignment=\u00bbleft\u00bb]<\/p>\n<p>La entrega del premio tendr\u00e1 lugar en el Arzobispado de Valencia el pr\u00f3ximo mi\u00e9rcoles 19 de diciembre, en un acto al que asistir\u00e1n Fernando Urios, coordinador de este proyecto, Juan Peris, director del colegio, as\u00ed como una representaci\u00f3n de alumnado colaborador\u00a0 del centro.<\/p>\n<p>El colegio quiere dar la enhorabuena y las gracias a todos los implicados en esta preciosa labor que no es otra que la de hacer llegar un mensaje de ilusi\u00f3n, esperanza y amor por la llegada de Jes\u00fas.<\/p>\n<p>[\/et_pb_text][et_pb_text admin_label=\u00bbT\u00edtulo: Galer\u00eda de fotos (Texto)\u00bb _builder_version=\u00bb3.0.76&#8243; background_layout=\u00bblight\u00bb text_font=\u00bb|on|||\u00bb text_text_color=\u00bb#dc001b\u00bb border_style=\u00bbsolid\u00bb disabled=\u00bboff\u00bb disabled_on=\u00bboff|on|on\u00bb]<\/p>\n<p>Galer\u00eda de im\u00e1genes<\/p>\n<p>[\/et_pb_text][et_pb_gallery _builder_version=\u00bb3.18.7&#8243; posts_number=\u00bb8&#8243; show_title_and_caption=\u00bboff\u00bb zoom_icon_color=\u00bb#dc001b\u00bb hover_overlay_color=\u00bbrgba(255,255,255,0.9)\u00bb hover_icon=\u00bb%%51%%\u00bb disabled=\u00bboff\u00bb disabled_on=\u00bboff|off|off\u00bb gallery_ids=\u00bb10011,10005,10006,10007,10008,10009,10010&#8243; pagination_font_size_tablet=\u00bb51&#8243; pagination_line_height_tablet=\u00bb2&#8243; \/][et_pb_video _builder_version=\u00bb3.0.51&#8243; disabled=\u00bbon\u00bb disabled_on=\u00bbon|on|on\u00bb \/][\/et_pb_column][\/et_pb_row][\/et_pb_section]<\/p>\n<!-- AddThis Advanced Settings generic via filter on the_content --><!-- AddThis Share Buttons generic via filter on the_content -->","protected":false},"excerpt":{"rendered":"<p>El Arzobispado de Valencia ha premiado en su concurso de belenes con Menci\u00f3n Especial al Bel\u00e9n del Colegio Salesiano San Juan Bosco\u00a0 de Valencia. El Bel\u00e9n se encuentra expuesto en la Sala 80 del colegio para que todo el que quiera pueda disfrutar de \u00e9l en estos d\u00edas de Adviento que quedan hasta Navidad. El [&hellip;]<\/p>\n<p><!-- AddThis Advanced Settings generic via filter on get_the_excerpt --><!-- AddThis Share Buttons generic via filter on get_the_excerpt --><\/p>\n","protected":false},"author":6,"featured_media":10011,"comment_status":"closed","ping_status":"open","sticky":false,"template":"","format":"standard","meta":{"_et_pb_use_builder":"on","_et_pb_old_content":"","_et_gb_content_width":"","footnotes":""},"categories":[14],"tags":[],"class_list":["post-10004","post","type-post","status-publish","format-standard","has-post-thumbnail","hentry","category-noticia_colegio"],"yoast_head":"<!-- This site is optimized with the Yoast SEO plugin v28.4 - https:\/\/yoast.com\/product\/yoast-seo-wordpress\/ -->\n<title>El Bel\u00e9n del colegio recibe la menci\u00f3n especial en el concurso de belenes del Arzobispado de Valencia - Colegio San Juan Bosco Valencia<\/title>\n<meta name=\"robots\" content=\"index, follow, max-snippet:-1, max-image-preview:large, max-video-preview:-1\" \/>\n<link rel=\"canonical\" href=\"https:\/\/valenciasjb.salesianos.edu\/colegio\/el-belen-del-colegio-recibe-la-mencion-especial-en-el-concurso-de-belenes-del-arzobispado-de-valencia\/\" \/>\n<meta property=\"og:locale\" content=\"es_ES\" \/>\n<meta property=\"og:type\" content=\"article\" \/>\n<meta property=\"og:title\" content=\"El Bel\u00e9n del colegio recibe la menci\u00f3n especial en el concurso de belenes del Arzobispado de Valencia - Colegio San Juan Bosco Valencia\" \/>\n<meta property=\"og:description\" content=\"El Arzobispado de Valencia ha premiado en su concurso de belenes con Menci\u00f3n Especial al Bel\u00e9n del Colegio Salesiano San Juan Bosco\u00a0 de Valencia. El Bel\u00e9n se encuentra expuesto en la Sala 80 del colegio para que todo el que quiera pueda disfrutar de \u00e9l en estos d\u00edas de Adviento que quedan hasta Navidad. El [&hellip;]\" \/>\n<meta property=\"og:url\" content=\"https:\/\/valenciasjb.salesianos.edu\/colegio\/el-belen-del-colegio-recibe-la-mencion-especial-en-el-concurso-de-belenes-del-arzobispado-de-valencia\/\" \/>\n<meta property=\"og:site_name\" content=\"Colegio San Juan Bosco Valencia\" \/>\n<meta property=\"article:publisher\" content=\"https:\/\/www.facebook.com\/ColegioSalesianoSanJuanBoscoValencia\" \/>\n<meta property=\"article:published_time\" content=\"2018-12-17T20:50:17+00:00\" \/>\n<meta property=\"article:modified_time\" content=\"2018-12-17T20:52:40+00:00\" \/>\n<meta property=\"og:image\" content=\"https:\/\/valenciasjb.salesianos.edu\/colegio\/wp-content\/uploads\/sites\/2\/2018\/12\/sketch-1545079937572.png\" \/>\n\t<meta property=\"og:image:width\" content=\"960\" \/>\n\t<meta property=\"og:image:height\" content=\"720\" \/>\n\t<meta property=\"og:image:type\" content=\"image\/png\" \/>\n<meta name=\"author\" content=\"veronicapastor\" \/>\n<meta name=\"twitter:card\" content=\"summary_large_image\" \/>\n<meta name=\"twitter:creator\" content=\"@SalesianosVSJB\" \/>\n<meta name=\"twitter:site\" content=\"@SalesianosVSJB\" \/>\n<meta name=\"twitter:label1\" content=\"Escrito por\" \/>\n\t<meta name=\"twitter:data1\" content=\"veronicapastor\" \/>\n\t<meta name=\"twitter:label2\" content=\"Tiempo de lectura\" \/>\n\t<meta name=\"twitter:data2\" content=\"2 minutos\" \/>\n<script type=\"application\/ld+json\" class=\"yoast-schema-graph\">{\"@context\":\"https:\\\/\\\/schema.org\",\"@graph\":[{\"@type\":\"Article\",\"@id\":\"https:\\\/\\\/valenciasjb.salesianos.edu\\\/colegio\\\/el-belen-del-colegio-recibe-la-mencion-especial-en-el-concurso-de-belenes-del-arzobispado-de-valencia\\\/#article\",\"isPartOf\":{\"@id\":\"https:\\\/\\\/valenciasjb.salesianos.edu\\\/colegio\\\/el-belen-del-colegio-recibe-la-mencion-especial-en-el-concurso-de-belenes-del-arzobispado-de-valencia\\\/\"},\"author\":{\"name\":\"veronicapastor\",\"@id\":\"https:\\\/\\\/valenciasjb.salesianos.edu\\\/colegio\\\/#\\\/schema\\\/person\\\/1f45b67e52b27da175190a574db6bed9\"},\"headline\":\"El Bel\u00e9n del colegio recibe la menci\u00f3n especial en el concurso de belenes del Arzobispado de Valencia\",\"datePublished\":\"2018-12-17T20:50:17+00:00\",\"dateModified\":\"2018-12-17T20:52:40+00:00\",\"mainEntityOfPage\":{\"@id\":\"https:\\\/\\\/valenciasjb.salesianos.edu\\\/colegio\\\/el-belen-del-colegio-recibe-la-mencion-especial-en-el-concurso-de-belenes-del-arzobispado-de-valencia\\\/\"},\"wordCount\":376,\"image\":{\"@id\":\"https:\\\/\\\/valenciasjb.salesianos.edu\\\/colegio\\\/el-belen-del-colegio-recibe-la-mencion-especial-en-el-concurso-de-belenes-del-arzobispado-de-valencia\\\/#primaryimage\"},\"thumbnailUrl\":\"https:\\\/\\\/valenciasjb.salesianos.edu\\\/colegio\\\/wp-content\\\/uploads\\\/sites\\\/2\\\/2018\\\/12\\\/sketch-1545079937572.png\",\"articleSection\":[\"Noticia Colegio\"],\"inLanguage\":\"es\"},{\"@type\":\"WebPage\",\"@id\":\"https:\\\/\\\/valenciasjb.salesianos.edu\\\/colegio\\\/el-belen-del-colegio-recibe-la-mencion-especial-en-el-concurso-de-belenes-del-arzobispado-de-valencia\\\/\",\"url\":\"https:\\\/\\\/valenciasjb.salesianos.edu\\\/colegio\\\/el-belen-del-colegio-recibe-la-mencion-especial-en-el-concurso-de-belenes-del-arzobispado-de-valencia\\\/\",\"name\":\"El Bel\u00e9n del colegio recibe la menci\u00f3n especial en el concurso de belenes del Arzobispado de Valencia - Colegio San Juan Bosco Valencia\",\"isPartOf\":{\"@id\":\"https:\\\/\\\/valenciasjb.salesianos.edu\\\/colegio\\\/#website\"},\"primaryImageOfPage\":{\"@id\":\"https:\\\/\\\/valenciasjb.salesianos.edu\\\/colegio\\\/el-belen-del-colegio-recibe-la-mencion-especial-en-el-concurso-de-belenes-del-arzobispado-de-valencia\\\/#primaryimage\"},\"image\":{\"@id\":\"https:\\\/\\\/valenciasjb.salesianos.edu\\\/colegio\\\/el-belen-del-colegio-recibe-la-mencion-especial-en-el-concurso-de-belenes-del-arzobispado-de-valencia\\\/#primaryimage\"},\"thumbnailUrl\":\"https:\\\/\\\/valenciasjb.salesianos.edu\\\/colegio\\\/wp-content\\\/uploads\\\/sites\\\/2\\\/2018\\\/12\\\/sketch-1545079937572.png\",\"datePublished\":\"2018-12-17T20:50:17+00:00\",\"dateModified\":\"2018-12-17T20:52:40+00:00\",\"author\":{\"@id\":\"https:\\\/\\\/valenciasjb.salesianos.edu\\\/colegio\\\/#\\\/schema\\\/person\\\/1f45b67e52b27da175190a574db6bed9\"},\"breadcrumb\":{\"@id\":\"https:\\\/\\\/valenciasjb.salesianos.edu\\\/colegio\\\/el-belen-del-colegio-recibe-la-mencion-especial-en-el-concurso-de-belenes-del-arzobispado-de-valencia\\\/#breadcrumb\"},\"inLanguage\":\"es\",\"potentialAction\":[{\"@type\":\"ReadAction\",\"target\":[\"https:\\\/\\\/valenciasjb.salesianos.edu\\\/colegio\\\/el-belen-del-colegio-recibe-la-mencion-especial-en-el-concurso-de-belenes-del-arzobispado-de-valencia\\\/\"]}]},{\"@type\":\"ImageObject\",\"inLanguage\":\"es\",\"@id\":\"https:\\\/\\\/valenciasjb.salesianos.edu\\\/colegio\\\/el-belen-del-colegio-recibe-la-mencion-especial-en-el-concurso-de-belenes-del-arzobispado-de-valencia\\\/#primaryimage\",\"url\":\"https:\\\/\\\/valenciasjb.salesianos.edu\\\/colegio\\\/wp-content\\\/uploads\\\/sites\\\/2\\\/2018\\\/12\\\/sketch-1545079937572.png\",\"contentUrl\":\"https:\\\/\\\/valenciasjb.salesianos.edu\\\/colegio\\\/wp-content\\\/uploads\\\/sites\\\/2\\\/2018\\\/12\\\/sketch-1545079937572.png\",\"width\":960,\"height\":720},{\"@type\":\"BreadcrumbList\",\"@id\":\"https:\\\/\\\/valenciasjb.salesianos.edu\\\/colegio\\\/el-belen-del-colegio-recibe-la-mencion-especial-en-el-concurso-de-belenes-del-arzobispado-de-valencia\\\/#breadcrumb\",\"itemListElement\":[{\"@type\":\"ListItem\",\"position\":1,\"name\":\"Portada\",\"item\":\"https:\\\/\\\/valenciasjb.salesianos.edu\\\/colegio\\\/\"},{\"@type\":\"ListItem\",\"position\":2,\"name\":\"El Bel\u00e9n del colegio recibe la menci\u00f3n especial en el concurso de belenes del Arzobispado de Valencia\"}]},{\"@type\":\"WebSite\",\"@id\":\"https:\\\/\\\/valenciasjb.salesianos.edu\\\/colegio\\\/#website\",\"url\":\"https:\\\/\\\/valenciasjb.salesianos.edu\\\/colegio\\\/\",\"name\":\"Colegio San Juan Bosco Valencia\",\"description\":\"P\u00e1gina oficial del Colegio Salesianos San Juan Bosco Valencia\",\"alternateName\":\"Salesianos.VSJB\",\"potentialAction\":[{\"@type\":\"SearchAction\",\"target\":{\"@type\":\"EntryPoint\",\"urlTemplate\":\"https:\\\/\\\/valenciasjb.salesianos.edu\\\/colegio\\\/?s={search_term_string}\"},\"query-input\":{\"@type\":\"PropertyValueSpecification\",\"valueRequired\":true,\"valueName\":\"search_term_string\"}}],\"inLanguage\":\"es\"},{\"@type\":\"Person\",\"@id\":\"https:\\\/\\\/valenciasjb.salesianos.edu\\\/colegio\\\/#\\\/schema\\\/person\\\/1f45b67e52b27da175190a574db6bed9\",\"name\":\"veronicapastor\",\"image\":{\"@type\":\"ImageObject\",\"inLanguage\":\"es\",\"@id\":\"https:\\\/\\\/secure.gravatar.com\\\/avatar\\\/e29bd40bace3fd935e1d6fdb7313ffc14628cc037c5e16f4c7369b20a2a6f7f0?s=96&d=mm&r=g\",\"url\":\"https:\\\/\\\/secure.gravatar.com\\\/avatar\\\/e29bd40bace3fd935e1d6fdb7313ffc14628cc037c5e16f4c7369b20a2a6f7f0?s=96&d=mm&r=g\",\"contentUrl\":\"https:\\\/\\\/secure.gravatar.com\\\/avatar\\\/e29bd40bace3fd935e1d6fdb7313ffc14628cc037c5e16f4c7369b20a2a6f7f0?s=96&d=mm&r=g\",\"caption\":\"veronicapastor\"}}]}<\/script>\n<!-- \/ Yoast SEO plugin. -->","yoast_head_json":{"title":"El Bel\u00e9n del colegio recibe la menci\u00f3n especial en el concurso de belenes del Arzobispado de Valencia - Colegio San Juan Bosco Valencia","robots":{"index":"index","follow":"follow","max-snippet":"max-snippet:-1","max-image-preview":"max-image-preview:large","max-video-preview":"max-video-preview:-1"},"canonical":"https:\/\/valenciasjb.salesianos.edu\/colegio\/el-belen-del-colegio-recibe-la-mencion-especial-en-el-concurso-de-belenes-del-arzobispado-de-valencia\/","og_locale":"es_ES","og_type":"article","og_title":"El Bel\u00e9n del colegio recibe la menci\u00f3n especial en el concurso de belenes del Arzobispado de Valencia - Colegio San Juan Bosco Valencia","og_description":"El Arzobispado de Valencia ha premiado en su concurso de belenes con Menci\u00f3n Especial al Bel\u00e9n del Colegio Salesiano San Juan Bosco\u00a0 de Valencia. El Bel\u00e9n se encuentra expuesto en la Sala 80 del colegio para que todo el que quiera pueda disfrutar de \u00e9l en estos d\u00edas de Adviento que quedan hasta Navidad. El [&hellip;]","og_url":"https:\/\/valenciasjb.salesianos.edu\/colegio\/el-belen-del-colegio-recibe-la-mencion-especial-en-el-concurso-de-belenes-del-arzobispado-de-valencia\/","og_site_name":"Colegio San Juan Bosco Valencia","article_publisher":"https:\/\/www.facebook.com\/ColegioSalesianoSanJuanBoscoValencia","article_published_time":"2018-12-17T20:50:17+00:00","article_modified_time":"2018-12-17T20:52:40+00:00","og_image":[{"width":960,"height":720,"url":"https:\/\/valenciasjb.salesianos.edu\/colegio\/wp-content\/uploads\/sites\/2\/2018\/12\/sketch-1545079937572.png","type":"image\/png"}],"author":"veronicapastor","twitter_card":"summary_large_image","twitter_creator":"@SalesianosVSJB","twitter_site":"@SalesianosVSJB","twitter_misc":{"Escrito por":"veronicapastor","Tiempo de lectura":"2 minutos"},"schema":{"@context":"https:\/\/schema.org","@graph":[{"@type":"Article","@id":"https:\/\/valenciasjb.salesianos.edu\/colegio\/el-belen-del-colegio-recibe-la-mencion-especial-en-el-concurso-de-belenes-del-arzobispado-de-valencia\/#article","isPartOf":{"@id":"https:\/\/valenciasjb.salesianos.edu\/colegio\/el-belen-del-colegio-recibe-la-mencion-especial-en-el-concurso-de-belenes-del-arzobispado-de-valencia\/"},"author":{"name":"veronicapastor","@id":"https:\/\/valenciasjb.salesianos.edu\/colegio\/#\/schema\/person\/1f45b67e52b27da175190a574db6bed9"},"headline":"El Bel\u00e9n del colegio recibe la menci\u00f3n especial en el concurso de belenes del Arzobispado de Valencia","datePublished":"2018-12-17T20:50:17+00:00","dateModified":"2018-12-17T20:52:40+00:00","mainEntityOfPage":{"@id":"https:\/\/valenciasjb.salesianos.edu\/colegio\/el-belen-del-colegio-recibe-la-mencion-especial-en-el-concurso-de-belenes-del-arzobispado-de-valencia\/"},"wordCount":376,"image":{"@id":"https:\/\/valenciasjb.salesianos.edu\/colegio\/el-belen-del-colegio-recibe-la-mencion-especial-en-el-concurso-de-belenes-del-arzobispado-de-valencia\/#primaryimage"},"thumbnailUrl":"https:\/\/valenciasjb.salesianos.edu\/colegio\/wp-content\/uploads\/sites\/2\/2018\/12\/sketch-1545079937572.png","articleSection":["Noticia Colegio"],"inLanguage":"es"},{"@type":"WebPage","@id":"https:\/\/valenciasjb.salesianos.edu\/colegio\/el-belen-del-colegio-recibe-la-mencion-especial-en-el-concurso-de-belenes-del-arzobispado-de-valencia\/","url":"https:\/\/valenciasjb.salesianos.edu\/colegio\/el-belen-del-colegio-recibe-la-mencion-especial-en-el-concurso-de-belenes-del-arzobispado-de-valencia\/","name":"El Bel\u00e9n del colegio recibe la menci\u00f3n especial en el concurso de belenes del Arzobispado de Valencia - Colegio San Juan Bosco Valencia","isPartOf":{"@id":"https:\/\/valenciasjb.salesianos.edu\/colegio\/#website"},"primaryImageOfPage":{"@id":"https:\/\/valenciasjb.salesianos.edu\/colegio\/el-belen-del-colegio-recibe-la-mencion-especial-en-el-concurso-de-belenes-del-arzobispado-de-valencia\/#primaryimage"},"image":{"@id":"https:\/\/valenciasjb.salesianos.edu\/colegio\/el-belen-del-colegio-recibe-la-mencion-especial-en-el-concurso-de-belenes-del-arzobispado-de-valencia\/#primaryimage"},"thumbnailUrl":"https:\/\/valenciasjb.salesianos.edu\/colegio\/wp-content\/uploads\/sites\/2\/2018\/12\/sketch-1545079937572.png","datePublished":"2018-12-17T20:50:17+00:00","dateModified":"2018-12-17T20:52:40+00:00","author":{"@id":"https:\/\/valenciasjb.salesianos.edu\/colegio\/#\/schema\/person\/1f45b67e52b27da175190a574db6bed9"},"breadcrumb":{"@id":"https:\/\/valenciasjb.salesianos.edu\/colegio\/el-belen-del-colegio-recibe-la-mencion-especial-en-el-concurso-de-belenes-del-arzobispado-de-valencia\/#breadcrumb"},"inLanguage":"es","potentialAction":[{"@type":"ReadAction","target":["https:\/\/valenciasjb.salesianos.edu\/colegio\/el-belen-del-colegio-recibe-la-mencion-especial-en-el-concurso-de-belenes-del-arzobispado-de-valencia\/"]}]},{"@type":"ImageObject","inLanguage":"es","@id":"https:\/\/valenciasjb.salesianos.edu\/colegio\/el-belen-del-colegio-recibe-la-mencion-especial-en-el-concurso-de-belenes-del-arzobispado-de-valencia\/#primaryimage","url":"https:\/\/valenciasjb.salesianos.edu\/colegio\/wp-content\/uploads\/sites\/2\/2018\/12\/sketch-1545079937572.png","contentUrl":"https:\/\/valenciasjb.salesianos.edu\/colegio\/wp-content\/uploads\/sites\/2\/2018\/12\/sketch-1545079937572.png","width":960,"height":720},{"@type":"BreadcrumbList","@id":"https:\/\/valenciasjb.salesianos.edu\/colegio\/el-belen-del-colegio-recibe-la-mencion-especial-en-el-concurso-de-belenes-del-arzobispado-de-valencia\/#breadcrumb","itemListElement":[{"@type":"ListItem","position":1,"name":"Portada","item":"https:\/\/valenciasjb.salesianos.edu\/colegio\/"},{"@type":"ListItem","position":2,"name":"El Bel\u00e9n del colegio recibe la menci\u00f3n especial en el concurso de belenes del Arzobispado de Valencia"}]},{"@type":"WebSite","@id":"https:\/\/valenciasjb.salesianos.edu\/colegio\/#website","url":"https:\/\/valenciasjb.salesianos.edu\/colegio\/","name":"Colegio San Juan Bosco Valencia","description":"P\u00e1gina oficial del Colegio Salesianos San Juan Bosco Valencia","alternateName":"Salesianos.VSJB","potentialAction":[{"@type":"SearchAction","target":{"@type":"EntryPoint","urlTemplate":"https:\/\/valenciasjb.salesianos.edu\/colegio\/?s={search_term_string}"},"query-input":{"@type":"PropertyValueSpecification","valueRequired":true,"valueName":"search_term_string"}}],"inLanguage":"es"},{"@type":"Person","@id":"https:\/\/valenciasjb.salesianos.edu\/colegio\/#\/schema\/person\/1f45b67e52b27da175190a574db6bed9","name":"veronicapastor","image":{"@type":"ImageObject","inLanguage":"es","@id":"https:\/\/secure.gravatar.com\/avatar\/e29bd40bace3fd935e1d6fdb7313ffc14628cc037c5e16f4c7369b20a2a6f7f0?s=96&d=mm&r=g","url":"https:\/\/secure.gravatar.com\/avatar\/e29bd40bace3fd935e1d6fdb7313ffc14628cc037c5e16f4c7369b20a2a6f7f0?s=96&d=mm&r=g","contentUrl":"https:\/\/secure.gravatar.com\/avatar\/e29bd40bace3fd935e1d6fdb7313ffc14628cc037c5e16f4c7369b20a2a6f7f0?s=96&d=mm&r=g","caption":"veronicapastor"}}]}},"_links":{"self":[{"href":"https:\/\/valenciasjb.salesianos.edu\/colegio\/wp-json\/wp\/v2\/posts\/10004","targetHints":{"allow":["GET"]}}],"collection":[{"href":"https:\/\/valenciasjb.salesianos.edu\/colegio\/wp-json\/wp\/v2\/posts"}],"about":[{"href":"https:\/\/valenciasjb.salesianos.edu\/colegio\/wp-json\/wp\/v2\/types\/post"}],"author":[{"embeddable":true,"href":"https:\/\/valenciasjb.salesianos.edu\/colegio\/wp-json\/wp\/v2\/users\/6"}],"replies":[{"embeddable":true,"href":"https:\/\/valenciasjb.salesianos.edu\/colegio\/wp-json\/wp\/v2\/comments?post=10004"}],"version-history":[{"count":4,"href":"https:\/\/valenciasjb.salesianos.edu\/colegio\/wp-json\/wp\/v2\/posts\/10004\/revisions"}],"predecessor-version":[{"id":10015,"href":"https:\/\/valenciasjb.salesianos.edu\/colegio\/wp-json\/wp\/v2\/posts\/10004\/revisions\/10015"}],"wp:featuredmedia":[{"embeddable":true,"href":"https:\/\/valenciasjb.salesianos.edu\/colegio\/wp-json\/wp\/v2\/media\/10011"}],"wp:attachment":[{"href":"https:\/\/valenciasjb.salesianos.edu\/colegio\/wp-json\/wp\/v2\/media?parent=10004"}],"wp:term":[{"taxonomy":"category","embeddable":true,"href":"https:\/\/valenciasjb.salesianos.edu\/colegio\/wp-json\/wp\/v2\/categories?post=10004"},{"taxonomy":"post_tag","embeddable":true,"href":"https:\/\/valenciasjb.salesianos.edu\/colegio\/wp-json\/wp\/v2\/tags?post=10004"}],"curies":[{"name":"wp","href":"https:\/\/api.w.org\/{rel}","templated":true}]}}