{"id":10016,"date":"2018-12-17T22:21:32","date_gmt":"2018-12-17T21:21:32","guid":{"rendered":"https:\/\/valenciasjb.salesianos.edu\/colegio\/?p=10016"},"modified":"2018-12-17T22:23:09","modified_gmt":"2018-12-17T21:23:09","slug":"a-tan-solo-unos-dias-del-concierto-solidario-los-medios-de-comunicacion-continuan-haciendose-eco-de-la-notica","status":"publish","type":"post","link":"https:\/\/valenciasjb.salesianos.edu\/colegio\/a-tan-solo-unos-dias-del-concierto-solidario-los-medios-de-comunicacion-continuan-haciendose-eco-de-la-notica\/","title":{"rendered":"A tan s\u00f3lo unos d\u00edas del Concierto Solidario, los medios de comunicaci\u00f3n contin\u00faan haci\u00e9ndose eco de la notica"},"content":{"rendered":"<div id=\"fb-root\"><\/div>\n<p>[et_pb_section bb_built=\u00bb1&#8243; admin_label=\u00bbsection\u00bb][et_pb_row admin_label=\u00bbrow\u00bb background_position=\u00bbtop_left\u00bb background_repeat=\u00bbrepeat\u00bb background_size=\u00bbinitial\u00bb][et_pb_column type=\u00bb4_4&#8243;][et_pb_text admin_label=\u00bbEntradilla (Texto)\u00bb _builder_version=\u00bb3.18.7&#8243; text_orientation=\u00bbjustified\u00bb text_font=\u00bb|on|||\u00bb module_alignment=\u00bbleft\u00bb]<\/p>\n<div id=\"resumen\"><strong>El diario Levante ha publicado en su columna \u00abSolidarios\u00bb del lunes 17 de diciembre la noticia sobre el estreno del Concierto Solidario edici\u00f3n navide\u00f1a, de esta casa salesiana, llamado \u00abTestigos de la Luz\u00bb.<\/strong><\/div>\n<div>\u00a0<\/div>\n<p>[\/et_pb_text][et_pb_text admin_label=\u00bbAutor (Texto)\u00bb _builder_version=\u00bb3.0.85&#8243; background_layout=\u00bblight\u00bb text_font=\u00bb||on||\u00bb]<\/p>\n<p>Redacci\u00f3n<\/p>\n<p>[\/et_pb_text][et_pb_text admin_label=\u00bbDesarrollo (Texto)\u00bb _builder_version=\u00bb3.18.7&#8243; text_orientation=\u00bbjustified\u00bb module_alignment=\u00bbleft\u00bb]<\/p>\n<p>La noticia al completo puede consultarse en la siguiente direcci\u00f3n:\u00a0<a href=\"https:\/\/www.levante-emv.com\/solidarios\/2018\/12\/17\/mes-200-persones-actuen-concert\/1809972.html\">https:\/\/www.levante-emv.com\/solidarios\/2018\/12\/17\/mes-200-persones-actuen-concert\/1809972.html\u00a0<\/a><\/p>\n<p>El Concierto se estrenar\u00e1 el pr\u00f3ximo viernes, 21 de diciembre, y durante el fin de semana (viernes, s\u00e1bado y domingo), previos a la Navidad, anunciar\u00e1 un mensaje de esperanza, ilusi\u00f3n y amor por la llegada de Jes\u00fas, que es LUZ para este mundo. Toda la comunidad educativa de Salesianos San Juan Bosco de Valencia queremos ser \u00abTestigos de la Luz\u00bb para luchar por que este mundo sea m\u00e1s justo y m\u00e1s fraterno para todos y todas. El fin solidario del Concierto ir\u00e1 destinado a las ONG: Juegaterapia, ACNUR y C\u00e1ritas Parroquia Mar\u00eda Auxiliadora.<\/p>\n<p>&nbsp;<\/p>\n<p>[\/et_pb_text][et_pb_text admin_label=\u00bbT\u00edtulo: Galer\u00eda de fotos (Texto)\u00bb _builder_version=\u00bb3.0.76&#8243; background_layout=\u00bblight\u00bb text_font=\u00bb|on|||\u00bb text_text_color=\u00bb#dc001b\u00bb border_style=\u00bbsolid\u00bb disabled=\u00bboff\u00bb disabled_on=\u00bboff|on|on\u00bb]<\/p>\n<p>Galer\u00eda de im\u00e1genes<\/p>\n<p>[\/et_pb_text][et_pb_gallery _builder_version=\u00bb3.18.7&#8243; posts_number=\u00bb8&#8243; show_title_and_caption=\u00bboff\u00bb zoom_icon_color=\u00bb#dc001b\u00bb hover_overlay_color=\u00bbrgba(255,255,255,0.9)\u00bb hover_icon=\u00bb%%51%%\u00bb disabled=\u00bboff\u00bb disabled_on=\u00bboff|off|off\u00bb gallery_ids=\u00bb10017&#8243; pagination_font_size_tablet=\u00bb51&#8243; pagination_line_height_tablet=\u00bb2&#8243; \/][et_pb_video _builder_version=\u00bb3.0.51&#8243; disabled=\u00bbon\u00bb disabled_on=\u00bbon|on|on\u00bb \/][\/et_pb_column][\/et_pb_row][\/et_pb_section]<\/p>\n<!-- AddThis Advanced Settings generic via filter on the_content --><!-- AddThis Share Buttons generic via filter on the_content -->","protected":false},"excerpt":{"rendered":"<p>El diario Levante ha publicado en su columna \u00abSolidarios\u00bb del lunes 17 de diciembre la noticia sobre el estreno del Concierto Solidario edici\u00f3n navide\u00f1a, de esta casa salesiana, llamado \u00abTestigos de la Luz\u00bb. \u00a0 Redacci\u00f3n La noticia al completo puede consultarse en la siguiente direcci\u00f3n:\u00a0https:\/\/www.levante-emv.com\/solidarios\/2018\/12\/17\/mes-200-persones-actuen-concert\/1809972.html\u00a0 El Concierto se estrenar\u00e1 el pr\u00f3ximo viernes, 21 de diciembre, [&hellip;]<\/p>\n<p><!-- AddThis Advanced Settings generic via filter on get_the_excerpt --><!-- AddThis Share Buttons generic via filter on get_the_excerpt --><\/p>\n","protected":false},"author":6,"featured_media":10017,"comment_status":"closed","ping_status":"open","sticky":false,"template":"","format":"standard","meta":{"_et_pb_use_builder":"on","_et_pb_old_content":"","_et_gb_content_width":"","footnotes":""},"categories":[14],"tags":[],"class_list":["post-10016","post","type-post","status-publish","format-standard","has-post-thumbnail","hentry","category-noticia_colegio"],"yoast_head":"<!-- This site is optimized with the Yoast SEO plugin v28.4 - https:\/\/yoast.com\/product\/yoast-seo-wordpress\/ -->\n<title>A tan s\u00f3lo unos d\u00edas del Concierto Solidario, los medios de comunicaci\u00f3n contin\u00faan haci\u00e9ndose eco de la notica - Colegio San Juan Bosco Valencia<\/title>\n<meta name=\"robots\" content=\"index, follow, max-snippet:-1, max-image-preview:large, max-video-preview:-1\" \/>\n<link rel=\"canonical\" href=\"https:\/\/valenciasjb.salesianos.edu\/colegio\/a-tan-solo-unos-dias-del-concierto-solidario-los-medios-de-comunicacion-continuan-haciendose-eco-de-la-notica\/\" \/>\n<meta property=\"og:locale\" content=\"es_ES\" \/>\n<meta property=\"og:type\" content=\"article\" \/>\n<meta property=\"og:title\" content=\"A tan s\u00f3lo unos d\u00edas del Concierto Solidario, los medios de comunicaci\u00f3n contin\u00faan haci\u00e9ndose eco de la notica - Colegio San Juan Bosco Valencia\" \/>\n<meta property=\"og:description\" content=\"El diario Levante ha publicado en su columna &quot;Solidarios&quot; del lunes 17 de diciembre la noticia sobre el estreno del Concierto Solidario edici\u00f3n navide\u00f1a, de esta casa salesiana, llamado &quot;Testigos de la Luz&quot;. \u00a0 Redacci\u00f3n La noticia al completo puede consultarse en la siguiente direcci\u00f3n:\u00a0https:\/\/www.levante-emv.com\/solidarios\/2018\/12\/17\/mes-200-persones-actuen-concert\/1809972.html\u00a0 El Concierto se estrenar\u00e1 el pr\u00f3ximo viernes, 21 de diciembre, [&hellip;]\" \/>\n<meta property=\"og:url\" content=\"https:\/\/valenciasjb.salesianos.edu\/colegio\/a-tan-solo-unos-dias-del-concierto-solidario-los-medios-de-comunicacion-continuan-haciendose-eco-de-la-notica\/\" \/>\n<meta property=\"og:site_name\" content=\"Colegio San Juan Bosco Valencia\" \/>\n<meta property=\"article:publisher\" content=\"https:\/\/www.facebook.com\/ColegioSalesianoSanJuanBoscoValencia\" \/>\n<meta property=\"article:published_time\" content=\"2018-12-17T21:21:32+00:00\" \/>\n<meta property=\"article:modified_time\" content=\"2018-12-17T21:23:09+00:00\" \/>\n<meta property=\"og:image\" content=\"https:\/\/valenciasjb.salesianos.edu\/colegio\/wp-content\/uploads\/sites\/2\/2018\/12\/sketch-1545055997996.png\" \/>\n\t<meta property=\"og:image:width\" content=\"720\" \/>\n\t<meta property=\"og:image:height\" content=\"960\" \/>\n\t<meta property=\"og:image:type\" content=\"image\/png\" \/>\n<meta name=\"author\" content=\"veronicapastor\" \/>\n<meta name=\"twitter:card\" content=\"summary_large_image\" \/>\n<meta name=\"twitter:creator\" content=\"@SalesianosVSJB\" \/>\n<meta name=\"twitter:site\" content=\"@SalesianosVSJB\" \/>\n<meta name=\"twitter:label1\" content=\"Escrito por\" \/>\n\t<meta name=\"twitter:data1\" content=\"veronicapastor\" \/>\n\t<meta name=\"twitter:label2\" content=\"Tiempo de lectura\" \/>\n\t<meta name=\"twitter:data2\" content=\"2 minutos\" \/>\n<script type=\"application\/ld+json\" class=\"yoast-schema-graph\">{\"@context\":\"https:\\\/\\\/schema.org\",\"@graph\":[{\"@type\":\"Article\",\"@id\":\"https:\\\/\\\/valenciasjb.salesianos.edu\\\/colegio\\\/a-tan-solo-unos-dias-del-concierto-solidario-los-medios-de-comunicacion-continuan-haciendose-eco-de-la-notica\\\/#article\",\"isPartOf\":{\"@id\":\"https:\\\/\\\/valenciasjb.salesianos.edu\\\/colegio\\\/a-tan-solo-unos-dias-del-concierto-solidario-los-medios-de-comunicacion-continuan-haciendose-eco-de-la-notica\\\/\"},\"author\":{\"name\":\"veronicapastor\",\"@id\":\"https:\\\/\\\/valenciasjb.salesianos.edu\\\/colegio\\\/#\\\/schema\\\/person\\\/1f45b67e52b27da175190a574db6bed9\"},\"headline\":\"A tan s\u00f3lo unos d\u00edas del Concierto Solidario, los medios de comunicaci\u00f3n contin\u00faan haci\u00e9ndose eco de la notica\",\"datePublished\":\"2018-12-17T21:21:32+00:00\",\"dateModified\":\"2018-12-17T21:23:09+00:00\",\"mainEntityOfPage\":{\"@id\":\"https:\\\/\\\/valenciasjb.salesianos.edu\\\/colegio\\\/a-tan-solo-unos-dias-del-concierto-solidario-los-medios-de-comunicacion-continuan-haciendose-eco-de-la-notica\\\/\"},\"wordCount\":368,\"image\":{\"@id\":\"https:\\\/\\\/valenciasjb.salesianos.edu\\\/colegio\\\/a-tan-solo-unos-dias-del-concierto-solidario-los-medios-de-comunicacion-continuan-haciendose-eco-de-la-notica\\\/#primaryimage\"},\"thumbnailUrl\":\"https:\\\/\\\/valenciasjb.salesianos.edu\\\/colegio\\\/wp-content\\\/uploads\\\/sites\\\/2\\\/2018\\\/12\\\/sketch-1545055997996.png\",\"articleSection\":[\"Noticia Colegio\"],\"inLanguage\":\"es\"},{\"@type\":\"WebPage\",\"@id\":\"https:\\\/\\\/valenciasjb.salesianos.edu\\\/colegio\\\/a-tan-solo-unos-dias-del-concierto-solidario-los-medios-de-comunicacion-continuan-haciendose-eco-de-la-notica\\\/\",\"url\":\"https:\\\/\\\/valenciasjb.salesianos.edu\\\/colegio\\\/a-tan-solo-unos-dias-del-concierto-solidario-los-medios-de-comunicacion-continuan-haciendose-eco-de-la-notica\\\/\",\"name\":\"A tan s\u00f3lo unos d\u00edas del Concierto Solidario, los medios de comunicaci\u00f3n contin\u00faan haci\u00e9ndose eco de la notica - Colegio San Juan Bosco Valencia\",\"isPartOf\":{\"@id\":\"https:\\\/\\\/valenciasjb.salesianos.edu\\\/colegio\\\/#website\"},\"primaryImageOfPage\":{\"@id\":\"https:\\\/\\\/valenciasjb.salesianos.edu\\\/colegio\\\/a-tan-solo-unos-dias-del-concierto-solidario-los-medios-de-comunicacion-continuan-haciendose-eco-de-la-notica\\\/#primaryimage\"},\"image\":{\"@id\":\"https:\\\/\\\/valenciasjb.salesianos.edu\\\/colegio\\\/a-tan-solo-unos-dias-del-concierto-solidario-los-medios-de-comunicacion-continuan-haciendose-eco-de-la-notica\\\/#primaryimage\"},\"thumbnailUrl\":\"https:\\\/\\\/valenciasjb.salesianos.edu\\\/colegio\\\/wp-content\\\/uploads\\\/sites\\\/2\\\/2018\\\/12\\\/sketch-1545055997996.png\",\"datePublished\":\"2018-12-17T21:21:32+00:00\",\"dateModified\":\"2018-12-17T21:23:09+00:00\",\"author\":{\"@id\":\"https:\\\/\\\/valenciasjb.salesianos.edu\\\/colegio\\\/#\\\/schema\\\/person\\\/1f45b67e52b27da175190a574db6bed9\"},\"breadcrumb\":{\"@id\":\"https:\\\/\\\/valenciasjb.salesianos.edu\\\/colegio\\\/a-tan-solo-unos-dias-del-concierto-solidario-los-medios-de-comunicacion-continuan-haciendose-eco-de-la-notica\\\/#breadcrumb\"},\"inLanguage\":\"es\",\"potentialAction\":[{\"@type\":\"ReadAction\",\"target\":[\"https:\\\/\\\/valenciasjb.salesianos.edu\\\/colegio\\\/a-tan-solo-unos-dias-del-concierto-solidario-los-medios-de-comunicacion-continuan-haciendose-eco-de-la-notica\\\/\"]}]},{\"@type\":\"ImageObject\",\"inLanguage\":\"es\",\"@id\":\"https:\\\/\\\/valenciasjb.salesianos.edu\\\/colegio\\\/a-tan-solo-unos-dias-del-concierto-solidario-los-medios-de-comunicacion-continuan-haciendose-eco-de-la-notica\\\/#primaryimage\",\"url\":\"https:\\\/\\\/valenciasjb.salesianos.edu\\\/colegio\\\/wp-content\\\/uploads\\\/sites\\\/2\\\/2018\\\/12\\\/sketch-1545055997996.png\",\"contentUrl\":\"https:\\\/\\\/valenciasjb.salesianos.edu\\\/colegio\\\/wp-content\\\/uploads\\\/sites\\\/2\\\/2018\\\/12\\\/sketch-1545055997996.png\",\"width\":720,\"height\":960},{\"@type\":\"BreadcrumbList\",\"@id\":\"https:\\\/\\\/valenciasjb.salesianos.edu\\\/colegio\\\/a-tan-solo-unos-dias-del-concierto-solidario-los-medios-de-comunicacion-continuan-haciendose-eco-de-la-notica\\\/#breadcrumb\",\"itemListElement\":[{\"@type\":\"ListItem\",\"position\":1,\"name\":\"Portada\",\"item\":\"https:\\\/\\\/valenciasjb.salesianos.edu\\\/colegio\\\/\"},{\"@type\":\"ListItem\",\"position\":2,\"name\":\"A tan s\u00f3lo unos d\u00edas del Concierto Solidario, los medios de comunicaci\u00f3n contin\u00faan haci\u00e9ndose eco de la notica\"}]},{\"@type\":\"WebSite\",\"@id\":\"https:\\\/\\\/valenciasjb.salesianos.edu\\\/colegio\\\/#website\",\"url\":\"https:\\\/\\\/valenciasjb.salesianos.edu\\\/colegio\\\/\",\"name\":\"Colegio San Juan Bosco Valencia\",\"description\":\"P\u00e1gina oficial del Colegio Salesianos San Juan Bosco Valencia\",\"alternateName\":\"Salesianos.VSJB\",\"potentialAction\":[{\"@type\":\"SearchAction\",\"target\":{\"@type\":\"EntryPoint\",\"urlTemplate\":\"https:\\\/\\\/valenciasjb.salesianos.edu\\\/colegio\\\/?s={search_term_string}\"},\"query-input\":{\"@type\":\"PropertyValueSpecification\",\"valueRequired\":true,\"valueName\":\"search_term_string\"}}],\"inLanguage\":\"es\"},{\"@type\":\"Person\",\"@id\":\"https:\\\/\\\/valenciasjb.salesianos.edu\\\/colegio\\\/#\\\/schema\\\/person\\\/1f45b67e52b27da175190a574db6bed9\",\"name\":\"veronicapastor\",\"image\":{\"@type\":\"ImageObject\",\"inLanguage\":\"es\",\"@id\":\"https:\\\/\\\/secure.gravatar.com\\\/avatar\\\/e29bd40bace3fd935e1d6fdb7313ffc14628cc037c5e16f4c7369b20a2a6f7f0?s=96&d=mm&r=g\",\"url\":\"https:\\\/\\\/secure.gravatar.com\\\/avatar\\\/e29bd40bace3fd935e1d6fdb7313ffc14628cc037c5e16f4c7369b20a2a6f7f0?s=96&d=mm&r=g\",\"contentUrl\":\"https:\\\/\\\/secure.gravatar.com\\\/avatar\\\/e29bd40bace3fd935e1d6fdb7313ffc14628cc037c5e16f4c7369b20a2a6f7f0?s=96&d=mm&r=g\",\"caption\":\"veronicapastor\"}}]}<\/script>\n<!-- \/ Yoast SEO plugin. -->","yoast_head_json":{"title":"A tan s\u00f3lo unos d\u00edas del Concierto Solidario, los medios de comunicaci\u00f3n contin\u00faan haci\u00e9ndose eco de la notica - Colegio San Juan Bosco Valencia","robots":{"index":"index","follow":"follow","max-snippet":"max-snippet:-1","max-image-preview":"max-image-preview:large","max-video-preview":"max-video-preview:-1"},"canonical":"https:\/\/valenciasjb.salesianos.edu\/colegio\/a-tan-solo-unos-dias-del-concierto-solidario-los-medios-de-comunicacion-continuan-haciendose-eco-de-la-notica\/","og_locale":"es_ES","og_type":"article","og_title":"A tan s\u00f3lo unos d\u00edas del Concierto Solidario, los medios de comunicaci\u00f3n contin\u00faan haci\u00e9ndose eco de la notica - Colegio San Juan Bosco Valencia","og_description":"El diario Levante ha publicado en su columna \"Solidarios\" del lunes 17 de diciembre la noticia sobre el estreno del Concierto Solidario edici\u00f3n navide\u00f1a, de esta casa salesiana, llamado \"Testigos de la Luz\". \u00a0 Redacci\u00f3n La noticia al completo puede consultarse en la siguiente direcci\u00f3n:\u00a0https:\/\/www.levante-emv.com\/solidarios\/2018\/12\/17\/mes-200-persones-actuen-concert\/1809972.html\u00a0 El Concierto se estrenar\u00e1 el pr\u00f3ximo viernes, 21 de diciembre, [&hellip;]","og_url":"https:\/\/valenciasjb.salesianos.edu\/colegio\/a-tan-solo-unos-dias-del-concierto-solidario-los-medios-de-comunicacion-continuan-haciendose-eco-de-la-notica\/","og_site_name":"Colegio San Juan Bosco Valencia","article_publisher":"https:\/\/www.facebook.com\/ColegioSalesianoSanJuanBoscoValencia","article_published_time":"2018-12-17T21:21:32+00:00","article_modified_time":"2018-12-17T21:23:09+00:00","og_image":[{"width":720,"height":960,"url":"https:\/\/valenciasjb.salesianos.edu\/colegio\/wp-content\/uploads\/sites\/2\/2018\/12\/sketch-1545055997996.png","type":"image\/png"}],"author":"veronicapastor","twitter_card":"summary_large_image","twitter_creator":"@SalesianosVSJB","twitter_site":"@SalesianosVSJB","twitter_misc":{"Escrito por":"veronicapastor","Tiempo de lectura":"2 minutos"},"schema":{"@context":"https:\/\/schema.org","@graph":[{"@type":"Article","@id":"https:\/\/valenciasjb.salesianos.edu\/colegio\/a-tan-solo-unos-dias-del-concierto-solidario-los-medios-de-comunicacion-continuan-haciendose-eco-de-la-notica\/#article","isPartOf":{"@id":"https:\/\/valenciasjb.salesianos.edu\/colegio\/a-tan-solo-unos-dias-del-concierto-solidario-los-medios-de-comunicacion-continuan-haciendose-eco-de-la-notica\/"},"author":{"name":"veronicapastor","@id":"https:\/\/valenciasjb.salesianos.edu\/colegio\/#\/schema\/person\/1f45b67e52b27da175190a574db6bed9"},"headline":"A tan s\u00f3lo unos d\u00edas del Concierto Solidario, los medios de comunicaci\u00f3n contin\u00faan haci\u00e9ndose eco de la notica","datePublished":"2018-12-17T21:21:32+00:00","dateModified":"2018-12-17T21:23:09+00:00","mainEntityOfPage":{"@id":"https:\/\/valenciasjb.salesianos.edu\/colegio\/a-tan-solo-unos-dias-del-concierto-solidario-los-medios-de-comunicacion-continuan-haciendose-eco-de-la-notica\/"},"wordCount":368,"image":{"@id":"https:\/\/valenciasjb.salesianos.edu\/colegio\/a-tan-solo-unos-dias-del-concierto-solidario-los-medios-de-comunicacion-continuan-haciendose-eco-de-la-notica\/#primaryimage"},"thumbnailUrl":"https:\/\/valenciasjb.salesianos.edu\/colegio\/wp-content\/uploads\/sites\/2\/2018\/12\/sketch-1545055997996.png","articleSection":["Noticia Colegio"],"inLanguage":"es"},{"@type":"WebPage","@id":"https:\/\/valenciasjb.salesianos.edu\/colegio\/a-tan-solo-unos-dias-del-concierto-solidario-los-medios-de-comunicacion-continuan-haciendose-eco-de-la-notica\/","url":"https:\/\/valenciasjb.salesianos.edu\/colegio\/a-tan-solo-unos-dias-del-concierto-solidario-los-medios-de-comunicacion-continuan-haciendose-eco-de-la-notica\/","name":"A tan s\u00f3lo unos d\u00edas del Concierto Solidario, los medios de comunicaci\u00f3n contin\u00faan haci\u00e9ndose eco de la notica - Colegio San Juan Bosco Valencia","isPartOf":{"@id":"https:\/\/valenciasjb.salesianos.edu\/colegio\/#website"},"primaryImageOfPage":{"@id":"https:\/\/valenciasjb.salesianos.edu\/colegio\/a-tan-solo-unos-dias-del-concierto-solidario-los-medios-de-comunicacion-continuan-haciendose-eco-de-la-notica\/#primaryimage"},"image":{"@id":"https:\/\/valenciasjb.salesianos.edu\/colegio\/a-tan-solo-unos-dias-del-concierto-solidario-los-medios-de-comunicacion-continuan-haciendose-eco-de-la-notica\/#primaryimage"},"thumbnailUrl":"https:\/\/valenciasjb.salesianos.edu\/colegio\/wp-content\/uploads\/sites\/2\/2018\/12\/sketch-1545055997996.png","datePublished":"2018-12-17T21:21:32+00:00","dateModified":"2018-12-17T21:23:09+00:00","author":{"@id":"https:\/\/valenciasjb.salesianos.edu\/colegio\/#\/schema\/person\/1f45b67e52b27da175190a574db6bed9"},"breadcrumb":{"@id":"https:\/\/valenciasjb.salesianos.edu\/colegio\/a-tan-solo-unos-dias-del-concierto-solidario-los-medios-de-comunicacion-continuan-haciendose-eco-de-la-notica\/#breadcrumb"},"inLanguage":"es","potentialAction":[{"@type":"ReadAction","target":["https:\/\/valenciasjb.salesianos.edu\/colegio\/a-tan-solo-unos-dias-del-concierto-solidario-los-medios-de-comunicacion-continuan-haciendose-eco-de-la-notica\/"]}]},{"@type":"ImageObject","inLanguage":"es","@id":"https:\/\/valenciasjb.salesianos.edu\/colegio\/a-tan-solo-unos-dias-del-concierto-solidario-los-medios-de-comunicacion-continuan-haciendose-eco-de-la-notica\/#primaryimage","url":"https:\/\/valenciasjb.salesianos.edu\/colegio\/wp-content\/uploads\/sites\/2\/2018\/12\/sketch-1545055997996.png","contentUrl":"https:\/\/valenciasjb.salesianos.edu\/colegio\/wp-content\/uploads\/sites\/2\/2018\/12\/sketch-1545055997996.png","width":720,"height":960},{"@type":"BreadcrumbList","@id":"https:\/\/valenciasjb.salesianos.edu\/colegio\/a-tan-solo-unos-dias-del-concierto-solidario-los-medios-de-comunicacion-continuan-haciendose-eco-de-la-notica\/#breadcrumb","itemListElement":[{"@type":"ListItem","position":1,"name":"Portada","item":"https:\/\/valenciasjb.salesianos.edu\/colegio\/"},{"@type":"ListItem","position":2,"name":"A tan s\u00f3lo unos d\u00edas del Concierto Solidario, los medios de comunicaci\u00f3n contin\u00faan haci\u00e9ndose eco de la notica"}]},{"@type":"WebSite","@id":"https:\/\/valenciasjb.salesianos.edu\/colegio\/#website","url":"https:\/\/valenciasjb.salesianos.edu\/colegio\/","name":"Colegio San Juan Bosco Valencia","description":"P\u00e1gina oficial del Colegio Salesianos San Juan Bosco Valencia","alternateName":"Salesianos.VSJB","potentialAction":[{"@type":"SearchAction","target":{"@type":"EntryPoint","urlTemplate":"https:\/\/valenciasjb.salesianos.edu\/colegio\/?s={search_term_string}"},"query-input":{"@type":"PropertyValueSpecification","valueRequired":true,"valueName":"search_term_string"}}],"inLanguage":"es"},{"@type":"Person","@id":"https:\/\/valenciasjb.salesianos.edu\/colegio\/#\/schema\/person\/1f45b67e52b27da175190a574db6bed9","name":"veronicapastor","image":{"@type":"ImageObject","inLanguage":"es","@id":"https:\/\/secure.gravatar.com\/avatar\/e29bd40bace3fd935e1d6fdb7313ffc14628cc037c5e16f4c7369b20a2a6f7f0?s=96&d=mm&r=g","url":"https:\/\/secure.gravatar.com\/avatar\/e29bd40bace3fd935e1d6fdb7313ffc14628cc037c5e16f4c7369b20a2a6f7f0?s=96&d=mm&r=g","contentUrl":"https:\/\/secure.gravatar.com\/avatar\/e29bd40bace3fd935e1d6fdb7313ffc14628cc037c5e16f4c7369b20a2a6f7f0?s=96&d=mm&r=g","caption":"veronicapastor"}}]}},"_links":{"self":[{"href":"https:\/\/valenciasjb.salesianos.edu\/colegio\/wp-json\/wp\/v2\/posts\/10016","targetHints":{"allow":["GET"]}}],"collection":[{"href":"https:\/\/valenciasjb.salesianos.edu\/colegio\/wp-json\/wp\/v2\/posts"}],"about":[{"href":"https:\/\/valenciasjb.salesianos.edu\/colegio\/wp-json\/wp\/v2\/types\/post"}],"author":[{"embeddable":true,"href":"https:\/\/valenciasjb.salesianos.edu\/colegio\/wp-json\/wp\/v2\/users\/6"}],"replies":[{"embeddable":true,"href":"https:\/\/valenciasjb.salesianos.edu\/colegio\/wp-json\/wp\/v2\/comments?post=10016"}],"version-history":[{"count":2,"href":"https:\/\/valenciasjb.salesianos.edu\/colegio\/wp-json\/wp\/v2\/posts\/10016\/revisions"}],"predecessor-version":[{"id":10019,"href":"https:\/\/valenciasjb.salesianos.edu\/colegio\/wp-json\/wp\/v2\/posts\/10016\/revisions\/10019"}],"wp:featuredmedia":[{"embeddable":true,"href":"https:\/\/valenciasjb.salesianos.edu\/colegio\/wp-json\/wp\/v2\/media\/10017"}],"wp:attachment":[{"href":"https:\/\/valenciasjb.salesianos.edu\/colegio\/wp-json\/wp\/v2\/media?parent=10016"}],"wp:term":[{"taxonomy":"category","embeddable":true,"href":"https:\/\/valenciasjb.salesianos.edu\/colegio\/wp-json\/wp\/v2\/categories?post=10016"},{"taxonomy":"post_tag","embeddable":true,"href":"https:\/\/valenciasjb.salesianos.edu\/colegio\/wp-json\/wp\/v2\/tags?post=10016"}],"curies":[{"name":"wp","href":"https:\/\/api.w.org\/{rel}","templated":true}]}}