{"id":10021,"date":"2018-12-18T21:53:11","date_gmt":"2018-12-18T20:53:11","guid":{"rendered":"https:\/\/valenciasjb.salesianos.edu\/colegio\/?p=10021"},"modified":"2018-12-18T21:53:11","modified_gmt":"2018-12-18T20:53:11","slug":"un-grupo-de-alumnos-de-5-anos-participa-en-un-fantastico-concurso-de-creatividad-vinculado-a-la-figura-del-polifacetico-artista-giotto","status":"publish","type":"post","link":"https:\/\/valenciasjb.salesianos.edu\/colegio\/un-grupo-de-alumnos-de-5-anos-participa-en-un-fantastico-concurso-de-creatividad-vinculado-a-la-figura-del-polifacetico-artista-giotto\/","title":{"rendered":"Un grupo de alumnos de 5 a\u00f1os participa en un fant\u00e1stico concurso de creatividad vinculado a la figura del polifac\u00e9tico artista Giotto"},"content":{"rendered":"<div id=\"fb-root\"><\/div>\n<p>[et_pb_section bb_built=\u00bb1&#8243; admin_label=\u00bbsection\u00bb][et_pb_row admin_label=\u00bbrow\u00bb background_position=\u00bbtop_left\u00bb background_repeat=\u00bbrepeat\u00bb background_size=\u00bbinitial\u00bb][et_pb_column type=\u00bb4_4&#8243;][et_pb_text admin_label=\u00bbEntradilla (Texto)\u00bb _builder_version=\u00bb3.18.7&#8243; text_orientation=\u00bbjustified\u00bb text_font=\u00bb|on|||\u00bb module_alignment=\u00bbleft\u00bb]<\/p>\n<div id=\"resumen\">\n<p><strong>Un grupo de 5 a\u00f1os de Educaci\u00f3n Infantil ha participado este a\u00f1o en el concurso Giotto eres t\u00fa. Han quedado entre las 30 primeras obras de arte de las 157 presentadas y les han otorgado un diploma acreditativo.<\/strong><\/p>\n<\/div>\n<div>\u00a0<\/div>\n<p>[\/et_pb_text][et_pb_text admin_label=\u00bbAutor (Texto)\u00bb _builder_version=\u00bb3.18.7&#8243; text_font=\u00bb||on||\u00bb]<\/p>\n<p class=\"Standard\"><span style=\"font-size: 9.0pt;font-family: 'Verdana','sans-serif'\">Lourdes Muli\u00f3. Profesora de Educaci\u00f3n infantil.<\/span><\/p>\n<p>[\/et_pb_text][et_pb_text admin_label=\u00bbDesarrollo (Texto)\u00bb _builder_version=\u00bb3.18.7&#8243; text_orientation=\u00bbjustified\u00bb module_alignment=\u00bbleft\u00bb]<\/p>\n<p>La clase de 5 a\u00f1os A ha trabajado, bajo la supervisi\u00f3n de su tutora Carmen Ros, los valores del reciclaje relacion\u00e1ndolos con la creatividad, bajo el lema \u201cCrecer reinventando\u201d. El objetivo era trabajar en clase los valores del reciclaje, vincul\u00e1ndolos a la creatividad.<\/p>\n<p>Giotto fue un artista pionero e innovador en todos los terrenos art\u00edsticos. Marc\u00f3 un antes y un despu\u00e9s en su \u00e9poca. Pintor y arquitecto, contribuy\u00f3 a la creaci\u00f3n del Renacimiento Italiano (Siglo XIII-XIV).<\/p>\n<p>Para participar en el Concurso, los alumnos realizaron una obra conjunta que represent\u00f3 a toda la clase, bas\u00e1ndose en la tem\u00e1tica y utilizaron diferentes t\u00e9cnicas art\u00edsticas dando rienda suelta a su creatividad.<\/p>\n<p>Entre todos crearon un espectacular\u00a0 y original paisaje digno de admiraci\u00f3n.<\/p>\n<p>\u00a1Enhorabuena!<\/p>\n<p>[\/et_pb_text][et_pb_text admin_label=\u00bbT\u00edtulo: Galer\u00eda de fotos (Texto)\u00bb _builder_version=\u00bb3.0.76&#8243; background_layout=\u00bblight\u00bb text_font=\u00bb|on|||\u00bb text_text_color=\u00bb#dc001b\u00bb border_style=\u00bbsolid\u00bb disabled=\u00bboff\u00bb disabled_on=\u00bboff|on|on\u00bb]<\/p>\n<p>Galer\u00eda de im\u00e1genes<\/p>\n<p>[\/et_pb_text][et_pb_gallery _builder_version=\u00bb3.18.7&#8243; posts_number=\u00bb8&#8243; show_title_and_caption=\u00bboff\u00bb zoom_icon_color=\u00bb#dc001b\u00bb hover_overlay_color=\u00bbrgba(255,255,255,0.9)\u00bb hover_icon=\u00bb%%51%%\u00bb disabled=\u00bboff\u00bb disabled_on=\u00bboff|off|off\u00bb gallery_ids=\u00bb10028,10025,10024,10023,10022,10029,10027,10026&#8243; pagination_font_size_tablet=\u00bb51&#8243; pagination_line_height_tablet=\u00bb2&#8243; \/][et_pb_video _builder_version=\u00bb3.0.51&#8243; disabled=\u00bbon\u00bb disabled_on=\u00bbon|on|on\u00bb \/][\/et_pb_column][\/et_pb_row][\/et_pb_section]<\/p>\n<!-- AddThis Advanced Settings generic via filter on the_content --><!-- AddThis Share Buttons generic via filter on the_content -->","protected":false},"excerpt":{"rendered":"<p>Un grupo de 5 a\u00f1os de Educaci\u00f3n Infantil ha participado este a\u00f1o en el concurso Giotto eres t\u00fa. Han quedado entre las 30 primeras obras de arte de las 157 presentadas y les han otorgado un diploma acreditativo.\u00a0 Lourdes Muli\u00f3. Profesora de Educaci\u00f3n infantil. La clase de 5 a\u00f1os A ha trabajado, bajo la supervisi\u00f3n [&hellip;]<\/p>\n<p><!-- AddThis Advanced Settings generic via filter on get_the_excerpt --><!-- AddThis Share Buttons generic via filter on get_the_excerpt --><\/p>\n","protected":false},"author":6,"featured_media":10025,"comment_status":"closed","ping_status":"open","sticky":false,"template":"","format":"standard","meta":{"_et_pb_use_builder":"on","_et_pb_old_content":"","_et_gb_content_width":"","footnotes":""},"categories":[14],"tags":[],"class_list":["post-10021","post","type-post","status-publish","format-standard","has-post-thumbnail","hentry","category-noticia_colegio"],"yoast_head":"<!-- This site is optimized with the Yoast SEO plugin v28.4 - https:\/\/yoast.com\/product\/yoast-seo-wordpress\/ -->\n<title>Un grupo de alumnos de 5 a\u00f1os participa en un fant\u00e1stico concurso de creatividad vinculado a la figura del polifac\u00e9tico artista Giotto - Colegio San Juan Bosco Valencia<\/title>\n<meta name=\"robots\" content=\"index, follow, max-snippet:-1, max-image-preview:large, max-video-preview:-1\" \/>\n<link rel=\"canonical\" href=\"https:\/\/valenciasjb.salesianos.edu\/colegio\/un-grupo-de-alumnos-de-5-anos-participa-en-un-fantastico-concurso-de-creatividad-vinculado-a-la-figura-del-polifacetico-artista-giotto\/\" \/>\n<meta property=\"og:locale\" content=\"es_ES\" \/>\n<meta property=\"og:type\" content=\"article\" \/>\n<meta property=\"og:title\" content=\"Un grupo de alumnos de 5 a\u00f1os participa en un fant\u00e1stico concurso de creatividad vinculado a la figura del polifac\u00e9tico artista Giotto - Colegio San Juan Bosco Valencia\" \/>\n<meta property=\"og:description\" content=\"Un grupo de 5 a\u00f1os de Educaci\u00f3n Infantil ha participado este a\u00f1o en el concurso Giotto eres t\u00fa. Han quedado entre las 30 primeras obras de arte de las 157 presentadas y les han otorgado un diploma acreditativo.\u00a0 Lourdes Muli\u00f3. Profesora de Educaci\u00f3n infantil. La clase de 5 a\u00f1os A ha trabajado, bajo la supervisi\u00f3n [&hellip;]\" \/>\n<meta property=\"og:url\" content=\"https:\/\/valenciasjb.salesianos.edu\/colegio\/un-grupo-de-alumnos-de-5-anos-participa-en-un-fantastico-concurso-de-creatividad-vinculado-a-la-figura-del-polifacetico-artista-giotto\/\" \/>\n<meta property=\"og:site_name\" content=\"Colegio San Juan Bosco Valencia\" \/>\n<meta property=\"article:publisher\" content=\"https:\/\/www.facebook.com\/ColegioSalesianoSanJuanBoscoValencia\" \/>\n<meta property=\"article:published_time\" content=\"2018-12-18T20:53:11+00:00\" \/>\n<meta property=\"og:image\" content=\"https:\/\/valenciasjb.salesianos.edu\/colegio\/wp-content\/uploads\/sites\/2\/2018\/12\/Copia-de-IMG_6057-1024x768.jpg\" \/>\n\t<meta property=\"og:image:width\" content=\"1024\" \/>\n\t<meta property=\"og:image:height\" content=\"768\" \/>\n\t<meta property=\"og:image:type\" content=\"image\/jpeg\" \/>\n<meta name=\"author\" content=\"veronicapastor\" \/>\n<meta name=\"twitter:card\" content=\"summary_large_image\" \/>\n<meta name=\"twitter:creator\" content=\"@SalesianosVSJB\" \/>\n<meta name=\"twitter:site\" content=\"@SalesianosVSJB\" \/>\n<meta name=\"twitter:label1\" content=\"Escrito por\" \/>\n\t<meta name=\"twitter:data1\" content=\"veronicapastor\" \/>\n\t<meta name=\"twitter:label2\" content=\"Tiempo de lectura\" \/>\n\t<meta name=\"twitter:data2\" content=\"2 minutos\" \/>\n<script type=\"application\/ld+json\" class=\"yoast-schema-graph\">{\"@context\":\"https:\\\/\\\/schema.org\",\"@graph\":[{\"@type\":\"Article\",\"@id\":\"https:\\\/\\\/valenciasjb.salesianos.edu\\\/colegio\\\/un-grupo-de-alumnos-de-5-anos-participa-en-un-fantastico-concurso-de-creatividad-vinculado-a-la-figura-del-polifacetico-artista-giotto\\\/#article\",\"isPartOf\":{\"@id\":\"https:\\\/\\\/valenciasjb.salesianos.edu\\\/colegio\\\/un-grupo-de-alumnos-de-5-anos-participa-en-un-fantastico-concurso-de-creatividad-vinculado-a-la-figura-del-polifacetico-artista-giotto\\\/\"},\"author\":{\"name\":\"veronicapastor\",\"@id\":\"https:\\\/\\\/valenciasjb.salesianos.edu\\\/colegio\\\/#\\\/schema\\\/person\\\/1f45b67e52b27da175190a574db6bed9\"},\"headline\":\"Un grupo de alumnos de 5 a\u00f1os participa en un fant\u00e1stico concurso de creatividad vinculado a la figura del polifac\u00e9tico artista Giotto\",\"datePublished\":\"2018-12-18T20:53:11+00:00\",\"mainEntityOfPage\":{\"@id\":\"https:\\\/\\\/valenciasjb.salesianos.edu\\\/colegio\\\/un-grupo-de-alumnos-de-5-anos-participa-en-un-fantastico-concurso-de-creatividad-vinculado-a-la-figura-del-polifacetico-artista-giotto\\\/\"},\"wordCount\":386,\"image\":{\"@id\":\"https:\\\/\\\/valenciasjb.salesianos.edu\\\/colegio\\\/un-grupo-de-alumnos-de-5-anos-participa-en-un-fantastico-concurso-de-creatividad-vinculado-a-la-figura-del-polifacetico-artista-giotto\\\/#primaryimage\"},\"thumbnailUrl\":\"https:\\\/\\\/valenciasjb.salesianos.edu\\\/colegio\\\/wp-content\\\/uploads\\\/sites\\\/2\\\/2018\\\/12\\\/Copia-de-IMG_6057.jpg\",\"articleSection\":[\"Noticia Colegio\"],\"inLanguage\":\"es\"},{\"@type\":\"WebPage\",\"@id\":\"https:\\\/\\\/valenciasjb.salesianos.edu\\\/colegio\\\/un-grupo-de-alumnos-de-5-anos-participa-en-un-fantastico-concurso-de-creatividad-vinculado-a-la-figura-del-polifacetico-artista-giotto\\\/\",\"url\":\"https:\\\/\\\/valenciasjb.salesianos.edu\\\/colegio\\\/un-grupo-de-alumnos-de-5-anos-participa-en-un-fantastico-concurso-de-creatividad-vinculado-a-la-figura-del-polifacetico-artista-giotto\\\/\",\"name\":\"Un grupo de alumnos de 5 a\u00f1os participa en un fant\u00e1stico concurso de creatividad vinculado a la figura del polifac\u00e9tico artista Giotto - Colegio San Juan Bosco Valencia\",\"isPartOf\":{\"@id\":\"https:\\\/\\\/valenciasjb.salesianos.edu\\\/colegio\\\/#website\"},\"primaryImageOfPage\":{\"@id\":\"https:\\\/\\\/valenciasjb.salesianos.edu\\\/colegio\\\/un-grupo-de-alumnos-de-5-anos-participa-en-un-fantastico-concurso-de-creatividad-vinculado-a-la-figura-del-polifacetico-artista-giotto\\\/#primaryimage\"},\"image\":{\"@id\":\"https:\\\/\\\/valenciasjb.salesianos.edu\\\/colegio\\\/un-grupo-de-alumnos-de-5-anos-participa-en-un-fantastico-concurso-de-creatividad-vinculado-a-la-figura-del-polifacetico-artista-giotto\\\/#primaryimage\"},\"thumbnailUrl\":\"https:\\\/\\\/valenciasjb.salesianos.edu\\\/colegio\\\/wp-content\\\/uploads\\\/sites\\\/2\\\/2018\\\/12\\\/Copia-de-IMG_6057.jpg\",\"datePublished\":\"2018-12-18T20:53:11+00:00\",\"author\":{\"@id\":\"https:\\\/\\\/valenciasjb.salesianos.edu\\\/colegio\\\/#\\\/schema\\\/person\\\/1f45b67e52b27da175190a574db6bed9\"},\"breadcrumb\":{\"@id\":\"https:\\\/\\\/valenciasjb.salesianos.edu\\\/colegio\\\/un-grupo-de-alumnos-de-5-anos-participa-en-un-fantastico-concurso-de-creatividad-vinculado-a-la-figura-del-polifacetico-artista-giotto\\\/#breadcrumb\"},\"inLanguage\":\"es\",\"potentialAction\":[{\"@type\":\"ReadAction\",\"target\":[\"https:\\\/\\\/valenciasjb.salesianos.edu\\\/colegio\\\/un-grupo-de-alumnos-de-5-anos-participa-en-un-fantastico-concurso-de-creatividad-vinculado-a-la-figura-del-polifacetico-artista-giotto\\\/\"]}]},{\"@type\":\"ImageObject\",\"inLanguage\":\"es\",\"@id\":\"https:\\\/\\\/valenciasjb.salesianos.edu\\\/colegio\\\/un-grupo-de-alumnos-de-5-anos-participa-en-un-fantastico-concurso-de-creatividad-vinculado-a-la-figura-del-polifacetico-artista-giotto\\\/#primaryimage\",\"url\":\"https:\\\/\\\/valenciasjb.salesianos.edu\\\/colegio\\\/wp-content\\\/uploads\\\/sites\\\/2\\\/2018\\\/12\\\/Copia-de-IMG_6057.jpg\",\"contentUrl\":\"https:\\\/\\\/valenciasjb.salesianos.edu\\\/colegio\\\/wp-content\\\/uploads\\\/sites\\\/2\\\/2018\\\/12\\\/Copia-de-IMG_6057.jpg\",\"width\":4032,\"height\":3024},{\"@type\":\"BreadcrumbList\",\"@id\":\"https:\\\/\\\/valenciasjb.salesianos.edu\\\/colegio\\\/un-grupo-de-alumnos-de-5-anos-participa-en-un-fantastico-concurso-de-creatividad-vinculado-a-la-figura-del-polifacetico-artista-giotto\\\/#breadcrumb\",\"itemListElement\":[{\"@type\":\"ListItem\",\"position\":1,\"name\":\"Portada\",\"item\":\"https:\\\/\\\/valenciasjb.salesianos.edu\\\/colegio\\\/\"},{\"@type\":\"ListItem\",\"position\":2,\"name\":\"Un grupo de alumnos de 5 a\u00f1os participa en un fant\u00e1stico concurso de creatividad vinculado a la figura del polifac\u00e9tico artista Giotto\"}]},{\"@type\":\"WebSite\",\"@id\":\"https:\\\/\\\/valenciasjb.salesianos.edu\\\/colegio\\\/#website\",\"url\":\"https:\\\/\\\/valenciasjb.salesianos.edu\\\/colegio\\\/\",\"name\":\"Colegio San Juan Bosco Valencia\",\"description\":\"P\u00e1gina oficial del Colegio Salesianos San Juan Bosco Valencia\",\"alternateName\":\"Salesianos.VSJB\",\"potentialAction\":[{\"@type\":\"SearchAction\",\"target\":{\"@type\":\"EntryPoint\",\"urlTemplate\":\"https:\\\/\\\/valenciasjb.salesianos.edu\\\/colegio\\\/?s={search_term_string}\"},\"query-input\":{\"@type\":\"PropertyValueSpecification\",\"valueRequired\":true,\"valueName\":\"search_term_string\"}}],\"inLanguage\":\"es\"},{\"@type\":\"Person\",\"@id\":\"https:\\\/\\\/valenciasjb.salesianos.edu\\\/colegio\\\/#\\\/schema\\\/person\\\/1f45b67e52b27da175190a574db6bed9\",\"name\":\"veronicapastor\",\"image\":{\"@type\":\"ImageObject\",\"inLanguage\":\"es\",\"@id\":\"https:\\\/\\\/secure.gravatar.com\\\/avatar\\\/e29bd40bace3fd935e1d6fdb7313ffc14628cc037c5e16f4c7369b20a2a6f7f0?s=96&d=mm&r=g\",\"url\":\"https:\\\/\\\/secure.gravatar.com\\\/avatar\\\/e29bd40bace3fd935e1d6fdb7313ffc14628cc037c5e16f4c7369b20a2a6f7f0?s=96&d=mm&r=g\",\"contentUrl\":\"https:\\\/\\\/secure.gravatar.com\\\/avatar\\\/e29bd40bace3fd935e1d6fdb7313ffc14628cc037c5e16f4c7369b20a2a6f7f0?s=96&d=mm&r=g\",\"caption\":\"veronicapastor\"}}]}<\/script>\n<!-- \/ Yoast SEO plugin. -->","yoast_head_json":{"title":"Un grupo de alumnos de 5 a\u00f1os participa en un fant\u00e1stico concurso de creatividad vinculado a la figura del polifac\u00e9tico artista Giotto - Colegio San Juan Bosco Valencia","robots":{"index":"index","follow":"follow","max-snippet":"max-snippet:-1","max-image-preview":"max-image-preview:large","max-video-preview":"max-video-preview:-1"},"canonical":"https:\/\/valenciasjb.salesianos.edu\/colegio\/un-grupo-de-alumnos-de-5-anos-participa-en-un-fantastico-concurso-de-creatividad-vinculado-a-la-figura-del-polifacetico-artista-giotto\/","og_locale":"es_ES","og_type":"article","og_title":"Un grupo de alumnos de 5 a\u00f1os participa en un fant\u00e1stico concurso de creatividad vinculado a la figura del polifac\u00e9tico artista Giotto - Colegio San Juan Bosco Valencia","og_description":"Un grupo de 5 a\u00f1os de Educaci\u00f3n Infantil ha participado este a\u00f1o en el concurso Giotto eres t\u00fa. Han quedado entre las 30 primeras obras de arte de las 157 presentadas y les han otorgado un diploma acreditativo.\u00a0 Lourdes Muli\u00f3. Profesora de Educaci\u00f3n infantil. La clase de 5 a\u00f1os A ha trabajado, bajo la supervisi\u00f3n [&hellip;]","og_url":"https:\/\/valenciasjb.salesianos.edu\/colegio\/un-grupo-de-alumnos-de-5-anos-participa-en-un-fantastico-concurso-de-creatividad-vinculado-a-la-figura-del-polifacetico-artista-giotto\/","og_site_name":"Colegio San Juan Bosco Valencia","article_publisher":"https:\/\/www.facebook.com\/ColegioSalesianoSanJuanBoscoValencia","article_published_time":"2018-12-18T20:53:11+00:00","og_image":[{"width":1024,"height":768,"url":"https:\/\/valenciasjb.salesianos.edu\/colegio\/wp-content\/uploads\/sites\/2\/2018\/12\/Copia-de-IMG_6057-1024x768.jpg","type":"image\/jpeg"}],"author":"veronicapastor","twitter_card":"summary_large_image","twitter_creator":"@SalesianosVSJB","twitter_site":"@SalesianosVSJB","twitter_misc":{"Escrito por":"veronicapastor","Tiempo de lectura":"2 minutos"},"schema":{"@context":"https:\/\/schema.org","@graph":[{"@type":"Article","@id":"https:\/\/valenciasjb.salesianos.edu\/colegio\/un-grupo-de-alumnos-de-5-anos-participa-en-un-fantastico-concurso-de-creatividad-vinculado-a-la-figura-del-polifacetico-artista-giotto\/#article","isPartOf":{"@id":"https:\/\/valenciasjb.salesianos.edu\/colegio\/un-grupo-de-alumnos-de-5-anos-participa-en-un-fantastico-concurso-de-creatividad-vinculado-a-la-figura-del-polifacetico-artista-giotto\/"},"author":{"name":"veronicapastor","@id":"https:\/\/valenciasjb.salesianos.edu\/colegio\/#\/schema\/person\/1f45b67e52b27da175190a574db6bed9"},"headline":"Un grupo de alumnos de 5 a\u00f1os participa en un fant\u00e1stico concurso de creatividad vinculado a la figura del polifac\u00e9tico artista Giotto","datePublished":"2018-12-18T20:53:11+00:00","mainEntityOfPage":{"@id":"https:\/\/valenciasjb.salesianos.edu\/colegio\/un-grupo-de-alumnos-de-5-anos-participa-en-un-fantastico-concurso-de-creatividad-vinculado-a-la-figura-del-polifacetico-artista-giotto\/"},"wordCount":386,"image":{"@id":"https:\/\/valenciasjb.salesianos.edu\/colegio\/un-grupo-de-alumnos-de-5-anos-participa-en-un-fantastico-concurso-de-creatividad-vinculado-a-la-figura-del-polifacetico-artista-giotto\/#primaryimage"},"thumbnailUrl":"https:\/\/valenciasjb.salesianos.edu\/colegio\/wp-content\/uploads\/sites\/2\/2018\/12\/Copia-de-IMG_6057.jpg","articleSection":["Noticia Colegio"],"inLanguage":"es"},{"@type":"WebPage","@id":"https:\/\/valenciasjb.salesianos.edu\/colegio\/un-grupo-de-alumnos-de-5-anos-participa-en-un-fantastico-concurso-de-creatividad-vinculado-a-la-figura-del-polifacetico-artista-giotto\/","url":"https:\/\/valenciasjb.salesianos.edu\/colegio\/un-grupo-de-alumnos-de-5-anos-participa-en-un-fantastico-concurso-de-creatividad-vinculado-a-la-figura-del-polifacetico-artista-giotto\/","name":"Un grupo de alumnos de 5 a\u00f1os participa en un fant\u00e1stico concurso de creatividad vinculado a la figura del polifac\u00e9tico artista Giotto - Colegio San Juan Bosco Valencia","isPartOf":{"@id":"https:\/\/valenciasjb.salesianos.edu\/colegio\/#website"},"primaryImageOfPage":{"@id":"https:\/\/valenciasjb.salesianos.edu\/colegio\/un-grupo-de-alumnos-de-5-anos-participa-en-un-fantastico-concurso-de-creatividad-vinculado-a-la-figura-del-polifacetico-artista-giotto\/#primaryimage"},"image":{"@id":"https:\/\/valenciasjb.salesianos.edu\/colegio\/un-grupo-de-alumnos-de-5-anos-participa-en-un-fantastico-concurso-de-creatividad-vinculado-a-la-figura-del-polifacetico-artista-giotto\/#primaryimage"},"thumbnailUrl":"https:\/\/valenciasjb.salesianos.edu\/colegio\/wp-content\/uploads\/sites\/2\/2018\/12\/Copia-de-IMG_6057.jpg","datePublished":"2018-12-18T20:53:11+00:00","author":{"@id":"https:\/\/valenciasjb.salesianos.edu\/colegio\/#\/schema\/person\/1f45b67e52b27da175190a574db6bed9"},"breadcrumb":{"@id":"https:\/\/valenciasjb.salesianos.edu\/colegio\/un-grupo-de-alumnos-de-5-anos-participa-en-un-fantastico-concurso-de-creatividad-vinculado-a-la-figura-del-polifacetico-artista-giotto\/#breadcrumb"},"inLanguage":"es","potentialAction":[{"@type":"ReadAction","target":["https:\/\/valenciasjb.salesianos.edu\/colegio\/un-grupo-de-alumnos-de-5-anos-participa-en-un-fantastico-concurso-de-creatividad-vinculado-a-la-figura-del-polifacetico-artista-giotto\/"]}]},{"@type":"ImageObject","inLanguage":"es","@id":"https:\/\/valenciasjb.salesianos.edu\/colegio\/un-grupo-de-alumnos-de-5-anos-participa-en-un-fantastico-concurso-de-creatividad-vinculado-a-la-figura-del-polifacetico-artista-giotto\/#primaryimage","url":"https:\/\/valenciasjb.salesianos.edu\/colegio\/wp-content\/uploads\/sites\/2\/2018\/12\/Copia-de-IMG_6057.jpg","contentUrl":"https:\/\/valenciasjb.salesianos.edu\/colegio\/wp-content\/uploads\/sites\/2\/2018\/12\/Copia-de-IMG_6057.jpg","width":4032,"height":3024},{"@type":"BreadcrumbList","@id":"https:\/\/valenciasjb.salesianos.edu\/colegio\/un-grupo-de-alumnos-de-5-anos-participa-en-un-fantastico-concurso-de-creatividad-vinculado-a-la-figura-del-polifacetico-artista-giotto\/#breadcrumb","itemListElement":[{"@type":"ListItem","position":1,"name":"Portada","item":"https:\/\/valenciasjb.salesianos.edu\/colegio\/"},{"@type":"ListItem","position":2,"name":"Un grupo de alumnos de 5 a\u00f1os participa en un fant\u00e1stico concurso de creatividad vinculado a la figura del polifac\u00e9tico artista Giotto"}]},{"@type":"WebSite","@id":"https:\/\/valenciasjb.salesianos.edu\/colegio\/#website","url":"https:\/\/valenciasjb.salesianos.edu\/colegio\/","name":"Colegio San Juan Bosco Valencia","description":"P\u00e1gina oficial del Colegio Salesianos San Juan Bosco Valencia","alternateName":"Salesianos.VSJB","potentialAction":[{"@type":"SearchAction","target":{"@type":"EntryPoint","urlTemplate":"https:\/\/valenciasjb.salesianos.edu\/colegio\/?s={search_term_string}"},"query-input":{"@type":"PropertyValueSpecification","valueRequired":true,"valueName":"search_term_string"}}],"inLanguage":"es"},{"@type":"Person","@id":"https:\/\/valenciasjb.salesianos.edu\/colegio\/#\/schema\/person\/1f45b67e52b27da175190a574db6bed9","name":"veronicapastor","image":{"@type":"ImageObject","inLanguage":"es","@id":"https:\/\/secure.gravatar.com\/avatar\/e29bd40bace3fd935e1d6fdb7313ffc14628cc037c5e16f4c7369b20a2a6f7f0?s=96&d=mm&r=g","url":"https:\/\/secure.gravatar.com\/avatar\/e29bd40bace3fd935e1d6fdb7313ffc14628cc037c5e16f4c7369b20a2a6f7f0?s=96&d=mm&r=g","contentUrl":"https:\/\/secure.gravatar.com\/avatar\/e29bd40bace3fd935e1d6fdb7313ffc14628cc037c5e16f4c7369b20a2a6f7f0?s=96&d=mm&r=g","caption":"veronicapastor"}}]}},"_links":{"self":[{"href":"https:\/\/valenciasjb.salesianos.edu\/colegio\/wp-json\/wp\/v2\/posts\/10021","targetHints":{"allow":["GET"]}}],"collection":[{"href":"https:\/\/valenciasjb.salesianos.edu\/colegio\/wp-json\/wp\/v2\/posts"}],"about":[{"href":"https:\/\/valenciasjb.salesianos.edu\/colegio\/wp-json\/wp\/v2\/types\/post"}],"author":[{"embeddable":true,"href":"https:\/\/valenciasjb.salesianos.edu\/colegio\/wp-json\/wp\/v2\/users\/6"}],"replies":[{"embeddable":true,"href":"https:\/\/valenciasjb.salesianos.edu\/colegio\/wp-json\/wp\/v2\/comments?post=10021"}],"version-history":[{"count":1,"href":"https:\/\/valenciasjb.salesianos.edu\/colegio\/wp-json\/wp\/v2\/posts\/10021\/revisions"}],"predecessor-version":[{"id":10030,"href":"https:\/\/valenciasjb.salesianos.edu\/colegio\/wp-json\/wp\/v2\/posts\/10021\/revisions\/10030"}],"wp:featuredmedia":[{"embeddable":true,"href":"https:\/\/valenciasjb.salesianos.edu\/colegio\/wp-json\/wp\/v2\/media\/10025"}],"wp:attachment":[{"href":"https:\/\/valenciasjb.salesianos.edu\/colegio\/wp-json\/wp\/v2\/media?parent=10021"}],"wp:term":[{"taxonomy":"category","embeddable":true,"href":"https:\/\/valenciasjb.salesianos.edu\/colegio\/wp-json\/wp\/v2\/categories?post=10021"},{"taxonomy":"post_tag","embeddable":true,"href":"https:\/\/valenciasjb.salesianos.edu\/colegio\/wp-json\/wp\/v2\/tags?post=10021"}],"curies":[{"name":"wp","href":"https:\/\/api.w.org\/{rel}","templated":true}]}}