{"id":10031,"date":"2018-12-22T10:39:14","date_gmt":"2018-12-22T09:39:14","guid":{"rendered":"https:\/\/valenciasjb.salesianos.edu\/colegio\/?p=10031"},"modified":"2018-12-24T11:08:19","modified_gmt":"2018-12-24T10:08:19","slug":"el-concierto-solidario-testigos-de-la-luz-estrena-con-el-teatro-lleno-de-aplausos-al-talento-y-el-trabajo-bien-hecho","status":"publish","type":"post","link":"https:\/\/valenciasjb.salesianos.edu\/colegio\/el-concierto-solidario-testigos-de-la-luz-estrena-con-el-teatro-lleno-de-aplausos-al-talento-y-el-trabajo-bien-hecho\/","title":{"rendered":"El Concierto Solidario \u201cTestigos de la Luz\u201d estrena con el teatro lleno de aplausos al talento y el trabajo bien hecho"},"content":{"rendered":"<div id=\"fb-root\"><\/div>\n<p>[et_pb_section bb_built=\u00bb1&#8243; admin_label=\u00bbsection\u00bb][et_pb_row admin_label=\u00bbrow\u00bb background_position=\u00bbtop_left\u00bb background_repeat=\u00bbrepeat\u00bb background_size=\u00bbinitial\u00bb][et_pb_column type=\u00bb4_4&#8243;][et_pb_text admin_label=\u00bbEntradilla (Texto)\u00bb _builder_version=\u00bb3.18.7&#8243; text_orientation=\u00bbjustified\u00bb text_font=\u00bb|on|||\u00bb module_alignment=\u00bbleft\u00bb]<\/p>\n<div id=\"resumen\">\n<p><span style=\"font-weight: 400\">La edici\u00f3n navide\u00f1a del Concierto Solidario de este curso tiene por t\u00edtulo \u201cTestigos de la Luz\u201d. Guiados por la Estrella e iluminados por la luz del nacimiento de Jes\u00fas, la comunidad educativa del Colegio Salesiano San Juan Bosco de Valencia quiere contribuir a erradicar las injusticias del mundo y reforzar las buenas acciones que se llevan adelante, para transmitir un mensaje de esperanza, amor y paz. Este es un proyecto con una larga trayectoria, que cuenta con premios y menciones, as\u00ed como el apoyo de importantes fundaciones y ONGs.<\/span><\/p>\n<\/div>\n<div>\u00a0<\/div>\n<p>[\/et_pb_text][et_pb_text admin_label=\u00bbAutor (Texto)\u00bb _builder_version=\u00bb3.0.85&#8243; background_layout=\u00bblight\u00bb text_font=\u00bb||on||\u00bb]<\/p>\n<p>Redacci\u00f3n<\/p>\n<p>[\/et_pb_text][et_pb_text admin_label=\u00bbDesarrollo (Texto)\u00bb _builder_version=\u00bb3.18.7&#8243; text_orientation=\u00bbjustified\u00bb module_alignment=\u00bbleft\u00bb]<\/p>\n<p><span style=\"font-weight: 400\">En esta edici\u00f3n navide\u00f1a del Concierto Solidario participan m\u00e1s de 240 personas de forma directa e indirecta: entre padres, madres, profesorado, alumnos, ex alumnos, Personal de Administraci\u00f3n y Servicios y miembros de toda la comunidad educativa. Se podr\u00e1 disfrutar de un formato algo distinto al de las anteriores ediciones.<\/span><\/p>\n<p><span style=\"font-weight: 400\">Los espectadores que asistieron en la tarde del viernes 21 de diciembre al estreno en el \u00a0teatro del colegio pudieron disfrutar de dos horas de espect\u00e1culo con magn\u00edficas versiones y arreglos de villancicos navide\u00f1os interpretados en directo por 8 m\u00fasicos, 90 cantantes y m\u00e1s de 100 bailarines. Adem\u00e1s, un grupo de casi 20 actrices actuaron sobre el escenario para contar cuatro historias navide\u00f1as independientes con un potente mensaje y en donde la \u201cestrella\u201d jug\u00f3 un papel importante. Adem\u00e1s de en el teatro, el d\u00eda del estreno pudo disfrutarse el Concierto en streaming a trav\u00e9s del canal de YouTube Radio Bosco TV: <\/span><a href=\"https:\/\/youtu.be\/19JTGhbejgg\"><span style=\"font-weight: 400\">https:\/\/www.youtube.com\/watch?v=dtRtnxIbZV8<\/span><\/a><\/p>\n<p><span style=\"font-weight: 400\">Las pr\u00f3ximas representaciones ser\u00e1n el s\u00e1bado 22 a las 20:00 y el domingo 23 a las 18:00. Todo el dinero que se recaude en la venta de entradas y con las donaciones que se realicen en el momento de su compra, ir\u00e1n destinadas a tres ONG: ACNUR, Juegaterapia y C\u00e1ritas Parroquia Mar\u00eda Auxiliadora. Adem\u00e1s, tanto al empezar como al acabar el espect\u00e1culo, y durante el tiempo de descanso, habr\u00e1 un estand de cada una de las ONG en el que poder informarse, hablar con sus voluntarios y adquirir productos de la Organizaci\u00f3n.<\/span><\/p>\n<p>[\/et_pb_text][et_pb_text admin_label=\u00bbT\u00edtulo: Galer\u00eda de fotos (Texto)\u00bb _builder_version=\u00bb3.0.76&#8243; background_layout=\u00bblight\u00bb text_font=\u00bb|on|||\u00bb text_text_color=\u00bb#dc001b\u00bb border_style=\u00bbsolid\u00bb disabled=\u00bboff\u00bb disabled_on=\u00bboff|on|on\u00bb]<\/p>\n<p>Galer\u00eda de im\u00e1genes<\/p>\n<p>[\/et_pb_text][et_pb_gallery _builder_version=\u00bb3.18.7&#8243; posts_number=\u00bb8&#8243; show_title_and_caption=\u00bboff\u00bb zoom_icon_color=\u00bb#dc001b\u00bb hover_overlay_color=\u00bbrgba(255,255,255,0.9)\u00bb hover_icon=\u00bb%%51%%\u00bb disabled=\u00bboff\u00bb disabled_on=\u00bboff|off|off\u00bb gallery_ids=\u00bb10040,10039,10038,10037,10036,10035,10034,10033,10032&#8243; pagination_font_size_tablet=\u00bb51&#8243; pagination_line_height_tablet=\u00bb2&#8243; \/][et_pb_video _builder_version=\u00bb3.0.51&#8243; disabled=\u00bbon\u00bb disabled_on=\u00bbon|on|on\u00bb \/][\/et_pb_column][\/et_pb_row][\/et_pb_section]<\/p>\n<!-- AddThis Advanced Settings generic via filter on the_content --><!-- AddThis Share Buttons generic via filter on the_content -->","protected":false},"excerpt":{"rendered":"<p>La edici\u00f3n navide\u00f1a del Concierto Solidario de este curso tiene por t\u00edtulo \u201cTestigos de la Luz\u201d. Guiados por la Estrella e iluminados por la luz del nacimiento de Jes\u00fas, la comunidad educativa del Colegio Salesiano San Juan Bosco de Valencia quiere contribuir a erradicar las injusticias del mundo y reforzar las buenas acciones que se [&hellip;]<\/p>\n<p><!-- AddThis Advanced Settings generic via filter on get_the_excerpt --><!-- AddThis Share Buttons generic via filter on get_the_excerpt --><\/p>\n","protected":false},"author":6,"featured_media":10038,"comment_status":"closed","ping_status":"open","sticky":false,"template":"","format":"standard","meta":{"_et_pb_use_builder":"on","_et_pb_old_content":"","_et_gb_content_width":"","footnotes":""},"categories":[14],"tags":[],"class_list":["post-10031","post","type-post","status-publish","format-standard","has-post-thumbnail","hentry","category-noticia_colegio"],"yoast_head":"<!-- This site is optimized with the Yoast SEO plugin v28.4 - https:\/\/yoast.com\/product\/yoast-seo-wordpress\/ -->\n<title>El Concierto Solidario \u201cTestigos de la Luz\u201d estrena con el teatro lleno de aplausos al talento y el trabajo bien hecho - Colegio San Juan Bosco Valencia<\/title>\n<meta name=\"robots\" content=\"index, follow, max-snippet:-1, max-image-preview:large, max-video-preview:-1\" \/>\n<link rel=\"canonical\" href=\"https:\/\/valenciasjb.salesianos.edu\/colegio\/el-concierto-solidario-testigos-de-la-luz-estrena-con-el-teatro-lleno-de-aplausos-al-talento-y-el-trabajo-bien-hecho\/\" \/>\n<meta property=\"og:locale\" content=\"es_ES\" \/>\n<meta property=\"og:type\" content=\"article\" \/>\n<meta property=\"og:title\" content=\"El Concierto Solidario \u201cTestigos de la Luz\u201d estrena con el teatro lleno de aplausos al talento y el trabajo bien hecho - Colegio San Juan Bosco Valencia\" \/>\n<meta property=\"og:description\" content=\"La edici\u00f3n navide\u00f1a del Concierto Solidario de este curso tiene por t\u00edtulo \u201cTestigos de la Luz\u201d. Guiados por la Estrella e iluminados por la luz del nacimiento de Jes\u00fas, la comunidad educativa del Colegio Salesiano San Juan Bosco de Valencia quiere contribuir a erradicar las injusticias del mundo y reforzar las buenas acciones que se [&hellip;]\" \/>\n<meta property=\"og:url\" content=\"https:\/\/valenciasjb.salesianos.edu\/colegio\/el-concierto-solidario-testigos-de-la-luz-estrena-con-el-teatro-lleno-de-aplausos-al-talento-y-el-trabajo-bien-hecho\/\" \/>\n<meta property=\"og:site_name\" content=\"Colegio San Juan Bosco Valencia\" \/>\n<meta property=\"article:publisher\" content=\"https:\/\/www.facebook.com\/ColegioSalesianoSanJuanBoscoValencia\" \/>\n<meta property=\"article:published_time\" content=\"2018-12-22T09:39:14+00:00\" \/>\n<meta property=\"article:modified_time\" content=\"2018-12-24T10:08:19+00:00\" \/>\n<meta property=\"og:image\" content=\"https:\/\/valenciasjb.salesianos.edu\/colegio\/wp-content\/uploads\/sites\/2\/2018\/12\/Testigosdelaluz-32-1024x683.jpg\" \/>\n\t<meta property=\"og:image:width\" content=\"1024\" \/>\n\t<meta property=\"og:image:height\" content=\"683\" \/>\n\t<meta property=\"og:image:type\" content=\"image\/jpeg\" \/>\n<meta name=\"author\" content=\"veronicapastor\" \/>\n<meta name=\"twitter:card\" content=\"summary_large_image\" \/>\n<meta name=\"twitter:creator\" content=\"@SalesianosVSJB\" \/>\n<meta name=\"twitter:site\" content=\"@SalesianosVSJB\" \/>\n<meta name=\"twitter:label1\" content=\"Escrito por\" \/>\n\t<meta name=\"twitter:data1\" content=\"veronicapastor\" \/>\n\t<meta name=\"twitter:label2\" content=\"Tiempo de lectura\" \/>\n\t<meta name=\"twitter:data2\" content=\"3 minutos\" \/>\n<script type=\"application\/ld+json\" class=\"yoast-schema-graph\">{\"@context\":\"https:\\\/\\\/schema.org\",\"@graph\":[{\"@type\":\"Article\",\"@id\":\"https:\\\/\\\/valenciasjb.salesianos.edu\\\/colegio\\\/el-concierto-solidario-testigos-de-la-luz-estrena-con-el-teatro-lleno-de-aplausos-al-talento-y-el-trabajo-bien-hecho\\\/#article\",\"isPartOf\":{\"@id\":\"https:\\\/\\\/valenciasjb.salesianos.edu\\\/colegio\\\/el-concierto-solidario-testigos-de-la-luz-estrena-con-el-teatro-lleno-de-aplausos-al-talento-y-el-trabajo-bien-hecho\\\/\"},\"author\":{\"name\":\"veronicapastor\",\"@id\":\"https:\\\/\\\/valenciasjb.salesianos.edu\\\/colegio\\\/#\\\/schema\\\/person\\\/1f45b67e52b27da175190a574db6bed9\"},\"headline\":\"El Concierto Solidario \u201cTestigos de la Luz\u201d estrena con el teatro lleno de aplausos al talento y el trabajo bien hecho\",\"datePublished\":\"2018-12-22T09:39:14+00:00\",\"dateModified\":\"2018-12-24T10:08:19+00:00\",\"mainEntityOfPage\":{\"@id\":\"https:\\\/\\\/valenciasjb.salesianos.edu\\\/colegio\\\/el-concierto-solidario-testigos-de-la-luz-estrena-con-el-teatro-lleno-de-aplausos-al-talento-y-el-trabajo-bien-hecho\\\/\"},\"wordCount\":567,\"image\":{\"@id\":\"https:\\\/\\\/valenciasjb.salesianos.edu\\\/colegio\\\/el-concierto-solidario-testigos-de-la-luz-estrena-con-el-teatro-lleno-de-aplausos-al-talento-y-el-trabajo-bien-hecho\\\/#primaryimage\"},\"thumbnailUrl\":\"https:\\\/\\\/valenciasjb.salesianos.edu\\\/colegio\\\/wp-content\\\/uploads\\\/sites\\\/2\\\/2018\\\/12\\\/Testigosdelaluz-32.jpg\",\"articleSection\":[\"Noticia Colegio\"],\"inLanguage\":\"es\"},{\"@type\":\"WebPage\",\"@id\":\"https:\\\/\\\/valenciasjb.salesianos.edu\\\/colegio\\\/el-concierto-solidario-testigos-de-la-luz-estrena-con-el-teatro-lleno-de-aplausos-al-talento-y-el-trabajo-bien-hecho\\\/\",\"url\":\"https:\\\/\\\/valenciasjb.salesianos.edu\\\/colegio\\\/el-concierto-solidario-testigos-de-la-luz-estrena-con-el-teatro-lleno-de-aplausos-al-talento-y-el-trabajo-bien-hecho\\\/\",\"name\":\"El Concierto Solidario \u201cTestigos de la Luz\u201d estrena con el teatro lleno de aplausos al talento y el trabajo bien hecho - Colegio San Juan Bosco Valencia\",\"isPartOf\":{\"@id\":\"https:\\\/\\\/valenciasjb.salesianos.edu\\\/colegio\\\/#website\"},\"primaryImageOfPage\":{\"@id\":\"https:\\\/\\\/valenciasjb.salesianos.edu\\\/colegio\\\/el-concierto-solidario-testigos-de-la-luz-estrena-con-el-teatro-lleno-de-aplausos-al-talento-y-el-trabajo-bien-hecho\\\/#primaryimage\"},\"image\":{\"@id\":\"https:\\\/\\\/valenciasjb.salesianos.edu\\\/colegio\\\/el-concierto-solidario-testigos-de-la-luz-estrena-con-el-teatro-lleno-de-aplausos-al-talento-y-el-trabajo-bien-hecho\\\/#primaryimage\"},\"thumbnailUrl\":\"https:\\\/\\\/valenciasjb.salesianos.edu\\\/colegio\\\/wp-content\\\/uploads\\\/sites\\\/2\\\/2018\\\/12\\\/Testigosdelaluz-32.jpg\",\"datePublished\":\"2018-12-22T09:39:14+00:00\",\"dateModified\":\"2018-12-24T10:08:19+00:00\",\"author\":{\"@id\":\"https:\\\/\\\/valenciasjb.salesianos.edu\\\/colegio\\\/#\\\/schema\\\/person\\\/1f45b67e52b27da175190a574db6bed9\"},\"breadcrumb\":{\"@id\":\"https:\\\/\\\/valenciasjb.salesianos.edu\\\/colegio\\\/el-concierto-solidario-testigos-de-la-luz-estrena-con-el-teatro-lleno-de-aplausos-al-talento-y-el-trabajo-bien-hecho\\\/#breadcrumb\"},\"inLanguage\":\"es\",\"potentialAction\":[{\"@type\":\"ReadAction\",\"target\":[\"https:\\\/\\\/valenciasjb.salesianos.edu\\\/colegio\\\/el-concierto-solidario-testigos-de-la-luz-estrena-con-el-teatro-lleno-de-aplausos-al-talento-y-el-trabajo-bien-hecho\\\/\"]}]},{\"@type\":\"ImageObject\",\"inLanguage\":\"es\",\"@id\":\"https:\\\/\\\/valenciasjb.salesianos.edu\\\/colegio\\\/el-concierto-solidario-testigos-de-la-luz-estrena-con-el-teatro-lleno-de-aplausos-al-talento-y-el-trabajo-bien-hecho\\\/#primaryimage\",\"url\":\"https:\\\/\\\/valenciasjb.salesianos.edu\\\/colegio\\\/wp-content\\\/uploads\\\/sites\\\/2\\\/2018\\\/12\\\/Testigosdelaluz-32.jpg\",\"contentUrl\":\"https:\\\/\\\/valenciasjb.salesianos.edu\\\/colegio\\\/wp-content\\\/uploads\\\/sites\\\/2\\\/2018\\\/12\\\/Testigosdelaluz-32.jpg\",\"width\":3500,\"height\":2333},{\"@type\":\"BreadcrumbList\",\"@id\":\"https:\\\/\\\/valenciasjb.salesianos.edu\\\/colegio\\\/el-concierto-solidario-testigos-de-la-luz-estrena-con-el-teatro-lleno-de-aplausos-al-talento-y-el-trabajo-bien-hecho\\\/#breadcrumb\",\"itemListElement\":[{\"@type\":\"ListItem\",\"position\":1,\"name\":\"Portada\",\"item\":\"https:\\\/\\\/valenciasjb.salesianos.edu\\\/colegio\\\/\"},{\"@type\":\"ListItem\",\"position\":2,\"name\":\"El Concierto Solidario \u201cTestigos de la Luz\u201d estrena con el teatro lleno de aplausos al talento y el trabajo bien hecho\"}]},{\"@type\":\"WebSite\",\"@id\":\"https:\\\/\\\/valenciasjb.salesianos.edu\\\/colegio\\\/#website\",\"url\":\"https:\\\/\\\/valenciasjb.salesianos.edu\\\/colegio\\\/\",\"name\":\"Colegio San Juan Bosco Valencia\",\"description\":\"P\u00e1gina oficial del Colegio Salesianos San Juan Bosco Valencia\",\"alternateName\":\"Salesianos.VSJB\",\"potentialAction\":[{\"@type\":\"SearchAction\",\"target\":{\"@type\":\"EntryPoint\",\"urlTemplate\":\"https:\\\/\\\/valenciasjb.salesianos.edu\\\/colegio\\\/?s={search_term_string}\"},\"query-input\":{\"@type\":\"PropertyValueSpecification\",\"valueRequired\":true,\"valueName\":\"search_term_string\"}}],\"inLanguage\":\"es\"},{\"@type\":\"Person\",\"@id\":\"https:\\\/\\\/valenciasjb.salesianos.edu\\\/colegio\\\/#\\\/schema\\\/person\\\/1f45b67e52b27da175190a574db6bed9\",\"name\":\"veronicapastor\",\"image\":{\"@type\":\"ImageObject\",\"inLanguage\":\"es\",\"@id\":\"https:\\\/\\\/secure.gravatar.com\\\/avatar\\\/e29bd40bace3fd935e1d6fdb7313ffc14628cc037c5e16f4c7369b20a2a6f7f0?s=96&d=mm&r=g\",\"url\":\"https:\\\/\\\/secure.gravatar.com\\\/avatar\\\/e29bd40bace3fd935e1d6fdb7313ffc14628cc037c5e16f4c7369b20a2a6f7f0?s=96&d=mm&r=g\",\"contentUrl\":\"https:\\\/\\\/secure.gravatar.com\\\/avatar\\\/e29bd40bace3fd935e1d6fdb7313ffc14628cc037c5e16f4c7369b20a2a6f7f0?s=96&d=mm&r=g\",\"caption\":\"veronicapastor\"}}]}<\/script>\n<!-- \/ Yoast SEO plugin. -->","yoast_head_json":{"title":"El Concierto Solidario \u201cTestigos de la Luz\u201d estrena con el teatro lleno de aplausos al talento y el trabajo bien hecho - Colegio San Juan Bosco Valencia","robots":{"index":"index","follow":"follow","max-snippet":"max-snippet:-1","max-image-preview":"max-image-preview:large","max-video-preview":"max-video-preview:-1"},"canonical":"https:\/\/valenciasjb.salesianos.edu\/colegio\/el-concierto-solidario-testigos-de-la-luz-estrena-con-el-teatro-lleno-de-aplausos-al-talento-y-el-trabajo-bien-hecho\/","og_locale":"es_ES","og_type":"article","og_title":"El Concierto Solidario \u201cTestigos de la Luz\u201d estrena con el teatro lleno de aplausos al talento y el trabajo bien hecho - Colegio San Juan Bosco Valencia","og_description":"La edici\u00f3n navide\u00f1a del Concierto Solidario de este curso tiene por t\u00edtulo \u201cTestigos de la Luz\u201d. Guiados por la Estrella e iluminados por la luz del nacimiento de Jes\u00fas, la comunidad educativa del Colegio Salesiano San Juan Bosco de Valencia quiere contribuir a erradicar las injusticias del mundo y reforzar las buenas acciones que se [&hellip;]","og_url":"https:\/\/valenciasjb.salesianos.edu\/colegio\/el-concierto-solidario-testigos-de-la-luz-estrena-con-el-teatro-lleno-de-aplausos-al-talento-y-el-trabajo-bien-hecho\/","og_site_name":"Colegio San Juan Bosco Valencia","article_publisher":"https:\/\/www.facebook.com\/ColegioSalesianoSanJuanBoscoValencia","article_published_time":"2018-12-22T09:39:14+00:00","article_modified_time":"2018-12-24T10:08:19+00:00","og_image":[{"width":1024,"height":683,"url":"https:\/\/valenciasjb.salesianos.edu\/colegio\/wp-content\/uploads\/sites\/2\/2018\/12\/Testigosdelaluz-32-1024x683.jpg","type":"image\/jpeg"}],"author":"veronicapastor","twitter_card":"summary_large_image","twitter_creator":"@SalesianosVSJB","twitter_site":"@SalesianosVSJB","twitter_misc":{"Escrito por":"veronicapastor","Tiempo de lectura":"3 minutos"},"schema":{"@context":"https:\/\/schema.org","@graph":[{"@type":"Article","@id":"https:\/\/valenciasjb.salesianos.edu\/colegio\/el-concierto-solidario-testigos-de-la-luz-estrena-con-el-teatro-lleno-de-aplausos-al-talento-y-el-trabajo-bien-hecho\/#article","isPartOf":{"@id":"https:\/\/valenciasjb.salesianos.edu\/colegio\/el-concierto-solidario-testigos-de-la-luz-estrena-con-el-teatro-lleno-de-aplausos-al-talento-y-el-trabajo-bien-hecho\/"},"author":{"name":"veronicapastor","@id":"https:\/\/valenciasjb.salesianos.edu\/colegio\/#\/schema\/person\/1f45b67e52b27da175190a574db6bed9"},"headline":"El Concierto Solidario \u201cTestigos de la Luz\u201d estrena con el teatro lleno de aplausos al talento y el trabajo bien hecho","datePublished":"2018-12-22T09:39:14+00:00","dateModified":"2018-12-24T10:08:19+00:00","mainEntityOfPage":{"@id":"https:\/\/valenciasjb.salesianos.edu\/colegio\/el-concierto-solidario-testigos-de-la-luz-estrena-con-el-teatro-lleno-de-aplausos-al-talento-y-el-trabajo-bien-hecho\/"},"wordCount":567,"image":{"@id":"https:\/\/valenciasjb.salesianos.edu\/colegio\/el-concierto-solidario-testigos-de-la-luz-estrena-con-el-teatro-lleno-de-aplausos-al-talento-y-el-trabajo-bien-hecho\/#primaryimage"},"thumbnailUrl":"https:\/\/valenciasjb.salesianos.edu\/colegio\/wp-content\/uploads\/sites\/2\/2018\/12\/Testigosdelaluz-32.jpg","articleSection":["Noticia Colegio"],"inLanguage":"es"},{"@type":"WebPage","@id":"https:\/\/valenciasjb.salesianos.edu\/colegio\/el-concierto-solidario-testigos-de-la-luz-estrena-con-el-teatro-lleno-de-aplausos-al-talento-y-el-trabajo-bien-hecho\/","url":"https:\/\/valenciasjb.salesianos.edu\/colegio\/el-concierto-solidario-testigos-de-la-luz-estrena-con-el-teatro-lleno-de-aplausos-al-talento-y-el-trabajo-bien-hecho\/","name":"El Concierto Solidario \u201cTestigos de la Luz\u201d estrena con el teatro lleno de aplausos al talento y el trabajo bien hecho - Colegio San Juan Bosco Valencia","isPartOf":{"@id":"https:\/\/valenciasjb.salesianos.edu\/colegio\/#website"},"primaryImageOfPage":{"@id":"https:\/\/valenciasjb.salesianos.edu\/colegio\/el-concierto-solidario-testigos-de-la-luz-estrena-con-el-teatro-lleno-de-aplausos-al-talento-y-el-trabajo-bien-hecho\/#primaryimage"},"image":{"@id":"https:\/\/valenciasjb.salesianos.edu\/colegio\/el-concierto-solidario-testigos-de-la-luz-estrena-con-el-teatro-lleno-de-aplausos-al-talento-y-el-trabajo-bien-hecho\/#primaryimage"},"thumbnailUrl":"https:\/\/valenciasjb.salesianos.edu\/colegio\/wp-content\/uploads\/sites\/2\/2018\/12\/Testigosdelaluz-32.jpg","datePublished":"2018-12-22T09:39:14+00:00","dateModified":"2018-12-24T10:08:19+00:00","author":{"@id":"https:\/\/valenciasjb.salesianos.edu\/colegio\/#\/schema\/person\/1f45b67e52b27da175190a574db6bed9"},"breadcrumb":{"@id":"https:\/\/valenciasjb.salesianos.edu\/colegio\/el-concierto-solidario-testigos-de-la-luz-estrena-con-el-teatro-lleno-de-aplausos-al-talento-y-el-trabajo-bien-hecho\/#breadcrumb"},"inLanguage":"es","potentialAction":[{"@type":"ReadAction","target":["https:\/\/valenciasjb.salesianos.edu\/colegio\/el-concierto-solidario-testigos-de-la-luz-estrena-con-el-teatro-lleno-de-aplausos-al-talento-y-el-trabajo-bien-hecho\/"]}]},{"@type":"ImageObject","inLanguage":"es","@id":"https:\/\/valenciasjb.salesianos.edu\/colegio\/el-concierto-solidario-testigos-de-la-luz-estrena-con-el-teatro-lleno-de-aplausos-al-talento-y-el-trabajo-bien-hecho\/#primaryimage","url":"https:\/\/valenciasjb.salesianos.edu\/colegio\/wp-content\/uploads\/sites\/2\/2018\/12\/Testigosdelaluz-32.jpg","contentUrl":"https:\/\/valenciasjb.salesianos.edu\/colegio\/wp-content\/uploads\/sites\/2\/2018\/12\/Testigosdelaluz-32.jpg","width":3500,"height":2333},{"@type":"BreadcrumbList","@id":"https:\/\/valenciasjb.salesianos.edu\/colegio\/el-concierto-solidario-testigos-de-la-luz-estrena-con-el-teatro-lleno-de-aplausos-al-talento-y-el-trabajo-bien-hecho\/#breadcrumb","itemListElement":[{"@type":"ListItem","position":1,"name":"Portada","item":"https:\/\/valenciasjb.salesianos.edu\/colegio\/"},{"@type":"ListItem","position":2,"name":"El Concierto Solidario \u201cTestigos de la Luz\u201d estrena con el teatro lleno de aplausos al talento y el trabajo bien hecho"}]},{"@type":"WebSite","@id":"https:\/\/valenciasjb.salesianos.edu\/colegio\/#website","url":"https:\/\/valenciasjb.salesianos.edu\/colegio\/","name":"Colegio San Juan Bosco Valencia","description":"P\u00e1gina oficial del Colegio Salesianos San Juan Bosco Valencia","alternateName":"Salesianos.VSJB","potentialAction":[{"@type":"SearchAction","target":{"@type":"EntryPoint","urlTemplate":"https:\/\/valenciasjb.salesianos.edu\/colegio\/?s={search_term_string}"},"query-input":{"@type":"PropertyValueSpecification","valueRequired":true,"valueName":"search_term_string"}}],"inLanguage":"es"},{"@type":"Person","@id":"https:\/\/valenciasjb.salesianos.edu\/colegio\/#\/schema\/person\/1f45b67e52b27da175190a574db6bed9","name":"veronicapastor","image":{"@type":"ImageObject","inLanguage":"es","@id":"https:\/\/secure.gravatar.com\/avatar\/e29bd40bace3fd935e1d6fdb7313ffc14628cc037c5e16f4c7369b20a2a6f7f0?s=96&d=mm&r=g","url":"https:\/\/secure.gravatar.com\/avatar\/e29bd40bace3fd935e1d6fdb7313ffc14628cc037c5e16f4c7369b20a2a6f7f0?s=96&d=mm&r=g","contentUrl":"https:\/\/secure.gravatar.com\/avatar\/e29bd40bace3fd935e1d6fdb7313ffc14628cc037c5e16f4c7369b20a2a6f7f0?s=96&d=mm&r=g","caption":"veronicapastor"}}]}},"_links":{"self":[{"href":"https:\/\/valenciasjb.salesianos.edu\/colegio\/wp-json\/wp\/v2\/posts\/10031","targetHints":{"allow":["GET"]}}],"collection":[{"href":"https:\/\/valenciasjb.salesianos.edu\/colegio\/wp-json\/wp\/v2\/posts"}],"about":[{"href":"https:\/\/valenciasjb.salesianos.edu\/colegio\/wp-json\/wp\/v2\/types\/post"}],"author":[{"embeddable":true,"href":"https:\/\/valenciasjb.salesianos.edu\/colegio\/wp-json\/wp\/v2\/users\/6"}],"replies":[{"embeddable":true,"href":"https:\/\/valenciasjb.salesianos.edu\/colegio\/wp-json\/wp\/v2\/comments?post=10031"}],"version-history":[{"count":2,"href":"https:\/\/valenciasjb.salesianos.edu\/colegio\/wp-json\/wp\/v2\/posts\/10031\/revisions"}],"predecessor-version":[{"id":10056,"href":"https:\/\/valenciasjb.salesianos.edu\/colegio\/wp-json\/wp\/v2\/posts\/10031\/revisions\/10056"}],"wp:featuredmedia":[{"embeddable":true,"href":"https:\/\/valenciasjb.salesianos.edu\/colegio\/wp-json\/wp\/v2\/media\/10038"}],"wp:attachment":[{"href":"https:\/\/valenciasjb.salesianos.edu\/colegio\/wp-json\/wp\/v2\/media?parent=10031"}],"wp:term":[{"taxonomy":"category","embeddable":true,"href":"https:\/\/valenciasjb.salesianos.edu\/colegio\/wp-json\/wp\/v2\/categories?post=10031"},{"taxonomy":"post_tag","embeddable":true,"href":"https:\/\/valenciasjb.salesianos.edu\/colegio\/wp-json\/wp\/v2\/tags?post=10031"}],"curies":[{"name":"wp","href":"https:\/\/api.w.org\/{rel}","templated":true}]}}