{"id":10065,"date":"2019-01-11T14:17:00","date_gmt":"2019-01-11T13:17:00","guid":{"rendered":"https:\/\/valenciasjb.salesianos.edu\/colegio\/?p=10065"},"modified":"2019-01-11T14:17:00","modified_gmt":"2019-01-11T13:17:00","slug":"el-club-deportivo-don-bosco-presenta-su-cronica-del-mes-de-diciembre-2","status":"publish","type":"post","link":"https:\/\/valenciasjb.salesianos.edu\/colegio\/el-club-deportivo-don-bosco-presenta-su-cronica-del-mes-de-diciembre-2\/","title":{"rendered":"El Club Deportivo Don Bosco presenta su cr\u00f3nica del mes de diciembre"},"content":{"rendered":"<div id=\"fb-root\"><\/div>\n<p>[et_pb_section bb_built=\u00bb1&#8243; admin_label=\u00bbsection\u00bb][et_pb_row admin_label=\u00bbrow\u00bb background_position=\u00bbtop_left\u00bb background_repeat=\u00bbrepeat\u00bb background_size=\u00bbinitial\u00bb][et_pb_column type=\u00bb4_4&#8243;][et_pb_text admin_label=\u00bbEntradilla (Texto)\u00bb _builder_version=\u00bb3.18.7&#8243; text_orientation=\u00bbjustified\u00bb text_font=\u00bb|on|||\u00bb module_alignment=\u00bbleft\u00bb]<\/p>\n<div id=\"resumen\"><strong><strong>La cr\u00f3nica destaca\u00a0momentos de convivencia, campus de tecnificaci\u00f3n, la iniciativa \u00abencesta solidaridad\u00bb, y la e<\/strong><\/strong><b style=\"font-family: Arial, serif\">lecci\u00f3n a Presidente de la FFCV.<\/b><\/div>\n<div>\u00a0<\/div>\n<p>[\/et_pb_text][et_pb_text admin_label=\u00bbAutor (Texto)\u00bb _builder_version=\u00bb3.18.7&#8243; text_font=\u00bb||on||\u00bb]<\/p>\n<p>Fernando Carrasco.<\/p>\n<p>[\/et_pb_text][et_pb_text admin_label=\u00bbDesarrollo (Texto)\u00bb _builder_version=\u00bb3.18.7&#8243; text_orientation=\u00bbjustified\u00bb module_alignment=\u00bbleft\u00bb]<\/p>\n<ul>\n<li>Convivencia entrenadores, t\u00e9cnicos y educadores<\/li>\n<\/ul>\n<p>Como es tradicional los entrenadores, t\u00e9cnicos, educadores miembros de la junta directiva y personal de mantenimiento se reunieron el pasado 20 de diciembre y compartieron unos momentos de convivencia que culminaron con una cena con motivo del inicio de las fiestas de Navidad 2018.<\/p>\n<ul>\n<li>Campus tecnificaci\u00f3n baloncesto<\/li>\n<\/ul>\n<p>Los pasados 27 y 28 de diciembre en el pabell\u00f3n de la casa, se program\u00f3 un campus de tecnificaci\u00f3n para jugadores y jugadoras de los equipos de baloncesto del club. M\u00e1s de 25 inscritos se formaron para progresar t\u00e9cnicamente, as\u00ed como convivir y relacionarse en estas fechas de par\u00f3n deportivo y escolar con sus compa\u00f1eros\/as de club<\/p>\n<ul>\n<li>\u201cEncesta Solidaridad\u201d<\/li>\n<\/ul>\n<p>Como es tradicional desde el a\u00f1o 2015, el s\u00e1bado 29 de diciembre fue el d\u00eda elegido para la celebraci\u00f3n del torneo \u201cencesta solidaridad\u201d, con el objetivo de suministrar a c\u00e1ritas alimentos no perecederos para su distribuci\u00f3n en estas fechas a las familias con recursos insuficientes. En esta edici\u00f3n se ha querido contar de manera especial con la agrupaci\u00f3n deportiva Aderes, que ha sido una de las precursoras que motivaron la pel\u00edcula \u201cCampeones\u201d<\/p>\n<ul>\n<li>Elecci\u00f3n a Presidente de la FFCV<\/li>\n<\/ul>\n<p>El club deportivo estuvo representado en la asamblea que celebr\u00f3 la FFCV a principios de diciembre para la elecci\u00f3n del candidato ganador de las elecciones. <\/p>\n<p>[\/et_pb_text][et_pb_text admin_label=\u00bbT\u00edtulo: Galer\u00eda de fotos (Texto)\u00bb _builder_version=\u00bb3.0.76&#8243; background_layout=\u00bblight\u00bb text_font=\u00bb|on|||\u00bb text_text_color=\u00bb#dc001b\u00bb border_style=\u00bbsolid\u00bb disabled=\u00bboff\u00bb disabled_on=\u00bboff|on|on\u00bb]<\/p>\n<p>Galer\u00eda de im\u00e1genes<\/p>\n<p>[\/et_pb_text][et_pb_gallery _builder_version=\u00bb3.18.7&#8243; posts_number=\u00bb8&#8243; show_title_and_caption=\u00bboff\u00bb zoom_icon_color=\u00bb#dc001b\u00bb hover_overlay_color=\u00bbrgba(255,255,255,0.9)\u00bb hover_icon=\u00bb%%51%%\u00bb disabled=\u00bboff\u00bb disabled_on=\u00bboff|off|off\u00bb gallery_ids=\u00bb10066,10067,10068,10069,10070&#8243; pagination_font_size_tablet=\u00bb51&#8243; pagination_line_height_tablet=\u00bb2&#8243; \/][et_pb_video _builder_version=\u00bb3.0.51&#8243; disabled=\u00bbon\u00bb disabled_on=\u00bbon|on|on\u00bb \/][\/et_pb_column][\/et_pb_row][\/et_pb_section]<\/p>\n<!-- AddThis Advanced Settings generic via filter on the_content --><!-- AddThis Share Buttons generic via filter on the_content -->","protected":false},"excerpt":{"rendered":"<p>La cr\u00f3nica destaca\u00a0momentos de convivencia, campus de tecnificaci\u00f3n, la iniciativa \u00abencesta solidaridad\u00bb, y la elecci\u00f3n a Presidente de la FFCV.\u00a0 Fernando Carrasco. Convivencia entrenadores, t\u00e9cnicos y educadoresComo es tradicional los entrenadores, t\u00e9cnicos, educadores miembros de la junta directiva y personal de mantenimiento se reunieron el pasado 20 de diciembre y compartieron unos momentos de convivencia [&hellip;]<\/p>\n<p><!-- AddThis Advanced Settings generic via filter on get_the_excerpt --><!-- AddThis Share Buttons generic via filter on get_the_excerpt --><\/p>\n","protected":false},"author":6,"featured_media":10067,"comment_status":"closed","ping_status":"open","sticky":false,"template":"","format":"standard","meta":{"_et_pb_use_builder":"on","_et_pb_old_content":"","_et_gb_content_width":"","footnotes":""},"categories":[14],"tags":[],"class_list":["post-10065","post","type-post","status-publish","format-standard","has-post-thumbnail","hentry","category-noticia_colegio"],"yoast_head":"<!-- This site is optimized with the Yoast SEO plugin v28.4 - https:\/\/yoast.com\/product\/yoast-seo-wordpress\/ -->\n<title>El Club Deportivo Don Bosco presenta su cr\u00f3nica del mes de diciembre - Colegio San Juan Bosco Valencia<\/title>\n<meta name=\"robots\" content=\"index, follow, max-snippet:-1, max-image-preview:large, max-video-preview:-1\" \/>\n<link rel=\"canonical\" href=\"https:\/\/valenciasjb.salesianos.edu\/colegio\/el-club-deportivo-don-bosco-presenta-su-cronica-del-mes-de-diciembre-2\/\" \/>\n<meta property=\"og:locale\" content=\"es_ES\" \/>\n<meta property=\"og:type\" content=\"article\" \/>\n<meta property=\"og:title\" content=\"El Club Deportivo Don Bosco presenta su cr\u00f3nica del mes de diciembre - Colegio San Juan Bosco Valencia\" \/>\n<meta property=\"og:description\" content=\"La cr\u00f3nica destaca\u00a0momentos de convivencia, campus de tecnificaci\u00f3n, la iniciativa &quot;encesta solidaridad&quot;, y la elecci\u00f3n a Presidente de la FFCV.\u00a0 Fernando Carrasco. Convivencia entrenadores, t\u00e9cnicos y educadoresComo es tradicional los entrenadores, t\u00e9cnicos, educadores miembros de la junta directiva y personal de mantenimiento se reunieron el pasado 20 de diciembre y compartieron unos momentos de convivencia [&hellip;]\" \/>\n<meta property=\"og:url\" content=\"https:\/\/valenciasjb.salesianos.edu\/colegio\/el-club-deportivo-don-bosco-presenta-su-cronica-del-mes-de-diciembre-2\/\" \/>\n<meta property=\"og:site_name\" content=\"Colegio San Juan Bosco Valencia\" \/>\n<meta property=\"article:publisher\" content=\"https:\/\/www.facebook.com\/ColegioSalesianoSanJuanBoscoValencia\" \/>\n<meta property=\"article:published_time\" content=\"2019-01-11T13:17:00+00:00\" \/>\n<meta property=\"og:image\" content=\"https:\/\/valenciasjb.salesianos.edu\/colegio\/wp-content\/uploads\/sites\/2\/2019\/01\/Captura-de-pantalla-de-2019-01-11-133610.png\" \/>\n\t<meta property=\"og:image:width\" content=\"704\" \/>\n\t<meta property=\"og:image:height\" content=\"522\" \/>\n\t<meta property=\"og:image:type\" content=\"image\/png\" \/>\n<meta name=\"author\" content=\"veronicapastor\" \/>\n<meta name=\"twitter:card\" content=\"summary_large_image\" \/>\n<meta name=\"twitter:creator\" content=\"@SalesianosVSJB\" \/>\n<meta name=\"twitter:site\" content=\"@SalesianosVSJB\" \/>\n<meta name=\"twitter:label1\" content=\"Escrito por\" \/>\n\t<meta name=\"twitter:data1\" content=\"veronicapastor\" \/>\n\t<meta name=\"twitter:label2\" content=\"Tiempo de lectura\" \/>\n\t<meta name=\"twitter:data2\" content=\"2 minutos\" \/>\n<script type=\"application\/ld+json\" class=\"yoast-schema-graph\">{\"@context\":\"https:\\\/\\\/schema.org\",\"@graph\":[{\"@type\":\"Article\",\"@id\":\"https:\\\/\\\/valenciasjb.salesianos.edu\\\/colegio\\\/el-club-deportivo-don-bosco-presenta-su-cronica-del-mes-de-diciembre-2\\\/#article\",\"isPartOf\":{\"@id\":\"https:\\\/\\\/valenciasjb.salesianos.edu\\\/colegio\\\/el-club-deportivo-don-bosco-presenta-su-cronica-del-mes-de-diciembre-2\\\/\"},\"author\":{\"name\":\"veronicapastor\",\"@id\":\"https:\\\/\\\/valenciasjb.salesianos.edu\\\/colegio\\\/#\\\/schema\\\/person\\\/1f45b67e52b27da175190a574db6bed9\"},\"headline\":\"El Club Deportivo Don Bosco presenta su cr\u00f3nica del mes de diciembre\",\"datePublished\":\"2019-01-11T13:17:00+00:00\",\"mainEntityOfPage\":{\"@id\":\"https:\\\/\\\/valenciasjb.salesianos.edu\\\/colegio\\\/el-club-deportivo-don-bosco-presenta-su-cronica-del-mes-de-diciembre-2\\\/\"},\"wordCount\":454,\"image\":{\"@id\":\"https:\\\/\\\/valenciasjb.salesianos.edu\\\/colegio\\\/el-club-deportivo-don-bosco-presenta-su-cronica-del-mes-de-diciembre-2\\\/#primaryimage\"},\"thumbnailUrl\":\"https:\\\/\\\/valenciasjb.salesianos.edu\\\/colegio\\\/wp-content\\\/uploads\\\/sites\\\/2\\\/2019\\\/01\\\/Captura-de-pantalla-de-2019-01-11-133610.png\",\"articleSection\":[\"Noticia Colegio\"],\"inLanguage\":\"es\"},{\"@type\":\"WebPage\",\"@id\":\"https:\\\/\\\/valenciasjb.salesianos.edu\\\/colegio\\\/el-club-deportivo-don-bosco-presenta-su-cronica-del-mes-de-diciembre-2\\\/\",\"url\":\"https:\\\/\\\/valenciasjb.salesianos.edu\\\/colegio\\\/el-club-deportivo-don-bosco-presenta-su-cronica-del-mes-de-diciembre-2\\\/\",\"name\":\"El Club Deportivo Don Bosco presenta su cr\u00f3nica del mes de diciembre - Colegio San Juan Bosco Valencia\",\"isPartOf\":{\"@id\":\"https:\\\/\\\/valenciasjb.salesianos.edu\\\/colegio\\\/#website\"},\"primaryImageOfPage\":{\"@id\":\"https:\\\/\\\/valenciasjb.salesianos.edu\\\/colegio\\\/el-club-deportivo-don-bosco-presenta-su-cronica-del-mes-de-diciembre-2\\\/#primaryimage\"},\"image\":{\"@id\":\"https:\\\/\\\/valenciasjb.salesianos.edu\\\/colegio\\\/el-club-deportivo-don-bosco-presenta-su-cronica-del-mes-de-diciembre-2\\\/#primaryimage\"},\"thumbnailUrl\":\"https:\\\/\\\/valenciasjb.salesianos.edu\\\/colegio\\\/wp-content\\\/uploads\\\/sites\\\/2\\\/2019\\\/01\\\/Captura-de-pantalla-de-2019-01-11-133610.png\",\"datePublished\":\"2019-01-11T13:17:00+00:00\",\"author\":{\"@id\":\"https:\\\/\\\/valenciasjb.salesianos.edu\\\/colegio\\\/#\\\/schema\\\/person\\\/1f45b67e52b27da175190a574db6bed9\"},\"breadcrumb\":{\"@id\":\"https:\\\/\\\/valenciasjb.salesianos.edu\\\/colegio\\\/el-club-deportivo-don-bosco-presenta-su-cronica-del-mes-de-diciembre-2\\\/#breadcrumb\"},\"inLanguage\":\"es\",\"potentialAction\":[{\"@type\":\"ReadAction\",\"target\":[\"https:\\\/\\\/valenciasjb.salesianos.edu\\\/colegio\\\/el-club-deportivo-don-bosco-presenta-su-cronica-del-mes-de-diciembre-2\\\/\"]}]},{\"@type\":\"ImageObject\",\"inLanguage\":\"es\",\"@id\":\"https:\\\/\\\/valenciasjb.salesianos.edu\\\/colegio\\\/el-club-deportivo-don-bosco-presenta-su-cronica-del-mes-de-diciembre-2\\\/#primaryimage\",\"url\":\"https:\\\/\\\/valenciasjb.salesianos.edu\\\/colegio\\\/wp-content\\\/uploads\\\/sites\\\/2\\\/2019\\\/01\\\/Captura-de-pantalla-de-2019-01-11-133610.png\",\"contentUrl\":\"https:\\\/\\\/valenciasjb.salesianos.edu\\\/colegio\\\/wp-content\\\/uploads\\\/sites\\\/2\\\/2019\\\/01\\\/Captura-de-pantalla-de-2019-01-11-133610.png\",\"width\":704,\"height\":522},{\"@type\":\"BreadcrumbList\",\"@id\":\"https:\\\/\\\/valenciasjb.salesianos.edu\\\/colegio\\\/el-club-deportivo-don-bosco-presenta-su-cronica-del-mes-de-diciembre-2\\\/#breadcrumb\",\"itemListElement\":[{\"@type\":\"ListItem\",\"position\":1,\"name\":\"Portada\",\"item\":\"https:\\\/\\\/valenciasjb.salesianos.edu\\\/colegio\\\/\"},{\"@type\":\"ListItem\",\"position\":2,\"name\":\"El Club Deportivo Don Bosco presenta su cr\u00f3nica del mes de diciembre\"}]},{\"@type\":\"WebSite\",\"@id\":\"https:\\\/\\\/valenciasjb.salesianos.edu\\\/colegio\\\/#website\",\"url\":\"https:\\\/\\\/valenciasjb.salesianos.edu\\\/colegio\\\/\",\"name\":\"Colegio San Juan Bosco Valencia\",\"description\":\"P\u00e1gina oficial del Colegio Salesianos San Juan Bosco Valencia\",\"alternateName\":\"Salesianos.VSJB\",\"potentialAction\":[{\"@type\":\"SearchAction\",\"target\":{\"@type\":\"EntryPoint\",\"urlTemplate\":\"https:\\\/\\\/valenciasjb.salesianos.edu\\\/colegio\\\/?s={search_term_string}\"},\"query-input\":{\"@type\":\"PropertyValueSpecification\",\"valueRequired\":true,\"valueName\":\"search_term_string\"}}],\"inLanguage\":\"es\"},{\"@type\":\"Person\",\"@id\":\"https:\\\/\\\/valenciasjb.salesianos.edu\\\/colegio\\\/#\\\/schema\\\/person\\\/1f45b67e52b27da175190a574db6bed9\",\"name\":\"veronicapastor\",\"image\":{\"@type\":\"ImageObject\",\"inLanguage\":\"es\",\"@id\":\"https:\\\/\\\/secure.gravatar.com\\\/avatar\\\/e29bd40bace3fd935e1d6fdb7313ffc14628cc037c5e16f4c7369b20a2a6f7f0?s=96&d=mm&r=g\",\"url\":\"https:\\\/\\\/secure.gravatar.com\\\/avatar\\\/e29bd40bace3fd935e1d6fdb7313ffc14628cc037c5e16f4c7369b20a2a6f7f0?s=96&d=mm&r=g\",\"contentUrl\":\"https:\\\/\\\/secure.gravatar.com\\\/avatar\\\/e29bd40bace3fd935e1d6fdb7313ffc14628cc037c5e16f4c7369b20a2a6f7f0?s=96&d=mm&r=g\",\"caption\":\"veronicapastor\"}}]}<\/script>\n<!-- \/ Yoast SEO plugin. -->","yoast_head_json":{"title":"El Club Deportivo Don Bosco presenta su cr\u00f3nica del mes de diciembre - Colegio San Juan Bosco Valencia","robots":{"index":"index","follow":"follow","max-snippet":"max-snippet:-1","max-image-preview":"max-image-preview:large","max-video-preview":"max-video-preview:-1"},"canonical":"https:\/\/valenciasjb.salesianos.edu\/colegio\/el-club-deportivo-don-bosco-presenta-su-cronica-del-mes-de-diciembre-2\/","og_locale":"es_ES","og_type":"article","og_title":"El Club Deportivo Don Bosco presenta su cr\u00f3nica del mes de diciembre - Colegio San Juan Bosco Valencia","og_description":"La cr\u00f3nica destaca\u00a0momentos de convivencia, campus de tecnificaci\u00f3n, la iniciativa \"encesta solidaridad\", y la elecci\u00f3n a Presidente de la FFCV.\u00a0 Fernando Carrasco. Convivencia entrenadores, t\u00e9cnicos y educadoresComo es tradicional los entrenadores, t\u00e9cnicos, educadores miembros de la junta directiva y personal de mantenimiento se reunieron el pasado 20 de diciembre y compartieron unos momentos de convivencia [&hellip;]","og_url":"https:\/\/valenciasjb.salesianos.edu\/colegio\/el-club-deportivo-don-bosco-presenta-su-cronica-del-mes-de-diciembre-2\/","og_site_name":"Colegio San Juan Bosco Valencia","article_publisher":"https:\/\/www.facebook.com\/ColegioSalesianoSanJuanBoscoValencia","article_published_time":"2019-01-11T13:17:00+00:00","og_image":[{"width":704,"height":522,"url":"https:\/\/valenciasjb.salesianos.edu\/colegio\/wp-content\/uploads\/sites\/2\/2019\/01\/Captura-de-pantalla-de-2019-01-11-133610.png","type":"image\/png"}],"author":"veronicapastor","twitter_card":"summary_large_image","twitter_creator":"@SalesianosVSJB","twitter_site":"@SalesianosVSJB","twitter_misc":{"Escrito por":"veronicapastor","Tiempo de lectura":"2 minutos"},"schema":{"@context":"https:\/\/schema.org","@graph":[{"@type":"Article","@id":"https:\/\/valenciasjb.salesianos.edu\/colegio\/el-club-deportivo-don-bosco-presenta-su-cronica-del-mes-de-diciembre-2\/#article","isPartOf":{"@id":"https:\/\/valenciasjb.salesianos.edu\/colegio\/el-club-deportivo-don-bosco-presenta-su-cronica-del-mes-de-diciembre-2\/"},"author":{"name":"veronicapastor","@id":"https:\/\/valenciasjb.salesianos.edu\/colegio\/#\/schema\/person\/1f45b67e52b27da175190a574db6bed9"},"headline":"El Club Deportivo Don Bosco presenta su cr\u00f3nica del mes de diciembre","datePublished":"2019-01-11T13:17:00+00:00","mainEntityOfPage":{"@id":"https:\/\/valenciasjb.salesianos.edu\/colegio\/el-club-deportivo-don-bosco-presenta-su-cronica-del-mes-de-diciembre-2\/"},"wordCount":454,"image":{"@id":"https:\/\/valenciasjb.salesianos.edu\/colegio\/el-club-deportivo-don-bosco-presenta-su-cronica-del-mes-de-diciembre-2\/#primaryimage"},"thumbnailUrl":"https:\/\/valenciasjb.salesianos.edu\/colegio\/wp-content\/uploads\/sites\/2\/2019\/01\/Captura-de-pantalla-de-2019-01-11-133610.png","articleSection":["Noticia Colegio"],"inLanguage":"es"},{"@type":"WebPage","@id":"https:\/\/valenciasjb.salesianos.edu\/colegio\/el-club-deportivo-don-bosco-presenta-su-cronica-del-mes-de-diciembre-2\/","url":"https:\/\/valenciasjb.salesianos.edu\/colegio\/el-club-deportivo-don-bosco-presenta-su-cronica-del-mes-de-diciembre-2\/","name":"El Club Deportivo Don Bosco presenta su cr\u00f3nica del mes de diciembre - Colegio San Juan Bosco Valencia","isPartOf":{"@id":"https:\/\/valenciasjb.salesianos.edu\/colegio\/#website"},"primaryImageOfPage":{"@id":"https:\/\/valenciasjb.salesianos.edu\/colegio\/el-club-deportivo-don-bosco-presenta-su-cronica-del-mes-de-diciembre-2\/#primaryimage"},"image":{"@id":"https:\/\/valenciasjb.salesianos.edu\/colegio\/el-club-deportivo-don-bosco-presenta-su-cronica-del-mes-de-diciembre-2\/#primaryimage"},"thumbnailUrl":"https:\/\/valenciasjb.salesianos.edu\/colegio\/wp-content\/uploads\/sites\/2\/2019\/01\/Captura-de-pantalla-de-2019-01-11-133610.png","datePublished":"2019-01-11T13:17:00+00:00","author":{"@id":"https:\/\/valenciasjb.salesianos.edu\/colegio\/#\/schema\/person\/1f45b67e52b27da175190a574db6bed9"},"breadcrumb":{"@id":"https:\/\/valenciasjb.salesianos.edu\/colegio\/el-club-deportivo-don-bosco-presenta-su-cronica-del-mes-de-diciembre-2\/#breadcrumb"},"inLanguage":"es","potentialAction":[{"@type":"ReadAction","target":["https:\/\/valenciasjb.salesianos.edu\/colegio\/el-club-deportivo-don-bosco-presenta-su-cronica-del-mes-de-diciembre-2\/"]}]},{"@type":"ImageObject","inLanguage":"es","@id":"https:\/\/valenciasjb.salesianos.edu\/colegio\/el-club-deportivo-don-bosco-presenta-su-cronica-del-mes-de-diciembre-2\/#primaryimage","url":"https:\/\/valenciasjb.salesianos.edu\/colegio\/wp-content\/uploads\/sites\/2\/2019\/01\/Captura-de-pantalla-de-2019-01-11-133610.png","contentUrl":"https:\/\/valenciasjb.salesianos.edu\/colegio\/wp-content\/uploads\/sites\/2\/2019\/01\/Captura-de-pantalla-de-2019-01-11-133610.png","width":704,"height":522},{"@type":"BreadcrumbList","@id":"https:\/\/valenciasjb.salesianos.edu\/colegio\/el-club-deportivo-don-bosco-presenta-su-cronica-del-mes-de-diciembre-2\/#breadcrumb","itemListElement":[{"@type":"ListItem","position":1,"name":"Portada","item":"https:\/\/valenciasjb.salesianos.edu\/colegio\/"},{"@type":"ListItem","position":2,"name":"El Club Deportivo Don Bosco presenta su cr\u00f3nica del mes de diciembre"}]},{"@type":"WebSite","@id":"https:\/\/valenciasjb.salesianos.edu\/colegio\/#website","url":"https:\/\/valenciasjb.salesianos.edu\/colegio\/","name":"Colegio San Juan Bosco Valencia","description":"P\u00e1gina oficial del Colegio Salesianos San Juan Bosco Valencia","alternateName":"Salesianos.VSJB","potentialAction":[{"@type":"SearchAction","target":{"@type":"EntryPoint","urlTemplate":"https:\/\/valenciasjb.salesianos.edu\/colegio\/?s={search_term_string}"},"query-input":{"@type":"PropertyValueSpecification","valueRequired":true,"valueName":"search_term_string"}}],"inLanguage":"es"},{"@type":"Person","@id":"https:\/\/valenciasjb.salesianos.edu\/colegio\/#\/schema\/person\/1f45b67e52b27da175190a574db6bed9","name":"veronicapastor","image":{"@type":"ImageObject","inLanguage":"es","@id":"https:\/\/secure.gravatar.com\/avatar\/e29bd40bace3fd935e1d6fdb7313ffc14628cc037c5e16f4c7369b20a2a6f7f0?s=96&d=mm&r=g","url":"https:\/\/secure.gravatar.com\/avatar\/e29bd40bace3fd935e1d6fdb7313ffc14628cc037c5e16f4c7369b20a2a6f7f0?s=96&d=mm&r=g","contentUrl":"https:\/\/secure.gravatar.com\/avatar\/e29bd40bace3fd935e1d6fdb7313ffc14628cc037c5e16f4c7369b20a2a6f7f0?s=96&d=mm&r=g","caption":"veronicapastor"}}]}},"_links":{"self":[{"href":"https:\/\/valenciasjb.salesianos.edu\/colegio\/wp-json\/wp\/v2\/posts\/10065","targetHints":{"allow":["GET"]}}],"collection":[{"href":"https:\/\/valenciasjb.salesianos.edu\/colegio\/wp-json\/wp\/v2\/posts"}],"about":[{"href":"https:\/\/valenciasjb.salesianos.edu\/colegio\/wp-json\/wp\/v2\/types\/post"}],"author":[{"embeddable":true,"href":"https:\/\/valenciasjb.salesianos.edu\/colegio\/wp-json\/wp\/v2\/users\/6"}],"replies":[{"embeddable":true,"href":"https:\/\/valenciasjb.salesianos.edu\/colegio\/wp-json\/wp\/v2\/comments?post=10065"}],"version-history":[{"count":1,"href":"https:\/\/valenciasjb.salesianos.edu\/colegio\/wp-json\/wp\/v2\/posts\/10065\/revisions"}],"predecessor-version":[{"id":10071,"href":"https:\/\/valenciasjb.salesianos.edu\/colegio\/wp-json\/wp\/v2\/posts\/10065\/revisions\/10071"}],"wp:featuredmedia":[{"embeddable":true,"href":"https:\/\/valenciasjb.salesianos.edu\/colegio\/wp-json\/wp\/v2\/media\/10067"}],"wp:attachment":[{"href":"https:\/\/valenciasjb.salesianos.edu\/colegio\/wp-json\/wp\/v2\/media?parent=10065"}],"wp:term":[{"taxonomy":"category","embeddable":true,"href":"https:\/\/valenciasjb.salesianos.edu\/colegio\/wp-json\/wp\/v2\/categories?post=10065"},{"taxonomy":"post_tag","embeddable":true,"href":"https:\/\/valenciasjb.salesianos.edu\/colegio\/wp-json\/wp\/v2\/tags?post=10065"}],"curies":[{"name":"wp","href":"https:\/\/api.w.org\/{rel}","templated":true}]}}