{"id":10085,"date":"2019-01-18T20:42:49","date_gmt":"2019-01-18T19:42:49","guid":{"rendered":"https:\/\/valenciasjb.salesianos.edu\/colegio\/?p=10085"},"modified":"2019-01-18T20:44:56","modified_gmt":"2019-01-18T19:44:56","slug":"sostinc-projecte-interdisciplinari-per-a-lalumnat-de-3r-deso","status":"publish","type":"post","link":"https:\/\/valenciasjb.salesianos.edu\/colegio\/sostinc-projecte-interdisciplinari-per-a-lalumnat-de-3r-deso\/","title":{"rendered":"SOSTINC, projecte interdisciplinari per a l\u2019alumnat de 3r d&#8217;ESO"},"content":{"rendered":"<div id=\"fb-root\"><\/div>\n<p>[et_pb_section bb_built=\u00bb1&#8243; admin_label=\u00bbsection\u00bb][et_pb_row admin_label=\u00bbrow\u00bb background_position=\u00bbtop_left\u00bb background_repeat=\u00bbrepeat\u00bb background_size=\u00bbinitial\u00bb][et_pb_column type=\u00bb4_4&#8243;][et_pb_text admin_label=\u00bbEntradilla (Texto)\u00bb _builder_version=\u00bb3.18.7&#8243; text_orientation=\u00bbjustified\u00bb text_font=\u00bb|on|||\u00bb module_alignment=\u00bbleft\u00bb]<\/p>\n<div id=\"resumen\">\n<p align=\"justify\"><span style=\"color: #000000\"><span style=\"font-family: Arial\"><span>En el marc del projecte interdisciplinari SOSTINC, l\u2019alumnat de 3r ha iniciat en aquesta segona avaluaci\u00f3 una s\u00e8rie de tasques encaminades a l\u2019arreplegada de dades relacionades amb el consum d\u2019aigua i energia, la generaci\u00f3 de residus i la mobilitat.<\/span><\/span><\/span><\/p>\n<\/div>\n<div>\u00a0<\/div>\n<p>[\/et_pb_text][et_pb_text admin_label=\u00bbAutor (Texto)\u00bb _builder_version=\u00bb3.18.7&#8243; text_font=\u00bb||on||\u00bb]<\/p>\n<p>Pere Castro.<\/p>\n<p>[\/et_pb_text][et_pb_text admin_label=\u00bbDesarrollo (Texto)\u00bb _builder_version=\u00bb3.18.7&#8243; text_orientation=\u00bbjustified\u00bb module_alignment=\u00bbleft\u00bb]<\/p>\n<p align=\"justify\"><span style=\"color: #000000\"><span style=\"font-family: Arial\"><span>Concretament, l\u2019estudi dels patrons de mobilitat que l\u2019alumnat t\u00e9 en els seus despla\u00e7aments habituals que s\u2019ha fet durant les \u00faltimes jornades, han estat encaminades al c\u00e0lcul del consum d\u2019energia (petroli) i les corresponents emissions de gasos contaminants. Aquest proc\u00e9s es vor\u00e0 acompanyat d\u2019una s\u00e8rie de mesures relacionades amb la contaminaci\u00f3 ac\u00fastica.<\/span><\/span><\/span><\/p>\n<p align=\"justify\">De manera paral\u00b7lela, alguns docents del centre estan involucrats en un curs de formaci\u00f3 del CEFIRE que porta per t\u00edtol \u201cVeig l\u2019aire que respire\u201d. Aquesta iniciativa compta amb una part pr\u00e0ctica que consisteix a intal\u00b7lar un kit de mesura de part\u00edcules que cont\u00e9 l\u2019aire que ens envolta. Aquest estudi -que s\u2019allargar\u00e0 durant 6 setmanes- permet d&#8217;alguna manera avaluar la qualitat de l\u2019aire que respirem i transmetre aquesta informaci\u00f3 a un servidor on es poden consultar les dades, per\u00f2 tamb\u00e9 a una pereta instal\u00b7lada en el primer pis del pavell\u00f3 d\u2019ESO-Batxillerat, que canvia de colors segons la informaci\u00f3 que li transmet l\u2019estaci\u00f3 de mesura. D\u2019aquesta manera, sabem en temps real la quantitat de part\u00edcules de l\u2019aire. Aquestes dades s\u00f3n complement\u00e0ries a les que s\u2019obtenen en les diferents activitats que desenvolupa l&#8217;alumnat i que, al capdavall, permeten obtindre dades molt concretes de com els nostres h\u00e0bits diaris repercuteixen sobre el medi ambient.<\/p>\n<p align=\"justify\"><span style=\"color: #000000\"><span style=\"font-family: Arial\"><span>Despr\u00e9s de l\u2019arreplegada de dades s&#8217;iniciar\u00e0 una etapa de reflexi\u00f3 i elaboraci\u00f3 de propostes de millora que es materialitzaran, ja en la tercera avaluaci\u00f3, en la creaci\u00f3 d\u2019una campanya de sensibilitzaci\u00f3 protagonitzada per l\u2019alumnat i orientada al nostre entorn m\u00e9s proper i quotidi\u00e0, aprofitant tots els mitjans de comunicaci\u00f3 al nostra abast: TV, r\u00e0dio, premsa, cartells i p\u00f2sters, xarxes socials\u2026<\/span><\/span><\/span><\/p>\n<p>[\/et_pb_text][et_pb_text admin_label=\u00bbT\u00edtulo: Galer\u00eda de fotos (Texto)\u00bb _builder_version=\u00bb3.0.76&#8243; background_layout=\u00bblight\u00bb text_font=\u00bb|on|||\u00bb text_text_color=\u00bb#dc001b\u00bb border_style=\u00bbsolid\u00bb disabled=\u00bboff\u00bb disabled_on=\u00bboff|on|on\u00bb]<\/p>\n<p>\nGaler\u00eda de im\u00e1genes<\/p>\n<p>[\/et_pb_text][et_pb_gallery _builder_version=\u00bb3.18.7&#8243; posts_number=\u00bb8&#8243; show_title_and_caption=\u00bboff\u00bb zoom_icon_color=\u00bb#dc001b\u00bb hover_overlay_color=\u00bbrgba(255,255,255,0.9)\u00bb hover_icon=\u00bb%%51%%\u00bb disabled=\u00bboff\u00bb disabled_on=\u00bboff|off|off\u00bb gallery_ids=\u00bb10087,10088,10089,10090,10091&#8243; pagination_font_size_tablet=\u00bb51&#8243; pagination_line_height_tablet=\u00bb2&#8243; \/][et_pb_video _builder_version=\u00bb3.0.51&#8243; disabled=\u00bbon\u00bb disabled_on=\u00bbon|on|on\u00bb \/][\/et_pb_column][\/et_pb_row][\/et_pb_section]<\/p>\n<!-- AddThis Advanced Settings generic via filter on the_content --><!-- AddThis Share Buttons generic via filter on the_content -->","protected":false},"excerpt":{"rendered":"<p>En el marc del projecte interdisciplinari SOSTINC, l\u2019alumnat de 3r ha iniciat en aquesta segona avaluaci\u00f3 una s\u00e8rie de tasques encaminades a l\u2019arreplegada de dades relacionades amb el consum d\u2019aigua i energia, la generaci\u00f3 de residus i la mobilitat. \u00a0 Pere Castro. Concretament, l\u2019estudi dels patrons de mobilitat que l\u2019alumnat t\u00e9 en els seus despla\u00e7aments [&hellip;]<\/p>\n<p><!-- AddThis Advanced Settings generic via filter on get_the_excerpt --><!-- AddThis Share Buttons generic via filter on get_the_excerpt --><\/p>\n","protected":false},"author":6,"featured_media":10091,"comment_status":"closed","ping_status":"open","sticky":false,"template":"","format":"standard","meta":{"_et_pb_use_builder":"on","_et_pb_old_content":"<p>[et_pb_section bb_built=\"1\" admin_label=\"section\"][et_pb_row admin_label=\"row\" background_position=\"top_left\" background_repeat=\"repeat\" background_size=\"initial\"][et_pb_column type=\"4_4\"][et_pb_text admin_label=\"Entradilla (Texto)\" _builder_version=\"3.18.7\" background_layout=\"light\" text_orientation=\"justified\" text_font=\"|on|||\" module_alignment=\"justified\"]<\/p><div id=\"resumen\"><strong>Lorem ipsum...<br \/><\/strong><\/div><div>\u00a0<\/div><p>[\/et_pb_text][et_pb_text admin_label=\"Autor (Texto)\" _builder_version=\"3.0.85\" background_layout=\"light\" text_font=\"||on||\"]<\/p><p>Redacci\u00f3n<\/p><p>[\/et_pb_text][et_pb_text admin_label=\"Desarrollo (Texto)\" _builder_version=\"3.0.85\" background_layout=\"light\" text_orientation=\"justified\" module_alignment=\"justified\"]<\/p><p>Lorem ipsum...<\/p><p>[\/et_pb_text][et_pb_text admin_label=\"T\u00edtulo: Galer\u00eda de fotos (Texto)\" _builder_version=\"3.0.76\" background_layout=\"light\" text_font=\"|on|||\" text_text_color=\"#dc001b\" border_style=\"solid\" disabled=\"off\" disabled_on=\"off|on|on\"]<\/p><p>Galer\u00eda de im\u00e1genes<\/p><p>[\/et_pb_text][et_pb_gallery _builder_version=\"3.0.85\" posts_number=\"8\" show_title_and_caption=\"off\" show_pagination=\"on\" fullwidth=\"off\" orientation=\"landscape\" zoom_icon_color=\"#dc001b\" hover_overlay_color=\"rgba(255,255,255,0.9)\" hover_icon=\"%%51%%\" background_layout=\"light\" disabled=\"off\" disabled_on=\"off|off|off\" gallery_ids=\"5794\" pagination_font_size_tablet=\"51\" pagination_line_height_tablet=\"2\" \/][et_pb_video _builder_version=\"3.0.51\" disabled=\"on\" disabled_on=\"on|on|on\" \/][\/et_pb_column][\/et_pb_row][\/et_pb_section]<\/p>","_et_gb_content_width":"","footnotes":""},"categories":[14,1],"tags":[],"class_list":["post-10085","post","type-post","status-publish","format-standard","has-post-thumbnail","hentry","category-noticia_colegio","category-uncategorized"],"yoast_head":"<!-- This site is optimized with the Yoast SEO plugin v28.4 - https:\/\/yoast.com\/product\/yoast-seo-wordpress\/ -->\n<title>SOSTINC, projecte interdisciplinari per a l\u2019alumnat de 3r d&#039;ESO - Colegio San Juan Bosco Valencia<\/title>\n<meta name=\"robots\" content=\"index, follow, max-snippet:-1, max-image-preview:large, max-video-preview:-1\" \/>\n<link rel=\"canonical\" href=\"https:\/\/valenciasjb.salesianos.edu\/colegio\/sostinc-projecte-interdisciplinari-per-a-lalumnat-de-3r-deso\/\" \/>\n<meta property=\"og:locale\" content=\"es_ES\" \/>\n<meta property=\"og:type\" content=\"article\" \/>\n<meta property=\"og:title\" content=\"SOSTINC, projecte interdisciplinari per a l\u2019alumnat de 3r d&#039;ESO - Colegio San Juan Bosco Valencia\" \/>\n<meta property=\"og:description\" content=\"En el marc del projecte interdisciplinari SOSTINC, l\u2019alumnat de 3r ha iniciat en aquesta segona avaluaci\u00f3 una s\u00e8rie de tasques encaminades a l\u2019arreplegada de dades relacionades amb el consum d\u2019aigua i energia, la generaci\u00f3 de residus i la mobilitat. \u00a0 Pere Castro. Concretament, l\u2019estudi dels patrons de mobilitat que l\u2019alumnat t\u00e9 en els seus despla\u00e7aments [&hellip;]\" \/>\n<meta property=\"og:url\" content=\"https:\/\/valenciasjb.salesianos.edu\/colegio\/sostinc-projecte-interdisciplinari-per-a-lalumnat-de-3r-deso\/\" \/>\n<meta property=\"og:site_name\" content=\"Colegio San Juan Bosco Valencia\" \/>\n<meta property=\"article:publisher\" content=\"https:\/\/www.facebook.com\/ColegioSalesianoSanJuanBoscoValencia\" \/>\n<meta property=\"article:published_time\" content=\"2019-01-18T19:42:49+00:00\" \/>\n<meta property=\"article:modified_time\" content=\"2019-01-18T19:44:56+00:00\" \/>\n<meta property=\"og:image\" content=\"https:\/\/valenciasjb.salesianos.edu\/colegio\/wp-content\/uploads\/sites\/2\/2019\/01\/IMG_20190118_152836-1024x512.jpg\" \/>\n\t<meta property=\"og:image:width\" content=\"1024\" \/>\n\t<meta property=\"og:image:height\" content=\"512\" \/>\n\t<meta property=\"og:image:type\" content=\"image\/jpeg\" \/>\n<meta name=\"author\" content=\"veronicapastor\" \/>\n<meta name=\"twitter:card\" content=\"summary_large_image\" \/>\n<meta name=\"twitter:creator\" content=\"@SalesianosVSJB\" \/>\n<meta name=\"twitter:site\" content=\"@SalesianosVSJB\" \/>\n<meta name=\"twitter:label1\" content=\"Escrito por\" \/>\n\t<meta name=\"twitter:data1\" content=\"veronicapastor\" \/>\n\t<meta name=\"twitter:label2\" content=\"Tiempo de lectura\" \/>\n\t<meta name=\"twitter:data2\" content=\"3 minutos\" \/>\n<script type=\"application\/ld+json\" class=\"yoast-schema-graph\">{\"@context\":\"https:\\\/\\\/schema.org\",\"@graph\":[{\"@type\":\"Article\",\"@id\":\"https:\\\/\\\/valenciasjb.salesianos.edu\\\/colegio\\\/sostinc-projecte-interdisciplinari-per-a-lalumnat-de-3r-deso\\\/#article\",\"isPartOf\":{\"@id\":\"https:\\\/\\\/valenciasjb.salesianos.edu\\\/colegio\\\/sostinc-projecte-interdisciplinari-per-a-lalumnat-de-3r-deso\\\/\"},\"author\":{\"name\":\"veronicapastor\",\"@id\":\"https:\\\/\\\/valenciasjb.salesianos.edu\\\/colegio\\\/#\\\/schema\\\/person\\\/1f45b67e52b27da175190a574db6bed9\"},\"headline\":\"SOSTINC, projecte interdisciplinari per a l\u2019alumnat de 3r d&#8217;ESO\",\"datePublished\":\"2019-01-18T19:42:49+00:00\",\"dateModified\":\"2019-01-18T19:44:56+00:00\",\"mainEntityOfPage\":{\"@id\":\"https:\\\/\\\/valenciasjb.salesianos.edu\\\/colegio\\\/sostinc-projecte-interdisciplinari-per-a-lalumnat-de-3r-deso\\\/\"},\"wordCount\":541,\"image\":{\"@id\":\"https:\\\/\\\/valenciasjb.salesianos.edu\\\/colegio\\\/sostinc-projecte-interdisciplinari-per-a-lalumnat-de-3r-deso\\\/#primaryimage\"},\"thumbnailUrl\":\"https:\\\/\\\/valenciasjb.salesianos.edu\\\/colegio\\\/wp-content\\\/uploads\\\/sites\\\/2\\\/2019\\\/01\\\/IMG_20190118_152836.jpg\",\"articleSection\":[\"Noticia Colegio\",\"Uncategorized\"],\"inLanguage\":\"es\"},{\"@type\":\"WebPage\",\"@id\":\"https:\\\/\\\/valenciasjb.salesianos.edu\\\/colegio\\\/sostinc-projecte-interdisciplinari-per-a-lalumnat-de-3r-deso\\\/\",\"url\":\"https:\\\/\\\/valenciasjb.salesianos.edu\\\/colegio\\\/sostinc-projecte-interdisciplinari-per-a-lalumnat-de-3r-deso\\\/\",\"name\":\"SOSTINC, projecte interdisciplinari per a l\u2019alumnat de 3r d'ESO - Colegio San Juan Bosco Valencia\",\"isPartOf\":{\"@id\":\"https:\\\/\\\/valenciasjb.salesianos.edu\\\/colegio\\\/#website\"},\"primaryImageOfPage\":{\"@id\":\"https:\\\/\\\/valenciasjb.salesianos.edu\\\/colegio\\\/sostinc-projecte-interdisciplinari-per-a-lalumnat-de-3r-deso\\\/#primaryimage\"},\"image\":{\"@id\":\"https:\\\/\\\/valenciasjb.salesianos.edu\\\/colegio\\\/sostinc-projecte-interdisciplinari-per-a-lalumnat-de-3r-deso\\\/#primaryimage\"},\"thumbnailUrl\":\"https:\\\/\\\/valenciasjb.salesianos.edu\\\/colegio\\\/wp-content\\\/uploads\\\/sites\\\/2\\\/2019\\\/01\\\/IMG_20190118_152836.jpg\",\"datePublished\":\"2019-01-18T19:42:49+00:00\",\"dateModified\":\"2019-01-18T19:44:56+00:00\",\"author\":{\"@id\":\"https:\\\/\\\/valenciasjb.salesianos.edu\\\/colegio\\\/#\\\/schema\\\/person\\\/1f45b67e52b27da175190a574db6bed9\"},\"breadcrumb\":{\"@id\":\"https:\\\/\\\/valenciasjb.salesianos.edu\\\/colegio\\\/sostinc-projecte-interdisciplinari-per-a-lalumnat-de-3r-deso\\\/#breadcrumb\"},\"inLanguage\":\"es\",\"potentialAction\":[{\"@type\":\"ReadAction\",\"target\":[\"https:\\\/\\\/valenciasjb.salesianos.edu\\\/colegio\\\/sostinc-projecte-interdisciplinari-per-a-lalumnat-de-3r-deso\\\/\"]}]},{\"@type\":\"ImageObject\",\"inLanguage\":\"es\",\"@id\":\"https:\\\/\\\/valenciasjb.salesianos.edu\\\/colegio\\\/sostinc-projecte-interdisciplinari-per-a-lalumnat-de-3r-deso\\\/#primaryimage\",\"url\":\"https:\\\/\\\/valenciasjb.salesianos.edu\\\/colegio\\\/wp-content\\\/uploads\\\/sites\\\/2\\\/2019\\\/01\\\/IMG_20190118_152836.jpg\",\"contentUrl\":\"https:\\\/\\\/valenciasjb.salesianos.edu\\\/colegio\\\/wp-content\\\/uploads\\\/sites\\\/2\\\/2019\\\/01\\\/IMG_20190118_152836.jpg\",\"width\":3968,\"height\":1984,\"caption\":\"cof\"},{\"@type\":\"BreadcrumbList\",\"@id\":\"https:\\\/\\\/valenciasjb.salesianos.edu\\\/colegio\\\/sostinc-projecte-interdisciplinari-per-a-lalumnat-de-3r-deso\\\/#breadcrumb\",\"itemListElement\":[{\"@type\":\"ListItem\",\"position\":1,\"name\":\"Portada\",\"item\":\"https:\\\/\\\/valenciasjb.salesianos.edu\\\/colegio\\\/\"},{\"@type\":\"ListItem\",\"position\":2,\"name\":\"SOSTINC, projecte interdisciplinari per a l\u2019alumnat de 3r d&#8217;ESO\"}]},{\"@type\":\"WebSite\",\"@id\":\"https:\\\/\\\/valenciasjb.salesianos.edu\\\/colegio\\\/#website\",\"url\":\"https:\\\/\\\/valenciasjb.salesianos.edu\\\/colegio\\\/\",\"name\":\"Colegio San Juan Bosco Valencia\",\"description\":\"P\u00e1gina oficial del Colegio Salesianos San Juan Bosco Valencia\",\"alternateName\":\"Salesianos.VSJB\",\"potentialAction\":[{\"@type\":\"SearchAction\",\"target\":{\"@type\":\"EntryPoint\",\"urlTemplate\":\"https:\\\/\\\/valenciasjb.salesianos.edu\\\/colegio\\\/?s={search_term_string}\"},\"query-input\":{\"@type\":\"PropertyValueSpecification\",\"valueRequired\":true,\"valueName\":\"search_term_string\"}}],\"inLanguage\":\"es\"},{\"@type\":\"Person\",\"@id\":\"https:\\\/\\\/valenciasjb.salesianos.edu\\\/colegio\\\/#\\\/schema\\\/person\\\/1f45b67e52b27da175190a574db6bed9\",\"name\":\"veronicapastor\",\"image\":{\"@type\":\"ImageObject\",\"inLanguage\":\"es\",\"@id\":\"https:\\\/\\\/secure.gravatar.com\\\/avatar\\\/e29bd40bace3fd935e1d6fdb7313ffc14628cc037c5e16f4c7369b20a2a6f7f0?s=96&d=mm&r=g\",\"url\":\"https:\\\/\\\/secure.gravatar.com\\\/avatar\\\/e29bd40bace3fd935e1d6fdb7313ffc14628cc037c5e16f4c7369b20a2a6f7f0?s=96&d=mm&r=g\",\"contentUrl\":\"https:\\\/\\\/secure.gravatar.com\\\/avatar\\\/e29bd40bace3fd935e1d6fdb7313ffc14628cc037c5e16f4c7369b20a2a6f7f0?s=96&d=mm&r=g\",\"caption\":\"veronicapastor\"}}]}<\/script>\n<!-- \/ Yoast SEO plugin. -->","yoast_head_json":{"title":"SOSTINC, projecte interdisciplinari per a l\u2019alumnat de 3r d'ESO - Colegio San Juan Bosco Valencia","robots":{"index":"index","follow":"follow","max-snippet":"max-snippet:-1","max-image-preview":"max-image-preview:large","max-video-preview":"max-video-preview:-1"},"canonical":"https:\/\/valenciasjb.salesianos.edu\/colegio\/sostinc-projecte-interdisciplinari-per-a-lalumnat-de-3r-deso\/","og_locale":"es_ES","og_type":"article","og_title":"SOSTINC, projecte interdisciplinari per a l\u2019alumnat de 3r d'ESO - Colegio San Juan Bosco Valencia","og_description":"En el marc del projecte interdisciplinari SOSTINC, l\u2019alumnat de 3r ha iniciat en aquesta segona avaluaci\u00f3 una s\u00e8rie de tasques encaminades a l\u2019arreplegada de dades relacionades amb el consum d\u2019aigua i energia, la generaci\u00f3 de residus i la mobilitat. \u00a0 Pere Castro. Concretament, l\u2019estudi dels patrons de mobilitat que l\u2019alumnat t\u00e9 en els seus despla\u00e7aments [&hellip;]","og_url":"https:\/\/valenciasjb.salesianos.edu\/colegio\/sostinc-projecte-interdisciplinari-per-a-lalumnat-de-3r-deso\/","og_site_name":"Colegio San Juan Bosco Valencia","article_publisher":"https:\/\/www.facebook.com\/ColegioSalesianoSanJuanBoscoValencia","article_published_time":"2019-01-18T19:42:49+00:00","article_modified_time":"2019-01-18T19:44:56+00:00","og_image":[{"width":1024,"height":512,"url":"https:\/\/valenciasjb.salesianos.edu\/colegio\/wp-content\/uploads\/sites\/2\/2019\/01\/IMG_20190118_152836-1024x512.jpg","type":"image\/jpeg"}],"author":"veronicapastor","twitter_card":"summary_large_image","twitter_creator":"@SalesianosVSJB","twitter_site":"@SalesianosVSJB","twitter_misc":{"Escrito por":"veronicapastor","Tiempo de lectura":"3 minutos"},"schema":{"@context":"https:\/\/schema.org","@graph":[{"@type":"Article","@id":"https:\/\/valenciasjb.salesianos.edu\/colegio\/sostinc-projecte-interdisciplinari-per-a-lalumnat-de-3r-deso\/#article","isPartOf":{"@id":"https:\/\/valenciasjb.salesianos.edu\/colegio\/sostinc-projecte-interdisciplinari-per-a-lalumnat-de-3r-deso\/"},"author":{"name":"veronicapastor","@id":"https:\/\/valenciasjb.salesianos.edu\/colegio\/#\/schema\/person\/1f45b67e52b27da175190a574db6bed9"},"headline":"SOSTINC, projecte interdisciplinari per a l\u2019alumnat de 3r d&#8217;ESO","datePublished":"2019-01-18T19:42:49+00:00","dateModified":"2019-01-18T19:44:56+00:00","mainEntityOfPage":{"@id":"https:\/\/valenciasjb.salesianos.edu\/colegio\/sostinc-projecte-interdisciplinari-per-a-lalumnat-de-3r-deso\/"},"wordCount":541,"image":{"@id":"https:\/\/valenciasjb.salesianos.edu\/colegio\/sostinc-projecte-interdisciplinari-per-a-lalumnat-de-3r-deso\/#primaryimage"},"thumbnailUrl":"https:\/\/valenciasjb.salesianos.edu\/colegio\/wp-content\/uploads\/sites\/2\/2019\/01\/IMG_20190118_152836.jpg","articleSection":["Noticia Colegio","Uncategorized"],"inLanguage":"es"},{"@type":"WebPage","@id":"https:\/\/valenciasjb.salesianos.edu\/colegio\/sostinc-projecte-interdisciplinari-per-a-lalumnat-de-3r-deso\/","url":"https:\/\/valenciasjb.salesianos.edu\/colegio\/sostinc-projecte-interdisciplinari-per-a-lalumnat-de-3r-deso\/","name":"SOSTINC, projecte interdisciplinari per a l\u2019alumnat de 3r d'ESO - Colegio San Juan Bosco Valencia","isPartOf":{"@id":"https:\/\/valenciasjb.salesianos.edu\/colegio\/#website"},"primaryImageOfPage":{"@id":"https:\/\/valenciasjb.salesianos.edu\/colegio\/sostinc-projecte-interdisciplinari-per-a-lalumnat-de-3r-deso\/#primaryimage"},"image":{"@id":"https:\/\/valenciasjb.salesianos.edu\/colegio\/sostinc-projecte-interdisciplinari-per-a-lalumnat-de-3r-deso\/#primaryimage"},"thumbnailUrl":"https:\/\/valenciasjb.salesianos.edu\/colegio\/wp-content\/uploads\/sites\/2\/2019\/01\/IMG_20190118_152836.jpg","datePublished":"2019-01-18T19:42:49+00:00","dateModified":"2019-01-18T19:44:56+00:00","author":{"@id":"https:\/\/valenciasjb.salesianos.edu\/colegio\/#\/schema\/person\/1f45b67e52b27da175190a574db6bed9"},"breadcrumb":{"@id":"https:\/\/valenciasjb.salesianos.edu\/colegio\/sostinc-projecte-interdisciplinari-per-a-lalumnat-de-3r-deso\/#breadcrumb"},"inLanguage":"es","potentialAction":[{"@type":"ReadAction","target":["https:\/\/valenciasjb.salesianos.edu\/colegio\/sostinc-projecte-interdisciplinari-per-a-lalumnat-de-3r-deso\/"]}]},{"@type":"ImageObject","inLanguage":"es","@id":"https:\/\/valenciasjb.salesianos.edu\/colegio\/sostinc-projecte-interdisciplinari-per-a-lalumnat-de-3r-deso\/#primaryimage","url":"https:\/\/valenciasjb.salesianos.edu\/colegio\/wp-content\/uploads\/sites\/2\/2019\/01\/IMG_20190118_152836.jpg","contentUrl":"https:\/\/valenciasjb.salesianos.edu\/colegio\/wp-content\/uploads\/sites\/2\/2019\/01\/IMG_20190118_152836.jpg","width":3968,"height":1984,"caption":"cof"},{"@type":"BreadcrumbList","@id":"https:\/\/valenciasjb.salesianos.edu\/colegio\/sostinc-projecte-interdisciplinari-per-a-lalumnat-de-3r-deso\/#breadcrumb","itemListElement":[{"@type":"ListItem","position":1,"name":"Portada","item":"https:\/\/valenciasjb.salesianos.edu\/colegio\/"},{"@type":"ListItem","position":2,"name":"SOSTINC, projecte interdisciplinari per a l\u2019alumnat de 3r d&#8217;ESO"}]},{"@type":"WebSite","@id":"https:\/\/valenciasjb.salesianos.edu\/colegio\/#website","url":"https:\/\/valenciasjb.salesianos.edu\/colegio\/","name":"Colegio San Juan Bosco Valencia","description":"P\u00e1gina oficial del Colegio Salesianos San Juan Bosco Valencia","alternateName":"Salesianos.VSJB","potentialAction":[{"@type":"SearchAction","target":{"@type":"EntryPoint","urlTemplate":"https:\/\/valenciasjb.salesianos.edu\/colegio\/?s={search_term_string}"},"query-input":{"@type":"PropertyValueSpecification","valueRequired":true,"valueName":"search_term_string"}}],"inLanguage":"es"},{"@type":"Person","@id":"https:\/\/valenciasjb.salesianos.edu\/colegio\/#\/schema\/person\/1f45b67e52b27da175190a574db6bed9","name":"veronicapastor","image":{"@type":"ImageObject","inLanguage":"es","@id":"https:\/\/secure.gravatar.com\/avatar\/e29bd40bace3fd935e1d6fdb7313ffc14628cc037c5e16f4c7369b20a2a6f7f0?s=96&d=mm&r=g","url":"https:\/\/secure.gravatar.com\/avatar\/e29bd40bace3fd935e1d6fdb7313ffc14628cc037c5e16f4c7369b20a2a6f7f0?s=96&d=mm&r=g","contentUrl":"https:\/\/secure.gravatar.com\/avatar\/e29bd40bace3fd935e1d6fdb7313ffc14628cc037c5e16f4c7369b20a2a6f7f0?s=96&d=mm&r=g","caption":"veronicapastor"}}]}},"_links":{"self":[{"href":"https:\/\/valenciasjb.salesianos.edu\/colegio\/wp-json\/wp\/v2\/posts\/10085","targetHints":{"allow":["GET"]}}],"collection":[{"href":"https:\/\/valenciasjb.salesianos.edu\/colegio\/wp-json\/wp\/v2\/posts"}],"about":[{"href":"https:\/\/valenciasjb.salesianos.edu\/colegio\/wp-json\/wp\/v2\/types\/post"}],"author":[{"embeddable":true,"href":"https:\/\/valenciasjb.salesianos.edu\/colegio\/wp-json\/wp\/v2\/users\/6"}],"replies":[{"embeddable":true,"href":"https:\/\/valenciasjb.salesianos.edu\/colegio\/wp-json\/wp\/v2\/comments?post=10085"}],"version-history":[{"count":3,"href":"https:\/\/valenciasjb.salesianos.edu\/colegio\/wp-json\/wp\/v2\/posts\/10085\/revisions"}],"predecessor-version":[{"id":10094,"href":"https:\/\/valenciasjb.salesianos.edu\/colegio\/wp-json\/wp\/v2\/posts\/10085\/revisions\/10094"}],"wp:featuredmedia":[{"embeddable":true,"href":"https:\/\/valenciasjb.salesianos.edu\/colegio\/wp-json\/wp\/v2\/media\/10091"}],"wp:attachment":[{"href":"https:\/\/valenciasjb.salesianos.edu\/colegio\/wp-json\/wp\/v2\/media?parent=10085"}],"wp:term":[{"taxonomy":"category","embeddable":true,"href":"https:\/\/valenciasjb.salesianos.edu\/colegio\/wp-json\/wp\/v2\/categories?post=10085"},{"taxonomy":"post_tag","embeddable":true,"href":"https:\/\/valenciasjb.salesianos.edu\/colegio\/wp-json\/wp\/v2\/tags?post=10085"}],"curies":[{"name":"wp","href":"https:\/\/api.w.org\/{rel}","templated":true}]}}