{"id":10095,"date":"2019-01-21T17:31:41","date_gmt":"2019-01-21T16:31:41","guid":{"rendered":"https:\/\/valenciasjb.salesianos.edu\/colegio\/?p=10095"},"modified":"2019-01-21T17:32:42","modified_gmt":"2019-01-21T16:32:42","slug":"el-apadrinamiento-lector-reune-a-grandes-y-pequenos-para-fomentar-el-gusto-por-la-lectura","status":"publish","type":"post","link":"https:\/\/valenciasjb.salesianos.edu\/colegio\/el-apadrinamiento-lector-reune-a-grandes-y-pequenos-para-fomentar-el-gusto-por-la-lectura\/","title":{"rendered":"El apadrinamiento lector re\u00fane a grandes y peque\u00f1os para fomentar el gusto por la lectura"},"content":{"rendered":"<div id=\"fb-root\"><\/div>\n<p>[et_pb_section bb_built=\u00bb1&#8243; admin_label=\u00bbsection\u00bb][et_pb_row admin_label=\u00bbrow\u00bb background_position=\u00bbtop_left\u00bb background_repeat=\u00bbrepeat\u00bb background_size=\u00bbinitial\u00bb][et_pb_column type=\u00bb4_4&#8243;][et_pb_text admin_label=\u00bbEntradilla (Texto)\u00bb _builder_version=\u00bb3.18.7&#8243; text_orientation=\u00bbjustified\u00bb text_font=\u00bb|on|||\u00bb module_alignment=\u00bbleft\u00bb]<\/p>\n<div id=\"resumen\"><strong><span style=\"font-weight: 400\">El apadrinamiento lector es una actividad interetapa entre 1\u00ba de ESO y 5 a\u00f1os de Infantil. En este apasionante proyecto los alumnos de 1\u00ba de ESO se convierten en padrinos y madrinas de los ni\u00f1os de 5 a\u00f1os y son los encargados de iniciarles en el mundo de la lectura y de motivarles para que la conciban como una actividad divertida y entretenida.<\/span><\/strong><\/div>\n<div>\u00a0<\/div>\n<p>[\/et_pb_text][et_pb_text admin_label=\u00bbAutor (Texto)\u00bb _builder_version=\u00bb3.18.7&#8243; text_font=\u00bb||on||\u00bb]<\/p>\n<p>Redacci\u00f3n.<\/p>\n<p>[\/et_pb_text][et_pb_text admin_label=\u00bbDesarrollo (Texto)\u00bb _builder_version=\u00bb3.18.7&#8243; text_orientation=\u00bbjustified\u00bb module_alignment=\u00bbleft\u00bb]<\/p>\n<p><span style=\"font-weight: 400\">Participan todos los alumnos de ambos cursos y se re\u00fanen una vez al mes durante la hora de Lengua Castellana de 1\u00ba de ESO. En la primera sesi\u00f3n, con una sencilla actividad donde deben asociar letras may\u00fasculas con sus min\u00fasculas, se realizan, de forma aleatoria, las \u00a0parejas que se convertir\u00e1n en madrina\/padrino y ahijado\/a durante todo el curso. <\/span><\/p>\n<p><span style=\"font-weight: 400\">Por un lado, los mayores se sienten muy realizados con esta actividad ya que se sienten responsables de los peque\u00f1os y se involucran sinceramente en su aprendizaje. Desarrollan una fuerte empat\u00eda por los peque\u00f1os y desean que aprendan nuevas letras y observar en ellos un avance de sesi\u00f3n a sesi\u00f3n. Adem\u00e1s, realizan actividades de animaci\u00f3n lectora en las que ellos mismos deben desarrollar su propia imaginaci\u00f3n e ingenio para despertar el inter\u00e9s en sus peque\u00f1os y sacarles, a trav\u00e9s de la lectura, una sonrisa. Despu\u00e9s de estas sesiones que duran entre 30 y 45 minutos, los mayores vuelven a sus aulas donde rellenan un diario en el que relatan su experiencia y reflexionan sobre sus experiencias con los peque\u00f1os. De esta manera, trabajamos tambi\u00e9n la expresi\u00f3n escrita en los alumnos de 1\u00ba de ESO. A trav\u00e9s de estas breves composiciones, les animamos a que plasmen por escrito \u00a0sus impresiones sobre esta actividad y que lo usen como una manera de expresarse y contar c\u00f3mo se han sentido. <\/span><\/p>\n<p><span style=\"font-weight: 400\">Por otro lado, los peque\u00f1os ans\u00edan reunirse con sus padrinos y madrinas y demostrarles cu\u00e1nto han avanzado. Asimismo, los mayores se convierten en ejemplos a seguir para ellos y en personas a las que los peque\u00f1os admiran y con quien desean coincidir por el patio del colegio o al salir de clase.<\/span><\/p>\n<p>[\/et_pb_text][et_pb_text admin_label=\u00bbT\u00edtulo: Galer\u00eda de fotos (Texto)\u00bb _builder_version=\u00bb3.0.76&#8243; background_layout=\u00bblight\u00bb text_font=\u00bb|on|||\u00bb text_text_color=\u00bb#dc001b\u00bb border_style=\u00bbsolid\u00bb disabled=\u00bboff\u00bb disabled_on=\u00bboff|on|on\u00bb]<\/p>\n<p>Galer\u00eda de im\u00e1genes<\/p>\n<p>[\/et_pb_text][et_pb_gallery _builder_version=\u00bb3.18.7&#8243; posts_number=\u00bb8&#8243; show_title_and_caption=\u00bboff\u00bb zoom_icon_color=\u00bb#dc001b\u00bb hover_overlay_color=\u00bbrgba(255,255,255,0.9)\u00bb hover_icon=\u00bb%%51%%\u00bb disabled=\u00bboff\u00bb disabled_on=\u00bboff|off|off\u00bb gallery_ids=\u00bb10096,10105,10098,10103,10101,10104,10102,10099,10097&#8243; pagination_font_size_tablet=\u00bb51&#8243; pagination_line_height_tablet=\u00bb2&#8243; \/][et_pb_video _builder_version=\u00bb3.0.51&#8243; disabled=\u00bbon\u00bb disabled_on=\u00bbon|on|on\u00bb \/][\/et_pb_column][\/et_pb_row][\/et_pb_section]<\/p>\n<!-- AddThis Advanced Settings generic via filter on the_content --><!-- AddThis Share Buttons generic via filter on the_content -->","protected":false},"excerpt":{"rendered":"<p>El apadrinamiento lector es una actividad interetapa entre 1\u00ba de ESO y 5 a\u00f1os de Infantil. En este apasionante proyecto los alumnos de 1\u00ba de ESO se convierten en padrinos y madrinas de los ni\u00f1os de 5 a\u00f1os y son los encargados de iniciarles en el mundo de la lectura y de motivarles para que [&hellip;]<\/p>\n<p><!-- AddThis Advanced Settings generic via filter on get_the_excerpt --><!-- AddThis Share Buttons generic via filter on get_the_excerpt --><\/p>\n","protected":false},"author":6,"featured_media":10101,"comment_status":"closed","ping_status":"open","sticky":false,"template":"","format":"standard","meta":{"_et_pb_use_builder":"on","_et_pb_old_content":"","_et_gb_content_width":"","footnotes":""},"categories":[14],"tags":[],"class_list":["post-10095","post","type-post","status-publish","format-standard","has-post-thumbnail","hentry","category-noticia_colegio"],"yoast_head":"<!-- This site is optimized with the Yoast SEO plugin v28.4 - https:\/\/yoast.com\/product\/yoast-seo-wordpress\/ -->\n<title>El apadrinamiento lector re\u00fane a grandes y peque\u00f1os para fomentar el gusto por la lectura - Colegio San Juan Bosco Valencia<\/title>\n<meta name=\"robots\" content=\"index, follow, max-snippet:-1, max-image-preview:large, max-video-preview:-1\" \/>\n<link rel=\"canonical\" href=\"https:\/\/valenciasjb.salesianos.edu\/colegio\/el-apadrinamiento-lector-reune-a-grandes-y-pequenos-para-fomentar-el-gusto-por-la-lectura\/\" \/>\n<meta property=\"og:locale\" content=\"es_ES\" \/>\n<meta property=\"og:type\" content=\"article\" \/>\n<meta property=\"og:title\" content=\"El apadrinamiento lector re\u00fane a grandes y peque\u00f1os para fomentar el gusto por la lectura - Colegio San Juan Bosco Valencia\" \/>\n<meta property=\"og:description\" content=\"El apadrinamiento lector es una actividad interetapa entre 1\u00ba de ESO y 5 a\u00f1os de Infantil. En este apasionante proyecto los alumnos de 1\u00ba de ESO se convierten en padrinos y madrinas de los ni\u00f1os de 5 a\u00f1os y son los encargados de iniciarles en el mundo de la lectura y de motivarles para que [&hellip;]\" \/>\n<meta property=\"og:url\" content=\"https:\/\/valenciasjb.salesianos.edu\/colegio\/el-apadrinamiento-lector-reune-a-grandes-y-pequenos-para-fomentar-el-gusto-por-la-lectura\/\" \/>\n<meta property=\"og:site_name\" content=\"Colegio San Juan Bosco Valencia\" \/>\n<meta property=\"article:publisher\" content=\"https:\/\/www.facebook.com\/ColegioSalesianoSanJuanBoscoValencia\" \/>\n<meta property=\"article:published_time\" content=\"2019-01-21T16:31:41+00:00\" \/>\n<meta property=\"article:modified_time\" content=\"2019-01-21T16:32:42+00:00\" \/>\n<meta property=\"og:image\" content=\"https:\/\/valenciasjb.salesianos.edu\/colegio\/wp-content\/uploads\/sites\/2\/2019\/01\/IMG-20190117-WA0045.jpg\" \/>\n\t<meta property=\"og:image:width\" content=\"1024\" \/>\n\t<meta property=\"og:image:height\" content=\"768\" \/>\n\t<meta property=\"og:image:type\" content=\"image\/jpeg\" \/>\n<meta name=\"author\" content=\"veronicapastor\" \/>\n<meta name=\"twitter:card\" content=\"summary_large_image\" \/>\n<meta name=\"twitter:creator\" content=\"@SalesianosVSJB\" \/>\n<meta name=\"twitter:site\" content=\"@SalesianosVSJB\" \/>\n<meta name=\"twitter:label1\" content=\"Escrito por\" \/>\n\t<meta name=\"twitter:data1\" content=\"veronicapastor\" \/>\n\t<meta name=\"twitter:label2\" content=\"Tiempo de lectura\" \/>\n\t<meta name=\"twitter:data2\" content=\"3 minutos\" \/>\n<script type=\"application\/ld+json\" class=\"yoast-schema-graph\">{\"@context\":\"https:\\\/\\\/schema.org\",\"@graph\":[{\"@type\":\"Article\",\"@id\":\"https:\\\/\\\/valenciasjb.salesianos.edu\\\/colegio\\\/el-apadrinamiento-lector-reune-a-grandes-y-pequenos-para-fomentar-el-gusto-por-la-lectura\\\/#article\",\"isPartOf\":{\"@id\":\"https:\\\/\\\/valenciasjb.salesianos.edu\\\/colegio\\\/el-apadrinamiento-lector-reune-a-grandes-y-pequenos-para-fomentar-el-gusto-por-la-lectura\\\/\"},\"author\":{\"name\":\"veronicapastor\",\"@id\":\"https:\\\/\\\/valenciasjb.salesianos.edu\\\/colegio\\\/#\\\/schema\\\/person\\\/1f45b67e52b27da175190a574db6bed9\"},\"headline\":\"El apadrinamiento lector re\u00fane a grandes y peque\u00f1os para fomentar el gusto por la lectura\",\"datePublished\":\"2019-01-21T16:31:41+00:00\",\"dateModified\":\"2019-01-21T16:32:42+00:00\",\"mainEntityOfPage\":{\"@id\":\"https:\\\/\\\/valenciasjb.salesianos.edu\\\/colegio\\\/el-apadrinamiento-lector-reune-a-grandes-y-pequenos-para-fomentar-el-gusto-por-la-lectura\\\/\"},\"wordCount\":568,\"image\":{\"@id\":\"https:\\\/\\\/valenciasjb.salesianos.edu\\\/colegio\\\/el-apadrinamiento-lector-reune-a-grandes-y-pequenos-para-fomentar-el-gusto-por-la-lectura\\\/#primaryimage\"},\"thumbnailUrl\":\"https:\\\/\\\/valenciasjb.salesianos.edu\\\/colegio\\\/wp-content\\\/uploads\\\/sites\\\/2\\\/2019\\\/01\\\/IMG-20190117-WA0045.jpg\",\"articleSection\":[\"Noticia Colegio\"],\"inLanguage\":\"es\"},{\"@type\":\"WebPage\",\"@id\":\"https:\\\/\\\/valenciasjb.salesianos.edu\\\/colegio\\\/el-apadrinamiento-lector-reune-a-grandes-y-pequenos-para-fomentar-el-gusto-por-la-lectura\\\/\",\"url\":\"https:\\\/\\\/valenciasjb.salesianos.edu\\\/colegio\\\/el-apadrinamiento-lector-reune-a-grandes-y-pequenos-para-fomentar-el-gusto-por-la-lectura\\\/\",\"name\":\"El apadrinamiento lector re\u00fane a grandes y peque\u00f1os para fomentar el gusto por la lectura - Colegio San Juan Bosco Valencia\",\"isPartOf\":{\"@id\":\"https:\\\/\\\/valenciasjb.salesianos.edu\\\/colegio\\\/#website\"},\"primaryImageOfPage\":{\"@id\":\"https:\\\/\\\/valenciasjb.salesianos.edu\\\/colegio\\\/el-apadrinamiento-lector-reune-a-grandes-y-pequenos-para-fomentar-el-gusto-por-la-lectura\\\/#primaryimage\"},\"image\":{\"@id\":\"https:\\\/\\\/valenciasjb.salesianos.edu\\\/colegio\\\/el-apadrinamiento-lector-reune-a-grandes-y-pequenos-para-fomentar-el-gusto-por-la-lectura\\\/#primaryimage\"},\"thumbnailUrl\":\"https:\\\/\\\/valenciasjb.salesianos.edu\\\/colegio\\\/wp-content\\\/uploads\\\/sites\\\/2\\\/2019\\\/01\\\/IMG-20190117-WA0045.jpg\",\"datePublished\":\"2019-01-21T16:31:41+00:00\",\"dateModified\":\"2019-01-21T16:32:42+00:00\",\"author\":{\"@id\":\"https:\\\/\\\/valenciasjb.salesianos.edu\\\/colegio\\\/#\\\/schema\\\/person\\\/1f45b67e52b27da175190a574db6bed9\"},\"breadcrumb\":{\"@id\":\"https:\\\/\\\/valenciasjb.salesianos.edu\\\/colegio\\\/el-apadrinamiento-lector-reune-a-grandes-y-pequenos-para-fomentar-el-gusto-por-la-lectura\\\/#breadcrumb\"},\"inLanguage\":\"es\",\"potentialAction\":[{\"@type\":\"ReadAction\",\"target\":[\"https:\\\/\\\/valenciasjb.salesianos.edu\\\/colegio\\\/el-apadrinamiento-lector-reune-a-grandes-y-pequenos-para-fomentar-el-gusto-por-la-lectura\\\/\"]}]},{\"@type\":\"ImageObject\",\"inLanguage\":\"es\",\"@id\":\"https:\\\/\\\/valenciasjb.salesianos.edu\\\/colegio\\\/el-apadrinamiento-lector-reune-a-grandes-y-pequenos-para-fomentar-el-gusto-por-la-lectura\\\/#primaryimage\",\"url\":\"https:\\\/\\\/valenciasjb.salesianos.edu\\\/colegio\\\/wp-content\\\/uploads\\\/sites\\\/2\\\/2019\\\/01\\\/IMG-20190117-WA0045.jpg\",\"contentUrl\":\"https:\\\/\\\/valenciasjb.salesianos.edu\\\/colegio\\\/wp-content\\\/uploads\\\/sites\\\/2\\\/2019\\\/01\\\/IMG-20190117-WA0045.jpg\",\"width\":1024,\"height\":768},{\"@type\":\"BreadcrumbList\",\"@id\":\"https:\\\/\\\/valenciasjb.salesianos.edu\\\/colegio\\\/el-apadrinamiento-lector-reune-a-grandes-y-pequenos-para-fomentar-el-gusto-por-la-lectura\\\/#breadcrumb\",\"itemListElement\":[{\"@type\":\"ListItem\",\"position\":1,\"name\":\"Portada\",\"item\":\"https:\\\/\\\/valenciasjb.salesianos.edu\\\/colegio\\\/\"},{\"@type\":\"ListItem\",\"position\":2,\"name\":\"El apadrinamiento lector re\u00fane a grandes y peque\u00f1os para fomentar el gusto por la lectura\"}]},{\"@type\":\"WebSite\",\"@id\":\"https:\\\/\\\/valenciasjb.salesianos.edu\\\/colegio\\\/#website\",\"url\":\"https:\\\/\\\/valenciasjb.salesianos.edu\\\/colegio\\\/\",\"name\":\"Colegio San Juan Bosco Valencia\",\"description\":\"P\u00e1gina oficial del Colegio Salesianos San Juan Bosco Valencia\",\"alternateName\":\"Salesianos.VSJB\",\"potentialAction\":[{\"@type\":\"SearchAction\",\"target\":{\"@type\":\"EntryPoint\",\"urlTemplate\":\"https:\\\/\\\/valenciasjb.salesianos.edu\\\/colegio\\\/?s={search_term_string}\"},\"query-input\":{\"@type\":\"PropertyValueSpecification\",\"valueRequired\":true,\"valueName\":\"search_term_string\"}}],\"inLanguage\":\"es\"},{\"@type\":\"Person\",\"@id\":\"https:\\\/\\\/valenciasjb.salesianos.edu\\\/colegio\\\/#\\\/schema\\\/person\\\/1f45b67e52b27da175190a574db6bed9\",\"name\":\"veronicapastor\",\"image\":{\"@type\":\"ImageObject\",\"inLanguage\":\"es\",\"@id\":\"https:\\\/\\\/secure.gravatar.com\\\/avatar\\\/e29bd40bace3fd935e1d6fdb7313ffc14628cc037c5e16f4c7369b20a2a6f7f0?s=96&d=mm&r=g\",\"url\":\"https:\\\/\\\/secure.gravatar.com\\\/avatar\\\/e29bd40bace3fd935e1d6fdb7313ffc14628cc037c5e16f4c7369b20a2a6f7f0?s=96&d=mm&r=g\",\"contentUrl\":\"https:\\\/\\\/secure.gravatar.com\\\/avatar\\\/e29bd40bace3fd935e1d6fdb7313ffc14628cc037c5e16f4c7369b20a2a6f7f0?s=96&d=mm&r=g\",\"caption\":\"veronicapastor\"}}]}<\/script>\n<!-- \/ Yoast SEO plugin. -->","yoast_head_json":{"title":"El apadrinamiento lector re\u00fane a grandes y peque\u00f1os para fomentar el gusto por la lectura - Colegio San Juan Bosco Valencia","robots":{"index":"index","follow":"follow","max-snippet":"max-snippet:-1","max-image-preview":"max-image-preview:large","max-video-preview":"max-video-preview:-1"},"canonical":"https:\/\/valenciasjb.salesianos.edu\/colegio\/el-apadrinamiento-lector-reune-a-grandes-y-pequenos-para-fomentar-el-gusto-por-la-lectura\/","og_locale":"es_ES","og_type":"article","og_title":"El apadrinamiento lector re\u00fane a grandes y peque\u00f1os para fomentar el gusto por la lectura - Colegio San Juan Bosco Valencia","og_description":"El apadrinamiento lector es una actividad interetapa entre 1\u00ba de ESO y 5 a\u00f1os de Infantil. En este apasionante proyecto los alumnos de 1\u00ba de ESO se convierten en padrinos y madrinas de los ni\u00f1os de 5 a\u00f1os y son los encargados de iniciarles en el mundo de la lectura y de motivarles para que [&hellip;]","og_url":"https:\/\/valenciasjb.salesianos.edu\/colegio\/el-apadrinamiento-lector-reune-a-grandes-y-pequenos-para-fomentar-el-gusto-por-la-lectura\/","og_site_name":"Colegio San Juan Bosco Valencia","article_publisher":"https:\/\/www.facebook.com\/ColegioSalesianoSanJuanBoscoValencia","article_published_time":"2019-01-21T16:31:41+00:00","article_modified_time":"2019-01-21T16:32:42+00:00","og_image":[{"width":1024,"height":768,"url":"https:\/\/valenciasjb.salesianos.edu\/colegio\/wp-content\/uploads\/sites\/2\/2019\/01\/IMG-20190117-WA0045.jpg","type":"image\/jpeg"}],"author":"veronicapastor","twitter_card":"summary_large_image","twitter_creator":"@SalesianosVSJB","twitter_site":"@SalesianosVSJB","twitter_misc":{"Escrito por":"veronicapastor","Tiempo de lectura":"3 minutos"},"schema":{"@context":"https:\/\/schema.org","@graph":[{"@type":"Article","@id":"https:\/\/valenciasjb.salesianos.edu\/colegio\/el-apadrinamiento-lector-reune-a-grandes-y-pequenos-para-fomentar-el-gusto-por-la-lectura\/#article","isPartOf":{"@id":"https:\/\/valenciasjb.salesianos.edu\/colegio\/el-apadrinamiento-lector-reune-a-grandes-y-pequenos-para-fomentar-el-gusto-por-la-lectura\/"},"author":{"name":"veronicapastor","@id":"https:\/\/valenciasjb.salesianos.edu\/colegio\/#\/schema\/person\/1f45b67e52b27da175190a574db6bed9"},"headline":"El apadrinamiento lector re\u00fane a grandes y peque\u00f1os para fomentar el gusto por la lectura","datePublished":"2019-01-21T16:31:41+00:00","dateModified":"2019-01-21T16:32:42+00:00","mainEntityOfPage":{"@id":"https:\/\/valenciasjb.salesianos.edu\/colegio\/el-apadrinamiento-lector-reune-a-grandes-y-pequenos-para-fomentar-el-gusto-por-la-lectura\/"},"wordCount":568,"image":{"@id":"https:\/\/valenciasjb.salesianos.edu\/colegio\/el-apadrinamiento-lector-reune-a-grandes-y-pequenos-para-fomentar-el-gusto-por-la-lectura\/#primaryimage"},"thumbnailUrl":"https:\/\/valenciasjb.salesianos.edu\/colegio\/wp-content\/uploads\/sites\/2\/2019\/01\/IMG-20190117-WA0045.jpg","articleSection":["Noticia Colegio"],"inLanguage":"es"},{"@type":"WebPage","@id":"https:\/\/valenciasjb.salesianos.edu\/colegio\/el-apadrinamiento-lector-reune-a-grandes-y-pequenos-para-fomentar-el-gusto-por-la-lectura\/","url":"https:\/\/valenciasjb.salesianos.edu\/colegio\/el-apadrinamiento-lector-reune-a-grandes-y-pequenos-para-fomentar-el-gusto-por-la-lectura\/","name":"El apadrinamiento lector re\u00fane a grandes y peque\u00f1os para fomentar el gusto por la lectura - Colegio San Juan Bosco Valencia","isPartOf":{"@id":"https:\/\/valenciasjb.salesianos.edu\/colegio\/#website"},"primaryImageOfPage":{"@id":"https:\/\/valenciasjb.salesianos.edu\/colegio\/el-apadrinamiento-lector-reune-a-grandes-y-pequenos-para-fomentar-el-gusto-por-la-lectura\/#primaryimage"},"image":{"@id":"https:\/\/valenciasjb.salesianos.edu\/colegio\/el-apadrinamiento-lector-reune-a-grandes-y-pequenos-para-fomentar-el-gusto-por-la-lectura\/#primaryimage"},"thumbnailUrl":"https:\/\/valenciasjb.salesianos.edu\/colegio\/wp-content\/uploads\/sites\/2\/2019\/01\/IMG-20190117-WA0045.jpg","datePublished":"2019-01-21T16:31:41+00:00","dateModified":"2019-01-21T16:32:42+00:00","author":{"@id":"https:\/\/valenciasjb.salesianos.edu\/colegio\/#\/schema\/person\/1f45b67e52b27da175190a574db6bed9"},"breadcrumb":{"@id":"https:\/\/valenciasjb.salesianos.edu\/colegio\/el-apadrinamiento-lector-reune-a-grandes-y-pequenos-para-fomentar-el-gusto-por-la-lectura\/#breadcrumb"},"inLanguage":"es","potentialAction":[{"@type":"ReadAction","target":["https:\/\/valenciasjb.salesianos.edu\/colegio\/el-apadrinamiento-lector-reune-a-grandes-y-pequenos-para-fomentar-el-gusto-por-la-lectura\/"]}]},{"@type":"ImageObject","inLanguage":"es","@id":"https:\/\/valenciasjb.salesianos.edu\/colegio\/el-apadrinamiento-lector-reune-a-grandes-y-pequenos-para-fomentar-el-gusto-por-la-lectura\/#primaryimage","url":"https:\/\/valenciasjb.salesianos.edu\/colegio\/wp-content\/uploads\/sites\/2\/2019\/01\/IMG-20190117-WA0045.jpg","contentUrl":"https:\/\/valenciasjb.salesianos.edu\/colegio\/wp-content\/uploads\/sites\/2\/2019\/01\/IMG-20190117-WA0045.jpg","width":1024,"height":768},{"@type":"BreadcrumbList","@id":"https:\/\/valenciasjb.salesianos.edu\/colegio\/el-apadrinamiento-lector-reune-a-grandes-y-pequenos-para-fomentar-el-gusto-por-la-lectura\/#breadcrumb","itemListElement":[{"@type":"ListItem","position":1,"name":"Portada","item":"https:\/\/valenciasjb.salesianos.edu\/colegio\/"},{"@type":"ListItem","position":2,"name":"El apadrinamiento lector re\u00fane a grandes y peque\u00f1os para fomentar el gusto por la lectura"}]},{"@type":"WebSite","@id":"https:\/\/valenciasjb.salesianos.edu\/colegio\/#website","url":"https:\/\/valenciasjb.salesianos.edu\/colegio\/","name":"Colegio San Juan Bosco Valencia","description":"P\u00e1gina oficial del Colegio Salesianos San Juan Bosco Valencia","alternateName":"Salesianos.VSJB","potentialAction":[{"@type":"SearchAction","target":{"@type":"EntryPoint","urlTemplate":"https:\/\/valenciasjb.salesianos.edu\/colegio\/?s={search_term_string}"},"query-input":{"@type":"PropertyValueSpecification","valueRequired":true,"valueName":"search_term_string"}}],"inLanguage":"es"},{"@type":"Person","@id":"https:\/\/valenciasjb.salesianos.edu\/colegio\/#\/schema\/person\/1f45b67e52b27da175190a574db6bed9","name":"veronicapastor","image":{"@type":"ImageObject","inLanguage":"es","@id":"https:\/\/secure.gravatar.com\/avatar\/e29bd40bace3fd935e1d6fdb7313ffc14628cc037c5e16f4c7369b20a2a6f7f0?s=96&d=mm&r=g","url":"https:\/\/secure.gravatar.com\/avatar\/e29bd40bace3fd935e1d6fdb7313ffc14628cc037c5e16f4c7369b20a2a6f7f0?s=96&d=mm&r=g","contentUrl":"https:\/\/secure.gravatar.com\/avatar\/e29bd40bace3fd935e1d6fdb7313ffc14628cc037c5e16f4c7369b20a2a6f7f0?s=96&d=mm&r=g","caption":"veronicapastor"}}]}},"_links":{"self":[{"href":"https:\/\/valenciasjb.salesianos.edu\/colegio\/wp-json\/wp\/v2\/posts\/10095","targetHints":{"allow":["GET"]}}],"collection":[{"href":"https:\/\/valenciasjb.salesianos.edu\/colegio\/wp-json\/wp\/v2\/posts"}],"about":[{"href":"https:\/\/valenciasjb.salesianos.edu\/colegio\/wp-json\/wp\/v2\/types\/post"}],"author":[{"embeddable":true,"href":"https:\/\/valenciasjb.salesianos.edu\/colegio\/wp-json\/wp\/v2\/users\/6"}],"replies":[{"embeddable":true,"href":"https:\/\/valenciasjb.salesianos.edu\/colegio\/wp-json\/wp\/v2\/comments?post=10095"}],"version-history":[{"count":1,"href":"https:\/\/valenciasjb.salesianos.edu\/colegio\/wp-json\/wp\/v2\/posts\/10095\/revisions"}],"predecessor-version":[{"id":10106,"href":"https:\/\/valenciasjb.salesianos.edu\/colegio\/wp-json\/wp\/v2\/posts\/10095\/revisions\/10106"}],"wp:featuredmedia":[{"embeddable":true,"href":"https:\/\/valenciasjb.salesianos.edu\/colegio\/wp-json\/wp\/v2\/media\/10101"}],"wp:attachment":[{"href":"https:\/\/valenciasjb.salesianos.edu\/colegio\/wp-json\/wp\/v2\/media?parent=10095"}],"wp:term":[{"taxonomy":"category","embeddable":true,"href":"https:\/\/valenciasjb.salesianos.edu\/colegio\/wp-json\/wp\/v2\/categories?post=10095"},{"taxonomy":"post_tag","embeddable":true,"href":"https:\/\/valenciasjb.salesianos.edu\/colegio\/wp-json\/wp\/v2\/tags?post=10095"}],"curies":[{"name":"wp","href":"https:\/\/api.w.org\/{rel}","templated":true}]}}