{"id":10108,"date":"2019-01-23T22:12:59","date_gmt":"2019-01-23T21:12:59","guid":{"rendered":"https:\/\/valenciasjb.salesianos.edu\/colegio\/?p=10108"},"modified":"2019-01-23T22:15:01","modified_gmt":"2019-01-23T21:15:01","slug":"lalumnat-de-3r-deso-participa-en-el-programa-rosquilletres-de-la-televisio-valenciana-a-punt","status":"publish","type":"post","link":"https:\/\/valenciasjb.salesianos.edu\/colegio\/lalumnat-de-3r-deso-participa-en-el-programa-rosquilletres-de-la-televisio-valenciana-a-punt\/","title":{"rendered":"L\u2019alumnat de 3r d\u2019Eso participa en el programa RosquiLLETRES de la televisi\u00f3 valenciana \u00c0 punt"},"content":{"rendered":"<div id=\"fb-root\"><\/div>\n<p>[et_pb_section bb_built=\u00bb1&#8243; admin_label=\u00bbsection\u00bb][et_pb_row admin_label=\u00bbrow\u00bb background_position=\u00bbtop_left\u00bb background_repeat=\u00bbrepeat\u00bb background_size=\u00bbinitial\u00bb][et_pb_column type=\u00bb4_4&#8243;][et_pb_text admin_label=\u00bbEntradilla (Texto)\u00bb _builder_version=\u00bb3.18.7&#8243; text_orientation=\u00bbjustified\u00bb text_font=\u00bb|on|||\u00bb module_alignment=\u00bbleft\u00bb]<\/p>\n<div id=\"resumen\">\n<p><span style=\"font-weight: 400\">Sergio Llobet, Marta Molina i Maria Balaguer de 3r d\u2019ESO han concursat, durant el mat\u00ed de dimecres dia 23 de gener, en el programa RosquiLLETRES, de la nova televisi\u00f3 valenciana \u00c0 punt. <\/span><\/p>\n<\/div>\n<div>\u00a0<\/div>\n<p>[\/et_pb_text][et_pb_text admin_label=\u00bbAutor (Texto)\u00bb _builder_version=\u00bb3.18.7&#8243; text_font=\u00bb||on||\u00bb]<\/p>\n<p>Sara Ramos.<\/p>\n<p>[\/et_pb_text][et_pb_text admin_label=\u00bbDesarrollo (Texto)\u00bb _builder_version=\u00bb3.18.7&#8243; text_orientation=\u00bbjustified\u00bb module_alignment=\u00bbleft\u00bb]<\/p>\n<p><span style=\"font-weight: 400\">El programa \u00e9s un concurs per equips en qu\u00e8 es competeix amb una altre col\u00b7legi amb una s\u00e8rie de proves ling\u00fc\u00edstiques relacionades amb la nostra llengua: lletreig, identificaci\u00f3 del barbarisme intr\u00fas i comprensi\u00f3 de la lletra de can\u00e7ons valencianes.<\/span><\/p>\n<p><span style=\"font-weight: 400\">En aquest cas, els nostres alumnes no han pogut guanyar per\u00f2 valoren molt positivament aquesta experi\u00e8ncia. S\u2019han sentit acollits per tots els seus companys de Pmar i pels dos professors que els han animat en tot moment.<\/span><\/p>\n<p><span style=\"font-weight: 400\">A m\u00e9s, han demostrat la seua bona educaci\u00f3 durant la gravaci\u00f3, fet que l\u2019organitzaci\u00f3 ens ha agra\u00eft i felicitat a tots. Cal afegir que al final del programa el nostre equip ha felicitat als contrincants del col.legi La pur\u00edsima de Torrent pel seu m\u00e8rit.<\/span><\/p>\n<p>[\/et_pb_text][et_pb_text admin_label=\u00bbT\u00edtulo: Galer\u00eda de fotos (Texto)\u00bb _builder_version=\u00bb3.18.7&#8243; background_layout=\u00bblight\u00bb text_font=\u00bb|on|||\u00bb text_text_color=\u00bb#dc001b\u00bb border_style=\u00bbsolid\u00bb disabled=\u00bboff\u00bb disabled_on=\u00bboff|on|on\u00bb]<\/p>\n<p>Galer\u00eda de im\u00e1genes<\/p>\n<p>[\/et_pb_text][et_pb_gallery _builder_version=\u00bb3.18.7&#8243; posts_number=\u00bb8&#8243; show_title_and_caption=\u00bboff\u00bb zoom_icon_color=\u00bb#dc001b\u00bb hover_overlay_color=\u00bbrgba(255,255,255,0.9)\u00bb hover_icon=\u00bb%%51%%\u00bb disabled=\u00bboff\u00bb disabled_on=\u00bboff|off|off\u00bb gallery_ids=\u00bb10113,10112,10111,10110,10109&#8243; pagination_font_size_tablet=\u00bb51&#8243; pagination_line_height_tablet=\u00bb2&#8243; \/][et_pb_video _builder_version=\u00bb3.0.51&#8243; disabled=\u00bbon\u00bb disabled_on=\u00bbon|on|on\u00bb \/][\/et_pb_column][\/et_pb_row][\/et_pb_section]<\/p>\n<!-- AddThis Advanced Settings generic via filter on the_content --><!-- AddThis Share Buttons generic via filter on the_content -->","protected":false},"excerpt":{"rendered":"<p>Sergio Llobet, Marta Molina i Maria Balaguer de 3r d\u2019ESO han concursat, durant el mat\u00ed de dimecres dia 23 de gener, en el programa RosquiLLETRES, de la nova televisi\u00f3 valenciana \u00c0 punt. \u00a0 Sara Ramos. El programa \u00e9s un concurs per equips en qu\u00e8 es competeix amb una altre col\u00b7legi amb una s\u00e8rie de proves [&hellip;]<\/p>\n<p><!-- AddThis Advanced Settings generic via filter on get_the_excerpt --><!-- AddThis Share Buttons generic via filter on get_the_excerpt --><\/p>\n","protected":false},"author":6,"featured_media":10109,"comment_status":"closed","ping_status":"open","sticky":false,"template":"","format":"standard","meta":{"_et_pb_use_builder":"on","_et_pb_old_content":"","_et_gb_content_width":"","footnotes":""},"categories":[14],"tags":[],"class_list":["post-10108","post","type-post","status-publish","format-standard","has-post-thumbnail","hentry","category-noticia_colegio"],"yoast_head":"<!-- This site is optimized with the Yoast SEO plugin v28.4 - https:\/\/yoast.com\/product\/yoast-seo-wordpress\/ -->\n<title>L\u2019alumnat de 3r d\u2019Eso participa en el programa RosquiLLETRES de la televisi\u00f3 valenciana \u00c0 punt - Colegio San Juan Bosco Valencia<\/title>\n<meta name=\"robots\" content=\"index, follow, max-snippet:-1, max-image-preview:large, max-video-preview:-1\" \/>\n<link rel=\"canonical\" href=\"https:\/\/valenciasjb.salesianos.edu\/colegio\/lalumnat-de-3r-deso-participa-en-el-programa-rosquilletres-de-la-televisio-valenciana-a-punt\/\" \/>\n<meta property=\"og:locale\" content=\"es_ES\" \/>\n<meta property=\"og:type\" content=\"article\" \/>\n<meta property=\"og:title\" content=\"L\u2019alumnat de 3r d\u2019Eso participa en el programa RosquiLLETRES de la televisi\u00f3 valenciana \u00c0 punt - Colegio San Juan Bosco Valencia\" \/>\n<meta property=\"og:description\" content=\"Sergio Llobet, Marta Molina i Maria Balaguer de 3r d\u2019ESO han concursat, durant el mat\u00ed de dimecres dia 23 de gener, en el programa RosquiLLETRES, de la nova televisi\u00f3 valenciana \u00c0 punt. \u00a0 Sara Ramos. El programa \u00e9s un concurs per equips en qu\u00e8 es competeix amb una altre col\u00b7legi amb una s\u00e8rie de proves [&hellip;]\" \/>\n<meta property=\"og:url\" content=\"https:\/\/valenciasjb.salesianos.edu\/colegio\/lalumnat-de-3r-deso-participa-en-el-programa-rosquilletres-de-la-televisio-valenciana-a-punt\/\" \/>\n<meta property=\"og:site_name\" content=\"Colegio San Juan Bosco Valencia\" \/>\n<meta property=\"article:publisher\" content=\"https:\/\/www.facebook.com\/ColegioSalesianoSanJuanBoscoValencia\" \/>\n<meta property=\"article:published_time\" content=\"2019-01-23T21:12:59+00:00\" \/>\n<meta property=\"article:modified_time\" content=\"2019-01-23T21:15:01+00:00\" \/>\n<meta property=\"og:image\" content=\"https:\/\/valenciasjb.salesianos.edu\/colegio\/wp-content\/uploads\/sites\/2\/2019\/01\/IMG-20190123-WA0000.jpg\" \/>\n\t<meta property=\"og:image:width\" content=\"1600\" \/>\n\t<meta property=\"og:image:height\" content=\"1200\" \/>\n\t<meta property=\"og:image:type\" content=\"image\/jpeg\" \/>\n<meta name=\"author\" content=\"veronicapastor\" \/>\n<meta name=\"twitter:card\" content=\"summary_large_image\" \/>\n<meta name=\"twitter:creator\" content=\"@SalesianosVSJB\" \/>\n<meta name=\"twitter:site\" content=\"@SalesianosVSJB\" \/>\n<meta name=\"twitter:label1\" content=\"Escrito por\" \/>\n\t<meta name=\"twitter:data1\" content=\"veronicapastor\" \/>\n\t<meta name=\"twitter:label2\" content=\"Tiempo de lectura\" \/>\n\t<meta name=\"twitter:data2\" content=\"2 minutos\" \/>\n<script type=\"application\/ld+json\" class=\"yoast-schema-graph\">{\"@context\":\"https:\\\/\\\/schema.org\",\"@graph\":[{\"@type\":\"Article\",\"@id\":\"https:\\\/\\\/valenciasjb.salesianos.edu\\\/colegio\\\/lalumnat-de-3r-deso-participa-en-el-programa-rosquilletres-de-la-televisio-valenciana-a-punt\\\/#article\",\"isPartOf\":{\"@id\":\"https:\\\/\\\/valenciasjb.salesianos.edu\\\/colegio\\\/lalumnat-de-3r-deso-participa-en-el-programa-rosquilletres-de-la-televisio-valenciana-a-punt\\\/\"},\"author\":{\"name\":\"veronicapastor\",\"@id\":\"https:\\\/\\\/valenciasjb.salesianos.edu\\\/colegio\\\/#\\\/schema\\\/person\\\/1f45b67e52b27da175190a574db6bed9\"},\"headline\":\"L\u2019alumnat de 3r d\u2019Eso participa en el programa RosquiLLETRES de la televisi\u00f3 valenciana \u00c0 punt\",\"datePublished\":\"2019-01-23T21:12:59+00:00\",\"dateModified\":\"2019-01-23T21:15:01+00:00\",\"mainEntityOfPage\":{\"@id\":\"https:\\\/\\\/valenciasjb.salesianos.edu\\\/colegio\\\/lalumnat-de-3r-deso-participa-en-el-programa-rosquilletres-de-la-televisio-valenciana-a-punt\\\/\"},\"wordCount\":368,\"image\":{\"@id\":\"https:\\\/\\\/valenciasjb.salesianos.edu\\\/colegio\\\/lalumnat-de-3r-deso-participa-en-el-programa-rosquilletres-de-la-televisio-valenciana-a-punt\\\/#primaryimage\"},\"thumbnailUrl\":\"https:\\\/\\\/valenciasjb.salesianos.edu\\\/colegio\\\/wp-content\\\/uploads\\\/sites\\\/2\\\/2019\\\/01\\\/IMG-20190123-WA0000.jpg\",\"articleSection\":[\"Noticia Colegio\"],\"inLanguage\":\"es\"},{\"@type\":\"WebPage\",\"@id\":\"https:\\\/\\\/valenciasjb.salesianos.edu\\\/colegio\\\/lalumnat-de-3r-deso-participa-en-el-programa-rosquilletres-de-la-televisio-valenciana-a-punt\\\/\",\"url\":\"https:\\\/\\\/valenciasjb.salesianos.edu\\\/colegio\\\/lalumnat-de-3r-deso-participa-en-el-programa-rosquilletres-de-la-televisio-valenciana-a-punt\\\/\",\"name\":\"L\u2019alumnat de 3r d\u2019Eso participa en el programa RosquiLLETRES de la televisi\u00f3 valenciana \u00c0 punt - Colegio San Juan Bosco Valencia\",\"isPartOf\":{\"@id\":\"https:\\\/\\\/valenciasjb.salesianos.edu\\\/colegio\\\/#website\"},\"primaryImageOfPage\":{\"@id\":\"https:\\\/\\\/valenciasjb.salesianos.edu\\\/colegio\\\/lalumnat-de-3r-deso-participa-en-el-programa-rosquilletres-de-la-televisio-valenciana-a-punt\\\/#primaryimage\"},\"image\":{\"@id\":\"https:\\\/\\\/valenciasjb.salesianos.edu\\\/colegio\\\/lalumnat-de-3r-deso-participa-en-el-programa-rosquilletres-de-la-televisio-valenciana-a-punt\\\/#primaryimage\"},\"thumbnailUrl\":\"https:\\\/\\\/valenciasjb.salesianos.edu\\\/colegio\\\/wp-content\\\/uploads\\\/sites\\\/2\\\/2019\\\/01\\\/IMG-20190123-WA0000.jpg\",\"datePublished\":\"2019-01-23T21:12:59+00:00\",\"dateModified\":\"2019-01-23T21:15:01+00:00\",\"author\":{\"@id\":\"https:\\\/\\\/valenciasjb.salesianos.edu\\\/colegio\\\/#\\\/schema\\\/person\\\/1f45b67e52b27da175190a574db6bed9\"},\"breadcrumb\":{\"@id\":\"https:\\\/\\\/valenciasjb.salesianos.edu\\\/colegio\\\/lalumnat-de-3r-deso-participa-en-el-programa-rosquilletres-de-la-televisio-valenciana-a-punt\\\/#breadcrumb\"},\"inLanguage\":\"es\",\"potentialAction\":[{\"@type\":\"ReadAction\",\"target\":[\"https:\\\/\\\/valenciasjb.salesianos.edu\\\/colegio\\\/lalumnat-de-3r-deso-participa-en-el-programa-rosquilletres-de-la-televisio-valenciana-a-punt\\\/\"]}]},{\"@type\":\"ImageObject\",\"inLanguage\":\"es\",\"@id\":\"https:\\\/\\\/valenciasjb.salesianos.edu\\\/colegio\\\/lalumnat-de-3r-deso-participa-en-el-programa-rosquilletres-de-la-televisio-valenciana-a-punt\\\/#primaryimage\",\"url\":\"https:\\\/\\\/valenciasjb.salesianos.edu\\\/colegio\\\/wp-content\\\/uploads\\\/sites\\\/2\\\/2019\\\/01\\\/IMG-20190123-WA0000.jpg\",\"contentUrl\":\"https:\\\/\\\/valenciasjb.salesianos.edu\\\/colegio\\\/wp-content\\\/uploads\\\/sites\\\/2\\\/2019\\\/01\\\/IMG-20190123-WA0000.jpg\",\"width\":1600,\"height\":1200},{\"@type\":\"BreadcrumbList\",\"@id\":\"https:\\\/\\\/valenciasjb.salesianos.edu\\\/colegio\\\/lalumnat-de-3r-deso-participa-en-el-programa-rosquilletres-de-la-televisio-valenciana-a-punt\\\/#breadcrumb\",\"itemListElement\":[{\"@type\":\"ListItem\",\"position\":1,\"name\":\"Portada\",\"item\":\"https:\\\/\\\/valenciasjb.salesianos.edu\\\/colegio\\\/\"},{\"@type\":\"ListItem\",\"position\":2,\"name\":\"L\u2019alumnat de 3r d\u2019Eso participa en el programa RosquiLLETRES de la televisi\u00f3 valenciana \u00c0 punt\"}]},{\"@type\":\"WebSite\",\"@id\":\"https:\\\/\\\/valenciasjb.salesianos.edu\\\/colegio\\\/#website\",\"url\":\"https:\\\/\\\/valenciasjb.salesianos.edu\\\/colegio\\\/\",\"name\":\"Colegio San Juan Bosco Valencia\",\"description\":\"P\u00e1gina oficial del Colegio Salesianos San Juan Bosco Valencia\",\"alternateName\":\"Salesianos.VSJB\",\"potentialAction\":[{\"@type\":\"SearchAction\",\"target\":{\"@type\":\"EntryPoint\",\"urlTemplate\":\"https:\\\/\\\/valenciasjb.salesianos.edu\\\/colegio\\\/?s={search_term_string}\"},\"query-input\":{\"@type\":\"PropertyValueSpecification\",\"valueRequired\":true,\"valueName\":\"search_term_string\"}}],\"inLanguage\":\"es\"},{\"@type\":\"Person\",\"@id\":\"https:\\\/\\\/valenciasjb.salesianos.edu\\\/colegio\\\/#\\\/schema\\\/person\\\/1f45b67e52b27da175190a574db6bed9\",\"name\":\"veronicapastor\",\"image\":{\"@type\":\"ImageObject\",\"inLanguage\":\"es\",\"@id\":\"https:\\\/\\\/secure.gravatar.com\\\/avatar\\\/e29bd40bace3fd935e1d6fdb7313ffc14628cc037c5e16f4c7369b20a2a6f7f0?s=96&d=mm&r=g\",\"url\":\"https:\\\/\\\/secure.gravatar.com\\\/avatar\\\/e29bd40bace3fd935e1d6fdb7313ffc14628cc037c5e16f4c7369b20a2a6f7f0?s=96&d=mm&r=g\",\"contentUrl\":\"https:\\\/\\\/secure.gravatar.com\\\/avatar\\\/e29bd40bace3fd935e1d6fdb7313ffc14628cc037c5e16f4c7369b20a2a6f7f0?s=96&d=mm&r=g\",\"caption\":\"veronicapastor\"}}]}<\/script>\n<!-- \/ Yoast SEO plugin. -->","yoast_head_json":{"title":"L\u2019alumnat de 3r d\u2019Eso participa en el programa RosquiLLETRES de la televisi\u00f3 valenciana \u00c0 punt - Colegio San Juan Bosco Valencia","robots":{"index":"index","follow":"follow","max-snippet":"max-snippet:-1","max-image-preview":"max-image-preview:large","max-video-preview":"max-video-preview:-1"},"canonical":"https:\/\/valenciasjb.salesianos.edu\/colegio\/lalumnat-de-3r-deso-participa-en-el-programa-rosquilletres-de-la-televisio-valenciana-a-punt\/","og_locale":"es_ES","og_type":"article","og_title":"L\u2019alumnat de 3r d\u2019Eso participa en el programa RosquiLLETRES de la televisi\u00f3 valenciana \u00c0 punt - Colegio San Juan Bosco Valencia","og_description":"Sergio Llobet, Marta Molina i Maria Balaguer de 3r d\u2019ESO han concursat, durant el mat\u00ed de dimecres dia 23 de gener, en el programa RosquiLLETRES, de la nova televisi\u00f3 valenciana \u00c0 punt. \u00a0 Sara Ramos. El programa \u00e9s un concurs per equips en qu\u00e8 es competeix amb una altre col\u00b7legi amb una s\u00e8rie de proves [&hellip;]","og_url":"https:\/\/valenciasjb.salesianos.edu\/colegio\/lalumnat-de-3r-deso-participa-en-el-programa-rosquilletres-de-la-televisio-valenciana-a-punt\/","og_site_name":"Colegio San Juan Bosco Valencia","article_publisher":"https:\/\/www.facebook.com\/ColegioSalesianoSanJuanBoscoValencia","article_published_time":"2019-01-23T21:12:59+00:00","article_modified_time":"2019-01-23T21:15:01+00:00","og_image":[{"width":1600,"height":1200,"url":"https:\/\/valenciasjb.salesianos.edu\/colegio\/wp-content\/uploads\/sites\/2\/2019\/01\/IMG-20190123-WA0000.jpg","type":"image\/jpeg"}],"author":"veronicapastor","twitter_card":"summary_large_image","twitter_creator":"@SalesianosVSJB","twitter_site":"@SalesianosVSJB","twitter_misc":{"Escrito por":"veronicapastor","Tiempo de lectura":"2 minutos"},"schema":{"@context":"https:\/\/schema.org","@graph":[{"@type":"Article","@id":"https:\/\/valenciasjb.salesianos.edu\/colegio\/lalumnat-de-3r-deso-participa-en-el-programa-rosquilletres-de-la-televisio-valenciana-a-punt\/#article","isPartOf":{"@id":"https:\/\/valenciasjb.salesianos.edu\/colegio\/lalumnat-de-3r-deso-participa-en-el-programa-rosquilletres-de-la-televisio-valenciana-a-punt\/"},"author":{"name":"veronicapastor","@id":"https:\/\/valenciasjb.salesianos.edu\/colegio\/#\/schema\/person\/1f45b67e52b27da175190a574db6bed9"},"headline":"L\u2019alumnat de 3r d\u2019Eso participa en el programa RosquiLLETRES de la televisi\u00f3 valenciana \u00c0 punt","datePublished":"2019-01-23T21:12:59+00:00","dateModified":"2019-01-23T21:15:01+00:00","mainEntityOfPage":{"@id":"https:\/\/valenciasjb.salesianos.edu\/colegio\/lalumnat-de-3r-deso-participa-en-el-programa-rosquilletres-de-la-televisio-valenciana-a-punt\/"},"wordCount":368,"image":{"@id":"https:\/\/valenciasjb.salesianos.edu\/colegio\/lalumnat-de-3r-deso-participa-en-el-programa-rosquilletres-de-la-televisio-valenciana-a-punt\/#primaryimage"},"thumbnailUrl":"https:\/\/valenciasjb.salesianos.edu\/colegio\/wp-content\/uploads\/sites\/2\/2019\/01\/IMG-20190123-WA0000.jpg","articleSection":["Noticia Colegio"],"inLanguage":"es"},{"@type":"WebPage","@id":"https:\/\/valenciasjb.salesianos.edu\/colegio\/lalumnat-de-3r-deso-participa-en-el-programa-rosquilletres-de-la-televisio-valenciana-a-punt\/","url":"https:\/\/valenciasjb.salesianos.edu\/colegio\/lalumnat-de-3r-deso-participa-en-el-programa-rosquilletres-de-la-televisio-valenciana-a-punt\/","name":"L\u2019alumnat de 3r d\u2019Eso participa en el programa RosquiLLETRES de la televisi\u00f3 valenciana \u00c0 punt - Colegio San Juan Bosco Valencia","isPartOf":{"@id":"https:\/\/valenciasjb.salesianos.edu\/colegio\/#website"},"primaryImageOfPage":{"@id":"https:\/\/valenciasjb.salesianos.edu\/colegio\/lalumnat-de-3r-deso-participa-en-el-programa-rosquilletres-de-la-televisio-valenciana-a-punt\/#primaryimage"},"image":{"@id":"https:\/\/valenciasjb.salesianos.edu\/colegio\/lalumnat-de-3r-deso-participa-en-el-programa-rosquilletres-de-la-televisio-valenciana-a-punt\/#primaryimage"},"thumbnailUrl":"https:\/\/valenciasjb.salesianos.edu\/colegio\/wp-content\/uploads\/sites\/2\/2019\/01\/IMG-20190123-WA0000.jpg","datePublished":"2019-01-23T21:12:59+00:00","dateModified":"2019-01-23T21:15:01+00:00","author":{"@id":"https:\/\/valenciasjb.salesianos.edu\/colegio\/#\/schema\/person\/1f45b67e52b27da175190a574db6bed9"},"breadcrumb":{"@id":"https:\/\/valenciasjb.salesianos.edu\/colegio\/lalumnat-de-3r-deso-participa-en-el-programa-rosquilletres-de-la-televisio-valenciana-a-punt\/#breadcrumb"},"inLanguage":"es","potentialAction":[{"@type":"ReadAction","target":["https:\/\/valenciasjb.salesianos.edu\/colegio\/lalumnat-de-3r-deso-participa-en-el-programa-rosquilletres-de-la-televisio-valenciana-a-punt\/"]}]},{"@type":"ImageObject","inLanguage":"es","@id":"https:\/\/valenciasjb.salesianos.edu\/colegio\/lalumnat-de-3r-deso-participa-en-el-programa-rosquilletres-de-la-televisio-valenciana-a-punt\/#primaryimage","url":"https:\/\/valenciasjb.salesianos.edu\/colegio\/wp-content\/uploads\/sites\/2\/2019\/01\/IMG-20190123-WA0000.jpg","contentUrl":"https:\/\/valenciasjb.salesianos.edu\/colegio\/wp-content\/uploads\/sites\/2\/2019\/01\/IMG-20190123-WA0000.jpg","width":1600,"height":1200},{"@type":"BreadcrumbList","@id":"https:\/\/valenciasjb.salesianos.edu\/colegio\/lalumnat-de-3r-deso-participa-en-el-programa-rosquilletres-de-la-televisio-valenciana-a-punt\/#breadcrumb","itemListElement":[{"@type":"ListItem","position":1,"name":"Portada","item":"https:\/\/valenciasjb.salesianos.edu\/colegio\/"},{"@type":"ListItem","position":2,"name":"L\u2019alumnat de 3r d\u2019Eso participa en el programa RosquiLLETRES de la televisi\u00f3 valenciana \u00c0 punt"}]},{"@type":"WebSite","@id":"https:\/\/valenciasjb.salesianos.edu\/colegio\/#website","url":"https:\/\/valenciasjb.salesianos.edu\/colegio\/","name":"Colegio San Juan Bosco Valencia","description":"P\u00e1gina oficial del Colegio Salesianos San Juan Bosco Valencia","alternateName":"Salesianos.VSJB","potentialAction":[{"@type":"SearchAction","target":{"@type":"EntryPoint","urlTemplate":"https:\/\/valenciasjb.salesianos.edu\/colegio\/?s={search_term_string}"},"query-input":{"@type":"PropertyValueSpecification","valueRequired":true,"valueName":"search_term_string"}}],"inLanguage":"es"},{"@type":"Person","@id":"https:\/\/valenciasjb.salesianos.edu\/colegio\/#\/schema\/person\/1f45b67e52b27da175190a574db6bed9","name":"veronicapastor","image":{"@type":"ImageObject","inLanguage":"es","@id":"https:\/\/secure.gravatar.com\/avatar\/e29bd40bace3fd935e1d6fdb7313ffc14628cc037c5e16f4c7369b20a2a6f7f0?s=96&d=mm&r=g","url":"https:\/\/secure.gravatar.com\/avatar\/e29bd40bace3fd935e1d6fdb7313ffc14628cc037c5e16f4c7369b20a2a6f7f0?s=96&d=mm&r=g","contentUrl":"https:\/\/secure.gravatar.com\/avatar\/e29bd40bace3fd935e1d6fdb7313ffc14628cc037c5e16f4c7369b20a2a6f7f0?s=96&d=mm&r=g","caption":"veronicapastor"}}]}},"_links":{"self":[{"href":"https:\/\/valenciasjb.salesianos.edu\/colegio\/wp-json\/wp\/v2\/posts\/10108","targetHints":{"allow":["GET"]}}],"collection":[{"href":"https:\/\/valenciasjb.salesianos.edu\/colegio\/wp-json\/wp\/v2\/posts"}],"about":[{"href":"https:\/\/valenciasjb.salesianos.edu\/colegio\/wp-json\/wp\/v2\/types\/post"}],"author":[{"embeddable":true,"href":"https:\/\/valenciasjb.salesianos.edu\/colegio\/wp-json\/wp\/v2\/users\/6"}],"replies":[{"embeddable":true,"href":"https:\/\/valenciasjb.salesianos.edu\/colegio\/wp-json\/wp\/v2\/comments?post=10108"}],"version-history":[{"count":5,"href":"https:\/\/valenciasjb.salesianos.edu\/colegio\/wp-json\/wp\/v2\/posts\/10108\/revisions"}],"predecessor-version":[{"id":10118,"href":"https:\/\/valenciasjb.salesianos.edu\/colegio\/wp-json\/wp\/v2\/posts\/10108\/revisions\/10118"}],"wp:featuredmedia":[{"embeddable":true,"href":"https:\/\/valenciasjb.salesianos.edu\/colegio\/wp-json\/wp\/v2\/media\/10109"}],"wp:attachment":[{"href":"https:\/\/valenciasjb.salesianos.edu\/colegio\/wp-json\/wp\/v2\/media?parent=10108"}],"wp:term":[{"taxonomy":"category","embeddable":true,"href":"https:\/\/valenciasjb.salesianos.edu\/colegio\/wp-json\/wp\/v2\/categories?post=10108"},{"taxonomy":"post_tag","embeddable":true,"href":"https:\/\/valenciasjb.salesianos.edu\/colegio\/wp-json\/wp\/v2\/tags?post=10108"}],"curies":[{"name":"wp","href":"https:\/\/api.w.org\/{rel}","templated":true}]}}