{"id":10142,"date":"2019-01-28T17:11:21","date_gmt":"2019-01-28T16:11:21","guid":{"rendered":"https:\/\/valenciasjb.salesianos.edu\/colegio\/?p=10142"},"modified":"2019-01-28T17:13:32","modified_gmt":"2019-01-28T16:13:32","slug":"la-atencion-a-los-ultimos-es-una-exigencia-por-ser-lo-que-somos-no-es-una-opcion","status":"publish","type":"post","link":"https:\/\/valenciasjb.salesianos.edu\/colegio\/la-atencion-a-los-ultimos-es-una-exigencia-por-ser-lo-que-somos-no-es-una-opcion\/","title":{"rendered":"La atenci\u00f3n a los \u00faltimos es una exigencia por ser lo que somos, no es una opci\u00f3n"},"content":{"rendered":"<div id=\"fb-root\"><\/div>\n<p>[et_pb_section bb_built=\u00bb1&#8243; admin_label=\u00bbsection\u00bb][et_pb_row admin_label=\u00bbrow\u00bb background_position=\u00bbtop_left\u00bb background_repeat=\u00bbrepeat\u00bb background_size=\u00bbinitial\u00bb][et_pb_column type=\u00bb4_4&#8243;][et_pb_text admin_label=\u00bbEntradilla (Texto)\u00bb _builder_version=\u00bb3.18.7&#8243; text_orientation=\u00bbjustified\u00bb text_font=\u00bb|on|||\u00bb module_alignment=\u00bbleft\u00bb]<\/p>\n<div id=\"resumen\">\n<p><b>Este pasado s\u00e1bado se celebr\u00f3 la tercera sesi\u00f3n de la Jornada de Pastoral 2019, en este caso, en el teatro de Salesianos San Antonio Abad, de Valencia, en el que miembros de los diferentes ambientes de nuestra casa salesiana estuvieron presentes.<\/b><\/p>\n<\/div>\n<div>\u00a0<\/div>\n<p>[\/et_pb_text][et_pb_text admin_label=\u00bbAutor (Texto)\u00bb _builder_version=\u00bb3.0.85&#8243; background_layout=\u00bblight\u00bb text_font=\u00bb||on||\u00bb]<\/p>\n<p>Redacci\u00f3n<\/p>\n<p>[\/et_pb_text][et_pb_text admin_label=\u00bbDesarrollo (Texto)\u00bb _builder_version=\u00bb3.18.7&#8243; text_orientation=\u00bbjustified\u00bb module_alignment=\u00bbleft\u00bb]<\/p>\n<p>Las Jornadas de Pastoral re\u00fanen cada a\u00f1o a todos los agentes de la pastoral: salesianos, salesianas, profesores, catequistas, educadores de las plataformas sociales y monitores de centros juveniles.<\/p>\n<p>Este a\u00f1o el tema de la Jornada fue una reflexi\u00f3n sobre la campa\u00f1a inspectorial. Bajo la pregunta \u00bfPrimero los \u00faltimos?, el salesiano Josan Montull, director de Salesianos Huesca, con gran implicaci\u00f3n personal, explic\u00f3 de una forma muy vivencial el significado del lema de la campa\u00f1a; lo hizo a partir de las im\u00e1genes de la pel\u00edcula \u201cEl ni\u00f1o\u201d, de Charles Chaplin. Una pel\u00edcula que retrata la fuerza de la acogida y la inoperancia de la administraci\u00f3n cuando intenta acoger sin paliativos. Y a trav\u00e9s de datos contundentes sobre la desigualdad en el mundo y en Espa\u00f1a.<\/p>\n<p>Montull hizo reflexionar a los asistentes sobre la situaci\u00f3n actual, y qu\u00e9 se puede hacer como cristianos para mejorar nuestro entorno. Seg\u00fan sus palabras: \u201clos salesianos deben siempre mirarse en Don Bosco, en nuestra mano est\u00e1n ni\u00f1os, ni\u00f1as y j\u00f3venes, cada uno con una realidad diferente, muchos con problemas y situaciones dif\u00edciles a los que tenemos que acoger, escuchar, proteger, darles herramientas para ayudarles a crecer, verlos con los ojos del coraz\u00f3n porque ellos son para nosotros palabra de Dios\u201d.<\/p>\n<p>\u201cLa atenci\u00f3n a los \u00faltimos es una exigencia por ser lo que somos, no es una opci\u00f3n. El cuidado de estas criaturas es una exigencia moral porque somos Familia salesiana\u201d, remarc\u00f3. Montull anim\u00f3 a los presentes a no dejarse aplastar por los interrogantes, desterrarlos; y ofreci\u00f3 varias claves:<\/p>\n<p>-Acoger incondicionalmente. Nuestras casas salesianas deben acoger.<\/p>\n<p>-Protegerles de todo lo que pueda destruirles.<\/p>\n<p>-Frente al paternalismo, ofrecerles herramientas para que sean protagonistas del cambio.<\/p>\n<p>-Fiarse, creer en sus capacidades.<\/p>\n<p>-Actitud de fe. Cada joven es un misterio que abre al Misterio.<\/p>\n<p>-Amor. Hay que hacer que se sientan queridos y acompa\u00f1arles en el camino.<\/p>\n<p>-No temer a los interrogantes. Estos j\u00f3venes nos hacen redescubrir lo que somos.<\/p>\n<p>-En todas nuestras casas debe haber ambiente de familia, de hogar. El ambiente es lo primero con lo que educamos.<\/p>\n<p>Como ya es cl\u00e1sico, la segunda parte de la jornada fue un espect\u00e1culo l\u00fadico que en esta ocasi\u00f3n corri\u00f3 a cargo del joven mago ilicitano Jaime Falc\u00f3, quien dej\u00f3 boquiabiertos a los participantes con sus n\u00fameros de magia y mentalismo en los que desarroll\u00f3 la idea de sacar lo mejor de nosotros mismos en la vida, en la educaci\u00f3n y en los valores.<\/p>\n<p>[\/et_pb_text][et_pb_text admin_label=\u00bbT\u00edtulo: Galer\u00eda de fotos (Texto)\u00bb _builder_version=\u00bb3.0.76&#8243; background_layout=\u00bblight\u00bb text_font=\u00bb|on|||\u00bb text_text_color=\u00bb#dc001b\u00bb border_style=\u00bbsolid\u00bb disabled=\u00bboff\u00bb disabled_on=\u00bboff|on|on\u00bb]<\/p>\n<p>Galer\u00eda de im\u00e1genes<\/p>\n<p>[\/et_pb_text][et_pb_gallery _builder_version=\u00bb3.18.7&#8243; posts_number=\u00bb8&#8243; show_title_and_caption=\u00bboff\u00bb zoom_icon_color=\u00bb#dc001b\u00bb hover_overlay_color=\u00bbrgba(255,255,255,0.9)\u00bb hover_icon=\u00bb%%51%%\u00bb disabled=\u00bboff\u00bb disabled_on=\u00bboff|off|off\u00bb gallery_ids=\u00bb10150,10143,10144,10145,10146,10147,10148&#8243; pagination_font_size_tablet=\u00bb51&#8243; pagination_line_height_tablet=\u00bb2&#8243; \/][et_pb_video _builder_version=\u00bb3.0.51&#8243; disabled=\u00bbon\u00bb disabled_on=\u00bbon|on|on\u00bb \/][\/et_pb_column][\/et_pb_row][\/et_pb_section]<\/p>\n<!-- AddThis Advanced Settings generic via filter on the_content --><!-- AddThis Share Buttons generic via filter on the_content -->","protected":false},"excerpt":{"rendered":"<p>Este pasado s\u00e1bado se celebr\u00f3 la tercera sesi\u00f3n de la Jornada de Pastoral 2019, en este caso, en el teatro de Salesianos San Antonio Abad, de Valencia, en el que miembros de los diferentes ambientes de nuestra casa salesiana estuvieron presentes. \u00a0 Redacci\u00f3n Las Jornadas de Pastoral re\u00fanen cada a\u00f1o a todos los agentes de [&hellip;]<\/p>\n<p><!-- AddThis Advanced Settings generic via filter on get_the_excerpt --><!-- AddThis Share Buttons generic via filter on get_the_excerpt --><\/p>\n","protected":false},"author":6,"featured_media":10150,"comment_status":"closed","ping_status":"open","sticky":false,"template":"","format":"standard","meta":{"_et_pb_use_builder":"on","_et_pb_old_content":"","_et_gb_content_width":"","footnotes":""},"categories":[14],"tags":[],"class_list":["post-10142","post","type-post","status-publish","format-standard","has-post-thumbnail","hentry","category-noticia_colegio"],"yoast_head":"<!-- This site is optimized with the Yoast SEO plugin v28.4 - https:\/\/yoast.com\/product\/yoast-seo-wordpress\/ -->\n<title>La atenci\u00f3n a los \u00faltimos es una exigencia por ser lo que somos, no es una opci\u00f3n - Colegio San Juan Bosco Valencia<\/title>\n<meta name=\"robots\" content=\"index, follow, max-snippet:-1, max-image-preview:large, max-video-preview:-1\" \/>\n<link rel=\"canonical\" href=\"https:\/\/valenciasjb.salesianos.edu\/colegio\/la-atencion-a-los-ultimos-es-una-exigencia-por-ser-lo-que-somos-no-es-una-opcion\/\" \/>\n<meta property=\"og:locale\" content=\"es_ES\" \/>\n<meta property=\"og:type\" content=\"article\" \/>\n<meta property=\"og:title\" content=\"La atenci\u00f3n a los \u00faltimos es una exigencia por ser lo que somos, no es una opci\u00f3n - Colegio San Juan Bosco Valencia\" \/>\n<meta property=\"og:description\" content=\"Este pasado s\u00e1bado se celebr\u00f3 la tercera sesi\u00f3n de la Jornada de Pastoral 2019, en este caso, en el teatro de Salesianos San Antonio Abad, de Valencia, en el que miembros de los diferentes ambientes de nuestra casa salesiana estuvieron presentes. \u00a0 Redacci\u00f3n Las Jornadas de Pastoral re\u00fanen cada a\u00f1o a todos los agentes de [&hellip;]\" \/>\n<meta property=\"og:url\" content=\"https:\/\/valenciasjb.salesianos.edu\/colegio\/la-atencion-a-los-ultimos-es-una-exigencia-por-ser-lo-que-somos-no-es-una-opcion\/\" \/>\n<meta property=\"og:site_name\" content=\"Colegio San Juan Bosco Valencia\" \/>\n<meta property=\"article:publisher\" content=\"https:\/\/www.facebook.com\/ColegioSalesianoSanJuanBoscoValencia\" \/>\n<meta property=\"article:published_time\" content=\"2019-01-28T16:11:21+00:00\" \/>\n<meta property=\"article:modified_time\" content=\"2019-01-28T16:13:32+00:00\" \/>\n<meta property=\"og:image\" content=\"https:\/\/valenciasjb.salesianos.edu\/colegio\/wp-content\/uploads\/sites\/2\/2019\/01\/51085280_2140973852592475_6697055772083224576_n.jpg\" \/>\n\t<meta property=\"og:image:width\" content=\"960\" \/>\n\t<meta property=\"og:image:height\" content=\"720\" \/>\n\t<meta property=\"og:image:type\" content=\"image\/jpeg\" \/>\n<meta name=\"author\" content=\"veronicapastor\" \/>\n<meta name=\"twitter:card\" content=\"summary_large_image\" \/>\n<meta name=\"twitter:creator\" content=\"@SalesianosVSJB\" \/>\n<meta name=\"twitter:site\" content=\"@SalesianosVSJB\" \/>\n<meta name=\"twitter:label1\" content=\"Escrito por\" \/>\n\t<meta name=\"twitter:data1\" content=\"veronicapastor\" \/>\n\t<meta name=\"twitter:label2\" content=\"Tiempo de lectura\" \/>\n\t<meta name=\"twitter:data2\" content=\"3 minutos\" \/>\n<script type=\"application\/ld+json\" class=\"yoast-schema-graph\">{\"@context\":\"https:\\\/\\\/schema.org\",\"@graph\":[{\"@type\":\"Article\",\"@id\":\"https:\\\/\\\/valenciasjb.salesianos.edu\\\/colegio\\\/la-atencion-a-los-ultimos-es-una-exigencia-por-ser-lo-que-somos-no-es-una-opcion\\\/#article\",\"isPartOf\":{\"@id\":\"https:\\\/\\\/valenciasjb.salesianos.edu\\\/colegio\\\/la-atencion-a-los-ultimos-es-una-exigencia-por-ser-lo-que-somos-no-es-una-opcion\\\/\"},\"author\":{\"name\":\"veronicapastor\",\"@id\":\"https:\\\/\\\/valenciasjb.salesianos.edu\\\/colegio\\\/#\\\/schema\\\/person\\\/1f45b67e52b27da175190a574db6bed9\"},\"headline\":\"La atenci\u00f3n a los \u00faltimos es una exigencia por ser lo que somos, no es una opci\u00f3n\",\"datePublished\":\"2019-01-28T16:11:21+00:00\",\"dateModified\":\"2019-01-28T16:13:32+00:00\",\"mainEntityOfPage\":{\"@id\":\"https:\\\/\\\/valenciasjb.salesianos.edu\\\/colegio\\\/la-atencion-a-los-ultimos-es-una-exigencia-por-ser-lo-que-somos-no-es-una-opcion\\\/\"},\"wordCount\":686,\"image\":{\"@id\":\"https:\\\/\\\/valenciasjb.salesianos.edu\\\/colegio\\\/la-atencion-a-los-ultimos-es-una-exigencia-por-ser-lo-que-somos-no-es-una-opcion\\\/#primaryimage\"},\"thumbnailUrl\":\"https:\\\/\\\/valenciasjb.salesianos.edu\\\/colegio\\\/wp-content\\\/uploads\\\/sites\\\/2\\\/2019\\\/01\\\/51085280_2140973852592475_6697055772083224576_n.jpg\",\"articleSection\":[\"Noticia Colegio\"],\"inLanguage\":\"es\"},{\"@type\":\"WebPage\",\"@id\":\"https:\\\/\\\/valenciasjb.salesianos.edu\\\/colegio\\\/la-atencion-a-los-ultimos-es-una-exigencia-por-ser-lo-que-somos-no-es-una-opcion\\\/\",\"url\":\"https:\\\/\\\/valenciasjb.salesianos.edu\\\/colegio\\\/la-atencion-a-los-ultimos-es-una-exigencia-por-ser-lo-que-somos-no-es-una-opcion\\\/\",\"name\":\"La atenci\u00f3n a los \u00faltimos es una exigencia por ser lo que somos, no es una opci\u00f3n - Colegio San Juan Bosco Valencia\",\"isPartOf\":{\"@id\":\"https:\\\/\\\/valenciasjb.salesianos.edu\\\/colegio\\\/#website\"},\"primaryImageOfPage\":{\"@id\":\"https:\\\/\\\/valenciasjb.salesianos.edu\\\/colegio\\\/la-atencion-a-los-ultimos-es-una-exigencia-por-ser-lo-que-somos-no-es-una-opcion\\\/#primaryimage\"},\"image\":{\"@id\":\"https:\\\/\\\/valenciasjb.salesianos.edu\\\/colegio\\\/la-atencion-a-los-ultimos-es-una-exigencia-por-ser-lo-que-somos-no-es-una-opcion\\\/#primaryimage\"},\"thumbnailUrl\":\"https:\\\/\\\/valenciasjb.salesianos.edu\\\/colegio\\\/wp-content\\\/uploads\\\/sites\\\/2\\\/2019\\\/01\\\/51085280_2140973852592475_6697055772083224576_n.jpg\",\"datePublished\":\"2019-01-28T16:11:21+00:00\",\"dateModified\":\"2019-01-28T16:13:32+00:00\",\"author\":{\"@id\":\"https:\\\/\\\/valenciasjb.salesianos.edu\\\/colegio\\\/#\\\/schema\\\/person\\\/1f45b67e52b27da175190a574db6bed9\"},\"breadcrumb\":{\"@id\":\"https:\\\/\\\/valenciasjb.salesianos.edu\\\/colegio\\\/la-atencion-a-los-ultimos-es-una-exigencia-por-ser-lo-que-somos-no-es-una-opcion\\\/#breadcrumb\"},\"inLanguage\":\"es\",\"potentialAction\":[{\"@type\":\"ReadAction\",\"target\":[\"https:\\\/\\\/valenciasjb.salesianos.edu\\\/colegio\\\/la-atencion-a-los-ultimos-es-una-exigencia-por-ser-lo-que-somos-no-es-una-opcion\\\/\"]}]},{\"@type\":\"ImageObject\",\"inLanguage\":\"es\",\"@id\":\"https:\\\/\\\/valenciasjb.salesianos.edu\\\/colegio\\\/la-atencion-a-los-ultimos-es-una-exigencia-por-ser-lo-que-somos-no-es-una-opcion\\\/#primaryimage\",\"url\":\"https:\\\/\\\/valenciasjb.salesianos.edu\\\/colegio\\\/wp-content\\\/uploads\\\/sites\\\/2\\\/2019\\\/01\\\/51085280_2140973852592475_6697055772083224576_n.jpg\",\"contentUrl\":\"https:\\\/\\\/valenciasjb.salesianos.edu\\\/colegio\\\/wp-content\\\/uploads\\\/sites\\\/2\\\/2019\\\/01\\\/51085280_2140973852592475_6697055772083224576_n.jpg\",\"width\":960,\"height\":720},{\"@type\":\"BreadcrumbList\",\"@id\":\"https:\\\/\\\/valenciasjb.salesianos.edu\\\/colegio\\\/la-atencion-a-los-ultimos-es-una-exigencia-por-ser-lo-que-somos-no-es-una-opcion\\\/#breadcrumb\",\"itemListElement\":[{\"@type\":\"ListItem\",\"position\":1,\"name\":\"Portada\",\"item\":\"https:\\\/\\\/valenciasjb.salesianos.edu\\\/colegio\\\/\"},{\"@type\":\"ListItem\",\"position\":2,\"name\":\"La atenci\u00f3n a los \u00faltimos es una exigencia por ser lo que somos, no es una opci\u00f3n\"}]},{\"@type\":\"WebSite\",\"@id\":\"https:\\\/\\\/valenciasjb.salesianos.edu\\\/colegio\\\/#website\",\"url\":\"https:\\\/\\\/valenciasjb.salesianos.edu\\\/colegio\\\/\",\"name\":\"Colegio San Juan Bosco Valencia\",\"description\":\"P\u00e1gina oficial del Colegio Salesianos San Juan Bosco Valencia\",\"alternateName\":\"Salesianos.VSJB\",\"potentialAction\":[{\"@type\":\"SearchAction\",\"target\":{\"@type\":\"EntryPoint\",\"urlTemplate\":\"https:\\\/\\\/valenciasjb.salesianos.edu\\\/colegio\\\/?s={search_term_string}\"},\"query-input\":{\"@type\":\"PropertyValueSpecification\",\"valueRequired\":true,\"valueName\":\"search_term_string\"}}],\"inLanguage\":\"es\"},{\"@type\":\"Person\",\"@id\":\"https:\\\/\\\/valenciasjb.salesianos.edu\\\/colegio\\\/#\\\/schema\\\/person\\\/1f45b67e52b27da175190a574db6bed9\",\"name\":\"veronicapastor\",\"image\":{\"@type\":\"ImageObject\",\"inLanguage\":\"es\",\"@id\":\"https:\\\/\\\/secure.gravatar.com\\\/avatar\\\/e29bd40bace3fd935e1d6fdb7313ffc14628cc037c5e16f4c7369b20a2a6f7f0?s=96&d=mm&r=g\",\"url\":\"https:\\\/\\\/secure.gravatar.com\\\/avatar\\\/e29bd40bace3fd935e1d6fdb7313ffc14628cc037c5e16f4c7369b20a2a6f7f0?s=96&d=mm&r=g\",\"contentUrl\":\"https:\\\/\\\/secure.gravatar.com\\\/avatar\\\/e29bd40bace3fd935e1d6fdb7313ffc14628cc037c5e16f4c7369b20a2a6f7f0?s=96&d=mm&r=g\",\"caption\":\"veronicapastor\"}}]}<\/script>\n<!-- \/ Yoast SEO plugin. -->","yoast_head_json":{"title":"La atenci\u00f3n a los \u00faltimos es una exigencia por ser lo que somos, no es una opci\u00f3n - Colegio San Juan Bosco Valencia","robots":{"index":"index","follow":"follow","max-snippet":"max-snippet:-1","max-image-preview":"max-image-preview:large","max-video-preview":"max-video-preview:-1"},"canonical":"https:\/\/valenciasjb.salesianos.edu\/colegio\/la-atencion-a-los-ultimos-es-una-exigencia-por-ser-lo-que-somos-no-es-una-opcion\/","og_locale":"es_ES","og_type":"article","og_title":"La atenci\u00f3n a los \u00faltimos es una exigencia por ser lo que somos, no es una opci\u00f3n - Colegio San Juan Bosco Valencia","og_description":"Este pasado s\u00e1bado se celebr\u00f3 la tercera sesi\u00f3n de la Jornada de Pastoral 2019, en este caso, en el teatro de Salesianos San Antonio Abad, de Valencia, en el que miembros de los diferentes ambientes de nuestra casa salesiana estuvieron presentes. \u00a0 Redacci\u00f3n Las Jornadas de Pastoral re\u00fanen cada a\u00f1o a todos los agentes de [&hellip;]","og_url":"https:\/\/valenciasjb.salesianos.edu\/colegio\/la-atencion-a-los-ultimos-es-una-exigencia-por-ser-lo-que-somos-no-es-una-opcion\/","og_site_name":"Colegio San Juan Bosco Valencia","article_publisher":"https:\/\/www.facebook.com\/ColegioSalesianoSanJuanBoscoValencia","article_published_time":"2019-01-28T16:11:21+00:00","article_modified_time":"2019-01-28T16:13:32+00:00","og_image":[{"width":960,"height":720,"url":"https:\/\/valenciasjb.salesianos.edu\/colegio\/wp-content\/uploads\/sites\/2\/2019\/01\/51085280_2140973852592475_6697055772083224576_n.jpg","type":"image\/jpeg"}],"author":"veronicapastor","twitter_card":"summary_large_image","twitter_creator":"@SalesianosVSJB","twitter_site":"@SalesianosVSJB","twitter_misc":{"Escrito por":"veronicapastor","Tiempo de lectura":"3 minutos"},"schema":{"@context":"https:\/\/schema.org","@graph":[{"@type":"Article","@id":"https:\/\/valenciasjb.salesianos.edu\/colegio\/la-atencion-a-los-ultimos-es-una-exigencia-por-ser-lo-que-somos-no-es-una-opcion\/#article","isPartOf":{"@id":"https:\/\/valenciasjb.salesianos.edu\/colegio\/la-atencion-a-los-ultimos-es-una-exigencia-por-ser-lo-que-somos-no-es-una-opcion\/"},"author":{"name":"veronicapastor","@id":"https:\/\/valenciasjb.salesianos.edu\/colegio\/#\/schema\/person\/1f45b67e52b27da175190a574db6bed9"},"headline":"La atenci\u00f3n a los \u00faltimos es una exigencia por ser lo que somos, no es una opci\u00f3n","datePublished":"2019-01-28T16:11:21+00:00","dateModified":"2019-01-28T16:13:32+00:00","mainEntityOfPage":{"@id":"https:\/\/valenciasjb.salesianos.edu\/colegio\/la-atencion-a-los-ultimos-es-una-exigencia-por-ser-lo-que-somos-no-es-una-opcion\/"},"wordCount":686,"image":{"@id":"https:\/\/valenciasjb.salesianos.edu\/colegio\/la-atencion-a-los-ultimos-es-una-exigencia-por-ser-lo-que-somos-no-es-una-opcion\/#primaryimage"},"thumbnailUrl":"https:\/\/valenciasjb.salesianos.edu\/colegio\/wp-content\/uploads\/sites\/2\/2019\/01\/51085280_2140973852592475_6697055772083224576_n.jpg","articleSection":["Noticia Colegio"],"inLanguage":"es"},{"@type":"WebPage","@id":"https:\/\/valenciasjb.salesianos.edu\/colegio\/la-atencion-a-los-ultimos-es-una-exigencia-por-ser-lo-que-somos-no-es-una-opcion\/","url":"https:\/\/valenciasjb.salesianos.edu\/colegio\/la-atencion-a-los-ultimos-es-una-exigencia-por-ser-lo-que-somos-no-es-una-opcion\/","name":"La atenci\u00f3n a los \u00faltimos es una exigencia por ser lo que somos, no es una opci\u00f3n - Colegio San Juan Bosco Valencia","isPartOf":{"@id":"https:\/\/valenciasjb.salesianos.edu\/colegio\/#website"},"primaryImageOfPage":{"@id":"https:\/\/valenciasjb.salesianos.edu\/colegio\/la-atencion-a-los-ultimos-es-una-exigencia-por-ser-lo-que-somos-no-es-una-opcion\/#primaryimage"},"image":{"@id":"https:\/\/valenciasjb.salesianos.edu\/colegio\/la-atencion-a-los-ultimos-es-una-exigencia-por-ser-lo-que-somos-no-es-una-opcion\/#primaryimage"},"thumbnailUrl":"https:\/\/valenciasjb.salesianos.edu\/colegio\/wp-content\/uploads\/sites\/2\/2019\/01\/51085280_2140973852592475_6697055772083224576_n.jpg","datePublished":"2019-01-28T16:11:21+00:00","dateModified":"2019-01-28T16:13:32+00:00","author":{"@id":"https:\/\/valenciasjb.salesianos.edu\/colegio\/#\/schema\/person\/1f45b67e52b27da175190a574db6bed9"},"breadcrumb":{"@id":"https:\/\/valenciasjb.salesianos.edu\/colegio\/la-atencion-a-los-ultimos-es-una-exigencia-por-ser-lo-que-somos-no-es-una-opcion\/#breadcrumb"},"inLanguage":"es","potentialAction":[{"@type":"ReadAction","target":["https:\/\/valenciasjb.salesianos.edu\/colegio\/la-atencion-a-los-ultimos-es-una-exigencia-por-ser-lo-que-somos-no-es-una-opcion\/"]}]},{"@type":"ImageObject","inLanguage":"es","@id":"https:\/\/valenciasjb.salesianos.edu\/colegio\/la-atencion-a-los-ultimos-es-una-exigencia-por-ser-lo-que-somos-no-es-una-opcion\/#primaryimage","url":"https:\/\/valenciasjb.salesianos.edu\/colegio\/wp-content\/uploads\/sites\/2\/2019\/01\/51085280_2140973852592475_6697055772083224576_n.jpg","contentUrl":"https:\/\/valenciasjb.salesianos.edu\/colegio\/wp-content\/uploads\/sites\/2\/2019\/01\/51085280_2140973852592475_6697055772083224576_n.jpg","width":960,"height":720},{"@type":"BreadcrumbList","@id":"https:\/\/valenciasjb.salesianos.edu\/colegio\/la-atencion-a-los-ultimos-es-una-exigencia-por-ser-lo-que-somos-no-es-una-opcion\/#breadcrumb","itemListElement":[{"@type":"ListItem","position":1,"name":"Portada","item":"https:\/\/valenciasjb.salesianos.edu\/colegio\/"},{"@type":"ListItem","position":2,"name":"La atenci\u00f3n a los \u00faltimos es una exigencia por ser lo que somos, no es una opci\u00f3n"}]},{"@type":"WebSite","@id":"https:\/\/valenciasjb.salesianos.edu\/colegio\/#website","url":"https:\/\/valenciasjb.salesianos.edu\/colegio\/","name":"Colegio San Juan Bosco Valencia","description":"P\u00e1gina oficial del Colegio Salesianos San Juan Bosco Valencia","alternateName":"Salesianos.VSJB","potentialAction":[{"@type":"SearchAction","target":{"@type":"EntryPoint","urlTemplate":"https:\/\/valenciasjb.salesianos.edu\/colegio\/?s={search_term_string}"},"query-input":{"@type":"PropertyValueSpecification","valueRequired":true,"valueName":"search_term_string"}}],"inLanguage":"es"},{"@type":"Person","@id":"https:\/\/valenciasjb.salesianos.edu\/colegio\/#\/schema\/person\/1f45b67e52b27da175190a574db6bed9","name":"veronicapastor","image":{"@type":"ImageObject","inLanguage":"es","@id":"https:\/\/secure.gravatar.com\/avatar\/e29bd40bace3fd935e1d6fdb7313ffc14628cc037c5e16f4c7369b20a2a6f7f0?s=96&d=mm&r=g","url":"https:\/\/secure.gravatar.com\/avatar\/e29bd40bace3fd935e1d6fdb7313ffc14628cc037c5e16f4c7369b20a2a6f7f0?s=96&d=mm&r=g","contentUrl":"https:\/\/secure.gravatar.com\/avatar\/e29bd40bace3fd935e1d6fdb7313ffc14628cc037c5e16f4c7369b20a2a6f7f0?s=96&d=mm&r=g","caption":"veronicapastor"}}]}},"_links":{"self":[{"href":"https:\/\/valenciasjb.salesianos.edu\/colegio\/wp-json\/wp\/v2\/posts\/10142","targetHints":{"allow":["GET"]}}],"collection":[{"href":"https:\/\/valenciasjb.salesianos.edu\/colegio\/wp-json\/wp\/v2\/posts"}],"about":[{"href":"https:\/\/valenciasjb.salesianos.edu\/colegio\/wp-json\/wp\/v2\/types\/post"}],"author":[{"embeddable":true,"href":"https:\/\/valenciasjb.salesianos.edu\/colegio\/wp-json\/wp\/v2\/users\/6"}],"replies":[{"embeddable":true,"href":"https:\/\/valenciasjb.salesianos.edu\/colegio\/wp-json\/wp\/v2\/comments?post=10142"}],"version-history":[{"count":3,"href":"https:\/\/valenciasjb.salesianos.edu\/colegio\/wp-json\/wp\/v2\/posts\/10142\/revisions"}],"predecessor-version":[{"id":10152,"href":"https:\/\/valenciasjb.salesianos.edu\/colegio\/wp-json\/wp\/v2\/posts\/10142\/revisions\/10152"}],"wp:featuredmedia":[{"embeddable":true,"href":"https:\/\/valenciasjb.salesianos.edu\/colegio\/wp-json\/wp\/v2\/media\/10150"}],"wp:attachment":[{"href":"https:\/\/valenciasjb.salesianos.edu\/colegio\/wp-json\/wp\/v2\/media?parent=10142"}],"wp:term":[{"taxonomy":"category","embeddable":true,"href":"https:\/\/valenciasjb.salesianos.edu\/colegio\/wp-json\/wp\/v2\/categories?post=10142"},{"taxonomy":"post_tag","embeddable":true,"href":"https:\/\/valenciasjb.salesianos.edu\/colegio\/wp-json\/wp\/v2\/tags?post=10142"}],"curies":[{"name":"wp","href":"https:\/\/api.w.org\/{rel}","templated":true}]}}