{"id":10160,"date":"2019-01-29T20:12:18","date_gmt":"2019-01-29T19:12:18","guid":{"rendered":"https:\/\/valenciasjb.salesianos.edu\/colegio\/?p=10160"},"modified":"2019-01-29T20:16:32","modified_gmt":"2019-01-29T19:16:32","slug":"el-colegio-celebrara-el-dia-de-la-radio-4-de-febrero-con-una-emision-durante-todo-el-dia-en-directo","status":"publish","type":"post","link":"https:\/\/valenciasjb.salesianos.edu\/colegio\/el-colegio-celebrara-el-dia-de-la-radio-4-de-febrero-con-una-emision-durante-todo-el-dia-en-directo\/","title":{"rendered":"El colegio celebrar\u00e1 el D\u00eda de la Radio, 4 de febrero, con una emisi\u00f3n durante todo el d\u00eda en directo"},"content":{"rendered":"<div id=\"fb-root\"><\/div>\n<p>[et_pb_section bb_built=\u00bb1&#8243; admin_label=\u00bbsection\u00bb][et_pb_row admin_label=\u00bbrow\u00bb background_position=\u00bbtop_left\u00bb background_repeat=\u00bbrepeat\u00bb background_size=\u00bbinitial\u00bb][et_pb_column type=\u00bb4_4&#8243;][et_pb_text admin_label=\u00bbEntradilla (Texto)\u00bb _builder_version=\u00bb3.18.7&#8243; text_orientation=\u00bbjustified\u00bb text_font=\u00bb|on|||\u00bb module_alignment=\u00bbleft\u00bb]<\/p>\n<div id=\"resumen\"><strong><span style=\"font-weight: 400\">Ya se acerca el D\u00eda de la Radio, que tendr\u00e1 lugar el pr\u00f3ximo lunes, 4 de febrero. Y en nuestro colegio lo queremos celebrar emitiendo en directo durante ese d\u00eda, de 8 a 17 horas, para toda la comunidad educativa. Echa un ojo a nuestra parrilla y entra en la web del colegio o en nuestras redes sociales para escuchar nuestros programas:<\/span><\/strong><\/div>\n<div>\u00a0<\/div>\n<p>[\/et_pb_text][et_pb_text admin_label=\u00bbAutor (Texto)\u00bb _builder_version=\u00bb3.18.7&#8243; text_font=\u00bb||on||\u00bb]<\/p>\n<p>Redacci\u00f3n.<\/p>\n<p>[\/et_pb_text][et_pb_text admin_label=\u00bbDesarrollo (Texto)\u00bb _builder_version=\u00bb3.18.7&#8243; text_orientation=\u00bbjustified\u00bb module_alignment=\u00bbleft\u00bb]<\/p>\n<p><span style=\"font-weight: 400\">8:00 \u00a0\u00a0\u00a0Arranca el D\u00eda de la Radio<\/span><\/p>\n<p><span style=\"font-weight: 400\">8:15 \u00a0\u00a0\u00a0Buenos d\u00edas ESO y Bachillerato<\/span><\/p>\n<p><span style=\"font-weight: 400\">8:20 \u00a0\u00a0\u00a0Debate \u201cQui\u00e9n saluda\u201d<\/span><\/p>\n<p><span style=\"font-weight: 400\">9:05 \u00a0\u00a0\u00a0Buenos d\u00edas Primaria<\/span><\/p>\n<p><span style=\"font-weight: 400\">9:15 \u00a0\u00a0\u00a0Entrevista sobre la radio<\/span><\/p>\n<p><span style=\"font-weight: 400\">9:25 \u00a0\u00a0\u00a0Profes de ayer, hoy<\/span><\/p>\n<p><span style=\"font-weight: 400\">10:00 \u00a0Agenda cultural<\/span><\/p>\n<p><span style=\"font-weight: 400\">10:10 \u00a0Canciones para los peque\u00f1os<\/span><\/p>\n<p><span style=\"font-weight: 400\">10:25 \u00a0Concurso \u201cEl tiempo es oro\u201d \u00a0Bachiller<\/span><\/p>\n<p><span style=\"font-weight: 400\">11:00 \u00a0\u00a0Concurso 1\u00ba y 2\u00ba Primaria<\/span><\/p>\n<p><span style=\"font-weight: 400\">11:20 \u00a0\u00a0Concurso 3\u00ba y 4\u00ba Primaria<\/span><\/p>\n<p><span style=\"font-weight: 400\">11:40 \u00a0\u00a0Actuaciones musicales<\/span><\/p>\n<p><span style=\"font-weight: 400\">11:50 \u00a0\u00a0Concurso 5\u00ba y 6\u00ba Primaria<\/span><\/p>\n<p><span style=\"font-weight: 400\">12:00 \u00a0\u00a0Hora del deporte<\/span><\/p>\n<p><span style=\"font-weight: 400\">12:50 \u00a0\u00a0Nuestros proyectos<\/span><\/p>\n<p><span style=\"font-weight: 400\">13:30 \u00a0\u00a0Concurso \u201cEl tiempo es oro\u201d ESO<\/span><\/p>\n<p><span style=\"font-weight: 400\">14:00 \u00a0\u00a0Mens sana in corpore sano: Comedor<\/span><\/p>\n<p><span style=\"font-weight: 400\">15:00 \u00a0\u00a0Parroquia<\/span><\/p>\n<p><span style=\"font-weight: 400\">15:30 \u00a0\u00a0AMPAS<\/span><\/p>\n<p><span style=\"font-weight: 400\">16:15 \u00a0\u00a0Una radio terap\u00e9utica: ASIEM<\/span><\/p>\n<p><span style=\"font-weight: 400\">17:00 \u00a0\u00a0\u00a0Despedida<\/span><\/p>\n<p>[\/et_pb_text][et_pb_text admin_label=\u00bbT\u00edtulo: Galer\u00eda de fotos (Texto)\u00bb _builder_version=\u00bb3.0.76&#8243; background_layout=\u00bblight\u00bb text_font=\u00bb|on|||\u00bb text_text_color=\u00bb#dc001b\u00bb border_style=\u00bbsolid\u00bb disabled=\u00bboff\u00bb disabled_on=\u00bboff|on|on\u00bb]<\/p>\n<p>Galer\u00eda de im\u00e1genes<\/p>\n<p>[\/et_pb_text][et_pb_gallery _builder_version=\u00bb3.18.7&#8243; posts_number=\u00bb8&#8243; show_title_and_caption=\u00bboff\u00bb zoom_icon_color=\u00bb#dc001b\u00bb hover_overlay_color=\u00bbrgba(255,255,255,0.9)\u00bb hover_icon=\u00bb%%51%%\u00bb disabled=\u00bboff\u00bb disabled_on=\u00bboff|off|off\u00bb gallery_ids=\u00bb10161,10127&#8243; pagination_font_size_tablet=\u00bb51&#8243; pagination_line_height_tablet=\u00bb2&#8243; \/][et_pb_video _builder_version=\u00bb3.0.51&#8243; disabled=\u00bbon\u00bb disabled_on=\u00bbon|on|on\u00bb \/][\/et_pb_column][\/et_pb_row][\/et_pb_section]<\/p>\n<!-- AddThis Advanced Settings generic via filter on the_content --><!-- AddThis Share Buttons generic via filter on the_content -->","protected":false},"excerpt":{"rendered":"<p>Ya se acerca el D\u00eda de la Radio, que tendr\u00e1 lugar el pr\u00f3ximo lunes, 4 de febrero. Y en nuestro colegio lo queremos celebrar emitiendo en directo durante ese d\u00eda, de 8 a 17 horas, para toda la comunidad educativa. Echa un ojo a nuestra parrilla y entra en la web del colegio o en [&hellip;]<\/p>\n<p><!-- AddThis Advanced Settings generic via filter on get_the_excerpt --><!-- AddThis Share Buttons generic via filter on get_the_excerpt --><\/p>\n","protected":false},"author":6,"featured_media":10127,"comment_status":"closed","ping_status":"open","sticky":false,"template":"","format":"standard","meta":{"_et_pb_use_builder":"on","_et_pb_old_content":"","_et_gb_content_width":"","footnotes":""},"categories":[14],"tags":[],"class_list":["post-10160","post","type-post","status-publish","format-standard","has-post-thumbnail","hentry","category-noticia_colegio"],"yoast_head":"<!-- This site is optimized with the Yoast SEO plugin v28.4 - https:\/\/yoast.com\/product\/yoast-seo-wordpress\/ -->\n<title>El colegio celebrar\u00e1 el D\u00eda de la Radio, 4 de febrero, con una emisi\u00f3n durante todo el d\u00eda en directo - Colegio San Juan Bosco Valencia<\/title>\n<meta name=\"robots\" content=\"index, follow, max-snippet:-1, max-image-preview:large, max-video-preview:-1\" \/>\n<link rel=\"canonical\" href=\"https:\/\/valenciasjb.salesianos.edu\/colegio\/el-colegio-celebrara-el-dia-de-la-radio-4-de-febrero-con-una-emision-durante-todo-el-dia-en-directo\/\" \/>\n<meta property=\"og:locale\" content=\"es_ES\" \/>\n<meta property=\"og:type\" content=\"article\" \/>\n<meta property=\"og:title\" content=\"El colegio celebrar\u00e1 el D\u00eda de la Radio, 4 de febrero, con una emisi\u00f3n durante todo el d\u00eda en directo - Colegio San Juan Bosco Valencia\" \/>\n<meta property=\"og:description\" content=\"Ya se acerca el D\u00eda de la Radio, que tendr\u00e1 lugar el pr\u00f3ximo lunes, 4 de febrero. Y en nuestro colegio lo queremos celebrar emitiendo en directo durante ese d\u00eda, de 8 a 17 horas, para toda la comunidad educativa. Echa un ojo a nuestra parrilla y entra en la web del colegio o en [&hellip;]\" \/>\n<meta property=\"og:url\" content=\"https:\/\/valenciasjb.salesianos.edu\/colegio\/el-colegio-celebrara-el-dia-de-la-radio-4-de-febrero-con-una-emision-durante-todo-el-dia-en-directo\/\" \/>\n<meta property=\"og:site_name\" content=\"Colegio San Juan Bosco Valencia\" \/>\n<meta property=\"article:publisher\" content=\"https:\/\/www.facebook.com\/ColegioSalesianoSanJuanBoscoValencia\" \/>\n<meta property=\"article:published_time\" content=\"2019-01-29T19:12:18+00:00\" \/>\n<meta property=\"article:modified_time\" content=\"2019-01-29T19:16:32+00:00\" \/>\n<meta property=\"og:image\" content=\"https:\/\/valenciasjb.salesianos.edu\/colegio\/wp-content\/uploads\/sites\/2\/2019\/01\/Di\u0301a_De_La_Radio-web.jpg\" \/>\n\t<meta property=\"og:image:width\" content=\"300\" \/>\n\t<meta property=\"og:image:height\" content=\"424\" \/>\n\t<meta property=\"og:image:type\" content=\"image\/jpeg\" \/>\n<meta name=\"author\" content=\"veronicapastor\" \/>\n<meta name=\"twitter:card\" content=\"summary_large_image\" \/>\n<meta name=\"twitter:creator\" content=\"@SalesianosVSJB\" \/>\n<meta name=\"twitter:site\" content=\"@SalesianosVSJB\" \/>\n<meta name=\"twitter:label1\" content=\"Escrito por\" \/>\n\t<meta name=\"twitter:data1\" content=\"veronicapastor\" \/>\n\t<meta name=\"twitter:label2\" content=\"Tiempo de lectura\" \/>\n\t<meta name=\"twitter:data2\" content=\"2 minutos\" \/>\n<script type=\"application\/ld+json\" class=\"yoast-schema-graph\">{\"@context\":\"https:\\\/\\\/schema.org\",\"@graph\":[{\"@type\":\"Article\",\"@id\":\"https:\\\/\\\/valenciasjb.salesianos.edu\\\/colegio\\\/el-colegio-celebrara-el-dia-de-la-radio-4-de-febrero-con-una-emision-durante-todo-el-dia-en-directo\\\/#article\",\"isPartOf\":{\"@id\":\"https:\\\/\\\/valenciasjb.salesianos.edu\\\/colegio\\\/el-colegio-celebrara-el-dia-de-la-radio-4-de-febrero-con-una-emision-durante-todo-el-dia-en-directo\\\/\"},\"author\":{\"name\":\"veronicapastor\",\"@id\":\"https:\\\/\\\/valenciasjb.salesianos.edu\\\/colegio\\\/#\\\/schema\\\/person\\\/1f45b67e52b27da175190a574db6bed9\"},\"headline\":\"El colegio celebrar\u00e1 el D\u00eda de la Radio, 4 de febrero, con una emisi\u00f3n durante todo el d\u00eda en directo\",\"datePublished\":\"2019-01-29T19:12:18+00:00\",\"dateModified\":\"2019-01-29T19:16:32+00:00\",\"mainEntityOfPage\":{\"@id\":\"https:\\\/\\\/valenciasjb.salesianos.edu\\\/colegio\\\/el-colegio-celebrara-el-dia-de-la-radio-4-de-febrero-con-una-emision-durante-todo-el-dia-en-directo\\\/\"},\"wordCount\":350,\"image\":{\"@id\":\"https:\\\/\\\/valenciasjb.salesianos.edu\\\/colegio\\\/el-colegio-celebrara-el-dia-de-la-radio-4-de-febrero-con-una-emision-durante-todo-el-dia-en-directo\\\/#primaryimage\"},\"thumbnailUrl\":\"https:\\\/\\\/valenciasjb.salesianos.edu\\\/colegio\\\/wp-content\\\/uploads\\\/sites\\\/2\\\/2019\\\/01\\\/Di\u0301a_De_La_Radio-web.jpg\",\"articleSection\":[\"Noticia Colegio\"],\"inLanguage\":\"es\"},{\"@type\":\"WebPage\",\"@id\":\"https:\\\/\\\/valenciasjb.salesianos.edu\\\/colegio\\\/el-colegio-celebrara-el-dia-de-la-radio-4-de-febrero-con-una-emision-durante-todo-el-dia-en-directo\\\/\",\"url\":\"https:\\\/\\\/valenciasjb.salesianos.edu\\\/colegio\\\/el-colegio-celebrara-el-dia-de-la-radio-4-de-febrero-con-una-emision-durante-todo-el-dia-en-directo\\\/\",\"name\":\"El colegio celebrar\u00e1 el D\u00eda de la Radio, 4 de febrero, con una emisi\u00f3n durante todo el d\u00eda en directo - Colegio San Juan Bosco Valencia\",\"isPartOf\":{\"@id\":\"https:\\\/\\\/valenciasjb.salesianos.edu\\\/colegio\\\/#website\"},\"primaryImageOfPage\":{\"@id\":\"https:\\\/\\\/valenciasjb.salesianos.edu\\\/colegio\\\/el-colegio-celebrara-el-dia-de-la-radio-4-de-febrero-con-una-emision-durante-todo-el-dia-en-directo\\\/#primaryimage\"},\"image\":{\"@id\":\"https:\\\/\\\/valenciasjb.salesianos.edu\\\/colegio\\\/el-colegio-celebrara-el-dia-de-la-radio-4-de-febrero-con-una-emision-durante-todo-el-dia-en-directo\\\/#primaryimage\"},\"thumbnailUrl\":\"https:\\\/\\\/valenciasjb.salesianos.edu\\\/colegio\\\/wp-content\\\/uploads\\\/sites\\\/2\\\/2019\\\/01\\\/Di\u0301a_De_La_Radio-web.jpg\",\"datePublished\":\"2019-01-29T19:12:18+00:00\",\"dateModified\":\"2019-01-29T19:16:32+00:00\",\"author\":{\"@id\":\"https:\\\/\\\/valenciasjb.salesianos.edu\\\/colegio\\\/#\\\/schema\\\/person\\\/1f45b67e52b27da175190a574db6bed9\"},\"breadcrumb\":{\"@id\":\"https:\\\/\\\/valenciasjb.salesianos.edu\\\/colegio\\\/el-colegio-celebrara-el-dia-de-la-radio-4-de-febrero-con-una-emision-durante-todo-el-dia-en-directo\\\/#breadcrumb\"},\"inLanguage\":\"es\",\"potentialAction\":[{\"@type\":\"ReadAction\",\"target\":[\"https:\\\/\\\/valenciasjb.salesianos.edu\\\/colegio\\\/el-colegio-celebrara-el-dia-de-la-radio-4-de-febrero-con-una-emision-durante-todo-el-dia-en-directo\\\/\"]}]},{\"@type\":\"ImageObject\",\"inLanguage\":\"es\",\"@id\":\"https:\\\/\\\/valenciasjb.salesianos.edu\\\/colegio\\\/el-colegio-celebrara-el-dia-de-la-radio-4-de-febrero-con-una-emision-durante-todo-el-dia-en-directo\\\/#primaryimage\",\"url\":\"https:\\\/\\\/valenciasjb.salesianos.edu\\\/colegio\\\/wp-content\\\/uploads\\\/sites\\\/2\\\/2019\\\/01\\\/Di\u0301a_De_La_Radio-web.jpg\",\"contentUrl\":\"https:\\\/\\\/valenciasjb.salesianos.edu\\\/colegio\\\/wp-content\\\/uploads\\\/sites\\\/2\\\/2019\\\/01\\\/Di\u0301a_De_La_Radio-web.jpg\",\"width\":300,\"height\":424},{\"@type\":\"BreadcrumbList\",\"@id\":\"https:\\\/\\\/valenciasjb.salesianos.edu\\\/colegio\\\/el-colegio-celebrara-el-dia-de-la-radio-4-de-febrero-con-una-emision-durante-todo-el-dia-en-directo\\\/#breadcrumb\",\"itemListElement\":[{\"@type\":\"ListItem\",\"position\":1,\"name\":\"Portada\",\"item\":\"https:\\\/\\\/valenciasjb.salesianos.edu\\\/colegio\\\/\"},{\"@type\":\"ListItem\",\"position\":2,\"name\":\"El colegio celebrar\u00e1 el D\u00eda de la Radio, 4 de febrero, con una emisi\u00f3n durante todo el d\u00eda en directo\"}]},{\"@type\":\"WebSite\",\"@id\":\"https:\\\/\\\/valenciasjb.salesianos.edu\\\/colegio\\\/#website\",\"url\":\"https:\\\/\\\/valenciasjb.salesianos.edu\\\/colegio\\\/\",\"name\":\"Colegio San Juan Bosco Valencia\",\"description\":\"P\u00e1gina oficial del Colegio Salesianos San Juan Bosco Valencia\",\"alternateName\":\"Salesianos.VSJB\",\"potentialAction\":[{\"@type\":\"SearchAction\",\"target\":{\"@type\":\"EntryPoint\",\"urlTemplate\":\"https:\\\/\\\/valenciasjb.salesianos.edu\\\/colegio\\\/?s={search_term_string}\"},\"query-input\":{\"@type\":\"PropertyValueSpecification\",\"valueRequired\":true,\"valueName\":\"search_term_string\"}}],\"inLanguage\":\"es\"},{\"@type\":\"Person\",\"@id\":\"https:\\\/\\\/valenciasjb.salesianos.edu\\\/colegio\\\/#\\\/schema\\\/person\\\/1f45b67e52b27da175190a574db6bed9\",\"name\":\"veronicapastor\",\"image\":{\"@type\":\"ImageObject\",\"inLanguage\":\"es\",\"@id\":\"https:\\\/\\\/secure.gravatar.com\\\/avatar\\\/e29bd40bace3fd935e1d6fdb7313ffc14628cc037c5e16f4c7369b20a2a6f7f0?s=96&d=mm&r=g\",\"url\":\"https:\\\/\\\/secure.gravatar.com\\\/avatar\\\/e29bd40bace3fd935e1d6fdb7313ffc14628cc037c5e16f4c7369b20a2a6f7f0?s=96&d=mm&r=g\",\"contentUrl\":\"https:\\\/\\\/secure.gravatar.com\\\/avatar\\\/e29bd40bace3fd935e1d6fdb7313ffc14628cc037c5e16f4c7369b20a2a6f7f0?s=96&d=mm&r=g\",\"caption\":\"veronicapastor\"}}]}<\/script>\n<!-- \/ Yoast SEO plugin. -->","yoast_head_json":{"title":"El colegio celebrar\u00e1 el D\u00eda de la Radio, 4 de febrero, con una emisi\u00f3n durante todo el d\u00eda en directo - Colegio San Juan Bosco Valencia","robots":{"index":"index","follow":"follow","max-snippet":"max-snippet:-1","max-image-preview":"max-image-preview:large","max-video-preview":"max-video-preview:-1"},"canonical":"https:\/\/valenciasjb.salesianos.edu\/colegio\/el-colegio-celebrara-el-dia-de-la-radio-4-de-febrero-con-una-emision-durante-todo-el-dia-en-directo\/","og_locale":"es_ES","og_type":"article","og_title":"El colegio celebrar\u00e1 el D\u00eda de la Radio, 4 de febrero, con una emisi\u00f3n durante todo el d\u00eda en directo - Colegio San Juan Bosco Valencia","og_description":"Ya se acerca el D\u00eda de la Radio, que tendr\u00e1 lugar el pr\u00f3ximo lunes, 4 de febrero. Y en nuestro colegio lo queremos celebrar emitiendo en directo durante ese d\u00eda, de 8 a 17 horas, para toda la comunidad educativa. Echa un ojo a nuestra parrilla y entra en la web del colegio o en [&hellip;]","og_url":"https:\/\/valenciasjb.salesianos.edu\/colegio\/el-colegio-celebrara-el-dia-de-la-radio-4-de-febrero-con-una-emision-durante-todo-el-dia-en-directo\/","og_site_name":"Colegio San Juan Bosco Valencia","article_publisher":"https:\/\/www.facebook.com\/ColegioSalesianoSanJuanBoscoValencia","article_published_time":"2019-01-29T19:12:18+00:00","article_modified_time":"2019-01-29T19:16:32+00:00","og_image":[{"width":300,"height":424,"url":"https:\/\/valenciasjb.salesianos.edu\/colegio\/wp-content\/uploads\/sites\/2\/2019\/01\/Di\u0301a_De_La_Radio-web.jpg","type":"image\/jpeg"}],"author":"veronicapastor","twitter_card":"summary_large_image","twitter_creator":"@SalesianosVSJB","twitter_site":"@SalesianosVSJB","twitter_misc":{"Escrito por":"veronicapastor","Tiempo de lectura":"2 minutos"},"schema":{"@context":"https:\/\/schema.org","@graph":[{"@type":"Article","@id":"https:\/\/valenciasjb.salesianos.edu\/colegio\/el-colegio-celebrara-el-dia-de-la-radio-4-de-febrero-con-una-emision-durante-todo-el-dia-en-directo\/#article","isPartOf":{"@id":"https:\/\/valenciasjb.salesianos.edu\/colegio\/el-colegio-celebrara-el-dia-de-la-radio-4-de-febrero-con-una-emision-durante-todo-el-dia-en-directo\/"},"author":{"name":"veronicapastor","@id":"https:\/\/valenciasjb.salesianos.edu\/colegio\/#\/schema\/person\/1f45b67e52b27da175190a574db6bed9"},"headline":"El colegio celebrar\u00e1 el D\u00eda de la Radio, 4 de febrero, con una emisi\u00f3n durante todo el d\u00eda en directo","datePublished":"2019-01-29T19:12:18+00:00","dateModified":"2019-01-29T19:16:32+00:00","mainEntityOfPage":{"@id":"https:\/\/valenciasjb.salesianos.edu\/colegio\/el-colegio-celebrara-el-dia-de-la-radio-4-de-febrero-con-una-emision-durante-todo-el-dia-en-directo\/"},"wordCount":350,"image":{"@id":"https:\/\/valenciasjb.salesianos.edu\/colegio\/el-colegio-celebrara-el-dia-de-la-radio-4-de-febrero-con-una-emision-durante-todo-el-dia-en-directo\/#primaryimage"},"thumbnailUrl":"https:\/\/valenciasjb.salesianos.edu\/colegio\/wp-content\/uploads\/sites\/2\/2019\/01\/Di\u0301a_De_La_Radio-web.jpg","articleSection":["Noticia Colegio"],"inLanguage":"es"},{"@type":"WebPage","@id":"https:\/\/valenciasjb.salesianos.edu\/colegio\/el-colegio-celebrara-el-dia-de-la-radio-4-de-febrero-con-una-emision-durante-todo-el-dia-en-directo\/","url":"https:\/\/valenciasjb.salesianos.edu\/colegio\/el-colegio-celebrara-el-dia-de-la-radio-4-de-febrero-con-una-emision-durante-todo-el-dia-en-directo\/","name":"El colegio celebrar\u00e1 el D\u00eda de la Radio, 4 de febrero, con una emisi\u00f3n durante todo el d\u00eda en directo - Colegio San Juan Bosco Valencia","isPartOf":{"@id":"https:\/\/valenciasjb.salesianos.edu\/colegio\/#website"},"primaryImageOfPage":{"@id":"https:\/\/valenciasjb.salesianos.edu\/colegio\/el-colegio-celebrara-el-dia-de-la-radio-4-de-febrero-con-una-emision-durante-todo-el-dia-en-directo\/#primaryimage"},"image":{"@id":"https:\/\/valenciasjb.salesianos.edu\/colegio\/el-colegio-celebrara-el-dia-de-la-radio-4-de-febrero-con-una-emision-durante-todo-el-dia-en-directo\/#primaryimage"},"thumbnailUrl":"https:\/\/valenciasjb.salesianos.edu\/colegio\/wp-content\/uploads\/sites\/2\/2019\/01\/Di\u0301a_De_La_Radio-web.jpg","datePublished":"2019-01-29T19:12:18+00:00","dateModified":"2019-01-29T19:16:32+00:00","author":{"@id":"https:\/\/valenciasjb.salesianos.edu\/colegio\/#\/schema\/person\/1f45b67e52b27da175190a574db6bed9"},"breadcrumb":{"@id":"https:\/\/valenciasjb.salesianos.edu\/colegio\/el-colegio-celebrara-el-dia-de-la-radio-4-de-febrero-con-una-emision-durante-todo-el-dia-en-directo\/#breadcrumb"},"inLanguage":"es","potentialAction":[{"@type":"ReadAction","target":["https:\/\/valenciasjb.salesianos.edu\/colegio\/el-colegio-celebrara-el-dia-de-la-radio-4-de-febrero-con-una-emision-durante-todo-el-dia-en-directo\/"]}]},{"@type":"ImageObject","inLanguage":"es","@id":"https:\/\/valenciasjb.salesianos.edu\/colegio\/el-colegio-celebrara-el-dia-de-la-radio-4-de-febrero-con-una-emision-durante-todo-el-dia-en-directo\/#primaryimage","url":"https:\/\/valenciasjb.salesianos.edu\/colegio\/wp-content\/uploads\/sites\/2\/2019\/01\/Di\u0301a_De_La_Radio-web.jpg","contentUrl":"https:\/\/valenciasjb.salesianos.edu\/colegio\/wp-content\/uploads\/sites\/2\/2019\/01\/Di\u0301a_De_La_Radio-web.jpg","width":300,"height":424},{"@type":"BreadcrumbList","@id":"https:\/\/valenciasjb.salesianos.edu\/colegio\/el-colegio-celebrara-el-dia-de-la-radio-4-de-febrero-con-una-emision-durante-todo-el-dia-en-directo\/#breadcrumb","itemListElement":[{"@type":"ListItem","position":1,"name":"Portada","item":"https:\/\/valenciasjb.salesianos.edu\/colegio\/"},{"@type":"ListItem","position":2,"name":"El colegio celebrar\u00e1 el D\u00eda de la Radio, 4 de febrero, con una emisi\u00f3n durante todo el d\u00eda en directo"}]},{"@type":"WebSite","@id":"https:\/\/valenciasjb.salesianos.edu\/colegio\/#website","url":"https:\/\/valenciasjb.salesianos.edu\/colegio\/","name":"Colegio San Juan Bosco Valencia","description":"P\u00e1gina oficial del Colegio Salesianos San Juan Bosco Valencia","alternateName":"Salesianos.VSJB","potentialAction":[{"@type":"SearchAction","target":{"@type":"EntryPoint","urlTemplate":"https:\/\/valenciasjb.salesianos.edu\/colegio\/?s={search_term_string}"},"query-input":{"@type":"PropertyValueSpecification","valueRequired":true,"valueName":"search_term_string"}}],"inLanguage":"es"},{"@type":"Person","@id":"https:\/\/valenciasjb.salesianos.edu\/colegio\/#\/schema\/person\/1f45b67e52b27da175190a574db6bed9","name":"veronicapastor","image":{"@type":"ImageObject","inLanguage":"es","@id":"https:\/\/secure.gravatar.com\/avatar\/e29bd40bace3fd935e1d6fdb7313ffc14628cc037c5e16f4c7369b20a2a6f7f0?s=96&d=mm&r=g","url":"https:\/\/secure.gravatar.com\/avatar\/e29bd40bace3fd935e1d6fdb7313ffc14628cc037c5e16f4c7369b20a2a6f7f0?s=96&d=mm&r=g","contentUrl":"https:\/\/secure.gravatar.com\/avatar\/e29bd40bace3fd935e1d6fdb7313ffc14628cc037c5e16f4c7369b20a2a6f7f0?s=96&d=mm&r=g","caption":"veronicapastor"}}]}},"_links":{"self":[{"href":"https:\/\/valenciasjb.salesianos.edu\/colegio\/wp-json\/wp\/v2\/posts\/10160","targetHints":{"allow":["GET"]}}],"collection":[{"href":"https:\/\/valenciasjb.salesianos.edu\/colegio\/wp-json\/wp\/v2\/posts"}],"about":[{"href":"https:\/\/valenciasjb.salesianos.edu\/colegio\/wp-json\/wp\/v2\/types\/post"}],"author":[{"embeddable":true,"href":"https:\/\/valenciasjb.salesianos.edu\/colegio\/wp-json\/wp\/v2\/users\/6"}],"replies":[{"embeddable":true,"href":"https:\/\/valenciasjb.salesianos.edu\/colegio\/wp-json\/wp\/v2\/comments?post=10160"}],"version-history":[{"count":2,"href":"https:\/\/valenciasjb.salesianos.edu\/colegio\/wp-json\/wp\/v2\/posts\/10160\/revisions"}],"predecessor-version":[{"id":10163,"href":"https:\/\/valenciasjb.salesianos.edu\/colegio\/wp-json\/wp\/v2\/posts\/10160\/revisions\/10163"}],"wp:featuredmedia":[{"embeddable":true,"href":"https:\/\/valenciasjb.salesianos.edu\/colegio\/wp-json\/wp\/v2\/media\/10127"}],"wp:attachment":[{"href":"https:\/\/valenciasjb.salesianos.edu\/colegio\/wp-json\/wp\/v2\/media?parent=10160"}],"wp:term":[{"taxonomy":"category","embeddable":true,"href":"https:\/\/valenciasjb.salesianos.edu\/colegio\/wp-json\/wp\/v2\/categories?post=10160"},{"taxonomy":"post_tag","embeddable":true,"href":"https:\/\/valenciasjb.salesianos.edu\/colegio\/wp-json\/wp\/v2\/tags?post=10160"}],"curies":[{"name":"wp","href":"https:\/\/api.w.org\/{rel}","templated":true}]}}