{"id":10172,"date":"2019-01-31T14:07:34","date_gmt":"2019-01-31T13:07:34","guid":{"rendered":"https:\/\/valenciasjb.salesianos.edu\/colegio\/?p=10172"},"modified":"2019-01-31T14:14:17","modified_gmt":"2019-01-31T13:14:17","slug":"el-profesorado-mantiene-un-encuentro-con-el-padre-inspector-d-angel-asurmendi","status":"publish","type":"post","link":"https:\/\/valenciasjb.salesianos.edu\/colegio\/el-profesorado-mantiene-un-encuentro-con-el-padre-inspector-d-angel-asurmendi\/","title":{"rendered":"El profesorado mantiene un encuentro con el Padre Inspector D. \u00c1ngel Asurmendi"},"content":{"rendered":"<div id=\"fb-root\"><\/div>\n<p>[et_pb_section bb_built=\u00bb1&#8243; admin_label=\u00bbsection\u00bb][et_pb_row admin_label=\u00bbrow\u00bb background_position=\u00bbtop_left\u00bb background_repeat=\u00bbrepeat\u00bb background_size=\u00bbinitial\u00bb][et_pb_column type=\u00bb4_4&#8243;][et_pb_text admin_label=\u00bbEntradilla (Texto)\u00bb _builder_version=\u00bb3.18.7&#8243; text_orientation=\u00bbjustified\u00bb text_font=\u00bb|on|||\u00bb module_alignment=\u00bbleft\u00bb]<\/p>\n<div id=\"resumen\"><strong>En plena semana de Don Bosco, el claustro de profesores ha mantenido un encuentro con el\u00a0<span class=\"il\">Padre<\/span>\u00a0<span class=\"il\">Inspector<\/span>\u00a0D. \u00c1ngel Asurmendi, que se encuentra de visita unos d\u00edas en la casa. Ha visitado todas las instalaciones de esta presencia salesiana y tambi\u00e9n ha mantenido reuniones individuales con los miembros del equipo directivo.<\/strong><\/div>\n<div>\u00a0<\/div>\n<p>[\/et_pb_text][et_pb_text admin_label=\u00bbAutor (Texto)\u00bb _builder_version=\u00bb3.18.7&#8243; text_font=\u00bb||on||\u00bb]<\/p>\n<p>Redacci\u00f3n.<\/p>\n<p>[\/et_pb_text][et_pb_text admin_label=\u00bbDesarrollo (Texto)\u00bb _builder_version=\u00bb3.18.7&#8243; text_orientation=\u00bbjustified\u00bb module_alignment=\u00bbleft\u00bb]<\/p>\n<p>El claustro\u00a0ha valorado muy positivamente el encuentro con el Padre Inspector que, de manera muy cercana, les ha motivado para poner en pr\u00e1ctica la f\u00f3rmula de lo que \u00e9l considera debe haber en todo colegio salesiano y en la filosof\u00eda de vida de las personas.<\/p>\n<div dir=\"auto\">La f\u00f3rmula es (C+H)\u00d7A. No se trata de un c\u00e1lculo matem\u00e1tico, D. \u00c1ngel Asurmendi ha explicado que la \u00abC\u00bb de conocimientos y la \u00abH\u00bb de habilidades suma, pero es la \u00abA\u00bb de actitud la que multiplica. Para ilustrarlo, se ha apoyado de una charla Ted Talk del conferenciante V\u00edctor K\u00fcppers.<\/div>\n<div dir=\"auto\">\u00a0<\/div>\n<div dir=\"auto\">\u00bfY cu\u00e1l es la actitud de un colegio salesiano? Al igual que Jes\u00fas dijo, en el evangelio seg\u00fan San Mateo:\u00a0\u00ab<em>Dejad que los ni\u00f1os se acerquen a m\u00ed, porque de ellos es el Reino de los Cielos<\/em>\u00bb, un educador salesiano debe ser cercano, abrazar y acoger a los j\u00f3venes, como hizo Don Bosco. Don Bosco quer\u00eda que los j\u00f3venes se sintieran como en casa. Por eso a nuestras presencias las llamamos casas. D. \u00c1ngel ha animado a conseguirlo con peque\u00f1os gestos: saludar, dar los buenos d\u00edas, sonreir, para que las personas se sientan queridas.<\/div>\n<div dir=\"auto\">\u00a0<\/div>\n<div dir=\"auto\">Tambi\u00e9n ha instado a los presentes a \u00abbendecir\u00bb a sus alumnos y alumnas, reconociendo las cosas que los chicos hacen bien. En los colegios salesianos intentamos descubrir qu\u00e9 es lo que hay en cada persona y potenciarlo.<\/div>\n<div dir=\"auto\">\u00a0<\/div>\n<div dir=\"auto\">La \u00faltima clave es la \u00abfelicidad\u00bb para la construcci\u00f3n completa de la persona y para crear un buen ambiente de estudio.<\/div>\n<div dir=\"auto\">\u00a0<\/div>\n<div dir=\"auto\">\u00abVosotros completar\u00e9is la obra que yo empiezo. Yo hago el boceto, vosotros pondr\u00e9is los colores\u00bb.<\/div>\n<p>[\/et_pb_text][et_pb_text admin_label=\u00bbT\u00edtulo: Galer\u00eda de fotos (Texto)\u00bb _builder_version=\u00bb3.0.76&#8243; background_layout=\u00bblight\u00bb text_font=\u00bb|on|||\u00bb text_text_color=\u00bb#dc001b\u00bb border_style=\u00bbsolid\u00bb disabled=\u00bboff\u00bb disabled_on=\u00bboff|on|on\u00bb]<\/p>\n<p>Galer\u00eda de im\u00e1genes<\/p>\n<p>[\/et_pb_text][et_pb_gallery _builder_version=\u00bb3.18.7&#8243; posts_number=\u00bb8&#8243; show_title_and_caption=\u00bboff\u00bb zoom_icon_color=\u00bb#dc001b\u00bb hover_overlay_color=\u00bbrgba(255,255,255,0.9)\u00bb hover_icon=\u00bb%%51%%\u00bb disabled=\u00bboff\u00bb disabled_on=\u00bboff|off|off\u00bb gallery_ids=\u00bb10178,10179,10177,10176,10175,10174,10173&#8243; pagination_font_size_tablet=\u00bb51&#8243; pagination_line_height_tablet=\u00bb2&#8243; \/][et_pb_video _builder_version=\u00bb3.0.51&#8243; disabled=\u00bbon\u00bb disabled_on=\u00bbon|on|on\u00bb \/][\/et_pb_column][\/et_pb_row][\/et_pb_section]<\/p>\n<!-- AddThis Advanced Settings generic via filter on the_content --><!-- AddThis Share Buttons generic via filter on the_content -->","protected":false},"excerpt":{"rendered":"<p>En plena semana de Don Bosco, el claustro de profesores ha mantenido un encuentro con el\u00a0Padre\u00a0Inspector\u00a0D. \u00c1ngel Asurmendi, que se encuentra de visita unos d\u00edas en la casa. Ha visitado todas las instalaciones de esta presencia salesiana y tambi\u00e9n ha mantenido reuniones individuales con los miembros del equipo directivo. \u00a0 Redacci\u00f3n. El claustro\u00a0ha valorado muy [&hellip;]<\/p>\n<p><!-- AddThis Advanced Settings generic via filter on get_the_excerpt --><!-- AddThis Share Buttons generic via filter on get_the_excerpt --><\/p>\n","protected":false},"author":6,"featured_media":10173,"comment_status":"closed","ping_status":"open","sticky":false,"template":"","format":"standard","meta":{"_et_pb_use_builder":"on","_et_pb_old_content":"","_et_gb_content_width":"","footnotes":""},"categories":[14],"tags":[],"class_list":["post-10172","post","type-post","status-publish","format-standard","has-post-thumbnail","hentry","category-noticia_colegio"],"yoast_head":"<!-- This site is optimized with the Yoast SEO plugin v28.4 - https:\/\/yoast.com\/product\/yoast-seo-wordpress\/ -->\n<title>El profesorado mantiene un encuentro con el Padre Inspector D. \u00c1ngel Asurmendi - Colegio San Juan Bosco Valencia<\/title>\n<meta name=\"robots\" content=\"index, follow, max-snippet:-1, max-image-preview:large, max-video-preview:-1\" \/>\n<link rel=\"canonical\" href=\"https:\/\/valenciasjb.salesianos.edu\/colegio\/el-profesorado-mantiene-un-encuentro-con-el-padre-inspector-d-angel-asurmendi\/\" \/>\n<meta property=\"og:locale\" content=\"es_ES\" \/>\n<meta property=\"og:type\" content=\"article\" \/>\n<meta property=\"og:title\" content=\"El profesorado mantiene un encuentro con el Padre Inspector D. \u00c1ngel Asurmendi - Colegio San Juan Bosco Valencia\" \/>\n<meta property=\"og:description\" content=\"En plena semana de Don Bosco, el claustro de profesores ha mantenido un encuentro con el\u00a0Padre\u00a0Inspector\u00a0D. \u00c1ngel Asurmendi, que se encuentra de visita unos d\u00edas en la casa. Ha visitado todas las instalaciones de esta presencia salesiana y tambi\u00e9n ha mantenido reuniones individuales con los miembros del equipo directivo. \u00a0 Redacci\u00f3n. El claustro\u00a0ha valorado muy [&hellip;]\" \/>\n<meta property=\"og:url\" content=\"https:\/\/valenciasjb.salesianos.edu\/colegio\/el-profesorado-mantiene-un-encuentro-con-el-padre-inspector-d-angel-asurmendi\/\" \/>\n<meta property=\"og:site_name\" content=\"Colegio San Juan Bosco Valencia\" \/>\n<meta property=\"article:publisher\" content=\"https:\/\/www.facebook.com\/ColegioSalesianoSanJuanBoscoValencia\" \/>\n<meta property=\"article:published_time\" content=\"2019-01-31T13:07:34+00:00\" \/>\n<meta property=\"article:modified_time\" content=\"2019-01-31T13:14:17+00:00\" \/>\n<meta property=\"og:image\" content=\"https:\/\/valenciasjb.salesianos.edu\/colegio\/wp-content\/uploads\/sites\/2\/2019\/01\/IMG-20190130-WA0020.jpg\" \/>\n\t<meta property=\"og:image:width\" content=\"1024\" \/>\n\t<meta property=\"og:image:height\" content=\"768\" \/>\n\t<meta property=\"og:image:type\" content=\"image\/jpeg\" \/>\n<meta name=\"author\" content=\"veronicapastor\" \/>\n<meta name=\"twitter:card\" content=\"summary_large_image\" \/>\n<meta name=\"twitter:creator\" content=\"@SalesianosVSJB\" \/>\n<meta name=\"twitter:site\" content=\"@SalesianosVSJB\" \/>\n<meta name=\"twitter:label1\" content=\"Escrito por\" \/>\n\t<meta name=\"twitter:data1\" content=\"veronicapastor\" \/>\n\t<meta name=\"twitter:label2\" content=\"Tiempo de lectura\" \/>\n\t<meta name=\"twitter:data2\" content=\"3 minutos\" \/>\n<script type=\"application\/ld+json\" class=\"yoast-schema-graph\">{\"@context\":\"https:\\\/\\\/schema.org\",\"@graph\":[{\"@type\":\"Article\",\"@id\":\"https:\\\/\\\/valenciasjb.salesianos.edu\\\/colegio\\\/el-profesorado-mantiene-un-encuentro-con-el-padre-inspector-d-angel-asurmendi\\\/#article\",\"isPartOf\":{\"@id\":\"https:\\\/\\\/valenciasjb.salesianos.edu\\\/colegio\\\/el-profesorado-mantiene-un-encuentro-con-el-padre-inspector-d-angel-asurmendi\\\/\"},\"author\":{\"name\":\"veronicapastor\",\"@id\":\"https:\\\/\\\/valenciasjb.salesianos.edu\\\/colegio\\\/#\\\/schema\\\/person\\\/1f45b67e52b27da175190a574db6bed9\"},\"headline\":\"El profesorado mantiene un encuentro con el Padre Inspector D. \u00c1ngel Asurmendi\",\"datePublished\":\"2019-01-31T13:07:34+00:00\",\"dateModified\":\"2019-01-31T13:14:17+00:00\",\"mainEntityOfPage\":{\"@id\":\"https:\\\/\\\/valenciasjb.salesianos.edu\\\/colegio\\\/el-profesorado-mantiene-un-encuentro-con-el-padre-inspector-d-angel-asurmendi\\\/\"},\"wordCount\":540,\"image\":{\"@id\":\"https:\\\/\\\/valenciasjb.salesianos.edu\\\/colegio\\\/el-profesorado-mantiene-un-encuentro-con-el-padre-inspector-d-angel-asurmendi\\\/#primaryimage\"},\"thumbnailUrl\":\"https:\\\/\\\/valenciasjb.salesianos.edu\\\/colegio\\\/wp-content\\\/uploads\\\/sites\\\/2\\\/2019\\\/01\\\/IMG-20190130-WA0020.jpg\",\"articleSection\":[\"Noticia Colegio\"],\"inLanguage\":\"es\"},{\"@type\":\"WebPage\",\"@id\":\"https:\\\/\\\/valenciasjb.salesianos.edu\\\/colegio\\\/el-profesorado-mantiene-un-encuentro-con-el-padre-inspector-d-angel-asurmendi\\\/\",\"url\":\"https:\\\/\\\/valenciasjb.salesianos.edu\\\/colegio\\\/el-profesorado-mantiene-un-encuentro-con-el-padre-inspector-d-angel-asurmendi\\\/\",\"name\":\"El profesorado mantiene un encuentro con el Padre Inspector D. \u00c1ngel Asurmendi - Colegio San Juan Bosco Valencia\",\"isPartOf\":{\"@id\":\"https:\\\/\\\/valenciasjb.salesianos.edu\\\/colegio\\\/#website\"},\"primaryImageOfPage\":{\"@id\":\"https:\\\/\\\/valenciasjb.salesianos.edu\\\/colegio\\\/el-profesorado-mantiene-un-encuentro-con-el-padre-inspector-d-angel-asurmendi\\\/#primaryimage\"},\"image\":{\"@id\":\"https:\\\/\\\/valenciasjb.salesianos.edu\\\/colegio\\\/el-profesorado-mantiene-un-encuentro-con-el-padre-inspector-d-angel-asurmendi\\\/#primaryimage\"},\"thumbnailUrl\":\"https:\\\/\\\/valenciasjb.salesianos.edu\\\/colegio\\\/wp-content\\\/uploads\\\/sites\\\/2\\\/2019\\\/01\\\/IMG-20190130-WA0020.jpg\",\"datePublished\":\"2019-01-31T13:07:34+00:00\",\"dateModified\":\"2019-01-31T13:14:17+00:00\",\"author\":{\"@id\":\"https:\\\/\\\/valenciasjb.salesianos.edu\\\/colegio\\\/#\\\/schema\\\/person\\\/1f45b67e52b27da175190a574db6bed9\"},\"breadcrumb\":{\"@id\":\"https:\\\/\\\/valenciasjb.salesianos.edu\\\/colegio\\\/el-profesorado-mantiene-un-encuentro-con-el-padre-inspector-d-angel-asurmendi\\\/#breadcrumb\"},\"inLanguage\":\"es\",\"potentialAction\":[{\"@type\":\"ReadAction\",\"target\":[\"https:\\\/\\\/valenciasjb.salesianos.edu\\\/colegio\\\/el-profesorado-mantiene-un-encuentro-con-el-padre-inspector-d-angel-asurmendi\\\/\"]}]},{\"@type\":\"ImageObject\",\"inLanguage\":\"es\",\"@id\":\"https:\\\/\\\/valenciasjb.salesianos.edu\\\/colegio\\\/el-profesorado-mantiene-un-encuentro-con-el-padre-inspector-d-angel-asurmendi\\\/#primaryimage\",\"url\":\"https:\\\/\\\/valenciasjb.salesianos.edu\\\/colegio\\\/wp-content\\\/uploads\\\/sites\\\/2\\\/2019\\\/01\\\/IMG-20190130-WA0020.jpg\",\"contentUrl\":\"https:\\\/\\\/valenciasjb.salesianos.edu\\\/colegio\\\/wp-content\\\/uploads\\\/sites\\\/2\\\/2019\\\/01\\\/IMG-20190130-WA0020.jpg\",\"width\":1024,\"height\":768},{\"@type\":\"BreadcrumbList\",\"@id\":\"https:\\\/\\\/valenciasjb.salesianos.edu\\\/colegio\\\/el-profesorado-mantiene-un-encuentro-con-el-padre-inspector-d-angel-asurmendi\\\/#breadcrumb\",\"itemListElement\":[{\"@type\":\"ListItem\",\"position\":1,\"name\":\"Portada\",\"item\":\"https:\\\/\\\/valenciasjb.salesianos.edu\\\/colegio\\\/\"},{\"@type\":\"ListItem\",\"position\":2,\"name\":\"El profesorado mantiene un encuentro con el Padre Inspector D. \u00c1ngel Asurmendi\"}]},{\"@type\":\"WebSite\",\"@id\":\"https:\\\/\\\/valenciasjb.salesianos.edu\\\/colegio\\\/#website\",\"url\":\"https:\\\/\\\/valenciasjb.salesianos.edu\\\/colegio\\\/\",\"name\":\"Colegio San Juan Bosco Valencia\",\"description\":\"P\u00e1gina oficial del Colegio Salesianos San Juan Bosco Valencia\",\"alternateName\":\"Salesianos.VSJB\",\"potentialAction\":[{\"@type\":\"SearchAction\",\"target\":{\"@type\":\"EntryPoint\",\"urlTemplate\":\"https:\\\/\\\/valenciasjb.salesianos.edu\\\/colegio\\\/?s={search_term_string}\"},\"query-input\":{\"@type\":\"PropertyValueSpecification\",\"valueRequired\":true,\"valueName\":\"search_term_string\"}}],\"inLanguage\":\"es\"},{\"@type\":\"Person\",\"@id\":\"https:\\\/\\\/valenciasjb.salesianos.edu\\\/colegio\\\/#\\\/schema\\\/person\\\/1f45b67e52b27da175190a574db6bed9\",\"name\":\"veronicapastor\",\"image\":{\"@type\":\"ImageObject\",\"inLanguage\":\"es\",\"@id\":\"https:\\\/\\\/secure.gravatar.com\\\/avatar\\\/e29bd40bace3fd935e1d6fdb7313ffc14628cc037c5e16f4c7369b20a2a6f7f0?s=96&d=mm&r=g\",\"url\":\"https:\\\/\\\/secure.gravatar.com\\\/avatar\\\/e29bd40bace3fd935e1d6fdb7313ffc14628cc037c5e16f4c7369b20a2a6f7f0?s=96&d=mm&r=g\",\"contentUrl\":\"https:\\\/\\\/secure.gravatar.com\\\/avatar\\\/e29bd40bace3fd935e1d6fdb7313ffc14628cc037c5e16f4c7369b20a2a6f7f0?s=96&d=mm&r=g\",\"caption\":\"veronicapastor\"}}]}<\/script>\n<!-- \/ Yoast SEO plugin. -->","yoast_head_json":{"title":"El profesorado mantiene un encuentro con el Padre Inspector D. \u00c1ngel Asurmendi - Colegio San Juan Bosco Valencia","robots":{"index":"index","follow":"follow","max-snippet":"max-snippet:-1","max-image-preview":"max-image-preview:large","max-video-preview":"max-video-preview:-1"},"canonical":"https:\/\/valenciasjb.salesianos.edu\/colegio\/el-profesorado-mantiene-un-encuentro-con-el-padre-inspector-d-angel-asurmendi\/","og_locale":"es_ES","og_type":"article","og_title":"El profesorado mantiene un encuentro con el Padre Inspector D. \u00c1ngel Asurmendi - Colegio San Juan Bosco Valencia","og_description":"En plena semana de Don Bosco, el claustro de profesores ha mantenido un encuentro con el\u00a0Padre\u00a0Inspector\u00a0D. \u00c1ngel Asurmendi, que se encuentra de visita unos d\u00edas en la casa. Ha visitado todas las instalaciones de esta presencia salesiana y tambi\u00e9n ha mantenido reuniones individuales con los miembros del equipo directivo. \u00a0 Redacci\u00f3n. El claustro\u00a0ha valorado muy [&hellip;]","og_url":"https:\/\/valenciasjb.salesianos.edu\/colegio\/el-profesorado-mantiene-un-encuentro-con-el-padre-inspector-d-angel-asurmendi\/","og_site_name":"Colegio San Juan Bosco Valencia","article_publisher":"https:\/\/www.facebook.com\/ColegioSalesianoSanJuanBoscoValencia","article_published_time":"2019-01-31T13:07:34+00:00","article_modified_time":"2019-01-31T13:14:17+00:00","og_image":[{"width":1024,"height":768,"url":"https:\/\/valenciasjb.salesianos.edu\/colegio\/wp-content\/uploads\/sites\/2\/2019\/01\/IMG-20190130-WA0020.jpg","type":"image\/jpeg"}],"author":"veronicapastor","twitter_card":"summary_large_image","twitter_creator":"@SalesianosVSJB","twitter_site":"@SalesianosVSJB","twitter_misc":{"Escrito por":"veronicapastor","Tiempo de lectura":"3 minutos"},"schema":{"@context":"https:\/\/schema.org","@graph":[{"@type":"Article","@id":"https:\/\/valenciasjb.salesianos.edu\/colegio\/el-profesorado-mantiene-un-encuentro-con-el-padre-inspector-d-angel-asurmendi\/#article","isPartOf":{"@id":"https:\/\/valenciasjb.salesianos.edu\/colegio\/el-profesorado-mantiene-un-encuentro-con-el-padre-inspector-d-angel-asurmendi\/"},"author":{"name":"veronicapastor","@id":"https:\/\/valenciasjb.salesianos.edu\/colegio\/#\/schema\/person\/1f45b67e52b27da175190a574db6bed9"},"headline":"El profesorado mantiene un encuentro con el Padre Inspector D. \u00c1ngel Asurmendi","datePublished":"2019-01-31T13:07:34+00:00","dateModified":"2019-01-31T13:14:17+00:00","mainEntityOfPage":{"@id":"https:\/\/valenciasjb.salesianos.edu\/colegio\/el-profesorado-mantiene-un-encuentro-con-el-padre-inspector-d-angel-asurmendi\/"},"wordCount":540,"image":{"@id":"https:\/\/valenciasjb.salesianos.edu\/colegio\/el-profesorado-mantiene-un-encuentro-con-el-padre-inspector-d-angel-asurmendi\/#primaryimage"},"thumbnailUrl":"https:\/\/valenciasjb.salesianos.edu\/colegio\/wp-content\/uploads\/sites\/2\/2019\/01\/IMG-20190130-WA0020.jpg","articleSection":["Noticia Colegio"],"inLanguage":"es"},{"@type":"WebPage","@id":"https:\/\/valenciasjb.salesianos.edu\/colegio\/el-profesorado-mantiene-un-encuentro-con-el-padre-inspector-d-angel-asurmendi\/","url":"https:\/\/valenciasjb.salesianos.edu\/colegio\/el-profesorado-mantiene-un-encuentro-con-el-padre-inspector-d-angel-asurmendi\/","name":"El profesorado mantiene un encuentro con el Padre Inspector D. \u00c1ngel Asurmendi - Colegio San Juan Bosco Valencia","isPartOf":{"@id":"https:\/\/valenciasjb.salesianos.edu\/colegio\/#website"},"primaryImageOfPage":{"@id":"https:\/\/valenciasjb.salesianos.edu\/colegio\/el-profesorado-mantiene-un-encuentro-con-el-padre-inspector-d-angel-asurmendi\/#primaryimage"},"image":{"@id":"https:\/\/valenciasjb.salesianos.edu\/colegio\/el-profesorado-mantiene-un-encuentro-con-el-padre-inspector-d-angel-asurmendi\/#primaryimage"},"thumbnailUrl":"https:\/\/valenciasjb.salesianos.edu\/colegio\/wp-content\/uploads\/sites\/2\/2019\/01\/IMG-20190130-WA0020.jpg","datePublished":"2019-01-31T13:07:34+00:00","dateModified":"2019-01-31T13:14:17+00:00","author":{"@id":"https:\/\/valenciasjb.salesianos.edu\/colegio\/#\/schema\/person\/1f45b67e52b27da175190a574db6bed9"},"breadcrumb":{"@id":"https:\/\/valenciasjb.salesianos.edu\/colegio\/el-profesorado-mantiene-un-encuentro-con-el-padre-inspector-d-angel-asurmendi\/#breadcrumb"},"inLanguage":"es","potentialAction":[{"@type":"ReadAction","target":["https:\/\/valenciasjb.salesianos.edu\/colegio\/el-profesorado-mantiene-un-encuentro-con-el-padre-inspector-d-angel-asurmendi\/"]}]},{"@type":"ImageObject","inLanguage":"es","@id":"https:\/\/valenciasjb.salesianos.edu\/colegio\/el-profesorado-mantiene-un-encuentro-con-el-padre-inspector-d-angel-asurmendi\/#primaryimage","url":"https:\/\/valenciasjb.salesianos.edu\/colegio\/wp-content\/uploads\/sites\/2\/2019\/01\/IMG-20190130-WA0020.jpg","contentUrl":"https:\/\/valenciasjb.salesianos.edu\/colegio\/wp-content\/uploads\/sites\/2\/2019\/01\/IMG-20190130-WA0020.jpg","width":1024,"height":768},{"@type":"BreadcrumbList","@id":"https:\/\/valenciasjb.salesianos.edu\/colegio\/el-profesorado-mantiene-un-encuentro-con-el-padre-inspector-d-angel-asurmendi\/#breadcrumb","itemListElement":[{"@type":"ListItem","position":1,"name":"Portada","item":"https:\/\/valenciasjb.salesianos.edu\/colegio\/"},{"@type":"ListItem","position":2,"name":"El profesorado mantiene un encuentro con el Padre Inspector D. \u00c1ngel Asurmendi"}]},{"@type":"WebSite","@id":"https:\/\/valenciasjb.salesianos.edu\/colegio\/#website","url":"https:\/\/valenciasjb.salesianos.edu\/colegio\/","name":"Colegio San Juan Bosco Valencia","description":"P\u00e1gina oficial del Colegio Salesianos San Juan Bosco Valencia","alternateName":"Salesianos.VSJB","potentialAction":[{"@type":"SearchAction","target":{"@type":"EntryPoint","urlTemplate":"https:\/\/valenciasjb.salesianos.edu\/colegio\/?s={search_term_string}"},"query-input":{"@type":"PropertyValueSpecification","valueRequired":true,"valueName":"search_term_string"}}],"inLanguage":"es"},{"@type":"Person","@id":"https:\/\/valenciasjb.salesianos.edu\/colegio\/#\/schema\/person\/1f45b67e52b27da175190a574db6bed9","name":"veronicapastor","image":{"@type":"ImageObject","inLanguage":"es","@id":"https:\/\/secure.gravatar.com\/avatar\/e29bd40bace3fd935e1d6fdb7313ffc14628cc037c5e16f4c7369b20a2a6f7f0?s=96&d=mm&r=g","url":"https:\/\/secure.gravatar.com\/avatar\/e29bd40bace3fd935e1d6fdb7313ffc14628cc037c5e16f4c7369b20a2a6f7f0?s=96&d=mm&r=g","contentUrl":"https:\/\/secure.gravatar.com\/avatar\/e29bd40bace3fd935e1d6fdb7313ffc14628cc037c5e16f4c7369b20a2a6f7f0?s=96&d=mm&r=g","caption":"veronicapastor"}}]}},"_links":{"self":[{"href":"https:\/\/valenciasjb.salesianos.edu\/colegio\/wp-json\/wp\/v2\/posts\/10172","targetHints":{"allow":["GET"]}}],"collection":[{"href":"https:\/\/valenciasjb.salesianos.edu\/colegio\/wp-json\/wp\/v2\/posts"}],"about":[{"href":"https:\/\/valenciasjb.salesianos.edu\/colegio\/wp-json\/wp\/v2\/types\/post"}],"author":[{"embeddable":true,"href":"https:\/\/valenciasjb.salesianos.edu\/colegio\/wp-json\/wp\/v2\/users\/6"}],"replies":[{"embeddable":true,"href":"https:\/\/valenciasjb.salesianos.edu\/colegio\/wp-json\/wp\/v2\/comments?post=10172"}],"version-history":[{"count":3,"href":"https:\/\/valenciasjb.salesianos.edu\/colegio\/wp-json\/wp\/v2\/posts\/10172\/revisions"}],"predecessor-version":[{"id":10182,"href":"https:\/\/valenciasjb.salesianos.edu\/colegio\/wp-json\/wp\/v2\/posts\/10172\/revisions\/10182"}],"wp:featuredmedia":[{"embeddable":true,"href":"https:\/\/valenciasjb.salesianos.edu\/colegio\/wp-json\/wp\/v2\/media\/10173"}],"wp:attachment":[{"href":"https:\/\/valenciasjb.salesianos.edu\/colegio\/wp-json\/wp\/v2\/media?parent=10172"}],"wp:term":[{"taxonomy":"category","embeddable":true,"href":"https:\/\/valenciasjb.salesianos.edu\/colegio\/wp-json\/wp\/v2\/categories?post=10172"},{"taxonomy":"post_tag","embeddable":true,"href":"https:\/\/valenciasjb.salesianos.edu\/colegio\/wp-json\/wp\/v2\/tags?post=10172"}],"curies":[{"name":"wp","href":"https:\/\/api.w.org\/{rel}","templated":true}]}}