{"id":10195,"date":"2019-02-01T18:50:37","date_gmt":"2019-02-01T17:50:37","guid":{"rendered":"https:\/\/valenciasjb.salesianos.edu\/colegio\/?p=10195"},"modified":"2019-02-01T18:52:17","modified_gmt":"2019-02-01T17:52:17","slug":"una-fiesta-colegial-en-honor-a-don-bosco-en-la-que-todos-se-han-sentido-los-primeros","status":"publish","type":"post","link":"https:\/\/valenciasjb.salesianos.edu\/colegio\/una-fiesta-colegial-en-honor-a-don-bosco-en-la-que-todos-se-han-sentido-los-primeros\/","title":{"rendered":"Una fiesta colegial en honor a Don Bosco en la que todos se han sentido los primeros"},"content":{"rendered":"<div id=\"fb-root\"><\/div>\n<p>[et_pb_section bb_built=\u00bb1&#8243; admin_label=\u00bbsection\u00bb][et_pb_row admin_label=\u00bbrow\u00bb background_position=\u00bbtop_left\u00bb background_repeat=\u00bbrepeat\u00bb background_size=\u00bbinitial\u00bb][et_pb_column type=\u00bb4_4&#8243;][et_pb_text admin_label=\u00bbEntradilla (Texto)\u00bb _builder_version=\u00bb3.18.7&#8243; text_orientation=\u00bbjustified\u00bb text_font=\u00bb|on|||\u00bb module_alignment=\u00bbleft\u00bb]<\/p>\n<div id=\"resumen\"><strong><b>El colegio ha celebrado la fiesta grande en honor a San Juan Bosco en la ma\u00f1ana del viernes 1 de febrero. La jornada ha comenzado con un sentido acto en el que todos los alumnos y alumnas del colegio, profesorado, PAS, familias y, en definitiva, toda la comunidad educativa, se ha reunido para un Buenos D\u00edas y diversos gestos en honor al santo de los j\u00f3venes.<\/b><\/strong><\/div>\n<div>\u00a0<\/div>\n<p>[\/et_pb_text][et_pb_text admin_label=\u00bbAutor (Texto)\u00bb _builder_version=\u00bb3.0.85&#8243; background_layout=\u00bblight\u00bb text_font=\u00bb||on||\u00bb]<\/p>\n<p>Redacci\u00f3n<\/p>\n<p>[\/et_pb_text][et_pb_text admin_label=\u00bbDesarrollo (Texto)\u00bb _builder_version=\u00bb3.18.7&#8243; text_orientation=\u00bbjustified\u00bb module_alignment=\u00bbleft\u00bb]<\/p>\n<p>El acto ha estado dirigido por Rafa Gomar, con las intervenciones del director del colegio, Juan Peris, al principio del acto, y del director de esta casa salesiana, Pepe G\u00f3mez, al final del mismo. Adem\u00e1s, la celebraci\u00f3n ha contado con la presencia especial de nuestro Padre Inspector, don \u00c1ngel Asurmendi, que ha dedicado unas sentidas palabras de agradecimiento a toda la comunidad educativa.<\/p>\n<p>En el acto han intervenido alumnos de las diferentes etapas con diversos gestos, desde Infantil, Primaria, Secundaria y, finalmente, los alumnos de 2\u00ba de Bachillerato han realizado una emotiva ofrenda de un ramo de flores a Don Bosco y le han dedicado unas palabras. Esta ofrenda ha estado acompa\u00f1ada por una canci\u00f3n con voces y m\u00fasica en directo por representantes del coro del colegio.<\/p>\n<p>Concluida la celebraci\u00f3n, el alumnado se ha dividido por etapas para disfrutar de las actividades que hab\u00eda preparadas para ellos. En Infantil por la ma\u00f1ana han contado con actividades de tipo l\u00fadico, mientras los de Primaria han acudido al teatro para ver un espect\u00e1culo de circo y magia. Por la tarde han sido los peque\u00f1os de Infantil los que han disfrutado en el teatro de una sesi\u00f3n de Cantajuegos, organizada por sus propias se\u00f1os; mientras que en Primaria han jugado\u00a0a la ya tradicional gynkana de Don Bosco, y los m\u00e1s mayores han disputado los campeonatos deportivos. En Secundaria, se han realizado diferentes talleres en los que ha habido momentos para compartir y convivir en un ambiente de alegr\u00eda. Por su parte, Bachillerato ha realizado su tradicional barbacoa.<\/p>\n<p>En definitiva, un d\u00eda entra\u00f1able en el que todos hemos recordado de una manera especial a Don Bosco y, como \u00e9l habr\u00eda querido, hemos vivido en un ambiente de familia y alegr\u00eda.<\/p>\n<p>[\/et_pb_text][et_pb_text admin_label=\u00bbT\u00edtulo: Galer\u00eda de fotos (Texto)\u00bb _builder_version=\u00bb3.0.76&#8243; background_layout=\u00bblight\u00bb text_font=\u00bb|on|||\u00bb text_text_color=\u00bb#dc001b\u00bb border_style=\u00bbsolid\u00bb disabled=\u00bboff\u00bb disabled_on=\u00bboff|on|on\u00bb]<\/p>\n<p>Galer\u00eda de im\u00e1genes<\/p>\n<p>[\/et_pb_text][et_pb_gallery _builder_version=\u00bb3.18.7&#8243; posts_number=\u00bb8&#8243; show_title_and_caption=\u00bboff\u00bb zoom_icon_color=\u00bb#dc001b\u00bb hover_overlay_color=\u00bbrgba(255,255,255,0.9)\u00bb hover_icon=\u00bb%%51%%\u00bb disabled=\u00bboff\u00bb disabled_on=\u00bboff|off|off\u00bb gallery_ids=\u00bb10196,10197,10198,10199,10200,10201,10202,10203,10204,10205,10206,10208&#8243; pagination_font_size_tablet=\u00bb51&#8243; pagination_line_height_tablet=\u00bb2&#8243; \/][et_pb_video _builder_version=\u00bb3.0.51&#8243; disabled=\u00bbon\u00bb disabled_on=\u00bbon|on|on\u00bb \/][\/et_pb_column][\/et_pb_row][\/et_pb_section]<\/p>\n<!-- AddThis Advanced Settings generic via filter on the_content --><!-- AddThis Share Buttons generic via filter on the_content -->","protected":false},"excerpt":{"rendered":"<p>El colegio ha celebrado la fiesta grande en honor a San Juan Bosco en la ma\u00f1ana del viernes 1 de febrero. La jornada ha comenzado con un sentido acto en el que todos los alumnos y alumnas del colegio, profesorado, PAS, familias y, en definitiva, toda la comunidad educativa, se ha reunido para un Buenos [&hellip;]<\/p>\n<p><!-- AddThis Advanced Settings generic via filter on get_the_excerpt --><!-- AddThis Share Buttons generic via filter on get_the_excerpt --><\/p>\n","protected":false},"author":6,"featured_media":10197,"comment_status":"closed","ping_status":"open","sticky":false,"template":"","format":"standard","meta":{"_et_pb_use_builder":"on","_et_pb_old_content":"","_et_gb_content_width":"","footnotes":""},"categories":[14],"tags":[],"class_list":["post-10195","post","type-post","status-publish","format-standard","has-post-thumbnail","hentry","category-noticia_colegio"],"yoast_head":"<!-- This site is optimized with the Yoast SEO plugin v28.4 - https:\/\/yoast.com\/product\/yoast-seo-wordpress\/ -->\n<title>Una fiesta colegial en honor a Don Bosco en la que todos se han sentido los primeros - Colegio San Juan Bosco Valencia<\/title>\n<meta name=\"robots\" content=\"index, follow, max-snippet:-1, max-image-preview:large, max-video-preview:-1\" \/>\n<link rel=\"canonical\" href=\"https:\/\/valenciasjb.salesianos.edu\/colegio\/una-fiesta-colegial-en-honor-a-don-bosco-en-la-que-todos-se-han-sentido-los-primeros\/\" \/>\n<meta property=\"og:locale\" content=\"es_ES\" \/>\n<meta property=\"og:type\" content=\"article\" \/>\n<meta property=\"og:title\" content=\"Una fiesta colegial en honor a Don Bosco en la que todos se han sentido los primeros - Colegio San Juan Bosco Valencia\" \/>\n<meta property=\"og:description\" content=\"El colegio ha celebrado la fiesta grande en honor a San Juan Bosco en la ma\u00f1ana del viernes 1 de febrero. La jornada ha comenzado con un sentido acto en el que todos los alumnos y alumnas del colegio, profesorado, PAS, familias y, en definitiva, toda la comunidad educativa, se ha reunido para un Buenos [&hellip;]\" \/>\n<meta property=\"og:url\" content=\"https:\/\/valenciasjb.salesianos.edu\/colegio\/una-fiesta-colegial-en-honor-a-don-bosco-en-la-que-todos-se-han-sentido-los-primeros\/\" \/>\n<meta property=\"og:site_name\" content=\"Colegio San Juan Bosco Valencia\" \/>\n<meta property=\"article:publisher\" content=\"https:\/\/www.facebook.com\/ColegioSalesianoSanJuanBoscoValencia\" \/>\n<meta property=\"article:published_time\" content=\"2019-02-01T17:50:37+00:00\" \/>\n<meta property=\"article:modified_time\" content=\"2019-02-01T17:52:17+00:00\" \/>\n<meta property=\"og:image\" content=\"https:\/\/valenciasjb.salesianos.edu\/colegio\/wp-content\/uploads\/sites\/2\/2019\/02\/DSC_0528.jpg\" \/>\n\t<meta property=\"og:image:width\" content=\"6000\" \/>\n\t<meta property=\"og:image:height\" content=\"3750\" \/>\n\t<meta property=\"og:image:type\" content=\"image\/jpeg\" \/>\n<meta name=\"author\" content=\"veronicapastor\" \/>\n<meta name=\"twitter:card\" content=\"summary_large_image\" \/>\n<meta name=\"twitter:creator\" content=\"@SalesianosVSJB\" \/>\n<meta name=\"twitter:site\" content=\"@SalesianosVSJB\" \/>\n<meta name=\"twitter:label1\" content=\"Escrito por\" \/>\n\t<meta name=\"twitter:data1\" content=\"veronicapastor\" \/>\n\t<meta name=\"twitter:label2\" content=\"Tiempo de lectura\" \/>\n\t<meta name=\"twitter:data2\" content=\"3 minutos\" \/>\n<script type=\"application\/ld+json\" class=\"yoast-schema-graph\">{\"@context\":\"https:\\\/\\\/schema.org\",\"@graph\":[{\"@type\":\"Article\",\"@id\":\"https:\\\/\\\/valenciasjb.salesianos.edu\\\/colegio\\\/una-fiesta-colegial-en-honor-a-don-bosco-en-la-que-todos-se-han-sentido-los-primeros\\\/#article\",\"isPartOf\":{\"@id\":\"https:\\\/\\\/valenciasjb.salesianos.edu\\\/colegio\\\/una-fiesta-colegial-en-honor-a-don-bosco-en-la-que-todos-se-han-sentido-los-primeros\\\/\"},\"author\":{\"name\":\"veronicapastor\",\"@id\":\"https:\\\/\\\/valenciasjb.salesianos.edu\\\/colegio\\\/#\\\/schema\\\/person\\\/1f45b67e52b27da175190a574db6bed9\"},\"headline\":\"Una fiesta colegial en honor a Don Bosco en la que todos se han sentido los primeros\",\"datePublished\":\"2019-02-01T17:50:37+00:00\",\"dateModified\":\"2019-02-01T17:52:17+00:00\",\"mainEntityOfPage\":{\"@id\":\"https:\\\/\\\/valenciasjb.salesianos.edu\\\/colegio\\\/una-fiesta-colegial-en-honor-a-don-bosco-en-la-que-todos-se-han-sentido-los-primeros\\\/\"},\"wordCount\":582,\"image\":{\"@id\":\"https:\\\/\\\/valenciasjb.salesianos.edu\\\/colegio\\\/una-fiesta-colegial-en-honor-a-don-bosco-en-la-que-todos-se-han-sentido-los-primeros\\\/#primaryimage\"},\"thumbnailUrl\":\"https:\\\/\\\/valenciasjb.salesianos.edu\\\/colegio\\\/wp-content\\\/uploads\\\/sites\\\/2\\\/2019\\\/02\\\/DSC_0528.jpg\",\"articleSection\":[\"Noticia Colegio\"],\"inLanguage\":\"es\"},{\"@type\":\"WebPage\",\"@id\":\"https:\\\/\\\/valenciasjb.salesianos.edu\\\/colegio\\\/una-fiesta-colegial-en-honor-a-don-bosco-en-la-que-todos-se-han-sentido-los-primeros\\\/\",\"url\":\"https:\\\/\\\/valenciasjb.salesianos.edu\\\/colegio\\\/una-fiesta-colegial-en-honor-a-don-bosco-en-la-que-todos-se-han-sentido-los-primeros\\\/\",\"name\":\"Una fiesta colegial en honor a Don Bosco en la que todos se han sentido los primeros - Colegio San Juan Bosco Valencia\",\"isPartOf\":{\"@id\":\"https:\\\/\\\/valenciasjb.salesianos.edu\\\/colegio\\\/#website\"},\"primaryImageOfPage\":{\"@id\":\"https:\\\/\\\/valenciasjb.salesianos.edu\\\/colegio\\\/una-fiesta-colegial-en-honor-a-don-bosco-en-la-que-todos-se-han-sentido-los-primeros\\\/#primaryimage\"},\"image\":{\"@id\":\"https:\\\/\\\/valenciasjb.salesianos.edu\\\/colegio\\\/una-fiesta-colegial-en-honor-a-don-bosco-en-la-que-todos-se-han-sentido-los-primeros\\\/#primaryimage\"},\"thumbnailUrl\":\"https:\\\/\\\/valenciasjb.salesianos.edu\\\/colegio\\\/wp-content\\\/uploads\\\/sites\\\/2\\\/2019\\\/02\\\/DSC_0528.jpg\",\"datePublished\":\"2019-02-01T17:50:37+00:00\",\"dateModified\":\"2019-02-01T17:52:17+00:00\",\"author\":{\"@id\":\"https:\\\/\\\/valenciasjb.salesianos.edu\\\/colegio\\\/#\\\/schema\\\/person\\\/1f45b67e52b27da175190a574db6bed9\"},\"breadcrumb\":{\"@id\":\"https:\\\/\\\/valenciasjb.salesianos.edu\\\/colegio\\\/una-fiesta-colegial-en-honor-a-don-bosco-en-la-que-todos-se-han-sentido-los-primeros\\\/#breadcrumb\"},\"inLanguage\":\"es\",\"potentialAction\":[{\"@type\":\"ReadAction\",\"target\":[\"https:\\\/\\\/valenciasjb.salesianos.edu\\\/colegio\\\/una-fiesta-colegial-en-honor-a-don-bosco-en-la-que-todos-se-han-sentido-los-primeros\\\/\"]}]},{\"@type\":\"ImageObject\",\"inLanguage\":\"es\",\"@id\":\"https:\\\/\\\/valenciasjb.salesianos.edu\\\/colegio\\\/una-fiesta-colegial-en-honor-a-don-bosco-en-la-que-todos-se-han-sentido-los-primeros\\\/#primaryimage\",\"url\":\"https:\\\/\\\/valenciasjb.salesianos.edu\\\/colegio\\\/wp-content\\\/uploads\\\/sites\\\/2\\\/2019\\\/02\\\/DSC_0528.jpg\",\"contentUrl\":\"https:\\\/\\\/valenciasjb.salesianos.edu\\\/colegio\\\/wp-content\\\/uploads\\\/sites\\\/2\\\/2019\\\/02\\\/DSC_0528.jpg\",\"width\":6000,\"height\":3750},{\"@type\":\"BreadcrumbList\",\"@id\":\"https:\\\/\\\/valenciasjb.salesianos.edu\\\/colegio\\\/una-fiesta-colegial-en-honor-a-don-bosco-en-la-que-todos-se-han-sentido-los-primeros\\\/#breadcrumb\",\"itemListElement\":[{\"@type\":\"ListItem\",\"position\":1,\"name\":\"Portada\",\"item\":\"https:\\\/\\\/valenciasjb.salesianos.edu\\\/colegio\\\/\"},{\"@type\":\"ListItem\",\"position\":2,\"name\":\"Una fiesta colegial en honor a Don Bosco en la que todos se han sentido los primeros\"}]},{\"@type\":\"WebSite\",\"@id\":\"https:\\\/\\\/valenciasjb.salesianos.edu\\\/colegio\\\/#website\",\"url\":\"https:\\\/\\\/valenciasjb.salesianos.edu\\\/colegio\\\/\",\"name\":\"Colegio San Juan Bosco Valencia\",\"description\":\"P\u00e1gina oficial del Colegio Salesianos San Juan Bosco Valencia\",\"alternateName\":\"Salesianos.VSJB\",\"potentialAction\":[{\"@type\":\"SearchAction\",\"target\":{\"@type\":\"EntryPoint\",\"urlTemplate\":\"https:\\\/\\\/valenciasjb.salesianos.edu\\\/colegio\\\/?s={search_term_string}\"},\"query-input\":{\"@type\":\"PropertyValueSpecification\",\"valueRequired\":true,\"valueName\":\"search_term_string\"}}],\"inLanguage\":\"es\"},{\"@type\":\"Person\",\"@id\":\"https:\\\/\\\/valenciasjb.salesianos.edu\\\/colegio\\\/#\\\/schema\\\/person\\\/1f45b67e52b27da175190a574db6bed9\",\"name\":\"veronicapastor\",\"image\":{\"@type\":\"ImageObject\",\"inLanguage\":\"es\",\"@id\":\"https:\\\/\\\/secure.gravatar.com\\\/avatar\\\/e29bd40bace3fd935e1d6fdb7313ffc14628cc037c5e16f4c7369b20a2a6f7f0?s=96&d=mm&r=g\",\"url\":\"https:\\\/\\\/secure.gravatar.com\\\/avatar\\\/e29bd40bace3fd935e1d6fdb7313ffc14628cc037c5e16f4c7369b20a2a6f7f0?s=96&d=mm&r=g\",\"contentUrl\":\"https:\\\/\\\/secure.gravatar.com\\\/avatar\\\/e29bd40bace3fd935e1d6fdb7313ffc14628cc037c5e16f4c7369b20a2a6f7f0?s=96&d=mm&r=g\",\"caption\":\"veronicapastor\"}}]}<\/script>\n<!-- \/ Yoast SEO plugin. -->","yoast_head_json":{"title":"Una fiesta colegial en honor a Don Bosco en la que todos se han sentido los primeros - Colegio San Juan Bosco Valencia","robots":{"index":"index","follow":"follow","max-snippet":"max-snippet:-1","max-image-preview":"max-image-preview:large","max-video-preview":"max-video-preview:-1"},"canonical":"https:\/\/valenciasjb.salesianos.edu\/colegio\/una-fiesta-colegial-en-honor-a-don-bosco-en-la-que-todos-se-han-sentido-los-primeros\/","og_locale":"es_ES","og_type":"article","og_title":"Una fiesta colegial en honor a Don Bosco en la que todos se han sentido los primeros - Colegio San Juan Bosco Valencia","og_description":"El colegio ha celebrado la fiesta grande en honor a San Juan Bosco en la ma\u00f1ana del viernes 1 de febrero. La jornada ha comenzado con un sentido acto en el que todos los alumnos y alumnas del colegio, profesorado, PAS, familias y, en definitiva, toda la comunidad educativa, se ha reunido para un Buenos [&hellip;]","og_url":"https:\/\/valenciasjb.salesianos.edu\/colegio\/una-fiesta-colegial-en-honor-a-don-bosco-en-la-que-todos-se-han-sentido-los-primeros\/","og_site_name":"Colegio San Juan Bosco Valencia","article_publisher":"https:\/\/www.facebook.com\/ColegioSalesianoSanJuanBoscoValencia","article_published_time":"2019-02-01T17:50:37+00:00","article_modified_time":"2019-02-01T17:52:17+00:00","og_image":[{"width":6000,"height":3750,"url":"https:\/\/valenciasjb.salesianos.edu\/colegio\/wp-content\/uploads\/sites\/2\/2019\/02\/DSC_0528.jpg","type":"image\/jpeg"}],"author":"veronicapastor","twitter_card":"summary_large_image","twitter_creator":"@SalesianosVSJB","twitter_site":"@SalesianosVSJB","twitter_misc":{"Escrito por":"veronicapastor","Tiempo de lectura":"3 minutos"},"schema":{"@context":"https:\/\/schema.org","@graph":[{"@type":"Article","@id":"https:\/\/valenciasjb.salesianos.edu\/colegio\/una-fiesta-colegial-en-honor-a-don-bosco-en-la-que-todos-se-han-sentido-los-primeros\/#article","isPartOf":{"@id":"https:\/\/valenciasjb.salesianos.edu\/colegio\/una-fiesta-colegial-en-honor-a-don-bosco-en-la-que-todos-se-han-sentido-los-primeros\/"},"author":{"name":"veronicapastor","@id":"https:\/\/valenciasjb.salesianos.edu\/colegio\/#\/schema\/person\/1f45b67e52b27da175190a574db6bed9"},"headline":"Una fiesta colegial en honor a Don Bosco en la que todos se han sentido los primeros","datePublished":"2019-02-01T17:50:37+00:00","dateModified":"2019-02-01T17:52:17+00:00","mainEntityOfPage":{"@id":"https:\/\/valenciasjb.salesianos.edu\/colegio\/una-fiesta-colegial-en-honor-a-don-bosco-en-la-que-todos-se-han-sentido-los-primeros\/"},"wordCount":582,"image":{"@id":"https:\/\/valenciasjb.salesianos.edu\/colegio\/una-fiesta-colegial-en-honor-a-don-bosco-en-la-que-todos-se-han-sentido-los-primeros\/#primaryimage"},"thumbnailUrl":"https:\/\/valenciasjb.salesianos.edu\/colegio\/wp-content\/uploads\/sites\/2\/2019\/02\/DSC_0528.jpg","articleSection":["Noticia Colegio"],"inLanguage":"es"},{"@type":"WebPage","@id":"https:\/\/valenciasjb.salesianos.edu\/colegio\/una-fiesta-colegial-en-honor-a-don-bosco-en-la-que-todos-se-han-sentido-los-primeros\/","url":"https:\/\/valenciasjb.salesianos.edu\/colegio\/una-fiesta-colegial-en-honor-a-don-bosco-en-la-que-todos-se-han-sentido-los-primeros\/","name":"Una fiesta colegial en honor a Don Bosco en la que todos se han sentido los primeros - Colegio San Juan Bosco Valencia","isPartOf":{"@id":"https:\/\/valenciasjb.salesianos.edu\/colegio\/#website"},"primaryImageOfPage":{"@id":"https:\/\/valenciasjb.salesianos.edu\/colegio\/una-fiesta-colegial-en-honor-a-don-bosco-en-la-que-todos-se-han-sentido-los-primeros\/#primaryimage"},"image":{"@id":"https:\/\/valenciasjb.salesianos.edu\/colegio\/una-fiesta-colegial-en-honor-a-don-bosco-en-la-que-todos-se-han-sentido-los-primeros\/#primaryimage"},"thumbnailUrl":"https:\/\/valenciasjb.salesianos.edu\/colegio\/wp-content\/uploads\/sites\/2\/2019\/02\/DSC_0528.jpg","datePublished":"2019-02-01T17:50:37+00:00","dateModified":"2019-02-01T17:52:17+00:00","author":{"@id":"https:\/\/valenciasjb.salesianos.edu\/colegio\/#\/schema\/person\/1f45b67e52b27da175190a574db6bed9"},"breadcrumb":{"@id":"https:\/\/valenciasjb.salesianos.edu\/colegio\/una-fiesta-colegial-en-honor-a-don-bosco-en-la-que-todos-se-han-sentido-los-primeros\/#breadcrumb"},"inLanguage":"es","potentialAction":[{"@type":"ReadAction","target":["https:\/\/valenciasjb.salesianos.edu\/colegio\/una-fiesta-colegial-en-honor-a-don-bosco-en-la-que-todos-se-han-sentido-los-primeros\/"]}]},{"@type":"ImageObject","inLanguage":"es","@id":"https:\/\/valenciasjb.salesianos.edu\/colegio\/una-fiesta-colegial-en-honor-a-don-bosco-en-la-que-todos-se-han-sentido-los-primeros\/#primaryimage","url":"https:\/\/valenciasjb.salesianos.edu\/colegio\/wp-content\/uploads\/sites\/2\/2019\/02\/DSC_0528.jpg","contentUrl":"https:\/\/valenciasjb.salesianos.edu\/colegio\/wp-content\/uploads\/sites\/2\/2019\/02\/DSC_0528.jpg","width":6000,"height":3750},{"@type":"BreadcrumbList","@id":"https:\/\/valenciasjb.salesianos.edu\/colegio\/una-fiesta-colegial-en-honor-a-don-bosco-en-la-que-todos-se-han-sentido-los-primeros\/#breadcrumb","itemListElement":[{"@type":"ListItem","position":1,"name":"Portada","item":"https:\/\/valenciasjb.salesianos.edu\/colegio\/"},{"@type":"ListItem","position":2,"name":"Una fiesta colegial en honor a Don Bosco en la que todos se han sentido los primeros"}]},{"@type":"WebSite","@id":"https:\/\/valenciasjb.salesianos.edu\/colegio\/#website","url":"https:\/\/valenciasjb.salesianos.edu\/colegio\/","name":"Colegio San Juan Bosco Valencia","description":"P\u00e1gina oficial del Colegio Salesianos San Juan Bosco Valencia","alternateName":"Salesianos.VSJB","potentialAction":[{"@type":"SearchAction","target":{"@type":"EntryPoint","urlTemplate":"https:\/\/valenciasjb.salesianos.edu\/colegio\/?s={search_term_string}"},"query-input":{"@type":"PropertyValueSpecification","valueRequired":true,"valueName":"search_term_string"}}],"inLanguage":"es"},{"@type":"Person","@id":"https:\/\/valenciasjb.salesianos.edu\/colegio\/#\/schema\/person\/1f45b67e52b27da175190a574db6bed9","name":"veronicapastor","image":{"@type":"ImageObject","inLanguage":"es","@id":"https:\/\/secure.gravatar.com\/avatar\/e29bd40bace3fd935e1d6fdb7313ffc14628cc037c5e16f4c7369b20a2a6f7f0?s=96&d=mm&r=g","url":"https:\/\/secure.gravatar.com\/avatar\/e29bd40bace3fd935e1d6fdb7313ffc14628cc037c5e16f4c7369b20a2a6f7f0?s=96&d=mm&r=g","contentUrl":"https:\/\/secure.gravatar.com\/avatar\/e29bd40bace3fd935e1d6fdb7313ffc14628cc037c5e16f4c7369b20a2a6f7f0?s=96&d=mm&r=g","caption":"veronicapastor"}}]}},"_links":{"self":[{"href":"https:\/\/valenciasjb.salesianos.edu\/colegio\/wp-json\/wp\/v2\/posts\/10195","targetHints":{"allow":["GET"]}}],"collection":[{"href":"https:\/\/valenciasjb.salesianos.edu\/colegio\/wp-json\/wp\/v2\/posts"}],"about":[{"href":"https:\/\/valenciasjb.salesianos.edu\/colegio\/wp-json\/wp\/v2\/types\/post"}],"author":[{"embeddable":true,"href":"https:\/\/valenciasjb.salesianos.edu\/colegio\/wp-json\/wp\/v2\/users\/6"}],"replies":[{"embeddable":true,"href":"https:\/\/valenciasjb.salesianos.edu\/colegio\/wp-json\/wp\/v2\/comments?post=10195"}],"version-history":[{"count":3,"href":"https:\/\/valenciasjb.salesianos.edu\/colegio\/wp-json\/wp\/v2\/posts\/10195\/revisions"}],"predecessor-version":[{"id":10211,"href":"https:\/\/valenciasjb.salesianos.edu\/colegio\/wp-json\/wp\/v2\/posts\/10195\/revisions\/10211"}],"wp:featuredmedia":[{"embeddable":true,"href":"https:\/\/valenciasjb.salesianos.edu\/colegio\/wp-json\/wp\/v2\/media\/10197"}],"wp:attachment":[{"href":"https:\/\/valenciasjb.salesianos.edu\/colegio\/wp-json\/wp\/v2\/media?parent=10195"}],"wp:term":[{"taxonomy":"category","embeddable":true,"href":"https:\/\/valenciasjb.salesianos.edu\/colegio\/wp-json\/wp\/v2\/categories?post=10195"},{"taxonomy":"post_tag","embeddable":true,"href":"https:\/\/valenciasjb.salesianos.edu\/colegio\/wp-json\/wp\/v2\/tags?post=10195"}],"curies":[{"name":"wp","href":"https:\/\/api.w.org\/{rel}","templated":true}]}}