{"id":10266,"date":"2019-02-10T22:50:45","date_gmt":"2019-02-10T21:50:45","guid":{"rendered":"https:\/\/valenciasjb.salesianos.edu\/colegio\/?p=10266"},"modified":"2019-02-10T22:50:45","modified_gmt":"2019-02-10T21:50:45","slug":"la-mirada-imprescindible-de-gema-celorio-en-el-programa-aula-mundo","status":"publish","type":"post","link":"https:\/\/valenciasjb.salesianos.edu\/colegio\/la-mirada-imprescindible-de-gema-celorio-en-el-programa-aula-mundo\/","title":{"rendered":"La mirada imprescindible de Gema Celorio en el programa AULA-MUNDO"},"content":{"rendered":"<div id=\"fb-root\"><\/div>\n<p>[et_pb_section bb_built=\u00bb1&#8243; admin_label=\u00bbsection\u00bb][et_pb_row admin_label=\u00bbrow\u00bb background_position=\u00bbtop_left\u00bb background_repeat=\u00bbrepeat\u00bb background_size=\u00bbinitial\u00bb][et_pb_column type=\u00bb4_4&#8243;][et_pb_text admin_label=\u00bbEntradilla (Texto)\u00bb _builder_version=\u00bb3.18.7&#8243; text_orientation=\u00bbjustified\u00bb text_font=\u00bb|on|||\u00bb module_alignment=\u00bbleft\u00bb]<\/p>\n<div id=\"resumen\"><strong><strong>Gema Celorio, referencia absoluta de Educaci\u00f3n para el Desarrollo en Espa\u00f1a, comparte su mirada y reflexiones con todo el profesorado en el segundo m\u00f3dulo del Programa AULA-MUNDO del Colegio Salesiano San Juan Bosco Valencia.<\/strong><\/strong><\/div>\n<div>\u00a0<\/div>\n<p>[\/et_pb_text][et_pb_text admin_label=\u00bbAutor (Texto)\u00bb _builder_version=\u00bb3.18.7&#8243; text_font=\u00bb||on||\u00bb]<\/p>\n<p>Carlos G\u00f3mez.<\/p>\n<p>[\/et_pb_text][et_pb_text admin_label=\u00bbDesarrollo (Texto)\u00bb _builder_version=\u00bb3.18.7&#8243; text_orientation=\u00bbjustified\u00bb module_alignment=\u00bbleft\u00bb]<\/p>\n<p>AULA-MUNDO, m\u00e1s que un programa educativo, es un reto, un desaf\u00edo, un compromiso social. El programa propone integrar curricularmente la Educaci\u00f3n para la Transformaci\u00f3n Social hasta los \u00faltimos niveles de concreci\u00f3n de la acci\u00f3n educativa: las aulas. Pero para ello se necesita parar y dedicar tiempo a reflexionar a partir de las miradas de expertas de la educaci\u00f3n que est\u00e1n trabajando en favor del cambio social desde las escuelas.<\/p>\n<p>Por este motivo, el programa temporaliza durante el primer curso escolar una serie de ponencias de expertas que, acompa\u00f1adas con materiales y lecturas, pretenden favorecer la pr\u00e1ctica reflexiva del profesorado para as\u00ed poder comprender mejor la importancia de caminar hacia un nuevo paradigma educativo. \u00bfEl objetivo principal? Favorecer el desarrollo de un alumnado cr\u00edtico, activo, comprometido y capaz de caminar hacia ese otro mundo posible por el que Don Bosco dedic\u00f3 su vida. Compartir su mirada, siempre atenta ante las situaciones de injusticia social, para seguir haciendo presentes sus intuiciones.<\/p>\n<p>La transformaci\u00f3n social en el terreno de la educaci\u00f3n es un camino largo y costoso donde hacen falta muchas pisadas de muchas vidas de dedicaci\u00f3n y compromiso para recorrerlo. Conviene, en el tortuoso y apasionante trayecto, no olvidar lo que dec\u00eda Antonio Machado: \u201c\u2026se hace camino al andar\u201d<\/p>\n<p>[\/et_pb_text][et_pb_text admin_label=\u00bbT\u00edtulo: Galer\u00eda de fotos (Texto)\u00bb _builder_version=\u00bb3.0.76&#8243; background_layout=\u00bblight\u00bb text_font=\u00bb|on|||\u00bb text_text_color=\u00bb#dc001b\u00bb border_style=\u00bbsolid\u00bb disabled=\u00bboff\u00bb disabled_on=\u00bboff|on|on\u00bb]<\/p>\n<p>Galer\u00eda de im\u00e1genes<\/p>\n<p>[\/et_pb_text][et_pb_gallery _builder_version=\u00bb3.18.7&#8243; posts_number=\u00bb8&#8243; show_title_and_caption=\u00bboff\u00bb zoom_icon_color=\u00bb#dc001b\u00bb hover_overlay_color=\u00bbrgba(255,255,255,0.9)\u00bb hover_icon=\u00bb%%51%%\u00bb disabled=\u00bboff\u00bb disabled_on=\u00bboff|off|off\u00bb gallery_ids=\u00bb10267,10268,10269,10270,10271,10272,10273&#8243; pagination_font_size_tablet=\u00bb51&#8243; pagination_line_height_tablet=\u00bb2&#8243; \/][et_pb_video _builder_version=\u00bb3.0.51&#8243; disabled=\u00bbon\u00bb disabled_on=\u00bbon|on|on\u00bb \/][\/et_pb_column][\/et_pb_row][\/et_pb_section]<\/p>\n<!-- AddThis Advanced Settings generic via filter on the_content --><!-- AddThis Share Buttons generic via filter on the_content -->","protected":false},"excerpt":{"rendered":"<p>Gema Celorio, referencia absoluta de Educaci\u00f3n para el Desarrollo en Espa\u00f1a, comparte su mirada y reflexiones con todo el profesorado en el segundo m\u00f3dulo del Programa AULA-MUNDO del Colegio Salesiano San Juan Bosco Valencia.\u00a0 Carlos G\u00f3mez. AULA-MUNDO, m\u00e1s que un programa educativo, es un reto, un desaf\u00edo, un compromiso social. El programa propone integrar curricularmente [&hellip;]<\/p>\n<p><!-- AddThis Advanced Settings generic via filter on get_the_excerpt --><!-- AddThis Share Buttons generic via filter on get_the_excerpt --><\/p>\n","protected":false},"author":6,"featured_media":10268,"comment_status":"closed","ping_status":"open","sticky":false,"template":"","format":"standard","meta":{"_et_pb_use_builder":"on","_et_pb_old_content":"","_et_gb_content_width":"","footnotes":""},"categories":[14],"tags":[],"class_list":["post-10266","post","type-post","status-publish","format-standard","has-post-thumbnail","hentry","category-noticia_colegio"],"yoast_head":"<!-- This site is optimized with the Yoast SEO plugin v28.4 - https:\/\/yoast.com\/product\/yoast-seo-wordpress\/ -->\n<title>La mirada imprescindible de Gema Celorio en el programa AULA-MUNDO - Colegio San Juan Bosco Valencia<\/title>\n<meta name=\"robots\" content=\"index, follow, max-snippet:-1, max-image-preview:large, max-video-preview:-1\" \/>\n<link rel=\"canonical\" href=\"https:\/\/valenciasjb.salesianos.edu\/colegio\/la-mirada-imprescindible-de-gema-celorio-en-el-programa-aula-mundo\/\" \/>\n<meta property=\"og:locale\" content=\"es_ES\" \/>\n<meta property=\"og:type\" content=\"article\" \/>\n<meta property=\"og:title\" content=\"La mirada imprescindible de Gema Celorio en el programa AULA-MUNDO - Colegio San Juan Bosco Valencia\" \/>\n<meta property=\"og:description\" content=\"Gema Celorio, referencia absoluta de Educaci\u00f3n para el Desarrollo en Espa\u00f1a, comparte su mirada y reflexiones con todo el profesorado en el segundo m\u00f3dulo del Programa AULA-MUNDO del Colegio Salesiano San Juan Bosco Valencia.\u00a0 Carlos G\u00f3mez. AULA-MUNDO, m\u00e1s que un programa educativo, es un reto, un desaf\u00edo, un compromiso social. El programa propone integrar curricularmente [&hellip;]\" \/>\n<meta property=\"og:url\" content=\"https:\/\/valenciasjb.salesianos.edu\/colegio\/la-mirada-imprescindible-de-gema-celorio-en-el-programa-aula-mundo\/\" \/>\n<meta property=\"og:site_name\" content=\"Colegio San Juan Bosco Valencia\" \/>\n<meta property=\"article:publisher\" content=\"https:\/\/www.facebook.com\/ColegioSalesianoSanJuanBoscoValencia\" \/>\n<meta property=\"article:published_time\" content=\"2019-02-10T21:50:45+00:00\" \/>\n<meta property=\"og:image\" content=\"https:\/\/valenciasjb.salesianos.edu\/colegio\/wp-content\/uploads\/sites\/2\/2019\/02\/IMG_20190206_125350-1024x768.jpg\" \/>\n\t<meta property=\"og:image:width\" content=\"1024\" \/>\n\t<meta property=\"og:image:height\" content=\"768\" \/>\n\t<meta property=\"og:image:type\" content=\"image\/jpeg\" \/>\n<meta name=\"author\" content=\"veronicapastor\" \/>\n<meta name=\"twitter:card\" content=\"summary_large_image\" \/>\n<meta name=\"twitter:creator\" content=\"@SalesianosVSJB\" \/>\n<meta name=\"twitter:site\" content=\"@SalesianosVSJB\" \/>\n<meta name=\"twitter:label1\" content=\"Escrito por\" \/>\n\t<meta name=\"twitter:data1\" content=\"veronicapastor\" \/>\n\t<meta name=\"twitter:label2\" content=\"Tiempo de lectura\" \/>\n\t<meta name=\"twitter:data2\" content=\"2 minutos\" \/>\n<script type=\"application\/ld+json\" class=\"yoast-schema-graph\">{\"@context\":\"https:\\\/\\\/schema.org\",\"@graph\":[{\"@type\":\"Article\",\"@id\":\"https:\\\/\\\/valenciasjb.salesianos.edu\\\/colegio\\\/la-mirada-imprescindible-de-gema-celorio-en-el-programa-aula-mundo\\\/#article\",\"isPartOf\":{\"@id\":\"https:\\\/\\\/valenciasjb.salesianos.edu\\\/colegio\\\/la-mirada-imprescindible-de-gema-celorio-en-el-programa-aula-mundo\\\/\"},\"author\":{\"name\":\"veronicapastor\",\"@id\":\"https:\\\/\\\/valenciasjb.salesianos.edu\\\/colegio\\\/#\\\/schema\\\/person\\\/1f45b67e52b27da175190a574db6bed9\"},\"headline\":\"La mirada imprescindible de Gema Celorio en el programa AULA-MUNDO\",\"datePublished\":\"2019-02-10T21:50:45+00:00\",\"mainEntityOfPage\":{\"@id\":\"https:\\\/\\\/valenciasjb.salesianos.edu\\\/colegio\\\/la-mirada-imprescindible-de-gema-celorio-en-el-programa-aula-mundo\\\/\"},\"wordCount\":458,\"image\":{\"@id\":\"https:\\\/\\\/valenciasjb.salesianos.edu\\\/colegio\\\/la-mirada-imprescindible-de-gema-celorio-en-el-programa-aula-mundo\\\/#primaryimage\"},\"thumbnailUrl\":\"https:\\\/\\\/valenciasjb.salesianos.edu\\\/colegio\\\/wp-content\\\/uploads\\\/sites\\\/2\\\/2019\\\/02\\\/IMG_20190206_125350.jpg\",\"articleSection\":[\"Noticia Colegio\"],\"inLanguage\":\"es\"},{\"@type\":\"WebPage\",\"@id\":\"https:\\\/\\\/valenciasjb.salesianos.edu\\\/colegio\\\/la-mirada-imprescindible-de-gema-celorio-en-el-programa-aula-mundo\\\/\",\"url\":\"https:\\\/\\\/valenciasjb.salesianos.edu\\\/colegio\\\/la-mirada-imprescindible-de-gema-celorio-en-el-programa-aula-mundo\\\/\",\"name\":\"La mirada imprescindible de Gema Celorio en el programa AULA-MUNDO - Colegio San Juan Bosco Valencia\",\"isPartOf\":{\"@id\":\"https:\\\/\\\/valenciasjb.salesianos.edu\\\/colegio\\\/#website\"},\"primaryImageOfPage\":{\"@id\":\"https:\\\/\\\/valenciasjb.salesianos.edu\\\/colegio\\\/la-mirada-imprescindible-de-gema-celorio-en-el-programa-aula-mundo\\\/#primaryimage\"},\"image\":{\"@id\":\"https:\\\/\\\/valenciasjb.salesianos.edu\\\/colegio\\\/la-mirada-imprescindible-de-gema-celorio-en-el-programa-aula-mundo\\\/#primaryimage\"},\"thumbnailUrl\":\"https:\\\/\\\/valenciasjb.salesianos.edu\\\/colegio\\\/wp-content\\\/uploads\\\/sites\\\/2\\\/2019\\\/02\\\/IMG_20190206_125350.jpg\",\"datePublished\":\"2019-02-10T21:50:45+00:00\",\"author\":{\"@id\":\"https:\\\/\\\/valenciasjb.salesianos.edu\\\/colegio\\\/#\\\/schema\\\/person\\\/1f45b67e52b27da175190a574db6bed9\"},\"breadcrumb\":{\"@id\":\"https:\\\/\\\/valenciasjb.salesianos.edu\\\/colegio\\\/la-mirada-imprescindible-de-gema-celorio-en-el-programa-aula-mundo\\\/#breadcrumb\"},\"inLanguage\":\"es\",\"potentialAction\":[{\"@type\":\"ReadAction\",\"target\":[\"https:\\\/\\\/valenciasjb.salesianos.edu\\\/colegio\\\/la-mirada-imprescindible-de-gema-celorio-en-el-programa-aula-mundo\\\/\"]}]},{\"@type\":\"ImageObject\",\"inLanguage\":\"es\",\"@id\":\"https:\\\/\\\/valenciasjb.salesianos.edu\\\/colegio\\\/la-mirada-imprescindible-de-gema-celorio-en-el-programa-aula-mundo\\\/#primaryimage\",\"url\":\"https:\\\/\\\/valenciasjb.salesianos.edu\\\/colegio\\\/wp-content\\\/uploads\\\/sites\\\/2\\\/2019\\\/02\\\/IMG_20190206_125350.jpg\",\"contentUrl\":\"https:\\\/\\\/valenciasjb.salesianos.edu\\\/colegio\\\/wp-content\\\/uploads\\\/sites\\\/2\\\/2019\\\/02\\\/IMG_20190206_125350.jpg\",\"width\":4000,\"height\":3000},{\"@type\":\"BreadcrumbList\",\"@id\":\"https:\\\/\\\/valenciasjb.salesianos.edu\\\/colegio\\\/la-mirada-imprescindible-de-gema-celorio-en-el-programa-aula-mundo\\\/#breadcrumb\",\"itemListElement\":[{\"@type\":\"ListItem\",\"position\":1,\"name\":\"Portada\",\"item\":\"https:\\\/\\\/valenciasjb.salesianos.edu\\\/colegio\\\/\"},{\"@type\":\"ListItem\",\"position\":2,\"name\":\"La mirada imprescindible de Gema Celorio en el programa AULA-MUNDO\"}]},{\"@type\":\"WebSite\",\"@id\":\"https:\\\/\\\/valenciasjb.salesianos.edu\\\/colegio\\\/#website\",\"url\":\"https:\\\/\\\/valenciasjb.salesianos.edu\\\/colegio\\\/\",\"name\":\"Colegio San Juan Bosco Valencia\",\"description\":\"P\u00e1gina oficial del Colegio Salesianos San Juan Bosco Valencia\",\"alternateName\":\"Salesianos.VSJB\",\"potentialAction\":[{\"@type\":\"SearchAction\",\"target\":{\"@type\":\"EntryPoint\",\"urlTemplate\":\"https:\\\/\\\/valenciasjb.salesianos.edu\\\/colegio\\\/?s={search_term_string}\"},\"query-input\":{\"@type\":\"PropertyValueSpecification\",\"valueRequired\":true,\"valueName\":\"search_term_string\"}}],\"inLanguage\":\"es\"},{\"@type\":\"Person\",\"@id\":\"https:\\\/\\\/valenciasjb.salesianos.edu\\\/colegio\\\/#\\\/schema\\\/person\\\/1f45b67e52b27da175190a574db6bed9\",\"name\":\"veronicapastor\",\"image\":{\"@type\":\"ImageObject\",\"inLanguage\":\"es\",\"@id\":\"https:\\\/\\\/secure.gravatar.com\\\/avatar\\\/e29bd40bace3fd935e1d6fdb7313ffc14628cc037c5e16f4c7369b20a2a6f7f0?s=96&d=mm&r=g\",\"url\":\"https:\\\/\\\/secure.gravatar.com\\\/avatar\\\/e29bd40bace3fd935e1d6fdb7313ffc14628cc037c5e16f4c7369b20a2a6f7f0?s=96&d=mm&r=g\",\"contentUrl\":\"https:\\\/\\\/secure.gravatar.com\\\/avatar\\\/e29bd40bace3fd935e1d6fdb7313ffc14628cc037c5e16f4c7369b20a2a6f7f0?s=96&d=mm&r=g\",\"caption\":\"veronicapastor\"}}]}<\/script>\n<!-- \/ Yoast SEO plugin. -->","yoast_head_json":{"title":"La mirada imprescindible de Gema Celorio en el programa AULA-MUNDO - Colegio San Juan Bosco Valencia","robots":{"index":"index","follow":"follow","max-snippet":"max-snippet:-1","max-image-preview":"max-image-preview:large","max-video-preview":"max-video-preview:-1"},"canonical":"https:\/\/valenciasjb.salesianos.edu\/colegio\/la-mirada-imprescindible-de-gema-celorio-en-el-programa-aula-mundo\/","og_locale":"es_ES","og_type":"article","og_title":"La mirada imprescindible de Gema Celorio en el programa AULA-MUNDO - Colegio San Juan Bosco Valencia","og_description":"Gema Celorio, referencia absoluta de Educaci\u00f3n para el Desarrollo en Espa\u00f1a, comparte su mirada y reflexiones con todo el profesorado en el segundo m\u00f3dulo del Programa AULA-MUNDO del Colegio Salesiano San Juan Bosco Valencia.\u00a0 Carlos G\u00f3mez. AULA-MUNDO, m\u00e1s que un programa educativo, es un reto, un desaf\u00edo, un compromiso social. El programa propone integrar curricularmente [&hellip;]","og_url":"https:\/\/valenciasjb.salesianos.edu\/colegio\/la-mirada-imprescindible-de-gema-celorio-en-el-programa-aula-mundo\/","og_site_name":"Colegio San Juan Bosco Valencia","article_publisher":"https:\/\/www.facebook.com\/ColegioSalesianoSanJuanBoscoValencia","article_published_time":"2019-02-10T21:50:45+00:00","og_image":[{"width":1024,"height":768,"url":"https:\/\/valenciasjb.salesianos.edu\/colegio\/wp-content\/uploads\/sites\/2\/2019\/02\/IMG_20190206_125350-1024x768.jpg","type":"image\/jpeg"}],"author":"veronicapastor","twitter_card":"summary_large_image","twitter_creator":"@SalesianosVSJB","twitter_site":"@SalesianosVSJB","twitter_misc":{"Escrito por":"veronicapastor","Tiempo de lectura":"2 minutos"},"schema":{"@context":"https:\/\/schema.org","@graph":[{"@type":"Article","@id":"https:\/\/valenciasjb.salesianos.edu\/colegio\/la-mirada-imprescindible-de-gema-celorio-en-el-programa-aula-mundo\/#article","isPartOf":{"@id":"https:\/\/valenciasjb.salesianos.edu\/colegio\/la-mirada-imprescindible-de-gema-celorio-en-el-programa-aula-mundo\/"},"author":{"name":"veronicapastor","@id":"https:\/\/valenciasjb.salesianos.edu\/colegio\/#\/schema\/person\/1f45b67e52b27da175190a574db6bed9"},"headline":"La mirada imprescindible de Gema Celorio en el programa AULA-MUNDO","datePublished":"2019-02-10T21:50:45+00:00","mainEntityOfPage":{"@id":"https:\/\/valenciasjb.salesianos.edu\/colegio\/la-mirada-imprescindible-de-gema-celorio-en-el-programa-aula-mundo\/"},"wordCount":458,"image":{"@id":"https:\/\/valenciasjb.salesianos.edu\/colegio\/la-mirada-imprescindible-de-gema-celorio-en-el-programa-aula-mundo\/#primaryimage"},"thumbnailUrl":"https:\/\/valenciasjb.salesianos.edu\/colegio\/wp-content\/uploads\/sites\/2\/2019\/02\/IMG_20190206_125350.jpg","articleSection":["Noticia Colegio"],"inLanguage":"es"},{"@type":"WebPage","@id":"https:\/\/valenciasjb.salesianos.edu\/colegio\/la-mirada-imprescindible-de-gema-celorio-en-el-programa-aula-mundo\/","url":"https:\/\/valenciasjb.salesianos.edu\/colegio\/la-mirada-imprescindible-de-gema-celorio-en-el-programa-aula-mundo\/","name":"La mirada imprescindible de Gema Celorio en el programa AULA-MUNDO - Colegio San Juan Bosco Valencia","isPartOf":{"@id":"https:\/\/valenciasjb.salesianos.edu\/colegio\/#website"},"primaryImageOfPage":{"@id":"https:\/\/valenciasjb.salesianos.edu\/colegio\/la-mirada-imprescindible-de-gema-celorio-en-el-programa-aula-mundo\/#primaryimage"},"image":{"@id":"https:\/\/valenciasjb.salesianos.edu\/colegio\/la-mirada-imprescindible-de-gema-celorio-en-el-programa-aula-mundo\/#primaryimage"},"thumbnailUrl":"https:\/\/valenciasjb.salesianos.edu\/colegio\/wp-content\/uploads\/sites\/2\/2019\/02\/IMG_20190206_125350.jpg","datePublished":"2019-02-10T21:50:45+00:00","author":{"@id":"https:\/\/valenciasjb.salesianos.edu\/colegio\/#\/schema\/person\/1f45b67e52b27da175190a574db6bed9"},"breadcrumb":{"@id":"https:\/\/valenciasjb.salesianos.edu\/colegio\/la-mirada-imprescindible-de-gema-celorio-en-el-programa-aula-mundo\/#breadcrumb"},"inLanguage":"es","potentialAction":[{"@type":"ReadAction","target":["https:\/\/valenciasjb.salesianos.edu\/colegio\/la-mirada-imprescindible-de-gema-celorio-en-el-programa-aula-mundo\/"]}]},{"@type":"ImageObject","inLanguage":"es","@id":"https:\/\/valenciasjb.salesianos.edu\/colegio\/la-mirada-imprescindible-de-gema-celorio-en-el-programa-aula-mundo\/#primaryimage","url":"https:\/\/valenciasjb.salesianos.edu\/colegio\/wp-content\/uploads\/sites\/2\/2019\/02\/IMG_20190206_125350.jpg","contentUrl":"https:\/\/valenciasjb.salesianos.edu\/colegio\/wp-content\/uploads\/sites\/2\/2019\/02\/IMG_20190206_125350.jpg","width":4000,"height":3000},{"@type":"BreadcrumbList","@id":"https:\/\/valenciasjb.salesianos.edu\/colegio\/la-mirada-imprescindible-de-gema-celorio-en-el-programa-aula-mundo\/#breadcrumb","itemListElement":[{"@type":"ListItem","position":1,"name":"Portada","item":"https:\/\/valenciasjb.salesianos.edu\/colegio\/"},{"@type":"ListItem","position":2,"name":"La mirada imprescindible de Gema Celorio en el programa AULA-MUNDO"}]},{"@type":"WebSite","@id":"https:\/\/valenciasjb.salesianos.edu\/colegio\/#website","url":"https:\/\/valenciasjb.salesianos.edu\/colegio\/","name":"Colegio San Juan Bosco Valencia","description":"P\u00e1gina oficial del Colegio Salesianos San Juan Bosco Valencia","alternateName":"Salesianos.VSJB","potentialAction":[{"@type":"SearchAction","target":{"@type":"EntryPoint","urlTemplate":"https:\/\/valenciasjb.salesianos.edu\/colegio\/?s={search_term_string}"},"query-input":{"@type":"PropertyValueSpecification","valueRequired":true,"valueName":"search_term_string"}}],"inLanguage":"es"},{"@type":"Person","@id":"https:\/\/valenciasjb.salesianos.edu\/colegio\/#\/schema\/person\/1f45b67e52b27da175190a574db6bed9","name":"veronicapastor","image":{"@type":"ImageObject","inLanguage":"es","@id":"https:\/\/secure.gravatar.com\/avatar\/e29bd40bace3fd935e1d6fdb7313ffc14628cc037c5e16f4c7369b20a2a6f7f0?s=96&d=mm&r=g","url":"https:\/\/secure.gravatar.com\/avatar\/e29bd40bace3fd935e1d6fdb7313ffc14628cc037c5e16f4c7369b20a2a6f7f0?s=96&d=mm&r=g","contentUrl":"https:\/\/secure.gravatar.com\/avatar\/e29bd40bace3fd935e1d6fdb7313ffc14628cc037c5e16f4c7369b20a2a6f7f0?s=96&d=mm&r=g","caption":"veronicapastor"}}]}},"_links":{"self":[{"href":"https:\/\/valenciasjb.salesianos.edu\/colegio\/wp-json\/wp\/v2\/posts\/10266","targetHints":{"allow":["GET"]}}],"collection":[{"href":"https:\/\/valenciasjb.salesianos.edu\/colegio\/wp-json\/wp\/v2\/posts"}],"about":[{"href":"https:\/\/valenciasjb.salesianos.edu\/colegio\/wp-json\/wp\/v2\/types\/post"}],"author":[{"embeddable":true,"href":"https:\/\/valenciasjb.salesianos.edu\/colegio\/wp-json\/wp\/v2\/users\/6"}],"replies":[{"embeddable":true,"href":"https:\/\/valenciasjb.salesianos.edu\/colegio\/wp-json\/wp\/v2\/comments?post=10266"}],"version-history":[{"count":1,"href":"https:\/\/valenciasjb.salesianos.edu\/colegio\/wp-json\/wp\/v2\/posts\/10266\/revisions"}],"predecessor-version":[{"id":10274,"href":"https:\/\/valenciasjb.salesianos.edu\/colegio\/wp-json\/wp\/v2\/posts\/10266\/revisions\/10274"}],"wp:featuredmedia":[{"embeddable":true,"href":"https:\/\/valenciasjb.salesianos.edu\/colegio\/wp-json\/wp\/v2\/media\/10268"}],"wp:attachment":[{"href":"https:\/\/valenciasjb.salesianos.edu\/colegio\/wp-json\/wp\/v2\/media?parent=10266"}],"wp:term":[{"taxonomy":"category","embeddable":true,"href":"https:\/\/valenciasjb.salesianos.edu\/colegio\/wp-json\/wp\/v2\/categories?post=10266"},{"taxonomy":"post_tag","embeddable":true,"href":"https:\/\/valenciasjb.salesianos.edu\/colegio\/wp-json\/wp\/v2\/tags?post=10266"}],"curies":[{"name":"wp","href":"https:\/\/api.w.org\/{rel}","templated":true}]}}