{"id":10307,"date":"2019-02-14T18:28:49","date_gmt":"2019-02-14T17:28:49","guid":{"rendered":"https:\/\/valenciasjb.salesianos.edu\/colegio\/?p=10307"},"modified":"2019-02-14T18:28:49","modified_gmt":"2019-02-14T17:28:49","slug":"los-ninos-y-las-ninas-quieren-paz","status":"publish","type":"post","link":"https:\/\/valenciasjb.salesianos.edu\/colegio\/los-ninos-y-las-ninas-quieren-paz\/","title":{"rendered":"\u00a1LOS NI\u00d1OS Y LAS NI\u00d1AS QUIEREN PAZ!"},"content":{"rendered":"<div id=\"fb-root\"><\/div>\n<p>[et_pb_section bb_built=\u00bb1&#8243; admin_label=\u00bbsection\u00bb][et_pb_row admin_label=\u00bbrow\u00bb background_position=\u00bbtop_left\u00bb background_repeat=\u00bbrepeat\u00bb background_size=\u00bbinitial\u00bb][et_pb_column type=\u00bb4_4&#8243;][et_pb_text admin_label=\u00bbEntradilla (Texto)\u00bb _builder_version=\u00bb3.18.7&#8243; text_orientation=\u00bbjustified\u00bb text_font=\u00bb|on|||\u00bb module_alignment=\u00bbleft\u00bb]<\/p>\n<div id=\"resumen\">\n<p><span style=\"font-family: Verdana, sans-serif\"><span style=\"font-size: small\">Durante la semana pasada la etapa de E. Infantil se ha unido a la celebraci\u00f3n del D\u00eda Escolar de la No Violencia y La Paz, que se celebra el d\u00eda 30 de enero, en memoria de Mahatma Gandhi. <\/span><\/span><span style=\"color: #000000\"><span style=\"font-family: Verdana, sans-serif\"><span style=\"font-size: small\">En esta fecha se recuerda la necesidad de la educaci\u00f3n para la tolerancia, la solidaridad, el respeto a los Derechos Humanos, la no violencia y la paz<\/span><\/span><\/span><strong><span style=\"color: #000000\"><span style=\"font-family: Verdana, sans-serif\"><span style=\"font-size: small\">.<\/span><\/span><\/span><\/strong><\/p>\n<\/div>\n<div>\u00a0<\/div>\n<p>[\/et_pb_text][et_pb_text admin_label=\u00bbAutor (Texto)\u00bb _builder_version=\u00bb3.0.85&#8243; background_layout=\u00bblight\u00bb text_font=\u00bb||on||\u00bb]<\/p>\n<p>Redacci\u00f3n<\/p>\n<p>[\/et_pb_text][et_pb_text admin_label=\u00bbDesarrollo (Texto)\u00bb _builder_version=\u00bb3.18.7&#8243; text_orientation=\u00bbjustified\u00bb module_alignment=\u00bbleft\u00bb]<\/p>\n<p align=\"justify\"><span style=\"font-family: Verdana, sans-serif\"><span style=\"font-size: small\">Para ello, se han realizado diversas actividades por niveles para sensibilizar a los alumnos en estos valores, y de esta manera, construir entre todos un mundo mejor, m\u00e1s justo y m\u00e1s humano.<\/span><\/span><\/p>\n<p align=\"justify\"><span style=\"font-family: Verdana, sans-serif\"><span style=\"font-size: small\">En primer lugar, los m\u00e1s peque\u00f1os del colegio, han recitado una poes\u00eda y han decorado una paloma, la cual se han llevado a sus casas para compartir con sus familias.<\/span><\/span><\/p>\n<p align=\"justify\"><span style=\"font-family: Verdana, sans-serif\"><span style=\"font-size: small\">Los ni\u00f1os de 4 a\u00f1os han trabajado un mini-proyecto, en el cual han investigado acerca de \u201cLa Paz\u201d: s\u00edmbolo, poemas, festividad&#8230;Tambi\u00e9n han realizado un bonito mural de una paloma, en donde, sus alas estaban formadas por la cara y el esp\u00edritu de D. Bosco.<\/span><\/span><\/p>\n<p align=\"justify\"><span style=\"font-family: Verdana, sans-serif\"><span style=\"font-size: small\">Por \u00faltimo, los ni\u00f1os de 5 a\u00f1os tambi\u00e9n han reflexionado en las aulas sobre el tema, y han realizado diferentes m\u00e1ndalas de la \u201cLa Paz\u201d, y con todas ellas han confeccionado un mural, cuyo marco era la figura de D. Bosco, con las letras de la paz, el cual se ha expuesto en el pasillo de 5 a\u00f1os.<\/span><\/span><\/p>\n<p align=\"justify\"><span style=\"font-family: Verdana, sans-serif\"><span style=\"font-size: small\">As\u00ed mismo, todos los ni\u00f1os y ni\u00f1as han conocido grandes personas que han trabajado o trabajan por la paz en el mundo y han recibido el Premio Nobel: Madre Teresa de Calcuta, Nelson Mandela, Mart\u00edn Luther King, Barack Obama,.. entre otros<\/span><\/span><\/p>\n<p align=\"justify\"><span style=\"font-family: Times New Roman, serif\"><span style=\"font-family: Verdana, sans-serif\"><span style=\"font-size: small\">Muchas fueron las frases que Mahatma Gandhi dejo en este mundo para la reflexi\u00f3n de la sociedad en general<\/span><\/span><span style=\"color: #333333\"><span style=\"font-family: Verdana, sans-serif\"><span style=\"font-size: small\">. Algunas de las m\u00e1s c\u00e9lebres podr\u00edan ser \u00e9stas: \u201c<\/span><\/span><\/span><span style=\"color: #222222\"><span style=\"font-family: Verdana, sans-serif\"><span style=\"font-size: small\">No hay barrera que el amor no pueda romper\u201d,<\/span><\/span><\/span><span style=\"color: #222222\"><span style=\"font-family: Verdana, sans-serif\"><span style=\"font-size: small\"> \u201cLa felicidad est\u00e1 en lo que piensas, lo que dices y lo que haces cuando se encuentra en armon\u00eda\u201d,<\/span><\/span><\/span><span style=\"color: #333333\"><span style=\"font-family: Verdana, sans-serif\"><span style=\"font-size: small\"> \u201c<\/span><\/span><\/span> <span style=\"color: #222222\"><span style=\"font-family: Verdana, sans-serif\"><span style=\"font-size: small\">La pobreza es la peor forma de violencia\u201d.<\/span><\/span><\/span><\/span><\/p>\n<p>[\/et_pb_text][et_pb_text admin_label=\u00bbT\u00edtulo: Galer\u00eda de fotos (Texto)\u00bb _builder_version=\u00bb3.0.76&#8243; background_layout=\u00bblight\u00bb text_font=\u00bb|on|||\u00bb text_text_color=\u00bb#dc001b\u00bb border_style=\u00bbsolid\u00bb disabled=\u00bboff\u00bb disabled_on=\u00bboff|on|on\u00bb]<\/p>\n<p>Galer\u00eda de im\u00e1genes<\/p>\n<p>[\/et_pb_text][et_pb_gallery _builder_version=\u00bb3.18.7&#8243; posts_number=\u00bb8&#8243; show_title_and_caption=\u00bboff\u00bb zoom_icon_color=\u00bb#dc001b\u00bb hover_overlay_color=\u00bbrgba(255,255,255,0.9)\u00bb hover_icon=\u00bb%%51%%\u00bb disabled=\u00bboff\u00bb disabled_on=\u00bboff|off|off\u00bb gallery_ids=\u00bb10321,10320,10319,10318,10317,10315,10316,10314,10313,10312,10311,10310,10309,10308&#8243; pagination_font_size_tablet=\u00bb51&#8243; pagination_line_height_tablet=\u00bb2&#8243; \/][et_pb_video _builder_version=\u00bb3.0.51&#8243; disabled=\u00bbon\u00bb disabled_on=\u00bbon|on|on\u00bb \/][\/et_pb_column][\/et_pb_row][\/et_pb_section]<\/p>\n<!-- AddThis Advanced Settings generic via filter on the_content --><!-- AddThis Share Buttons generic via filter on the_content -->","protected":false},"excerpt":{"rendered":"<p>Durante la semana pasada la etapa de E. Infantil se ha unido a la celebraci\u00f3n del D\u00eda Escolar de la No Violencia y La Paz, que se celebra el d\u00eda 30 de enero, en memoria de Mahatma Gandhi. En esta fecha se recuerda la necesidad de la educaci\u00f3n para la tolerancia, la solidaridad, el respeto [&hellip;]<\/p>\n<p><!-- AddThis Advanced Settings generic via filter on get_the_excerpt --><!-- AddThis Share Buttons generic via filter on get_the_excerpt --><\/p>\n","protected":false},"author":6,"featured_media":10308,"comment_status":"closed","ping_status":"open","sticky":false,"template":"","format":"standard","meta":{"_et_pb_use_builder":"on","_et_pb_old_content":"","_et_gb_content_width":"","footnotes":""},"categories":[14],"tags":[],"class_list":["post-10307","post","type-post","status-publish","format-standard","has-post-thumbnail","hentry","category-noticia_colegio"],"yoast_head":"<!-- This site is optimized with the Yoast SEO plugin v28.4 - https:\/\/yoast.com\/product\/yoast-seo-wordpress\/ -->\n<title>\u00a1LOS NI\u00d1OS Y LAS NI\u00d1AS QUIEREN PAZ! - Colegio San Juan Bosco Valencia<\/title>\n<meta name=\"robots\" content=\"index, follow, max-snippet:-1, max-image-preview:large, max-video-preview:-1\" \/>\n<link rel=\"canonical\" href=\"https:\/\/valenciasjb.salesianos.edu\/colegio\/los-ninos-y-las-ninas-quieren-paz\/\" \/>\n<meta property=\"og:locale\" content=\"es_ES\" \/>\n<meta property=\"og:type\" content=\"article\" \/>\n<meta property=\"og:title\" content=\"\u00a1LOS NI\u00d1OS Y LAS NI\u00d1AS QUIEREN PAZ! - Colegio San Juan Bosco Valencia\" \/>\n<meta property=\"og:description\" content=\"Durante la semana pasada la etapa de E. Infantil se ha unido a la celebraci\u00f3n del D\u00eda Escolar de la No Violencia y La Paz, que se celebra el d\u00eda 30 de enero, en memoria de Mahatma Gandhi. En esta fecha se recuerda la necesidad de la educaci\u00f3n para la tolerancia, la solidaridad, el respeto [&hellip;]\" \/>\n<meta property=\"og:url\" content=\"https:\/\/valenciasjb.salesianos.edu\/colegio\/los-ninos-y-las-ninas-quieren-paz\/\" \/>\n<meta property=\"og:site_name\" content=\"Colegio San Juan Bosco Valencia\" \/>\n<meta property=\"article:publisher\" content=\"https:\/\/www.facebook.com\/ColegioSalesianoSanJuanBoscoValencia\" \/>\n<meta property=\"article:published_time\" content=\"2019-02-14T17:28:49+00:00\" \/>\n<meta property=\"og:image\" content=\"https:\/\/valenciasjb.salesianos.edu\/colegio\/wp-content\/uploads\/sites\/2\/2019\/02\/IMG_5026-1024x768.jpg\" \/>\n\t<meta property=\"og:image:width\" content=\"1024\" \/>\n\t<meta property=\"og:image:height\" content=\"768\" \/>\n\t<meta property=\"og:image:type\" content=\"image\/jpeg\" \/>\n<meta name=\"author\" content=\"veronicapastor\" \/>\n<meta name=\"twitter:card\" content=\"summary_large_image\" \/>\n<meta name=\"twitter:creator\" content=\"@SalesianosVSJB\" \/>\n<meta name=\"twitter:site\" content=\"@SalesianosVSJB\" \/>\n<meta name=\"twitter:label1\" content=\"Escrito por\" \/>\n\t<meta name=\"twitter:data1\" content=\"veronicapastor\" \/>\n\t<meta name=\"twitter:label2\" content=\"Tiempo de lectura\" \/>\n\t<meta name=\"twitter:data2\" content=\"3 minutos\" \/>\n<script type=\"application\/ld+json\" class=\"yoast-schema-graph\">{\"@context\":\"https:\\\/\\\/schema.org\",\"@graph\":[{\"@type\":\"Article\",\"@id\":\"https:\\\/\\\/valenciasjb.salesianos.edu\\\/colegio\\\/los-ninos-y-las-ninas-quieren-paz\\\/#article\",\"isPartOf\":{\"@id\":\"https:\\\/\\\/valenciasjb.salesianos.edu\\\/colegio\\\/los-ninos-y-las-ninas-quieren-paz\\\/\"},\"author\":{\"name\":\"veronicapastor\",\"@id\":\"https:\\\/\\\/valenciasjb.salesianos.edu\\\/colegio\\\/#\\\/schema\\\/person\\\/1f45b67e52b27da175190a574db6bed9\"},\"headline\":\"\u00a1LOS NI\u00d1OS Y LAS NI\u00d1AS QUIEREN PAZ!\",\"datePublished\":\"2019-02-14T17:28:49+00:00\",\"mainEntityOfPage\":{\"@id\":\"https:\\\/\\\/valenciasjb.salesianos.edu\\\/colegio\\\/los-ninos-y-las-ninas-quieren-paz\\\/\"},\"wordCount\":557,\"image\":{\"@id\":\"https:\\\/\\\/valenciasjb.salesianos.edu\\\/colegio\\\/los-ninos-y-las-ninas-quieren-paz\\\/#primaryimage\"},\"thumbnailUrl\":\"https:\\\/\\\/valenciasjb.salesianos.edu\\\/colegio\\\/wp-content\\\/uploads\\\/sites\\\/2\\\/2019\\\/02\\\/IMG_5026.jpg\",\"articleSection\":[\"Noticia Colegio\"],\"inLanguage\":\"es\"},{\"@type\":\"WebPage\",\"@id\":\"https:\\\/\\\/valenciasjb.salesianos.edu\\\/colegio\\\/los-ninos-y-las-ninas-quieren-paz\\\/\",\"url\":\"https:\\\/\\\/valenciasjb.salesianos.edu\\\/colegio\\\/los-ninos-y-las-ninas-quieren-paz\\\/\",\"name\":\"\u00a1LOS NI\u00d1OS Y LAS NI\u00d1AS QUIEREN PAZ! - Colegio San Juan Bosco Valencia\",\"isPartOf\":{\"@id\":\"https:\\\/\\\/valenciasjb.salesianos.edu\\\/colegio\\\/#website\"},\"primaryImageOfPage\":{\"@id\":\"https:\\\/\\\/valenciasjb.salesianos.edu\\\/colegio\\\/los-ninos-y-las-ninas-quieren-paz\\\/#primaryimage\"},\"image\":{\"@id\":\"https:\\\/\\\/valenciasjb.salesianos.edu\\\/colegio\\\/los-ninos-y-las-ninas-quieren-paz\\\/#primaryimage\"},\"thumbnailUrl\":\"https:\\\/\\\/valenciasjb.salesianos.edu\\\/colegio\\\/wp-content\\\/uploads\\\/sites\\\/2\\\/2019\\\/02\\\/IMG_5026.jpg\",\"datePublished\":\"2019-02-14T17:28:49+00:00\",\"author\":{\"@id\":\"https:\\\/\\\/valenciasjb.salesianos.edu\\\/colegio\\\/#\\\/schema\\\/person\\\/1f45b67e52b27da175190a574db6bed9\"},\"breadcrumb\":{\"@id\":\"https:\\\/\\\/valenciasjb.salesianos.edu\\\/colegio\\\/los-ninos-y-las-ninas-quieren-paz\\\/#breadcrumb\"},\"inLanguage\":\"es\",\"potentialAction\":[{\"@type\":\"ReadAction\",\"target\":[\"https:\\\/\\\/valenciasjb.salesianos.edu\\\/colegio\\\/los-ninos-y-las-ninas-quieren-paz\\\/\"]}]},{\"@type\":\"ImageObject\",\"inLanguage\":\"es\",\"@id\":\"https:\\\/\\\/valenciasjb.salesianos.edu\\\/colegio\\\/los-ninos-y-las-ninas-quieren-paz\\\/#primaryimage\",\"url\":\"https:\\\/\\\/valenciasjb.salesianos.edu\\\/colegio\\\/wp-content\\\/uploads\\\/sites\\\/2\\\/2019\\\/02\\\/IMG_5026.jpg\",\"contentUrl\":\"https:\\\/\\\/valenciasjb.salesianos.edu\\\/colegio\\\/wp-content\\\/uploads\\\/sites\\\/2\\\/2019\\\/02\\\/IMG_5026.jpg\",\"width\":3264,\"height\":2448},{\"@type\":\"BreadcrumbList\",\"@id\":\"https:\\\/\\\/valenciasjb.salesianos.edu\\\/colegio\\\/los-ninos-y-las-ninas-quieren-paz\\\/#breadcrumb\",\"itemListElement\":[{\"@type\":\"ListItem\",\"position\":1,\"name\":\"Portada\",\"item\":\"https:\\\/\\\/valenciasjb.salesianos.edu\\\/colegio\\\/\"},{\"@type\":\"ListItem\",\"position\":2,\"name\":\"\u00a1LOS NI\u00d1OS Y LAS NI\u00d1AS QUIEREN PAZ!\"}]},{\"@type\":\"WebSite\",\"@id\":\"https:\\\/\\\/valenciasjb.salesianos.edu\\\/colegio\\\/#website\",\"url\":\"https:\\\/\\\/valenciasjb.salesianos.edu\\\/colegio\\\/\",\"name\":\"Colegio San Juan Bosco Valencia\",\"description\":\"P\u00e1gina oficial del Colegio Salesianos San Juan Bosco Valencia\",\"alternateName\":\"Salesianos.VSJB\",\"potentialAction\":[{\"@type\":\"SearchAction\",\"target\":{\"@type\":\"EntryPoint\",\"urlTemplate\":\"https:\\\/\\\/valenciasjb.salesianos.edu\\\/colegio\\\/?s={search_term_string}\"},\"query-input\":{\"@type\":\"PropertyValueSpecification\",\"valueRequired\":true,\"valueName\":\"search_term_string\"}}],\"inLanguage\":\"es\"},{\"@type\":\"Person\",\"@id\":\"https:\\\/\\\/valenciasjb.salesianos.edu\\\/colegio\\\/#\\\/schema\\\/person\\\/1f45b67e52b27da175190a574db6bed9\",\"name\":\"veronicapastor\",\"image\":{\"@type\":\"ImageObject\",\"inLanguage\":\"es\",\"@id\":\"https:\\\/\\\/secure.gravatar.com\\\/avatar\\\/e29bd40bace3fd935e1d6fdb7313ffc14628cc037c5e16f4c7369b20a2a6f7f0?s=96&d=mm&r=g\",\"url\":\"https:\\\/\\\/secure.gravatar.com\\\/avatar\\\/e29bd40bace3fd935e1d6fdb7313ffc14628cc037c5e16f4c7369b20a2a6f7f0?s=96&d=mm&r=g\",\"contentUrl\":\"https:\\\/\\\/secure.gravatar.com\\\/avatar\\\/e29bd40bace3fd935e1d6fdb7313ffc14628cc037c5e16f4c7369b20a2a6f7f0?s=96&d=mm&r=g\",\"caption\":\"veronicapastor\"}}]}<\/script>\n<!-- \/ Yoast SEO plugin. -->","yoast_head_json":{"title":"\u00a1LOS NI\u00d1OS Y LAS NI\u00d1AS QUIEREN PAZ! - Colegio San Juan Bosco Valencia","robots":{"index":"index","follow":"follow","max-snippet":"max-snippet:-1","max-image-preview":"max-image-preview:large","max-video-preview":"max-video-preview:-1"},"canonical":"https:\/\/valenciasjb.salesianos.edu\/colegio\/los-ninos-y-las-ninas-quieren-paz\/","og_locale":"es_ES","og_type":"article","og_title":"\u00a1LOS NI\u00d1OS Y LAS NI\u00d1AS QUIEREN PAZ! - Colegio San Juan Bosco Valencia","og_description":"Durante la semana pasada la etapa de E. Infantil se ha unido a la celebraci\u00f3n del D\u00eda Escolar de la No Violencia y La Paz, que se celebra el d\u00eda 30 de enero, en memoria de Mahatma Gandhi. En esta fecha se recuerda la necesidad de la educaci\u00f3n para la tolerancia, la solidaridad, el respeto [&hellip;]","og_url":"https:\/\/valenciasjb.salesianos.edu\/colegio\/los-ninos-y-las-ninas-quieren-paz\/","og_site_name":"Colegio San Juan Bosco Valencia","article_publisher":"https:\/\/www.facebook.com\/ColegioSalesianoSanJuanBoscoValencia","article_published_time":"2019-02-14T17:28:49+00:00","og_image":[{"width":1024,"height":768,"url":"https:\/\/valenciasjb.salesianos.edu\/colegio\/wp-content\/uploads\/sites\/2\/2019\/02\/IMG_5026-1024x768.jpg","type":"image\/jpeg"}],"author":"veronicapastor","twitter_card":"summary_large_image","twitter_creator":"@SalesianosVSJB","twitter_site":"@SalesianosVSJB","twitter_misc":{"Escrito por":"veronicapastor","Tiempo de lectura":"3 minutos"},"schema":{"@context":"https:\/\/schema.org","@graph":[{"@type":"Article","@id":"https:\/\/valenciasjb.salesianos.edu\/colegio\/los-ninos-y-las-ninas-quieren-paz\/#article","isPartOf":{"@id":"https:\/\/valenciasjb.salesianos.edu\/colegio\/los-ninos-y-las-ninas-quieren-paz\/"},"author":{"name":"veronicapastor","@id":"https:\/\/valenciasjb.salesianos.edu\/colegio\/#\/schema\/person\/1f45b67e52b27da175190a574db6bed9"},"headline":"\u00a1LOS NI\u00d1OS Y LAS NI\u00d1AS QUIEREN PAZ!","datePublished":"2019-02-14T17:28:49+00:00","mainEntityOfPage":{"@id":"https:\/\/valenciasjb.salesianos.edu\/colegio\/los-ninos-y-las-ninas-quieren-paz\/"},"wordCount":557,"image":{"@id":"https:\/\/valenciasjb.salesianos.edu\/colegio\/los-ninos-y-las-ninas-quieren-paz\/#primaryimage"},"thumbnailUrl":"https:\/\/valenciasjb.salesianos.edu\/colegio\/wp-content\/uploads\/sites\/2\/2019\/02\/IMG_5026.jpg","articleSection":["Noticia Colegio"],"inLanguage":"es"},{"@type":"WebPage","@id":"https:\/\/valenciasjb.salesianos.edu\/colegio\/los-ninos-y-las-ninas-quieren-paz\/","url":"https:\/\/valenciasjb.salesianos.edu\/colegio\/los-ninos-y-las-ninas-quieren-paz\/","name":"\u00a1LOS NI\u00d1OS Y LAS NI\u00d1AS QUIEREN PAZ! - Colegio San Juan Bosco Valencia","isPartOf":{"@id":"https:\/\/valenciasjb.salesianos.edu\/colegio\/#website"},"primaryImageOfPage":{"@id":"https:\/\/valenciasjb.salesianos.edu\/colegio\/los-ninos-y-las-ninas-quieren-paz\/#primaryimage"},"image":{"@id":"https:\/\/valenciasjb.salesianos.edu\/colegio\/los-ninos-y-las-ninas-quieren-paz\/#primaryimage"},"thumbnailUrl":"https:\/\/valenciasjb.salesianos.edu\/colegio\/wp-content\/uploads\/sites\/2\/2019\/02\/IMG_5026.jpg","datePublished":"2019-02-14T17:28:49+00:00","author":{"@id":"https:\/\/valenciasjb.salesianos.edu\/colegio\/#\/schema\/person\/1f45b67e52b27da175190a574db6bed9"},"breadcrumb":{"@id":"https:\/\/valenciasjb.salesianos.edu\/colegio\/los-ninos-y-las-ninas-quieren-paz\/#breadcrumb"},"inLanguage":"es","potentialAction":[{"@type":"ReadAction","target":["https:\/\/valenciasjb.salesianos.edu\/colegio\/los-ninos-y-las-ninas-quieren-paz\/"]}]},{"@type":"ImageObject","inLanguage":"es","@id":"https:\/\/valenciasjb.salesianos.edu\/colegio\/los-ninos-y-las-ninas-quieren-paz\/#primaryimage","url":"https:\/\/valenciasjb.salesianos.edu\/colegio\/wp-content\/uploads\/sites\/2\/2019\/02\/IMG_5026.jpg","contentUrl":"https:\/\/valenciasjb.salesianos.edu\/colegio\/wp-content\/uploads\/sites\/2\/2019\/02\/IMG_5026.jpg","width":3264,"height":2448},{"@type":"BreadcrumbList","@id":"https:\/\/valenciasjb.salesianos.edu\/colegio\/los-ninos-y-las-ninas-quieren-paz\/#breadcrumb","itemListElement":[{"@type":"ListItem","position":1,"name":"Portada","item":"https:\/\/valenciasjb.salesianos.edu\/colegio\/"},{"@type":"ListItem","position":2,"name":"\u00a1LOS NI\u00d1OS Y LAS NI\u00d1AS QUIEREN PAZ!"}]},{"@type":"WebSite","@id":"https:\/\/valenciasjb.salesianos.edu\/colegio\/#website","url":"https:\/\/valenciasjb.salesianos.edu\/colegio\/","name":"Colegio San Juan Bosco Valencia","description":"P\u00e1gina oficial del Colegio Salesianos San Juan Bosco Valencia","alternateName":"Salesianos.VSJB","potentialAction":[{"@type":"SearchAction","target":{"@type":"EntryPoint","urlTemplate":"https:\/\/valenciasjb.salesianos.edu\/colegio\/?s={search_term_string}"},"query-input":{"@type":"PropertyValueSpecification","valueRequired":true,"valueName":"search_term_string"}}],"inLanguage":"es"},{"@type":"Person","@id":"https:\/\/valenciasjb.salesianos.edu\/colegio\/#\/schema\/person\/1f45b67e52b27da175190a574db6bed9","name":"veronicapastor","image":{"@type":"ImageObject","inLanguage":"es","@id":"https:\/\/secure.gravatar.com\/avatar\/e29bd40bace3fd935e1d6fdb7313ffc14628cc037c5e16f4c7369b20a2a6f7f0?s=96&d=mm&r=g","url":"https:\/\/secure.gravatar.com\/avatar\/e29bd40bace3fd935e1d6fdb7313ffc14628cc037c5e16f4c7369b20a2a6f7f0?s=96&d=mm&r=g","contentUrl":"https:\/\/secure.gravatar.com\/avatar\/e29bd40bace3fd935e1d6fdb7313ffc14628cc037c5e16f4c7369b20a2a6f7f0?s=96&d=mm&r=g","caption":"veronicapastor"}}]}},"_links":{"self":[{"href":"https:\/\/valenciasjb.salesianos.edu\/colegio\/wp-json\/wp\/v2\/posts\/10307","targetHints":{"allow":["GET"]}}],"collection":[{"href":"https:\/\/valenciasjb.salesianos.edu\/colegio\/wp-json\/wp\/v2\/posts"}],"about":[{"href":"https:\/\/valenciasjb.salesianos.edu\/colegio\/wp-json\/wp\/v2\/types\/post"}],"author":[{"embeddable":true,"href":"https:\/\/valenciasjb.salesianos.edu\/colegio\/wp-json\/wp\/v2\/users\/6"}],"replies":[{"embeddable":true,"href":"https:\/\/valenciasjb.salesianos.edu\/colegio\/wp-json\/wp\/v2\/comments?post=10307"}],"version-history":[{"count":1,"href":"https:\/\/valenciasjb.salesianos.edu\/colegio\/wp-json\/wp\/v2\/posts\/10307\/revisions"}],"predecessor-version":[{"id":10322,"href":"https:\/\/valenciasjb.salesianos.edu\/colegio\/wp-json\/wp\/v2\/posts\/10307\/revisions\/10322"}],"wp:featuredmedia":[{"embeddable":true,"href":"https:\/\/valenciasjb.salesianos.edu\/colegio\/wp-json\/wp\/v2\/media\/10308"}],"wp:attachment":[{"href":"https:\/\/valenciasjb.salesianos.edu\/colegio\/wp-json\/wp\/v2\/media?parent=10307"}],"wp:term":[{"taxonomy":"category","embeddable":true,"href":"https:\/\/valenciasjb.salesianos.edu\/colegio\/wp-json\/wp\/v2\/categories?post=10307"},{"taxonomy":"post_tag","embeddable":true,"href":"https:\/\/valenciasjb.salesianos.edu\/colegio\/wp-json\/wp\/v2\/tags?post=10307"}],"curies":[{"name":"wp","href":"https:\/\/api.w.org\/{rel}","templated":true}]}}