{"id":10323,"date":"2019-02-15T16:15:02","date_gmt":"2019-02-15T15:15:02","guid":{"rendered":"https:\/\/valenciasjb.salesianos.edu\/colegio\/?p=10323"},"modified":"2019-02-15T16:18:31","modified_gmt":"2019-02-15T15:18:31","slug":"el-alumnado-de-4o-de-eso-realiza-un-dia-de-intercambio-linguistico-y-cultural-con-el-colegio-chino-%e5%9c%a3%e8%83%a1%e5%ae%89%e5%8d%9a%e6%96%af%e5%85%8b%e5%ad%a6%e6%a0%a1","status":"publish","type":"post","link":"https:\/\/valenciasjb.salesianos.edu\/colegio\/el-alumnado-de-4o-de-eso-realiza-un-dia-de-intercambio-linguistico-y-cultural-con-el-colegio-chino-%e5%9c%a3%e8%83%a1%e5%ae%89%e5%8d%9a%e6%96%af%e5%85%8b%e5%ad%a6%e6%a0%a1\/","title":{"rendered":"El alumnado de 4\u00ba de ESO realiza un d\u00eda de intercambio ling\u00fc\u00edstico y cultural con el colegio chino \u5723\u80e1\u5b89\u535a\u65af\u514b\u5b66\u6821"},"content":{"rendered":"<div id=\"fb-root\"><\/div>\n<p>[et_pb_section bb_built=\u00bb1&#8243; admin_label=\u00bbsection\u00bb][et_pb_row admin_label=\u00bbrow\u00bb background_position=\u00bbtop_left\u00bb background_repeat=\u00bbrepeat\u00bb background_size=\u00bbinitial\u00bb][et_pb_column type=\u00bb4_4&#8243;][et_pb_text admin_label=\u00bbEntradilla (Texto)\u00bb _builder_version=\u00bb3.18.7&#8243; text_orientation=\u00bbjustified\u00bb text_font=\u00bb|on|||\u00bb module_alignment=\u00bbleft\u00bb]<\/p>\n<div id=\"resumen\"><strong><span style=\"font-weight: 400\">El colegio ha acogido, en la ma\u00f1ana del jueves 14 de abril, al colegio chino \u5723\u80e1\u5b89\u535a\u65af\u514b\u5b66\u6821. Ha sido una jornada en la que se han organizado diversas actividades de intercambio ling\u00fc\u00edstico y cultural.<\/span><\/strong><\/div>\n<div>\u00a0<\/div>\n<p>[\/et_pb_text][et_pb_text admin_label=\u00bbAutor (Texto)\u00bb _builder_version=\u00bb3.0.85&#8243; background_layout=\u00bblight\u00bb text_font=\u00bb||on||\u00bb]<\/p>\n<p>Redacci\u00f3n<\/p>\n<p>[\/et_pb_text][et_pb_text admin_label=\u00bbDesarrollo (Texto)\u00bb _builder_version=\u00bb3.18.7&#8243; text_orientation=\u00bbjustified\u00bb module_alignment=\u00bbleft\u00bb]<\/p>\n<p><span style=\"font-weight: 400\">A su llegada, se ha realizado una actividad inicial en la Sala 200, donde se han intercambiado presentaciones en ingl\u00e9s por parte del colegio chino y de nuestro alumnado de 4\u00ba de ESO, en la asignatura de competencia comunicativa oral, para dar a conocer ambas culturas, en cuanto a aspectos como la ciudad de Valencia, la comida y las tradiciones y el deporte. Tambi\u00e9n la ciudad de Pek\u00edn, en la que se encuentra el colegio chino, as\u00ed como comida t\u00edpica, celebraciones, costumbres milenarias, e incluso el alumnado participante ha recibido unas clases sobre c\u00f3mo decir algunas expresiones en chino. Ha sido un momento muy enriquecedor para ambas partes.<\/span><\/p>\n<p><span style=\"font-weight: 400\">A continuaci\u00f3n, se realiz\u00f3 un almuerzo en la cafeter\u00eda del colegio, con comida y bebida preparada por el centro, a la que se sum\u00f3 la comida t\u00edpica espa\u00f1ola y china que trajeron los alumnos de ambos colegios. Adem\u00e1s de la comida, todos pudieron disfrutar de unos momentos de conversaci\u00f3n y risas. Tras el almuerzo, en el patio de secundaria, se jug\u00f3 a juegos tradicionales chinos.<\/span><\/p>\n<p><span style=\"font-weight: 400\">Tambi\u00e9n hubo tiempo para que el alumnado chino realizara una visita guiada al colegio. Y, finalmente, la ma\u00f1ana concluy\u00f3 con un partido de f\u00fatbol de nuevo con alumnado de 4\u00ba de ESO, en la hora de educaci\u00f3n f\u00edsica.<\/span><\/p>\n<p><span style=\"font-weight: 400\">Finalizada la jornada, todos se despidieron amistosamente y hubo un intercambio de regalos entre ambos colegios, esperando poder volver a vernos muy pronto.<\/span><\/p>\n<p>[\/et_pb_text][et_pb_text admin_label=\u00bbT\u00edtulo: Galer\u00eda de fotos (Texto)\u00bb _builder_version=\u00bb3.0.76&#8243; background_layout=\u00bblight\u00bb text_font=\u00bb|on|||\u00bb text_text_color=\u00bb#dc001b\u00bb border_style=\u00bbsolid\u00bb disabled=\u00bboff\u00bb disabled_on=\u00bboff|on|on\u00bb]<\/p>\n<p>Galer\u00eda de im\u00e1genes<\/p>\n<p>[\/et_pb_text][et_pb_gallery _builder_version=\u00bb3.18.7&#8243; posts_number=\u00bb8&#8243; show_title_and_caption=\u00bboff\u00bb zoom_icon_color=\u00bb#dc001b\u00bb hover_overlay_color=\u00bbrgba(255,255,255,0.9)\u00bb hover_icon=\u00bb%%51%%\u00bb disabled=\u00bboff\u00bb disabled_on=\u00bboff|off|off\u00bb gallery_ids=\u00bb10329,10330,10331,10332,10333,10334,10335,10336,10337,10338,10325,10326,10327,10328&#8243; pagination_font_size_tablet=\u00bb51&#8243; pagination_line_height_tablet=\u00bb2&#8243; \/][et_pb_video _builder_version=\u00bb3.0.51&#8243; disabled=\u00bbon\u00bb disabled_on=\u00bbon|on|on\u00bb \/][\/et_pb_column][\/et_pb_row][\/et_pb_section]<\/p>\n<!-- AddThis Advanced Settings generic via filter on the_content --><!-- AddThis Share Buttons generic via filter on the_content -->","protected":false},"excerpt":{"rendered":"<p>El colegio ha acogido, en la ma\u00f1ana del jueves 14 de abril, al colegio chino \u5723\u80e1\u5b89\u535a\u65af\u514b\u5b66\u6821. Ha sido una jornada en la que se han organizado diversas actividades de intercambio ling\u00fc\u00edstico y cultural.\u00a0 Redacci\u00f3n A su llegada, se ha realizado una actividad inicial en la Sala 200, donde se han intercambiado presentaciones en ingl\u00e9s por [&hellip;]<\/p>\n<p><!-- AddThis Advanced Settings generic via filter on get_the_excerpt --><!-- AddThis Share Buttons generic via filter on get_the_excerpt --><\/p>\n","protected":false},"author":6,"featured_media":10328,"comment_status":"closed","ping_status":"open","sticky":false,"template":"","format":"standard","meta":{"_et_pb_use_builder":"on","_et_pb_old_content":"<p>[et_pb_section bb_built=\"1\"][et_pb_row][\/et_pb_row][\/et_pb_section]<\/p>","_et_gb_content_width":"","footnotes":""},"categories":[14,1],"tags":[],"class_list":["post-10323","post","type-post","status-publish","format-standard","has-post-thumbnail","hentry","category-noticia_colegio","category-uncategorized"],"yoast_head":"<!-- This site is optimized with the Yoast SEO plugin v28.4 - https:\/\/yoast.com\/product\/yoast-seo-wordpress\/ -->\n<title>El alumnado de 4\u00ba de ESO realiza un d\u00eda de intercambio ling\u00fc\u00edstico y cultural con el colegio chino \u5723\u80e1\u5b89\u535a\u65af\u514b\u5b66\u6821 - Colegio San Juan Bosco Valencia<\/title>\n<meta name=\"robots\" content=\"index, follow, max-snippet:-1, max-image-preview:large, max-video-preview:-1\" \/>\n<link rel=\"canonical\" href=\"https:\/\/valenciasjb.salesianos.edu\/colegio\/el-alumnado-de-4o-de-eso-realiza-un-dia-de-intercambio-linguistico-y-cultural-con-el-colegio-chino-\u5723\u80e1\u5b89\u535a\u65af\u514b\u5b66\u6821\/\" \/>\n<meta property=\"og:locale\" content=\"es_ES\" \/>\n<meta property=\"og:type\" content=\"article\" \/>\n<meta property=\"og:title\" content=\"El alumnado de 4\u00ba de ESO realiza un d\u00eda de intercambio ling\u00fc\u00edstico y cultural con el colegio chino \u5723\u80e1\u5b89\u535a\u65af\u514b\u5b66\u6821 - Colegio San Juan Bosco Valencia\" \/>\n<meta property=\"og:description\" content=\"El colegio ha acogido, en la ma\u00f1ana del jueves 14 de abril, al colegio chino \u5723\u80e1\u5b89\u535a\u65af\u514b\u5b66\u6821. Ha sido una jornada en la que se han organizado diversas actividades de intercambio ling\u00fc\u00edstico y cultural.\u00a0 Redacci\u00f3n A su llegada, se ha realizado una actividad inicial en la Sala 200, donde se han intercambiado presentaciones en ingl\u00e9s por [&hellip;]\" \/>\n<meta property=\"og:url\" content=\"https:\/\/valenciasjb.salesianos.edu\/colegio\/el-alumnado-de-4o-de-eso-realiza-un-dia-de-intercambio-linguistico-y-cultural-con-el-colegio-chino-\u5723\u80e1\u5b89\u535a\u65af\u514b\u5b66\u6821\/\" \/>\n<meta property=\"og:site_name\" content=\"Colegio San Juan Bosco Valencia\" \/>\n<meta property=\"article:publisher\" content=\"https:\/\/www.facebook.com\/ColegioSalesianoSanJuanBoscoValencia\" \/>\n<meta property=\"article:published_time\" content=\"2019-02-15T15:15:02+00:00\" \/>\n<meta property=\"article:modified_time\" content=\"2019-02-15T15:18:31+00:00\" \/>\n<meta property=\"og:image\" content=\"https:\/\/valenciasjb.salesianos.edu\/colegio\/wp-content\/uploads\/sites\/2\/2019\/02\/20190214_093244-1024x768.jpg\" \/>\n\t<meta property=\"og:image:width\" content=\"1024\" \/>\n\t<meta property=\"og:image:height\" content=\"768\" \/>\n\t<meta property=\"og:image:type\" content=\"image\/jpeg\" \/>\n<meta name=\"author\" content=\"veronicapastor\" \/>\n<meta name=\"twitter:card\" content=\"summary_large_image\" \/>\n<meta name=\"twitter:creator\" content=\"@SalesianosVSJB\" \/>\n<meta name=\"twitter:site\" content=\"@SalesianosVSJB\" \/>\n<meta name=\"twitter:label1\" content=\"Escrito por\" \/>\n\t<meta name=\"twitter:data1\" content=\"veronicapastor\" \/>\n\t<meta name=\"twitter:label2\" content=\"Tiempo de lectura\" \/>\n\t<meta name=\"twitter:data2\" content=\"2 minutos\" \/>\n<script type=\"application\/ld+json\" class=\"yoast-schema-graph\">{\"@context\":\"https:\\\/\\\/schema.org\",\"@graph\":[{\"@type\":\"Article\",\"@id\":\"https:\\\/\\\/valenciasjb.salesianos.edu\\\/colegio\\\/el-alumnado-de-4o-de-eso-realiza-un-dia-de-intercambio-linguistico-y-cultural-con-el-colegio-chino-%e5%9c%a3%e8%83%a1%e5%ae%89%e5%8d%9a%e6%96%af%e5%85%8b%e5%ad%a6%e6%a0%a1\\\/#article\",\"isPartOf\":{\"@id\":\"https:\\\/\\\/valenciasjb.salesianos.edu\\\/colegio\\\/el-alumnado-de-4o-de-eso-realiza-un-dia-de-intercambio-linguistico-y-cultural-con-el-colegio-chino-%e5%9c%a3%e8%83%a1%e5%ae%89%e5%8d%9a%e6%96%af%e5%85%8b%e5%ad%a6%e6%a0%a1\\\/\"},\"author\":{\"name\":\"veronicapastor\",\"@id\":\"https:\\\/\\\/valenciasjb.salesianos.edu\\\/colegio\\\/#\\\/schema\\\/person\\\/1f45b67e52b27da175190a574db6bed9\"},\"headline\":\"El alumnado de 4\u00ba de ESO realiza un d\u00eda de intercambio ling\u00fc\u00edstico y cultural con el colegio chino \u5723\u80e1\u5b89\u535a\u65af\u514b\u5b66\u6821\",\"datePublished\":\"2019-02-15T15:15:02+00:00\",\"dateModified\":\"2019-02-15T15:18:31+00:00\",\"mainEntityOfPage\":{\"@id\":\"https:\\\/\\\/valenciasjb.salesianos.edu\\\/colegio\\\/el-alumnado-de-4o-de-eso-realiza-un-dia-de-intercambio-linguistico-y-cultural-con-el-colegio-chino-%e5%9c%a3%e8%83%a1%e5%ae%89%e5%8d%9a%e6%96%af%e5%85%8b%e5%ad%a6%e6%a0%a1\\\/\"},\"wordCount\":490,\"image\":{\"@id\":\"https:\\\/\\\/valenciasjb.salesianos.edu\\\/colegio\\\/el-alumnado-de-4o-de-eso-realiza-un-dia-de-intercambio-linguistico-y-cultural-con-el-colegio-chino-%e5%9c%a3%e8%83%a1%e5%ae%89%e5%8d%9a%e6%96%af%e5%85%8b%e5%ad%a6%e6%a0%a1\\\/#primaryimage\"},\"thumbnailUrl\":\"https:\\\/\\\/valenciasjb.salesianos.edu\\\/colegio\\\/wp-content\\\/uploads\\\/sites\\\/2\\\/2019\\\/02\\\/20190214_093244.jpg\",\"articleSection\":[\"Noticia Colegio\",\"Uncategorized\"],\"inLanguage\":\"es\"},{\"@type\":\"WebPage\",\"@id\":\"https:\\\/\\\/valenciasjb.salesianos.edu\\\/colegio\\\/el-alumnado-de-4o-de-eso-realiza-un-dia-de-intercambio-linguistico-y-cultural-con-el-colegio-chino-%e5%9c%a3%e8%83%a1%e5%ae%89%e5%8d%9a%e6%96%af%e5%85%8b%e5%ad%a6%e6%a0%a1\\\/\",\"url\":\"https:\\\/\\\/valenciasjb.salesianos.edu\\\/colegio\\\/el-alumnado-de-4o-de-eso-realiza-un-dia-de-intercambio-linguistico-y-cultural-con-el-colegio-chino-%e5%9c%a3%e8%83%a1%e5%ae%89%e5%8d%9a%e6%96%af%e5%85%8b%e5%ad%a6%e6%a0%a1\\\/\",\"name\":\"El alumnado de 4\u00ba de ESO realiza un d\u00eda de intercambio ling\u00fc\u00edstico y cultural con el colegio chino \u5723\u80e1\u5b89\u535a\u65af\u514b\u5b66\u6821 - Colegio San Juan Bosco Valencia\",\"isPartOf\":{\"@id\":\"https:\\\/\\\/valenciasjb.salesianos.edu\\\/colegio\\\/#website\"},\"primaryImageOfPage\":{\"@id\":\"https:\\\/\\\/valenciasjb.salesianos.edu\\\/colegio\\\/el-alumnado-de-4o-de-eso-realiza-un-dia-de-intercambio-linguistico-y-cultural-con-el-colegio-chino-%e5%9c%a3%e8%83%a1%e5%ae%89%e5%8d%9a%e6%96%af%e5%85%8b%e5%ad%a6%e6%a0%a1\\\/#primaryimage\"},\"image\":{\"@id\":\"https:\\\/\\\/valenciasjb.salesianos.edu\\\/colegio\\\/el-alumnado-de-4o-de-eso-realiza-un-dia-de-intercambio-linguistico-y-cultural-con-el-colegio-chino-%e5%9c%a3%e8%83%a1%e5%ae%89%e5%8d%9a%e6%96%af%e5%85%8b%e5%ad%a6%e6%a0%a1\\\/#primaryimage\"},\"thumbnailUrl\":\"https:\\\/\\\/valenciasjb.salesianos.edu\\\/colegio\\\/wp-content\\\/uploads\\\/sites\\\/2\\\/2019\\\/02\\\/20190214_093244.jpg\",\"datePublished\":\"2019-02-15T15:15:02+00:00\",\"dateModified\":\"2019-02-15T15:18:31+00:00\",\"author\":{\"@id\":\"https:\\\/\\\/valenciasjb.salesianos.edu\\\/colegio\\\/#\\\/schema\\\/person\\\/1f45b67e52b27da175190a574db6bed9\"},\"breadcrumb\":{\"@id\":\"https:\\\/\\\/valenciasjb.salesianos.edu\\\/colegio\\\/el-alumnado-de-4o-de-eso-realiza-un-dia-de-intercambio-linguistico-y-cultural-con-el-colegio-chino-%e5%9c%a3%e8%83%a1%e5%ae%89%e5%8d%9a%e6%96%af%e5%85%8b%e5%ad%a6%e6%a0%a1\\\/#breadcrumb\"},\"inLanguage\":\"es\",\"potentialAction\":[{\"@type\":\"ReadAction\",\"target\":[\"https:\\\/\\\/valenciasjb.salesianos.edu\\\/colegio\\\/el-alumnado-de-4o-de-eso-realiza-un-dia-de-intercambio-linguistico-y-cultural-con-el-colegio-chino-%e5%9c%a3%e8%83%a1%e5%ae%89%e5%8d%9a%e6%96%af%e5%85%8b%e5%ad%a6%e6%a0%a1\\\/\"]}]},{\"@type\":\"ImageObject\",\"inLanguage\":\"es\",\"@id\":\"https:\\\/\\\/valenciasjb.salesianos.edu\\\/colegio\\\/el-alumnado-de-4o-de-eso-realiza-un-dia-de-intercambio-linguistico-y-cultural-con-el-colegio-chino-%e5%9c%a3%e8%83%a1%e5%ae%89%e5%8d%9a%e6%96%af%e5%85%8b%e5%ad%a6%e6%a0%a1\\\/#primaryimage\",\"url\":\"https:\\\/\\\/valenciasjb.salesianos.edu\\\/colegio\\\/wp-content\\\/uploads\\\/sites\\\/2\\\/2019\\\/02\\\/20190214_093244.jpg\",\"contentUrl\":\"https:\\\/\\\/valenciasjb.salesianos.edu\\\/colegio\\\/wp-content\\\/uploads\\\/sites\\\/2\\\/2019\\\/02\\\/20190214_093244.jpg\",\"width\":4128,\"height\":3096},{\"@type\":\"BreadcrumbList\",\"@id\":\"https:\\\/\\\/valenciasjb.salesianos.edu\\\/colegio\\\/el-alumnado-de-4o-de-eso-realiza-un-dia-de-intercambio-linguistico-y-cultural-con-el-colegio-chino-%e5%9c%a3%e8%83%a1%e5%ae%89%e5%8d%9a%e6%96%af%e5%85%8b%e5%ad%a6%e6%a0%a1\\\/#breadcrumb\",\"itemListElement\":[{\"@type\":\"ListItem\",\"position\":1,\"name\":\"Portada\",\"item\":\"https:\\\/\\\/valenciasjb.salesianos.edu\\\/colegio\\\/\"},{\"@type\":\"ListItem\",\"position\":2,\"name\":\"El alumnado de 4\u00ba de ESO realiza un d\u00eda de intercambio ling\u00fc\u00edstico y cultural con el colegio chino \u5723\u80e1\u5b89\u535a\u65af\u514b\u5b66\u6821\"}]},{\"@type\":\"WebSite\",\"@id\":\"https:\\\/\\\/valenciasjb.salesianos.edu\\\/colegio\\\/#website\",\"url\":\"https:\\\/\\\/valenciasjb.salesianos.edu\\\/colegio\\\/\",\"name\":\"Colegio San Juan Bosco Valencia\",\"description\":\"P\u00e1gina oficial del Colegio Salesianos San Juan Bosco Valencia\",\"alternateName\":\"Salesianos.VSJB\",\"potentialAction\":[{\"@type\":\"SearchAction\",\"target\":{\"@type\":\"EntryPoint\",\"urlTemplate\":\"https:\\\/\\\/valenciasjb.salesianos.edu\\\/colegio\\\/?s={search_term_string}\"},\"query-input\":{\"@type\":\"PropertyValueSpecification\",\"valueRequired\":true,\"valueName\":\"search_term_string\"}}],\"inLanguage\":\"es\"},{\"@type\":\"Person\",\"@id\":\"https:\\\/\\\/valenciasjb.salesianos.edu\\\/colegio\\\/#\\\/schema\\\/person\\\/1f45b67e52b27da175190a574db6bed9\",\"name\":\"veronicapastor\",\"image\":{\"@type\":\"ImageObject\",\"inLanguage\":\"es\",\"@id\":\"https:\\\/\\\/secure.gravatar.com\\\/avatar\\\/e29bd40bace3fd935e1d6fdb7313ffc14628cc037c5e16f4c7369b20a2a6f7f0?s=96&d=mm&r=g\",\"url\":\"https:\\\/\\\/secure.gravatar.com\\\/avatar\\\/e29bd40bace3fd935e1d6fdb7313ffc14628cc037c5e16f4c7369b20a2a6f7f0?s=96&d=mm&r=g\",\"contentUrl\":\"https:\\\/\\\/secure.gravatar.com\\\/avatar\\\/e29bd40bace3fd935e1d6fdb7313ffc14628cc037c5e16f4c7369b20a2a6f7f0?s=96&d=mm&r=g\",\"caption\":\"veronicapastor\"}}]}<\/script>\n<!-- \/ Yoast SEO plugin. -->","yoast_head_json":{"title":"El alumnado de 4\u00ba de ESO realiza un d\u00eda de intercambio ling\u00fc\u00edstico y cultural con el colegio chino \u5723\u80e1\u5b89\u535a\u65af\u514b\u5b66\u6821 - Colegio San Juan Bosco Valencia","robots":{"index":"index","follow":"follow","max-snippet":"max-snippet:-1","max-image-preview":"max-image-preview:large","max-video-preview":"max-video-preview:-1"},"canonical":"https:\/\/valenciasjb.salesianos.edu\/colegio\/el-alumnado-de-4o-de-eso-realiza-un-dia-de-intercambio-linguistico-y-cultural-con-el-colegio-chino-\u5723\u80e1\u5b89\u535a\u65af\u514b\u5b66\u6821\/","og_locale":"es_ES","og_type":"article","og_title":"El alumnado de 4\u00ba de ESO realiza un d\u00eda de intercambio ling\u00fc\u00edstico y cultural con el colegio chino \u5723\u80e1\u5b89\u535a\u65af\u514b\u5b66\u6821 - Colegio San Juan Bosco Valencia","og_description":"El colegio ha acogido, en la ma\u00f1ana del jueves 14 de abril, al colegio chino \u5723\u80e1\u5b89\u535a\u65af\u514b\u5b66\u6821. Ha sido una jornada en la que se han organizado diversas actividades de intercambio ling\u00fc\u00edstico y cultural.\u00a0 Redacci\u00f3n A su llegada, se ha realizado una actividad inicial en la Sala 200, donde se han intercambiado presentaciones en ingl\u00e9s por [&hellip;]","og_url":"https:\/\/valenciasjb.salesianos.edu\/colegio\/el-alumnado-de-4o-de-eso-realiza-un-dia-de-intercambio-linguistico-y-cultural-con-el-colegio-chino-\u5723\u80e1\u5b89\u535a\u65af\u514b\u5b66\u6821\/","og_site_name":"Colegio San Juan Bosco Valencia","article_publisher":"https:\/\/www.facebook.com\/ColegioSalesianoSanJuanBoscoValencia","article_published_time":"2019-02-15T15:15:02+00:00","article_modified_time":"2019-02-15T15:18:31+00:00","og_image":[{"width":1024,"height":768,"url":"https:\/\/valenciasjb.salesianos.edu\/colegio\/wp-content\/uploads\/sites\/2\/2019\/02\/20190214_093244-1024x768.jpg","type":"image\/jpeg"}],"author":"veronicapastor","twitter_card":"summary_large_image","twitter_creator":"@SalesianosVSJB","twitter_site":"@SalesianosVSJB","twitter_misc":{"Escrito por":"veronicapastor","Tiempo de lectura":"2 minutos"},"schema":{"@context":"https:\/\/schema.org","@graph":[{"@type":"Article","@id":"https:\/\/valenciasjb.salesianos.edu\/colegio\/el-alumnado-de-4o-de-eso-realiza-un-dia-de-intercambio-linguistico-y-cultural-con-el-colegio-chino-%e5%9c%a3%e8%83%a1%e5%ae%89%e5%8d%9a%e6%96%af%e5%85%8b%e5%ad%a6%e6%a0%a1\/#article","isPartOf":{"@id":"https:\/\/valenciasjb.salesianos.edu\/colegio\/el-alumnado-de-4o-de-eso-realiza-un-dia-de-intercambio-linguistico-y-cultural-con-el-colegio-chino-%e5%9c%a3%e8%83%a1%e5%ae%89%e5%8d%9a%e6%96%af%e5%85%8b%e5%ad%a6%e6%a0%a1\/"},"author":{"name":"veronicapastor","@id":"https:\/\/valenciasjb.salesianos.edu\/colegio\/#\/schema\/person\/1f45b67e52b27da175190a574db6bed9"},"headline":"El alumnado de 4\u00ba de ESO realiza un d\u00eda de intercambio ling\u00fc\u00edstico y cultural con el colegio chino \u5723\u80e1\u5b89\u535a\u65af\u514b\u5b66\u6821","datePublished":"2019-02-15T15:15:02+00:00","dateModified":"2019-02-15T15:18:31+00:00","mainEntityOfPage":{"@id":"https:\/\/valenciasjb.salesianos.edu\/colegio\/el-alumnado-de-4o-de-eso-realiza-un-dia-de-intercambio-linguistico-y-cultural-con-el-colegio-chino-%e5%9c%a3%e8%83%a1%e5%ae%89%e5%8d%9a%e6%96%af%e5%85%8b%e5%ad%a6%e6%a0%a1\/"},"wordCount":490,"image":{"@id":"https:\/\/valenciasjb.salesianos.edu\/colegio\/el-alumnado-de-4o-de-eso-realiza-un-dia-de-intercambio-linguistico-y-cultural-con-el-colegio-chino-%e5%9c%a3%e8%83%a1%e5%ae%89%e5%8d%9a%e6%96%af%e5%85%8b%e5%ad%a6%e6%a0%a1\/#primaryimage"},"thumbnailUrl":"https:\/\/valenciasjb.salesianos.edu\/colegio\/wp-content\/uploads\/sites\/2\/2019\/02\/20190214_093244.jpg","articleSection":["Noticia Colegio","Uncategorized"],"inLanguage":"es"},{"@type":"WebPage","@id":"https:\/\/valenciasjb.salesianos.edu\/colegio\/el-alumnado-de-4o-de-eso-realiza-un-dia-de-intercambio-linguistico-y-cultural-con-el-colegio-chino-%e5%9c%a3%e8%83%a1%e5%ae%89%e5%8d%9a%e6%96%af%e5%85%8b%e5%ad%a6%e6%a0%a1\/","url":"https:\/\/valenciasjb.salesianos.edu\/colegio\/el-alumnado-de-4o-de-eso-realiza-un-dia-de-intercambio-linguistico-y-cultural-con-el-colegio-chino-%e5%9c%a3%e8%83%a1%e5%ae%89%e5%8d%9a%e6%96%af%e5%85%8b%e5%ad%a6%e6%a0%a1\/","name":"El alumnado de 4\u00ba de ESO realiza un d\u00eda de intercambio ling\u00fc\u00edstico y cultural con el colegio chino \u5723\u80e1\u5b89\u535a\u65af\u514b\u5b66\u6821 - Colegio San Juan Bosco Valencia","isPartOf":{"@id":"https:\/\/valenciasjb.salesianos.edu\/colegio\/#website"},"primaryImageOfPage":{"@id":"https:\/\/valenciasjb.salesianos.edu\/colegio\/el-alumnado-de-4o-de-eso-realiza-un-dia-de-intercambio-linguistico-y-cultural-con-el-colegio-chino-%e5%9c%a3%e8%83%a1%e5%ae%89%e5%8d%9a%e6%96%af%e5%85%8b%e5%ad%a6%e6%a0%a1\/#primaryimage"},"image":{"@id":"https:\/\/valenciasjb.salesianos.edu\/colegio\/el-alumnado-de-4o-de-eso-realiza-un-dia-de-intercambio-linguistico-y-cultural-con-el-colegio-chino-%e5%9c%a3%e8%83%a1%e5%ae%89%e5%8d%9a%e6%96%af%e5%85%8b%e5%ad%a6%e6%a0%a1\/#primaryimage"},"thumbnailUrl":"https:\/\/valenciasjb.salesianos.edu\/colegio\/wp-content\/uploads\/sites\/2\/2019\/02\/20190214_093244.jpg","datePublished":"2019-02-15T15:15:02+00:00","dateModified":"2019-02-15T15:18:31+00:00","author":{"@id":"https:\/\/valenciasjb.salesianos.edu\/colegio\/#\/schema\/person\/1f45b67e52b27da175190a574db6bed9"},"breadcrumb":{"@id":"https:\/\/valenciasjb.salesianos.edu\/colegio\/el-alumnado-de-4o-de-eso-realiza-un-dia-de-intercambio-linguistico-y-cultural-con-el-colegio-chino-%e5%9c%a3%e8%83%a1%e5%ae%89%e5%8d%9a%e6%96%af%e5%85%8b%e5%ad%a6%e6%a0%a1\/#breadcrumb"},"inLanguage":"es","potentialAction":[{"@type":"ReadAction","target":["https:\/\/valenciasjb.salesianos.edu\/colegio\/el-alumnado-de-4o-de-eso-realiza-un-dia-de-intercambio-linguistico-y-cultural-con-el-colegio-chino-%e5%9c%a3%e8%83%a1%e5%ae%89%e5%8d%9a%e6%96%af%e5%85%8b%e5%ad%a6%e6%a0%a1\/"]}]},{"@type":"ImageObject","inLanguage":"es","@id":"https:\/\/valenciasjb.salesianos.edu\/colegio\/el-alumnado-de-4o-de-eso-realiza-un-dia-de-intercambio-linguistico-y-cultural-con-el-colegio-chino-%e5%9c%a3%e8%83%a1%e5%ae%89%e5%8d%9a%e6%96%af%e5%85%8b%e5%ad%a6%e6%a0%a1\/#primaryimage","url":"https:\/\/valenciasjb.salesianos.edu\/colegio\/wp-content\/uploads\/sites\/2\/2019\/02\/20190214_093244.jpg","contentUrl":"https:\/\/valenciasjb.salesianos.edu\/colegio\/wp-content\/uploads\/sites\/2\/2019\/02\/20190214_093244.jpg","width":4128,"height":3096},{"@type":"BreadcrumbList","@id":"https:\/\/valenciasjb.salesianos.edu\/colegio\/el-alumnado-de-4o-de-eso-realiza-un-dia-de-intercambio-linguistico-y-cultural-con-el-colegio-chino-%e5%9c%a3%e8%83%a1%e5%ae%89%e5%8d%9a%e6%96%af%e5%85%8b%e5%ad%a6%e6%a0%a1\/#breadcrumb","itemListElement":[{"@type":"ListItem","position":1,"name":"Portada","item":"https:\/\/valenciasjb.salesianos.edu\/colegio\/"},{"@type":"ListItem","position":2,"name":"El alumnado de 4\u00ba de ESO realiza un d\u00eda de intercambio ling\u00fc\u00edstico y cultural con el colegio chino \u5723\u80e1\u5b89\u535a\u65af\u514b\u5b66\u6821"}]},{"@type":"WebSite","@id":"https:\/\/valenciasjb.salesianos.edu\/colegio\/#website","url":"https:\/\/valenciasjb.salesianos.edu\/colegio\/","name":"Colegio San Juan Bosco Valencia","description":"P\u00e1gina oficial del Colegio Salesianos San Juan Bosco Valencia","alternateName":"Salesianos.VSJB","potentialAction":[{"@type":"SearchAction","target":{"@type":"EntryPoint","urlTemplate":"https:\/\/valenciasjb.salesianos.edu\/colegio\/?s={search_term_string}"},"query-input":{"@type":"PropertyValueSpecification","valueRequired":true,"valueName":"search_term_string"}}],"inLanguage":"es"},{"@type":"Person","@id":"https:\/\/valenciasjb.salesianos.edu\/colegio\/#\/schema\/person\/1f45b67e52b27da175190a574db6bed9","name":"veronicapastor","image":{"@type":"ImageObject","inLanguage":"es","@id":"https:\/\/secure.gravatar.com\/avatar\/e29bd40bace3fd935e1d6fdb7313ffc14628cc037c5e16f4c7369b20a2a6f7f0?s=96&d=mm&r=g","url":"https:\/\/secure.gravatar.com\/avatar\/e29bd40bace3fd935e1d6fdb7313ffc14628cc037c5e16f4c7369b20a2a6f7f0?s=96&d=mm&r=g","contentUrl":"https:\/\/secure.gravatar.com\/avatar\/e29bd40bace3fd935e1d6fdb7313ffc14628cc037c5e16f4c7369b20a2a6f7f0?s=96&d=mm&r=g","caption":"veronicapastor"}}]}},"_links":{"self":[{"href":"https:\/\/valenciasjb.salesianos.edu\/colegio\/wp-json\/wp\/v2\/posts\/10323","targetHints":{"allow":["GET"]}}],"collection":[{"href":"https:\/\/valenciasjb.salesianos.edu\/colegio\/wp-json\/wp\/v2\/posts"}],"about":[{"href":"https:\/\/valenciasjb.salesianos.edu\/colegio\/wp-json\/wp\/v2\/types\/post"}],"author":[{"embeddable":true,"href":"https:\/\/valenciasjb.salesianos.edu\/colegio\/wp-json\/wp\/v2\/users\/6"}],"replies":[{"embeddable":true,"href":"https:\/\/valenciasjb.salesianos.edu\/colegio\/wp-json\/wp\/v2\/comments?post=10323"}],"version-history":[{"count":1,"href":"https:\/\/valenciasjb.salesianos.edu\/colegio\/wp-json\/wp\/v2\/posts\/10323\/revisions"}],"predecessor-version":[{"id":10339,"href":"https:\/\/valenciasjb.salesianos.edu\/colegio\/wp-json\/wp\/v2\/posts\/10323\/revisions\/10339"}],"wp:featuredmedia":[{"embeddable":true,"href":"https:\/\/valenciasjb.salesianos.edu\/colegio\/wp-json\/wp\/v2\/media\/10328"}],"wp:attachment":[{"href":"https:\/\/valenciasjb.salesianos.edu\/colegio\/wp-json\/wp\/v2\/media?parent=10323"}],"wp:term":[{"taxonomy":"category","embeddable":true,"href":"https:\/\/valenciasjb.salesianos.edu\/colegio\/wp-json\/wp\/v2\/categories?post=10323"},{"taxonomy":"post_tag","embeddable":true,"href":"https:\/\/valenciasjb.salesianos.edu\/colegio\/wp-json\/wp\/v2\/tags?post=10323"}],"curies":[{"name":"wp","href":"https:\/\/api.w.org\/{rel}","templated":true}]}}