{"id":10357,"date":"2019-02-22T14:25:11","date_gmt":"2019-02-22T13:25:11","guid":{"rendered":"https:\/\/valenciasjb.salesianos.edu\/colegio\/?p=10357"},"modified":"2019-02-22T14:26:17","modified_gmt":"2019-02-22T13:26:17","slug":"el-sabado-2-de-marzo-se-celebrara-el-xv-matebosco","status":"publish","type":"post","link":"https:\/\/valenciasjb.salesianos.edu\/colegio\/el-sabado-2-de-marzo-se-celebrara-el-xv-matebosco\/","title":{"rendered":"El s\u00e1bado 2 de marzo se celebrar\u00e1 el XV Matebosco"},"content":{"rendered":"<div id=\"fb-root\"><\/div>\n<p>[et_pb_section bb_built=\u00bb1&#8243; admin_label=\u00bbsection\u00bb][et_pb_row admin_label=\u00bbrow\u00bb background_position=\u00bbtop_left\u00bb background_repeat=\u00bbrepeat\u00bb background_size=\u00bbinitial\u00bb][et_pb_column type=\u00bb4_4&#8243;][et_pb_text admin_label=\u00bbEntradilla (Texto)\u00bb _builder_version=\u00bb3.18.7&#8243; text_orientation=\u00bbjustified\u00bb text_font=\u00bb|on|||\u00bb module_alignment=\u00bbleft\u00bb]<\/p>\n<div id=\"resumen\">\n<p><i><b>El Departament de Matem\u00e0tiques, junto con AMPAS, ultima los detalles de este ya tradicional encuentro que tiene por lema: \u201cPensar es divertido\u201d.<\/b><\/i><\/p>\n<\/div>\n<div>\u00a0<\/div>\n<p>[\/et_pb_text][et_pb_text admin_label=\u00bbAutor (Texto)\u00bb _builder_version=\u00bb3.18.7&#8243; text_font=\u00bb||on||\u00bb]<\/p>\n<p>Samuel Cort\u00e9s.<\/p>\n<p>[\/et_pb_text][et_pb_text admin_label=\u00bbDesarrollo (Texto)\u00bb _builder_version=\u00bb3.18.7&#8243; text_orientation=\u00bbjustified\u00bb module_alignment=\u00bbleft\u00bb]<\/p>\n<div class=\"gs\">\n<div class=\"\">\n<div id=\":54\" class=\"ii gt adO\">\n<div id=\":53\" class=\"a3s aXjCH \">\n<div dir=\"ltr\">\n<div>\n<p>Por decimoquinto a\u00f1o consecutivo, celebraremos en nuestro colegio el ya conocido MATEBOSCO. La tem\u00e1tica de este a\u00f1o gira entorno al fil\u00f3sofo y matem\u00e1tico griego Pit\u00e1goras. Se trata de un encuentro entre profesores, familias y alumnos, alrededor de las matem\u00e1ticas.<\/p>\n<p>Al igual que otros a\u00f1os, los alumnos participan a nivel individual (prueba individual) y por grupos (pruebas de relevos y velocidad). Las pruebas consistir\u00e1n en desaf\u00edos matem\u00e1ticos en los que la l\u00f3gica y el ingenio se convierten en los protagonistas de la jornada.<\/p>\n<p>Las categor\u00edas marcadas por la organizaci\u00f3n son las siguientes:<\/p>\n<p>Nivel A: Alumnos de tercer ciclo de primaria.<\/p>\n<p>Nivel B: Alumnos de primer ciclo de ESO.<\/p>\n<p>Nivel C: Alumnos de segundo ciclo de ESO.<\/p>\n<p>Los alumnos de Bachillerato y las familias podr\u00e1n participar como monitores. Habr\u00e1 premios para todos los participantes. Los alumnos que mejor puntuaci\u00f3n obtengan de cada nivel tendr\u00e1n la posibilidad de participar en las distintas fases de la olimpiada matem\u00e1tica nacional.<\/p>\n<\/div>\n<\/div>\n<\/div>\n<\/div>\n<div id=\":6r\" class=\"hq gt\">\n<div id=\":6s\" class=\"ho\">\n<div class=\"aZi J-J5-Ji\">\n<div id=\":74\" class=\"T-I J-J5-Ji aZj T-I-ax7 T-I-Js-IF L3\" role=\"button\" aria-label=\"Descargar todos los archivos adjuntos\" data-tooltip=\"Descargar todos los archivos adjuntos\">\n<div class=\"asa\">\n<div class=\"aZh T-I-J3 J-J5-Ji\">\u00a0<\/div>\n<\/div>\n<\/div>\n<div id=\":75\" class=\"T-I J-J5-Ji aZj T-I-ax7 T-I-Js-Gs L3\" role=\"button\" aria-label=\"Guardarlos todos en Drive\" data-tooltip=\"Guardarlos todos en Drive\">\n<div class=\"a3I\">\u00a0<\/div>\n<\/div>\n<\/div>\n<\/div>\n<div id=\":6u\">\u00a0<\/div>\n<div id=\":6t\" class=\"aQH\">\n<div class=\"aZK\">\u00a0<\/div>\n<\/div>\n<\/div>\n<div class=\"hi\">\u00a0<\/div>\n<\/div>\n<\/div>\n<p>[\/et_pb_text][et_pb_text admin_label=\u00bbT\u00edtulo: Galer\u00eda de fotos (Texto)\u00bb _builder_version=\u00bb3.0.76&#8243; background_layout=\u00bblight\u00bb text_font=\u00bb|on|||\u00bb text_text_color=\u00bb#dc001b\u00bb border_style=\u00bbsolid\u00bb disabled=\u00bboff\u00bb disabled_on=\u00bboff|on|on\u00bb]<\/p>\n<p>Galer\u00eda de im\u00e1genes<\/p>\n<p>[\/et_pb_text][et_pb_gallery _builder_version=\u00bb3.18.7&#8243; posts_number=\u00bb8&#8243; show_title_and_caption=\u00bboff\u00bb zoom_icon_color=\u00bb#dc001b\u00bb hover_overlay_color=\u00bbrgba(255,255,255,0.9)\u00bb hover_icon=\u00bb%%51%%\u00bb disabled=\u00bboff\u00bb disabled_on=\u00bboff|off|off\u00bb gallery_ids=\u00bb10360,10361,10359&#8243; pagination_font_size_tablet=\u00bb51&#8243; pagination_line_height_tablet=\u00bb2&#8243; \/][et_pb_video _builder_version=\u00bb3.0.51&#8243; disabled=\u00bbon\u00bb disabled_on=\u00bbon|on|on\u00bb \/][\/et_pb_column][\/et_pb_row][\/et_pb_section]<\/p>\n<!-- AddThis Advanced Settings generic via filter on the_content --><!-- AddThis Share Buttons generic via filter on the_content -->","protected":false},"excerpt":{"rendered":"<p>El Departament de Matem\u00e0tiques, junto con AMPAS, ultima los detalles de este ya tradicional encuentro que tiene por lema: \u201cPensar es divertido\u201d.\u00a0 Samuel Cort\u00e9s. Por decimoquinto a\u00f1o consecutivo, celebraremos en nuestro colegio el ya conocido MATEBOSCO. La tem\u00e1tica de este a\u00f1o gira entorno al fil\u00f3sofo y matem\u00e1tico griego Pit\u00e1goras. Se trata de un encuentro entre [&hellip;]<\/p>\n<p><!-- AddThis Advanced Settings generic via filter on get_the_excerpt --><!-- AddThis Share Buttons generic via filter on get_the_excerpt --><\/p>\n","protected":false},"author":6,"featured_media":10359,"comment_status":"closed","ping_status":"open","sticky":false,"template":"","format":"standard","meta":{"_et_pb_use_builder":"on","_et_pb_old_content":"","_et_gb_content_width":"","footnotes":""},"categories":[14],"tags":[],"class_list":["post-10357","post","type-post","status-publish","format-standard","has-post-thumbnail","hentry","category-noticia_colegio"],"yoast_head":"<!-- This site is optimized with the Yoast SEO plugin v28.4 - https:\/\/yoast.com\/product\/yoast-seo-wordpress\/ -->\n<title>El s\u00e1bado 2 de marzo se celebrar\u00e1 el XV Matebosco - Colegio San Juan Bosco Valencia<\/title>\n<meta name=\"robots\" content=\"index, follow, max-snippet:-1, max-image-preview:large, max-video-preview:-1\" \/>\n<link rel=\"canonical\" href=\"https:\/\/valenciasjb.salesianos.edu\/colegio\/el-sabado-2-de-marzo-se-celebrara-el-xv-matebosco\/\" \/>\n<meta property=\"og:locale\" content=\"es_ES\" \/>\n<meta property=\"og:type\" content=\"article\" \/>\n<meta property=\"og:title\" content=\"El s\u00e1bado 2 de marzo se celebrar\u00e1 el XV Matebosco - Colegio San Juan Bosco Valencia\" \/>\n<meta property=\"og:description\" content=\"El Departament de Matem\u00e0tiques, junto con AMPAS, ultima los detalles de este ya tradicional encuentro que tiene por lema: \u201cPensar es divertido\u201d.\u00a0 Samuel Cort\u00e9s. Por decimoquinto a\u00f1o consecutivo, celebraremos en nuestro colegio el ya conocido MATEBOSCO. La tem\u00e1tica de este a\u00f1o gira entorno al fil\u00f3sofo y matem\u00e1tico griego Pit\u00e1goras. Se trata de un encuentro entre [&hellip;]\" \/>\n<meta property=\"og:url\" content=\"https:\/\/valenciasjb.salesianos.edu\/colegio\/el-sabado-2-de-marzo-se-celebrara-el-xv-matebosco\/\" \/>\n<meta property=\"og:site_name\" content=\"Colegio San Juan Bosco Valencia\" \/>\n<meta property=\"article:publisher\" content=\"https:\/\/www.facebook.com\/ColegioSalesianoSanJuanBoscoValencia\" \/>\n<meta property=\"article:published_time\" content=\"2019-02-22T13:25:11+00:00\" \/>\n<meta property=\"article:modified_time\" content=\"2019-02-22T13:26:17+00:00\" \/>\n<meta property=\"og:image\" content=\"https:\/\/valenciasjb.salesianos.edu\/colegio\/wp-content\/uploads\/sites\/2\/2019\/02\/POSTER-MATEBOSCO-15-v2-724x1024.jpg\" \/>\n\t<meta property=\"og:image:width\" content=\"724\" \/>\n\t<meta property=\"og:image:height\" content=\"1024\" \/>\n\t<meta property=\"og:image:type\" content=\"image\/jpeg\" \/>\n<meta name=\"author\" content=\"veronicapastor\" \/>\n<meta name=\"twitter:card\" content=\"summary_large_image\" \/>\n<meta name=\"twitter:creator\" content=\"@SalesianosVSJB\" \/>\n<meta name=\"twitter:site\" content=\"@SalesianosVSJB\" \/>\n<meta name=\"twitter:label1\" content=\"Escrito por\" \/>\n\t<meta name=\"twitter:data1\" content=\"veronicapastor\" \/>\n\t<meta name=\"twitter:label2\" content=\"Tiempo de lectura\" \/>\n\t<meta name=\"twitter:data2\" content=\"2 minutos\" \/>\n<script type=\"application\/ld+json\" class=\"yoast-schema-graph\">{\"@context\":\"https:\\\/\\\/schema.org\",\"@graph\":[{\"@type\":\"Article\",\"@id\":\"https:\\\/\\\/valenciasjb.salesianos.edu\\\/colegio\\\/el-sabado-2-de-marzo-se-celebrara-el-xv-matebosco\\\/#article\",\"isPartOf\":{\"@id\":\"https:\\\/\\\/valenciasjb.salesianos.edu\\\/colegio\\\/el-sabado-2-de-marzo-se-celebrara-el-xv-matebosco\\\/\"},\"author\":{\"name\":\"veronicapastor\",\"@id\":\"https:\\\/\\\/valenciasjb.salesianos.edu\\\/colegio\\\/#\\\/schema\\\/person\\\/1f45b67e52b27da175190a574db6bed9\"},\"headline\":\"El s\u00e1bado 2 de marzo se celebrar\u00e1 el XV Matebosco\",\"datePublished\":\"2019-02-22T13:25:11+00:00\",\"dateModified\":\"2019-02-22T13:26:17+00:00\",\"mainEntityOfPage\":{\"@id\":\"https:\\\/\\\/valenciasjb.salesianos.edu\\\/colegio\\\/el-sabado-2-de-marzo-se-celebrara-el-xv-matebosco\\\/\"},\"wordCount\":395,\"image\":{\"@id\":\"https:\\\/\\\/valenciasjb.salesianos.edu\\\/colegio\\\/el-sabado-2-de-marzo-se-celebrara-el-xv-matebosco\\\/#primaryimage\"},\"thumbnailUrl\":\"https:\\\/\\\/valenciasjb.salesianos.edu\\\/colegio\\\/wp-content\\\/uploads\\\/sites\\\/2\\\/2019\\\/02\\\/POSTER-MATEBOSCO-15-v2.jpg\",\"articleSection\":[\"Noticia Colegio\"],\"inLanguage\":\"es\"},{\"@type\":\"WebPage\",\"@id\":\"https:\\\/\\\/valenciasjb.salesianos.edu\\\/colegio\\\/el-sabado-2-de-marzo-se-celebrara-el-xv-matebosco\\\/\",\"url\":\"https:\\\/\\\/valenciasjb.salesianos.edu\\\/colegio\\\/el-sabado-2-de-marzo-se-celebrara-el-xv-matebosco\\\/\",\"name\":\"El s\u00e1bado 2 de marzo se celebrar\u00e1 el XV Matebosco - Colegio San Juan Bosco Valencia\",\"isPartOf\":{\"@id\":\"https:\\\/\\\/valenciasjb.salesianos.edu\\\/colegio\\\/#website\"},\"primaryImageOfPage\":{\"@id\":\"https:\\\/\\\/valenciasjb.salesianos.edu\\\/colegio\\\/el-sabado-2-de-marzo-se-celebrara-el-xv-matebosco\\\/#primaryimage\"},\"image\":{\"@id\":\"https:\\\/\\\/valenciasjb.salesianos.edu\\\/colegio\\\/el-sabado-2-de-marzo-se-celebrara-el-xv-matebosco\\\/#primaryimage\"},\"thumbnailUrl\":\"https:\\\/\\\/valenciasjb.salesianos.edu\\\/colegio\\\/wp-content\\\/uploads\\\/sites\\\/2\\\/2019\\\/02\\\/POSTER-MATEBOSCO-15-v2.jpg\",\"datePublished\":\"2019-02-22T13:25:11+00:00\",\"dateModified\":\"2019-02-22T13:26:17+00:00\",\"author\":{\"@id\":\"https:\\\/\\\/valenciasjb.salesianos.edu\\\/colegio\\\/#\\\/schema\\\/person\\\/1f45b67e52b27da175190a574db6bed9\"},\"breadcrumb\":{\"@id\":\"https:\\\/\\\/valenciasjb.salesianos.edu\\\/colegio\\\/el-sabado-2-de-marzo-se-celebrara-el-xv-matebosco\\\/#breadcrumb\"},\"inLanguage\":\"es\",\"potentialAction\":[{\"@type\":\"ReadAction\",\"target\":[\"https:\\\/\\\/valenciasjb.salesianos.edu\\\/colegio\\\/el-sabado-2-de-marzo-se-celebrara-el-xv-matebosco\\\/\"]}]},{\"@type\":\"ImageObject\",\"inLanguage\":\"es\",\"@id\":\"https:\\\/\\\/valenciasjb.salesianos.edu\\\/colegio\\\/el-sabado-2-de-marzo-se-celebrara-el-xv-matebosco\\\/#primaryimage\",\"url\":\"https:\\\/\\\/valenciasjb.salesianos.edu\\\/colegio\\\/wp-content\\\/uploads\\\/sites\\\/2\\\/2019\\\/02\\\/POSTER-MATEBOSCO-15-v2.jpg\",\"contentUrl\":\"https:\\\/\\\/valenciasjb.salesianos.edu\\\/colegio\\\/wp-content\\\/uploads\\\/sites\\\/2\\\/2019\\\/02\\\/POSTER-MATEBOSCO-15-v2.jpg\",\"width\":2970,\"height\":4200},{\"@type\":\"BreadcrumbList\",\"@id\":\"https:\\\/\\\/valenciasjb.salesianos.edu\\\/colegio\\\/el-sabado-2-de-marzo-se-celebrara-el-xv-matebosco\\\/#breadcrumb\",\"itemListElement\":[{\"@type\":\"ListItem\",\"position\":1,\"name\":\"Portada\",\"item\":\"https:\\\/\\\/valenciasjb.salesianos.edu\\\/colegio\\\/\"},{\"@type\":\"ListItem\",\"position\":2,\"name\":\"El s\u00e1bado 2 de marzo se celebrar\u00e1 el XV Matebosco\"}]},{\"@type\":\"WebSite\",\"@id\":\"https:\\\/\\\/valenciasjb.salesianos.edu\\\/colegio\\\/#website\",\"url\":\"https:\\\/\\\/valenciasjb.salesianos.edu\\\/colegio\\\/\",\"name\":\"Colegio San Juan Bosco Valencia\",\"description\":\"P\u00e1gina oficial del Colegio Salesianos San Juan Bosco Valencia\",\"alternateName\":\"Salesianos.VSJB\",\"potentialAction\":[{\"@type\":\"SearchAction\",\"target\":{\"@type\":\"EntryPoint\",\"urlTemplate\":\"https:\\\/\\\/valenciasjb.salesianos.edu\\\/colegio\\\/?s={search_term_string}\"},\"query-input\":{\"@type\":\"PropertyValueSpecification\",\"valueRequired\":true,\"valueName\":\"search_term_string\"}}],\"inLanguage\":\"es\"},{\"@type\":\"Person\",\"@id\":\"https:\\\/\\\/valenciasjb.salesianos.edu\\\/colegio\\\/#\\\/schema\\\/person\\\/1f45b67e52b27da175190a574db6bed9\",\"name\":\"veronicapastor\",\"image\":{\"@type\":\"ImageObject\",\"inLanguage\":\"es\",\"@id\":\"https:\\\/\\\/secure.gravatar.com\\\/avatar\\\/e29bd40bace3fd935e1d6fdb7313ffc14628cc037c5e16f4c7369b20a2a6f7f0?s=96&d=mm&r=g\",\"url\":\"https:\\\/\\\/secure.gravatar.com\\\/avatar\\\/e29bd40bace3fd935e1d6fdb7313ffc14628cc037c5e16f4c7369b20a2a6f7f0?s=96&d=mm&r=g\",\"contentUrl\":\"https:\\\/\\\/secure.gravatar.com\\\/avatar\\\/e29bd40bace3fd935e1d6fdb7313ffc14628cc037c5e16f4c7369b20a2a6f7f0?s=96&d=mm&r=g\",\"caption\":\"veronicapastor\"}}]}<\/script>\n<!-- \/ Yoast SEO plugin. -->","yoast_head_json":{"title":"El s\u00e1bado 2 de marzo se celebrar\u00e1 el XV Matebosco - Colegio San Juan Bosco Valencia","robots":{"index":"index","follow":"follow","max-snippet":"max-snippet:-1","max-image-preview":"max-image-preview:large","max-video-preview":"max-video-preview:-1"},"canonical":"https:\/\/valenciasjb.salesianos.edu\/colegio\/el-sabado-2-de-marzo-se-celebrara-el-xv-matebosco\/","og_locale":"es_ES","og_type":"article","og_title":"El s\u00e1bado 2 de marzo se celebrar\u00e1 el XV Matebosco - Colegio San Juan Bosco Valencia","og_description":"El Departament de Matem\u00e0tiques, junto con AMPAS, ultima los detalles de este ya tradicional encuentro que tiene por lema: \u201cPensar es divertido\u201d.\u00a0 Samuel Cort\u00e9s. Por decimoquinto a\u00f1o consecutivo, celebraremos en nuestro colegio el ya conocido MATEBOSCO. La tem\u00e1tica de este a\u00f1o gira entorno al fil\u00f3sofo y matem\u00e1tico griego Pit\u00e1goras. Se trata de un encuentro entre [&hellip;]","og_url":"https:\/\/valenciasjb.salesianos.edu\/colegio\/el-sabado-2-de-marzo-se-celebrara-el-xv-matebosco\/","og_site_name":"Colegio San Juan Bosco Valencia","article_publisher":"https:\/\/www.facebook.com\/ColegioSalesianoSanJuanBoscoValencia","article_published_time":"2019-02-22T13:25:11+00:00","article_modified_time":"2019-02-22T13:26:17+00:00","og_image":[{"width":724,"height":1024,"url":"https:\/\/valenciasjb.salesianos.edu\/colegio\/wp-content\/uploads\/sites\/2\/2019\/02\/POSTER-MATEBOSCO-15-v2-724x1024.jpg","type":"image\/jpeg"}],"author":"veronicapastor","twitter_card":"summary_large_image","twitter_creator":"@SalesianosVSJB","twitter_site":"@SalesianosVSJB","twitter_misc":{"Escrito por":"veronicapastor","Tiempo de lectura":"2 minutos"},"schema":{"@context":"https:\/\/schema.org","@graph":[{"@type":"Article","@id":"https:\/\/valenciasjb.salesianos.edu\/colegio\/el-sabado-2-de-marzo-se-celebrara-el-xv-matebosco\/#article","isPartOf":{"@id":"https:\/\/valenciasjb.salesianos.edu\/colegio\/el-sabado-2-de-marzo-se-celebrara-el-xv-matebosco\/"},"author":{"name":"veronicapastor","@id":"https:\/\/valenciasjb.salesianos.edu\/colegio\/#\/schema\/person\/1f45b67e52b27da175190a574db6bed9"},"headline":"El s\u00e1bado 2 de marzo se celebrar\u00e1 el XV Matebosco","datePublished":"2019-02-22T13:25:11+00:00","dateModified":"2019-02-22T13:26:17+00:00","mainEntityOfPage":{"@id":"https:\/\/valenciasjb.salesianos.edu\/colegio\/el-sabado-2-de-marzo-se-celebrara-el-xv-matebosco\/"},"wordCount":395,"image":{"@id":"https:\/\/valenciasjb.salesianos.edu\/colegio\/el-sabado-2-de-marzo-se-celebrara-el-xv-matebosco\/#primaryimage"},"thumbnailUrl":"https:\/\/valenciasjb.salesianos.edu\/colegio\/wp-content\/uploads\/sites\/2\/2019\/02\/POSTER-MATEBOSCO-15-v2.jpg","articleSection":["Noticia Colegio"],"inLanguage":"es"},{"@type":"WebPage","@id":"https:\/\/valenciasjb.salesianos.edu\/colegio\/el-sabado-2-de-marzo-se-celebrara-el-xv-matebosco\/","url":"https:\/\/valenciasjb.salesianos.edu\/colegio\/el-sabado-2-de-marzo-se-celebrara-el-xv-matebosco\/","name":"El s\u00e1bado 2 de marzo se celebrar\u00e1 el XV Matebosco - Colegio San Juan Bosco Valencia","isPartOf":{"@id":"https:\/\/valenciasjb.salesianos.edu\/colegio\/#website"},"primaryImageOfPage":{"@id":"https:\/\/valenciasjb.salesianos.edu\/colegio\/el-sabado-2-de-marzo-se-celebrara-el-xv-matebosco\/#primaryimage"},"image":{"@id":"https:\/\/valenciasjb.salesianos.edu\/colegio\/el-sabado-2-de-marzo-se-celebrara-el-xv-matebosco\/#primaryimage"},"thumbnailUrl":"https:\/\/valenciasjb.salesianos.edu\/colegio\/wp-content\/uploads\/sites\/2\/2019\/02\/POSTER-MATEBOSCO-15-v2.jpg","datePublished":"2019-02-22T13:25:11+00:00","dateModified":"2019-02-22T13:26:17+00:00","author":{"@id":"https:\/\/valenciasjb.salesianos.edu\/colegio\/#\/schema\/person\/1f45b67e52b27da175190a574db6bed9"},"breadcrumb":{"@id":"https:\/\/valenciasjb.salesianos.edu\/colegio\/el-sabado-2-de-marzo-se-celebrara-el-xv-matebosco\/#breadcrumb"},"inLanguage":"es","potentialAction":[{"@type":"ReadAction","target":["https:\/\/valenciasjb.salesianos.edu\/colegio\/el-sabado-2-de-marzo-se-celebrara-el-xv-matebosco\/"]}]},{"@type":"ImageObject","inLanguage":"es","@id":"https:\/\/valenciasjb.salesianos.edu\/colegio\/el-sabado-2-de-marzo-se-celebrara-el-xv-matebosco\/#primaryimage","url":"https:\/\/valenciasjb.salesianos.edu\/colegio\/wp-content\/uploads\/sites\/2\/2019\/02\/POSTER-MATEBOSCO-15-v2.jpg","contentUrl":"https:\/\/valenciasjb.salesianos.edu\/colegio\/wp-content\/uploads\/sites\/2\/2019\/02\/POSTER-MATEBOSCO-15-v2.jpg","width":2970,"height":4200},{"@type":"BreadcrumbList","@id":"https:\/\/valenciasjb.salesianos.edu\/colegio\/el-sabado-2-de-marzo-se-celebrara-el-xv-matebosco\/#breadcrumb","itemListElement":[{"@type":"ListItem","position":1,"name":"Portada","item":"https:\/\/valenciasjb.salesianos.edu\/colegio\/"},{"@type":"ListItem","position":2,"name":"El s\u00e1bado 2 de marzo se celebrar\u00e1 el XV Matebosco"}]},{"@type":"WebSite","@id":"https:\/\/valenciasjb.salesianos.edu\/colegio\/#website","url":"https:\/\/valenciasjb.salesianos.edu\/colegio\/","name":"Colegio San Juan Bosco Valencia","description":"P\u00e1gina oficial del Colegio Salesianos San Juan Bosco Valencia","alternateName":"Salesianos.VSJB","potentialAction":[{"@type":"SearchAction","target":{"@type":"EntryPoint","urlTemplate":"https:\/\/valenciasjb.salesianos.edu\/colegio\/?s={search_term_string}"},"query-input":{"@type":"PropertyValueSpecification","valueRequired":true,"valueName":"search_term_string"}}],"inLanguage":"es"},{"@type":"Person","@id":"https:\/\/valenciasjb.salesianos.edu\/colegio\/#\/schema\/person\/1f45b67e52b27da175190a574db6bed9","name":"veronicapastor","image":{"@type":"ImageObject","inLanguage":"es","@id":"https:\/\/secure.gravatar.com\/avatar\/e29bd40bace3fd935e1d6fdb7313ffc14628cc037c5e16f4c7369b20a2a6f7f0?s=96&d=mm&r=g","url":"https:\/\/secure.gravatar.com\/avatar\/e29bd40bace3fd935e1d6fdb7313ffc14628cc037c5e16f4c7369b20a2a6f7f0?s=96&d=mm&r=g","contentUrl":"https:\/\/secure.gravatar.com\/avatar\/e29bd40bace3fd935e1d6fdb7313ffc14628cc037c5e16f4c7369b20a2a6f7f0?s=96&d=mm&r=g","caption":"veronicapastor"}}]}},"_links":{"self":[{"href":"https:\/\/valenciasjb.salesianos.edu\/colegio\/wp-json\/wp\/v2\/posts\/10357","targetHints":{"allow":["GET"]}}],"collection":[{"href":"https:\/\/valenciasjb.salesianos.edu\/colegio\/wp-json\/wp\/v2\/posts"}],"about":[{"href":"https:\/\/valenciasjb.salesianos.edu\/colegio\/wp-json\/wp\/v2\/types\/post"}],"author":[{"embeddable":true,"href":"https:\/\/valenciasjb.salesianos.edu\/colegio\/wp-json\/wp\/v2\/users\/6"}],"replies":[{"embeddable":true,"href":"https:\/\/valenciasjb.salesianos.edu\/colegio\/wp-json\/wp\/v2\/comments?post=10357"}],"version-history":[{"count":2,"href":"https:\/\/valenciasjb.salesianos.edu\/colegio\/wp-json\/wp\/v2\/posts\/10357\/revisions"}],"predecessor-version":[{"id":10363,"href":"https:\/\/valenciasjb.salesianos.edu\/colegio\/wp-json\/wp\/v2\/posts\/10357\/revisions\/10363"}],"wp:featuredmedia":[{"embeddable":true,"href":"https:\/\/valenciasjb.salesianos.edu\/colegio\/wp-json\/wp\/v2\/media\/10359"}],"wp:attachment":[{"href":"https:\/\/valenciasjb.salesianos.edu\/colegio\/wp-json\/wp\/v2\/media?parent=10357"}],"wp:term":[{"taxonomy":"category","embeddable":true,"href":"https:\/\/valenciasjb.salesianos.edu\/colegio\/wp-json\/wp\/v2\/categories?post=10357"},{"taxonomy":"post_tag","embeddable":true,"href":"https:\/\/valenciasjb.salesianos.edu\/colegio\/wp-json\/wp\/v2\/tags?post=10357"}],"curies":[{"name":"wp","href":"https:\/\/api.w.org\/{rel}","templated":true}]}}