{"id":10368,"date":"2019-03-03T22:40:34","date_gmt":"2019-03-03T21:40:34","guid":{"rendered":"https:\/\/valenciasjb.salesianos.edu\/colegio\/?p=10368"},"modified":"2019-03-03T22:47:15","modified_gmt":"2019-03-03T21:47:15","slug":"el-xv-matebosco-basado-en-el-filosofo-y-matematico-griego-pitagoras","status":"publish","type":"post","link":"https:\/\/valenciasjb.salesianos.edu\/colegio\/el-xv-matebosco-basado-en-el-filosofo-y-matematico-griego-pitagoras\/","title":{"rendered":"El XV Matebosco basado en el fil\u00f3sofo y matem\u00e1tico griego Pit\u00e1goras"},"content":{"rendered":"<div id=\"fb-root\"><\/div>\n<p>[et_pb_section bb_built=\u00bb1&#8243; admin_label=\u00bbsection\u00bb][et_pb_row admin_label=\u00bbrow\u00bb background_position=\u00bbtop_left\u00bb background_repeat=\u00bbrepeat\u00bb background_size=\u00bbinitial\u00bb][et_pb_column type=\u00bb4_4&#8243;][et_pb_text admin_label=\u00bbEntradilla (Texto)\u00bb _builder_version=\u00bb3.19.18&#8243; text_orientation=\u00bbjustified\u00bb text_font=\u00bb|on|||\u00bb module_alignment=\u00bbleft\u00bb]<\/p>\n<div id=\"resumen\"><strong><span style=\"font-weight: 400\">Un a\u00f1o m\u00e1s, y con \u00e9ste van quince, cerca de dos centenares de personas, miembros de la comunidad educativa del Colegio Salesiano San Juan Bosco de Valencia, se reunieron en la ma\u00f1ana del s\u00e1bado 2 de marzo en una jornada de convivencia cuya tem\u00e1tica gir\u00f3 en torno a las matem\u00e1ticas.<\/span><\/strong><\/div>\n<div>\u00a0<\/div>\n<p>[\/et_pb_text][et_pb_text admin_label=\u00bbAutor (Texto)\u00bb _builder_version=\u00bb3.19.18&#8243; text_font=\u00bb||on||\u00bb]<\/p>\n<p>Samuel Cort\u00e9s.<\/p>\n<p>[\/et_pb_text][et_pb_text admin_label=\u00bbDesarrollo (Texto)\u00bb _builder_version=\u00bb3.19.18&#8243; text_orientation=\u00bbjustified\u00bb module_alignment=\u00bbleft\u00bb]<\/p>\n<p><span style=\"font-weight: 400\">La jornada comenz\u00f3 con una prueba individual y dos por equipos, de relevos y de velocidad, para contrastar la intuici\u00f3n, la habilidad matem\u00e1tica, la capacidad de resoluci\u00f3n de problemas y la deducci\u00f3n l\u00f3gica de unos ciento treinta alumnos de entre 5\u00ba de Primaria y 4\u00ba de ESO que participaron en el evento, acompa\u00f1ados por un equipo de monitores-jueces voluntarios, formados por padres y madres de algunos participantes, y principalmente por alumnos de 1\u00ba de Bachillerato.<\/span><\/p>\n<p><span style=\"font-weight: 400\">La organizaci\u00f3n de la jornada la han formado el AMPAS, que patrocina los premios y nos deleita con un sabroso almuerzo, el Departamento de Matem\u00e1ticas, el equipo docente de 5\u00ba y 6\u00ba de Primaria, y algunos profesores de los Departamentos de Ciencias y TIC, as\u00ed como docentes de \u00e1reas como Lengua, Valenci\u00e0 y M\u00fasica.<\/span><\/p>\n<p><span style=\"font-weight: 400\">El final de la jornada se hizo efectivo durante el acto de clausura en el que se entreg\u00f3 un diploma o detalle a todos los participantes y se premi\u00f3 de una manera m\u00e1s especial a los dieciocho alumnos que representar\u00e1n al centro en la XXX Olimpiada Matem\u00e1tica de la Comunidad Valenciana. Como no pod\u00eda ser de otra manera, no falt\u00f3 en este \u00faltimo acto un momento de divulgaci\u00f3n matem\u00e1tica, basado en esta ocasi\u00f3n en el fil\u00f3sofo y matem\u00e1tico griego Pit\u00e1goras.<\/span><\/p>\n<div class=\"\" data-block=\"true\" data-editor=\"bhn1b\" data-offset-key=\"4p64b-0-0\">\n<div class=\"_1mf _1mj\" data-offset-key=\"4p64b-0-0\"><span data-offset-key=\"4p64b-0-0\">\u00c1lbum de fotos:<\/span><\/div>\n<\/div>\n<div class=\"\" data-block=\"true\" data-editor=\"bhn1b\" data-offset-key=\"cv984-0-0\">\n<div class=\"_1mf _1mj\" data-offset-key=\"cv984-0-0\"><a href=\"https:\/\/www.facebook.com\/media\/set\/?set=a.2194488380574355&amp;type=1&amp;l=d0cdb4a01e\"><span data-offset-key=\"cv984-0-0\">https:\/\/www.facebook.com\/media\/set\/?set=a.2194488380574355&amp;type=1&amp;l=d0cdb4a01e<\/span><\/a><\/div>\n<\/div>\n<p>[\/et_pb_text][et_pb_text admin_label=\u00bbT\u00edtulo: Galer\u00eda de fotos (Texto)\u00bb _builder_version=\u00bb3.0.76&#8243; background_layout=\u00bblight\u00bb text_font=\u00bb|on|||\u00bb text_text_color=\u00bb#dc001b\u00bb border_style=\u00bbsolid\u00bb disabled=\u00bboff\u00bb disabled_on=\u00bboff|on|on\u00bb]<\/p>\n<p>Galer\u00eda de im\u00e1genes<\/p>\n<p>[\/et_pb_text][et_pb_gallery _builder_version=\u00bb3.19.18&#8243; posts_number=\u00bb8&#8243; show_title_and_caption=\u00bboff\u00bb zoom_icon_color=\u00bb#dc001b\u00bb hover_overlay_color=\u00bbrgba(255,255,255,0.9)\u00bb hover_icon=\u00bb%%51%%\u00bb disabled=\u00bboff\u00bb disabled_on=\u00bboff|off|off\u00bb gallery_ids=\u00bb10384,10383,10382,10381,10380,10379,10378,10377,10376,10375,10374,10373,10372,10371,10370,10369&#8243; pagination_font_size_tablet=\u00bb51&#8243; pagination_line_height_tablet=\u00bb2&#8243; \/][et_pb_video _builder_version=\u00bb3.0.51&#8243; disabled=\u00bbon\u00bb disabled_on=\u00bbon|on|on\u00bb \/][\/et_pb_column][\/et_pb_row][\/et_pb_section]<\/p>\n<!-- AddThis Advanced Settings generic via filter on the_content --><!-- AddThis Share Buttons generic via filter on the_content -->","protected":false},"excerpt":{"rendered":"<p>Un a\u00f1o m\u00e1s, y con \u00e9ste van quince, cerca de dos centenares de personas, miembros de la comunidad educativa del Colegio Salesiano San Juan Bosco de Valencia, se reunieron en la ma\u00f1ana del s\u00e1bado 2 de marzo en una jornada de convivencia cuya tem\u00e1tica gir\u00f3 en torno a las matem\u00e1ticas. \u00a0 Samuel Cort\u00e9s. La jornada [&hellip;]<\/p>\n<p><!-- AddThis Advanced Settings generic via filter on get_the_excerpt --><!-- AddThis Share Buttons generic via filter on get_the_excerpt --><\/p>\n","protected":false},"author":6,"featured_media":10369,"comment_status":"closed","ping_status":"open","sticky":false,"template":"","format":"standard","meta":{"_et_pb_use_builder":"on","_et_pb_old_content":"","_et_gb_content_width":"","footnotes":""},"categories":[14],"tags":[],"class_list":["post-10368","post","type-post","status-publish","format-standard","has-post-thumbnail","hentry","category-noticia_colegio"],"yoast_head":"<!-- This site is optimized with the Yoast SEO plugin v28.4 - https:\/\/yoast.com\/product\/yoast-seo-wordpress\/ -->\n<title>El XV Matebosco basado en el fil\u00f3sofo y matem\u00e1tico griego Pit\u00e1goras - Colegio San Juan Bosco Valencia<\/title>\n<meta name=\"robots\" content=\"index, follow, max-snippet:-1, max-image-preview:large, max-video-preview:-1\" \/>\n<link rel=\"canonical\" href=\"https:\/\/valenciasjb.salesianos.edu\/colegio\/el-xv-matebosco-basado-en-el-filosofo-y-matematico-griego-pitagoras\/\" \/>\n<meta property=\"og:locale\" content=\"es_ES\" \/>\n<meta property=\"og:type\" content=\"article\" \/>\n<meta property=\"og:title\" content=\"El XV Matebosco basado en el fil\u00f3sofo y matem\u00e1tico griego Pit\u00e1goras - Colegio San Juan Bosco Valencia\" \/>\n<meta property=\"og:description\" content=\"Un a\u00f1o m\u00e1s, y con \u00e9ste van quince, cerca de dos centenares de personas, miembros de la comunidad educativa del Colegio Salesiano San Juan Bosco de Valencia, se reunieron en la ma\u00f1ana del s\u00e1bado 2 de marzo en una jornada de convivencia cuya tem\u00e1tica gir\u00f3 en torno a las matem\u00e1ticas. \u00a0 Samuel Cort\u00e9s. La jornada [&hellip;]\" \/>\n<meta property=\"og:url\" content=\"https:\/\/valenciasjb.salesianos.edu\/colegio\/el-xv-matebosco-basado-en-el-filosofo-y-matematico-griego-pitagoras\/\" \/>\n<meta property=\"og:site_name\" content=\"Colegio San Juan Bosco Valencia\" \/>\n<meta property=\"article:publisher\" content=\"https:\/\/www.facebook.com\/ColegioSalesianoSanJuanBoscoValencia\" \/>\n<meta property=\"article:published_time\" content=\"2019-03-03T21:40:34+00:00\" \/>\n<meta property=\"article:modified_time\" content=\"2019-03-03T21:47:15+00:00\" \/>\n<meta property=\"og:image\" content=\"https:\/\/valenciasjb.salesianos.edu\/colegio\/wp-content\/uploads\/sites\/2\/2019\/03\/53226297_2194488427241017_1352738660415438848_n.jpg\" \/>\n\t<meta property=\"og:image:width\" content=\"960\" \/>\n\t<meta property=\"og:image:height\" content=\"640\" \/>\n\t<meta property=\"og:image:type\" content=\"image\/jpeg\" \/>\n<meta name=\"author\" content=\"veronicapastor\" \/>\n<meta name=\"twitter:card\" content=\"summary_large_image\" \/>\n<meta name=\"twitter:creator\" content=\"@SalesianosVSJB\" \/>\n<meta name=\"twitter:site\" content=\"@SalesianosVSJB\" \/>\n<meta name=\"twitter:label1\" content=\"Escrito por\" \/>\n\t<meta name=\"twitter:data1\" content=\"veronicapastor\" \/>\n\t<meta name=\"twitter:label2\" content=\"Tiempo de lectura\" \/>\n\t<meta name=\"twitter:data2\" content=\"2 minutos\" \/>\n<script type=\"application\/ld+json\" class=\"yoast-schema-graph\">{\"@context\":\"https:\\\/\\\/schema.org\",\"@graph\":[{\"@type\":\"Article\",\"@id\":\"https:\\\/\\\/valenciasjb.salesianos.edu\\\/colegio\\\/el-xv-matebosco-basado-en-el-filosofo-y-matematico-griego-pitagoras\\\/#article\",\"isPartOf\":{\"@id\":\"https:\\\/\\\/valenciasjb.salesianos.edu\\\/colegio\\\/el-xv-matebosco-basado-en-el-filosofo-y-matematico-griego-pitagoras\\\/\"},\"author\":{\"name\":\"veronicapastor\",\"@id\":\"https:\\\/\\\/valenciasjb.salesianos.edu\\\/colegio\\\/#\\\/schema\\\/person\\\/1f45b67e52b27da175190a574db6bed9\"},\"headline\":\"El XV Matebosco basado en el fil\u00f3sofo y matem\u00e1tico griego Pit\u00e1goras\",\"datePublished\":\"2019-03-03T21:40:34+00:00\",\"dateModified\":\"2019-03-03T21:47:15+00:00\",\"mainEntityOfPage\":{\"@id\":\"https:\\\/\\\/valenciasjb.salesianos.edu\\\/colegio\\\/el-xv-matebosco-basado-en-el-filosofo-y-matematico-griego-pitagoras\\\/\"},\"wordCount\":500,\"image\":{\"@id\":\"https:\\\/\\\/valenciasjb.salesianos.edu\\\/colegio\\\/el-xv-matebosco-basado-en-el-filosofo-y-matematico-griego-pitagoras\\\/#primaryimage\"},\"thumbnailUrl\":\"https:\\\/\\\/valenciasjb.salesianos.edu\\\/colegio\\\/wp-content\\\/uploads\\\/sites\\\/2\\\/2019\\\/03\\\/53226297_2194488427241017_1352738660415438848_n.jpg\",\"articleSection\":[\"Noticia Colegio\"],\"inLanguage\":\"es\"},{\"@type\":\"WebPage\",\"@id\":\"https:\\\/\\\/valenciasjb.salesianos.edu\\\/colegio\\\/el-xv-matebosco-basado-en-el-filosofo-y-matematico-griego-pitagoras\\\/\",\"url\":\"https:\\\/\\\/valenciasjb.salesianos.edu\\\/colegio\\\/el-xv-matebosco-basado-en-el-filosofo-y-matematico-griego-pitagoras\\\/\",\"name\":\"El XV Matebosco basado en el fil\u00f3sofo y matem\u00e1tico griego Pit\u00e1goras - Colegio San Juan Bosco Valencia\",\"isPartOf\":{\"@id\":\"https:\\\/\\\/valenciasjb.salesianos.edu\\\/colegio\\\/#website\"},\"primaryImageOfPage\":{\"@id\":\"https:\\\/\\\/valenciasjb.salesianos.edu\\\/colegio\\\/el-xv-matebosco-basado-en-el-filosofo-y-matematico-griego-pitagoras\\\/#primaryimage\"},\"image\":{\"@id\":\"https:\\\/\\\/valenciasjb.salesianos.edu\\\/colegio\\\/el-xv-matebosco-basado-en-el-filosofo-y-matematico-griego-pitagoras\\\/#primaryimage\"},\"thumbnailUrl\":\"https:\\\/\\\/valenciasjb.salesianos.edu\\\/colegio\\\/wp-content\\\/uploads\\\/sites\\\/2\\\/2019\\\/03\\\/53226297_2194488427241017_1352738660415438848_n.jpg\",\"datePublished\":\"2019-03-03T21:40:34+00:00\",\"dateModified\":\"2019-03-03T21:47:15+00:00\",\"author\":{\"@id\":\"https:\\\/\\\/valenciasjb.salesianos.edu\\\/colegio\\\/#\\\/schema\\\/person\\\/1f45b67e52b27da175190a574db6bed9\"},\"breadcrumb\":{\"@id\":\"https:\\\/\\\/valenciasjb.salesianos.edu\\\/colegio\\\/el-xv-matebosco-basado-en-el-filosofo-y-matematico-griego-pitagoras\\\/#breadcrumb\"},\"inLanguage\":\"es\",\"potentialAction\":[{\"@type\":\"ReadAction\",\"target\":[\"https:\\\/\\\/valenciasjb.salesianos.edu\\\/colegio\\\/el-xv-matebosco-basado-en-el-filosofo-y-matematico-griego-pitagoras\\\/\"]}]},{\"@type\":\"ImageObject\",\"inLanguage\":\"es\",\"@id\":\"https:\\\/\\\/valenciasjb.salesianos.edu\\\/colegio\\\/el-xv-matebosco-basado-en-el-filosofo-y-matematico-griego-pitagoras\\\/#primaryimage\",\"url\":\"https:\\\/\\\/valenciasjb.salesianos.edu\\\/colegio\\\/wp-content\\\/uploads\\\/sites\\\/2\\\/2019\\\/03\\\/53226297_2194488427241017_1352738660415438848_n.jpg\",\"contentUrl\":\"https:\\\/\\\/valenciasjb.salesianos.edu\\\/colegio\\\/wp-content\\\/uploads\\\/sites\\\/2\\\/2019\\\/03\\\/53226297_2194488427241017_1352738660415438848_n.jpg\",\"width\":960,\"height\":640},{\"@type\":\"BreadcrumbList\",\"@id\":\"https:\\\/\\\/valenciasjb.salesianos.edu\\\/colegio\\\/el-xv-matebosco-basado-en-el-filosofo-y-matematico-griego-pitagoras\\\/#breadcrumb\",\"itemListElement\":[{\"@type\":\"ListItem\",\"position\":1,\"name\":\"Portada\",\"item\":\"https:\\\/\\\/valenciasjb.salesianos.edu\\\/colegio\\\/\"},{\"@type\":\"ListItem\",\"position\":2,\"name\":\"El XV Matebosco basado en el fil\u00f3sofo y matem\u00e1tico griego Pit\u00e1goras\"}]},{\"@type\":\"WebSite\",\"@id\":\"https:\\\/\\\/valenciasjb.salesianos.edu\\\/colegio\\\/#website\",\"url\":\"https:\\\/\\\/valenciasjb.salesianos.edu\\\/colegio\\\/\",\"name\":\"Colegio San Juan Bosco Valencia\",\"description\":\"P\u00e1gina oficial del Colegio Salesianos San Juan Bosco Valencia\",\"alternateName\":\"Salesianos.VSJB\",\"potentialAction\":[{\"@type\":\"SearchAction\",\"target\":{\"@type\":\"EntryPoint\",\"urlTemplate\":\"https:\\\/\\\/valenciasjb.salesianos.edu\\\/colegio\\\/?s={search_term_string}\"},\"query-input\":{\"@type\":\"PropertyValueSpecification\",\"valueRequired\":true,\"valueName\":\"search_term_string\"}}],\"inLanguage\":\"es\"},{\"@type\":\"Person\",\"@id\":\"https:\\\/\\\/valenciasjb.salesianos.edu\\\/colegio\\\/#\\\/schema\\\/person\\\/1f45b67e52b27da175190a574db6bed9\",\"name\":\"veronicapastor\",\"image\":{\"@type\":\"ImageObject\",\"inLanguage\":\"es\",\"@id\":\"https:\\\/\\\/secure.gravatar.com\\\/avatar\\\/e29bd40bace3fd935e1d6fdb7313ffc14628cc037c5e16f4c7369b20a2a6f7f0?s=96&d=mm&r=g\",\"url\":\"https:\\\/\\\/secure.gravatar.com\\\/avatar\\\/e29bd40bace3fd935e1d6fdb7313ffc14628cc037c5e16f4c7369b20a2a6f7f0?s=96&d=mm&r=g\",\"contentUrl\":\"https:\\\/\\\/secure.gravatar.com\\\/avatar\\\/e29bd40bace3fd935e1d6fdb7313ffc14628cc037c5e16f4c7369b20a2a6f7f0?s=96&d=mm&r=g\",\"caption\":\"veronicapastor\"}}]}<\/script>\n<!-- \/ Yoast SEO plugin. -->","yoast_head_json":{"title":"El XV Matebosco basado en el fil\u00f3sofo y matem\u00e1tico griego Pit\u00e1goras - Colegio San Juan Bosco Valencia","robots":{"index":"index","follow":"follow","max-snippet":"max-snippet:-1","max-image-preview":"max-image-preview:large","max-video-preview":"max-video-preview:-1"},"canonical":"https:\/\/valenciasjb.salesianos.edu\/colegio\/el-xv-matebosco-basado-en-el-filosofo-y-matematico-griego-pitagoras\/","og_locale":"es_ES","og_type":"article","og_title":"El XV Matebosco basado en el fil\u00f3sofo y matem\u00e1tico griego Pit\u00e1goras - Colegio San Juan Bosco Valencia","og_description":"Un a\u00f1o m\u00e1s, y con \u00e9ste van quince, cerca de dos centenares de personas, miembros de la comunidad educativa del Colegio Salesiano San Juan Bosco de Valencia, se reunieron en la ma\u00f1ana del s\u00e1bado 2 de marzo en una jornada de convivencia cuya tem\u00e1tica gir\u00f3 en torno a las matem\u00e1ticas. \u00a0 Samuel Cort\u00e9s. La jornada [&hellip;]","og_url":"https:\/\/valenciasjb.salesianos.edu\/colegio\/el-xv-matebosco-basado-en-el-filosofo-y-matematico-griego-pitagoras\/","og_site_name":"Colegio San Juan Bosco Valencia","article_publisher":"https:\/\/www.facebook.com\/ColegioSalesianoSanJuanBoscoValencia","article_published_time":"2019-03-03T21:40:34+00:00","article_modified_time":"2019-03-03T21:47:15+00:00","og_image":[{"width":960,"height":640,"url":"https:\/\/valenciasjb.salesianos.edu\/colegio\/wp-content\/uploads\/sites\/2\/2019\/03\/53226297_2194488427241017_1352738660415438848_n.jpg","type":"image\/jpeg"}],"author":"veronicapastor","twitter_card":"summary_large_image","twitter_creator":"@SalesianosVSJB","twitter_site":"@SalesianosVSJB","twitter_misc":{"Escrito por":"veronicapastor","Tiempo de lectura":"2 minutos"},"schema":{"@context":"https:\/\/schema.org","@graph":[{"@type":"Article","@id":"https:\/\/valenciasjb.salesianos.edu\/colegio\/el-xv-matebosco-basado-en-el-filosofo-y-matematico-griego-pitagoras\/#article","isPartOf":{"@id":"https:\/\/valenciasjb.salesianos.edu\/colegio\/el-xv-matebosco-basado-en-el-filosofo-y-matematico-griego-pitagoras\/"},"author":{"name":"veronicapastor","@id":"https:\/\/valenciasjb.salesianos.edu\/colegio\/#\/schema\/person\/1f45b67e52b27da175190a574db6bed9"},"headline":"El XV Matebosco basado en el fil\u00f3sofo y matem\u00e1tico griego Pit\u00e1goras","datePublished":"2019-03-03T21:40:34+00:00","dateModified":"2019-03-03T21:47:15+00:00","mainEntityOfPage":{"@id":"https:\/\/valenciasjb.salesianos.edu\/colegio\/el-xv-matebosco-basado-en-el-filosofo-y-matematico-griego-pitagoras\/"},"wordCount":500,"image":{"@id":"https:\/\/valenciasjb.salesianos.edu\/colegio\/el-xv-matebosco-basado-en-el-filosofo-y-matematico-griego-pitagoras\/#primaryimage"},"thumbnailUrl":"https:\/\/valenciasjb.salesianos.edu\/colegio\/wp-content\/uploads\/sites\/2\/2019\/03\/53226297_2194488427241017_1352738660415438848_n.jpg","articleSection":["Noticia Colegio"],"inLanguage":"es"},{"@type":"WebPage","@id":"https:\/\/valenciasjb.salesianos.edu\/colegio\/el-xv-matebosco-basado-en-el-filosofo-y-matematico-griego-pitagoras\/","url":"https:\/\/valenciasjb.salesianos.edu\/colegio\/el-xv-matebosco-basado-en-el-filosofo-y-matematico-griego-pitagoras\/","name":"El XV Matebosco basado en el fil\u00f3sofo y matem\u00e1tico griego Pit\u00e1goras - Colegio San Juan Bosco Valencia","isPartOf":{"@id":"https:\/\/valenciasjb.salesianos.edu\/colegio\/#website"},"primaryImageOfPage":{"@id":"https:\/\/valenciasjb.salesianos.edu\/colegio\/el-xv-matebosco-basado-en-el-filosofo-y-matematico-griego-pitagoras\/#primaryimage"},"image":{"@id":"https:\/\/valenciasjb.salesianos.edu\/colegio\/el-xv-matebosco-basado-en-el-filosofo-y-matematico-griego-pitagoras\/#primaryimage"},"thumbnailUrl":"https:\/\/valenciasjb.salesianos.edu\/colegio\/wp-content\/uploads\/sites\/2\/2019\/03\/53226297_2194488427241017_1352738660415438848_n.jpg","datePublished":"2019-03-03T21:40:34+00:00","dateModified":"2019-03-03T21:47:15+00:00","author":{"@id":"https:\/\/valenciasjb.salesianos.edu\/colegio\/#\/schema\/person\/1f45b67e52b27da175190a574db6bed9"},"breadcrumb":{"@id":"https:\/\/valenciasjb.salesianos.edu\/colegio\/el-xv-matebosco-basado-en-el-filosofo-y-matematico-griego-pitagoras\/#breadcrumb"},"inLanguage":"es","potentialAction":[{"@type":"ReadAction","target":["https:\/\/valenciasjb.salesianos.edu\/colegio\/el-xv-matebosco-basado-en-el-filosofo-y-matematico-griego-pitagoras\/"]}]},{"@type":"ImageObject","inLanguage":"es","@id":"https:\/\/valenciasjb.salesianos.edu\/colegio\/el-xv-matebosco-basado-en-el-filosofo-y-matematico-griego-pitagoras\/#primaryimage","url":"https:\/\/valenciasjb.salesianos.edu\/colegio\/wp-content\/uploads\/sites\/2\/2019\/03\/53226297_2194488427241017_1352738660415438848_n.jpg","contentUrl":"https:\/\/valenciasjb.salesianos.edu\/colegio\/wp-content\/uploads\/sites\/2\/2019\/03\/53226297_2194488427241017_1352738660415438848_n.jpg","width":960,"height":640},{"@type":"BreadcrumbList","@id":"https:\/\/valenciasjb.salesianos.edu\/colegio\/el-xv-matebosco-basado-en-el-filosofo-y-matematico-griego-pitagoras\/#breadcrumb","itemListElement":[{"@type":"ListItem","position":1,"name":"Portada","item":"https:\/\/valenciasjb.salesianos.edu\/colegio\/"},{"@type":"ListItem","position":2,"name":"El XV Matebosco basado en el fil\u00f3sofo y matem\u00e1tico griego Pit\u00e1goras"}]},{"@type":"WebSite","@id":"https:\/\/valenciasjb.salesianos.edu\/colegio\/#website","url":"https:\/\/valenciasjb.salesianos.edu\/colegio\/","name":"Colegio San Juan Bosco Valencia","description":"P\u00e1gina oficial del Colegio Salesianos San Juan Bosco Valencia","alternateName":"Salesianos.VSJB","potentialAction":[{"@type":"SearchAction","target":{"@type":"EntryPoint","urlTemplate":"https:\/\/valenciasjb.salesianos.edu\/colegio\/?s={search_term_string}"},"query-input":{"@type":"PropertyValueSpecification","valueRequired":true,"valueName":"search_term_string"}}],"inLanguage":"es"},{"@type":"Person","@id":"https:\/\/valenciasjb.salesianos.edu\/colegio\/#\/schema\/person\/1f45b67e52b27da175190a574db6bed9","name":"veronicapastor","image":{"@type":"ImageObject","inLanguage":"es","@id":"https:\/\/secure.gravatar.com\/avatar\/e29bd40bace3fd935e1d6fdb7313ffc14628cc037c5e16f4c7369b20a2a6f7f0?s=96&d=mm&r=g","url":"https:\/\/secure.gravatar.com\/avatar\/e29bd40bace3fd935e1d6fdb7313ffc14628cc037c5e16f4c7369b20a2a6f7f0?s=96&d=mm&r=g","contentUrl":"https:\/\/secure.gravatar.com\/avatar\/e29bd40bace3fd935e1d6fdb7313ffc14628cc037c5e16f4c7369b20a2a6f7f0?s=96&d=mm&r=g","caption":"veronicapastor"}}]}},"_links":{"self":[{"href":"https:\/\/valenciasjb.salesianos.edu\/colegio\/wp-json\/wp\/v2\/posts\/10368","targetHints":{"allow":["GET"]}}],"collection":[{"href":"https:\/\/valenciasjb.salesianos.edu\/colegio\/wp-json\/wp\/v2\/posts"}],"about":[{"href":"https:\/\/valenciasjb.salesianos.edu\/colegio\/wp-json\/wp\/v2\/types\/post"}],"author":[{"embeddable":true,"href":"https:\/\/valenciasjb.salesianos.edu\/colegio\/wp-json\/wp\/v2\/users\/6"}],"replies":[{"embeddable":true,"href":"https:\/\/valenciasjb.salesianos.edu\/colegio\/wp-json\/wp\/v2\/comments?post=10368"}],"version-history":[{"count":3,"href":"https:\/\/valenciasjb.salesianos.edu\/colegio\/wp-json\/wp\/v2\/posts\/10368\/revisions"}],"predecessor-version":[{"id":10387,"href":"https:\/\/valenciasjb.salesianos.edu\/colegio\/wp-json\/wp\/v2\/posts\/10368\/revisions\/10387"}],"wp:featuredmedia":[{"embeddable":true,"href":"https:\/\/valenciasjb.salesianos.edu\/colegio\/wp-json\/wp\/v2\/media\/10369"}],"wp:attachment":[{"href":"https:\/\/valenciasjb.salesianos.edu\/colegio\/wp-json\/wp\/v2\/media?parent=10368"}],"wp:term":[{"taxonomy":"category","embeddable":true,"href":"https:\/\/valenciasjb.salesianos.edu\/colegio\/wp-json\/wp\/v2\/categories?post=10368"},{"taxonomy":"post_tag","embeddable":true,"href":"https:\/\/valenciasjb.salesianos.edu\/colegio\/wp-json\/wp\/v2\/tags?post=10368"}],"curies":[{"name":"wp","href":"https:\/\/api.w.org\/{rel}","templated":true}]}}