{"id":10421,"date":"2019-03-14T10:33:44","date_gmt":"2019-03-14T09:33:44","guid":{"rendered":"https:\/\/valenciasjb.salesianos.edu\/colegio\/?p=10421"},"modified":"2019-03-14T10:55:53","modified_gmt":"2019-03-14T09:55:53","slug":"leo-montolio-director-del-spe-v11-servicios-psicopedagogicos-escolares-felicita-al-claustro-de-profesores","status":"publish","type":"post","link":"https:\/\/valenciasjb.salesianos.edu\/colegio\/leo-montolio-director-del-spe-v11-servicios-psicopedagogicos-escolares-felicita-al-claustro-de-profesores\/","title":{"rendered":"Leo Montol\u00edo, director del SPE V11, Servicios Psicopedag\u00f3gicos Escolares, felicita al claustro de profesores"},"content":{"rendered":"<div id=\"fb-root\"><\/div>\n<p>[et_pb_section bb_built=\u00bb1&#8243; admin_label=\u00bbsection\u00bb][et_pb_row admin_label=\u00bbrow\u00bb background_position=\u00bbtop_left\u00bb background_repeat=\u00bbrepeat\u00bb background_size=\u00bbinitial\u00bb][et_pb_column type=\u00bb4_4&#8243;][et_pb_text admin_label=\u00bbEntradilla (Texto)\u00bb _builder_version=\u00bb3.19.18&#8243; text_orientation=\u00bbjustified\u00bb text_font=\u00bb|on|||\u00bb module_alignment=\u00bbleft\u00bb]<\/p>\n<div id=\"resumen\"><strong> <span style=\"font-weight: 400\">Leo Montol\u00edo, director del SPE V11, asisti\u00f3 en la tarde del 12 de marzo al claustro de profesores que tuvo lugar en la Sala 200. Habl\u00f3 a todos los presentes sobre la inclusi\u00f3n para la eliminaci\u00f3n de barreras y facilitar el acceso al aprendizaje a todos. Tambi\u00e9n sobre el hecho de que para favorecer el aprendizaje tiene que haber conexi\u00f3n emocional del alumno con en el entorno que le rodea. La codocencia es una herramienta para la inclusi\u00f3n porque ayuda a innovar y atender a la diversidad.<\/span><\/strong><\/div>\n<p>[\/et_pb_text][et_pb_text admin_label=\u00bbAutor (Texto)\u00bb _builder_version=\u00bb3.19.18&#8243; text_font=\u00bb||on||\u00bb]<\/p>\n<p>Redacci\u00f3n.<\/p>\n<p>[\/et_pb_text][et_pb_text admin_label=\u00bbDesarrollo (Texto)\u00bb _builder_version=\u00bb3.19.18&#8243; text_orientation=\u00bbjustified\u00bb module_alignment=\u00bbleft\u00bb]<\/p>\n<p><span style=\"font-weight: 400\">Anim\u00f3 a la formaci\u00f3n continua y permanente. Y agradeci\u00f3 la actitud siempre de compromiso y colaboraci\u00f3n de todo el claustro de profesorado del colegio. Finalmente, asegur\u00f3 que esto hace que un centro como Salesianos San Juan Bosco Valencia sea cada vez m\u00e1s inclusivo y de m\u00e1s calidad.<\/span><\/p>\n<p>[\/et_pb_text][et_pb_text admin_label=\u00bbT\u00edtulo: Galer\u00eda de fotos (Texto)\u00bb _builder_version=\u00bb3.0.76&#8243; background_layout=\u00bblight\u00bb text_font=\u00bb|on|||\u00bb text_text_color=\u00bb#dc001b\u00bb border_style=\u00bbsolid\u00bb disabled=\u00bboff\u00bb disabled_on=\u00bboff|on|on\u00bb]<\/p>\n<p>\nGaler\u00eda de im\u00e1genes<\/p>\n<p>[\/et_pb_text][et_pb_gallery _builder_version=\u00bb3.19.18&#8243; posts_number=\u00bb8&#8243; show_title_and_caption=\u00bboff\u00bb zoom_icon_color=\u00bb#dc001b\u00bb hover_overlay_color=\u00bbrgba(255,255,255,0.9)\u00bb hover_icon=\u00bb%%51%%\u00bb disabled=\u00bboff\u00bb disabled_on=\u00bboff|off|off\u00bb gallery_ids=\u00bb10425,10424,10423,10422&#8243; pagination_font_size_tablet=\u00bb51&#8243; pagination_line_height_tablet=\u00bb2&#8243; \/][et_pb_video _builder_version=\u00bb3.0.51&#8243; disabled=\u00bbon\u00bb disabled_on=\u00bbon|on|on\u00bb \/][\/et_pb_column][\/et_pb_row][\/et_pb_section]<\/p>\n<!-- AddThis Advanced Settings generic via filter on the_content --><!-- AddThis Share Buttons generic via filter on the_content -->","protected":false},"excerpt":{"rendered":"<p>Leo Montol\u00edo, director del SPE V11, asisti\u00f3 en la tarde del 12 de marzo al claustro de profesores que tuvo lugar en la Sala 200. Habl\u00f3 a todos los presentes sobre la inclusi\u00f3n para la eliminaci\u00f3n de barreras y facilitar el acceso al aprendizaje a todos. Tambi\u00e9n sobre el hecho de que para favorecer el [&hellip;]<\/p>\n<p><!-- AddThis Advanced Settings generic via filter on get_the_excerpt --><!-- AddThis Share Buttons generic via filter on get_the_excerpt --><\/p>\n","protected":false},"author":6,"featured_media":10423,"comment_status":"closed","ping_status":"open","sticky":false,"template":"","format":"standard","meta":{"_et_pb_use_builder":"on","_et_pb_old_content":"<p>[et_pb_section bb_built=\"1\" admin_label=\"section\"][et_pb_row admin_label=\"row\" background_position=\"top_left\" background_repeat=\"repeat\" background_size=\"initial\"][et_pb_column type=\"4_4\"][et_pb_text admin_label=\"Entradilla (Texto)\" _builder_version=\"3.0.85\" background_layout=\"light\" text_orientation=\"justified\" text_font=\"|on|||\" module_alignment=\"justified\"]<\/p><div id=\"resumen\"><strong>Lorem ipsum...<br \/><\/strong><\/div><div>\u00a0<\/div><p>[\/et_pb_text][et_pb_text admin_label=\"Autor (Texto)\" _builder_version=\"3.19.18\" text_font=\"||on||\"]<\/p><p>Redacci\u00f3n.<\/p><p>[\/et_pb_text][et_pb_text admin_label=\"Desarrollo (Texto)\" _builder_version=\"3.19.18\" text_orientation=\"justified\" module_alignment=\"left\"]<\/p><p><span style=\"font-weight: 400;\">Leo Montol\u00edo, director del SPE V11, asisti\u00f3 en la tarde del 12 de marzo al claustro de profesores que tuvo lugar en la Sala 200. Habl\u00f3 a todos los presentes sobre la inclusi\u00f3n para la eliminaci\u00f3n de barreras y facilitar el acceso al aprendizaje a todos. Tambi\u00e9n sobre el hecho de que para favorecer el aprendizaje tiene que haber conexi\u00f3n emocional del alumno con en el entorno que le rodea. La codocencia es una herramienta para la inclusi\u00f3n porque ayuda a innovar y atender a la diversidad.<\/span><\/p><p><span style=\"font-weight: 400;\">Anim\u00f3 a la formaci\u00f3n continua y permanente. Y agradeci\u00f3 la actitud siempre de compromiso y colaboraci\u00f3n de todo el claustro de profesorado del colegio. Finalmente, asegur\u00f3 que esto hace que un centro como Salesianos San Juan Bosco Valencia sea cada vez m\u00e1s inclusivo y de m\u00e1s calidad.<\/span><\/p><p>[\/et_pb_text][et_pb_text admin_label=\"T\u00edtulo: Galer\u00eda de fotos (Texto)\" _builder_version=\"3.0.76\" background_layout=\"light\" text_font=\"|on|||\" text_text_color=\"#dc001b\" border_style=\"solid\" disabled=\"off\" disabled_on=\"off|on|on\"]<\/p><p>Galer\u00eda de im\u00e1genes<\/p><p>[\/et_pb_text][et_pb_gallery _builder_version=\"3.19.18\" posts_number=\"8\" show_title_and_caption=\"off\" show_pagination=\"on\" fullwidth=\"off\" orientation=\"landscape\" zoom_icon_color=\"#dc001b\" hover_overlay_color=\"rgba(255,255,255,0.9)\" hover_icon=\"%%51%%\" background_layout=\"light\" disabled=\"off\" disabled_on=\"off|off|off\" gallery_ids=\"5794\" pagination_font_size_tablet=\"51\" pagination_line_height_tablet=\"2\" \/][et_pb_video _builder_version=\"3.0.51\" disabled=\"on\" disabled_on=\"on|on|on\" \/][\/et_pb_column][\/et_pb_row][\/et_pb_section]<\/p>","_et_gb_content_width":"","footnotes":""},"categories":[14],"tags":[],"class_list":["post-10421","post","type-post","status-publish","format-standard","has-post-thumbnail","hentry","category-noticia_colegio"],"yoast_head":"<!-- This site is optimized with the Yoast SEO plugin v28.4 - https:\/\/yoast.com\/product\/yoast-seo-wordpress\/ -->\n<title>Leo Montol\u00edo, director del SPE V11, Servicios Psicopedag\u00f3gicos Escolares, felicita al claustro de profesores - Colegio San Juan Bosco Valencia<\/title>\n<meta name=\"robots\" content=\"index, follow, max-snippet:-1, max-image-preview:large, max-video-preview:-1\" \/>\n<link rel=\"canonical\" href=\"https:\/\/valenciasjb.salesianos.edu\/colegio\/leo-montolio-director-del-spe-v11-servicios-psicopedagogicos-escolares-felicita-al-claustro-de-profesores\/\" \/>\n<meta property=\"og:locale\" content=\"es_ES\" \/>\n<meta property=\"og:type\" content=\"article\" \/>\n<meta property=\"og:title\" content=\"Leo Montol\u00edo, director del SPE V11, Servicios Psicopedag\u00f3gicos Escolares, felicita al claustro de profesores - Colegio San Juan Bosco Valencia\" \/>\n<meta property=\"og:description\" content=\"Leo Montol\u00edo, director del SPE V11, asisti\u00f3 en la tarde del 12 de marzo al claustro de profesores que tuvo lugar en la Sala 200. Habl\u00f3 a todos los presentes sobre la inclusi\u00f3n para la eliminaci\u00f3n de barreras y facilitar el acceso al aprendizaje a todos. Tambi\u00e9n sobre el hecho de que para favorecer el [&hellip;]\" \/>\n<meta property=\"og:url\" content=\"https:\/\/valenciasjb.salesianos.edu\/colegio\/leo-montolio-director-del-spe-v11-servicios-psicopedagogicos-escolares-felicita-al-claustro-de-profesores\/\" \/>\n<meta property=\"og:site_name\" content=\"Colegio San Juan Bosco Valencia\" \/>\n<meta property=\"article:publisher\" content=\"https:\/\/www.facebook.com\/ColegioSalesianoSanJuanBoscoValencia\" \/>\n<meta property=\"article:published_time\" content=\"2019-03-14T09:33:44+00:00\" \/>\n<meta property=\"article:modified_time\" content=\"2019-03-14T09:55:53+00:00\" \/>\n<meta property=\"og:image\" content=\"https:\/\/valenciasjb.salesianos.edu\/colegio\/wp-content\/uploads\/sites\/2\/2019\/03\/53021173_2206798849343308_8360169668618485760_n.jpg\" \/>\n\t<meta property=\"og:image:width\" content=\"960\" \/>\n\t<meta property=\"og:image:height\" content=\"720\" \/>\n\t<meta property=\"og:image:type\" content=\"image\/jpeg\" \/>\n<meta name=\"author\" content=\"veronicapastor\" \/>\n<meta name=\"twitter:card\" content=\"summary_large_image\" \/>\n<meta name=\"twitter:creator\" content=\"@SalesianosVSJB\" \/>\n<meta name=\"twitter:site\" content=\"@SalesianosVSJB\" \/>\n<meta name=\"twitter:label1\" content=\"Escrito por\" \/>\n\t<meta name=\"twitter:data1\" content=\"veronicapastor\" \/>\n\t<meta name=\"twitter:label2\" content=\"Tiempo de lectura\" \/>\n\t<meta name=\"twitter:data2\" content=\"2 minutos\" \/>\n<script type=\"application\/ld+json\" class=\"yoast-schema-graph\">{\"@context\":\"https:\\\/\\\/schema.org\",\"@graph\":[{\"@type\":\"Article\",\"@id\":\"https:\\\/\\\/valenciasjb.salesianos.edu\\\/colegio\\\/leo-montolio-director-del-spe-v11-servicios-psicopedagogicos-escolares-felicita-al-claustro-de-profesores\\\/#article\",\"isPartOf\":{\"@id\":\"https:\\\/\\\/valenciasjb.salesianos.edu\\\/colegio\\\/leo-montolio-director-del-spe-v11-servicios-psicopedagogicos-escolares-felicita-al-claustro-de-profesores\\\/\"},\"author\":{\"name\":\"veronicapastor\",\"@id\":\"https:\\\/\\\/valenciasjb.salesianos.edu\\\/colegio\\\/#\\\/schema\\\/person\\\/1f45b67e52b27da175190a574db6bed9\"},\"headline\":\"Leo Montol\u00edo, director del SPE V11, Servicios Psicopedag\u00f3gicos Escolares, felicita al claustro de profesores\",\"datePublished\":\"2019-03-14T09:33:44+00:00\",\"dateModified\":\"2019-03-14T09:55:53+00:00\",\"mainEntityOfPage\":{\"@id\":\"https:\\\/\\\/valenciasjb.salesianos.edu\\\/colegio\\\/leo-montolio-director-del-spe-v11-servicios-psicopedagogicos-escolares-felicita-al-claustro-de-profesores\\\/\"},\"wordCount\":346,\"image\":{\"@id\":\"https:\\\/\\\/valenciasjb.salesianos.edu\\\/colegio\\\/leo-montolio-director-del-spe-v11-servicios-psicopedagogicos-escolares-felicita-al-claustro-de-profesores\\\/#primaryimage\"},\"thumbnailUrl\":\"https:\\\/\\\/valenciasjb.salesianos.edu\\\/colegio\\\/wp-content\\\/uploads\\\/sites\\\/2\\\/2019\\\/03\\\/53021173_2206798849343308_8360169668618485760_n.jpg\",\"articleSection\":[\"Noticia Colegio\"],\"inLanguage\":\"es\"},{\"@type\":\"WebPage\",\"@id\":\"https:\\\/\\\/valenciasjb.salesianos.edu\\\/colegio\\\/leo-montolio-director-del-spe-v11-servicios-psicopedagogicos-escolares-felicita-al-claustro-de-profesores\\\/\",\"url\":\"https:\\\/\\\/valenciasjb.salesianos.edu\\\/colegio\\\/leo-montolio-director-del-spe-v11-servicios-psicopedagogicos-escolares-felicita-al-claustro-de-profesores\\\/\",\"name\":\"Leo Montol\u00edo, director del SPE V11, Servicios Psicopedag\u00f3gicos Escolares, felicita al claustro de profesores - Colegio San Juan Bosco Valencia\",\"isPartOf\":{\"@id\":\"https:\\\/\\\/valenciasjb.salesianos.edu\\\/colegio\\\/#website\"},\"primaryImageOfPage\":{\"@id\":\"https:\\\/\\\/valenciasjb.salesianos.edu\\\/colegio\\\/leo-montolio-director-del-spe-v11-servicios-psicopedagogicos-escolares-felicita-al-claustro-de-profesores\\\/#primaryimage\"},\"image\":{\"@id\":\"https:\\\/\\\/valenciasjb.salesianos.edu\\\/colegio\\\/leo-montolio-director-del-spe-v11-servicios-psicopedagogicos-escolares-felicita-al-claustro-de-profesores\\\/#primaryimage\"},\"thumbnailUrl\":\"https:\\\/\\\/valenciasjb.salesianos.edu\\\/colegio\\\/wp-content\\\/uploads\\\/sites\\\/2\\\/2019\\\/03\\\/53021173_2206798849343308_8360169668618485760_n.jpg\",\"datePublished\":\"2019-03-14T09:33:44+00:00\",\"dateModified\":\"2019-03-14T09:55:53+00:00\",\"author\":{\"@id\":\"https:\\\/\\\/valenciasjb.salesianos.edu\\\/colegio\\\/#\\\/schema\\\/person\\\/1f45b67e52b27da175190a574db6bed9\"},\"breadcrumb\":{\"@id\":\"https:\\\/\\\/valenciasjb.salesianos.edu\\\/colegio\\\/leo-montolio-director-del-spe-v11-servicios-psicopedagogicos-escolares-felicita-al-claustro-de-profesores\\\/#breadcrumb\"},\"inLanguage\":\"es\",\"potentialAction\":[{\"@type\":\"ReadAction\",\"target\":[\"https:\\\/\\\/valenciasjb.salesianos.edu\\\/colegio\\\/leo-montolio-director-del-spe-v11-servicios-psicopedagogicos-escolares-felicita-al-claustro-de-profesores\\\/\"]}]},{\"@type\":\"ImageObject\",\"inLanguage\":\"es\",\"@id\":\"https:\\\/\\\/valenciasjb.salesianos.edu\\\/colegio\\\/leo-montolio-director-del-spe-v11-servicios-psicopedagogicos-escolares-felicita-al-claustro-de-profesores\\\/#primaryimage\",\"url\":\"https:\\\/\\\/valenciasjb.salesianos.edu\\\/colegio\\\/wp-content\\\/uploads\\\/sites\\\/2\\\/2019\\\/03\\\/53021173_2206798849343308_8360169668618485760_n.jpg\",\"contentUrl\":\"https:\\\/\\\/valenciasjb.salesianos.edu\\\/colegio\\\/wp-content\\\/uploads\\\/sites\\\/2\\\/2019\\\/03\\\/53021173_2206798849343308_8360169668618485760_n.jpg\",\"width\":960,\"height\":720},{\"@type\":\"BreadcrumbList\",\"@id\":\"https:\\\/\\\/valenciasjb.salesianos.edu\\\/colegio\\\/leo-montolio-director-del-spe-v11-servicios-psicopedagogicos-escolares-felicita-al-claustro-de-profesores\\\/#breadcrumb\",\"itemListElement\":[{\"@type\":\"ListItem\",\"position\":1,\"name\":\"Portada\",\"item\":\"https:\\\/\\\/valenciasjb.salesianos.edu\\\/colegio\\\/\"},{\"@type\":\"ListItem\",\"position\":2,\"name\":\"Leo Montol\u00edo, director del SPE V11, Servicios Psicopedag\u00f3gicos Escolares, felicita al claustro de profesores\"}]},{\"@type\":\"WebSite\",\"@id\":\"https:\\\/\\\/valenciasjb.salesianos.edu\\\/colegio\\\/#website\",\"url\":\"https:\\\/\\\/valenciasjb.salesianos.edu\\\/colegio\\\/\",\"name\":\"Colegio San Juan Bosco Valencia\",\"description\":\"P\u00e1gina oficial del Colegio Salesianos San Juan Bosco Valencia\",\"alternateName\":\"Salesianos.VSJB\",\"potentialAction\":[{\"@type\":\"SearchAction\",\"target\":{\"@type\":\"EntryPoint\",\"urlTemplate\":\"https:\\\/\\\/valenciasjb.salesianos.edu\\\/colegio\\\/?s={search_term_string}\"},\"query-input\":{\"@type\":\"PropertyValueSpecification\",\"valueRequired\":true,\"valueName\":\"search_term_string\"}}],\"inLanguage\":\"es\"},{\"@type\":\"Person\",\"@id\":\"https:\\\/\\\/valenciasjb.salesianos.edu\\\/colegio\\\/#\\\/schema\\\/person\\\/1f45b67e52b27da175190a574db6bed9\",\"name\":\"veronicapastor\",\"image\":{\"@type\":\"ImageObject\",\"inLanguage\":\"es\",\"@id\":\"https:\\\/\\\/secure.gravatar.com\\\/avatar\\\/e29bd40bace3fd935e1d6fdb7313ffc14628cc037c5e16f4c7369b20a2a6f7f0?s=96&d=mm&r=g\",\"url\":\"https:\\\/\\\/secure.gravatar.com\\\/avatar\\\/e29bd40bace3fd935e1d6fdb7313ffc14628cc037c5e16f4c7369b20a2a6f7f0?s=96&d=mm&r=g\",\"contentUrl\":\"https:\\\/\\\/secure.gravatar.com\\\/avatar\\\/e29bd40bace3fd935e1d6fdb7313ffc14628cc037c5e16f4c7369b20a2a6f7f0?s=96&d=mm&r=g\",\"caption\":\"veronicapastor\"}}]}<\/script>\n<!-- \/ Yoast SEO plugin. -->","yoast_head_json":{"title":"Leo Montol\u00edo, director del SPE V11, Servicios Psicopedag\u00f3gicos Escolares, felicita al claustro de profesores - Colegio San Juan Bosco Valencia","robots":{"index":"index","follow":"follow","max-snippet":"max-snippet:-1","max-image-preview":"max-image-preview:large","max-video-preview":"max-video-preview:-1"},"canonical":"https:\/\/valenciasjb.salesianos.edu\/colegio\/leo-montolio-director-del-spe-v11-servicios-psicopedagogicos-escolares-felicita-al-claustro-de-profesores\/","og_locale":"es_ES","og_type":"article","og_title":"Leo Montol\u00edo, director del SPE V11, Servicios Psicopedag\u00f3gicos Escolares, felicita al claustro de profesores - Colegio San Juan Bosco Valencia","og_description":"Leo Montol\u00edo, director del SPE V11, asisti\u00f3 en la tarde del 12 de marzo al claustro de profesores que tuvo lugar en la Sala 200. Habl\u00f3 a todos los presentes sobre la inclusi\u00f3n para la eliminaci\u00f3n de barreras y facilitar el acceso al aprendizaje a todos. Tambi\u00e9n sobre el hecho de que para favorecer el [&hellip;]","og_url":"https:\/\/valenciasjb.salesianos.edu\/colegio\/leo-montolio-director-del-spe-v11-servicios-psicopedagogicos-escolares-felicita-al-claustro-de-profesores\/","og_site_name":"Colegio San Juan Bosco Valencia","article_publisher":"https:\/\/www.facebook.com\/ColegioSalesianoSanJuanBoscoValencia","article_published_time":"2019-03-14T09:33:44+00:00","article_modified_time":"2019-03-14T09:55:53+00:00","og_image":[{"width":960,"height":720,"url":"https:\/\/valenciasjb.salesianos.edu\/colegio\/wp-content\/uploads\/sites\/2\/2019\/03\/53021173_2206798849343308_8360169668618485760_n.jpg","type":"image\/jpeg"}],"author":"veronicapastor","twitter_card":"summary_large_image","twitter_creator":"@SalesianosVSJB","twitter_site":"@SalesianosVSJB","twitter_misc":{"Escrito por":"veronicapastor","Tiempo de lectura":"2 minutos"},"schema":{"@context":"https:\/\/schema.org","@graph":[{"@type":"Article","@id":"https:\/\/valenciasjb.salesianos.edu\/colegio\/leo-montolio-director-del-spe-v11-servicios-psicopedagogicos-escolares-felicita-al-claustro-de-profesores\/#article","isPartOf":{"@id":"https:\/\/valenciasjb.salesianos.edu\/colegio\/leo-montolio-director-del-spe-v11-servicios-psicopedagogicos-escolares-felicita-al-claustro-de-profesores\/"},"author":{"name":"veronicapastor","@id":"https:\/\/valenciasjb.salesianos.edu\/colegio\/#\/schema\/person\/1f45b67e52b27da175190a574db6bed9"},"headline":"Leo Montol\u00edo, director del SPE V11, Servicios Psicopedag\u00f3gicos Escolares, felicita al claustro de profesores","datePublished":"2019-03-14T09:33:44+00:00","dateModified":"2019-03-14T09:55:53+00:00","mainEntityOfPage":{"@id":"https:\/\/valenciasjb.salesianos.edu\/colegio\/leo-montolio-director-del-spe-v11-servicios-psicopedagogicos-escolares-felicita-al-claustro-de-profesores\/"},"wordCount":346,"image":{"@id":"https:\/\/valenciasjb.salesianos.edu\/colegio\/leo-montolio-director-del-spe-v11-servicios-psicopedagogicos-escolares-felicita-al-claustro-de-profesores\/#primaryimage"},"thumbnailUrl":"https:\/\/valenciasjb.salesianos.edu\/colegio\/wp-content\/uploads\/sites\/2\/2019\/03\/53021173_2206798849343308_8360169668618485760_n.jpg","articleSection":["Noticia Colegio"],"inLanguage":"es"},{"@type":"WebPage","@id":"https:\/\/valenciasjb.salesianos.edu\/colegio\/leo-montolio-director-del-spe-v11-servicios-psicopedagogicos-escolares-felicita-al-claustro-de-profesores\/","url":"https:\/\/valenciasjb.salesianos.edu\/colegio\/leo-montolio-director-del-spe-v11-servicios-psicopedagogicos-escolares-felicita-al-claustro-de-profesores\/","name":"Leo Montol\u00edo, director del SPE V11, Servicios Psicopedag\u00f3gicos Escolares, felicita al claustro de profesores - Colegio San Juan Bosco Valencia","isPartOf":{"@id":"https:\/\/valenciasjb.salesianos.edu\/colegio\/#website"},"primaryImageOfPage":{"@id":"https:\/\/valenciasjb.salesianos.edu\/colegio\/leo-montolio-director-del-spe-v11-servicios-psicopedagogicos-escolares-felicita-al-claustro-de-profesores\/#primaryimage"},"image":{"@id":"https:\/\/valenciasjb.salesianos.edu\/colegio\/leo-montolio-director-del-spe-v11-servicios-psicopedagogicos-escolares-felicita-al-claustro-de-profesores\/#primaryimage"},"thumbnailUrl":"https:\/\/valenciasjb.salesianos.edu\/colegio\/wp-content\/uploads\/sites\/2\/2019\/03\/53021173_2206798849343308_8360169668618485760_n.jpg","datePublished":"2019-03-14T09:33:44+00:00","dateModified":"2019-03-14T09:55:53+00:00","author":{"@id":"https:\/\/valenciasjb.salesianos.edu\/colegio\/#\/schema\/person\/1f45b67e52b27da175190a574db6bed9"},"breadcrumb":{"@id":"https:\/\/valenciasjb.salesianos.edu\/colegio\/leo-montolio-director-del-spe-v11-servicios-psicopedagogicos-escolares-felicita-al-claustro-de-profesores\/#breadcrumb"},"inLanguage":"es","potentialAction":[{"@type":"ReadAction","target":["https:\/\/valenciasjb.salesianos.edu\/colegio\/leo-montolio-director-del-spe-v11-servicios-psicopedagogicos-escolares-felicita-al-claustro-de-profesores\/"]}]},{"@type":"ImageObject","inLanguage":"es","@id":"https:\/\/valenciasjb.salesianos.edu\/colegio\/leo-montolio-director-del-spe-v11-servicios-psicopedagogicos-escolares-felicita-al-claustro-de-profesores\/#primaryimage","url":"https:\/\/valenciasjb.salesianos.edu\/colegio\/wp-content\/uploads\/sites\/2\/2019\/03\/53021173_2206798849343308_8360169668618485760_n.jpg","contentUrl":"https:\/\/valenciasjb.salesianos.edu\/colegio\/wp-content\/uploads\/sites\/2\/2019\/03\/53021173_2206798849343308_8360169668618485760_n.jpg","width":960,"height":720},{"@type":"BreadcrumbList","@id":"https:\/\/valenciasjb.salesianos.edu\/colegio\/leo-montolio-director-del-spe-v11-servicios-psicopedagogicos-escolares-felicita-al-claustro-de-profesores\/#breadcrumb","itemListElement":[{"@type":"ListItem","position":1,"name":"Portada","item":"https:\/\/valenciasjb.salesianos.edu\/colegio\/"},{"@type":"ListItem","position":2,"name":"Leo Montol\u00edo, director del SPE V11, Servicios Psicopedag\u00f3gicos Escolares, felicita al claustro de profesores"}]},{"@type":"WebSite","@id":"https:\/\/valenciasjb.salesianos.edu\/colegio\/#website","url":"https:\/\/valenciasjb.salesianos.edu\/colegio\/","name":"Colegio San Juan Bosco Valencia","description":"P\u00e1gina oficial del Colegio Salesianos San Juan Bosco Valencia","alternateName":"Salesianos.VSJB","potentialAction":[{"@type":"SearchAction","target":{"@type":"EntryPoint","urlTemplate":"https:\/\/valenciasjb.salesianos.edu\/colegio\/?s={search_term_string}"},"query-input":{"@type":"PropertyValueSpecification","valueRequired":true,"valueName":"search_term_string"}}],"inLanguage":"es"},{"@type":"Person","@id":"https:\/\/valenciasjb.salesianos.edu\/colegio\/#\/schema\/person\/1f45b67e52b27da175190a574db6bed9","name":"veronicapastor","image":{"@type":"ImageObject","inLanguage":"es","@id":"https:\/\/secure.gravatar.com\/avatar\/e29bd40bace3fd935e1d6fdb7313ffc14628cc037c5e16f4c7369b20a2a6f7f0?s=96&d=mm&r=g","url":"https:\/\/secure.gravatar.com\/avatar\/e29bd40bace3fd935e1d6fdb7313ffc14628cc037c5e16f4c7369b20a2a6f7f0?s=96&d=mm&r=g","contentUrl":"https:\/\/secure.gravatar.com\/avatar\/e29bd40bace3fd935e1d6fdb7313ffc14628cc037c5e16f4c7369b20a2a6f7f0?s=96&d=mm&r=g","caption":"veronicapastor"}}]}},"_links":{"self":[{"href":"https:\/\/valenciasjb.salesianos.edu\/colegio\/wp-json\/wp\/v2\/posts\/10421","targetHints":{"allow":["GET"]}}],"collection":[{"href":"https:\/\/valenciasjb.salesianos.edu\/colegio\/wp-json\/wp\/v2\/posts"}],"about":[{"href":"https:\/\/valenciasjb.salesianos.edu\/colegio\/wp-json\/wp\/v2\/types\/post"}],"author":[{"embeddable":true,"href":"https:\/\/valenciasjb.salesianos.edu\/colegio\/wp-json\/wp\/v2\/users\/6"}],"replies":[{"embeddable":true,"href":"https:\/\/valenciasjb.salesianos.edu\/colegio\/wp-json\/wp\/v2\/comments?post=10421"}],"version-history":[{"count":4,"href":"https:\/\/valenciasjb.salesianos.edu\/colegio\/wp-json\/wp\/v2\/posts\/10421\/revisions"}],"predecessor-version":[{"id":10429,"href":"https:\/\/valenciasjb.salesianos.edu\/colegio\/wp-json\/wp\/v2\/posts\/10421\/revisions\/10429"}],"wp:featuredmedia":[{"embeddable":true,"href":"https:\/\/valenciasjb.salesianos.edu\/colegio\/wp-json\/wp\/v2\/media\/10423"}],"wp:attachment":[{"href":"https:\/\/valenciasjb.salesianos.edu\/colegio\/wp-json\/wp\/v2\/media?parent=10421"}],"wp:term":[{"taxonomy":"category","embeddable":true,"href":"https:\/\/valenciasjb.salesianos.edu\/colegio\/wp-json\/wp\/v2\/categories?post=10421"},{"taxonomy":"post_tag","embeddable":true,"href":"https:\/\/valenciasjb.salesianos.edu\/colegio\/wp-json\/wp\/v2\/tags?post=10421"}],"curies":[{"name":"wp","href":"https:\/\/api.w.org\/{rel}","templated":true}]}}