{"id":10442,"date":"2019-03-14T21:56:19","date_gmt":"2019-03-14T20:56:19","guid":{"rendered":"https:\/\/valenciasjb.salesianos.edu\/colegio\/?p=10442"},"modified":"2019-03-14T21:56:19","modified_gmt":"2019-03-14T20:56:19","slug":"cristina-martinez-martinez-2o-a-de-bachillerato-ganadora-de-la-fase-local-de-la-olimpiada-de-quimica-de-la-universidad-de-valencia","status":"publish","type":"post","link":"https:\/\/valenciasjb.salesianos.edu\/colegio\/cristina-martinez-martinez-2o-a-de-bachillerato-ganadora-de-la-fase-local-de-la-olimpiada-de-quimica-de-la-universidad-de-valencia\/","title":{"rendered":"Cristina Mart\u00ednez Mart\u00ednez, 2\u00ba A de Bachillerato, ganadora de la fase local de la Olimpiada de Qu\u00edmica de la Universidad de Valencia"},"content":{"rendered":"<div id=\"fb-root\"><\/div>\n<p>[et_pb_section bb_built=\u00bb1&#8243; admin_label=\u00bbsection\u00bb][et_pb_row admin_label=\u00bbrow\u00bb background_position=\u00bbtop_left\u00bb background_repeat=\u00bbrepeat\u00bb background_size=\u00bbinitial\u00bb][et_pb_column type=\u00bb4_4&#8243;][et_pb_text admin_label=\u00bbEntradilla (Texto)\u00bb _builder_version=\u00bb3.19.18&#8243; text_orientation=\u00bbjustified\u00bb text_font=\u00bb|on|||\u00bb module_alignment=\u00bbleft\u00bb]<\/p>\n<div id=\"resumen\">\n<p><span style=\"font-weight: 400\">La alumna Cristina Mart\u00ednez Mart\u00ednez, de 2\u00ba A de Bachillerato, ha sido la segunda clasificada por la UPV de la Olimpiada de Qu\u00edmica, en fase local, y pasar\u00e1 a la F<\/span><span style=\"font-weight: 400\">ase Nacional de la Olimpiada Qu\u00edmica organizada por la Real Sociedad Espa\u00f1ola de Qu\u00edmica (RSEQ) y el Ministerio de Educaci\u00f3n.<\/span><\/p>\n<\/div>\n<div>\u00a0<\/div>\n<p>[\/et_pb_text][et_pb_text admin_label=\u00bbAutor (Texto)\u00bb _builder_version=\u00bb3.0.85&#8243; background_layout=\u00bblight\u00bb text_font=\u00bb||on||\u00bb]<\/p>\n<p>Redacci\u00f3n<\/p>\n<p>[\/et_pb_text][et_pb_text admin_label=\u00bbDesarrollo (Texto)\u00bb _builder_version=\u00bb3.19.18&#8243; text_orientation=\u00bbjustified\u00bb module_alignment=\u00bbleft\u00bb]<\/p>\n<p><span style=\"font-weight: 400\">La Fase Local de la Olimpiada tuvo lugar de manera simult\u00e1nea en todas las universidades p\u00fablicas de la Comunidad Valenciana. Los estudiantes de los centros adscritos a la Universidad Polit\u00e9cnica de Valencia y la Universidad de Valencia realizaron la prueba conjuntamente el <\/span><b>viernes 8 de marzo de 2019 <\/b><span style=\"font-weight: 400\">en un aula de la Facultad de Qu\u00edmica de la Universidad de Valencia (Campus de Burjassot-Paterna). <\/span><\/p>\n<p><span style=\"font-weight: 400\">De todos ellos, s\u00f3lo se ha seleccionado a 6 estudiantes (3 pertenecientes a centros adscritos a la UPV y otros 3 pertenecientes a centros adscritos a la UV) para pasar a la Fase Nacional. Los seis estudiantes recibir\u00e1n los premios que las instituciones organizadoras determinen, en el caso de Cristina 1000 euros. La entrega de estos premios se realizar\u00e1n en un acto que se celebrar\u00e1 durante el mes de mayo.<\/span><\/p>\n<p><span style=\"font-weight: 400\">La prueba de la Fase Local consisti\u00f3 en <\/span><span style=\"font-weight: 400\">un ejercicio pr\u00e1ctico integrado por tres problemas, con 90 minutos de duraci\u00f3n, y un ejercicio te\u00f3rico consistente en 35 preguntas de opci\u00f3n m\u00faltiple. Cada cuesti\u00f3n const\u00f3 de cuatro opciones siendo una sola la verdadera, con una duraci\u00f3n tambi\u00e9n de 90 minutos.<\/span><\/p>\n<p><span style=\"font-weight: 400\">El colegio da la enhorabuena a <\/span><span style=\"font-weight: 400\">Cristina y a su familia, a los profesores implicados directamente en la preparaci\u00f3n de estas pruebas y al Claustro en general y PAS porque, de una manera u otra, han contribuido con su trabajo en la consecuci\u00f3n de este \u00e9xito.<\/span><\/p>\n<p><span style=\"font-weight: 400\">Le deseamos a Cristina la mejor de las suertes para la siguiente fase.<\/span><\/p>\n<p>[\/et_pb_text][et_pb_text admin_label=\u00bbT\u00edtulo: Galer\u00eda de fotos (Texto)\u00bb _builder_version=\u00bb3.0.76&#8243; background_layout=\u00bblight\u00bb text_font=\u00bb|on|||\u00bb text_text_color=\u00bb#dc001b\u00bb border_style=\u00bbsolid\u00bb disabled=\u00bboff\u00bb disabled_on=\u00bboff|on|on\u00bb]<\/p>\n<p>Galer\u00eda de im\u00e1genes<\/p>\n<p>[\/et_pb_text][et_pb_gallery _builder_version=\u00bb3.19.18&#8243; posts_number=\u00bb8&#8243; show_title_and_caption=\u00bboff\u00bb zoom_icon_color=\u00bb#dc001b\u00bb hover_overlay_color=\u00bbrgba(255,255,255,0.9)\u00bb hover_icon=\u00bb%%51%%\u00bb disabled=\u00bboff\u00bb disabled_on=\u00bboff|off|off\u00bb gallery_ids=\u00bb10443&#8243; pagination_font_size_tablet=\u00bb51&#8243; pagination_line_height_tablet=\u00bb2&#8243; \/][et_pb_video _builder_version=\u00bb3.0.51&#8243; disabled=\u00bbon\u00bb disabled_on=\u00bbon|on|on\u00bb \/][\/et_pb_column][\/et_pb_row][\/et_pb_section]<\/p>\n<!-- AddThis Advanced Settings generic via filter on the_content --><!-- AddThis Share Buttons generic via filter on the_content -->","protected":false},"excerpt":{"rendered":"<p>La alumna Cristina Mart\u00ednez Mart\u00ednez, de 2\u00ba A de Bachillerato, ha sido la segunda clasificada por la UPV de la Olimpiada de Qu\u00edmica, en fase local, y pasar\u00e1 a la Fase Nacional de la Olimpiada Qu\u00edmica organizada por la Real Sociedad Espa\u00f1ola de Qu\u00edmica (RSEQ) y el Ministerio de Educaci\u00f3n.\u00a0 Redacci\u00f3n La Fase Local de [&hellip;]<\/p>\n<p><!-- AddThis Advanced Settings generic via filter on get_the_excerpt --><!-- AddThis Share Buttons generic via filter on get_the_excerpt --><\/p>\n","protected":false},"author":6,"featured_media":10443,"comment_status":"closed","ping_status":"open","sticky":false,"template":"","format":"standard","meta":{"_et_pb_use_builder":"on","_et_pb_old_content":"","_et_gb_content_width":"","footnotes":""},"categories":[14],"tags":[],"class_list":["post-10442","post","type-post","status-publish","format-standard","has-post-thumbnail","hentry","category-noticia_colegio"],"yoast_head":"<!-- This site is optimized with the Yoast SEO plugin v28.4 - https:\/\/yoast.com\/product\/yoast-seo-wordpress\/ -->\n<title>Cristina Mart\u00ednez Mart\u00ednez, 2\u00ba A de Bachillerato, ganadora de la fase local de la Olimpiada de Qu\u00edmica de la Universidad de Valencia - Colegio San Juan Bosco Valencia<\/title>\n<meta name=\"robots\" content=\"index, follow, max-snippet:-1, max-image-preview:large, max-video-preview:-1\" \/>\n<link rel=\"canonical\" href=\"https:\/\/valenciasjb.salesianos.edu\/colegio\/cristina-martinez-martinez-2o-a-de-bachillerato-ganadora-de-la-fase-local-de-la-olimpiada-de-quimica-de-la-universidad-de-valencia\/\" \/>\n<meta property=\"og:locale\" content=\"es_ES\" \/>\n<meta property=\"og:type\" content=\"article\" \/>\n<meta property=\"og:title\" content=\"Cristina Mart\u00ednez Mart\u00ednez, 2\u00ba A de Bachillerato, ganadora de la fase local de la Olimpiada de Qu\u00edmica de la Universidad de Valencia - Colegio San Juan Bosco Valencia\" \/>\n<meta property=\"og:description\" content=\"La alumna Cristina Mart\u00ednez Mart\u00ednez, de 2\u00ba A de Bachillerato, ha sido la segunda clasificada por la UPV de la Olimpiada de Qu\u00edmica, en fase local, y pasar\u00e1 a la Fase Nacional de la Olimpiada Qu\u00edmica organizada por la Real Sociedad Espa\u00f1ola de Qu\u00edmica (RSEQ) y el Ministerio de Educaci\u00f3n.\u00a0 Redacci\u00f3n La Fase Local de [&hellip;]\" \/>\n<meta property=\"og:url\" content=\"https:\/\/valenciasjb.salesianos.edu\/colegio\/cristina-martinez-martinez-2o-a-de-bachillerato-ganadora-de-la-fase-local-de-la-olimpiada-de-quimica-de-la-universidad-de-valencia\/\" \/>\n<meta property=\"og:site_name\" content=\"Colegio San Juan Bosco Valencia\" \/>\n<meta property=\"article:publisher\" content=\"https:\/\/www.facebook.com\/ColegioSalesianoSanJuanBoscoValencia\" \/>\n<meta property=\"article:published_time\" content=\"2019-03-14T20:56:19+00:00\" \/>\n<meta property=\"og:image\" content=\"https:\/\/valenciasjb.salesianos.edu\/colegio\/wp-content\/uploads\/sites\/2\/2019\/03\/IMG_20190314_110936_979.jpg\" \/>\n\t<meta property=\"og:image:width\" content=\"4032\" \/>\n\t<meta property=\"og:image:height\" content=\"3016\" \/>\n\t<meta property=\"og:image:type\" content=\"image\/jpeg\" \/>\n<meta name=\"author\" content=\"veronicapastor\" \/>\n<meta name=\"twitter:card\" content=\"summary_large_image\" \/>\n<meta name=\"twitter:creator\" content=\"@SalesianosVSJB\" \/>\n<meta name=\"twitter:site\" content=\"@SalesianosVSJB\" \/>\n<meta name=\"twitter:label1\" content=\"Escrito por\" \/>\n\t<meta name=\"twitter:data1\" content=\"veronicapastor\" \/>\n\t<meta name=\"twitter:label2\" content=\"Tiempo de lectura\" \/>\n\t<meta name=\"twitter:data2\" content=\"2 minutos\" \/>\n<script type=\"application\/ld+json\" class=\"yoast-schema-graph\">{\"@context\":\"https:\\\/\\\/schema.org\",\"@graph\":[{\"@type\":\"Article\",\"@id\":\"https:\\\/\\\/valenciasjb.salesianos.edu\\\/colegio\\\/cristina-martinez-martinez-2o-a-de-bachillerato-ganadora-de-la-fase-local-de-la-olimpiada-de-quimica-de-la-universidad-de-valencia\\\/#article\",\"isPartOf\":{\"@id\":\"https:\\\/\\\/valenciasjb.salesianos.edu\\\/colegio\\\/cristina-martinez-martinez-2o-a-de-bachillerato-ganadora-de-la-fase-local-de-la-olimpiada-de-quimica-de-la-universidad-de-valencia\\\/\"},\"author\":{\"name\":\"veronicapastor\",\"@id\":\"https:\\\/\\\/valenciasjb.salesianos.edu\\\/colegio\\\/#\\\/schema\\\/person\\\/1f45b67e52b27da175190a574db6bed9\"},\"headline\":\"Cristina Mart\u00ednez Mart\u00ednez, 2\u00ba A de Bachillerato, ganadora de la fase local de la Olimpiada de Qu\u00edmica de la Universidad de Valencia\",\"datePublished\":\"2019-03-14T20:56:19+00:00\",\"mainEntityOfPage\":{\"@id\":\"https:\\\/\\\/valenciasjb.salesianos.edu\\\/colegio\\\/cristina-martinez-martinez-2o-a-de-bachillerato-ganadora-de-la-fase-local-de-la-olimpiada-de-quimica-de-la-universidad-de-valencia\\\/\"},\"wordCount\":522,\"image\":{\"@id\":\"https:\\\/\\\/valenciasjb.salesianos.edu\\\/colegio\\\/cristina-martinez-martinez-2o-a-de-bachillerato-ganadora-de-la-fase-local-de-la-olimpiada-de-quimica-de-la-universidad-de-valencia\\\/#primaryimage\"},\"thumbnailUrl\":\"https:\\\/\\\/valenciasjb.salesianos.edu\\\/colegio\\\/wp-content\\\/uploads\\\/sites\\\/2\\\/2019\\\/03\\\/IMG_20190314_110936_979.jpg\",\"articleSection\":[\"Noticia Colegio\"],\"inLanguage\":\"es\"},{\"@type\":\"WebPage\",\"@id\":\"https:\\\/\\\/valenciasjb.salesianos.edu\\\/colegio\\\/cristina-martinez-martinez-2o-a-de-bachillerato-ganadora-de-la-fase-local-de-la-olimpiada-de-quimica-de-la-universidad-de-valencia\\\/\",\"url\":\"https:\\\/\\\/valenciasjb.salesianos.edu\\\/colegio\\\/cristina-martinez-martinez-2o-a-de-bachillerato-ganadora-de-la-fase-local-de-la-olimpiada-de-quimica-de-la-universidad-de-valencia\\\/\",\"name\":\"Cristina Mart\u00ednez Mart\u00ednez, 2\u00ba A de Bachillerato, ganadora de la fase local de la Olimpiada de Qu\u00edmica de la Universidad de Valencia - Colegio San Juan Bosco Valencia\",\"isPartOf\":{\"@id\":\"https:\\\/\\\/valenciasjb.salesianos.edu\\\/colegio\\\/#website\"},\"primaryImageOfPage\":{\"@id\":\"https:\\\/\\\/valenciasjb.salesianos.edu\\\/colegio\\\/cristina-martinez-martinez-2o-a-de-bachillerato-ganadora-de-la-fase-local-de-la-olimpiada-de-quimica-de-la-universidad-de-valencia\\\/#primaryimage\"},\"image\":{\"@id\":\"https:\\\/\\\/valenciasjb.salesianos.edu\\\/colegio\\\/cristina-martinez-martinez-2o-a-de-bachillerato-ganadora-de-la-fase-local-de-la-olimpiada-de-quimica-de-la-universidad-de-valencia\\\/#primaryimage\"},\"thumbnailUrl\":\"https:\\\/\\\/valenciasjb.salesianos.edu\\\/colegio\\\/wp-content\\\/uploads\\\/sites\\\/2\\\/2019\\\/03\\\/IMG_20190314_110936_979.jpg\",\"datePublished\":\"2019-03-14T20:56:19+00:00\",\"author\":{\"@id\":\"https:\\\/\\\/valenciasjb.salesianos.edu\\\/colegio\\\/#\\\/schema\\\/person\\\/1f45b67e52b27da175190a574db6bed9\"},\"breadcrumb\":{\"@id\":\"https:\\\/\\\/valenciasjb.salesianos.edu\\\/colegio\\\/cristina-martinez-martinez-2o-a-de-bachillerato-ganadora-de-la-fase-local-de-la-olimpiada-de-quimica-de-la-universidad-de-valencia\\\/#breadcrumb\"},\"inLanguage\":\"es\",\"potentialAction\":[{\"@type\":\"ReadAction\",\"target\":[\"https:\\\/\\\/valenciasjb.salesianos.edu\\\/colegio\\\/cristina-martinez-martinez-2o-a-de-bachillerato-ganadora-de-la-fase-local-de-la-olimpiada-de-quimica-de-la-universidad-de-valencia\\\/\"]}]},{\"@type\":\"ImageObject\",\"inLanguage\":\"es\",\"@id\":\"https:\\\/\\\/valenciasjb.salesianos.edu\\\/colegio\\\/cristina-martinez-martinez-2o-a-de-bachillerato-ganadora-de-la-fase-local-de-la-olimpiada-de-quimica-de-la-universidad-de-valencia\\\/#primaryimage\",\"url\":\"https:\\\/\\\/valenciasjb.salesianos.edu\\\/colegio\\\/wp-content\\\/uploads\\\/sites\\\/2\\\/2019\\\/03\\\/IMG_20190314_110936_979.jpg\",\"contentUrl\":\"https:\\\/\\\/valenciasjb.salesianos.edu\\\/colegio\\\/wp-content\\\/uploads\\\/sites\\\/2\\\/2019\\\/03\\\/IMG_20190314_110936_979.jpg\",\"width\":4032,\"height\":3016},{\"@type\":\"BreadcrumbList\",\"@id\":\"https:\\\/\\\/valenciasjb.salesianos.edu\\\/colegio\\\/cristina-martinez-martinez-2o-a-de-bachillerato-ganadora-de-la-fase-local-de-la-olimpiada-de-quimica-de-la-universidad-de-valencia\\\/#breadcrumb\",\"itemListElement\":[{\"@type\":\"ListItem\",\"position\":1,\"name\":\"Portada\",\"item\":\"https:\\\/\\\/valenciasjb.salesianos.edu\\\/colegio\\\/\"},{\"@type\":\"ListItem\",\"position\":2,\"name\":\"Cristina Mart\u00ednez Mart\u00ednez, 2\u00ba A de Bachillerato, ganadora de la fase local de la Olimpiada de Qu\u00edmica de la Universidad de Valencia\"}]},{\"@type\":\"WebSite\",\"@id\":\"https:\\\/\\\/valenciasjb.salesianos.edu\\\/colegio\\\/#website\",\"url\":\"https:\\\/\\\/valenciasjb.salesianos.edu\\\/colegio\\\/\",\"name\":\"Colegio San Juan Bosco Valencia\",\"description\":\"P\u00e1gina oficial del Colegio Salesianos San Juan Bosco Valencia\",\"alternateName\":\"Salesianos.VSJB\",\"potentialAction\":[{\"@type\":\"SearchAction\",\"target\":{\"@type\":\"EntryPoint\",\"urlTemplate\":\"https:\\\/\\\/valenciasjb.salesianos.edu\\\/colegio\\\/?s={search_term_string}\"},\"query-input\":{\"@type\":\"PropertyValueSpecification\",\"valueRequired\":true,\"valueName\":\"search_term_string\"}}],\"inLanguage\":\"es\"},{\"@type\":\"Person\",\"@id\":\"https:\\\/\\\/valenciasjb.salesianos.edu\\\/colegio\\\/#\\\/schema\\\/person\\\/1f45b67e52b27da175190a574db6bed9\",\"name\":\"veronicapastor\",\"image\":{\"@type\":\"ImageObject\",\"inLanguage\":\"es\",\"@id\":\"https:\\\/\\\/secure.gravatar.com\\\/avatar\\\/e29bd40bace3fd935e1d6fdb7313ffc14628cc037c5e16f4c7369b20a2a6f7f0?s=96&d=mm&r=g\",\"url\":\"https:\\\/\\\/secure.gravatar.com\\\/avatar\\\/e29bd40bace3fd935e1d6fdb7313ffc14628cc037c5e16f4c7369b20a2a6f7f0?s=96&d=mm&r=g\",\"contentUrl\":\"https:\\\/\\\/secure.gravatar.com\\\/avatar\\\/e29bd40bace3fd935e1d6fdb7313ffc14628cc037c5e16f4c7369b20a2a6f7f0?s=96&d=mm&r=g\",\"caption\":\"veronicapastor\"}}]}<\/script>\n<!-- \/ Yoast SEO plugin. -->","yoast_head_json":{"title":"Cristina Mart\u00ednez Mart\u00ednez, 2\u00ba A de Bachillerato, ganadora de la fase local de la Olimpiada de Qu\u00edmica de la Universidad de Valencia - Colegio San Juan Bosco Valencia","robots":{"index":"index","follow":"follow","max-snippet":"max-snippet:-1","max-image-preview":"max-image-preview:large","max-video-preview":"max-video-preview:-1"},"canonical":"https:\/\/valenciasjb.salesianos.edu\/colegio\/cristina-martinez-martinez-2o-a-de-bachillerato-ganadora-de-la-fase-local-de-la-olimpiada-de-quimica-de-la-universidad-de-valencia\/","og_locale":"es_ES","og_type":"article","og_title":"Cristina Mart\u00ednez Mart\u00ednez, 2\u00ba A de Bachillerato, ganadora de la fase local de la Olimpiada de Qu\u00edmica de la Universidad de Valencia - Colegio San Juan Bosco Valencia","og_description":"La alumna Cristina Mart\u00ednez Mart\u00ednez, de 2\u00ba A de Bachillerato, ha sido la segunda clasificada por la UPV de la Olimpiada de Qu\u00edmica, en fase local, y pasar\u00e1 a la Fase Nacional de la Olimpiada Qu\u00edmica organizada por la Real Sociedad Espa\u00f1ola de Qu\u00edmica (RSEQ) y el Ministerio de Educaci\u00f3n.\u00a0 Redacci\u00f3n La Fase Local de [&hellip;]","og_url":"https:\/\/valenciasjb.salesianos.edu\/colegio\/cristina-martinez-martinez-2o-a-de-bachillerato-ganadora-de-la-fase-local-de-la-olimpiada-de-quimica-de-la-universidad-de-valencia\/","og_site_name":"Colegio San Juan Bosco Valencia","article_publisher":"https:\/\/www.facebook.com\/ColegioSalesianoSanJuanBoscoValencia","article_published_time":"2019-03-14T20:56:19+00:00","og_image":[{"width":4032,"height":3016,"url":"https:\/\/valenciasjb.salesianos.edu\/colegio\/wp-content\/uploads\/sites\/2\/2019\/03\/IMG_20190314_110936_979.jpg","type":"image\/jpeg"}],"author":"veronicapastor","twitter_card":"summary_large_image","twitter_creator":"@SalesianosVSJB","twitter_site":"@SalesianosVSJB","twitter_misc":{"Escrito por":"veronicapastor","Tiempo de lectura":"2 minutos"},"schema":{"@context":"https:\/\/schema.org","@graph":[{"@type":"Article","@id":"https:\/\/valenciasjb.salesianos.edu\/colegio\/cristina-martinez-martinez-2o-a-de-bachillerato-ganadora-de-la-fase-local-de-la-olimpiada-de-quimica-de-la-universidad-de-valencia\/#article","isPartOf":{"@id":"https:\/\/valenciasjb.salesianos.edu\/colegio\/cristina-martinez-martinez-2o-a-de-bachillerato-ganadora-de-la-fase-local-de-la-olimpiada-de-quimica-de-la-universidad-de-valencia\/"},"author":{"name":"veronicapastor","@id":"https:\/\/valenciasjb.salesianos.edu\/colegio\/#\/schema\/person\/1f45b67e52b27da175190a574db6bed9"},"headline":"Cristina Mart\u00ednez Mart\u00ednez, 2\u00ba A de Bachillerato, ganadora de la fase local de la Olimpiada de Qu\u00edmica de la Universidad de Valencia","datePublished":"2019-03-14T20:56:19+00:00","mainEntityOfPage":{"@id":"https:\/\/valenciasjb.salesianos.edu\/colegio\/cristina-martinez-martinez-2o-a-de-bachillerato-ganadora-de-la-fase-local-de-la-olimpiada-de-quimica-de-la-universidad-de-valencia\/"},"wordCount":522,"image":{"@id":"https:\/\/valenciasjb.salesianos.edu\/colegio\/cristina-martinez-martinez-2o-a-de-bachillerato-ganadora-de-la-fase-local-de-la-olimpiada-de-quimica-de-la-universidad-de-valencia\/#primaryimage"},"thumbnailUrl":"https:\/\/valenciasjb.salesianos.edu\/colegio\/wp-content\/uploads\/sites\/2\/2019\/03\/IMG_20190314_110936_979.jpg","articleSection":["Noticia Colegio"],"inLanguage":"es"},{"@type":"WebPage","@id":"https:\/\/valenciasjb.salesianos.edu\/colegio\/cristina-martinez-martinez-2o-a-de-bachillerato-ganadora-de-la-fase-local-de-la-olimpiada-de-quimica-de-la-universidad-de-valencia\/","url":"https:\/\/valenciasjb.salesianos.edu\/colegio\/cristina-martinez-martinez-2o-a-de-bachillerato-ganadora-de-la-fase-local-de-la-olimpiada-de-quimica-de-la-universidad-de-valencia\/","name":"Cristina Mart\u00ednez Mart\u00ednez, 2\u00ba A de Bachillerato, ganadora de la fase local de la Olimpiada de Qu\u00edmica de la Universidad de Valencia - Colegio San Juan Bosco Valencia","isPartOf":{"@id":"https:\/\/valenciasjb.salesianos.edu\/colegio\/#website"},"primaryImageOfPage":{"@id":"https:\/\/valenciasjb.salesianos.edu\/colegio\/cristina-martinez-martinez-2o-a-de-bachillerato-ganadora-de-la-fase-local-de-la-olimpiada-de-quimica-de-la-universidad-de-valencia\/#primaryimage"},"image":{"@id":"https:\/\/valenciasjb.salesianos.edu\/colegio\/cristina-martinez-martinez-2o-a-de-bachillerato-ganadora-de-la-fase-local-de-la-olimpiada-de-quimica-de-la-universidad-de-valencia\/#primaryimage"},"thumbnailUrl":"https:\/\/valenciasjb.salesianos.edu\/colegio\/wp-content\/uploads\/sites\/2\/2019\/03\/IMG_20190314_110936_979.jpg","datePublished":"2019-03-14T20:56:19+00:00","author":{"@id":"https:\/\/valenciasjb.salesianos.edu\/colegio\/#\/schema\/person\/1f45b67e52b27da175190a574db6bed9"},"breadcrumb":{"@id":"https:\/\/valenciasjb.salesianos.edu\/colegio\/cristina-martinez-martinez-2o-a-de-bachillerato-ganadora-de-la-fase-local-de-la-olimpiada-de-quimica-de-la-universidad-de-valencia\/#breadcrumb"},"inLanguage":"es","potentialAction":[{"@type":"ReadAction","target":["https:\/\/valenciasjb.salesianos.edu\/colegio\/cristina-martinez-martinez-2o-a-de-bachillerato-ganadora-de-la-fase-local-de-la-olimpiada-de-quimica-de-la-universidad-de-valencia\/"]}]},{"@type":"ImageObject","inLanguage":"es","@id":"https:\/\/valenciasjb.salesianos.edu\/colegio\/cristina-martinez-martinez-2o-a-de-bachillerato-ganadora-de-la-fase-local-de-la-olimpiada-de-quimica-de-la-universidad-de-valencia\/#primaryimage","url":"https:\/\/valenciasjb.salesianos.edu\/colegio\/wp-content\/uploads\/sites\/2\/2019\/03\/IMG_20190314_110936_979.jpg","contentUrl":"https:\/\/valenciasjb.salesianos.edu\/colegio\/wp-content\/uploads\/sites\/2\/2019\/03\/IMG_20190314_110936_979.jpg","width":4032,"height":3016},{"@type":"BreadcrumbList","@id":"https:\/\/valenciasjb.salesianos.edu\/colegio\/cristina-martinez-martinez-2o-a-de-bachillerato-ganadora-de-la-fase-local-de-la-olimpiada-de-quimica-de-la-universidad-de-valencia\/#breadcrumb","itemListElement":[{"@type":"ListItem","position":1,"name":"Portada","item":"https:\/\/valenciasjb.salesianos.edu\/colegio\/"},{"@type":"ListItem","position":2,"name":"Cristina Mart\u00ednez Mart\u00ednez, 2\u00ba A de Bachillerato, ganadora de la fase local de la Olimpiada de Qu\u00edmica de la Universidad de Valencia"}]},{"@type":"WebSite","@id":"https:\/\/valenciasjb.salesianos.edu\/colegio\/#website","url":"https:\/\/valenciasjb.salesianos.edu\/colegio\/","name":"Colegio San Juan Bosco Valencia","description":"P\u00e1gina oficial del Colegio Salesianos San Juan Bosco Valencia","alternateName":"Salesianos.VSJB","potentialAction":[{"@type":"SearchAction","target":{"@type":"EntryPoint","urlTemplate":"https:\/\/valenciasjb.salesianos.edu\/colegio\/?s={search_term_string}"},"query-input":{"@type":"PropertyValueSpecification","valueRequired":true,"valueName":"search_term_string"}}],"inLanguage":"es"},{"@type":"Person","@id":"https:\/\/valenciasjb.salesianos.edu\/colegio\/#\/schema\/person\/1f45b67e52b27da175190a574db6bed9","name":"veronicapastor","image":{"@type":"ImageObject","inLanguage":"es","@id":"https:\/\/secure.gravatar.com\/avatar\/e29bd40bace3fd935e1d6fdb7313ffc14628cc037c5e16f4c7369b20a2a6f7f0?s=96&d=mm&r=g","url":"https:\/\/secure.gravatar.com\/avatar\/e29bd40bace3fd935e1d6fdb7313ffc14628cc037c5e16f4c7369b20a2a6f7f0?s=96&d=mm&r=g","contentUrl":"https:\/\/secure.gravatar.com\/avatar\/e29bd40bace3fd935e1d6fdb7313ffc14628cc037c5e16f4c7369b20a2a6f7f0?s=96&d=mm&r=g","caption":"veronicapastor"}}]}},"_links":{"self":[{"href":"https:\/\/valenciasjb.salesianos.edu\/colegio\/wp-json\/wp\/v2\/posts\/10442","targetHints":{"allow":["GET"]}}],"collection":[{"href":"https:\/\/valenciasjb.salesianos.edu\/colegio\/wp-json\/wp\/v2\/posts"}],"about":[{"href":"https:\/\/valenciasjb.salesianos.edu\/colegio\/wp-json\/wp\/v2\/types\/post"}],"author":[{"embeddable":true,"href":"https:\/\/valenciasjb.salesianos.edu\/colegio\/wp-json\/wp\/v2\/users\/6"}],"replies":[{"embeddable":true,"href":"https:\/\/valenciasjb.salesianos.edu\/colegio\/wp-json\/wp\/v2\/comments?post=10442"}],"version-history":[{"count":1,"href":"https:\/\/valenciasjb.salesianos.edu\/colegio\/wp-json\/wp\/v2\/posts\/10442\/revisions"}],"predecessor-version":[{"id":10444,"href":"https:\/\/valenciasjb.salesianos.edu\/colegio\/wp-json\/wp\/v2\/posts\/10442\/revisions\/10444"}],"wp:featuredmedia":[{"embeddable":true,"href":"https:\/\/valenciasjb.salesianos.edu\/colegio\/wp-json\/wp\/v2\/media\/10443"}],"wp:attachment":[{"href":"https:\/\/valenciasjb.salesianos.edu\/colegio\/wp-json\/wp\/v2\/media?parent=10442"}],"wp:term":[{"taxonomy":"category","embeddable":true,"href":"https:\/\/valenciasjb.salesianos.edu\/colegio\/wp-json\/wp\/v2\/categories?post=10442"},{"taxonomy":"post_tag","embeddable":true,"href":"https:\/\/valenciasjb.salesianos.edu\/colegio\/wp-json\/wp\/v2\/tags?post=10442"}],"curies":[{"name":"wp","href":"https:\/\/api.w.org\/{rel}","templated":true}]}}