{"id":10445,"date":"2019-03-21T20:31:30","date_gmt":"2019-03-21T19:31:30","guid":{"rendered":"https:\/\/valenciasjb.salesianos.edu\/colegio\/?p=10445"},"modified":"2019-03-21T20:31:30","modified_gmt":"2019-03-21T19:31:30","slug":"famosos-monologuistas-de-valencia-comedy-ofreceran-un-espectaculo-de-humor-en-el-colegio-salesiano-san-juan-bosco-de-valencia-junto-con-alumnado-del-centro-de-la-asignatura-de-artes-escenicas-2","status":"publish","type":"post","link":"https:\/\/valenciasjb.salesianos.edu\/colegio\/famosos-monologuistas-de-valencia-comedy-ofreceran-un-espectaculo-de-humor-en-el-colegio-salesiano-san-juan-bosco-de-valencia-junto-con-alumnado-del-centro-de-la-asignatura-de-artes-escenicas-2\/","title":{"rendered":"Famosos monologuistas de Valencia Comedy ofrecer\u00e1n un espect\u00e1culo de humor en el Colegio Salesiano San Juan Bosco de Valencia junto con alumnado del centro de la asignatura de Artes Esc\u00e9nicas"},"content":{"rendered":"<div id=\"fb-root\"><\/div>\n<p>[et_pb_section bb_built=\u00bb1&#8243; admin_label=\u00bbsection\u00bb][et_pb_row admin_label=\u00bbrow\u00bb background_position=\u00bbtop_left\u00bb background_repeat=\u00bbrepeat\u00bb background_size=\u00bbinitial\u00bb][et_pb_column type=\u00bb4_4&#8243;][et_pb_text admin_label=\u00bbEntradilla (Texto)\u00bb _builder_version=\u00bb3.19.18&#8243; text_orientation=\u00bbjustified\u00bb text_font=\u00bb|on|||\u00bb module_alignment=\u00bbleft\u00bb]<\/p>\n<div id=\"resumen\">\n<p>Los monologuistas profesionales Rafa Alarc\u00f3n, Jes\u00fas Manzano y Patricia Espejo actuar\u00e1n el domingo, 31 de marzo, a las 19 horas, en el teatro del Colegio Salesiano San Juan Bosco de Valencia, en un espect\u00e1culo de humor en el que las risas est\u00e1n aseguradas. Estos tres monologuistas forman parte de prestigiosos espacios televisivos de humor como \u201cEl Club de la Comedia\u201d, \u201cParamount Comedy\u201d o \u201cComediants\u201d. Todos ellos han trabajado tanto en radio como en televisi\u00f3n y cuentan con cientos de actuaciones a sus espaldas.<\/p>\n<\/div>\n<div>\u00a0<\/div>\n<p>[\/et_pb_text][et_pb_text admin_label=\u00bbAutor (Texto)\u00bb _builder_version=\u00bb3.19.18&#8243; text_font=\u00bb||on||\u00bb]<\/p>\n<p>Redacci\u00f3n.<\/p>\n<p>[\/et_pb_text][et_pb_text admin_label=\u00bbDesarrollo (Texto)\u00bb _builder_version=\u00bb3.19.18&#8243; text_orientation=\u00bbjustified\u00bb module_alignment=\u00bbleft\u00bb]<\/p>\n<p>Junto a ellos, actuar\u00e1n alumnos y alumnas de 4\u00ba de ESO de la asignatura de Artes Esc\u00e9nicas, impartida por el profesor Iv\u00e1n Esteban. La Asociaci\u00f3n de madres y padres de alumnos del Colegio Salesiano San Juan Bosco de Valencia y Comedy Plan organizan este evento, llamado <em>II CERTAMEN DE MON\u00d3LOGOS<\/em>.<\/p>\n<p>Las entradas, abiertas al p\u00fablico, se podr\u00e1n reservar anticipadamente mediante correo electr\u00f3nico a comunicacion@comedyplan.com hasta el d\u00eda 29 de marzo o adquirirse en el colegio los d\u00edas 27, 28 y 29 de marzo, en la Sala 80, entrada por el patio del colegio, desde las 17:15 hasta las 19:00 h (Av. de la plata 10).<\/p>\n<p>La aportaci\u00f3n solidaria es de 8\u20ac, y lo recaudado ir\u00e1 \u00edntegramente destinado a fines ben\u00e9ficos.<\/p>\n<p>[\/et_pb_text][et_pb_text admin_label=\u00bbT\u00edtulo: Galer\u00eda de fotos (Texto)\u00bb _builder_version=\u00bb3.0.76&#8243; background_layout=\u00bblight\u00bb text_font=\u00bb|on|||\u00bb text_text_color=\u00bb#dc001b\u00bb border_style=\u00bbsolid\u00bb disabled=\u00bboff\u00bb disabled_on=\u00bboff|on|on\u00bb]<\/p>\n<p>Galer\u00eda de im\u00e1genes<\/p>\n<p>[\/et_pb_text][et_pb_gallery _builder_version=\u00bb3.19.18&#8243; posts_number=\u00bb8&#8243; show_title_and_caption=\u00bboff\u00bb zoom_icon_color=\u00bb#dc001b\u00bb hover_overlay_color=\u00bbrgba(255,255,255,0.9)\u00bb hover_icon=\u00bb%%51%%\u00bb disabled=\u00bboff\u00bb disabled_on=\u00bboff|off|off\u00bb gallery_ids=\u00bb10446&#8243; pagination_font_size_tablet=\u00bb51&#8243; pagination_line_height_tablet=\u00bb2&#8243; \/][et_pb_video _builder_version=\u00bb3.0.51&#8243; disabled=\u00bbon\u00bb disabled_on=\u00bbon|on|on\u00bb \/][\/et_pb_column][\/et_pb_row][\/et_pb_section]<\/p>\n<!-- AddThis Advanced Settings generic via filter on the_content --><!-- AddThis Share Buttons generic via filter on the_content -->","protected":false},"excerpt":{"rendered":"<p>Los monologuistas profesionales Rafa Alarc\u00f3n, Jes\u00fas Manzano y Patricia Espejo actuar\u00e1n el domingo, 31 de marzo, a las 19 horas, en el teatro del Colegio Salesiano San Juan Bosco de Valencia, en un espect\u00e1culo de humor en el que las risas est\u00e1n aseguradas. Estos tres monologuistas forman parte de prestigiosos espacios televisivos de humor como [&hellip;]<\/p>\n<p><!-- AddThis Advanced Settings generic via filter on get_the_excerpt --><!-- AddThis Share Buttons generic via filter on get_the_excerpt --><\/p>\n","protected":false},"author":6,"featured_media":10446,"comment_status":"closed","ping_status":"open","sticky":false,"template":"","format":"standard","meta":{"_et_pb_use_builder":"on","_et_pb_old_content":"","_et_gb_content_width":"","footnotes":""},"categories":[14],"tags":[],"class_list":["post-10445","post","type-post","status-publish","format-standard","has-post-thumbnail","hentry","category-noticia_colegio"],"yoast_head":"<!-- This site is optimized with the Yoast SEO plugin v28.4 - https:\/\/yoast.com\/product\/yoast-seo-wordpress\/ -->\n<title>Famosos monologuistas de Valencia Comedy ofrecer\u00e1n un espect\u00e1culo de humor en el Colegio Salesiano San Juan Bosco de Valencia junto con alumnado del centro de la asignatura de Artes Esc\u00e9nicas - Colegio San Juan Bosco Valencia<\/title>\n<meta name=\"robots\" content=\"index, follow, max-snippet:-1, max-image-preview:large, max-video-preview:-1\" \/>\n<link rel=\"canonical\" href=\"https:\/\/valenciasjb.salesianos.edu\/colegio\/famosos-monologuistas-de-valencia-comedy-ofreceran-un-espectaculo-de-humor-en-el-colegio-salesiano-san-juan-bosco-de-valencia-junto-con-alumnado-del-centro-de-la-asignatura-de-artes-escenicas-2\/\" \/>\n<meta property=\"og:locale\" content=\"es_ES\" \/>\n<meta property=\"og:type\" content=\"article\" \/>\n<meta property=\"og:title\" content=\"Famosos monologuistas de Valencia Comedy ofrecer\u00e1n un espect\u00e1culo de humor en el Colegio Salesiano San Juan Bosco de Valencia junto con alumnado del centro de la asignatura de Artes Esc\u00e9nicas - Colegio San Juan Bosco Valencia\" \/>\n<meta property=\"og:description\" content=\"Los monologuistas profesionales Rafa Alarc\u00f3n, Jes\u00fas Manzano y Patricia Espejo actuar\u00e1n el domingo, 31 de marzo, a las 19 horas, en el teatro del Colegio Salesiano San Juan Bosco de Valencia, en un espect\u00e1culo de humor en el que las risas est\u00e1n aseguradas. Estos tres monologuistas forman parte de prestigiosos espacios televisivos de humor como [&hellip;]\" \/>\n<meta property=\"og:url\" content=\"https:\/\/valenciasjb.salesianos.edu\/colegio\/famosos-monologuistas-de-valencia-comedy-ofreceran-un-espectaculo-de-humor-en-el-colegio-salesiano-san-juan-bosco-de-valencia-junto-con-alumnado-del-centro-de-la-asignatura-de-artes-escenicas-2\/\" \/>\n<meta property=\"og:site_name\" content=\"Colegio San Juan Bosco Valencia\" \/>\n<meta property=\"article:publisher\" content=\"https:\/\/www.facebook.com\/ColegioSalesianoSanJuanBoscoValencia\" \/>\n<meta property=\"article:published_time\" content=\"2019-03-21T19:31:30+00:00\" \/>\n<meta property=\"og:image\" content=\"https:\/\/valenciasjb.salesianos.edu\/colegio\/wp-content\/uploads\/sites\/2\/2019\/03\/Comedy.jpg\" \/>\n\t<meta property=\"og:image:width\" content=\"1024\" \/>\n\t<meta property=\"og:image:height\" content=\"615\" \/>\n\t<meta property=\"og:image:type\" content=\"image\/jpeg\" \/>\n<meta name=\"author\" content=\"veronicapastor\" \/>\n<meta name=\"twitter:card\" content=\"summary_large_image\" \/>\n<meta name=\"twitter:creator\" content=\"@SalesianosVSJB\" \/>\n<meta name=\"twitter:site\" content=\"@SalesianosVSJB\" \/>\n<meta name=\"twitter:label1\" content=\"Escrito por\" \/>\n\t<meta name=\"twitter:data1\" content=\"veronicapastor\" \/>\n\t<meta name=\"twitter:label2\" content=\"Tiempo de lectura\" \/>\n\t<meta name=\"twitter:data2\" content=\"2 minutos\" \/>\n<script type=\"application\/ld+json\" class=\"yoast-schema-graph\">{\"@context\":\"https:\\\/\\\/schema.org\",\"@graph\":[{\"@type\":\"Article\",\"@id\":\"https:\\\/\\\/valenciasjb.salesianos.edu\\\/colegio\\\/famosos-monologuistas-de-valencia-comedy-ofreceran-un-espectaculo-de-humor-en-el-colegio-salesiano-san-juan-bosco-de-valencia-junto-con-alumnado-del-centro-de-la-asignatura-de-artes-escenicas-2\\\/#article\",\"isPartOf\":{\"@id\":\"https:\\\/\\\/valenciasjb.salesianos.edu\\\/colegio\\\/famosos-monologuistas-de-valencia-comedy-ofreceran-un-espectaculo-de-humor-en-el-colegio-salesiano-san-juan-bosco-de-valencia-junto-con-alumnado-del-centro-de-la-asignatura-de-artes-escenicas-2\\\/\"},\"author\":{\"name\":\"veronicapastor\",\"@id\":\"https:\\\/\\\/valenciasjb.salesianos.edu\\\/colegio\\\/#\\\/schema\\\/person\\\/1f45b67e52b27da175190a574db6bed9\"},\"headline\":\"Famosos monologuistas de Valencia Comedy ofrecer\u00e1n un espect\u00e1culo de humor en el Colegio Salesiano San Juan Bosco de Valencia junto con alumnado del centro de la asignatura de Artes Esc\u00e9nicas\",\"datePublished\":\"2019-03-21T19:31:30+00:00\",\"mainEntityOfPage\":{\"@id\":\"https:\\\/\\\/valenciasjb.salesianos.edu\\\/colegio\\\/famosos-monologuistas-de-valencia-comedy-ofreceran-un-espectaculo-de-humor-en-el-colegio-salesiano-san-juan-bosco-de-valencia-junto-con-alumnado-del-centro-de-la-asignatura-de-artes-escenicas-2\\\/\"},\"wordCount\":432,\"image\":{\"@id\":\"https:\\\/\\\/valenciasjb.salesianos.edu\\\/colegio\\\/famosos-monologuistas-de-valencia-comedy-ofreceran-un-espectaculo-de-humor-en-el-colegio-salesiano-san-juan-bosco-de-valencia-junto-con-alumnado-del-centro-de-la-asignatura-de-artes-escenicas-2\\\/#primaryimage\"},\"thumbnailUrl\":\"https:\\\/\\\/valenciasjb.salesianos.edu\\\/colegio\\\/wp-content\\\/uploads\\\/sites\\\/2\\\/2019\\\/03\\\/Comedy.jpg\",\"articleSection\":[\"Noticia Colegio\"],\"inLanguage\":\"es\"},{\"@type\":\"WebPage\",\"@id\":\"https:\\\/\\\/valenciasjb.salesianos.edu\\\/colegio\\\/famosos-monologuistas-de-valencia-comedy-ofreceran-un-espectaculo-de-humor-en-el-colegio-salesiano-san-juan-bosco-de-valencia-junto-con-alumnado-del-centro-de-la-asignatura-de-artes-escenicas-2\\\/\",\"url\":\"https:\\\/\\\/valenciasjb.salesianos.edu\\\/colegio\\\/famosos-monologuistas-de-valencia-comedy-ofreceran-un-espectaculo-de-humor-en-el-colegio-salesiano-san-juan-bosco-de-valencia-junto-con-alumnado-del-centro-de-la-asignatura-de-artes-escenicas-2\\\/\",\"name\":\"Famosos monologuistas de Valencia Comedy ofrecer\u00e1n un espect\u00e1culo de humor en el Colegio Salesiano San Juan Bosco de Valencia junto con alumnado del centro de la asignatura de Artes Esc\u00e9nicas - Colegio San Juan Bosco Valencia\",\"isPartOf\":{\"@id\":\"https:\\\/\\\/valenciasjb.salesianos.edu\\\/colegio\\\/#website\"},\"primaryImageOfPage\":{\"@id\":\"https:\\\/\\\/valenciasjb.salesianos.edu\\\/colegio\\\/famosos-monologuistas-de-valencia-comedy-ofreceran-un-espectaculo-de-humor-en-el-colegio-salesiano-san-juan-bosco-de-valencia-junto-con-alumnado-del-centro-de-la-asignatura-de-artes-escenicas-2\\\/#primaryimage\"},\"image\":{\"@id\":\"https:\\\/\\\/valenciasjb.salesianos.edu\\\/colegio\\\/famosos-monologuistas-de-valencia-comedy-ofreceran-un-espectaculo-de-humor-en-el-colegio-salesiano-san-juan-bosco-de-valencia-junto-con-alumnado-del-centro-de-la-asignatura-de-artes-escenicas-2\\\/#primaryimage\"},\"thumbnailUrl\":\"https:\\\/\\\/valenciasjb.salesianos.edu\\\/colegio\\\/wp-content\\\/uploads\\\/sites\\\/2\\\/2019\\\/03\\\/Comedy.jpg\",\"datePublished\":\"2019-03-21T19:31:30+00:00\",\"author\":{\"@id\":\"https:\\\/\\\/valenciasjb.salesianos.edu\\\/colegio\\\/#\\\/schema\\\/person\\\/1f45b67e52b27da175190a574db6bed9\"},\"breadcrumb\":{\"@id\":\"https:\\\/\\\/valenciasjb.salesianos.edu\\\/colegio\\\/famosos-monologuistas-de-valencia-comedy-ofreceran-un-espectaculo-de-humor-en-el-colegio-salesiano-san-juan-bosco-de-valencia-junto-con-alumnado-del-centro-de-la-asignatura-de-artes-escenicas-2\\\/#breadcrumb\"},\"inLanguage\":\"es\",\"potentialAction\":[{\"@type\":\"ReadAction\",\"target\":[\"https:\\\/\\\/valenciasjb.salesianos.edu\\\/colegio\\\/famosos-monologuistas-de-valencia-comedy-ofreceran-un-espectaculo-de-humor-en-el-colegio-salesiano-san-juan-bosco-de-valencia-junto-con-alumnado-del-centro-de-la-asignatura-de-artes-escenicas-2\\\/\"]}]},{\"@type\":\"ImageObject\",\"inLanguage\":\"es\",\"@id\":\"https:\\\/\\\/valenciasjb.salesianos.edu\\\/colegio\\\/famosos-monologuistas-de-valencia-comedy-ofreceran-un-espectaculo-de-humor-en-el-colegio-salesiano-san-juan-bosco-de-valencia-junto-con-alumnado-del-centro-de-la-asignatura-de-artes-escenicas-2\\\/#primaryimage\",\"url\":\"https:\\\/\\\/valenciasjb.salesianos.edu\\\/colegio\\\/wp-content\\\/uploads\\\/sites\\\/2\\\/2019\\\/03\\\/Comedy.jpg\",\"contentUrl\":\"https:\\\/\\\/valenciasjb.salesianos.edu\\\/colegio\\\/wp-content\\\/uploads\\\/sites\\\/2\\\/2019\\\/03\\\/Comedy.jpg\",\"width\":1024,\"height\":615},{\"@type\":\"BreadcrumbList\",\"@id\":\"https:\\\/\\\/valenciasjb.salesianos.edu\\\/colegio\\\/famosos-monologuistas-de-valencia-comedy-ofreceran-un-espectaculo-de-humor-en-el-colegio-salesiano-san-juan-bosco-de-valencia-junto-con-alumnado-del-centro-de-la-asignatura-de-artes-escenicas-2\\\/#breadcrumb\",\"itemListElement\":[{\"@type\":\"ListItem\",\"position\":1,\"name\":\"Portada\",\"item\":\"https:\\\/\\\/valenciasjb.salesianos.edu\\\/colegio\\\/\"},{\"@type\":\"ListItem\",\"position\":2,\"name\":\"Famosos monologuistas de Valencia Comedy ofrecer\u00e1n un espect\u00e1culo de humor en el Colegio Salesiano San Juan Bosco de Valencia junto con alumnado del centro de la asignatura de Artes Esc\u00e9nicas\"}]},{\"@type\":\"WebSite\",\"@id\":\"https:\\\/\\\/valenciasjb.salesianos.edu\\\/colegio\\\/#website\",\"url\":\"https:\\\/\\\/valenciasjb.salesianos.edu\\\/colegio\\\/\",\"name\":\"Colegio San Juan Bosco Valencia\",\"description\":\"P\u00e1gina oficial del Colegio Salesianos San Juan Bosco Valencia\",\"alternateName\":\"Salesianos.VSJB\",\"potentialAction\":[{\"@type\":\"SearchAction\",\"target\":{\"@type\":\"EntryPoint\",\"urlTemplate\":\"https:\\\/\\\/valenciasjb.salesianos.edu\\\/colegio\\\/?s={search_term_string}\"},\"query-input\":{\"@type\":\"PropertyValueSpecification\",\"valueRequired\":true,\"valueName\":\"search_term_string\"}}],\"inLanguage\":\"es\"},{\"@type\":\"Person\",\"@id\":\"https:\\\/\\\/valenciasjb.salesianos.edu\\\/colegio\\\/#\\\/schema\\\/person\\\/1f45b67e52b27da175190a574db6bed9\",\"name\":\"veronicapastor\",\"image\":{\"@type\":\"ImageObject\",\"inLanguage\":\"es\",\"@id\":\"https:\\\/\\\/secure.gravatar.com\\\/avatar\\\/e29bd40bace3fd935e1d6fdb7313ffc14628cc037c5e16f4c7369b20a2a6f7f0?s=96&d=mm&r=g\",\"url\":\"https:\\\/\\\/secure.gravatar.com\\\/avatar\\\/e29bd40bace3fd935e1d6fdb7313ffc14628cc037c5e16f4c7369b20a2a6f7f0?s=96&d=mm&r=g\",\"contentUrl\":\"https:\\\/\\\/secure.gravatar.com\\\/avatar\\\/e29bd40bace3fd935e1d6fdb7313ffc14628cc037c5e16f4c7369b20a2a6f7f0?s=96&d=mm&r=g\",\"caption\":\"veronicapastor\"}}]}<\/script>\n<!-- \/ Yoast SEO plugin. -->","yoast_head_json":{"title":"Famosos monologuistas de Valencia Comedy ofrecer\u00e1n un espect\u00e1culo de humor en el Colegio Salesiano San Juan Bosco de Valencia junto con alumnado del centro de la asignatura de Artes Esc\u00e9nicas - Colegio San Juan Bosco Valencia","robots":{"index":"index","follow":"follow","max-snippet":"max-snippet:-1","max-image-preview":"max-image-preview:large","max-video-preview":"max-video-preview:-1"},"canonical":"https:\/\/valenciasjb.salesianos.edu\/colegio\/famosos-monologuistas-de-valencia-comedy-ofreceran-un-espectaculo-de-humor-en-el-colegio-salesiano-san-juan-bosco-de-valencia-junto-con-alumnado-del-centro-de-la-asignatura-de-artes-escenicas-2\/","og_locale":"es_ES","og_type":"article","og_title":"Famosos monologuistas de Valencia Comedy ofrecer\u00e1n un espect\u00e1culo de humor en el Colegio Salesiano San Juan Bosco de Valencia junto con alumnado del centro de la asignatura de Artes Esc\u00e9nicas - Colegio San Juan Bosco Valencia","og_description":"Los monologuistas profesionales Rafa Alarc\u00f3n, Jes\u00fas Manzano y Patricia Espejo actuar\u00e1n el domingo, 31 de marzo, a las 19 horas, en el teatro del Colegio Salesiano San Juan Bosco de Valencia, en un espect\u00e1culo de humor en el que las risas est\u00e1n aseguradas. Estos tres monologuistas forman parte de prestigiosos espacios televisivos de humor como [&hellip;]","og_url":"https:\/\/valenciasjb.salesianos.edu\/colegio\/famosos-monologuistas-de-valencia-comedy-ofreceran-un-espectaculo-de-humor-en-el-colegio-salesiano-san-juan-bosco-de-valencia-junto-con-alumnado-del-centro-de-la-asignatura-de-artes-escenicas-2\/","og_site_name":"Colegio San Juan Bosco Valencia","article_publisher":"https:\/\/www.facebook.com\/ColegioSalesianoSanJuanBoscoValencia","article_published_time":"2019-03-21T19:31:30+00:00","og_image":[{"width":1024,"height":615,"url":"https:\/\/valenciasjb.salesianos.edu\/colegio\/wp-content\/uploads\/sites\/2\/2019\/03\/Comedy.jpg","type":"image\/jpeg"}],"author":"veronicapastor","twitter_card":"summary_large_image","twitter_creator":"@SalesianosVSJB","twitter_site":"@SalesianosVSJB","twitter_misc":{"Escrito por":"veronicapastor","Tiempo de lectura":"2 minutos"},"schema":{"@context":"https:\/\/schema.org","@graph":[{"@type":"Article","@id":"https:\/\/valenciasjb.salesianos.edu\/colegio\/famosos-monologuistas-de-valencia-comedy-ofreceran-un-espectaculo-de-humor-en-el-colegio-salesiano-san-juan-bosco-de-valencia-junto-con-alumnado-del-centro-de-la-asignatura-de-artes-escenicas-2\/#article","isPartOf":{"@id":"https:\/\/valenciasjb.salesianos.edu\/colegio\/famosos-monologuistas-de-valencia-comedy-ofreceran-un-espectaculo-de-humor-en-el-colegio-salesiano-san-juan-bosco-de-valencia-junto-con-alumnado-del-centro-de-la-asignatura-de-artes-escenicas-2\/"},"author":{"name":"veronicapastor","@id":"https:\/\/valenciasjb.salesianos.edu\/colegio\/#\/schema\/person\/1f45b67e52b27da175190a574db6bed9"},"headline":"Famosos monologuistas de Valencia Comedy ofrecer\u00e1n un espect\u00e1culo de humor en el Colegio Salesiano San Juan Bosco de Valencia junto con alumnado del centro de la asignatura de Artes Esc\u00e9nicas","datePublished":"2019-03-21T19:31:30+00:00","mainEntityOfPage":{"@id":"https:\/\/valenciasjb.salesianos.edu\/colegio\/famosos-monologuistas-de-valencia-comedy-ofreceran-un-espectaculo-de-humor-en-el-colegio-salesiano-san-juan-bosco-de-valencia-junto-con-alumnado-del-centro-de-la-asignatura-de-artes-escenicas-2\/"},"wordCount":432,"image":{"@id":"https:\/\/valenciasjb.salesianos.edu\/colegio\/famosos-monologuistas-de-valencia-comedy-ofreceran-un-espectaculo-de-humor-en-el-colegio-salesiano-san-juan-bosco-de-valencia-junto-con-alumnado-del-centro-de-la-asignatura-de-artes-escenicas-2\/#primaryimage"},"thumbnailUrl":"https:\/\/valenciasjb.salesianos.edu\/colegio\/wp-content\/uploads\/sites\/2\/2019\/03\/Comedy.jpg","articleSection":["Noticia Colegio"],"inLanguage":"es"},{"@type":"WebPage","@id":"https:\/\/valenciasjb.salesianos.edu\/colegio\/famosos-monologuistas-de-valencia-comedy-ofreceran-un-espectaculo-de-humor-en-el-colegio-salesiano-san-juan-bosco-de-valencia-junto-con-alumnado-del-centro-de-la-asignatura-de-artes-escenicas-2\/","url":"https:\/\/valenciasjb.salesianos.edu\/colegio\/famosos-monologuistas-de-valencia-comedy-ofreceran-un-espectaculo-de-humor-en-el-colegio-salesiano-san-juan-bosco-de-valencia-junto-con-alumnado-del-centro-de-la-asignatura-de-artes-escenicas-2\/","name":"Famosos monologuistas de Valencia Comedy ofrecer\u00e1n un espect\u00e1culo de humor en el Colegio Salesiano San Juan Bosco de Valencia junto con alumnado del centro de la asignatura de Artes Esc\u00e9nicas - Colegio San Juan Bosco Valencia","isPartOf":{"@id":"https:\/\/valenciasjb.salesianos.edu\/colegio\/#website"},"primaryImageOfPage":{"@id":"https:\/\/valenciasjb.salesianos.edu\/colegio\/famosos-monologuistas-de-valencia-comedy-ofreceran-un-espectaculo-de-humor-en-el-colegio-salesiano-san-juan-bosco-de-valencia-junto-con-alumnado-del-centro-de-la-asignatura-de-artes-escenicas-2\/#primaryimage"},"image":{"@id":"https:\/\/valenciasjb.salesianos.edu\/colegio\/famosos-monologuistas-de-valencia-comedy-ofreceran-un-espectaculo-de-humor-en-el-colegio-salesiano-san-juan-bosco-de-valencia-junto-con-alumnado-del-centro-de-la-asignatura-de-artes-escenicas-2\/#primaryimage"},"thumbnailUrl":"https:\/\/valenciasjb.salesianos.edu\/colegio\/wp-content\/uploads\/sites\/2\/2019\/03\/Comedy.jpg","datePublished":"2019-03-21T19:31:30+00:00","author":{"@id":"https:\/\/valenciasjb.salesianos.edu\/colegio\/#\/schema\/person\/1f45b67e52b27da175190a574db6bed9"},"breadcrumb":{"@id":"https:\/\/valenciasjb.salesianos.edu\/colegio\/famosos-monologuistas-de-valencia-comedy-ofreceran-un-espectaculo-de-humor-en-el-colegio-salesiano-san-juan-bosco-de-valencia-junto-con-alumnado-del-centro-de-la-asignatura-de-artes-escenicas-2\/#breadcrumb"},"inLanguage":"es","potentialAction":[{"@type":"ReadAction","target":["https:\/\/valenciasjb.salesianos.edu\/colegio\/famosos-monologuistas-de-valencia-comedy-ofreceran-un-espectaculo-de-humor-en-el-colegio-salesiano-san-juan-bosco-de-valencia-junto-con-alumnado-del-centro-de-la-asignatura-de-artes-escenicas-2\/"]}]},{"@type":"ImageObject","inLanguage":"es","@id":"https:\/\/valenciasjb.salesianos.edu\/colegio\/famosos-monologuistas-de-valencia-comedy-ofreceran-un-espectaculo-de-humor-en-el-colegio-salesiano-san-juan-bosco-de-valencia-junto-con-alumnado-del-centro-de-la-asignatura-de-artes-escenicas-2\/#primaryimage","url":"https:\/\/valenciasjb.salesianos.edu\/colegio\/wp-content\/uploads\/sites\/2\/2019\/03\/Comedy.jpg","contentUrl":"https:\/\/valenciasjb.salesianos.edu\/colegio\/wp-content\/uploads\/sites\/2\/2019\/03\/Comedy.jpg","width":1024,"height":615},{"@type":"BreadcrumbList","@id":"https:\/\/valenciasjb.salesianos.edu\/colegio\/famosos-monologuistas-de-valencia-comedy-ofreceran-un-espectaculo-de-humor-en-el-colegio-salesiano-san-juan-bosco-de-valencia-junto-con-alumnado-del-centro-de-la-asignatura-de-artes-escenicas-2\/#breadcrumb","itemListElement":[{"@type":"ListItem","position":1,"name":"Portada","item":"https:\/\/valenciasjb.salesianos.edu\/colegio\/"},{"@type":"ListItem","position":2,"name":"Famosos monologuistas de Valencia Comedy ofrecer\u00e1n un espect\u00e1culo de humor en el Colegio Salesiano San Juan Bosco de Valencia junto con alumnado del centro de la asignatura de Artes Esc\u00e9nicas"}]},{"@type":"WebSite","@id":"https:\/\/valenciasjb.salesianos.edu\/colegio\/#website","url":"https:\/\/valenciasjb.salesianos.edu\/colegio\/","name":"Colegio San Juan Bosco Valencia","description":"P\u00e1gina oficial del Colegio Salesianos San Juan Bosco Valencia","alternateName":"Salesianos.VSJB","potentialAction":[{"@type":"SearchAction","target":{"@type":"EntryPoint","urlTemplate":"https:\/\/valenciasjb.salesianos.edu\/colegio\/?s={search_term_string}"},"query-input":{"@type":"PropertyValueSpecification","valueRequired":true,"valueName":"search_term_string"}}],"inLanguage":"es"},{"@type":"Person","@id":"https:\/\/valenciasjb.salesianos.edu\/colegio\/#\/schema\/person\/1f45b67e52b27da175190a574db6bed9","name":"veronicapastor","image":{"@type":"ImageObject","inLanguage":"es","@id":"https:\/\/secure.gravatar.com\/avatar\/e29bd40bace3fd935e1d6fdb7313ffc14628cc037c5e16f4c7369b20a2a6f7f0?s=96&d=mm&r=g","url":"https:\/\/secure.gravatar.com\/avatar\/e29bd40bace3fd935e1d6fdb7313ffc14628cc037c5e16f4c7369b20a2a6f7f0?s=96&d=mm&r=g","contentUrl":"https:\/\/secure.gravatar.com\/avatar\/e29bd40bace3fd935e1d6fdb7313ffc14628cc037c5e16f4c7369b20a2a6f7f0?s=96&d=mm&r=g","caption":"veronicapastor"}}]}},"_links":{"self":[{"href":"https:\/\/valenciasjb.salesianos.edu\/colegio\/wp-json\/wp\/v2\/posts\/10445","targetHints":{"allow":["GET"]}}],"collection":[{"href":"https:\/\/valenciasjb.salesianos.edu\/colegio\/wp-json\/wp\/v2\/posts"}],"about":[{"href":"https:\/\/valenciasjb.salesianos.edu\/colegio\/wp-json\/wp\/v2\/types\/post"}],"author":[{"embeddable":true,"href":"https:\/\/valenciasjb.salesianos.edu\/colegio\/wp-json\/wp\/v2\/users\/6"}],"replies":[{"embeddable":true,"href":"https:\/\/valenciasjb.salesianos.edu\/colegio\/wp-json\/wp\/v2\/comments?post=10445"}],"version-history":[{"count":1,"href":"https:\/\/valenciasjb.salesianos.edu\/colegio\/wp-json\/wp\/v2\/posts\/10445\/revisions"}],"predecessor-version":[{"id":10447,"href":"https:\/\/valenciasjb.salesianos.edu\/colegio\/wp-json\/wp\/v2\/posts\/10445\/revisions\/10447"}],"wp:featuredmedia":[{"embeddable":true,"href":"https:\/\/valenciasjb.salesianos.edu\/colegio\/wp-json\/wp\/v2\/media\/10446"}],"wp:attachment":[{"href":"https:\/\/valenciasjb.salesianos.edu\/colegio\/wp-json\/wp\/v2\/media?parent=10445"}],"wp:term":[{"taxonomy":"category","embeddable":true,"href":"https:\/\/valenciasjb.salesianos.edu\/colegio\/wp-json\/wp\/v2\/categories?post=10445"},{"taxonomy":"post_tag","embeddable":true,"href":"https:\/\/valenciasjb.salesianos.edu\/colegio\/wp-json\/wp\/v2\/tags?post=10445"}],"curies":[{"name":"wp","href":"https:\/\/api.w.org\/{rel}","templated":true}]}}