{"id":10453,"date":"2019-03-24T22:49:23","date_gmt":"2019-03-24T21:49:23","guid":{"rendered":"https:\/\/valenciasjb.salesianos.edu\/colegio\/?p=10453"},"modified":"2019-03-24T22:49:23","modified_gmt":"2019-03-24T21:49:23","slug":"los-mayores-de-infantil-visitan-la-granja-escuela-mas-del-capella","status":"publish","type":"post","link":"https:\/\/valenciasjb.salesianos.edu\/colegio\/los-mayores-de-infantil-visitan-la-granja-escuela-mas-del-capella\/","title":{"rendered":"LOS MAYORES DE INFANTIL VISITAN LA GRANJA ESCUELA \u201cMAS DEL CAPELL\u00c0\u201d"},"content":{"rendered":"<div id=\"fb-root\"><\/div>\n<p>[et_pb_section bb_built=\u00bb1&#8243; admin_label=\u00bbsection\u00bb][et_pb_row admin_label=\u00bbrow\u00bb background_position=\u00bbtop_left\u00bb background_repeat=\u00bbrepeat\u00bb background_size=\u00bbinitial\u00bb][et_pb_column type=\u00bb4_4&#8243;][et_pb_text admin_label=\u00bbEntradilla (Texto)\u00bb _builder_version=\u00bb3.19.18&#8243; text_orientation=\u00bbjustified\u00bb text_font=\u00bb|on|||\u00bb module_alignment=\u00bbleft\u00bb]<\/p>\n<div id=\"resumen\">\n<p><strong>El pasado viernes, 22 de marzo, los<\/strong><strong> ni\u00f1os del \u00faltimo curso de infantil<\/strong><strong> visitaron la Granja escuela \u201cM\u00e1s del Capell\u00e0\u201d en Olocau coincidiendo con el inicio del proyecto \u201cL\u2019ornitorinc\u201d.<\/strong><strong> Realizaron una escapada a la naturaleza para poder estar en contacto directo con animales y plantas y poder observar, experimentar y reflexionar sobre lo que les proporciona el entorno natural. <\/strong><\/p>\n<\/div>\n<div>\u00a0<\/div>\n<p>[\/et_pb_text][et_pb_text admin_label=\u00bbAutor (Texto)\u00bb _builder_version=\u00bb3.19.18&#8243; text_font=\u00bb||on||\u00bb]<\/p>\n<p>Lourdes Muli\u00f3. Profesora de Infantil<\/p>\n<p>[\/et_pb_text][et_pb_text admin_label=\u00bbDesarrollo (Texto)\u00bb _builder_version=\u00bb3.19.18&#8243; text_orientation=\u00bbjustified\u00bb module_alignment=\u00bbleft\u00bb]<\/p>\n<p>El d\u00eda empez\u00f3 lleno de nervios y alegr\u00eda ante la perspectiva de pasar un d\u00eda al aire libre rodeado de animales en plena naturaleza y no quedaron decepcionados en absoluto porque result\u00f3 un d\u00eda precioso en todos los aspectos.<\/p>\n<p>Nada m\u00e1s llegar a la granja vimos a los monitores y monitoras que nos estaban esperando con mucha ilusi\u00f3n y, en cuanto bajamos del autob\u00fas, distribuyeron a nuestros alumnos por equipos: caracoles, mariposas, cerditos, ratones, peces, tortugas,\u2026 y se hicieron cargo de ellos durante el resto de la jornada.<\/p>\n<p>En primer lugar almorzaron e inmediatamente se fueron a realizar las diferentes actividades y talleres. A cada equipo se le asign\u00f3 un itinerario. Junto con sus monitores, los alumnos fueron completando su recorrido, a la vez que observaban de primera mano el d\u00eda a d\u00eda de los animales en la granja.<\/p>\n<p>En el taller de herborister\u00eda, los ni\u00f1os pudieron conocer las plantas arom\u00e1ticas y medicinales, sus propiedades, sus aromas. Posteriormente, en el aula, con plantas secas, mortero, sal y aceite realizaron una bolsita arom\u00e1tica, que se llevaron como recuerdo.<\/p>\n<p>En el Taller de transformaci\u00f3n, pudieron aprender los procesos de transformaci\u00f3n de los productos de origen animal y vegetal, desde que se obtienen en la naturaleza hasta que son consumidos o utilizados por el hombre. Los alumnos elaboraron una galleta, que posteriormente se llevaron a casa para poder contar a los papis tan grata experiencia.<\/p>\n<p>La actividad estrella: \u00a1un paseo en calesa tirado por un precioso caballo llamado Tico! fue una de las experiencias m\u00e1s bonitas en este magn\u00edfico d\u00eda en la naturaleza, respirando aire puro y rodeados de las maravillosas vistas de la Sierra Calderona.<\/p>\n<p>Despu\u00e9s de un peque\u00f1o descanso en el patio de la granja d\u00f3nde no faltaron los juegos, los bailes y un sinf\u00edn de actividades m\u00e1s, pasaron al comedor donde comieron r\u00e1pidamente porque estaban deseando salir para seguir jugando, y as\u00ed lo hicieron; aprovecharon hasta el \u00faltimo minuto de estancia en esta preciosa granja.<\/p>\n<p>Ya de vuelta en el autob\u00fas, cansados, nerviosos y muy contentos, la emoci\u00f3n de nuestros peques se reflejaba en sus caritas, hab\u00edan disfrutado de un d\u00eda muy especial.<\/p>\n<p>[\/et_pb_text][et_pb_text admin_label=\u00bbT\u00edtulo: Galer\u00eda de fotos (Texto)\u00bb _builder_version=\u00bb3.0.76&#8243; background_layout=\u00bblight\u00bb text_font=\u00bb|on|||\u00bb text_text_color=\u00bb#dc001b\u00bb border_style=\u00bbsolid\u00bb disabled=\u00bboff\u00bb disabled_on=\u00bboff|on|on\u00bb]<\/p>\n<p>Galer\u00eda de im\u00e1genes<\/p>\n<p>[\/et_pb_text][et_pb_gallery _builder_version=\u00bb3.19.18&#8243; posts_number=\u00bb8&#8243; show_title_and_caption=\u00bboff\u00bb zoom_icon_color=\u00bb#dc001b\u00bb hover_overlay_color=\u00bbrgba(255,255,255,0.9)\u00bb hover_icon=\u00bb%%51%%\u00bb disabled=\u00bboff\u00bb disabled_on=\u00bboff|off|off\u00bb gallery_ids=\u00bb10462,10461,10460,10459,10458,10457,10456,10455,10454&#8243; pagination_font_size_tablet=\u00bb51&#8243; pagination_line_height_tablet=\u00bb2&#8243; \/][et_pb_video _builder_version=\u00bb3.0.51&#8243; disabled=\u00bbon\u00bb disabled_on=\u00bbon|on|on\u00bb \/][\/et_pb_column][\/et_pb_row][\/et_pb_section]<\/p>\n<!-- AddThis Advanced Settings generic via filter on the_content --><!-- AddThis Share Buttons generic via filter on the_content -->","protected":false},"excerpt":{"rendered":"<p>El pasado viernes, 22 de marzo, los ni\u00f1os del \u00faltimo curso de infantil visitaron la Granja escuela \u201cM\u00e1s del Capell\u00e0\u201d en Olocau coincidiendo con el inicio del proyecto \u201cL\u2019ornitorinc\u201d. Realizaron una escapada a la naturaleza para poder estar en contacto directo con animales y plantas y poder observar, experimentar y reflexionar sobre lo que les [&hellip;]<\/p>\n<p><!-- AddThis Advanced Settings generic via filter on get_the_excerpt --><!-- AddThis Share Buttons generic via filter on get_the_excerpt --><\/p>\n","protected":false},"author":6,"featured_media":10462,"comment_status":"closed","ping_status":"open","sticky":false,"template":"","format":"standard","meta":{"_et_pb_use_builder":"on","_et_pb_old_content":"","_et_gb_content_width":"","footnotes":""},"categories":[14],"tags":[],"class_list":["post-10453","post","type-post","status-publish","format-standard","has-post-thumbnail","hentry","category-noticia_colegio"],"yoast_head":"<!-- This site is optimized with the Yoast SEO plugin v28.4 - https:\/\/yoast.com\/product\/yoast-seo-wordpress\/ -->\n<title>LOS MAYORES DE INFANTIL VISITAN LA GRANJA ESCUELA \u201cMAS DEL CAPELL\u00c0\u201d - Colegio San Juan Bosco Valencia<\/title>\n<meta name=\"robots\" content=\"index, follow, max-snippet:-1, max-image-preview:large, max-video-preview:-1\" \/>\n<link rel=\"canonical\" href=\"https:\/\/valenciasjb.salesianos.edu\/colegio\/los-mayores-de-infantil-visitan-la-granja-escuela-mas-del-capella\/\" \/>\n<meta property=\"og:locale\" content=\"es_ES\" \/>\n<meta property=\"og:type\" content=\"article\" \/>\n<meta property=\"og:title\" content=\"LOS MAYORES DE INFANTIL VISITAN LA GRANJA ESCUELA \u201cMAS DEL CAPELL\u00c0\u201d - Colegio San Juan Bosco Valencia\" \/>\n<meta property=\"og:description\" content=\"El pasado viernes, 22 de marzo, los ni\u00f1os del \u00faltimo curso de infantil visitaron la Granja escuela \u201cM\u00e1s del Capell\u00e0\u201d en Olocau coincidiendo con el inicio del proyecto \u201cL\u2019ornitorinc\u201d. Realizaron una escapada a la naturaleza para poder estar en contacto directo con animales y plantas y poder observar, experimentar y reflexionar sobre lo que les [&hellip;]\" \/>\n<meta property=\"og:url\" content=\"https:\/\/valenciasjb.salesianos.edu\/colegio\/los-mayores-de-infantil-visitan-la-granja-escuela-mas-del-capella\/\" \/>\n<meta property=\"og:site_name\" content=\"Colegio San Juan Bosco Valencia\" \/>\n<meta property=\"article:publisher\" content=\"https:\/\/www.facebook.com\/ColegioSalesianoSanJuanBoscoValencia\" \/>\n<meta property=\"article:published_time\" content=\"2019-03-24T21:49:23+00:00\" \/>\n<meta property=\"og:image\" content=\"https:\/\/valenciasjb.salesianos.edu\/colegio\/wp-content\/uploads\/sites\/2\/2019\/03\/Granja-170.jpg\" \/>\n\t<meta property=\"og:image:width\" content=\"640\" \/>\n\t<meta property=\"og:image:height\" content=\"480\" \/>\n\t<meta property=\"og:image:type\" content=\"image\/jpeg\" \/>\n<meta name=\"author\" content=\"veronicapastor\" \/>\n<meta name=\"twitter:card\" content=\"summary_large_image\" \/>\n<meta name=\"twitter:creator\" content=\"@SalesianosVSJB\" \/>\n<meta name=\"twitter:site\" content=\"@SalesianosVSJB\" \/>\n<meta name=\"twitter:label1\" content=\"Escrito por\" \/>\n\t<meta name=\"twitter:data1\" content=\"veronicapastor\" \/>\n\t<meta name=\"twitter:label2\" content=\"Tiempo de lectura\" \/>\n\t<meta name=\"twitter:data2\" content=\"3 minutos\" \/>\n<script type=\"application\/ld+json\" class=\"yoast-schema-graph\">{\"@context\":\"https:\\\/\\\/schema.org\",\"@graph\":[{\"@type\":\"Article\",\"@id\":\"https:\\\/\\\/valenciasjb.salesianos.edu\\\/colegio\\\/los-mayores-de-infantil-visitan-la-granja-escuela-mas-del-capella\\\/#article\",\"isPartOf\":{\"@id\":\"https:\\\/\\\/valenciasjb.salesianos.edu\\\/colegio\\\/los-mayores-de-infantil-visitan-la-granja-escuela-mas-del-capella\\\/\"},\"author\":{\"name\":\"veronicapastor\",\"@id\":\"https:\\\/\\\/valenciasjb.salesianos.edu\\\/colegio\\\/#\\\/schema\\\/person\\\/1f45b67e52b27da175190a574db6bed9\"},\"headline\":\"LOS MAYORES DE INFANTIL VISITAN LA GRANJA ESCUELA \u201cMAS DEL CAPELL\u00c0\u201d\",\"datePublished\":\"2019-03-24T21:49:23+00:00\",\"mainEntityOfPage\":{\"@id\":\"https:\\\/\\\/valenciasjb.salesianos.edu\\\/colegio\\\/los-mayores-de-infantil-visitan-la-granja-escuela-mas-del-capella\\\/\"},\"wordCount\":644,\"image\":{\"@id\":\"https:\\\/\\\/valenciasjb.salesianos.edu\\\/colegio\\\/los-mayores-de-infantil-visitan-la-granja-escuela-mas-del-capella\\\/#primaryimage\"},\"thumbnailUrl\":\"https:\\\/\\\/valenciasjb.salesianos.edu\\\/colegio\\\/wp-content\\\/uploads\\\/sites\\\/2\\\/2019\\\/03\\\/Granja-170.jpg\",\"articleSection\":[\"Noticia Colegio\"],\"inLanguage\":\"es\"},{\"@type\":\"WebPage\",\"@id\":\"https:\\\/\\\/valenciasjb.salesianos.edu\\\/colegio\\\/los-mayores-de-infantil-visitan-la-granja-escuela-mas-del-capella\\\/\",\"url\":\"https:\\\/\\\/valenciasjb.salesianos.edu\\\/colegio\\\/los-mayores-de-infantil-visitan-la-granja-escuela-mas-del-capella\\\/\",\"name\":\"LOS MAYORES DE INFANTIL VISITAN LA GRANJA ESCUELA \u201cMAS DEL CAPELL\u00c0\u201d - Colegio San Juan Bosco Valencia\",\"isPartOf\":{\"@id\":\"https:\\\/\\\/valenciasjb.salesianos.edu\\\/colegio\\\/#website\"},\"primaryImageOfPage\":{\"@id\":\"https:\\\/\\\/valenciasjb.salesianos.edu\\\/colegio\\\/los-mayores-de-infantil-visitan-la-granja-escuela-mas-del-capella\\\/#primaryimage\"},\"image\":{\"@id\":\"https:\\\/\\\/valenciasjb.salesianos.edu\\\/colegio\\\/los-mayores-de-infantil-visitan-la-granja-escuela-mas-del-capella\\\/#primaryimage\"},\"thumbnailUrl\":\"https:\\\/\\\/valenciasjb.salesianos.edu\\\/colegio\\\/wp-content\\\/uploads\\\/sites\\\/2\\\/2019\\\/03\\\/Granja-170.jpg\",\"datePublished\":\"2019-03-24T21:49:23+00:00\",\"author\":{\"@id\":\"https:\\\/\\\/valenciasjb.salesianos.edu\\\/colegio\\\/#\\\/schema\\\/person\\\/1f45b67e52b27da175190a574db6bed9\"},\"breadcrumb\":{\"@id\":\"https:\\\/\\\/valenciasjb.salesianos.edu\\\/colegio\\\/los-mayores-de-infantil-visitan-la-granja-escuela-mas-del-capella\\\/#breadcrumb\"},\"inLanguage\":\"es\",\"potentialAction\":[{\"@type\":\"ReadAction\",\"target\":[\"https:\\\/\\\/valenciasjb.salesianos.edu\\\/colegio\\\/los-mayores-de-infantil-visitan-la-granja-escuela-mas-del-capella\\\/\"]}]},{\"@type\":\"ImageObject\",\"inLanguage\":\"es\",\"@id\":\"https:\\\/\\\/valenciasjb.salesianos.edu\\\/colegio\\\/los-mayores-de-infantil-visitan-la-granja-escuela-mas-del-capella\\\/#primaryimage\",\"url\":\"https:\\\/\\\/valenciasjb.salesianos.edu\\\/colegio\\\/wp-content\\\/uploads\\\/sites\\\/2\\\/2019\\\/03\\\/Granja-170.jpg\",\"contentUrl\":\"https:\\\/\\\/valenciasjb.salesianos.edu\\\/colegio\\\/wp-content\\\/uploads\\\/sites\\\/2\\\/2019\\\/03\\\/Granja-170.jpg\",\"width\":640,\"height\":480},{\"@type\":\"BreadcrumbList\",\"@id\":\"https:\\\/\\\/valenciasjb.salesianos.edu\\\/colegio\\\/los-mayores-de-infantil-visitan-la-granja-escuela-mas-del-capella\\\/#breadcrumb\",\"itemListElement\":[{\"@type\":\"ListItem\",\"position\":1,\"name\":\"Portada\",\"item\":\"https:\\\/\\\/valenciasjb.salesianos.edu\\\/colegio\\\/\"},{\"@type\":\"ListItem\",\"position\":2,\"name\":\"LOS MAYORES DE INFANTIL VISITAN LA GRANJA ESCUELA \u201cMAS DEL CAPELL\u00c0\u201d\"}]},{\"@type\":\"WebSite\",\"@id\":\"https:\\\/\\\/valenciasjb.salesianos.edu\\\/colegio\\\/#website\",\"url\":\"https:\\\/\\\/valenciasjb.salesianos.edu\\\/colegio\\\/\",\"name\":\"Colegio San Juan Bosco Valencia\",\"description\":\"P\u00e1gina oficial del Colegio Salesianos San Juan Bosco Valencia\",\"alternateName\":\"Salesianos.VSJB\",\"potentialAction\":[{\"@type\":\"SearchAction\",\"target\":{\"@type\":\"EntryPoint\",\"urlTemplate\":\"https:\\\/\\\/valenciasjb.salesianos.edu\\\/colegio\\\/?s={search_term_string}\"},\"query-input\":{\"@type\":\"PropertyValueSpecification\",\"valueRequired\":true,\"valueName\":\"search_term_string\"}}],\"inLanguage\":\"es\"},{\"@type\":\"Person\",\"@id\":\"https:\\\/\\\/valenciasjb.salesianos.edu\\\/colegio\\\/#\\\/schema\\\/person\\\/1f45b67e52b27da175190a574db6bed9\",\"name\":\"veronicapastor\",\"image\":{\"@type\":\"ImageObject\",\"inLanguage\":\"es\",\"@id\":\"https:\\\/\\\/secure.gravatar.com\\\/avatar\\\/e29bd40bace3fd935e1d6fdb7313ffc14628cc037c5e16f4c7369b20a2a6f7f0?s=96&d=mm&r=g\",\"url\":\"https:\\\/\\\/secure.gravatar.com\\\/avatar\\\/e29bd40bace3fd935e1d6fdb7313ffc14628cc037c5e16f4c7369b20a2a6f7f0?s=96&d=mm&r=g\",\"contentUrl\":\"https:\\\/\\\/secure.gravatar.com\\\/avatar\\\/e29bd40bace3fd935e1d6fdb7313ffc14628cc037c5e16f4c7369b20a2a6f7f0?s=96&d=mm&r=g\",\"caption\":\"veronicapastor\"}}]}<\/script>\n<!-- \/ Yoast SEO plugin. -->","yoast_head_json":{"title":"LOS MAYORES DE INFANTIL VISITAN LA GRANJA ESCUELA \u201cMAS DEL CAPELL\u00c0\u201d - Colegio San Juan Bosco Valencia","robots":{"index":"index","follow":"follow","max-snippet":"max-snippet:-1","max-image-preview":"max-image-preview:large","max-video-preview":"max-video-preview:-1"},"canonical":"https:\/\/valenciasjb.salesianos.edu\/colegio\/los-mayores-de-infantil-visitan-la-granja-escuela-mas-del-capella\/","og_locale":"es_ES","og_type":"article","og_title":"LOS MAYORES DE INFANTIL VISITAN LA GRANJA ESCUELA \u201cMAS DEL CAPELL\u00c0\u201d - Colegio San Juan Bosco Valencia","og_description":"El pasado viernes, 22 de marzo, los ni\u00f1os del \u00faltimo curso de infantil visitaron la Granja escuela \u201cM\u00e1s del Capell\u00e0\u201d en Olocau coincidiendo con el inicio del proyecto \u201cL\u2019ornitorinc\u201d. Realizaron una escapada a la naturaleza para poder estar en contacto directo con animales y plantas y poder observar, experimentar y reflexionar sobre lo que les [&hellip;]","og_url":"https:\/\/valenciasjb.salesianos.edu\/colegio\/los-mayores-de-infantil-visitan-la-granja-escuela-mas-del-capella\/","og_site_name":"Colegio San Juan Bosco Valencia","article_publisher":"https:\/\/www.facebook.com\/ColegioSalesianoSanJuanBoscoValencia","article_published_time":"2019-03-24T21:49:23+00:00","og_image":[{"width":640,"height":480,"url":"https:\/\/valenciasjb.salesianos.edu\/colegio\/wp-content\/uploads\/sites\/2\/2019\/03\/Granja-170.jpg","type":"image\/jpeg"}],"author":"veronicapastor","twitter_card":"summary_large_image","twitter_creator":"@SalesianosVSJB","twitter_site":"@SalesianosVSJB","twitter_misc":{"Escrito por":"veronicapastor","Tiempo de lectura":"3 minutos"},"schema":{"@context":"https:\/\/schema.org","@graph":[{"@type":"Article","@id":"https:\/\/valenciasjb.salesianos.edu\/colegio\/los-mayores-de-infantil-visitan-la-granja-escuela-mas-del-capella\/#article","isPartOf":{"@id":"https:\/\/valenciasjb.salesianos.edu\/colegio\/los-mayores-de-infantil-visitan-la-granja-escuela-mas-del-capella\/"},"author":{"name":"veronicapastor","@id":"https:\/\/valenciasjb.salesianos.edu\/colegio\/#\/schema\/person\/1f45b67e52b27da175190a574db6bed9"},"headline":"LOS MAYORES DE INFANTIL VISITAN LA GRANJA ESCUELA \u201cMAS DEL CAPELL\u00c0\u201d","datePublished":"2019-03-24T21:49:23+00:00","mainEntityOfPage":{"@id":"https:\/\/valenciasjb.salesianos.edu\/colegio\/los-mayores-de-infantil-visitan-la-granja-escuela-mas-del-capella\/"},"wordCount":644,"image":{"@id":"https:\/\/valenciasjb.salesianos.edu\/colegio\/los-mayores-de-infantil-visitan-la-granja-escuela-mas-del-capella\/#primaryimage"},"thumbnailUrl":"https:\/\/valenciasjb.salesianos.edu\/colegio\/wp-content\/uploads\/sites\/2\/2019\/03\/Granja-170.jpg","articleSection":["Noticia Colegio"],"inLanguage":"es"},{"@type":"WebPage","@id":"https:\/\/valenciasjb.salesianos.edu\/colegio\/los-mayores-de-infantil-visitan-la-granja-escuela-mas-del-capella\/","url":"https:\/\/valenciasjb.salesianos.edu\/colegio\/los-mayores-de-infantil-visitan-la-granja-escuela-mas-del-capella\/","name":"LOS MAYORES DE INFANTIL VISITAN LA GRANJA ESCUELA \u201cMAS DEL CAPELL\u00c0\u201d - Colegio San Juan Bosco Valencia","isPartOf":{"@id":"https:\/\/valenciasjb.salesianos.edu\/colegio\/#website"},"primaryImageOfPage":{"@id":"https:\/\/valenciasjb.salesianos.edu\/colegio\/los-mayores-de-infantil-visitan-la-granja-escuela-mas-del-capella\/#primaryimage"},"image":{"@id":"https:\/\/valenciasjb.salesianos.edu\/colegio\/los-mayores-de-infantil-visitan-la-granja-escuela-mas-del-capella\/#primaryimage"},"thumbnailUrl":"https:\/\/valenciasjb.salesianos.edu\/colegio\/wp-content\/uploads\/sites\/2\/2019\/03\/Granja-170.jpg","datePublished":"2019-03-24T21:49:23+00:00","author":{"@id":"https:\/\/valenciasjb.salesianos.edu\/colegio\/#\/schema\/person\/1f45b67e52b27da175190a574db6bed9"},"breadcrumb":{"@id":"https:\/\/valenciasjb.salesianos.edu\/colegio\/los-mayores-de-infantil-visitan-la-granja-escuela-mas-del-capella\/#breadcrumb"},"inLanguage":"es","potentialAction":[{"@type":"ReadAction","target":["https:\/\/valenciasjb.salesianos.edu\/colegio\/los-mayores-de-infantil-visitan-la-granja-escuela-mas-del-capella\/"]}]},{"@type":"ImageObject","inLanguage":"es","@id":"https:\/\/valenciasjb.salesianos.edu\/colegio\/los-mayores-de-infantil-visitan-la-granja-escuela-mas-del-capella\/#primaryimage","url":"https:\/\/valenciasjb.salesianos.edu\/colegio\/wp-content\/uploads\/sites\/2\/2019\/03\/Granja-170.jpg","contentUrl":"https:\/\/valenciasjb.salesianos.edu\/colegio\/wp-content\/uploads\/sites\/2\/2019\/03\/Granja-170.jpg","width":640,"height":480},{"@type":"BreadcrumbList","@id":"https:\/\/valenciasjb.salesianos.edu\/colegio\/los-mayores-de-infantil-visitan-la-granja-escuela-mas-del-capella\/#breadcrumb","itemListElement":[{"@type":"ListItem","position":1,"name":"Portada","item":"https:\/\/valenciasjb.salesianos.edu\/colegio\/"},{"@type":"ListItem","position":2,"name":"LOS MAYORES DE INFANTIL VISITAN LA GRANJA ESCUELA \u201cMAS DEL CAPELL\u00c0\u201d"}]},{"@type":"WebSite","@id":"https:\/\/valenciasjb.salesianos.edu\/colegio\/#website","url":"https:\/\/valenciasjb.salesianos.edu\/colegio\/","name":"Colegio San Juan Bosco Valencia","description":"P\u00e1gina oficial del Colegio Salesianos San Juan Bosco Valencia","alternateName":"Salesianos.VSJB","potentialAction":[{"@type":"SearchAction","target":{"@type":"EntryPoint","urlTemplate":"https:\/\/valenciasjb.salesianos.edu\/colegio\/?s={search_term_string}"},"query-input":{"@type":"PropertyValueSpecification","valueRequired":true,"valueName":"search_term_string"}}],"inLanguage":"es"},{"@type":"Person","@id":"https:\/\/valenciasjb.salesianos.edu\/colegio\/#\/schema\/person\/1f45b67e52b27da175190a574db6bed9","name":"veronicapastor","image":{"@type":"ImageObject","inLanguage":"es","@id":"https:\/\/secure.gravatar.com\/avatar\/e29bd40bace3fd935e1d6fdb7313ffc14628cc037c5e16f4c7369b20a2a6f7f0?s=96&d=mm&r=g","url":"https:\/\/secure.gravatar.com\/avatar\/e29bd40bace3fd935e1d6fdb7313ffc14628cc037c5e16f4c7369b20a2a6f7f0?s=96&d=mm&r=g","contentUrl":"https:\/\/secure.gravatar.com\/avatar\/e29bd40bace3fd935e1d6fdb7313ffc14628cc037c5e16f4c7369b20a2a6f7f0?s=96&d=mm&r=g","caption":"veronicapastor"}}]}},"_links":{"self":[{"href":"https:\/\/valenciasjb.salesianos.edu\/colegio\/wp-json\/wp\/v2\/posts\/10453","targetHints":{"allow":["GET"]}}],"collection":[{"href":"https:\/\/valenciasjb.salesianos.edu\/colegio\/wp-json\/wp\/v2\/posts"}],"about":[{"href":"https:\/\/valenciasjb.salesianos.edu\/colegio\/wp-json\/wp\/v2\/types\/post"}],"author":[{"embeddable":true,"href":"https:\/\/valenciasjb.salesianos.edu\/colegio\/wp-json\/wp\/v2\/users\/6"}],"replies":[{"embeddable":true,"href":"https:\/\/valenciasjb.salesianos.edu\/colegio\/wp-json\/wp\/v2\/comments?post=10453"}],"version-history":[{"count":1,"href":"https:\/\/valenciasjb.salesianos.edu\/colegio\/wp-json\/wp\/v2\/posts\/10453\/revisions"}],"predecessor-version":[{"id":10463,"href":"https:\/\/valenciasjb.salesianos.edu\/colegio\/wp-json\/wp\/v2\/posts\/10453\/revisions\/10463"}],"wp:featuredmedia":[{"embeddable":true,"href":"https:\/\/valenciasjb.salesianos.edu\/colegio\/wp-json\/wp\/v2\/media\/10462"}],"wp:attachment":[{"href":"https:\/\/valenciasjb.salesianos.edu\/colegio\/wp-json\/wp\/v2\/media?parent=10453"}],"wp:term":[{"taxonomy":"category","embeddable":true,"href":"https:\/\/valenciasjb.salesianos.edu\/colegio\/wp-json\/wp\/v2\/categories?post=10453"},{"taxonomy":"post_tag","embeddable":true,"href":"https:\/\/valenciasjb.salesianos.edu\/colegio\/wp-json\/wp\/v2\/tags?post=10453"}],"curies":[{"name":"wp","href":"https:\/\/api.w.org\/{rel}","templated":true}]}}