{"id":10464,"date":"2019-03-24T23:12:56","date_gmt":"2019-03-24T22:12:56","guid":{"rendered":"https:\/\/valenciasjb.salesianos.edu\/colegio\/?p=10464"},"modified":"2019-03-25T16:36:53","modified_gmt":"2019-03-25T15:36:53","slug":"los-alumnos-de-educacion-infantil-y-primaria-celebraron-su-semana-fallera-en-el-colegio","status":"publish","type":"post","link":"https:\/\/valenciasjb.salesianos.edu\/colegio\/los-alumnos-de-educacion-infantil-y-primaria-celebraron-su-semana-fallera-en-el-colegio\/","title":{"rendered":"Los alumnos de Educaci\u00f3n Infantil y primaria celebraron su \u00abSemana Fallera\u00bb en el colegio"},"content":{"rendered":"<div id=\"fb-root\"><\/div>\n<p>[et_pb_section bb_built=\u00bb1&#8243; admin_label=\u00bbsection\u00bb][et_pb_row admin_label=\u00bbrow\u00bb background_position=\u00bbtop_left\u00bb background_repeat=\u00bbrepeat\u00bb background_size=\u00bbinitial\u00bb][et_pb_column type=\u00bb4_4&#8243;][et_pb_text admin_label=\u00bbEntradilla (Texto)\u00bb _builder_version=\u00bb3.19.18&#8243; text_orientation=\u00bbjustified\u00bb text_font=\u00bb|on|||\u00bb module_alignment=\u00bbleft\u00bb]<\/p>\n<div id=\"resumen\">\n<p><strong>Los d\u00edas previos a <\/strong><strong>las\u00a0 vacaciones falleras, los alumnos de Infantil y Primaria disfrutaron de diversas actividades falleras.<\/strong>\u00a0<\/p>\n<\/div>\n<div>\u00a0<\/div>\n<p>[\/et_pb_text][et_pb_text admin_label=\u00bbAutor (Texto)\u00bb _builder_version=\u00bb3.19.18&#8243; text_font=\u00bb||on||\u00bb]<\/p>\n<p>Lourdes Muli\u00f3. Profesora de Infantil<\/p>\n<p>[\/et_pb_text][et_pb_text admin_label=\u00bbDesarrollo (Texto)\u00bb _builder_version=\u00bb3.19.18&#8243; text_orientation=\u00bbjustified\u00bb module_alignment=\u00bbleft\u00bb]<\/p>\n<p>Durante los d\u00edas 7 al 14 de marzo, los alumnos de Educaci\u00f3n Infantil vivieron su Semana Fallera en el colegio, bajo el lema \u00abQuina animalada\u00bb. El equipo docente de la etapa prepar\u00f3 un programa repleto de actividades para los m\u00e1s peque\u00f1os, poniendo as\u00ed de manifiesto el car\u00e1cter educativo y socializador de las Fallas.<\/p>\n<p>Dicho programa se inici\u00f3 el jueves d\u00eda 7 con la \u00abplant\u00e0\u00bb de la Falla, lo que se hizo posible gracias a los padres y madres que quisieron contribuir con la realizaci\u00f3n de un \u00abninot\u00bb. Este a\u00f1o fue tal la participaci\u00f3n que result\u00f3 posible la plant\u00e0 de dos fallas, una expuesta en el hall del pabell\u00f3n de Infantil y otra en el patio de los m\u00e1s peque\u00f1os del colegio.<\/p>\n<p>Como si de una comisi\u00f3n fallera m\u00e1s se tratara, los alumnos y alumnas disfrutaron de distintas actividades t\u00edpicas de estas fechas: visita a las fallas; pasacalles amenizado con m\u00fasica valenciana y, como p\u00fablico. alumnos de 1\u00ba de Bachillerato y 1\u00ba y 2\u00ba de Primaria; ofrenda a la \u00abMare de D\u00e9u\u00bb. Por \u00faltimo, a lo largo de la ma\u00f1ana, los alumnos de infantil, y por la tarde los alumnos de primaria y 1\u00ba y 2\u00ba de ESO, el d\u00eda 14 se endulzaron con una Xocolat\u00e0 patrocinada por A.M.P.A.S. Como colof\u00f3n, los alumnos de Infantil asistieron como p\u00fablico a la \u00abglobot\u00e0\u00bb realizada por sus compa\u00f1eros de Educaci\u00f3n Primaria.<\/p>\n<p>[\/et_pb_text][et_pb_text admin_label=\u00bbT\u00edtulo: Galer\u00eda de fotos (Texto)\u00bb _builder_version=\u00bb3.0.76&#8243; background_layout=\u00bblight\u00bb text_font=\u00bb|on|||\u00bb text_text_color=\u00bb#dc001b\u00bb border_style=\u00bbsolid\u00bb disabled=\u00bboff\u00bb disabled_on=\u00bboff|on|on\u00bb]<\/p>\n<p>Galer\u00eda de im\u00e1genes<\/p>\n<p>[\/et_pb_text][et_pb_gallery _builder_version=\u00bb3.19.18&#8243; posts_number=\u00bb8&#8243; show_title_and_caption=\u00bboff\u00bb zoom_icon_color=\u00bb#dc001b\u00bb hover_overlay_color=\u00bbrgba(255,255,255,0.9)\u00bb hover_icon=\u00bb%%51%%\u00bb disabled=\u00bboff\u00bb disabled_on=\u00bboff|off|off\u00bb gallery_ids=\u00bb10473,10465,10466,10467,10468,10472,10471,10470,10469&#8243; pagination_font_size_tablet=\u00bb51&#8243; pagination_line_height_tablet=\u00bb2&#8243; \/][et_pb_video _builder_version=\u00bb3.0.51&#8243; disabled=\u00bbon\u00bb disabled_on=\u00bbon|on|on\u00bb \/][\/et_pb_column][\/et_pb_row][\/et_pb_section]<\/p>\n<!-- AddThis Advanced Settings generic via filter on the_content --><!-- AddThis Share Buttons generic via filter on the_content -->","protected":false},"excerpt":{"rendered":"<p>Los d\u00edas previos a las\u00a0 vacaciones falleras, los alumnos de Infantil y Primaria disfrutaron de diversas actividades falleras.\u00a0\u00a0 Lourdes Muli\u00f3. Profesora de Infantil Durante los d\u00edas 7 al 14 de marzo, los alumnos de Educaci\u00f3n Infantil vivieron su Semana Fallera en el colegio, bajo el lema \u00abQuina animalada\u00bb. El equipo docente de la etapa prepar\u00f3 [&hellip;]<\/p>\n<p><!-- AddThis Advanced Settings generic via filter on get_the_excerpt --><!-- AddThis Share Buttons generic via filter on get_the_excerpt --><\/p>\n","protected":false},"author":6,"featured_media":10474,"comment_status":"closed","ping_status":"open","sticky":false,"template":"","format":"standard","meta":{"_et_pb_use_builder":"on","_et_pb_old_content":"","_et_gb_content_width":"","footnotes":""},"categories":[14],"tags":[],"class_list":["post-10464","post","type-post","status-publish","format-standard","has-post-thumbnail","hentry","category-noticia_colegio"],"yoast_head":"<!-- This site is optimized with the Yoast SEO plugin v28.4 - https:\/\/yoast.com\/product\/yoast-seo-wordpress\/ -->\n<title>Los alumnos de Educaci\u00f3n Infantil y primaria celebraron su \u00abSemana Fallera\u00bb en el colegio - Colegio San Juan Bosco Valencia<\/title>\n<meta name=\"robots\" content=\"index, follow, max-snippet:-1, max-image-preview:large, max-video-preview:-1\" \/>\n<link rel=\"canonical\" href=\"https:\/\/valenciasjb.salesianos.edu\/colegio\/los-alumnos-de-educacion-infantil-y-primaria-celebraron-su-semana-fallera-en-el-colegio\/\" \/>\n<meta property=\"og:locale\" content=\"es_ES\" \/>\n<meta property=\"og:type\" content=\"article\" \/>\n<meta property=\"og:title\" content=\"Los alumnos de Educaci\u00f3n Infantil y primaria celebraron su \u00abSemana Fallera\u00bb en el colegio - Colegio San Juan Bosco Valencia\" \/>\n<meta property=\"og:description\" content=\"Los d\u00edas previos a las\u00a0 vacaciones falleras, los alumnos de Infantil y Primaria disfrutaron de diversas actividades falleras.\u00a0\u00a0 Lourdes Muli\u00f3. Profesora de Infantil Durante los d\u00edas 7 al 14 de marzo, los alumnos de Educaci\u00f3n Infantil vivieron su Semana Fallera en el colegio, bajo el lema \u00abQuina animalada\u00bb. El equipo docente de la etapa prepar\u00f3 [&hellip;]\" \/>\n<meta property=\"og:url\" content=\"https:\/\/valenciasjb.salesianos.edu\/colegio\/los-alumnos-de-educacion-infantil-y-primaria-celebraron-su-semana-fallera-en-el-colegio\/\" \/>\n<meta property=\"og:site_name\" content=\"Colegio San Juan Bosco Valencia\" \/>\n<meta property=\"article:publisher\" content=\"https:\/\/www.facebook.com\/ColegioSalesianoSanJuanBoscoValencia\" \/>\n<meta property=\"article:published_time\" content=\"2019-03-24T22:12:56+00:00\" \/>\n<meta property=\"article:modified_time\" content=\"2019-03-25T15:36:53+00:00\" \/>\n<meta property=\"og:image\" content=\"https:\/\/valenciasjb.salesianos.edu\/colegio\/wp-content\/uploads\/sites\/2\/2019\/03\/Falla-36.jpg\" \/>\n\t<meta property=\"og:image:width\" content=\"640\" \/>\n\t<meta property=\"og:image:height\" content=\"480\" \/>\n\t<meta property=\"og:image:type\" content=\"image\/jpeg\" \/>\n<meta name=\"author\" content=\"veronicapastor\" \/>\n<meta name=\"twitter:card\" content=\"summary_large_image\" \/>\n<meta name=\"twitter:creator\" content=\"@SalesianosVSJB\" \/>\n<meta name=\"twitter:site\" content=\"@SalesianosVSJB\" \/>\n<meta name=\"twitter:label1\" content=\"Escrito por\" \/>\n\t<meta name=\"twitter:data1\" content=\"veronicapastor\" \/>\n\t<meta name=\"twitter:label2\" content=\"Tiempo de lectura\" \/>\n\t<meta name=\"twitter:data2\" content=\"2 minutos\" \/>\n<script type=\"application\/ld+json\" class=\"yoast-schema-graph\">{\"@context\":\"https:\\\/\\\/schema.org\",\"@graph\":[{\"@type\":\"Article\",\"@id\":\"https:\\\/\\\/valenciasjb.salesianos.edu\\\/colegio\\\/los-alumnos-de-educacion-infantil-y-primaria-celebraron-su-semana-fallera-en-el-colegio\\\/#article\",\"isPartOf\":{\"@id\":\"https:\\\/\\\/valenciasjb.salesianos.edu\\\/colegio\\\/los-alumnos-de-educacion-infantil-y-primaria-celebraron-su-semana-fallera-en-el-colegio\\\/\"},\"author\":{\"name\":\"veronicapastor\",\"@id\":\"https:\\\/\\\/valenciasjb.salesianos.edu\\\/colegio\\\/#\\\/schema\\\/person\\\/1f45b67e52b27da175190a574db6bed9\"},\"headline\":\"Los alumnos de Educaci\u00f3n Infantil y primaria celebraron su \u00abSemana Fallera\u00bb en el colegio\",\"datePublished\":\"2019-03-24T22:12:56+00:00\",\"dateModified\":\"2019-03-25T15:36:53+00:00\",\"mainEntityOfPage\":{\"@id\":\"https:\\\/\\\/valenciasjb.salesianos.edu\\\/colegio\\\/los-alumnos-de-educacion-infantil-y-primaria-celebraron-su-semana-fallera-en-el-colegio\\\/\"},\"wordCount\":471,\"image\":{\"@id\":\"https:\\\/\\\/valenciasjb.salesianos.edu\\\/colegio\\\/los-alumnos-de-educacion-infantil-y-primaria-celebraron-su-semana-fallera-en-el-colegio\\\/#primaryimage\"},\"thumbnailUrl\":\"https:\\\/\\\/valenciasjb.salesianos.edu\\\/colegio\\\/wp-content\\\/uploads\\\/sites\\\/2\\\/2019\\\/03\\\/Falla-36.jpg\",\"articleSection\":[\"Noticia Colegio\"],\"inLanguage\":\"es\"},{\"@type\":\"WebPage\",\"@id\":\"https:\\\/\\\/valenciasjb.salesianos.edu\\\/colegio\\\/los-alumnos-de-educacion-infantil-y-primaria-celebraron-su-semana-fallera-en-el-colegio\\\/\",\"url\":\"https:\\\/\\\/valenciasjb.salesianos.edu\\\/colegio\\\/los-alumnos-de-educacion-infantil-y-primaria-celebraron-su-semana-fallera-en-el-colegio\\\/\",\"name\":\"Los alumnos de Educaci\u00f3n Infantil y primaria celebraron su \u00abSemana Fallera\u00bb en el colegio - Colegio San Juan Bosco Valencia\",\"isPartOf\":{\"@id\":\"https:\\\/\\\/valenciasjb.salesianos.edu\\\/colegio\\\/#website\"},\"primaryImageOfPage\":{\"@id\":\"https:\\\/\\\/valenciasjb.salesianos.edu\\\/colegio\\\/los-alumnos-de-educacion-infantil-y-primaria-celebraron-su-semana-fallera-en-el-colegio\\\/#primaryimage\"},\"image\":{\"@id\":\"https:\\\/\\\/valenciasjb.salesianos.edu\\\/colegio\\\/los-alumnos-de-educacion-infantil-y-primaria-celebraron-su-semana-fallera-en-el-colegio\\\/#primaryimage\"},\"thumbnailUrl\":\"https:\\\/\\\/valenciasjb.salesianos.edu\\\/colegio\\\/wp-content\\\/uploads\\\/sites\\\/2\\\/2019\\\/03\\\/Falla-36.jpg\",\"datePublished\":\"2019-03-24T22:12:56+00:00\",\"dateModified\":\"2019-03-25T15:36:53+00:00\",\"author\":{\"@id\":\"https:\\\/\\\/valenciasjb.salesianos.edu\\\/colegio\\\/#\\\/schema\\\/person\\\/1f45b67e52b27da175190a574db6bed9\"},\"breadcrumb\":{\"@id\":\"https:\\\/\\\/valenciasjb.salesianos.edu\\\/colegio\\\/los-alumnos-de-educacion-infantil-y-primaria-celebraron-su-semana-fallera-en-el-colegio\\\/#breadcrumb\"},\"inLanguage\":\"es\",\"potentialAction\":[{\"@type\":\"ReadAction\",\"target\":[\"https:\\\/\\\/valenciasjb.salesianos.edu\\\/colegio\\\/los-alumnos-de-educacion-infantil-y-primaria-celebraron-su-semana-fallera-en-el-colegio\\\/\"]}]},{\"@type\":\"ImageObject\",\"inLanguage\":\"es\",\"@id\":\"https:\\\/\\\/valenciasjb.salesianos.edu\\\/colegio\\\/los-alumnos-de-educacion-infantil-y-primaria-celebraron-su-semana-fallera-en-el-colegio\\\/#primaryimage\",\"url\":\"https:\\\/\\\/valenciasjb.salesianos.edu\\\/colegio\\\/wp-content\\\/uploads\\\/sites\\\/2\\\/2019\\\/03\\\/Falla-36.jpg\",\"contentUrl\":\"https:\\\/\\\/valenciasjb.salesianos.edu\\\/colegio\\\/wp-content\\\/uploads\\\/sites\\\/2\\\/2019\\\/03\\\/Falla-36.jpg\",\"width\":640,\"height\":480},{\"@type\":\"BreadcrumbList\",\"@id\":\"https:\\\/\\\/valenciasjb.salesianos.edu\\\/colegio\\\/los-alumnos-de-educacion-infantil-y-primaria-celebraron-su-semana-fallera-en-el-colegio\\\/#breadcrumb\",\"itemListElement\":[{\"@type\":\"ListItem\",\"position\":1,\"name\":\"Portada\",\"item\":\"https:\\\/\\\/valenciasjb.salesianos.edu\\\/colegio\\\/\"},{\"@type\":\"ListItem\",\"position\":2,\"name\":\"Los alumnos de Educaci\u00f3n Infantil y primaria celebraron su \u00abSemana Fallera\u00bb en el colegio\"}]},{\"@type\":\"WebSite\",\"@id\":\"https:\\\/\\\/valenciasjb.salesianos.edu\\\/colegio\\\/#website\",\"url\":\"https:\\\/\\\/valenciasjb.salesianos.edu\\\/colegio\\\/\",\"name\":\"Colegio San Juan Bosco Valencia\",\"description\":\"P\u00e1gina oficial del Colegio Salesianos San Juan Bosco Valencia\",\"alternateName\":\"Salesianos.VSJB\",\"potentialAction\":[{\"@type\":\"SearchAction\",\"target\":{\"@type\":\"EntryPoint\",\"urlTemplate\":\"https:\\\/\\\/valenciasjb.salesianos.edu\\\/colegio\\\/?s={search_term_string}\"},\"query-input\":{\"@type\":\"PropertyValueSpecification\",\"valueRequired\":true,\"valueName\":\"search_term_string\"}}],\"inLanguage\":\"es\"},{\"@type\":\"Person\",\"@id\":\"https:\\\/\\\/valenciasjb.salesianos.edu\\\/colegio\\\/#\\\/schema\\\/person\\\/1f45b67e52b27da175190a574db6bed9\",\"name\":\"veronicapastor\",\"image\":{\"@type\":\"ImageObject\",\"inLanguage\":\"es\",\"@id\":\"https:\\\/\\\/secure.gravatar.com\\\/avatar\\\/e29bd40bace3fd935e1d6fdb7313ffc14628cc037c5e16f4c7369b20a2a6f7f0?s=96&d=mm&r=g\",\"url\":\"https:\\\/\\\/secure.gravatar.com\\\/avatar\\\/e29bd40bace3fd935e1d6fdb7313ffc14628cc037c5e16f4c7369b20a2a6f7f0?s=96&d=mm&r=g\",\"contentUrl\":\"https:\\\/\\\/secure.gravatar.com\\\/avatar\\\/e29bd40bace3fd935e1d6fdb7313ffc14628cc037c5e16f4c7369b20a2a6f7f0?s=96&d=mm&r=g\",\"caption\":\"veronicapastor\"}}]}<\/script>\n<!-- \/ Yoast SEO plugin. -->","yoast_head_json":{"title":"Los alumnos de Educaci\u00f3n Infantil y primaria celebraron su \u00abSemana Fallera\u00bb en el colegio - Colegio San Juan Bosco Valencia","robots":{"index":"index","follow":"follow","max-snippet":"max-snippet:-1","max-image-preview":"max-image-preview:large","max-video-preview":"max-video-preview:-1"},"canonical":"https:\/\/valenciasjb.salesianos.edu\/colegio\/los-alumnos-de-educacion-infantil-y-primaria-celebraron-su-semana-fallera-en-el-colegio\/","og_locale":"es_ES","og_type":"article","og_title":"Los alumnos de Educaci\u00f3n Infantil y primaria celebraron su \u00abSemana Fallera\u00bb en el colegio - Colegio San Juan Bosco Valencia","og_description":"Los d\u00edas previos a las\u00a0 vacaciones falleras, los alumnos de Infantil y Primaria disfrutaron de diversas actividades falleras.\u00a0\u00a0 Lourdes Muli\u00f3. Profesora de Infantil Durante los d\u00edas 7 al 14 de marzo, los alumnos de Educaci\u00f3n Infantil vivieron su Semana Fallera en el colegio, bajo el lema \u00abQuina animalada\u00bb. El equipo docente de la etapa prepar\u00f3 [&hellip;]","og_url":"https:\/\/valenciasjb.salesianos.edu\/colegio\/los-alumnos-de-educacion-infantil-y-primaria-celebraron-su-semana-fallera-en-el-colegio\/","og_site_name":"Colegio San Juan Bosco Valencia","article_publisher":"https:\/\/www.facebook.com\/ColegioSalesianoSanJuanBoscoValencia","article_published_time":"2019-03-24T22:12:56+00:00","article_modified_time":"2019-03-25T15:36:53+00:00","og_image":[{"width":640,"height":480,"url":"https:\/\/valenciasjb.salesianos.edu\/colegio\/wp-content\/uploads\/sites\/2\/2019\/03\/Falla-36.jpg","type":"image\/jpeg"}],"author":"veronicapastor","twitter_card":"summary_large_image","twitter_creator":"@SalesianosVSJB","twitter_site":"@SalesianosVSJB","twitter_misc":{"Escrito por":"veronicapastor","Tiempo de lectura":"2 minutos"},"schema":{"@context":"https:\/\/schema.org","@graph":[{"@type":"Article","@id":"https:\/\/valenciasjb.salesianos.edu\/colegio\/los-alumnos-de-educacion-infantil-y-primaria-celebraron-su-semana-fallera-en-el-colegio\/#article","isPartOf":{"@id":"https:\/\/valenciasjb.salesianos.edu\/colegio\/los-alumnos-de-educacion-infantil-y-primaria-celebraron-su-semana-fallera-en-el-colegio\/"},"author":{"name":"veronicapastor","@id":"https:\/\/valenciasjb.salesianos.edu\/colegio\/#\/schema\/person\/1f45b67e52b27da175190a574db6bed9"},"headline":"Los alumnos de Educaci\u00f3n Infantil y primaria celebraron su \u00abSemana Fallera\u00bb en el colegio","datePublished":"2019-03-24T22:12:56+00:00","dateModified":"2019-03-25T15:36:53+00:00","mainEntityOfPage":{"@id":"https:\/\/valenciasjb.salesianos.edu\/colegio\/los-alumnos-de-educacion-infantil-y-primaria-celebraron-su-semana-fallera-en-el-colegio\/"},"wordCount":471,"image":{"@id":"https:\/\/valenciasjb.salesianos.edu\/colegio\/los-alumnos-de-educacion-infantil-y-primaria-celebraron-su-semana-fallera-en-el-colegio\/#primaryimage"},"thumbnailUrl":"https:\/\/valenciasjb.salesianos.edu\/colegio\/wp-content\/uploads\/sites\/2\/2019\/03\/Falla-36.jpg","articleSection":["Noticia Colegio"],"inLanguage":"es"},{"@type":"WebPage","@id":"https:\/\/valenciasjb.salesianos.edu\/colegio\/los-alumnos-de-educacion-infantil-y-primaria-celebraron-su-semana-fallera-en-el-colegio\/","url":"https:\/\/valenciasjb.salesianos.edu\/colegio\/los-alumnos-de-educacion-infantil-y-primaria-celebraron-su-semana-fallera-en-el-colegio\/","name":"Los alumnos de Educaci\u00f3n Infantil y primaria celebraron su \u00abSemana Fallera\u00bb en el colegio - Colegio San Juan Bosco Valencia","isPartOf":{"@id":"https:\/\/valenciasjb.salesianos.edu\/colegio\/#website"},"primaryImageOfPage":{"@id":"https:\/\/valenciasjb.salesianos.edu\/colegio\/los-alumnos-de-educacion-infantil-y-primaria-celebraron-su-semana-fallera-en-el-colegio\/#primaryimage"},"image":{"@id":"https:\/\/valenciasjb.salesianos.edu\/colegio\/los-alumnos-de-educacion-infantil-y-primaria-celebraron-su-semana-fallera-en-el-colegio\/#primaryimage"},"thumbnailUrl":"https:\/\/valenciasjb.salesianos.edu\/colegio\/wp-content\/uploads\/sites\/2\/2019\/03\/Falla-36.jpg","datePublished":"2019-03-24T22:12:56+00:00","dateModified":"2019-03-25T15:36:53+00:00","author":{"@id":"https:\/\/valenciasjb.salesianos.edu\/colegio\/#\/schema\/person\/1f45b67e52b27da175190a574db6bed9"},"breadcrumb":{"@id":"https:\/\/valenciasjb.salesianos.edu\/colegio\/los-alumnos-de-educacion-infantil-y-primaria-celebraron-su-semana-fallera-en-el-colegio\/#breadcrumb"},"inLanguage":"es","potentialAction":[{"@type":"ReadAction","target":["https:\/\/valenciasjb.salesianos.edu\/colegio\/los-alumnos-de-educacion-infantil-y-primaria-celebraron-su-semana-fallera-en-el-colegio\/"]}]},{"@type":"ImageObject","inLanguage":"es","@id":"https:\/\/valenciasjb.salesianos.edu\/colegio\/los-alumnos-de-educacion-infantil-y-primaria-celebraron-su-semana-fallera-en-el-colegio\/#primaryimage","url":"https:\/\/valenciasjb.salesianos.edu\/colegio\/wp-content\/uploads\/sites\/2\/2019\/03\/Falla-36.jpg","contentUrl":"https:\/\/valenciasjb.salesianos.edu\/colegio\/wp-content\/uploads\/sites\/2\/2019\/03\/Falla-36.jpg","width":640,"height":480},{"@type":"BreadcrumbList","@id":"https:\/\/valenciasjb.salesianos.edu\/colegio\/los-alumnos-de-educacion-infantil-y-primaria-celebraron-su-semana-fallera-en-el-colegio\/#breadcrumb","itemListElement":[{"@type":"ListItem","position":1,"name":"Portada","item":"https:\/\/valenciasjb.salesianos.edu\/colegio\/"},{"@type":"ListItem","position":2,"name":"Los alumnos de Educaci\u00f3n Infantil y primaria celebraron su \u00abSemana Fallera\u00bb en el colegio"}]},{"@type":"WebSite","@id":"https:\/\/valenciasjb.salesianos.edu\/colegio\/#website","url":"https:\/\/valenciasjb.salesianos.edu\/colegio\/","name":"Colegio San Juan Bosco Valencia","description":"P\u00e1gina oficial del Colegio Salesianos San Juan Bosco Valencia","alternateName":"Salesianos.VSJB","potentialAction":[{"@type":"SearchAction","target":{"@type":"EntryPoint","urlTemplate":"https:\/\/valenciasjb.salesianos.edu\/colegio\/?s={search_term_string}"},"query-input":{"@type":"PropertyValueSpecification","valueRequired":true,"valueName":"search_term_string"}}],"inLanguage":"es"},{"@type":"Person","@id":"https:\/\/valenciasjb.salesianos.edu\/colegio\/#\/schema\/person\/1f45b67e52b27da175190a574db6bed9","name":"veronicapastor","image":{"@type":"ImageObject","inLanguage":"es","@id":"https:\/\/secure.gravatar.com\/avatar\/e29bd40bace3fd935e1d6fdb7313ffc14628cc037c5e16f4c7369b20a2a6f7f0?s=96&d=mm&r=g","url":"https:\/\/secure.gravatar.com\/avatar\/e29bd40bace3fd935e1d6fdb7313ffc14628cc037c5e16f4c7369b20a2a6f7f0?s=96&d=mm&r=g","contentUrl":"https:\/\/secure.gravatar.com\/avatar\/e29bd40bace3fd935e1d6fdb7313ffc14628cc037c5e16f4c7369b20a2a6f7f0?s=96&d=mm&r=g","caption":"veronicapastor"}}]}},"_links":{"self":[{"href":"https:\/\/valenciasjb.salesianos.edu\/colegio\/wp-json\/wp\/v2\/posts\/10464","targetHints":{"allow":["GET"]}}],"collection":[{"href":"https:\/\/valenciasjb.salesianos.edu\/colegio\/wp-json\/wp\/v2\/posts"}],"about":[{"href":"https:\/\/valenciasjb.salesianos.edu\/colegio\/wp-json\/wp\/v2\/types\/post"}],"author":[{"embeddable":true,"href":"https:\/\/valenciasjb.salesianos.edu\/colegio\/wp-json\/wp\/v2\/users\/6"}],"replies":[{"embeddable":true,"href":"https:\/\/valenciasjb.salesianos.edu\/colegio\/wp-json\/wp\/v2\/comments?post=10464"}],"version-history":[{"count":2,"href":"https:\/\/valenciasjb.salesianos.edu\/colegio\/wp-json\/wp\/v2\/posts\/10464\/revisions"}],"predecessor-version":[{"id":10476,"href":"https:\/\/valenciasjb.salesianos.edu\/colegio\/wp-json\/wp\/v2\/posts\/10464\/revisions\/10476"}],"wp:featuredmedia":[{"embeddable":true,"href":"https:\/\/valenciasjb.salesianos.edu\/colegio\/wp-json\/wp\/v2\/media\/10474"}],"wp:attachment":[{"href":"https:\/\/valenciasjb.salesianos.edu\/colegio\/wp-json\/wp\/v2\/media?parent=10464"}],"wp:term":[{"taxonomy":"category","embeddable":true,"href":"https:\/\/valenciasjb.salesianos.edu\/colegio\/wp-json\/wp\/v2\/categories?post=10464"},{"taxonomy":"post_tag","embeddable":true,"href":"https:\/\/valenciasjb.salesianos.edu\/colegio\/wp-json\/wp\/v2\/tags?post=10464"}],"curies":[{"name":"wp","href":"https:\/\/api.w.org\/{rel}","templated":true}]}}