{"id":10498,"date":"2019-04-05T09:55:17","date_gmt":"2019-04-05T08:55:17","guid":{"rendered":"https:\/\/valenciasjb.salesianos.edu\/colegio\/?p=10498"},"modified":"2019-04-05T09:55:17","modified_gmt":"2019-04-05T08:55:17","slug":"el-alumnado-de-la-asignatura-de-competencia-comunicativa-oral-participa-en-el-proyecto-only-english-cafe","status":"publish","type":"post","link":"https:\/\/valenciasjb.salesianos.edu\/colegio\/el-alumnado-de-la-asignatura-de-competencia-comunicativa-oral-participa-en-el-proyecto-only-english-cafe\/","title":{"rendered":"El alumnado de la asignatura de Competencia Comunicativa Oral participa en el proyecto Only-English Caf\u00e9"},"content":{"rendered":"<div id=\"fb-root\"><\/div>\n<p>[et_pb_section bb_built=\u00bb1&#8243; admin_label=\u00bbsection\u00bb][et_pb_row admin_label=\u00bbrow\u00bb background_position=\u00bbtop_left\u00bb background_repeat=\u00bbrepeat\u00bb background_size=\u00bbinitial\u00bb][et_pb_column type=\u00bb4_4&#8243;][et_pb_text admin_label=\u00bbEntradilla (Texto)\u00bb _builder_version=\u00bb3.19.18&#8243; text_orientation=\u00bbjustified\u00bb text_font=\u00bb|on|||\u00bb module_alignment=\u00bbleft\u00bb]<\/p>\n<div id=\"resumen\"><strong>\u00bfC\u00f3mo conseguir que todo el alumnado hable el mayor tiempo posible (l\u00f3gicamente en ingl\u00e9s) en un ambiente distendido que le aporte confianza? A partir de esta pregunta es como surge el proyecto del \u201cOnly-English Caf\u00e9\u201d. Se basa en la idea de los \u201cEnglish Caf\u00e9s\u201d reales, o cafeter\u00edas internacionales a las que las personas, mientras se toman algo en un ambiente relajado, practican el ingl\u00e9s oral, bien con profesores expertos que trabajan en dichas cafeter\u00edas, o con iguales, por ejemplo estudiantes Erasmus con los que realizan intercambios de conversaci\u00f3n.<\/strong><\/div>\n<p>[\/et_pb_text][et_pb_text admin_label=\u00bbAutor (Texto)\u00bb _builder_version=\u00bb3.19.18&#8243; text_font=\u00bb||on||\u00bb]<\/p>\n<div class=\"et_pb_module et_pb_text et_pb_text_1 et_pb_bg_layout_light  et_pb_text_align_left\">\n<div class=\"et_pb_text_inner\">\n<p>Ver\u00f3nica Pastor, Departamento de Lenguas Extranjeras.<\/p>\n<\/div>\n<\/div>\n<div class=\"et_pb_module et_pb_text et_pb_text_2 et_pb_bg_layout_light  et_pb_text_align_justified\">\n<div class=\"et_pb_text_inner\">\u00a0<\/div>\n<\/div>\n<p>[\/et_pb_text][et_pb_text admin_label=\u00bbDesarrollo (Texto)\u00bb _builder_version=\u00bb3.19.18&#8243; text_orientation=\u00bbjustified\u00bb module_alignment=\u00bbleft\u00bb]<\/p>\n<p>Siguiendo esta idea, en la asignatura de \u201c<b>C<\/b>ompetencia\u00a0<b>C<\/b>omunicativa\u00a0<b>O<\/b>ral\u201d, creamos nuestro particular \u201c<b>C<\/b>ommunicative\u00a0<b>C<\/b>ompetence\u00a0<b>O<\/b>nly-English Caf\u00e9\u201d, tambi\u00e9n llamado \u201cOnly-English Caf\u00e9\u201d. Para ello, la clase se divide en equipos cooperativos heterog\u00e9neos (de 3 o 4 personas) en cuanto a niveles de lengua inglesa e inteligencias m\u00faltiples, de manera que unos aprenden de otros y se apoyan en las habilidades del resto del equipo. La metodolog\u00eda utilizada es Communicative Language Teaching (CLT). En clase s\u00f3lo se habla ingl\u00e9s y, para ello, el equipo firma al inicio de la evaluaci\u00f3n un contrato de \u201cOnly-English\u201d en el que indican qu\u00e9 porcentaje de tiempo se comprometen a hablar s\u00f3lo en ingl\u00e9s. Al final de la evaluaci\u00f3n autoevaluar\u00e1n hasta qu\u00e9 punto lo han conseguido.<\/p>\n<p>Adem\u00e1s, como actividad motivadora, desde la asignatura de Competencia Comunicativa Oral se organiz\u00f3 un English Caf\u00e9 real en la cafeter\u00eda del colegio, con la colaboraci\u00f3n de estudiantes Erasmus de diferentes nacionalidades. Adem\u00e1s de la creaci\u00f3n de grupos de conversaci\u00f3n voluntarios, para la pr\u00e1ctica del ingl\u00e9s fuera del aula.<\/p>\n<p>Con todo ello, esperamos que el alumnado disfrute con el uso de la lengua inglesa, en situaciones lo m\u00e1s reales y \u00fatiles posibles para su vida y ganen en confianza y fluidez. La valoraci\u00f3n de todos los participantes en la actividad del \u00abOnly-English Caf\u00e9\u00bb fue muy positiva, como se muestra en el siguiente v\u00eddeo resumen:<\/p>\n<p><iframe loading=\"lazy\" width=\"1080\" height=\"608\" src=\"https:\/\/www.youtube.com\/embed\/wahxUq3QUhE?feature=oembed\" frameborder=\"0\" allow=\"accelerometer; autoplay; encrypted-media; gyroscope; picture-in-picture\" allowfullscreen><\/iframe><\/p>\n<p>[\/et_pb_text][et_pb_text admin_label=\u00bbT\u00edtulo: Galer\u00eda de fotos (Texto)\u00bb _builder_version=\u00bb3.0.76&#8243; background_layout=\u00bblight\u00bb text_font=\u00bb|on|||\u00bb text_text_color=\u00bb#dc001b\u00bb border_style=\u00bbsolid\u00bb disabled=\u00bboff\u00bb disabled_on=\u00bboff|on|on\u00bb]<\/p>\n<p>Galer\u00eda de im\u00e1genes<\/p>\n<p>[\/et_pb_text][et_pb_gallery _builder_version=\u00bb3.19.18&#8243; posts_number=\u00bb8&#8243; show_title_and_caption=\u00bboff\u00bb zoom_icon_color=\u00bb#dc001b\u00bb hover_overlay_color=\u00bbrgba(255,255,255,0.9)\u00bb hover_icon=\u00bb%%51%%\u00bb disabled=\u00bboff\u00bb disabled_on=\u00bboff|off|off\u00bb gallery_ids=\u00bb10501,10500,10499&#8243; pagination_font_size_tablet=\u00bb51&#8243; pagination_line_height_tablet=\u00bb2&#8243; \/][et_pb_video _builder_version=\u00bb3.19.18&#8243; disabled=\u00bboff\u00bb disabled_on=\u00bboff|off|off\u00bb \/][\/et_pb_column][\/et_pb_row][\/et_pb_section]<\/p>\n<!-- AddThis Advanced Settings generic via filter on the_content --><!-- AddThis Share Buttons generic via filter on the_content -->","protected":false},"excerpt":{"rendered":"<p>\u00bfC\u00f3mo conseguir que todo el alumnado hable el mayor tiempo posible (l\u00f3gicamente en ingl\u00e9s) en un ambiente distendido que le aporte confianza? A partir de esta pregunta es como surge el proyecto del \u201cOnly-English Caf\u00e9\u201d. Se basa en la idea de los \u201cEnglish Caf\u00e9s\u201d reales, o cafeter\u00edas internacionales a las que las personas, mientras se [&hellip;]<\/p>\n<p><!-- AddThis Advanced Settings generic via filter on get_the_excerpt --><!-- AddThis Share Buttons generic via filter on get_the_excerpt --><\/p>\n","protected":false},"author":6,"featured_media":10501,"comment_status":"closed","ping_status":"open","sticky":false,"template":"","format":"standard","meta":{"_et_pb_use_builder":"on","_et_pb_old_content":"","_et_gb_content_width":"","footnotes":""},"categories":[14],"tags":[],"class_list":["post-10498","post","type-post","status-publish","format-standard","has-post-thumbnail","hentry","category-noticia_colegio"],"yoast_head":"<!-- This site is optimized with the Yoast SEO plugin v28.4 - https:\/\/yoast.com\/product\/yoast-seo-wordpress\/ -->\n<title>El alumnado de la asignatura de Competencia Comunicativa Oral participa en el proyecto Only-English Caf\u00e9 - Colegio San Juan Bosco Valencia<\/title>\n<meta name=\"robots\" content=\"index, follow, max-snippet:-1, max-image-preview:large, max-video-preview:-1\" \/>\n<link rel=\"canonical\" href=\"https:\/\/valenciasjb.salesianos.edu\/colegio\/el-alumnado-de-la-asignatura-de-competencia-comunicativa-oral-participa-en-el-proyecto-only-english-cafe\/\" \/>\n<meta property=\"og:locale\" content=\"es_ES\" \/>\n<meta property=\"og:type\" content=\"article\" \/>\n<meta property=\"og:title\" content=\"El alumnado de la asignatura de Competencia Comunicativa Oral participa en el proyecto Only-English Caf\u00e9 - Colegio San Juan Bosco Valencia\" \/>\n<meta property=\"og:description\" content=\"\u00bfC\u00f3mo conseguir que todo el alumnado hable el mayor tiempo posible (l\u00f3gicamente en ingl\u00e9s) en un ambiente distendido que le aporte confianza? A partir de esta pregunta es como surge el proyecto del \u201cOnly-English Caf\u00e9\u201d. Se basa en la idea de los \u201cEnglish Caf\u00e9s\u201d reales, o cafeter\u00edas internacionales a las que las personas, mientras se [&hellip;]\" \/>\n<meta property=\"og:url\" content=\"https:\/\/valenciasjb.salesianos.edu\/colegio\/el-alumnado-de-la-asignatura-de-competencia-comunicativa-oral-participa-en-el-proyecto-only-english-cafe\/\" \/>\n<meta property=\"og:site_name\" content=\"Colegio San Juan Bosco Valencia\" \/>\n<meta property=\"article:publisher\" content=\"https:\/\/www.facebook.com\/ColegioSalesianoSanJuanBoscoValencia\" \/>\n<meta property=\"article:published_time\" content=\"2019-04-05T08:55:17+00:00\" \/>\n<meta property=\"og:image\" content=\"https:\/\/valenciasjb.salesianos.edu\/colegio\/wp-content\/uploads\/sites\/2\/2019\/04\/DSC_9730.jpg\" \/>\n\t<meta property=\"og:image:width\" content=\"6000\" \/>\n\t<meta property=\"og:image:height\" content=\"4000\" \/>\n\t<meta property=\"og:image:type\" content=\"image\/jpeg\" \/>\n<meta name=\"author\" content=\"veronicapastor\" \/>\n<meta name=\"twitter:card\" content=\"summary_large_image\" \/>\n<meta name=\"twitter:creator\" content=\"@SalesianosVSJB\" \/>\n<meta name=\"twitter:site\" content=\"@SalesianosVSJB\" \/>\n<meta name=\"twitter:label1\" content=\"Escrito por\" \/>\n\t<meta name=\"twitter:data1\" content=\"veronicapastor\" \/>\n\t<meta name=\"twitter:label2\" content=\"Tiempo de lectura\" \/>\n\t<meta name=\"twitter:data2\" content=\"3 minutos\" \/>\n<script type=\"application\/ld+json\" class=\"yoast-schema-graph\">{\"@context\":\"https:\\\/\\\/schema.org\",\"@graph\":[{\"@type\":\"Article\",\"@id\":\"https:\\\/\\\/valenciasjb.salesianos.edu\\\/colegio\\\/el-alumnado-de-la-asignatura-de-competencia-comunicativa-oral-participa-en-el-proyecto-only-english-cafe\\\/#article\",\"isPartOf\":{\"@id\":\"https:\\\/\\\/valenciasjb.salesianos.edu\\\/colegio\\\/el-alumnado-de-la-asignatura-de-competencia-comunicativa-oral-participa-en-el-proyecto-only-english-cafe\\\/\"},\"author\":{\"name\":\"veronicapastor\",\"@id\":\"https:\\\/\\\/valenciasjb.salesianos.edu\\\/colegio\\\/#\\\/schema\\\/person\\\/1f45b67e52b27da175190a574db6bed9\"},\"headline\":\"El alumnado de la asignatura de Competencia Comunicativa Oral participa en el proyecto Only-English Caf\u00e9\",\"datePublished\":\"2019-04-05T08:55:17+00:00\",\"mainEntityOfPage\":{\"@id\":\"https:\\\/\\\/valenciasjb.salesianos.edu\\\/colegio\\\/el-alumnado-de-la-asignatura-de-competencia-comunicativa-oral-participa-en-el-proyecto-only-english-cafe\\\/\"},\"wordCount\":554,\"image\":{\"@id\":\"https:\\\/\\\/valenciasjb.salesianos.edu\\\/colegio\\\/el-alumnado-de-la-asignatura-de-competencia-comunicativa-oral-participa-en-el-proyecto-only-english-cafe\\\/#primaryimage\"},\"thumbnailUrl\":\"https:\\\/\\\/valenciasjb.salesianos.edu\\\/colegio\\\/wp-content\\\/uploads\\\/sites\\\/2\\\/2019\\\/04\\\/DSC_9730.jpg\",\"articleSection\":[\"Noticia Colegio\"],\"inLanguage\":\"es\"},{\"@type\":\"WebPage\",\"@id\":\"https:\\\/\\\/valenciasjb.salesianos.edu\\\/colegio\\\/el-alumnado-de-la-asignatura-de-competencia-comunicativa-oral-participa-en-el-proyecto-only-english-cafe\\\/\",\"url\":\"https:\\\/\\\/valenciasjb.salesianos.edu\\\/colegio\\\/el-alumnado-de-la-asignatura-de-competencia-comunicativa-oral-participa-en-el-proyecto-only-english-cafe\\\/\",\"name\":\"El alumnado de la asignatura de Competencia Comunicativa Oral participa en el proyecto Only-English Caf\u00e9 - Colegio San Juan Bosco Valencia\",\"isPartOf\":{\"@id\":\"https:\\\/\\\/valenciasjb.salesianos.edu\\\/colegio\\\/#website\"},\"primaryImageOfPage\":{\"@id\":\"https:\\\/\\\/valenciasjb.salesianos.edu\\\/colegio\\\/el-alumnado-de-la-asignatura-de-competencia-comunicativa-oral-participa-en-el-proyecto-only-english-cafe\\\/#primaryimage\"},\"image\":{\"@id\":\"https:\\\/\\\/valenciasjb.salesianos.edu\\\/colegio\\\/el-alumnado-de-la-asignatura-de-competencia-comunicativa-oral-participa-en-el-proyecto-only-english-cafe\\\/#primaryimage\"},\"thumbnailUrl\":\"https:\\\/\\\/valenciasjb.salesianos.edu\\\/colegio\\\/wp-content\\\/uploads\\\/sites\\\/2\\\/2019\\\/04\\\/DSC_9730.jpg\",\"datePublished\":\"2019-04-05T08:55:17+00:00\",\"author\":{\"@id\":\"https:\\\/\\\/valenciasjb.salesianos.edu\\\/colegio\\\/#\\\/schema\\\/person\\\/1f45b67e52b27da175190a574db6bed9\"},\"breadcrumb\":{\"@id\":\"https:\\\/\\\/valenciasjb.salesianos.edu\\\/colegio\\\/el-alumnado-de-la-asignatura-de-competencia-comunicativa-oral-participa-en-el-proyecto-only-english-cafe\\\/#breadcrumb\"},\"inLanguage\":\"es\",\"potentialAction\":[{\"@type\":\"ReadAction\",\"target\":[\"https:\\\/\\\/valenciasjb.salesianos.edu\\\/colegio\\\/el-alumnado-de-la-asignatura-de-competencia-comunicativa-oral-participa-en-el-proyecto-only-english-cafe\\\/\"]}]},{\"@type\":\"ImageObject\",\"inLanguage\":\"es\",\"@id\":\"https:\\\/\\\/valenciasjb.salesianos.edu\\\/colegio\\\/el-alumnado-de-la-asignatura-de-competencia-comunicativa-oral-participa-en-el-proyecto-only-english-cafe\\\/#primaryimage\",\"url\":\"https:\\\/\\\/valenciasjb.salesianos.edu\\\/colegio\\\/wp-content\\\/uploads\\\/sites\\\/2\\\/2019\\\/04\\\/DSC_9730.jpg\",\"contentUrl\":\"https:\\\/\\\/valenciasjb.salesianos.edu\\\/colegio\\\/wp-content\\\/uploads\\\/sites\\\/2\\\/2019\\\/04\\\/DSC_9730.jpg\",\"width\":6000,\"height\":4000},{\"@type\":\"BreadcrumbList\",\"@id\":\"https:\\\/\\\/valenciasjb.salesianos.edu\\\/colegio\\\/el-alumnado-de-la-asignatura-de-competencia-comunicativa-oral-participa-en-el-proyecto-only-english-cafe\\\/#breadcrumb\",\"itemListElement\":[{\"@type\":\"ListItem\",\"position\":1,\"name\":\"Portada\",\"item\":\"https:\\\/\\\/valenciasjb.salesianos.edu\\\/colegio\\\/\"},{\"@type\":\"ListItem\",\"position\":2,\"name\":\"El alumnado de la asignatura de Competencia Comunicativa Oral participa en el proyecto Only-English Caf\u00e9\"}]},{\"@type\":\"WebSite\",\"@id\":\"https:\\\/\\\/valenciasjb.salesianos.edu\\\/colegio\\\/#website\",\"url\":\"https:\\\/\\\/valenciasjb.salesianos.edu\\\/colegio\\\/\",\"name\":\"Colegio San Juan Bosco Valencia\",\"description\":\"P\u00e1gina oficial del Colegio Salesianos San Juan Bosco Valencia\",\"alternateName\":\"Salesianos.VSJB\",\"potentialAction\":[{\"@type\":\"SearchAction\",\"target\":{\"@type\":\"EntryPoint\",\"urlTemplate\":\"https:\\\/\\\/valenciasjb.salesianos.edu\\\/colegio\\\/?s={search_term_string}\"},\"query-input\":{\"@type\":\"PropertyValueSpecification\",\"valueRequired\":true,\"valueName\":\"search_term_string\"}}],\"inLanguage\":\"es\"},{\"@type\":\"Person\",\"@id\":\"https:\\\/\\\/valenciasjb.salesianos.edu\\\/colegio\\\/#\\\/schema\\\/person\\\/1f45b67e52b27da175190a574db6bed9\",\"name\":\"veronicapastor\",\"image\":{\"@type\":\"ImageObject\",\"inLanguage\":\"es\",\"@id\":\"https:\\\/\\\/secure.gravatar.com\\\/avatar\\\/e29bd40bace3fd935e1d6fdb7313ffc14628cc037c5e16f4c7369b20a2a6f7f0?s=96&d=mm&r=g\",\"url\":\"https:\\\/\\\/secure.gravatar.com\\\/avatar\\\/e29bd40bace3fd935e1d6fdb7313ffc14628cc037c5e16f4c7369b20a2a6f7f0?s=96&d=mm&r=g\",\"contentUrl\":\"https:\\\/\\\/secure.gravatar.com\\\/avatar\\\/e29bd40bace3fd935e1d6fdb7313ffc14628cc037c5e16f4c7369b20a2a6f7f0?s=96&d=mm&r=g\",\"caption\":\"veronicapastor\"}}]}<\/script>\n<!-- \/ Yoast SEO plugin. -->","yoast_head_json":{"title":"El alumnado de la asignatura de Competencia Comunicativa Oral participa en el proyecto Only-English Caf\u00e9 - Colegio San Juan Bosco Valencia","robots":{"index":"index","follow":"follow","max-snippet":"max-snippet:-1","max-image-preview":"max-image-preview:large","max-video-preview":"max-video-preview:-1"},"canonical":"https:\/\/valenciasjb.salesianos.edu\/colegio\/el-alumnado-de-la-asignatura-de-competencia-comunicativa-oral-participa-en-el-proyecto-only-english-cafe\/","og_locale":"es_ES","og_type":"article","og_title":"El alumnado de la asignatura de Competencia Comunicativa Oral participa en el proyecto Only-English Caf\u00e9 - Colegio San Juan Bosco Valencia","og_description":"\u00bfC\u00f3mo conseguir que todo el alumnado hable el mayor tiempo posible (l\u00f3gicamente en ingl\u00e9s) en un ambiente distendido que le aporte confianza? A partir de esta pregunta es como surge el proyecto del \u201cOnly-English Caf\u00e9\u201d. Se basa en la idea de los \u201cEnglish Caf\u00e9s\u201d reales, o cafeter\u00edas internacionales a las que las personas, mientras se [&hellip;]","og_url":"https:\/\/valenciasjb.salesianos.edu\/colegio\/el-alumnado-de-la-asignatura-de-competencia-comunicativa-oral-participa-en-el-proyecto-only-english-cafe\/","og_site_name":"Colegio San Juan Bosco Valencia","article_publisher":"https:\/\/www.facebook.com\/ColegioSalesianoSanJuanBoscoValencia","article_published_time":"2019-04-05T08:55:17+00:00","og_image":[{"width":6000,"height":4000,"url":"https:\/\/valenciasjb.salesianos.edu\/colegio\/wp-content\/uploads\/sites\/2\/2019\/04\/DSC_9730.jpg","type":"image\/jpeg"}],"author":"veronicapastor","twitter_card":"summary_large_image","twitter_creator":"@SalesianosVSJB","twitter_site":"@SalesianosVSJB","twitter_misc":{"Escrito por":"veronicapastor","Tiempo de lectura":"3 minutos"},"schema":{"@context":"https:\/\/schema.org","@graph":[{"@type":"Article","@id":"https:\/\/valenciasjb.salesianos.edu\/colegio\/el-alumnado-de-la-asignatura-de-competencia-comunicativa-oral-participa-en-el-proyecto-only-english-cafe\/#article","isPartOf":{"@id":"https:\/\/valenciasjb.salesianos.edu\/colegio\/el-alumnado-de-la-asignatura-de-competencia-comunicativa-oral-participa-en-el-proyecto-only-english-cafe\/"},"author":{"name":"veronicapastor","@id":"https:\/\/valenciasjb.salesianos.edu\/colegio\/#\/schema\/person\/1f45b67e52b27da175190a574db6bed9"},"headline":"El alumnado de la asignatura de Competencia Comunicativa Oral participa en el proyecto Only-English Caf\u00e9","datePublished":"2019-04-05T08:55:17+00:00","mainEntityOfPage":{"@id":"https:\/\/valenciasjb.salesianos.edu\/colegio\/el-alumnado-de-la-asignatura-de-competencia-comunicativa-oral-participa-en-el-proyecto-only-english-cafe\/"},"wordCount":554,"image":{"@id":"https:\/\/valenciasjb.salesianos.edu\/colegio\/el-alumnado-de-la-asignatura-de-competencia-comunicativa-oral-participa-en-el-proyecto-only-english-cafe\/#primaryimage"},"thumbnailUrl":"https:\/\/valenciasjb.salesianos.edu\/colegio\/wp-content\/uploads\/sites\/2\/2019\/04\/DSC_9730.jpg","articleSection":["Noticia Colegio"],"inLanguage":"es"},{"@type":"WebPage","@id":"https:\/\/valenciasjb.salesianos.edu\/colegio\/el-alumnado-de-la-asignatura-de-competencia-comunicativa-oral-participa-en-el-proyecto-only-english-cafe\/","url":"https:\/\/valenciasjb.salesianos.edu\/colegio\/el-alumnado-de-la-asignatura-de-competencia-comunicativa-oral-participa-en-el-proyecto-only-english-cafe\/","name":"El alumnado de la asignatura de Competencia Comunicativa Oral participa en el proyecto Only-English Caf\u00e9 - Colegio San Juan Bosco Valencia","isPartOf":{"@id":"https:\/\/valenciasjb.salesianos.edu\/colegio\/#website"},"primaryImageOfPage":{"@id":"https:\/\/valenciasjb.salesianos.edu\/colegio\/el-alumnado-de-la-asignatura-de-competencia-comunicativa-oral-participa-en-el-proyecto-only-english-cafe\/#primaryimage"},"image":{"@id":"https:\/\/valenciasjb.salesianos.edu\/colegio\/el-alumnado-de-la-asignatura-de-competencia-comunicativa-oral-participa-en-el-proyecto-only-english-cafe\/#primaryimage"},"thumbnailUrl":"https:\/\/valenciasjb.salesianos.edu\/colegio\/wp-content\/uploads\/sites\/2\/2019\/04\/DSC_9730.jpg","datePublished":"2019-04-05T08:55:17+00:00","author":{"@id":"https:\/\/valenciasjb.salesianos.edu\/colegio\/#\/schema\/person\/1f45b67e52b27da175190a574db6bed9"},"breadcrumb":{"@id":"https:\/\/valenciasjb.salesianos.edu\/colegio\/el-alumnado-de-la-asignatura-de-competencia-comunicativa-oral-participa-en-el-proyecto-only-english-cafe\/#breadcrumb"},"inLanguage":"es","potentialAction":[{"@type":"ReadAction","target":["https:\/\/valenciasjb.salesianos.edu\/colegio\/el-alumnado-de-la-asignatura-de-competencia-comunicativa-oral-participa-en-el-proyecto-only-english-cafe\/"]}]},{"@type":"ImageObject","inLanguage":"es","@id":"https:\/\/valenciasjb.salesianos.edu\/colegio\/el-alumnado-de-la-asignatura-de-competencia-comunicativa-oral-participa-en-el-proyecto-only-english-cafe\/#primaryimage","url":"https:\/\/valenciasjb.salesianos.edu\/colegio\/wp-content\/uploads\/sites\/2\/2019\/04\/DSC_9730.jpg","contentUrl":"https:\/\/valenciasjb.salesianos.edu\/colegio\/wp-content\/uploads\/sites\/2\/2019\/04\/DSC_9730.jpg","width":6000,"height":4000},{"@type":"BreadcrumbList","@id":"https:\/\/valenciasjb.salesianos.edu\/colegio\/el-alumnado-de-la-asignatura-de-competencia-comunicativa-oral-participa-en-el-proyecto-only-english-cafe\/#breadcrumb","itemListElement":[{"@type":"ListItem","position":1,"name":"Portada","item":"https:\/\/valenciasjb.salesianos.edu\/colegio\/"},{"@type":"ListItem","position":2,"name":"El alumnado de la asignatura de Competencia Comunicativa Oral participa en el proyecto Only-English Caf\u00e9"}]},{"@type":"WebSite","@id":"https:\/\/valenciasjb.salesianos.edu\/colegio\/#website","url":"https:\/\/valenciasjb.salesianos.edu\/colegio\/","name":"Colegio San Juan Bosco Valencia","description":"P\u00e1gina oficial del Colegio Salesianos San Juan Bosco Valencia","alternateName":"Salesianos.VSJB","potentialAction":[{"@type":"SearchAction","target":{"@type":"EntryPoint","urlTemplate":"https:\/\/valenciasjb.salesianos.edu\/colegio\/?s={search_term_string}"},"query-input":{"@type":"PropertyValueSpecification","valueRequired":true,"valueName":"search_term_string"}}],"inLanguage":"es"},{"@type":"Person","@id":"https:\/\/valenciasjb.salesianos.edu\/colegio\/#\/schema\/person\/1f45b67e52b27da175190a574db6bed9","name":"veronicapastor","image":{"@type":"ImageObject","inLanguage":"es","@id":"https:\/\/secure.gravatar.com\/avatar\/e29bd40bace3fd935e1d6fdb7313ffc14628cc037c5e16f4c7369b20a2a6f7f0?s=96&d=mm&r=g","url":"https:\/\/secure.gravatar.com\/avatar\/e29bd40bace3fd935e1d6fdb7313ffc14628cc037c5e16f4c7369b20a2a6f7f0?s=96&d=mm&r=g","contentUrl":"https:\/\/secure.gravatar.com\/avatar\/e29bd40bace3fd935e1d6fdb7313ffc14628cc037c5e16f4c7369b20a2a6f7f0?s=96&d=mm&r=g","caption":"veronicapastor"}}]}},"_links":{"self":[{"href":"https:\/\/valenciasjb.salesianos.edu\/colegio\/wp-json\/wp\/v2\/posts\/10498","targetHints":{"allow":["GET"]}}],"collection":[{"href":"https:\/\/valenciasjb.salesianos.edu\/colegio\/wp-json\/wp\/v2\/posts"}],"about":[{"href":"https:\/\/valenciasjb.salesianos.edu\/colegio\/wp-json\/wp\/v2\/types\/post"}],"author":[{"embeddable":true,"href":"https:\/\/valenciasjb.salesianos.edu\/colegio\/wp-json\/wp\/v2\/users\/6"}],"replies":[{"embeddable":true,"href":"https:\/\/valenciasjb.salesianos.edu\/colegio\/wp-json\/wp\/v2\/comments?post=10498"}],"version-history":[{"count":1,"href":"https:\/\/valenciasjb.salesianos.edu\/colegio\/wp-json\/wp\/v2\/posts\/10498\/revisions"}],"predecessor-version":[{"id":10502,"href":"https:\/\/valenciasjb.salesianos.edu\/colegio\/wp-json\/wp\/v2\/posts\/10498\/revisions\/10502"}],"wp:featuredmedia":[{"embeddable":true,"href":"https:\/\/valenciasjb.salesianos.edu\/colegio\/wp-json\/wp\/v2\/media\/10501"}],"wp:attachment":[{"href":"https:\/\/valenciasjb.salesianos.edu\/colegio\/wp-json\/wp\/v2\/media?parent=10498"}],"wp:term":[{"taxonomy":"category","embeddable":true,"href":"https:\/\/valenciasjb.salesianos.edu\/colegio\/wp-json\/wp\/v2\/categories?post=10498"},{"taxonomy":"post_tag","embeddable":true,"href":"https:\/\/valenciasjb.salesianos.edu\/colegio\/wp-json\/wp\/v2\/tags?post=10498"}],"curies":[{"name":"wp","href":"https:\/\/api.w.org\/{rel}","templated":true}]}}