{"id":10547,"date":"2019-04-07T21:41:32","date_gmt":"2019-04-07T20:41:32","guid":{"rendered":"https:\/\/valenciasjb.salesianos.edu\/colegio\/?p=10547"},"modified":"2019-04-08T16:42:17","modified_gmt":"2019-04-08T15:42:17","slug":"los-medios-se-hacen-eco-del-concierto-solidario-godspell","status":"publish","type":"post","link":"https:\/\/valenciasjb.salesianos.edu\/colegio\/los-medios-se-hacen-eco-del-concierto-solidario-godspell\/","title":{"rendered":"Los medios se hacen eco del Concierto Solidario Godspell"},"content":{"rendered":"<div id=\"fb-root\"><\/div>\n<p>[et_pb_section bb_built=\u00bb1&#8243; admin_label=\u00bbsection\u00bb][et_pb_row admin_label=\u00bbrow\u00bb background_position=\u00bbtop_left\u00bb background_repeat=\u00bbrepeat\u00bb background_size=\u00bbinitial\u00bb][et_pb_column type=\u00bb4_4&#8243;][et_pb_text admin_label=\u00bbEntradilla (Texto)\u00bb _builder_version=\u00bb3.19.18&#8243; text_orientation=\u00bbjustified\u00bb text_font=\u00bb|on|||\u00bb module_alignment=\u00bbleft\u00bb]<\/p>\n<div id=\"resumen\">\n<div class=\"et_pb_module et_pb_text et_pb_text_0 et_pb_bg_layout_light et_pb_text_align_justified\">\n<div class=\"et_pb_text_inner\">\n<p>El Colegio Salesiano San Juan Bosco de Valencia, una vez m\u00e1s, aparece en los medios de comunicaci\u00f3n como promotor de la solidaridad y de b\u00fasqueda de un mundo m\u00e1s justo y fraterno, valores que trata de inculcar entre sus alumnos y alumnas, con la colaboraci\u00f3n de toda la comunidad educativa.<\/p>\n<\/div>\n<\/div>\n<\/div>\n<div>\u00a0<\/div>\n<p>[\/et_pb_text][et_pb_text admin_label=\u00bbAutor (Texto)\u00bb _builder_version=\u00bb3.0.85&#8243; background_layout=\u00bblight\u00bb text_font=\u00bb||on||\u00bb]<\/p>\n<p>Redacci\u00f3n<\/p>\n<p>[\/et_pb_text][et_pb_text admin_label=\u00bbDesarrollo (Texto)\u00bb _builder_version=\u00bb3.19.18&#8243; text_orientation=\u00bbjustified\u00bb module_alignment=\u00bbleft\u00bb]<\/p>\n<p>El Musical Solidario \u201cGodspell\u201d anuncia su reestreno el pr\u00f3ximo martes, d\u00eda 16 de abril, a las 20 horas, en el teatro La Rambleta. Un espect\u00e1culo del que ya se est\u00e1n haciendo eco los medios de comunicaci\u00f3n.<\/p>\n<p>Nuestro colegio se define en su \u201c<strong><em>Misi\u00f3n, Visi\u00f3n y Valores<\/em>\u201d\u00a0<\/strong>como escuela innovadora, creativa y evangelizadora. Es por ello que el\u00a0<strong><em>Colegio Salesianos San Juan Bosco<\/em><\/strong>\u00a0promueve, un a\u00f1o m\u00e1s, u<em>n proyecto con una larga trayectoria, que cuenta con premios y menciones, as\u00ed como el apoyo de importantes fundaciones y ONGs.<\/em>\u00a0Este proyecto une a toda la Comunidad Educativa a trav\u00e9s del arte y la solidaridad en forma de un musical.<\/p>\n<p><strong><em>\u00a0\u00a0\u00a0\u00a0\u00a0\u00a0\u00a0\u00a0\u00a0\u00a0Godspell<\/em><\/strong>\u00a0es el t\u00edtulo del Musical Solidario que estrenamos este curso. Un espect\u00e1culo,\u00a0<strong>todo en directo<\/strong>. Una adaptaci\u00f3n propia del gui\u00f3n original del musical, que se reestren\u00f3 por \u00faltima vez en Broadway en el a\u00f1o 2012. Una manera divertida de contar la historia de la Biblia, donde el espectador podr\u00e1 ver c\u00f3mo ser\u00eda la historia de Jes\u00fas si volviera en nuestros d\u00edas. Todo adaptado al contexto y situaciones del d\u00eda de hoy. Esta iniciativa vuelve a reunir a m\u00e1s de 240 participantes entre padres, madres, profesorado, alumnos, ex alumnos, Personal de Administraci\u00f3n y Servicios y miembros de toda la comunidad educativa.<\/p>\n<p>Todos los beneficios recaudados en esta nueva representaci\u00f3n ir\u00e1n destinados al proyecto de Misiones Salesianas en Don Bosco Fambul, Freetown, en Sierra Leona. Gracias al programa \u201cGirls Os+\u201d rescatan a las ni\u00f1as en situaci\u00f3n de abusos, o que ejercen la prostituci\u00f3n en las calles de Freetown. \u201cLes ofrecen un hogar-refugio seguro donde vivir (Don Bosco Fambul), unos estudios y, finalmente, les ayudan a conseguir el trabajo para el que han estudiado y que les permite desarrollar todo su potencial y ser felices\u201d, han a\u00f1adido.<\/p>\n<p>Las entradas para este evento solidario pueden conseguirse en el siguiente enlace:<br \/><a href=\"https:\/\/goo.gl\/jX5bzo\">https:\/\/goo.gl\/jX5bzo<\/a><\/p>\n<p>Este proyecto ha recibido \u201cnumerosas felicitaciones\u201d, entre ellas de la Casa Real por su contribuci\u00f3n a la sociedad y fue finalista auton\u00f3mico en los Premios Nacionales de Acci\u00f3n Magistral. Adem\u00e1s, se trata de un proyecto que ha recibido durante dos a\u00f1os consecutivos la subvenci\u00f3n de la Generalitat Valenciana en la convocatoria de Proyectos de Investigaci\u00f3n e Innovaci\u00f3n Educativa (PIIE).<\/p>\n<p>Noticias sobre el reestreno de Godspell:<\/p>\n<p>Levante: <a href=\"https:\/\/www.levante-emv.com\/solidarios\/2019\/03\/28\/collegi-salesia-san-juan-bosco\/1854636.html\">https:\/\/www.levante-emv.com\/solidarios\/2019\/03\/28\/collegi-salesia-san-juan-bosco\/1854636.html<\/a><\/p>\n<p>La Vanguardia: <a href=\"https:\/\/www.lavanguardia.com\/local\/valencia\/20190329\/461323920289\/el-colegio-salesianos-de-valencia-reestrena-el-musical-solidario-godspell.html\">https:\/\/www.lavanguardia.com\/local\/valencia\/20190329\/461323920289\/el-colegio-salesianos-de-valencia-reestrena-el-musical-solidario-godspell.html<\/a><\/p>\n<p>Agencia Avan: <a href=\"http:\/\/www.archivalencia.org\/contenido.php?a=6&amp;pad=6&amp;modulo=37&amp;id=18174&amp;pagina=1\">http:\/\/www.archivalencia.org\/contenido.php?a=6&amp;pad=6&amp;modulo=37&amp;id=18174&amp;pagina=1<\/a><\/p>\n<p>Salesianos.edu: <a href=\"https:\/\/salesianos.edu\/Articulos\/11269\/1\/1\/Salesianos-San-Juan-Bosco-lleva-Godspell-al-teatro-valenciano-de-La-Rambleta\">https:\/\/salesianos.edu\/Articulos\/11269\/1\/1\/Salesianos-San-Juan-Bosco-lleva-Godspell-al-teatro-valenciano-de-La-Rambleta<\/a><\/p>\n<p>La Ocho Mediterr\u00e1neo, \u00ab\u00daltima Ronda\u00bb: <a href=\"http:\/\/www.laocho.tv\/es\/video\/e-8563\/\">http:\/\/www.laocho.tv\/es\/video\/e-8563\/<\/a><\/p>\n<p>Revista Misiones Salesianas.<\/p>\n<p>Revista Paraula.<\/p>\n<p>[\/et_pb_text][et_pb_text admin_label=\u00bbT\u00edtulo: Galer\u00eda de fotos (Texto)\u00bb _builder_version=\u00bb3.0.76&#8243; background_layout=\u00bblight\u00bb text_font=\u00bb|on|||\u00bb text_text_color=\u00bb#dc001b\u00bb border_style=\u00bbsolid\u00bb disabled=\u00bboff\u00bb disabled_on=\u00bboff|on|on\u00bb]<\/p>\n<p>Galer\u00eda de im\u00e1genes<\/p>\n<p>[\/et_pb_text][et_pb_gallery _builder_version=\u00bb3.19.18&#8243; posts_number=\u00bb8&#8243; show_title_and_caption=\u00bboff\u00bb zoom_icon_color=\u00bb#dc001b\u00bb hover_overlay_color=\u00bbrgba(255,255,255,0.9)\u00bb hover_icon=\u00bb%%51%%\u00bb disabled=\u00bboff\u00bb disabled_on=\u00bboff|off|off\u00bb gallery_ids=\u00bb10551,10550,10549,10548&#8243; pagination_font_size_tablet=\u00bb51&#8243; pagination_line_height_tablet=\u00bb2&#8243; \/][et_pb_video _builder_version=\u00bb3.0.51&#8243; disabled=\u00bbon\u00bb disabled_on=\u00bbon|on|on\u00bb \/][\/et_pb_column][\/et_pb_row][\/et_pb_section]<\/p>\n<!-- AddThis Advanced Settings generic via filter on the_content --><!-- AddThis Share Buttons generic via filter on the_content -->","protected":false},"excerpt":{"rendered":"<p>El Colegio Salesiano San Juan Bosco de Valencia, una vez m\u00e1s, aparece en los medios de comunicaci\u00f3n como promotor de la solidaridad y de b\u00fasqueda de un mundo m\u00e1s justo y fraterno, valores que trata de inculcar entre sus alumnos y alumnas, con la colaboraci\u00f3n de toda la comunidad educativa. \u00a0 Redacci\u00f3n El Musical Solidario [&hellip;]<\/p>\n<p><!-- AddThis Advanced Settings generic via filter on get_the_excerpt --><!-- AddThis Share Buttons generic via filter on get_the_excerpt --><\/p>\n","protected":false},"author":6,"featured_media":10549,"comment_status":"closed","ping_status":"open","sticky":false,"template":"","format":"standard","meta":{"_et_pb_use_builder":"on","_et_pb_old_content":"","_et_gb_content_width":"","footnotes":""},"categories":[14],"tags":[],"class_list":["post-10547","post","type-post","status-publish","format-standard","has-post-thumbnail","hentry","category-noticia_colegio"],"yoast_head":"<!-- This site is optimized with the Yoast SEO plugin v28.4 - https:\/\/yoast.com\/product\/yoast-seo-wordpress\/ -->\n<title>Los medios se hacen eco del Concierto Solidario Godspell - Colegio San Juan Bosco Valencia<\/title>\n<meta name=\"robots\" content=\"index, follow, max-snippet:-1, max-image-preview:large, max-video-preview:-1\" \/>\n<link rel=\"canonical\" href=\"https:\/\/valenciasjb.salesianos.edu\/colegio\/los-medios-se-hacen-eco-del-concierto-solidario-godspell\/\" \/>\n<meta property=\"og:locale\" content=\"es_ES\" \/>\n<meta property=\"og:type\" content=\"article\" \/>\n<meta property=\"og:title\" content=\"Los medios se hacen eco del Concierto Solidario Godspell - Colegio San Juan Bosco Valencia\" \/>\n<meta property=\"og:description\" content=\"El Colegio Salesiano San Juan Bosco de Valencia, una vez m\u00e1s, aparece en los medios de comunicaci\u00f3n como promotor de la solidaridad y de b\u00fasqueda de un mundo m\u00e1s justo y fraterno, valores que trata de inculcar entre sus alumnos y alumnas, con la colaboraci\u00f3n de toda la comunidad educativa. \u00a0 Redacci\u00f3n El Musical Solidario [&hellip;]\" \/>\n<meta property=\"og:url\" content=\"https:\/\/valenciasjb.salesianos.edu\/colegio\/los-medios-se-hacen-eco-del-concierto-solidario-godspell\/\" \/>\n<meta property=\"og:site_name\" content=\"Colegio San Juan Bosco Valencia\" \/>\n<meta property=\"article:publisher\" content=\"https:\/\/www.facebook.com\/ColegioSalesianoSanJuanBoscoValencia\" \/>\n<meta property=\"article:published_time\" content=\"2019-04-07T20:41:32+00:00\" \/>\n<meta property=\"article:modified_time\" content=\"2019-04-08T15:42:17+00:00\" \/>\n<meta property=\"og:image\" content=\"https:\/\/valenciasjb.salesianos.edu\/colegio\/wp-content\/uploads\/sites\/2\/2019\/04\/LevanteGodspell.png\" \/>\n\t<meta property=\"og:image:width\" content=\"1183\" \/>\n\t<meta property=\"og:image:height\" content=\"1740\" \/>\n\t<meta property=\"og:image:type\" content=\"image\/png\" \/>\n<meta name=\"author\" content=\"veronicapastor\" \/>\n<meta name=\"twitter:card\" content=\"summary_large_image\" \/>\n<meta name=\"twitter:creator\" content=\"@SalesianosVSJB\" \/>\n<meta name=\"twitter:site\" content=\"@SalesianosVSJB\" \/>\n<meta name=\"twitter:label1\" content=\"Escrito por\" \/>\n\t<meta name=\"twitter:data1\" content=\"veronicapastor\" \/>\n\t<meta name=\"twitter:label2\" content=\"Tiempo de lectura\" \/>\n\t<meta name=\"twitter:data2\" content=\"4 minutos\" \/>\n<script type=\"application\/ld+json\" class=\"yoast-schema-graph\">{\"@context\":\"https:\\\/\\\/schema.org\",\"@graph\":[{\"@type\":\"Article\",\"@id\":\"https:\\\/\\\/valenciasjb.salesianos.edu\\\/colegio\\\/los-medios-se-hacen-eco-del-concierto-solidario-godspell\\\/#article\",\"isPartOf\":{\"@id\":\"https:\\\/\\\/valenciasjb.salesianos.edu\\\/colegio\\\/los-medios-se-hacen-eco-del-concierto-solidario-godspell\\\/\"},\"author\":{\"name\":\"veronicapastor\",\"@id\":\"https:\\\/\\\/valenciasjb.salesianos.edu\\\/colegio\\\/#\\\/schema\\\/person\\\/1f45b67e52b27da175190a574db6bed9\"},\"headline\":\"Los medios se hacen eco del Concierto Solidario Godspell\",\"datePublished\":\"2019-04-07T20:41:32+00:00\",\"dateModified\":\"2019-04-08T15:42:17+00:00\",\"mainEntityOfPage\":{\"@id\":\"https:\\\/\\\/valenciasjb.salesianos.edu\\\/colegio\\\/los-medios-se-hacen-eco-del-concierto-solidario-godspell\\\/\"},\"wordCount\":721,\"image\":{\"@id\":\"https:\\\/\\\/valenciasjb.salesianos.edu\\\/colegio\\\/los-medios-se-hacen-eco-del-concierto-solidario-godspell\\\/#primaryimage\"},\"thumbnailUrl\":\"https:\\\/\\\/valenciasjb.salesianos.edu\\\/colegio\\\/wp-content\\\/uploads\\\/sites\\\/2\\\/2019\\\/04\\\/LevanteGodspell.png\",\"articleSection\":[\"Noticia Colegio\"],\"inLanguage\":\"es\"},{\"@type\":\"WebPage\",\"@id\":\"https:\\\/\\\/valenciasjb.salesianos.edu\\\/colegio\\\/los-medios-se-hacen-eco-del-concierto-solidario-godspell\\\/\",\"url\":\"https:\\\/\\\/valenciasjb.salesianos.edu\\\/colegio\\\/los-medios-se-hacen-eco-del-concierto-solidario-godspell\\\/\",\"name\":\"Los medios se hacen eco del Concierto Solidario Godspell - Colegio San Juan Bosco Valencia\",\"isPartOf\":{\"@id\":\"https:\\\/\\\/valenciasjb.salesianos.edu\\\/colegio\\\/#website\"},\"primaryImageOfPage\":{\"@id\":\"https:\\\/\\\/valenciasjb.salesianos.edu\\\/colegio\\\/los-medios-se-hacen-eco-del-concierto-solidario-godspell\\\/#primaryimage\"},\"image\":{\"@id\":\"https:\\\/\\\/valenciasjb.salesianos.edu\\\/colegio\\\/los-medios-se-hacen-eco-del-concierto-solidario-godspell\\\/#primaryimage\"},\"thumbnailUrl\":\"https:\\\/\\\/valenciasjb.salesianos.edu\\\/colegio\\\/wp-content\\\/uploads\\\/sites\\\/2\\\/2019\\\/04\\\/LevanteGodspell.png\",\"datePublished\":\"2019-04-07T20:41:32+00:00\",\"dateModified\":\"2019-04-08T15:42:17+00:00\",\"author\":{\"@id\":\"https:\\\/\\\/valenciasjb.salesianos.edu\\\/colegio\\\/#\\\/schema\\\/person\\\/1f45b67e52b27da175190a574db6bed9\"},\"breadcrumb\":{\"@id\":\"https:\\\/\\\/valenciasjb.salesianos.edu\\\/colegio\\\/los-medios-se-hacen-eco-del-concierto-solidario-godspell\\\/#breadcrumb\"},\"inLanguage\":\"es\",\"potentialAction\":[{\"@type\":\"ReadAction\",\"target\":[\"https:\\\/\\\/valenciasjb.salesianos.edu\\\/colegio\\\/los-medios-se-hacen-eco-del-concierto-solidario-godspell\\\/\"]}]},{\"@type\":\"ImageObject\",\"inLanguage\":\"es\",\"@id\":\"https:\\\/\\\/valenciasjb.salesianos.edu\\\/colegio\\\/los-medios-se-hacen-eco-del-concierto-solidario-godspell\\\/#primaryimage\",\"url\":\"https:\\\/\\\/valenciasjb.salesianos.edu\\\/colegio\\\/wp-content\\\/uploads\\\/sites\\\/2\\\/2019\\\/04\\\/LevanteGodspell.png\",\"contentUrl\":\"https:\\\/\\\/valenciasjb.salesianos.edu\\\/colegio\\\/wp-content\\\/uploads\\\/sites\\\/2\\\/2019\\\/04\\\/LevanteGodspell.png\",\"width\":1183,\"height\":1740},{\"@type\":\"BreadcrumbList\",\"@id\":\"https:\\\/\\\/valenciasjb.salesianos.edu\\\/colegio\\\/los-medios-se-hacen-eco-del-concierto-solidario-godspell\\\/#breadcrumb\",\"itemListElement\":[{\"@type\":\"ListItem\",\"position\":1,\"name\":\"Portada\",\"item\":\"https:\\\/\\\/valenciasjb.salesianos.edu\\\/colegio\\\/\"},{\"@type\":\"ListItem\",\"position\":2,\"name\":\"Los medios se hacen eco del Concierto Solidario Godspell\"}]},{\"@type\":\"WebSite\",\"@id\":\"https:\\\/\\\/valenciasjb.salesianos.edu\\\/colegio\\\/#website\",\"url\":\"https:\\\/\\\/valenciasjb.salesianos.edu\\\/colegio\\\/\",\"name\":\"Colegio San Juan Bosco Valencia\",\"description\":\"P\u00e1gina oficial del Colegio Salesianos San Juan Bosco Valencia\",\"alternateName\":\"Salesianos.VSJB\",\"potentialAction\":[{\"@type\":\"SearchAction\",\"target\":{\"@type\":\"EntryPoint\",\"urlTemplate\":\"https:\\\/\\\/valenciasjb.salesianos.edu\\\/colegio\\\/?s={search_term_string}\"},\"query-input\":{\"@type\":\"PropertyValueSpecification\",\"valueRequired\":true,\"valueName\":\"search_term_string\"}}],\"inLanguage\":\"es\"},{\"@type\":\"Person\",\"@id\":\"https:\\\/\\\/valenciasjb.salesianos.edu\\\/colegio\\\/#\\\/schema\\\/person\\\/1f45b67e52b27da175190a574db6bed9\",\"name\":\"veronicapastor\",\"image\":{\"@type\":\"ImageObject\",\"inLanguage\":\"es\",\"@id\":\"https:\\\/\\\/secure.gravatar.com\\\/avatar\\\/e29bd40bace3fd935e1d6fdb7313ffc14628cc037c5e16f4c7369b20a2a6f7f0?s=96&d=mm&r=g\",\"url\":\"https:\\\/\\\/secure.gravatar.com\\\/avatar\\\/e29bd40bace3fd935e1d6fdb7313ffc14628cc037c5e16f4c7369b20a2a6f7f0?s=96&d=mm&r=g\",\"contentUrl\":\"https:\\\/\\\/secure.gravatar.com\\\/avatar\\\/e29bd40bace3fd935e1d6fdb7313ffc14628cc037c5e16f4c7369b20a2a6f7f0?s=96&d=mm&r=g\",\"caption\":\"veronicapastor\"}}]}<\/script>\n<!-- \/ Yoast SEO plugin. -->","yoast_head_json":{"title":"Los medios se hacen eco del Concierto Solidario Godspell - Colegio San Juan Bosco Valencia","robots":{"index":"index","follow":"follow","max-snippet":"max-snippet:-1","max-image-preview":"max-image-preview:large","max-video-preview":"max-video-preview:-1"},"canonical":"https:\/\/valenciasjb.salesianos.edu\/colegio\/los-medios-se-hacen-eco-del-concierto-solidario-godspell\/","og_locale":"es_ES","og_type":"article","og_title":"Los medios se hacen eco del Concierto Solidario Godspell - Colegio San Juan Bosco Valencia","og_description":"El Colegio Salesiano San Juan Bosco de Valencia, una vez m\u00e1s, aparece en los medios de comunicaci\u00f3n como promotor de la solidaridad y de b\u00fasqueda de un mundo m\u00e1s justo y fraterno, valores que trata de inculcar entre sus alumnos y alumnas, con la colaboraci\u00f3n de toda la comunidad educativa. \u00a0 Redacci\u00f3n El Musical Solidario [&hellip;]","og_url":"https:\/\/valenciasjb.salesianos.edu\/colegio\/los-medios-se-hacen-eco-del-concierto-solidario-godspell\/","og_site_name":"Colegio San Juan Bosco Valencia","article_publisher":"https:\/\/www.facebook.com\/ColegioSalesianoSanJuanBoscoValencia","article_published_time":"2019-04-07T20:41:32+00:00","article_modified_time":"2019-04-08T15:42:17+00:00","og_image":[{"width":1183,"height":1740,"url":"https:\/\/valenciasjb.salesianos.edu\/colegio\/wp-content\/uploads\/sites\/2\/2019\/04\/LevanteGodspell.png","type":"image\/png"}],"author":"veronicapastor","twitter_card":"summary_large_image","twitter_creator":"@SalesianosVSJB","twitter_site":"@SalesianosVSJB","twitter_misc":{"Escrito por":"veronicapastor","Tiempo de lectura":"4 minutos"},"schema":{"@context":"https:\/\/schema.org","@graph":[{"@type":"Article","@id":"https:\/\/valenciasjb.salesianos.edu\/colegio\/los-medios-se-hacen-eco-del-concierto-solidario-godspell\/#article","isPartOf":{"@id":"https:\/\/valenciasjb.salesianos.edu\/colegio\/los-medios-se-hacen-eco-del-concierto-solidario-godspell\/"},"author":{"name":"veronicapastor","@id":"https:\/\/valenciasjb.salesianos.edu\/colegio\/#\/schema\/person\/1f45b67e52b27da175190a574db6bed9"},"headline":"Los medios se hacen eco del Concierto Solidario Godspell","datePublished":"2019-04-07T20:41:32+00:00","dateModified":"2019-04-08T15:42:17+00:00","mainEntityOfPage":{"@id":"https:\/\/valenciasjb.salesianos.edu\/colegio\/los-medios-se-hacen-eco-del-concierto-solidario-godspell\/"},"wordCount":721,"image":{"@id":"https:\/\/valenciasjb.salesianos.edu\/colegio\/los-medios-se-hacen-eco-del-concierto-solidario-godspell\/#primaryimage"},"thumbnailUrl":"https:\/\/valenciasjb.salesianos.edu\/colegio\/wp-content\/uploads\/sites\/2\/2019\/04\/LevanteGodspell.png","articleSection":["Noticia Colegio"],"inLanguage":"es"},{"@type":"WebPage","@id":"https:\/\/valenciasjb.salesianos.edu\/colegio\/los-medios-se-hacen-eco-del-concierto-solidario-godspell\/","url":"https:\/\/valenciasjb.salesianos.edu\/colegio\/los-medios-se-hacen-eco-del-concierto-solidario-godspell\/","name":"Los medios se hacen eco del Concierto Solidario Godspell - Colegio San Juan Bosco Valencia","isPartOf":{"@id":"https:\/\/valenciasjb.salesianos.edu\/colegio\/#website"},"primaryImageOfPage":{"@id":"https:\/\/valenciasjb.salesianos.edu\/colegio\/los-medios-se-hacen-eco-del-concierto-solidario-godspell\/#primaryimage"},"image":{"@id":"https:\/\/valenciasjb.salesianos.edu\/colegio\/los-medios-se-hacen-eco-del-concierto-solidario-godspell\/#primaryimage"},"thumbnailUrl":"https:\/\/valenciasjb.salesianos.edu\/colegio\/wp-content\/uploads\/sites\/2\/2019\/04\/LevanteGodspell.png","datePublished":"2019-04-07T20:41:32+00:00","dateModified":"2019-04-08T15:42:17+00:00","author":{"@id":"https:\/\/valenciasjb.salesianos.edu\/colegio\/#\/schema\/person\/1f45b67e52b27da175190a574db6bed9"},"breadcrumb":{"@id":"https:\/\/valenciasjb.salesianos.edu\/colegio\/los-medios-se-hacen-eco-del-concierto-solidario-godspell\/#breadcrumb"},"inLanguage":"es","potentialAction":[{"@type":"ReadAction","target":["https:\/\/valenciasjb.salesianos.edu\/colegio\/los-medios-se-hacen-eco-del-concierto-solidario-godspell\/"]}]},{"@type":"ImageObject","inLanguage":"es","@id":"https:\/\/valenciasjb.salesianos.edu\/colegio\/los-medios-se-hacen-eco-del-concierto-solidario-godspell\/#primaryimage","url":"https:\/\/valenciasjb.salesianos.edu\/colegio\/wp-content\/uploads\/sites\/2\/2019\/04\/LevanteGodspell.png","contentUrl":"https:\/\/valenciasjb.salesianos.edu\/colegio\/wp-content\/uploads\/sites\/2\/2019\/04\/LevanteGodspell.png","width":1183,"height":1740},{"@type":"BreadcrumbList","@id":"https:\/\/valenciasjb.salesianos.edu\/colegio\/los-medios-se-hacen-eco-del-concierto-solidario-godspell\/#breadcrumb","itemListElement":[{"@type":"ListItem","position":1,"name":"Portada","item":"https:\/\/valenciasjb.salesianos.edu\/colegio\/"},{"@type":"ListItem","position":2,"name":"Los medios se hacen eco del Concierto Solidario Godspell"}]},{"@type":"WebSite","@id":"https:\/\/valenciasjb.salesianos.edu\/colegio\/#website","url":"https:\/\/valenciasjb.salesianos.edu\/colegio\/","name":"Colegio San Juan Bosco Valencia","description":"P\u00e1gina oficial del Colegio Salesianos San Juan Bosco Valencia","alternateName":"Salesianos.VSJB","potentialAction":[{"@type":"SearchAction","target":{"@type":"EntryPoint","urlTemplate":"https:\/\/valenciasjb.salesianos.edu\/colegio\/?s={search_term_string}"},"query-input":{"@type":"PropertyValueSpecification","valueRequired":true,"valueName":"search_term_string"}}],"inLanguage":"es"},{"@type":"Person","@id":"https:\/\/valenciasjb.salesianos.edu\/colegio\/#\/schema\/person\/1f45b67e52b27da175190a574db6bed9","name":"veronicapastor","image":{"@type":"ImageObject","inLanguage":"es","@id":"https:\/\/secure.gravatar.com\/avatar\/e29bd40bace3fd935e1d6fdb7313ffc14628cc037c5e16f4c7369b20a2a6f7f0?s=96&d=mm&r=g","url":"https:\/\/secure.gravatar.com\/avatar\/e29bd40bace3fd935e1d6fdb7313ffc14628cc037c5e16f4c7369b20a2a6f7f0?s=96&d=mm&r=g","contentUrl":"https:\/\/secure.gravatar.com\/avatar\/e29bd40bace3fd935e1d6fdb7313ffc14628cc037c5e16f4c7369b20a2a6f7f0?s=96&d=mm&r=g","caption":"veronicapastor"}}]}},"_links":{"self":[{"href":"https:\/\/valenciasjb.salesianos.edu\/colegio\/wp-json\/wp\/v2\/posts\/10547","targetHints":{"allow":["GET"]}}],"collection":[{"href":"https:\/\/valenciasjb.salesianos.edu\/colegio\/wp-json\/wp\/v2\/posts"}],"about":[{"href":"https:\/\/valenciasjb.salesianos.edu\/colegio\/wp-json\/wp\/v2\/types\/post"}],"author":[{"embeddable":true,"href":"https:\/\/valenciasjb.salesianos.edu\/colegio\/wp-json\/wp\/v2\/users\/6"}],"replies":[{"embeddable":true,"href":"https:\/\/valenciasjb.salesianos.edu\/colegio\/wp-json\/wp\/v2\/comments?post=10547"}],"version-history":[{"count":3,"href":"https:\/\/valenciasjb.salesianos.edu\/colegio\/wp-json\/wp\/v2\/posts\/10547\/revisions"}],"predecessor-version":[{"id":10562,"href":"https:\/\/valenciasjb.salesianos.edu\/colegio\/wp-json\/wp\/v2\/posts\/10547\/revisions\/10562"}],"wp:featuredmedia":[{"embeddable":true,"href":"https:\/\/valenciasjb.salesianos.edu\/colegio\/wp-json\/wp\/v2\/media\/10549"}],"wp:attachment":[{"href":"https:\/\/valenciasjb.salesianos.edu\/colegio\/wp-json\/wp\/v2\/media?parent=10547"}],"wp:term":[{"taxonomy":"category","embeddable":true,"href":"https:\/\/valenciasjb.salesianos.edu\/colegio\/wp-json\/wp\/v2\/categories?post=10547"},{"taxonomy":"post_tag","embeddable":true,"href":"https:\/\/valenciasjb.salesianos.edu\/colegio\/wp-json\/wp\/v2\/tags?post=10547"}],"curies":[{"name":"wp","href":"https:\/\/api.w.org\/{rel}","templated":true}]}}