{"id":10587,"date":"2019-04-18T12:12:50","date_gmt":"2019-04-18T11:12:50","guid":{"rendered":"https:\/\/valenciasjb.salesianos.edu\/colegio\/?p=10587"},"modified":"2019-04-18T12:14:46","modified_gmt":"2019-04-18T11:14:46","slug":"los-mas-pequenos-del-colegio-comienzan-a-celebrar-la-semana-santa-con-un-gran-almuerzo-pascuero","status":"publish","type":"post","link":"https:\/\/valenciasjb.salesianos.edu\/colegio\/los-mas-pequenos-del-colegio-comienzan-a-celebrar-la-semana-santa-con-un-gran-almuerzo-pascuero\/","title":{"rendered":"Los m\u00e1s peque\u00f1os del colegio comienzan a celebrar la Semana Santa con un gran almuerzo \u201cPascuero\u201d"},"content":{"rendered":"<div id=\"fb-root\"><\/div>\n<p>[et_pb_section bb_built=\u00bb1&#8243; admin_label=\u00bbsection\u00bb][et_pb_row admin_label=\u00bbrow\u00bb background_position=\u00bbtop_left\u00bb background_repeat=\u00bbrepeat\u00bb background_size=\u00bbinitial\u00bb][et_pb_column type=\u00bb4_4&#8243;][et_pb_text admin_label=\u00bbEntradilla (Texto)\u00bb _builder_version=\u00bb3.19.18&#8243; text_orientation=\u00bbjustified\u00bb text_font=\u00bb|on|||\u00bb module_alignment=\u00bbleft\u00bb]<\/p>\n<div id=\"resumen\">\n<p><strong>Durante estos \u00faltimos d\u00edas en la etapa de Educaci\u00f3n Infantil, se han realizado diferentes actividades para preparar y saber \u00a0m\u00e1s sobre el significado de las pr\u00f3ximas fiestas de Semana Santa y Pascua.<\/strong><\/p>\n<\/div>\n<div>\u00a0<\/div>\n<p>[\/et_pb_text][et_pb_text admin_label=\u00bbAutor (Texto)\u00bb _builder_version=\u00bb3.19.18&#8243; text_font=\u00bb||on||\u00bb]<\/p>\n<p class=\"Standard\"><b><span style=\"font-size: 9.0pt;font-family: 'Verdana','sans-serif'\">Lourdes Muli\u00f3. Profesora de Educaci\u00f3n Infantil.<\/span><\/b><\/p>\n<p>[\/et_pb_text][et_pb_text admin_label=\u00bbDesarrollo (Texto)\u00bb _builder_version=\u00bb3.19.18&#8243; text_orientation=\u00bbjustified\u00bb module_alignment=\u00bbleft\u00bb]<\/p>\n<p>El domingo pasado concluy\u00f3 el tiempo de <strong>Cuaresma<\/strong> con el \u201c<strong>Domingo de Ramos<\/strong>\u201d y comenz\u00f3 uno nuevo, \u201c<strong>La Semana Santa<\/strong>\u201d que recuerda los acontecimientos m\u00e1s importantes de la \u00faltima semana de la vida de Jes\u00fas.<\/p>\n<p>Los m\u00e1s peque\u00f1os del colegio han participado en cada actividad y taller demostrando la ilusi\u00f3n y las ganas que conllevan el hecho de hacer algo novedoso. Han decorado el hall y pasillos del centro con l\u00e1minas y dibujos alusivos a estas fiestas, han escuchado los pasajes b\u00edblicos, han realizado peque\u00f1as manualidades, han visto videos e incluso los m\u00e1s atrevidos han representado para sus compa\u00f1eros la llegada de Jes\u00fas a Nazaret subido en su Burrito \u201cSion\u201d. Se les ha explicado las costumbres y actos t\u00edpicos de este periodo que vivimos y, para hacer que se sientan un poco m\u00e1s \u00a0protagonistas nuestros alumnos, la actividad principal que han vivido en primera persona ha sido el t\u00edpico \u201cAlmuerzo Pascuero\u201d. Se han comido su mona de Pascua, algunos acompa\u00f1ados con su \u201cLlonganissa\u201d y para terminar la ma\u00f1ana, han jugado a juegos tradicionales como saltar a la comba, empinar el cachirulo, saltar al sambori, etc.<\/p>\n<p>Una ma\u00f1ana muy especial y divertida.<\/p>\n<p>[\/et_pb_text][et_pb_text admin_label=\u00bbT\u00edtulo: Galer\u00eda de fotos (Texto)\u00bb _builder_version=\u00bb3.0.76&#8243; background_layout=\u00bblight\u00bb text_font=\u00bb|on|||\u00bb text_text_color=\u00bb#dc001b\u00bb border_style=\u00bbsolid\u00bb disabled=\u00bboff\u00bb disabled_on=\u00bboff|on|on\u00bb]<\/p>\n<p>Galer\u00eda de im\u00e1genes<\/p>\n<p>[\/et_pb_text][et_pb_gallery _builder_version=\u00bb3.19.18&#8243; posts_number=\u00bb8&#8243; show_title_and_caption=\u00bboff\u00bb zoom_icon_color=\u00bb#dc001b\u00bb hover_overlay_color=\u00bbrgba(255,255,255,0.9)\u00bb hover_icon=\u00bb%%51%%\u00bb disabled=\u00bboff\u00bb disabled_on=\u00bboff|off|off\u00bb gallery_ids=\u00bb10592,10593,10594,10591,10590,10589,10588&#8243; pagination_font_size_tablet=\u00bb51&#8243; pagination_line_height_tablet=\u00bb2&#8243; \/][et_pb_video _builder_version=\u00bb3.0.51&#8243; disabled=\u00bbon\u00bb disabled_on=\u00bbon|on|on\u00bb \/][\/et_pb_column][\/et_pb_row][\/et_pb_section]<\/p>\n<!-- AddThis Advanced Settings generic via filter on the_content --><!-- AddThis Share Buttons generic via filter on the_content -->","protected":false},"excerpt":{"rendered":"<p>Durante estos \u00faltimos d\u00edas en la etapa de Educaci\u00f3n Infantil, se han realizado diferentes actividades para preparar y saber \u00a0m\u00e1s sobre el significado de las pr\u00f3ximas fiestas de Semana Santa y Pascua.\u00a0 Lourdes Muli\u00f3. Profesora de Educaci\u00f3n Infantil. El domingo pasado concluy\u00f3 el tiempo de Cuaresma con el \u201cDomingo de Ramos\u201d y comenz\u00f3 uno nuevo, [&hellip;]<\/p>\n<p><!-- AddThis Advanced Settings generic via filter on get_the_excerpt --><!-- AddThis Share Buttons generic via filter on get_the_excerpt --><\/p>\n","protected":false},"author":6,"featured_media":10595,"comment_status":"closed","ping_status":"open","sticky":false,"template":"","format":"standard","meta":{"_et_pb_use_builder":"on","_et_pb_old_content":"","_et_gb_content_width":"","footnotes":""},"categories":[14],"tags":[],"class_list":["post-10587","post","type-post","status-publish","format-standard","has-post-thumbnail","hentry","category-noticia_colegio"],"yoast_head":"<!-- This site is optimized with the Yoast SEO plugin v28.4 - https:\/\/yoast.com\/product\/yoast-seo-wordpress\/ -->\n<title>Los m\u00e1s peque\u00f1os del colegio comienzan a celebrar la Semana Santa con un gran almuerzo \u201cPascuero\u201d - Colegio San Juan Bosco Valencia<\/title>\n<meta name=\"robots\" content=\"index, follow, max-snippet:-1, max-image-preview:large, max-video-preview:-1\" \/>\n<link rel=\"canonical\" href=\"https:\/\/valenciasjb.salesianos.edu\/colegio\/los-mas-pequenos-del-colegio-comienzan-a-celebrar-la-semana-santa-con-un-gran-almuerzo-pascuero\/\" \/>\n<meta property=\"og:locale\" content=\"es_ES\" \/>\n<meta property=\"og:type\" content=\"article\" \/>\n<meta property=\"og:title\" content=\"Los m\u00e1s peque\u00f1os del colegio comienzan a celebrar la Semana Santa con un gran almuerzo \u201cPascuero\u201d - Colegio San Juan Bosco Valencia\" \/>\n<meta property=\"og:description\" content=\"Durante estos \u00faltimos d\u00edas en la etapa de Educaci\u00f3n Infantil, se han realizado diferentes actividades para preparar y saber \u00a0m\u00e1s sobre el significado de las pr\u00f3ximas fiestas de Semana Santa y Pascua.\u00a0 Lourdes Muli\u00f3. Profesora de Educaci\u00f3n Infantil. El domingo pasado concluy\u00f3 el tiempo de Cuaresma con el \u201cDomingo de Ramos\u201d y comenz\u00f3 uno nuevo, [&hellip;]\" \/>\n<meta property=\"og:url\" content=\"https:\/\/valenciasjb.salesianos.edu\/colegio\/los-mas-pequenos-del-colegio-comienzan-a-celebrar-la-semana-santa-con-un-gran-almuerzo-pascuero\/\" \/>\n<meta property=\"og:site_name\" content=\"Colegio San Juan Bosco Valencia\" \/>\n<meta property=\"article:publisher\" content=\"https:\/\/www.facebook.com\/ColegioSalesianoSanJuanBoscoValencia\" \/>\n<meta property=\"article:published_time\" content=\"2019-04-18T11:12:50+00:00\" \/>\n<meta property=\"article:modified_time\" content=\"2019-04-18T11:14:46+00:00\" \/>\n<meta property=\"og:image\" content=\"https:\/\/valenciasjb.salesianos.edu\/colegio\/wp-content\/uploads\/sites\/2\/2019\/04\/JorgeDaniela-54-1.jpg\" \/>\n\t<meta property=\"og:image:width\" content=\"400\" \/>\n\t<meta property=\"og:image:height\" content=\"300\" \/>\n\t<meta property=\"og:image:type\" content=\"image\/jpeg\" \/>\n<meta name=\"author\" content=\"veronicapastor\" \/>\n<meta name=\"twitter:card\" content=\"summary_large_image\" \/>\n<meta name=\"twitter:creator\" content=\"@SalesianosVSJB\" \/>\n<meta name=\"twitter:site\" content=\"@SalesianosVSJB\" \/>\n<meta name=\"twitter:label1\" content=\"Escrito por\" \/>\n\t<meta name=\"twitter:data1\" content=\"veronicapastor\" \/>\n\t<meta name=\"twitter:label2\" content=\"Tiempo de lectura\" \/>\n\t<meta name=\"twitter:data2\" content=\"2 minutos\" \/>\n<script type=\"application\/ld+json\" class=\"yoast-schema-graph\">{\"@context\":\"https:\\\/\\\/schema.org\",\"@graph\":[{\"@type\":\"Article\",\"@id\":\"https:\\\/\\\/valenciasjb.salesianos.edu\\\/colegio\\\/los-mas-pequenos-del-colegio-comienzan-a-celebrar-la-semana-santa-con-un-gran-almuerzo-pascuero\\\/#article\",\"isPartOf\":{\"@id\":\"https:\\\/\\\/valenciasjb.salesianos.edu\\\/colegio\\\/los-mas-pequenos-del-colegio-comienzan-a-celebrar-la-semana-santa-con-un-gran-almuerzo-pascuero\\\/\"},\"author\":{\"name\":\"veronicapastor\",\"@id\":\"https:\\\/\\\/valenciasjb.salesianos.edu\\\/colegio\\\/#\\\/schema\\\/person\\\/1f45b67e52b27da175190a574db6bed9\"},\"headline\":\"Los m\u00e1s peque\u00f1os del colegio comienzan a celebrar la Semana Santa con un gran almuerzo \u201cPascuero\u201d\",\"datePublished\":\"2019-04-18T11:12:50+00:00\",\"dateModified\":\"2019-04-18T11:14:46+00:00\",\"mainEntityOfPage\":{\"@id\":\"https:\\\/\\\/valenciasjb.salesianos.edu\\\/colegio\\\/los-mas-pequenos-del-colegio-comienzan-a-celebrar-la-semana-santa-con-un-gran-almuerzo-pascuero\\\/\"},\"wordCount\":455,\"image\":{\"@id\":\"https:\\\/\\\/valenciasjb.salesianos.edu\\\/colegio\\\/los-mas-pequenos-del-colegio-comienzan-a-celebrar-la-semana-santa-con-un-gran-almuerzo-pascuero\\\/#primaryimage\"},\"thumbnailUrl\":\"https:\\\/\\\/valenciasjb.salesianos.edu\\\/colegio\\\/wp-content\\\/uploads\\\/sites\\\/2\\\/2019\\\/04\\\/JorgeDaniela-54-1.jpg\",\"articleSection\":[\"Noticia Colegio\"],\"inLanguage\":\"es\"},{\"@type\":\"WebPage\",\"@id\":\"https:\\\/\\\/valenciasjb.salesianos.edu\\\/colegio\\\/los-mas-pequenos-del-colegio-comienzan-a-celebrar-la-semana-santa-con-un-gran-almuerzo-pascuero\\\/\",\"url\":\"https:\\\/\\\/valenciasjb.salesianos.edu\\\/colegio\\\/los-mas-pequenos-del-colegio-comienzan-a-celebrar-la-semana-santa-con-un-gran-almuerzo-pascuero\\\/\",\"name\":\"Los m\u00e1s peque\u00f1os del colegio comienzan a celebrar la Semana Santa con un gran almuerzo \u201cPascuero\u201d - Colegio San Juan Bosco Valencia\",\"isPartOf\":{\"@id\":\"https:\\\/\\\/valenciasjb.salesianos.edu\\\/colegio\\\/#website\"},\"primaryImageOfPage\":{\"@id\":\"https:\\\/\\\/valenciasjb.salesianos.edu\\\/colegio\\\/los-mas-pequenos-del-colegio-comienzan-a-celebrar-la-semana-santa-con-un-gran-almuerzo-pascuero\\\/#primaryimage\"},\"image\":{\"@id\":\"https:\\\/\\\/valenciasjb.salesianos.edu\\\/colegio\\\/los-mas-pequenos-del-colegio-comienzan-a-celebrar-la-semana-santa-con-un-gran-almuerzo-pascuero\\\/#primaryimage\"},\"thumbnailUrl\":\"https:\\\/\\\/valenciasjb.salesianos.edu\\\/colegio\\\/wp-content\\\/uploads\\\/sites\\\/2\\\/2019\\\/04\\\/JorgeDaniela-54-1.jpg\",\"datePublished\":\"2019-04-18T11:12:50+00:00\",\"dateModified\":\"2019-04-18T11:14:46+00:00\",\"author\":{\"@id\":\"https:\\\/\\\/valenciasjb.salesianos.edu\\\/colegio\\\/#\\\/schema\\\/person\\\/1f45b67e52b27da175190a574db6bed9\"},\"breadcrumb\":{\"@id\":\"https:\\\/\\\/valenciasjb.salesianos.edu\\\/colegio\\\/los-mas-pequenos-del-colegio-comienzan-a-celebrar-la-semana-santa-con-un-gran-almuerzo-pascuero\\\/#breadcrumb\"},\"inLanguage\":\"es\",\"potentialAction\":[{\"@type\":\"ReadAction\",\"target\":[\"https:\\\/\\\/valenciasjb.salesianos.edu\\\/colegio\\\/los-mas-pequenos-del-colegio-comienzan-a-celebrar-la-semana-santa-con-un-gran-almuerzo-pascuero\\\/\"]}]},{\"@type\":\"ImageObject\",\"inLanguage\":\"es\",\"@id\":\"https:\\\/\\\/valenciasjb.salesianos.edu\\\/colegio\\\/los-mas-pequenos-del-colegio-comienzan-a-celebrar-la-semana-santa-con-un-gran-almuerzo-pascuero\\\/#primaryimage\",\"url\":\"https:\\\/\\\/valenciasjb.salesianos.edu\\\/colegio\\\/wp-content\\\/uploads\\\/sites\\\/2\\\/2019\\\/04\\\/JorgeDaniela-54-1.jpg\",\"contentUrl\":\"https:\\\/\\\/valenciasjb.salesianos.edu\\\/colegio\\\/wp-content\\\/uploads\\\/sites\\\/2\\\/2019\\\/04\\\/JorgeDaniela-54-1.jpg\",\"width\":400,\"height\":300},{\"@type\":\"BreadcrumbList\",\"@id\":\"https:\\\/\\\/valenciasjb.salesianos.edu\\\/colegio\\\/los-mas-pequenos-del-colegio-comienzan-a-celebrar-la-semana-santa-con-un-gran-almuerzo-pascuero\\\/#breadcrumb\",\"itemListElement\":[{\"@type\":\"ListItem\",\"position\":1,\"name\":\"Portada\",\"item\":\"https:\\\/\\\/valenciasjb.salesianos.edu\\\/colegio\\\/\"},{\"@type\":\"ListItem\",\"position\":2,\"name\":\"Los m\u00e1s peque\u00f1os del colegio comienzan a celebrar la Semana Santa con un gran almuerzo \u201cPascuero\u201d\"}]},{\"@type\":\"WebSite\",\"@id\":\"https:\\\/\\\/valenciasjb.salesianos.edu\\\/colegio\\\/#website\",\"url\":\"https:\\\/\\\/valenciasjb.salesianos.edu\\\/colegio\\\/\",\"name\":\"Colegio San Juan Bosco Valencia\",\"description\":\"P\u00e1gina oficial del Colegio Salesianos San Juan Bosco Valencia\",\"alternateName\":\"Salesianos.VSJB\",\"potentialAction\":[{\"@type\":\"SearchAction\",\"target\":{\"@type\":\"EntryPoint\",\"urlTemplate\":\"https:\\\/\\\/valenciasjb.salesianos.edu\\\/colegio\\\/?s={search_term_string}\"},\"query-input\":{\"@type\":\"PropertyValueSpecification\",\"valueRequired\":true,\"valueName\":\"search_term_string\"}}],\"inLanguage\":\"es\"},{\"@type\":\"Person\",\"@id\":\"https:\\\/\\\/valenciasjb.salesianos.edu\\\/colegio\\\/#\\\/schema\\\/person\\\/1f45b67e52b27da175190a574db6bed9\",\"name\":\"veronicapastor\",\"image\":{\"@type\":\"ImageObject\",\"inLanguage\":\"es\",\"@id\":\"https:\\\/\\\/secure.gravatar.com\\\/avatar\\\/e29bd40bace3fd935e1d6fdb7313ffc14628cc037c5e16f4c7369b20a2a6f7f0?s=96&d=mm&r=g\",\"url\":\"https:\\\/\\\/secure.gravatar.com\\\/avatar\\\/e29bd40bace3fd935e1d6fdb7313ffc14628cc037c5e16f4c7369b20a2a6f7f0?s=96&d=mm&r=g\",\"contentUrl\":\"https:\\\/\\\/secure.gravatar.com\\\/avatar\\\/e29bd40bace3fd935e1d6fdb7313ffc14628cc037c5e16f4c7369b20a2a6f7f0?s=96&d=mm&r=g\",\"caption\":\"veronicapastor\"}}]}<\/script>\n<!-- \/ Yoast SEO plugin. -->","yoast_head_json":{"title":"Los m\u00e1s peque\u00f1os del colegio comienzan a celebrar la Semana Santa con un gran almuerzo \u201cPascuero\u201d - Colegio San Juan Bosco Valencia","robots":{"index":"index","follow":"follow","max-snippet":"max-snippet:-1","max-image-preview":"max-image-preview:large","max-video-preview":"max-video-preview:-1"},"canonical":"https:\/\/valenciasjb.salesianos.edu\/colegio\/los-mas-pequenos-del-colegio-comienzan-a-celebrar-la-semana-santa-con-un-gran-almuerzo-pascuero\/","og_locale":"es_ES","og_type":"article","og_title":"Los m\u00e1s peque\u00f1os del colegio comienzan a celebrar la Semana Santa con un gran almuerzo \u201cPascuero\u201d - Colegio San Juan Bosco Valencia","og_description":"Durante estos \u00faltimos d\u00edas en la etapa de Educaci\u00f3n Infantil, se han realizado diferentes actividades para preparar y saber \u00a0m\u00e1s sobre el significado de las pr\u00f3ximas fiestas de Semana Santa y Pascua.\u00a0 Lourdes Muli\u00f3. Profesora de Educaci\u00f3n Infantil. El domingo pasado concluy\u00f3 el tiempo de Cuaresma con el \u201cDomingo de Ramos\u201d y comenz\u00f3 uno nuevo, [&hellip;]","og_url":"https:\/\/valenciasjb.salesianos.edu\/colegio\/los-mas-pequenos-del-colegio-comienzan-a-celebrar-la-semana-santa-con-un-gran-almuerzo-pascuero\/","og_site_name":"Colegio San Juan Bosco Valencia","article_publisher":"https:\/\/www.facebook.com\/ColegioSalesianoSanJuanBoscoValencia","article_published_time":"2019-04-18T11:12:50+00:00","article_modified_time":"2019-04-18T11:14:46+00:00","og_image":[{"width":400,"height":300,"url":"https:\/\/valenciasjb.salesianos.edu\/colegio\/wp-content\/uploads\/sites\/2\/2019\/04\/JorgeDaniela-54-1.jpg","type":"image\/jpeg"}],"author":"veronicapastor","twitter_card":"summary_large_image","twitter_creator":"@SalesianosVSJB","twitter_site":"@SalesianosVSJB","twitter_misc":{"Escrito por":"veronicapastor","Tiempo de lectura":"2 minutos"},"schema":{"@context":"https:\/\/schema.org","@graph":[{"@type":"Article","@id":"https:\/\/valenciasjb.salesianos.edu\/colegio\/los-mas-pequenos-del-colegio-comienzan-a-celebrar-la-semana-santa-con-un-gran-almuerzo-pascuero\/#article","isPartOf":{"@id":"https:\/\/valenciasjb.salesianos.edu\/colegio\/los-mas-pequenos-del-colegio-comienzan-a-celebrar-la-semana-santa-con-un-gran-almuerzo-pascuero\/"},"author":{"name":"veronicapastor","@id":"https:\/\/valenciasjb.salesianos.edu\/colegio\/#\/schema\/person\/1f45b67e52b27da175190a574db6bed9"},"headline":"Los m\u00e1s peque\u00f1os del colegio comienzan a celebrar la Semana Santa con un gran almuerzo \u201cPascuero\u201d","datePublished":"2019-04-18T11:12:50+00:00","dateModified":"2019-04-18T11:14:46+00:00","mainEntityOfPage":{"@id":"https:\/\/valenciasjb.salesianos.edu\/colegio\/los-mas-pequenos-del-colegio-comienzan-a-celebrar-la-semana-santa-con-un-gran-almuerzo-pascuero\/"},"wordCount":455,"image":{"@id":"https:\/\/valenciasjb.salesianos.edu\/colegio\/los-mas-pequenos-del-colegio-comienzan-a-celebrar-la-semana-santa-con-un-gran-almuerzo-pascuero\/#primaryimage"},"thumbnailUrl":"https:\/\/valenciasjb.salesianos.edu\/colegio\/wp-content\/uploads\/sites\/2\/2019\/04\/JorgeDaniela-54-1.jpg","articleSection":["Noticia Colegio"],"inLanguage":"es"},{"@type":"WebPage","@id":"https:\/\/valenciasjb.salesianos.edu\/colegio\/los-mas-pequenos-del-colegio-comienzan-a-celebrar-la-semana-santa-con-un-gran-almuerzo-pascuero\/","url":"https:\/\/valenciasjb.salesianos.edu\/colegio\/los-mas-pequenos-del-colegio-comienzan-a-celebrar-la-semana-santa-con-un-gran-almuerzo-pascuero\/","name":"Los m\u00e1s peque\u00f1os del colegio comienzan a celebrar la Semana Santa con un gran almuerzo \u201cPascuero\u201d - Colegio San Juan Bosco Valencia","isPartOf":{"@id":"https:\/\/valenciasjb.salesianos.edu\/colegio\/#website"},"primaryImageOfPage":{"@id":"https:\/\/valenciasjb.salesianos.edu\/colegio\/los-mas-pequenos-del-colegio-comienzan-a-celebrar-la-semana-santa-con-un-gran-almuerzo-pascuero\/#primaryimage"},"image":{"@id":"https:\/\/valenciasjb.salesianos.edu\/colegio\/los-mas-pequenos-del-colegio-comienzan-a-celebrar-la-semana-santa-con-un-gran-almuerzo-pascuero\/#primaryimage"},"thumbnailUrl":"https:\/\/valenciasjb.salesianos.edu\/colegio\/wp-content\/uploads\/sites\/2\/2019\/04\/JorgeDaniela-54-1.jpg","datePublished":"2019-04-18T11:12:50+00:00","dateModified":"2019-04-18T11:14:46+00:00","author":{"@id":"https:\/\/valenciasjb.salesianos.edu\/colegio\/#\/schema\/person\/1f45b67e52b27da175190a574db6bed9"},"breadcrumb":{"@id":"https:\/\/valenciasjb.salesianos.edu\/colegio\/los-mas-pequenos-del-colegio-comienzan-a-celebrar-la-semana-santa-con-un-gran-almuerzo-pascuero\/#breadcrumb"},"inLanguage":"es","potentialAction":[{"@type":"ReadAction","target":["https:\/\/valenciasjb.salesianos.edu\/colegio\/los-mas-pequenos-del-colegio-comienzan-a-celebrar-la-semana-santa-con-un-gran-almuerzo-pascuero\/"]}]},{"@type":"ImageObject","inLanguage":"es","@id":"https:\/\/valenciasjb.salesianos.edu\/colegio\/los-mas-pequenos-del-colegio-comienzan-a-celebrar-la-semana-santa-con-un-gran-almuerzo-pascuero\/#primaryimage","url":"https:\/\/valenciasjb.salesianos.edu\/colegio\/wp-content\/uploads\/sites\/2\/2019\/04\/JorgeDaniela-54-1.jpg","contentUrl":"https:\/\/valenciasjb.salesianos.edu\/colegio\/wp-content\/uploads\/sites\/2\/2019\/04\/JorgeDaniela-54-1.jpg","width":400,"height":300},{"@type":"BreadcrumbList","@id":"https:\/\/valenciasjb.salesianos.edu\/colegio\/los-mas-pequenos-del-colegio-comienzan-a-celebrar-la-semana-santa-con-un-gran-almuerzo-pascuero\/#breadcrumb","itemListElement":[{"@type":"ListItem","position":1,"name":"Portada","item":"https:\/\/valenciasjb.salesianos.edu\/colegio\/"},{"@type":"ListItem","position":2,"name":"Los m\u00e1s peque\u00f1os del colegio comienzan a celebrar la Semana Santa con un gran almuerzo \u201cPascuero\u201d"}]},{"@type":"WebSite","@id":"https:\/\/valenciasjb.salesianos.edu\/colegio\/#website","url":"https:\/\/valenciasjb.salesianos.edu\/colegio\/","name":"Colegio San Juan Bosco Valencia","description":"P\u00e1gina oficial del Colegio Salesianos San Juan Bosco Valencia","alternateName":"Salesianos.VSJB","potentialAction":[{"@type":"SearchAction","target":{"@type":"EntryPoint","urlTemplate":"https:\/\/valenciasjb.salesianos.edu\/colegio\/?s={search_term_string}"},"query-input":{"@type":"PropertyValueSpecification","valueRequired":true,"valueName":"search_term_string"}}],"inLanguage":"es"},{"@type":"Person","@id":"https:\/\/valenciasjb.salesianos.edu\/colegio\/#\/schema\/person\/1f45b67e52b27da175190a574db6bed9","name":"veronicapastor","image":{"@type":"ImageObject","inLanguage":"es","@id":"https:\/\/secure.gravatar.com\/avatar\/e29bd40bace3fd935e1d6fdb7313ffc14628cc037c5e16f4c7369b20a2a6f7f0?s=96&d=mm&r=g","url":"https:\/\/secure.gravatar.com\/avatar\/e29bd40bace3fd935e1d6fdb7313ffc14628cc037c5e16f4c7369b20a2a6f7f0?s=96&d=mm&r=g","contentUrl":"https:\/\/secure.gravatar.com\/avatar\/e29bd40bace3fd935e1d6fdb7313ffc14628cc037c5e16f4c7369b20a2a6f7f0?s=96&d=mm&r=g","caption":"veronicapastor"}}]}},"_links":{"self":[{"href":"https:\/\/valenciasjb.salesianos.edu\/colegio\/wp-json\/wp\/v2\/posts\/10587","targetHints":{"allow":["GET"]}}],"collection":[{"href":"https:\/\/valenciasjb.salesianos.edu\/colegio\/wp-json\/wp\/v2\/posts"}],"about":[{"href":"https:\/\/valenciasjb.salesianos.edu\/colegio\/wp-json\/wp\/v2\/types\/post"}],"author":[{"embeddable":true,"href":"https:\/\/valenciasjb.salesianos.edu\/colegio\/wp-json\/wp\/v2\/users\/6"}],"replies":[{"embeddable":true,"href":"https:\/\/valenciasjb.salesianos.edu\/colegio\/wp-json\/wp\/v2\/comments?post=10587"}],"version-history":[{"count":1,"href":"https:\/\/valenciasjb.salesianos.edu\/colegio\/wp-json\/wp\/v2\/posts\/10587\/revisions"}],"predecessor-version":[{"id":10596,"href":"https:\/\/valenciasjb.salesianos.edu\/colegio\/wp-json\/wp\/v2\/posts\/10587\/revisions\/10596"}],"wp:featuredmedia":[{"embeddable":true,"href":"https:\/\/valenciasjb.salesianos.edu\/colegio\/wp-json\/wp\/v2\/media\/10595"}],"wp:attachment":[{"href":"https:\/\/valenciasjb.salesianos.edu\/colegio\/wp-json\/wp\/v2\/media?parent=10587"}],"wp:term":[{"taxonomy":"category","embeddable":true,"href":"https:\/\/valenciasjb.salesianos.edu\/colegio\/wp-json\/wp\/v2\/categories?post=10587"},{"taxonomy":"post_tag","embeddable":true,"href":"https:\/\/valenciasjb.salesianos.edu\/colegio\/wp-json\/wp\/v2\/tags?post=10587"}],"curies":[{"name":"wp","href":"https:\/\/api.w.org\/{rel}","templated":true}]}}