{"id":10597,"date":"2019-04-23T10:34:12","date_gmt":"2019-04-23T09:34:12","guid":{"rendered":"https:\/\/valenciasjb.salesianos.edu\/colegio\/?p=10597"},"modified":"2019-04-23T10:34:12","modified_gmt":"2019-04-23T09:34:12","slug":"la-etapa-de-primaria-celebra-el-dia-mundial-del-libro","status":"publish","type":"post","link":"https:\/\/valenciasjb.salesianos.edu\/colegio\/la-etapa-de-primaria-celebra-el-dia-mundial-del-libro\/","title":{"rendered":"La etapa de Primaria celebra el \u201cD\u00eda mundial del libro\u201d"},"content":{"rendered":"<div id=\"fb-root\"><\/div>\n<p>[et_pb_section bb_built=\u00bb1&#8243; admin_label=\u00bbsection\u00bb][et_pb_row admin_label=\u00bbrow\u00bb background_position=\u00bbtop_left\u00bb background_repeat=\u00bbrepeat\u00bb background_size=\u00bbinitial\u00bb][et_pb_column type=\u00bb4_4&#8243;][et_pb_text admin_label=\u00bbEntradilla (Texto)\u00bb _builder_version=\u00bb3.19.18&#8243; text_orientation=\u00bbjustified\u00bb text_font=\u00bb|on|||\u00bb module_alignment=\u00bbleft\u00bb]<\/p>\n<div id=\"resumen\"><strong>La actividad \u201cLa b\u00fasqueda de los libros viajeros\u201d fue\u00a0el eje central de la celebraci\u00f3n.\u00a0<\/strong><\/div>\n<div>\u00a0<\/div>\n<p>[\/et_pb_text][et_pb_text admin_label=\u00bbAutor (Texto)\u00bb _builder_version=\u00bb3.19.18&#8243; text_font=\u00bb||on||\u00bb]<\/p>\n<p>Susana de la Fuente. Encargada del aula de fomento a la lectura.<\/p>\n<p>[\/et_pb_text][et_pb_text admin_label=\u00bbDesarrollo (Texto)\u00bb _builder_version=\u00bb3.19.18&#8243; text_orientation=\u00bbjustified\u00bb module_alignment=\u00bbleft\u00bb]<\/p>\n<p>En el buenos d\u00edas, el alumnado pudo ilusionarse un poco m\u00e1s con la lectura, al\u00a0escuchar diversas informaciones, an\u00e9cdotas y curiosidades que giran en torno\u00a0a este d\u00eda reconocido mundialmente por la UNESCO desde el a\u00f1o 1996.<\/p>\n<p>Uno de los momento m\u00e1s esperados fue el anuncio de los ganadores del\u00a0premio de poes\u00eda, un concurso ya consolidado en Primaria que se realiza por\u00a0tercer a\u00f1o consecutivo. Los premiados y premiadas recibieron un libro de la\u00a0gran poeta Gloria Fuertes.<br \/>Los ganadores y ganadora son:<br \/>1\u00baB Adri\u00e1n Pascual.<br \/>2\u00baD \u00c1lvaro Calero.<br \/>3\u00baB Luis Albiach.<br \/>4\u00baA Diego Capilla.<br \/>5\u00baD Nicol\u00e1s Rubio.<br \/>6\u00baA Claudia D\u00edaz.<\/p>\n<p>Hay que destacar el inter\u00e9s y creatividad que han demostrado ni\u00f1os y ni\u00f1as de\u00a0primero a sexto a la hora de realizar los poemas.\u00a0El alumnado puede disfrutar los poemas ganadores y los tres finalistas de cada\u00a0nivel en el aula de fomento a la lectura.<\/p>\n<p>Durante los d\u00edas 15, 16 y 17 de abril, el alumnado lo pas\u00f3 a lo grande con la actividad\u00a0\u201cLa b\u00fasqueda de los libros viajeros\u201d. En ella pudieron intercambiar libros que\u00a0hab\u00edan le\u00eddo, les hab\u00edan gustado mucho y adem\u00e1s no les importaba\u00a0desprenderse de ellos. En los libros adjuntaron una bonita dedicatoria para el\u00a0ni\u00f1o o ni\u00f1a que eligiese su libro.<\/p>\n<p>La actividad comenz\u00f3 en las aulas, all\u00ed se dieron cuenta de que las cajas con\u00a0los libros aportados hab\u00edan desaparecido. Mediante un juego de pistas,\u00a0lograron encontrarlas en la biblioteca del p\u00f3rtico y finalmente realizaron el\u00a0intercambio de libros en el patio.<\/p>\n<p>Adem\u00e1s en el aula de fomento en la lectura y pasillos del cole lucieron carteles\u00a0y ambientaci\u00f3n de esta celebraci\u00f3n. Se pod\u00eda leer informaci\u00f3n sobre Ida Vitale,\u00a0escritora, poeta y ensayista uruguaya de 95 a\u00f1os, premiado con el m\u00e1s\u00a0importante premio de las letras en castellano, el \u201cPremio Cervantes\u201d. Tambi\u00e9n\u00a0se expuso informaci\u00f3n sobre Sharjah (Emiratos \u00c1rabes Unidos), que este a\u00f1o\u00a0es la capital Mundial del Libro.<\/p>\n<p>En definitiva, un d\u00eda lleno de actividades motivadoras que despiertan la\u00a0curiosidad de nuestro alumnado para crecer en la aventura de la lectura.<\/p>\n<p>[\/et_pb_text][et_pb_text admin_label=\u00bbT\u00edtulo: Galer\u00eda de fotos (Texto)\u00bb _builder_version=\u00bb3.0.76&#8243; background_layout=\u00bblight\u00bb text_font=\u00bb|on|||\u00bb text_text_color=\u00bb#dc001b\u00bb border_style=\u00bbsolid\u00bb disabled=\u00bboff\u00bb disabled_on=\u00bboff|on|on\u00bb]<\/p>\n<p>Galer\u00eda de im\u00e1genes<\/p>\n<p>[\/et_pb_text][et_pb_gallery _builder_version=\u00bb3.19.18&#8243; posts_number=\u00bb8&#8243; show_title_and_caption=\u00bboff\u00bb zoom_icon_color=\u00bb#dc001b\u00bb hover_overlay_color=\u00bbrgba(255,255,255,0.9)\u00bb hover_icon=\u00bb%%51%%\u00bb disabled=\u00bboff\u00bb disabled_on=\u00bboff|off|off\u00bb gallery_ids=\u00bb10601,10600,10599,10598&#8243; pagination_font_size_tablet=\u00bb51&#8243; pagination_line_height_tablet=\u00bb2&#8243; \/][et_pb_video _builder_version=\u00bb3.0.51&#8243; disabled=\u00bbon\u00bb disabled_on=\u00bbon|on|on\u00bb \/][\/et_pb_column][\/et_pb_row][\/et_pb_section]<\/p>\n<!-- AddThis Advanced Settings generic via filter on the_content --><!-- AddThis Share Buttons generic via filter on the_content -->","protected":false},"excerpt":{"rendered":"<p>La actividad \u201cLa b\u00fasqueda de los libros viajeros\u201d fue\u00a0el eje central de la celebraci\u00f3n.\u00a0\u00a0 Susana de la Fuente. Encargada del aula de fomento a la lectura. En el buenos d\u00edas, el alumnado pudo ilusionarse un poco m\u00e1s con la lectura, al\u00a0escuchar diversas informaciones, an\u00e9cdotas y curiosidades que giran en torno\u00a0a este d\u00eda reconocido mundialmente por [&hellip;]<\/p>\n<p><!-- AddThis Advanced Settings generic via filter on get_the_excerpt --><!-- AddThis Share Buttons generic via filter on get_the_excerpt --><\/p>\n","protected":false},"author":6,"featured_media":10600,"comment_status":"closed","ping_status":"open","sticky":false,"template":"","format":"standard","meta":{"_et_pb_use_builder":"on","_et_pb_old_content":"","_et_gb_content_width":"","footnotes":""},"categories":[14],"tags":[],"class_list":["post-10597","post","type-post","status-publish","format-standard","has-post-thumbnail","hentry","category-noticia_colegio"],"yoast_head":"<!-- This site is optimized with the Yoast SEO plugin v28.4 - https:\/\/yoast.com\/product\/yoast-seo-wordpress\/ -->\n<title>La etapa de Primaria celebra el \u201cD\u00eda mundial del libro\u201d - Colegio San Juan Bosco Valencia<\/title>\n<meta name=\"robots\" content=\"index, follow, max-snippet:-1, max-image-preview:large, max-video-preview:-1\" \/>\n<link rel=\"canonical\" href=\"https:\/\/valenciasjb.salesianos.edu\/colegio\/la-etapa-de-primaria-celebra-el-dia-mundial-del-libro\/\" \/>\n<meta property=\"og:locale\" content=\"es_ES\" \/>\n<meta property=\"og:type\" content=\"article\" \/>\n<meta property=\"og:title\" content=\"La etapa de Primaria celebra el \u201cD\u00eda mundial del libro\u201d - Colegio San Juan Bosco Valencia\" \/>\n<meta property=\"og:description\" content=\"La actividad \u201cLa b\u00fasqueda de los libros viajeros\u201d fue\u00a0el eje central de la celebraci\u00f3n.\u00a0\u00a0 Susana de la Fuente. Encargada del aula de fomento a la lectura. En el buenos d\u00edas, el alumnado pudo ilusionarse un poco m\u00e1s con la lectura, al\u00a0escuchar diversas informaciones, an\u00e9cdotas y curiosidades que giran en torno\u00a0a este d\u00eda reconocido mundialmente por [&hellip;]\" \/>\n<meta property=\"og:url\" content=\"https:\/\/valenciasjb.salesianos.edu\/colegio\/la-etapa-de-primaria-celebra-el-dia-mundial-del-libro\/\" \/>\n<meta property=\"og:site_name\" content=\"Colegio San Juan Bosco Valencia\" \/>\n<meta property=\"article:publisher\" content=\"https:\/\/www.facebook.com\/ColegioSalesianoSanJuanBoscoValencia\" \/>\n<meta property=\"article:published_time\" content=\"2019-04-23T09:34:12+00:00\" \/>\n<meta property=\"og:image\" content=\"https:\/\/valenciasjb.salesianos.edu\/colegio\/wp-content\/uploads\/sites\/2\/2019\/04\/20190415_163708_opt.jpg\" \/>\n\t<meta property=\"og:image:width\" content=\"200\" \/>\n\t<meta property=\"og:image:height\" content=\"113\" \/>\n\t<meta property=\"og:image:type\" content=\"image\/jpeg\" \/>\n<meta name=\"author\" content=\"veronicapastor\" \/>\n<meta name=\"twitter:card\" content=\"summary_large_image\" \/>\n<meta name=\"twitter:creator\" content=\"@SalesianosVSJB\" \/>\n<meta name=\"twitter:site\" content=\"@SalesianosVSJB\" \/>\n<meta name=\"twitter:label1\" content=\"Escrito por\" \/>\n\t<meta name=\"twitter:data1\" content=\"veronicapastor\" \/>\n\t<meta name=\"twitter:label2\" content=\"Tiempo de lectura\" \/>\n\t<meta name=\"twitter:data2\" content=\"3 minutos\" \/>\n<script type=\"application\/ld+json\" class=\"yoast-schema-graph\">{\"@context\":\"https:\\\/\\\/schema.org\",\"@graph\":[{\"@type\":\"Article\",\"@id\":\"https:\\\/\\\/valenciasjb.salesianos.edu\\\/colegio\\\/la-etapa-de-primaria-celebra-el-dia-mundial-del-libro\\\/#article\",\"isPartOf\":{\"@id\":\"https:\\\/\\\/valenciasjb.salesianos.edu\\\/colegio\\\/la-etapa-de-primaria-celebra-el-dia-mundial-del-libro\\\/\"},\"author\":{\"name\":\"veronicapastor\",\"@id\":\"https:\\\/\\\/valenciasjb.salesianos.edu\\\/colegio\\\/#\\\/schema\\\/person\\\/1f45b67e52b27da175190a574db6bed9\"},\"headline\":\"La etapa de Primaria celebra el \u201cD\u00eda mundial del libro\u201d\",\"datePublished\":\"2019-04-23T09:34:12+00:00\",\"mainEntityOfPage\":{\"@id\":\"https:\\\/\\\/valenciasjb.salesianos.edu\\\/colegio\\\/la-etapa-de-primaria-celebra-el-dia-mundial-del-libro\\\/\"},\"wordCount\":597,\"image\":{\"@id\":\"https:\\\/\\\/valenciasjb.salesianos.edu\\\/colegio\\\/la-etapa-de-primaria-celebra-el-dia-mundial-del-libro\\\/#primaryimage\"},\"thumbnailUrl\":\"https:\\\/\\\/valenciasjb.salesianos.edu\\\/colegio\\\/wp-content\\\/uploads\\\/sites\\\/2\\\/2019\\\/04\\\/20190415_163708_opt.jpg\",\"articleSection\":[\"Noticia Colegio\"],\"inLanguage\":\"es\"},{\"@type\":\"WebPage\",\"@id\":\"https:\\\/\\\/valenciasjb.salesianos.edu\\\/colegio\\\/la-etapa-de-primaria-celebra-el-dia-mundial-del-libro\\\/\",\"url\":\"https:\\\/\\\/valenciasjb.salesianos.edu\\\/colegio\\\/la-etapa-de-primaria-celebra-el-dia-mundial-del-libro\\\/\",\"name\":\"La etapa de Primaria celebra el \u201cD\u00eda mundial del libro\u201d - Colegio San Juan Bosco Valencia\",\"isPartOf\":{\"@id\":\"https:\\\/\\\/valenciasjb.salesianos.edu\\\/colegio\\\/#website\"},\"primaryImageOfPage\":{\"@id\":\"https:\\\/\\\/valenciasjb.salesianos.edu\\\/colegio\\\/la-etapa-de-primaria-celebra-el-dia-mundial-del-libro\\\/#primaryimage\"},\"image\":{\"@id\":\"https:\\\/\\\/valenciasjb.salesianos.edu\\\/colegio\\\/la-etapa-de-primaria-celebra-el-dia-mundial-del-libro\\\/#primaryimage\"},\"thumbnailUrl\":\"https:\\\/\\\/valenciasjb.salesianos.edu\\\/colegio\\\/wp-content\\\/uploads\\\/sites\\\/2\\\/2019\\\/04\\\/20190415_163708_opt.jpg\",\"datePublished\":\"2019-04-23T09:34:12+00:00\",\"author\":{\"@id\":\"https:\\\/\\\/valenciasjb.salesianos.edu\\\/colegio\\\/#\\\/schema\\\/person\\\/1f45b67e52b27da175190a574db6bed9\"},\"breadcrumb\":{\"@id\":\"https:\\\/\\\/valenciasjb.salesianos.edu\\\/colegio\\\/la-etapa-de-primaria-celebra-el-dia-mundial-del-libro\\\/#breadcrumb\"},\"inLanguage\":\"es\",\"potentialAction\":[{\"@type\":\"ReadAction\",\"target\":[\"https:\\\/\\\/valenciasjb.salesianos.edu\\\/colegio\\\/la-etapa-de-primaria-celebra-el-dia-mundial-del-libro\\\/\"]}]},{\"@type\":\"ImageObject\",\"inLanguage\":\"es\",\"@id\":\"https:\\\/\\\/valenciasjb.salesianos.edu\\\/colegio\\\/la-etapa-de-primaria-celebra-el-dia-mundial-del-libro\\\/#primaryimage\",\"url\":\"https:\\\/\\\/valenciasjb.salesianos.edu\\\/colegio\\\/wp-content\\\/uploads\\\/sites\\\/2\\\/2019\\\/04\\\/20190415_163708_opt.jpg\",\"contentUrl\":\"https:\\\/\\\/valenciasjb.salesianos.edu\\\/colegio\\\/wp-content\\\/uploads\\\/sites\\\/2\\\/2019\\\/04\\\/20190415_163708_opt.jpg\",\"width\":200,\"height\":113},{\"@type\":\"BreadcrumbList\",\"@id\":\"https:\\\/\\\/valenciasjb.salesianos.edu\\\/colegio\\\/la-etapa-de-primaria-celebra-el-dia-mundial-del-libro\\\/#breadcrumb\",\"itemListElement\":[{\"@type\":\"ListItem\",\"position\":1,\"name\":\"Portada\",\"item\":\"https:\\\/\\\/valenciasjb.salesianos.edu\\\/colegio\\\/\"},{\"@type\":\"ListItem\",\"position\":2,\"name\":\"La etapa de Primaria celebra el \u201cD\u00eda mundial del libro\u201d\"}]},{\"@type\":\"WebSite\",\"@id\":\"https:\\\/\\\/valenciasjb.salesianos.edu\\\/colegio\\\/#website\",\"url\":\"https:\\\/\\\/valenciasjb.salesianos.edu\\\/colegio\\\/\",\"name\":\"Colegio San Juan Bosco Valencia\",\"description\":\"P\u00e1gina oficial del Colegio Salesianos San Juan Bosco Valencia\",\"alternateName\":\"Salesianos.VSJB\",\"potentialAction\":[{\"@type\":\"SearchAction\",\"target\":{\"@type\":\"EntryPoint\",\"urlTemplate\":\"https:\\\/\\\/valenciasjb.salesianos.edu\\\/colegio\\\/?s={search_term_string}\"},\"query-input\":{\"@type\":\"PropertyValueSpecification\",\"valueRequired\":true,\"valueName\":\"search_term_string\"}}],\"inLanguage\":\"es\"},{\"@type\":\"Person\",\"@id\":\"https:\\\/\\\/valenciasjb.salesianos.edu\\\/colegio\\\/#\\\/schema\\\/person\\\/1f45b67e52b27da175190a574db6bed9\",\"name\":\"veronicapastor\",\"image\":{\"@type\":\"ImageObject\",\"inLanguage\":\"es\",\"@id\":\"https:\\\/\\\/secure.gravatar.com\\\/avatar\\\/e29bd40bace3fd935e1d6fdb7313ffc14628cc037c5e16f4c7369b20a2a6f7f0?s=96&d=mm&r=g\",\"url\":\"https:\\\/\\\/secure.gravatar.com\\\/avatar\\\/e29bd40bace3fd935e1d6fdb7313ffc14628cc037c5e16f4c7369b20a2a6f7f0?s=96&d=mm&r=g\",\"contentUrl\":\"https:\\\/\\\/secure.gravatar.com\\\/avatar\\\/e29bd40bace3fd935e1d6fdb7313ffc14628cc037c5e16f4c7369b20a2a6f7f0?s=96&d=mm&r=g\",\"caption\":\"veronicapastor\"}}]}<\/script>\n<!-- \/ Yoast SEO plugin. -->","yoast_head_json":{"title":"La etapa de Primaria celebra el \u201cD\u00eda mundial del libro\u201d - Colegio San Juan Bosco Valencia","robots":{"index":"index","follow":"follow","max-snippet":"max-snippet:-1","max-image-preview":"max-image-preview:large","max-video-preview":"max-video-preview:-1"},"canonical":"https:\/\/valenciasjb.salesianos.edu\/colegio\/la-etapa-de-primaria-celebra-el-dia-mundial-del-libro\/","og_locale":"es_ES","og_type":"article","og_title":"La etapa de Primaria celebra el \u201cD\u00eda mundial del libro\u201d - Colegio San Juan Bosco Valencia","og_description":"La actividad \u201cLa b\u00fasqueda de los libros viajeros\u201d fue\u00a0el eje central de la celebraci\u00f3n.\u00a0\u00a0 Susana de la Fuente. Encargada del aula de fomento a la lectura. En el buenos d\u00edas, el alumnado pudo ilusionarse un poco m\u00e1s con la lectura, al\u00a0escuchar diversas informaciones, an\u00e9cdotas y curiosidades que giran en torno\u00a0a este d\u00eda reconocido mundialmente por [&hellip;]","og_url":"https:\/\/valenciasjb.salesianos.edu\/colegio\/la-etapa-de-primaria-celebra-el-dia-mundial-del-libro\/","og_site_name":"Colegio San Juan Bosco Valencia","article_publisher":"https:\/\/www.facebook.com\/ColegioSalesianoSanJuanBoscoValencia","article_published_time":"2019-04-23T09:34:12+00:00","og_image":[{"width":200,"height":113,"url":"https:\/\/valenciasjb.salesianos.edu\/colegio\/wp-content\/uploads\/sites\/2\/2019\/04\/20190415_163708_opt.jpg","type":"image\/jpeg"}],"author":"veronicapastor","twitter_card":"summary_large_image","twitter_creator":"@SalesianosVSJB","twitter_site":"@SalesianosVSJB","twitter_misc":{"Escrito por":"veronicapastor","Tiempo de lectura":"3 minutos"},"schema":{"@context":"https:\/\/schema.org","@graph":[{"@type":"Article","@id":"https:\/\/valenciasjb.salesianos.edu\/colegio\/la-etapa-de-primaria-celebra-el-dia-mundial-del-libro\/#article","isPartOf":{"@id":"https:\/\/valenciasjb.salesianos.edu\/colegio\/la-etapa-de-primaria-celebra-el-dia-mundial-del-libro\/"},"author":{"name":"veronicapastor","@id":"https:\/\/valenciasjb.salesianos.edu\/colegio\/#\/schema\/person\/1f45b67e52b27da175190a574db6bed9"},"headline":"La etapa de Primaria celebra el \u201cD\u00eda mundial del libro\u201d","datePublished":"2019-04-23T09:34:12+00:00","mainEntityOfPage":{"@id":"https:\/\/valenciasjb.salesianos.edu\/colegio\/la-etapa-de-primaria-celebra-el-dia-mundial-del-libro\/"},"wordCount":597,"image":{"@id":"https:\/\/valenciasjb.salesianos.edu\/colegio\/la-etapa-de-primaria-celebra-el-dia-mundial-del-libro\/#primaryimage"},"thumbnailUrl":"https:\/\/valenciasjb.salesianos.edu\/colegio\/wp-content\/uploads\/sites\/2\/2019\/04\/20190415_163708_opt.jpg","articleSection":["Noticia Colegio"],"inLanguage":"es"},{"@type":"WebPage","@id":"https:\/\/valenciasjb.salesianos.edu\/colegio\/la-etapa-de-primaria-celebra-el-dia-mundial-del-libro\/","url":"https:\/\/valenciasjb.salesianos.edu\/colegio\/la-etapa-de-primaria-celebra-el-dia-mundial-del-libro\/","name":"La etapa de Primaria celebra el \u201cD\u00eda mundial del libro\u201d - Colegio San Juan Bosco Valencia","isPartOf":{"@id":"https:\/\/valenciasjb.salesianos.edu\/colegio\/#website"},"primaryImageOfPage":{"@id":"https:\/\/valenciasjb.salesianos.edu\/colegio\/la-etapa-de-primaria-celebra-el-dia-mundial-del-libro\/#primaryimage"},"image":{"@id":"https:\/\/valenciasjb.salesianos.edu\/colegio\/la-etapa-de-primaria-celebra-el-dia-mundial-del-libro\/#primaryimage"},"thumbnailUrl":"https:\/\/valenciasjb.salesianos.edu\/colegio\/wp-content\/uploads\/sites\/2\/2019\/04\/20190415_163708_opt.jpg","datePublished":"2019-04-23T09:34:12+00:00","author":{"@id":"https:\/\/valenciasjb.salesianos.edu\/colegio\/#\/schema\/person\/1f45b67e52b27da175190a574db6bed9"},"breadcrumb":{"@id":"https:\/\/valenciasjb.salesianos.edu\/colegio\/la-etapa-de-primaria-celebra-el-dia-mundial-del-libro\/#breadcrumb"},"inLanguage":"es","potentialAction":[{"@type":"ReadAction","target":["https:\/\/valenciasjb.salesianos.edu\/colegio\/la-etapa-de-primaria-celebra-el-dia-mundial-del-libro\/"]}]},{"@type":"ImageObject","inLanguage":"es","@id":"https:\/\/valenciasjb.salesianos.edu\/colegio\/la-etapa-de-primaria-celebra-el-dia-mundial-del-libro\/#primaryimage","url":"https:\/\/valenciasjb.salesianos.edu\/colegio\/wp-content\/uploads\/sites\/2\/2019\/04\/20190415_163708_opt.jpg","contentUrl":"https:\/\/valenciasjb.salesianos.edu\/colegio\/wp-content\/uploads\/sites\/2\/2019\/04\/20190415_163708_opt.jpg","width":200,"height":113},{"@type":"BreadcrumbList","@id":"https:\/\/valenciasjb.salesianos.edu\/colegio\/la-etapa-de-primaria-celebra-el-dia-mundial-del-libro\/#breadcrumb","itemListElement":[{"@type":"ListItem","position":1,"name":"Portada","item":"https:\/\/valenciasjb.salesianos.edu\/colegio\/"},{"@type":"ListItem","position":2,"name":"La etapa de Primaria celebra el \u201cD\u00eda mundial del libro\u201d"}]},{"@type":"WebSite","@id":"https:\/\/valenciasjb.salesianos.edu\/colegio\/#website","url":"https:\/\/valenciasjb.salesianos.edu\/colegio\/","name":"Colegio San Juan Bosco Valencia","description":"P\u00e1gina oficial del Colegio Salesianos San Juan Bosco Valencia","alternateName":"Salesianos.VSJB","potentialAction":[{"@type":"SearchAction","target":{"@type":"EntryPoint","urlTemplate":"https:\/\/valenciasjb.salesianos.edu\/colegio\/?s={search_term_string}"},"query-input":{"@type":"PropertyValueSpecification","valueRequired":true,"valueName":"search_term_string"}}],"inLanguage":"es"},{"@type":"Person","@id":"https:\/\/valenciasjb.salesianos.edu\/colegio\/#\/schema\/person\/1f45b67e52b27da175190a574db6bed9","name":"veronicapastor","image":{"@type":"ImageObject","inLanguage":"es","@id":"https:\/\/secure.gravatar.com\/avatar\/e29bd40bace3fd935e1d6fdb7313ffc14628cc037c5e16f4c7369b20a2a6f7f0?s=96&d=mm&r=g","url":"https:\/\/secure.gravatar.com\/avatar\/e29bd40bace3fd935e1d6fdb7313ffc14628cc037c5e16f4c7369b20a2a6f7f0?s=96&d=mm&r=g","contentUrl":"https:\/\/secure.gravatar.com\/avatar\/e29bd40bace3fd935e1d6fdb7313ffc14628cc037c5e16f4c7369b20a2a6f7f0?s=96&d=mm&r=g","caption":"veronicapastor"}}]}},"_links":{"self":[{"href":"https:\/\/valenciasjb.salesianos.edu\/colegio\/wp-json\/wp\/v2\/posts\/10597","targetHints":{"allow":["GET"]}}],"collection":[{"href":"https:\/\/valenciasjb.salesianos.edu\/colegio\/wp-json\/wp\/v2\/posts"}],"about":[{"href":"https:\/\/valenciasjb.salesianos.edu\/colegio\/wp-json\/wp\/v2\/types\/post"}],"author":[{"embeddable":true,"href":"https:\/\/valenciasjb.salesianos.edu\/colegio\/wp-json\/wp\/v2\/users\/6"}],"replies":[{"embeddable":true,"href":"https:\/\/valenciasjb.salesianos.edu\/colegio\/wp-json\/wp\/v2\/comments?post=10597"}],"version-history":[{"count":1,"href":"https:\/\/valenciasjb.salesianos.edu\/colegio\/wp-json\/wp\/v2\/posts\/10597\/revisions"}],"predecessor-version":[{"id":10602,"href":"https:\/\/valenciasjb.salesianos.edu\/colegio\/wp-json\/wp\/v2\/posts\/10597\/revisions\/10602"}],"wp:featuredmedia":[{"embeddable":true,"href":"https:\/\/valenciasjb.salesianos.edu\/colegio\/wp-json\/wp\/v2\/media\/10600"}],"wp:attachment":[{"href":"https:\/\/valenciasjb.salesianos.edu\/colegio\/wp-json\/wp\/v2\/media?parent=10597"}],"wp:term":[{"taxonomy":"category","embeddable":true,"href":"https:\/\/valenciasjb.salesianos.edu\/colegio\/wp-json\/wp\/v2\/categories?post=10597"},{"taxonomy":"post_tag","embeddable":true,"href":"https:\/\/valenciasjb.salesianos.edu\/colegio\/wp-json\/wp\/v2\/tags?post=10597"}],"curies":[{"name":"wp","href":"https:\/\/api.w.org\/{rel}","templated":true}]}}