{"id":10607,"date":"2019-05-02T12:55:22","date_gmt":"2019-05-02T11:55:22","guid":{"rendered":"https:\/\/valenciasjb.salesianos.edu\/colegio\/?p=10607"},"modified":"2019-05-02T12:55:22","modified_gmt":"2019-05-02T11:55:22","slug":"el-salesiano-fernando-ria-coautor-del-diccionario-biografico-salesiano-de-espana","status":"publish","type":"post","link":"https:\/\/valenciasjb.salesianos.edu\/colegio\/el-salesiano-fernando-ria-coautor-del-diccionario-biografico-salesiano-de-espana\/","title":{"rendered":"El salesiano Fernando R\u00eda, coautor del Diccionario Biogr\u00e1fico Salesiano de Espa\u00f1a"},"content":{"rendered":"<div id=\"fb-root\"><\/div>\n<p>[et_pb_section bb_built=\u00bb1&#8243; admin_label=\u00bbsection\u00bb][et_pb_row admin_label=\u00bbrow\u00bb background_position=\u00bbtop_left\u00bb background_repeat=\u00bbrepeat\u00bb background_size=\u00bbinitial\u00bb][et_pb_column type=\u00bb4_4&#8243;][et_pb_text admin_label=\u00bbEntradilla (Texto)\u00bb _builder_version=\u00bb3.19.18&#8243; text_orientation=\u00bbjustified\u00bb text_font=\u00bb|on|||\u00bb module_alignment=\u00bbleft\u00bb]<\/p>\n<div id=\"resumen\"><strong>\u201cEl tiempo va borrando la memoria y creo que hemos llegado a tiempo de recoger y conservar la historia de los salesianos\u201d, ha comentado en una entrevista realizada por Joana Monz\u00f3 Esteve, en la que ha reflexionado sobre el valor de esta magna obra, encargada por el Rector Mayor a ACSSA- Espa\u00f1a y editada por CCS.<\/strong><\/div>\n<div>\u00a0<\/div>\n<p>[\/et_pb_text][et_pb_text admin_label=\u00bbAutor (Texto)\u00bb _builder_version=\u00bb3.0.85&#8243; background_layout=\u00bblight\u00bb text_font=\u00bb||on||\u00bb]<\/p>\n<p>Redacci\u00f3n<\/p>\n<p>[\/et_pb_text][et_pb_text admin_label=\u00bbDesarrollo (Texto)\u00bb _builder_version=\u00bb3.19.18&#8243; text_orientation=\u00bbjustified\u00bb module_alignment=\u00bbleft\u00bb]<\/p>\n<p>Cerca de 1000 p\u00e1ginas recogen la historia de la congregaci\u00f3n salesiana en Espa\u00f1a. Ha sido un trabajo arduo y dif\u00edcil, reconoce Fernando R\u00eda, salesiano de la Inspector\u00eda Mar\u00eda Auxiliadora y coautor del\u00a0<strong>Diccionario Biogr\u00e1fico Salesiano de Espa\u00f1a<\/strong>.<\/p>\n<p>R\u00eda ha formado parte del equipo de profesionales de\u00a0<strong>ACSSA &#8211; Espa\u00f1a\u00a0<\/strong>(Associazione Cultori Storia Salesiana) que ha hecho posible esta obra, asumiendo la labor de coordinador de redacci\u00f3n. Por sus manos han pasado todas y cada una de las fichas biogr\u00e1ficas que conforman el diccionario, m\u00e1s de 1800 microbiograf\u00edas; m\u00e1s de 1800 vidas de entrega a la congregaci\u00f3n y al carisma salesiano a favor de la juventud.<\/p>\n<p>El\u00a0<strong>Diccionario Biogr\u00e1fico Salesiano de Espa\u00f1a<\/strong>\u00a0recopila la existencia de los salesianos fallecidos desde 1892 hasta el 30 de junio de 2018 en Espa\u00f1a; tambi\u00e9n de aquellos que marcharon a misiones y fallecieron en sus destinos; de los extranjeros que pasaron gran parte de su vida en el pa\u00eds y de los que su paso por Espa\u00f1a, aunque breve fue fundamental para el arraigo de los salesianos en nuestro pa\u00eds. Esta recopilaci\u00f3n ha costado m\u00e1s de cuatro a\u00f1os de consultas, b\u00fasqueda e investigaci\u00f3n, el resultado es una obra \u00fanica que adem\u00e1s tiene el valor de servir de ejemplo a otras naciones para recuperar la memoria del mayor n\u00famero posible de salesianos en el mundo.<\/p>\n<p>\u201cNo existe otra obra as\u00ed\u201d confirma Fernando R\u00eda. \u201cHay un diccionario italiano, peque\u00f1as biograf\u00edas de salesianos de todo el mundo; en Espa\u00f1a hay varias obras de salesianos escritas desde las antiguas inspector\u00edas que han sido una de nuestras fuentes, como la obra de Don Basilio Bustillo, Jes\u00fas Borrego o Marcelino Carreto, pero ninguna como esta\u201d.<\/p>\n<p>\u201cUna de las iniciativas que movi\u00f3 al Rector Mayor,\u00a0<strong>Don \u00c1ngel Fern\u00e1ndez Artime<\/strong>, a invitarnos a elaborar este libro fue presentarlo como modelo a otras naciones. Y la verdad es que es interesante porque el tiempo va borrando la memoria y yo creo que hemos llegado a tiempo de recoger y conservar la memoria de estos salesianos. De otra manera desaparecen las fuentes, y cada vez resulta m\u00e1s dif\u00edcil recoger estos datos\u201d.<\/p>\n<p>Sobre esas dificultades habla el director de redacci\u00f3n: \u201cHa sido un trabajo muy intenso, no exento de incomodidades, especialmente por la dificultad de las fuentes. Este libro se basa sobre todo en las cartas mortuorias, bastantes desaparecidas, muchas no exist\u00edan; y en los archivos, en el caso del Archivo General de Roma de traslado a la nueva sede, los archivos inspectoriales en proceso de nueva localizaci\u00f3n, tras la unificaci\u00f3n de las inspector\u00edas y despu\u00e9s los archivos locales, los cuales algunos no existen o est\u00e1n en mala situaci\u00f3\u201d.<\/p>\n<p><strong>Una obras para ser le\u00edda y consultada<\/strong><\/p>\n<p>Por otro lado, el Diccionario ha supuesto un importante trabajo de revisi\u00f3n y contraste de datos: \u201cNo fue f\u00e1cil, en algunas ocasiones no se encontraron los datos, hab\u00eda muchos errores en las primeras redacciones que hubo que subsanar. El trabajo ha servido para contrastar las informaciones, hemos tratado de que sea un libro fiable, que sirva como fuente de informaci\u00f3n. Ha sido un trabajo hecho concienzudamente\u201d. \u201cEs una obra para ser le\u00edda y consultada\u201d.<\/p>\n<p>Gracias a la experiencia de esta obra, Fernando R\u00eda tiene clara la metodolog\u00eda que se deber\u00eda seguir tanto para las futuras ampliaciones del Diccionario &#8211; que se actualizar\u00e1 cada cinco a\u00f1os- como para otras obras similares. \u201cEs fundamental establecer una rese\u00f1a tipo, fruto de un trabajo consensuado. En la que adem\u00e1s se han de fijar claramente los criterios de redacci\u00f3n con el fin de homogeneizar las fichas biogr\u00e1ficas\u201d.<\/p>\n<p>El valor del Diccionario Biogr\u00e1fico no reside \u00fanicamente en salvaguardar del olvido a cientos de salesianos sino en sacar a la luz la riqueza humana, profesional e intelectual, as\u00ed como la contribuci\u00f3n que la congregaci\u00f3n ha hecho all\u00ed donde se estableci\u00f3, a la sociedad, a la educaci\u00f3n y a la juventud en particular, durante todos estos a\u00f1os. Pero adem\u00e1s, \u201c<em>los retazos de vida que encontrar\u00e1s en este diccionario -s<\/em>e\u00f1ala el Rector Mayor en el pr\u00f3logo de la obra-<em>, no son s\u00f3lo la historia de un grupo de salesianos (&#8230;), sino mucho m\u00e1s, pues por encima de lo que han hecho, que no deja de ser sorprendente, se encuentran ejemplos admirables de virtud y de autenticidad evang\u00e9lica, que los convierten en modelos de salesianidad<\/em>\u201d.<\/p>\n<p>\u201cHay una l\u00ednea transversal de valores salesianos, cada uno en su \u00e9poca pero que son constantes\u201d.\u201cEsa l\u00ednea com\u00fan es la entrega al carisma, a los j\u00f3venes, tanto en la ense\u00f1anza como en cualquier faceta del mundo juvenil; la devoci\u00f3n a Mar\u00eda Auxiliadora y a Don Bosco. Todo hecho con sencillez y mucha fidelidad\u201d, constata R\u00eda.<\/p>\n<p><strong>Futuros nuevos estudios<\/strong><\/p>\n<p>Con el Diccionario Biogr\u00e1fico se ha puesto la primera piedra a la historia de muchas historias. La visi\u00f3n amplia y temporal de la congregaci\u00f3n, a trav\u00e9s de esta obra, abre la puerta a fijarse en aspectos muy interesantes que podr\u00edan dar lugar a otros estudios. Por ejemplo, \u201cla Formaci\u00f3n Profesional, es lo m\u00e1s caracter\u00edstico de los salesianos, c\u00f3mo se ha ido desarrollando dentro del conjunto de la historia; o la relaci\u00f3n de la Espa\u00f1a salesiana con las misiones, aqu\u00ed tienes 300 salesianos que han trabajado en todo el mundo\u201d.<\/p>\n<p>Otro tema interesante es la evoluci\u00f3n de la figura del coadjutor. \u201cHay una gran presencia, muchos de vida humilde (cocineros, porteros, encargados de granja, etc.) algunos con fama de santidad, como\u00a0<strong>Mart\u00edn Goicoechea<\/strong>: \u2018T<em>odos los que le conocieron lo proclaman santo, un santo simp\u00e1tico, singular, extra\u00f1o, cocinero de conventos pobres y de cocinas oscuras<\/em>\u2019; junto a ellos otros se han distinguido en la FP especialmente en Sarri\u00e0, Atocha de Madrid, Pamplona, Sevilla, como\u00a0<strong>Gaspar Mestre<\/strong>: \u2018<em>El se\u00f1or Mestre, profesor de artesanos en las escuelas artesanas de Sarri\u00e0, fue un artista excepcional de la madera y un genio art\u00edstico de fama internacional<\/em>\u2019.<\/p>\n<p>\u201cEn muchos de ellos encontramos una gran dedicaci\u00f3n a sus trabajos profesionales, aficionados a la m\u00fasica y al teatro, m\u00e1s que entre los curas\u201d, revela Fernado R\u00eda.<\/p>\n<p>\u201cSe detecta una evoluci\u00f3n clara en el mundo de los coadjutores desde los a\u00f1os 60. Desaparece la figura del coadjutor no cualificado que fueron muy frecuentes en la primera etapa. Ahora el coadjutor est\u00e1 a la par en formaci\u00f3n con el sacerdote\u201d.<\/p>\n<p>Tras m\u00e1s de una hora de charla con Fernando R\u00eda son muchas las an\u00e9cdotas, los datos curiosos y las interesantes semblanzas a las que nos remite:\u00a0<strong>Manuel Rodr\u00edguez Di\u00e9guez<\/strong>\u00a0es el salesianos m\u00e1s longevo, falleci\u00f3 con 104 a\u00f1os;\u00a0<strong>V\u00edctor Rodr\u00edguez<\/strong>, canario, fue un reconocido poeta y distinguido por su acci\u00f3n sociopol\u00edtica, fund\u00f3 un partido precursor de Coalici\u00f3n Canaria;\u00a0<strong>Evaristo S\u00e1nchez\u00a0<\/strong>fue un gran estudioso y entendido de toros, con una entrada en la enciclopedia taurina el Coss\u00edo.\u00a0<strong>Jos\u00e9 Blanco Blanco<\/strong>, de zapatero a cocinero, falleci\u00f3 ahogado en 1933 en D\u00e9nia durante una excursi\u00f3n con los chavales; fue enterrado en el cementerio de esta localidad y los hermanos maristas acogieron sus restos mortales hasta que en 2016 fue exhumado y llevado al pante\u00f3n salesiano en Benimaclet\u2026 \u201csu recuerdo pr\u00e1cticamente hab\u00eda desaparecido\u201d, cuenta R\u00eda.<\/p>\n<p>Precisamente el Rector Mayor apunta en la presentaci\u00f3n: \u201c<em>El mayor enemigo de la historia es el olvido y \u00abs\u00f3lo muere el que no es recordado<\/em>\u201d. Esto ya no pasar\u00e1 gracias al\u00a0<strong>Diccionario Biogr\u00e1fico Salesiano de Espa\u00f1a\u00a0<\/strong>y al trabajo de los miembros de\u00a0<strong>ACSSA- Espa\u00f1a<\/strong>\u00a0y colaboradores que lo han hecho posible.<\/p>\n<p>Noticia original en salesianos.edu: <a href=\"https:\/\/www.salesianos.edu\/Articulos\/11359\/1\/1\/-El-tiempo-va-borrando-la-memoria-y-creo-que-hemos-llegado-a-tiempo-de-recoger-y-conservar-la-historia-de-los-salesianos-\">https:\/\/www.salesianos.edu\/Articulos\/11359\/1\/1\/-El-tiempo-va-borrando-la-memoria-y-creo-que-hemos-llegado-a-tiempo-de-recoger-y-conservar-la-historia-de-los-salesianos-<\/a><\/p>\n<p>[\/et_pb_text][et_pb_text admin_label=\u00bbT\u00edtulo: Galer\u00eda de fotos (Texto)\u00bb _builder_version=\u00bb3.0.76&#8243; background_layout=\u00bblight\u00bb text_font=\u00bb|on|||\u00bb text_text_color=\u00bb#dc001b\u00bb border_style=\u00bbsolid\u00bb disabled=\u00bboff\u00bb disabled_on=\u00bboff|on|on\u00bb]<\/p>\n<p>Galer\u00eda de im\u00e1genes<\/p>\n<p>[\/et_pb_text][et_pb_gallery _builder_version=\u00bb3.19.18&#8243; posts_number=\u00bb8&#8243; show_title_and_caption=\u00bboff\u00bb zoom_icon_color=\u00bb#dc001b\u00bb hover_overlay_color=\u00bbrgba(255,255,255,0.9)\u00bb hover_icon=\u00bb%%51%%\u00bb disabled=\u00bboff\u00bb disabled_on=\u00bboff|off|off\u00bb gallery_ids=\u00bb10608&#8243; pagination_font_size_tablet=\u00bb51&#8243; pagination_line_height_tablet=\u00bb2&#8243; \/][et_pb_video _builder_version=\u00bb3.0.51&#8243; disabled=\u00bbon\u00bb disabled_on=\u00bbon|on|on\u00bb \/][\/et_pb_column][\/et_pb_row][\/et_pb_section]<\/p>\n<!-- AddThis Advanced Settings generic via filter on the_content --><!-- AddThis Share Buttons generic via filter on the_content -->","protected":false},"excerpt":{"rendered":"<p>\u201cEl tiempo va borrando la memoria y creo que hemos llegado a tiempo de recoger y conservar la historia de los salesianos\u201d, ha comentado en una entrevista realizada por Joana Monz\u00f3 Esteve, en la que ha reflexionado sobre el valor de esta magna obra, encargada por el Rector Mayor a ACSSA- Espa\u00f1a y editada por [&hellip;]<\/p>\n<p><!-- AddThis Advanced Settings generic via filter on get_the_excerpt --><!-- AddThis Share Buttons generic via filter on get_the_excerpt --><\/p>\n","protected":false},"author":6,"featured_media":10608,"comment_status":"closed","ping_status":"open","sticky":false,"template":"","format":"standard","meta":{"_et_pb_use_builder":"on","_et_pb_old_content":"","_et_gb_content_width":"","footnotes":""},"categories":[14],"tags":[],"class_list":["post-10607","post","type-post","status-publish","format-standard","has-post-thumbnail","hentry","category-noticia_colegio"],"yoast_head":"<!-- This site is optimized with the Yoast SEO plugin v28.4 - https:\/\/yoast.com\/product\/yoast-seo-wordpress\/ -->\n<title>El salesiano Fernando R\u00eda, coautor del Diccionario Biogr\u00e1fico Salesiano de Espa\u00f1a - Colegio San Juan Bosco Valencia<\/title>\n<meta name=\"robots\" content=\"index, follow, max-snippet:-1, max-image-preview:large, max-video-preview:-1\" \/>\n<link rel=\"canonical\" href=\"https:\/\/valenciasjb.salesianos.edu\/colegio\/el-salesiano-fernando-ria-coautor-del-diccionario-biografico-salesiano-de-espana\/\" \/>\n<meta property=\"og:locale\" content=\"es_ES\" \/>\n<meta property=\"og:type\" content=\"article\" \/>\n<meta property=\"og:title\" content=\"El salesiano Fernando R\u00eda, coautor del Diccionario Biogr\u00e1fico Salesiano de Espa\u00f1a - Colegio San Juan Bosco Valencia\" \/>\n<meta property=\"og:description\" content=\"\u201cEl tiempo va borrando la memoria y creo que hemos llegado a tiempo de recoger y conservar la historia de los salesianos\u201d, ha comentado en una entrevista realizada por Joana Monz\u00f3 Esteve, en la que ha reflexionado sobre el valor de esta magna obra, encargada por el Rector Mayor a ACSSA- Espa\u00f1a y editada por [&hellip;]\" \/>\n<meta property=\"og:url\" content=\"https:\/\/valenciasjb.salesianos.edu\/colegio\/el-salesiano-fernando-ria-coautor-del-diccionario-biografico-salesiano-de-espana\/\" \/>\n<meta property=\"og:site_name\" content=\"Colegio San Juan Bosco Valencia\" \/>\n<meta property=\"article:publisher\" content=\"https:\/\/www.facebook.com\/ColegioSalesianoSanJuanBoscoValencia\" \/>\n<meta property=\"article:published_time\" content=\"2019-05-02T11:55:22+00:00\" \/>\n<meta property=\"og:image\" content=\"https:\/\/valenciasjb.salesianos.edu\/colegio\/wp-content\/uploads\/sites\/2\/2019\/05\/FernandoRiaDiccionario4300.jpg\" \/>\n\t<meta property=\"og:image:width\" content=\"300\" \/>\n\t<meta property=\"og:image:height\" content=\"200\" \/>\n\t<meta property=\"og:image:type\" content=\"image\/jpeg\" \/>\n<meta name=\"author\" content=\"veronicapastor\" \/>\n<meta name=\"twitter:card\" content=\"summary_large_image\" \/>\n<meta name=\"twitter:creator\" content=\"@SalesianosVSJB\" \/>\n<meta name=\"twitter:site\" content=\"@SalesianosVSJB\" \/>\n<meta name=\"twitter:label1\" content=\"Escrito por\" \/>\n\t<meta name=\"twitter:data1\" content=\"veronicapastor\" \/>\n\t<meta name=\"twitter:label2\" content=\"Tiempo de lectura\" \/>\n\t<meta name=\"twitter:data2\" content=\"8 minutos\" \/>\n<script type=\"application\/ld+json\" class=\"yoast-schema-graph\">{\"@context\":\"https:\\\/\\\/schema.org\",\"@graph\":[{\"@type\":\"Article\",\"@id\":\"https:\\\/\\\/valenciasjb.salesianos.edu\\\/colegio\\\/el-salesiano-fernando-ria-coautor-del-diccionario-biografico-salesiano-de-espana\\\/#article\",\"isPartOf\":{\"@id\":\"https:\\\/\\\/valenciasjb.salesianos.edu\\\/colegio\\\/el-salesiano-fernando-ria-coautor-del-diccionario-biografico-salesiano-de-espana\\\/\"},\"author\":{\"name\":\"veronicapastor\",\"@id\":\"https:\\\/\\\/valenciasjb.salesianos.edu\\\/colegio\\\/#\\\/schema\\\/person\\\/1f45b67e52b27da175190a574db6bed9\"},\"headline\":\"El salesiano Fernando R\u00eda, coautor del Diccionario Biogr\u00e1fico Salesiano de Espa\u00f1a\",\"datePublished\":\"2019-05-02T11:55:22+00:00\",\"mainEntityOfPage\":{\"@id\":\"https:\\\/\\\/valenciasjb.salesianos.edu\\\/colegio\\\/el-salesiano-fernando-ria-coautor-del-diccionario-biografico-salesiano-de-espana\\\/\"},\"wordCount\":1598,\"image\":{\"@id\":\"https:\\\/\\\/valenciasjb.salesianos.edu\\\/colegio\\\/el-salesiano-fernando-ria-coautor-del-diccionario-biografico-salesiano-de-espana\\\/#primaryimage\"},\"thumbnailUrl\":\"https:\\\/\\\/valenciasjb.salesianos.edu\\\/colegio\\\/wp-content\\\/uploads\\\/sites\\\/2\\\/2019\\\/05\\\/FernandoRiaDiccionario4300.jpg\",\"articleSection\":[\"Noticia Colegio\"],\"inLanguage\":\"es\"},{\"@type\":\"WebPage\",\"@id\":\"https:\\\/\\\/valenciasjb.salesianos.edu\\\/colegio\\\/el-salesiano-fernando-ria-coautor-del-diccionario-biografico-salesiano-de-espana\\\/\",\"url\":\"https:\\\/\\\/valenciasjb.salesianos.edu\\\/colegio\\\/el-salesiano-fernando-ria-coautor-del-diccionario-biografico-salesiano-de-espana\\\/\",\"name\":\"El salesiano Fernando R\u00eda, coautor del Diccionario Biogr\u00e1fico Salesiano de Espa\u00f1a - Colegio San Juan Bosco Valencia\",\"isPartOf\":{\"@id\":\"https:\\\/\\\/valenciasjb.salesianos.edu\\\/colegio\\\/#website\"},\"primaryImageOfPage\":{\"@id\":\"https:\\\/\\\/valenciasjb.salesianos.edu\\\/colegio\\\/el-salesiano-fernando-ria-coautor-del-diccionario-biografico-salesiano-de-espana\\\/#primaryimage\"},\"image\":{\"@id\":\"https:\\\/\\\/valenciasjb.salesianos.edu\\\/colegio\\\/el-salesiano-fernando-ria-coautor-del-diccionario-biografico-salesiano-de-espana\\\/#primaryimage\"},\"thumbnailUrl\":\"https:\\\/\\\/valenciasjb.salesianos.edu\\\/colegio\\\/wp-content\\\/uploads\\\/sites\\\/2\\\/2019\\\/05\\\/FernandoRiaDiccionario4300.jpg\",\"datePublished\":\"2019-05-02T11:55:22+00:00\",\"author\":{\"@id\":\"https:\\\/\\\/valenciasjb.salesianos.edu\\\/colegio\\\/#\\\/schema\\\/person\\\/1f45b67e52b27da175190a574db6bed9\"},\"breadcrumb\":{\"@id\":\"https:\\\/\\\/valenciasjb.salesianos.edu\\\/colegio\\\/el-salesiano-fernando-ria-coautor-del-diccionario-biografico-salesiano-de-espana\\\/#breadcrumb\"},\"inLanguage\":\"es\",\"potentialAction\":[{\"@type\":\"ReadAction\",\"target\":[\"https:\\\/\\\/valenciasjb.salesianos.edu\\\/colegio\\\/el-salesiano-fernando-ria-coautor-del-diccionario-biografico-salesiano-de-espana\\\/\"]}]},{\"@type\":\"ImageObject\",\"inLanguage\":\"es\",\"@id\":\"https:\\\/\\\/valenciasjb.salesianos.edu\\\/colegio\\\/el-salesiano-fernando-ria-coautor-del-diccionario-biografico-salesiano-de-espana\\\/#primaryimage\",\"url\":\"https:\\\/\\\/valenciasjb.salesianos.edu\\\/colegio\\\/wp-content\\\/uploads\\\/sites\\\/2\\\/2019\\\/05\\\/FernandoRiaDiccionario4300.jpg\",\"contentUrl\":\"https:\\\/\\\/valenciasjb.salesianos.edu\\\/colegio\\\/wp-content\\\/uploads\\\/sites\\\/2\\\/2019\\\/05\\\/FernandoRiaDiccionario4300.jpg\",\"width\":300,\"height\":200},{\"@type\":\"BreadcrumbList\",\"@id\":\"https:\\\/\\\/valenciasjb.salesianos.edu\\\/colegio\\\/el-salesiano-fernando-ria-coautor-del-diccionario-biografico-salesiano-de-espana\\\/#breadcrumb\",\"itemListElement\":[{\"@type\":\"ListItem\",\"position\":1,\"name\":\"Portada\",\"item\":\"https:\\\/\\\/valenciasjb.salesianos.edu\\\/colegio\\\/\"},{\"@type\":\"ListItem\",\"position\":2,\"name\":\"El salesiano Fernando R\u00eda, coautor del Diccionario Biogr\u00e1fico Salesiano de Espa\u00f1a\"}]},{\"@type\":\"WebSite\",\"@id\":\"https:\\\/\\\/valenciasjb.salesianos.edu\\\/colegio\\\/#website\",\"url\":\"https:\\\/\\\/valenciasjb.salesianos.edu\\\/colegio\\\/\",\"name\":\"Colegio San Juan Bosco Valencia\",\"description\":\"P\u00e1gina oficial del Colegio Salesianos San Juan Bosco Valencia\",\"alternateName\":\"Salesianos.VSJB\",\"potentialAction\":[{\"@type\":\"SearchAction\",\"target\":{\"@type\":\"EntryPoint\",\"urlTemplate\":\"https:\\\/\\\/valenciasjb.salesianos.edu\\\/colegio\\\/?s={search_term_string}\"},\"query-input\":{\"@type\":\"PropertyValueSpecification\",\"valueRequired\":true,\"valueName\":\"search_term_string\"}}],\"inLanguage\":\"es\"},{\"@type\":\"Person\",\"@id\":\"https:\\\/\\\/valenciasjb.salesianos.edu\\\/colegio\\\/#\\\/schema\\\/person\\\/1f45b67e52b27da175190a574db6bed9\",\"name\":\"veronicapastor\",\"image\":{\"@type\":\"ImageObject\",\"inLanguage\":\"es\",\"@id\":\"https:\\\/\\\/secure.gravatar.com\\\/avatar\\\/e29bd40bace3fd935e1d6fdb7313ffc14628cc037c5e16f4c7369b20a2a6f7f0?s=96&d=mm&r=g\",\"url\":\"https:\\\/\\\/secure.gravatar.com\\\/avatar\\\/e29bd40bace3fd935e1d6fdb7313ffc14628cc037c5e16f4c7369b20a2a6f7f0?s=96&d=mm&r=g\",\"contentUrl\":\"https:\\\/\\\/secure.gravatar.com\\\/avatar\\\/e29bd40bace3fd935e1d6fdb7313ffc14628cc037c5e16f4c7369b20a2a6f7f0?s=96&d=mm&r=g\",\"caption\":\"veronicapastor\"}}]}<\/script>\n<!-- \/ Yoast SEO plugin. -->","yoast_head_json":{"title":"El salesiano Fernando R\u00eda, coautor del Diccionario Biogr\u00e1fico Salesiano de Espa\u00f1a - Colegio San Juan Bosco Valencia","robots":{"index":"index","follow":"follow","max-snippet":"max-snippet:-1","max-image-preview":"max-image-preview:large","max-video-preview":"max-video-preview:-1"},"canonical":"https:\/\/valenciasjb.salesianos.edu\/colegio\/el-salesiano-fernando-ria-coautor-del-diccionario-biografico-salesiano-de-espana\/","og_locale":"es_ES","og_type":"article","og_title":"El salesiano Fernando R\u00eda, coautor del Diccionario Biogr\u00e1fico Salesiano de Espa\u00f1a - Colegio San Juan Bosco Valencia","og_description":"\u201cEl tiempo va borrando la memoria y creo que hemos llegado a tiempo de recoger y conservar la historia de los salesianos\u201d, ha comentado en una entrevista realizada por Joana Monz\u00f3 Esteve, en la que ha reflexionado sobre el valor de esta magna obra, encargada por el Rector Mayor a ACSSA- Espa\u00f1a y editada por [&hellip;]","og_url":"https:\/\/valenciasjb.salesianos.edu\/colegio\/el-salesiano-fernando-ria-coautor-del-diccionario-biografico-salesiano-de-espana\/","og_site_name":"Colegio San Juan Bosco Valencia","article_publisher":"https:\/\/www.facebook.com\/ColegioSalesianoSanJuanBoscoValencia","article_published_time":"2019-05-02T11:55:22+00:00","og_image":[{"width":300,"height":200,"url":"https:\/\/valenciasjb.salesianos.edu\/colegio\/wp-content\/uploads\/sites\/2\/2019\/05\/FernandoRiaDiccionario4300.jpg","type":"image\/jpeg"}],"author":"veronicapastor","twitter_card":"summary_large_image","twitter_creator":"@SalesianosVSJB","twitter_site":"@SalesianosVSJB","twitter_misc":{"Escrito por":"veronicapastor","Tiempo de lectura":"8 minutos"},"schema":{"@context":"https:\/\/schema.org","@graph":[{"@type":"Article","@id":"https:\/\/valenciasjb.salesianos.edu\/colegio\/el-salesiano-fernando-ria-coautor-del-diccionario-biografico-salesiano-de-espana\/#article","isPartOf":{"@id":"https:\/\/valenciasjb.salesianos.edu\/colegio\/el-salesiano-fernando-ria-coautor-del-diccionario-biografico-salesiano-de-espana\/"},"author":{"name":"veronicapastor","@id":"https:\/\/valenciasjb.salesianos.edu\/colegio\/#\/schema\/person\/1f45b67e52b27da175190a574db6bed9"},"headline":"El salesiano Fernando R\u00eda, coautor del Diccionario Biogr\u00e1fico Salesiano de Espa\u00f1a","datePublished":"2019-05-02T11:55:22+00:00","mainEntityOfPage":{"@id":"https:\/\/valenciasjb.salesianos.edu\/colegio\/el-salesiano-fernando-ria-coautor-del-diccionario-biografico-salesiano-de-espana\/"},"wordCount":1598,"image":{"@id":"https:\/\/valenciasjb.salesianos.edu\/colegio\/el-salesiano-fernando-ria-coautor-del-diccionario-biografico-salesiano-de-espana\/#primaryimage"},"thumbnailUrl":"https:\/\/valenciasjb.salesianos.edu\/colegio\/wp-content\/uploads\/sites\/2\/2019\/05\/FernandoRiaDiccionario4300.jpg","articleSection":["Noticia Colegio"],"inLanguage":"es"},{"@type":"WebPage","@id":"https:\/\/valenciasjb.salesianos.edu\/colegio\/el-salesiano-fernando-ria-coautor-del-diccionario-biografico-salesiano-de-espana\/","url":"https:\/\/valenciasjb.salesianos.edu\/colegio\/el-salesiano-fernando-ria-coautor-del-diccionario-biografico-salesiano-de-espana\/","name":"El salesiano Fernando R\u00eda, coautor del Diccionario Biogr\u00e1fico Salesiano de Espa\u00f1a - Colegio San Juan Bosco Valencia","isPartOf":{"@id":"https:\/\/valenciasjb.salesianos.edu\/colegio\/#website"},"primaryImageOfPage":{"@id":"https:\/\/valenciasjb.salesianos.edu\/colegio\/el-salesiano-fernando-ria-coautor-del-diccionario-biografico-salesiano-de-espana\/#primaryimage"},"image":{"@id":"https:\/\/valenciasjb.salesianos.edu\/colegio\/el-salesiano-fernando-ria-coautor-del-diccionario-biografico-salesiano-de-espana\/#primaryimage"},"thumbnailUrl":"https:\/\/valenciasjb.salesianos.edu\/colegio\/wp-content\/uploads\/sites\/2\/2019\/05\/FernandoRiaDiccionario4300.jpg","datePublished":"2019-05-02T11:55:22+00:00","author":{"@id":"https:\/\/valenciasjb.salesianos.edu\/colegio\/#\/schema\/person\/1f45b67e52b27da175190a574db6bed9"},"breadcrumb":{"@id":"https:\/\/valenciasjb.salesianos.edu\/colegio\/el-salesiano-fernando-ria-coautor-del-diccionario-biografico-salesiano-de-espana\/#breadcrumb"},"inLanguage":"es","potentialAction":[{"@type":"ReadAction","target":["https:\/\/valenciasjb.salesianos.edu\/colegio\/el-salesiano-fernando-ria-coautor-del-diccionario-biografico-salesiano-de-espana\/"]}]},{"@type":"ImageObject","inLanguage":"es","@id":"https:\/\/valenciasjb.salesianos.edu\/colegio\/el-salesiano-fernando-ria-coautor-del-diccionario-biografico-salesiano-de-espana\/#primaryimage","url":"https:\/\/valenciasjb.salesianos.edu\/colegio\/wp-content\/uploads\/sites\/2\/2019\/05\/FernandoRiaDiccionario4300.jpg","contentUrl":"https:\/\/valenciasjb.salesianos.edu\/colegio\/wp-content\/uploads\/sites\/2\/2019\/05\/FernandoRiaDiccionario4300.jpg","width":300,"height":200},{"@type":"BreadcrumbList","@id":"https:\/\/valenciasjb.salesianos.edu\/colegio\/el-salesiano-fernando-ria-coautor-del-diccionario-biografico-salesiano-de-espana\/#breadcrumb","itemListElement":[{"@type":"ListItem","position":1,"name":"Portada","item":"https:\/\/valenciasjb.salesianos.edu\/colegio\/"},{"@type":"ListItem","position":2,"name":"El salesiano Fernando R\u00eda, coautor del Diccionario Biogr\u00e1fico Salesiano de Espa\u00f1a"}]},{"@type":"WebSite","@id":"https:\/\/valenciasjb.salesianos.edu\/colegio\/#website","url":"https:\/\/valenciasjb.salesianos.edu\/colegio\/","name":"Colegio San Juan Bosco Valencia","description":"P\u00e1gina oficial del Colegio Salesianos San Juan Bosco Valencia","alternateName":"Salesianos.VSJB","potentialAction":[{"@type":"SearchAction","target":{"@type":"EntryPoint","urlTemplate":"https:\/\/valenciasjb.salesianos.edu\/colegio\/?s={search_term_string}"},"query-input":{"@type":"PropertyValueSpecification","valueRequired":true,"valueName":"search_term_string"}}],"inLanguage":"es"},{"@type":"Person","@id":"https:\/\/valenciasjb.salesianos.edu\/colegio\/#\/schema\/person\/1f45b67e52b27da175190a574db6bed9","name":"veronicapastor","image":{"@type":"ImageObject","inLanguage":"es","@id":"https:\/\/secure.gravatar.com\/avatar\/e29bd40bace3fd935e1d6fdb7313ffc14628cc037c5e16f4c7369b20a2a6f7f0?s=96&d=mm&r=g","url":"https:\/\/secure.gravatar.com\/avatar\/e29bd40bace3fd935e1d6fdb7313ffc14628cc037c5e16f4c7369b20a2a6f7f0?s=96&d=mm&r=g","contentUrl":"https:\/\/secure.gravatar.com\/avatar\/e29bd40bace3fd935e1d6fdb7313ffc14628cc037c5e16f4c7369b20a2a6f7f0?s=96&d=mm&r=g","caption":"veronicapastor"}}]}},"_links":{"self":[{"href":"https:\/\/valenciasjb.salesianos.edu\/colegio\/wp-json\/wp\/v2\/posts\/10607","targetHints":{"allow":["GET"]}}],"collection":[{"href":"https:\/\/valenciasjb.salesianos.edu\/colegio\/wp-json\/wp\/v2\/posts"}],"about":[{"href":"https:\/\/valenciasjb.salesianos.edu\/colegio\/wp-json\/wp\/v2\/types\/post"}],"author":[{"embeddable":true,"href":"https:\/\/valenciasjb.salesianos.edu\/colegio\/wp-json\/wp\/v2\/users\/6"}],"replies":[{"embeddable":true,"href":"https:\/\/valenciasjb.salesianos.edu\/colegio\/wp-json\/wp\/v2\/comments?post=10607"}],"version-history":[{"count":1,"href":"https:\/\/valenciasjb.salesianos.edu\/colegio\/wp-json\/wp\/v2\/posts\/10607\/revisions"}],"predecessor-version":[{"id":10609,"href":"https:\/\/valenciasjb.salesianos.edu\/colegio\/wp-json\/wp\/v2\/posts\/10607\/revisions\/10609"}],"wp:featuredmedia":[{"embeddable":true,"href":"https:\/\/valenciasjb.salesianos.edu\/colegio\/wp-json\/wp\/v2\/media\/10608"}],"wp:attachment":[{"href":"https:\/\/valenciasjb.salesianos.edu\/colegio\/wp-json\/wp\/v2\/media?parent=10607"}],"wp:term":[{"taxonomy":"category","embeddable":true,"href":"https:\/\/valenciasjb.salesianos.edu\/colegio\/wp-json\/wp\/v2\/categories?post=10607"},{"taxonomy":"post_tag","embeddable":true,"href":"https:\/\/valenciasjb.salesianos.edu\/colegio\/wp-json\/wp\/v2\/tags?post=10607"}],"curies":[{"name":"wp","href":"https:\/\/api.w.org\/{rel}","templated":true}]}}