{"id":10641,"date":"2019-05-07T18:42:26","date_gmt":"2019-05-07T17:42:26","guid":{"rendered":"https:\/\/valenciasjb.salesianos.edu\/colegio\/?p=10641"},"modified":"2019-05-07T18:44:44","modified_gmt":"2019-05-07T17:44:44","slug":"el-cd-don-bosco-presenta-su-cronica-de-actividades-del-mes-de-abril","status":"publish","type":"post","link":"https:\/\/valenciasjb.salesianos.edu\/colegio\/el-cd-don-bosco-presenta-su-cronica-de-actividades-del-mes-de-abril\/","title":{"rendered":"El CD Don Bosco presenta su cr\u00f3nica de actividades del mes de abril"},"content":{"rendered":"<div id=\"fb-root\"><\/div>\n<p>[et_pb_section bb_built=\u00bb1&#8243; admin_label=\u00bbsection\u00bb][et_pb_row admin_label=\u00bbrow\u00bb background_position=\u00bbtop_left\u00bb background_repeat=\u00bbrepeat\u00bb background_size=\u00bbinitial\u00bb][et_pb_column type=\u00bb4_4&#8243;][et_pb_text admin_label=\u00bbEntradilla (Texto)\u00bb _builder_version=\u00bb3.19.18&#8243; text_orientation=\u00bbjustified\u00bb text_font=\u00bb|on|||\u00bb module_alignment=\u00bbleft\u00bb]<\/p>\n<div id=\"resumen\"><strong><strong>El CD Don Bosco presenta su cr\u00f3nica de actividades del mes de abril, consistente en actividades t\u00e9cnicas de formaci\u00f3n, competiciones, convivencias de Pascua 2019, Torneo Primer Toque, homenaje en L\u2019Alquer\u00eda del Basket a <\/strong><\/strong><strong>Lorena Segura, jugadora de baloncesto del club y Juegos Internacionales de la Juventud Salesiana.<\/strong><strong>\u00a0<\/strong><\/div>\n<div>\u00a0<\/div>\n<p>[\/et_pb_text][et_pb_text admin_label=\u00bbAutor (Texto)\u00bb _builder_version=\u00bb3.19.18&#8243; text_font=\u00bb||on||\u00bb]<\/p>\n<p>Fernando Carrasco.<\/p>\n<p>[\/et_pb_text][et_pb_text admin_label=\u00bbDesarrollo (Texto)\u00bb _builder_version=\u00bb3.19.18&#8243; text_orientation=\u00bbjustified\u00bb module_alignment=\u00bbleft\u00bb]<\/p>\n<ul>\n<li><strong>Actividades t\u00e9cnicas formaci\u00f3n<\/strong><\/li>\n<\/ul>\n<p>Todos los equipos del club han seguido realizando su formaci\u00f3n t\u00e9cnica programada en horario vespertino de cara a la recta final de las competiciones en las que est\u00e1n participando.<\/p>\n<ul>\n<li><strong>Competiciones<\/strong><\/li>\n<\/ul>\n<p>Complementando el trabajo semanal de formaci\u00f3n, los equipos han seguido disputando los fines de semana los encuentros correspondientes de sus ligas.<\/p>\n<ul>\n<li><strong>Convivencia Pascua 2019<\/strong><\/li>\n<\/ul>\n<p>Coincidiendo con el \u201cpar\u00f3n\u201d de actividades y competiciones durante Semana Santa, el grupo de cadetes de la secci\u00f3n de baloncesto tuvo una convivencia donde se mezcl\u00f3 la formaci\u00f3n personal, de grupo y entrenamientos espec\u00edficos, todo ello en la localidad de Oropesa en Castell\u00f3n, y coincidiendo con un torneo de car\u00e1cter amistoso, donde rein\u00f3 un gran ambiente y tuvieron la oportunidad de intercambiar experiencias con chicos y chicas de toda la geograf\u00eda nacional.<\/p>\n<ul>\n<li><strong>Torneo Primer Toque<\/strong><\/li>\n<\/ul>\n<p>Los equipos de la secci\u00f3n de f\u00fatbol alev\u00edn A y B y benjam\u00edn A participaron en Semana Santa el prestigioso torneo Primer Toque en Castell\u00f3n, donde los chicos del club disfrutaron del gran nivel del mismo y la participaci\u00f3n de escuelas de f\u00fatbol de gran renombre.<\/p>\n<ul>\n<li><strong>Lorena Segura jugadora de baloncesto homenajeada en L\u2019Alquer\u00eda del Basket<\/strong><\/li>\n<\/ul>\n<p>Lorena Segura, jugadora del Valencia Basket femenino, y que se form\u00f3 en el club deportivo don Bosco en su\u00a0etapa de minibasket participando en diversos\u00a0juegos intersalesianos, fue homenajeada\u00a0por su club actual incorpor\u00e1ndola\u00a0en el Mur dels Somnis de L\u2019Alquer\u00eda del Basket por\u00a0su debut en la m\u00e1xima\u00a0competici\u00f3n nacional,\u00a0la Liga Femenina DYA.\u00a0Asisti\u00f3 al acto el coordinador\u00a0de baloncesto Ignacio Isidoro.<\/p>\n<ul>\n<li><strong>Juegos Internacionales de la Juventud Salesiana<\/strong><\/li>\n<\/ul>\n<p>Varios jugadores del Club Deportivo alumnos del Colegio, participaron con los equipos de f\u00fatbol sala representando a la Casa en los Juegos Internacionales celebrados en la capital de Eslovenia, Liubliana, dese el 30 de abril al 5 de mayo, donde participaron casas salesianas de quince nacionalidades europeas. Una experiencia inolvidable para todos los que all\u00ed se desplazaron, tanto a nivel deportivo, de convivencia, de conocer una ciudad con gran historia y compartir experiencias y grandes momentos con j\u00f3venes de toda Europa.<\/p>\n<p>[\/et_pb_text][et_pb_text admin_label=\u00bbT\u00edtulo: Galer\u00eda de fotos (Texto)\u00bb _builder_version=\u00bb3.0.76&#8243; background_layout=\u00bblight\u00bb text_font=\u00bb|on|||\u00bb text_text_color=\u00bb#dc001b\u00bb border_style=\u00bbsolid\u00bb disabled=\u00bboff\u00bb disabled_on=\u00bboff|on|on\u00bb]<\/p>\n<p>Galer\u00eda de im\u00e1genes<\/p>\n<p>[\/et_pb_text][et_pb_gallery _builder_version=\u00bb3.19.18&#8243; posts_number=\u00bb8&#8243; show_title_and_caption=\u00bboff\u00bb zoom_icon_color=\u00bb#dc001b\u00bb hover_overlay_color=\u00bbrgba(255,255,255,0.9)\u00bb hover_icon=\u00bb%%51%%\u00bb disabled=\u00bboff\u00bb disabled_on=\u00bboff|off|off\u00bb gallery_ids=\u00bb10642,10643,10644,10645,10646,10647&#8243; pagination_font_size_tablet=\u00bb51&#8243; pagination_line_height_tablet=\u00bb2&#8243; \/][et_pb_video _builder_version=\u00bb3.0.51&#8243; disabled=\u00bbon\u00bb disabled_on=\u00bbon|on|on\u00bb \/][\/et_pb_column][\/et_pb_row][\/et_pb_section]<\/p>\n<!-- AddThis Advanced Settings generic via filter on the_content --><!-- AddThis Share Buttons generic via filter on the_content -->","protected":false},"excerpt":{"rendered":"<p>El CD Don Bosco presenta su cr\u00f3nica de actividades del mes de abril, consistente en actividades t\u00e9cnicas de formaci\u00f3n, competiciones, convivencias de Pascua 2019, Torneo Primer Toque, homenaje en L\u2019Alquer\u00eda del Basket a Lorena Segura, jugadora de baloncesto del club y Juegos Internacionales de la Juventud Salesiana.\u00a0 \u00a0 Fernando Carrasco. Actividades t\u00e9cnicas formaci\u00f3n Todos los [&hellip;]<\/p>\n<p><!-- AddThis Advanced Settings generic via filter on get_the_excerpt --><!-- AddThis Share Buttons generic via filter on get_the_excerpt --><\/p>\n","protected":false},"author":6,"featured_media":10642,"comment_status":"closed","ping_status":"open","sticky":false,"template":"","format":"standard","meta":{"_et_pb_use_builder":"on","_et_pb_old_content":"","_et_gb_content_width":"","footnotes":""},"categories":[14,26],"tags":[],"class_list":["post-10641","post","type-post","status-publish","format-standard","has-post-thumbnail","hentry","category-noticia_colegio","category-noticia_deportes"],"yoast_head":"<!-- This site is optimized with the Yoast SEO plugin v28.3 - https:\/\/yoast.com\/product\/yoast-seo-wordpress\/ -->\n<title>El CD Don Bosco presenta su cr\u00f3nica de actividades del mes de abril - Colegio San Juan Bosco Valencia<\/title>\n<meta name=\"robots\" content=\"index, follow, max-snippet:-1, max-image-preview:large, max-video-preview:-1\" \/>\n<link rel=\"canonical\" href=\"https:\/\/valenciasjb.salesianos.edu\/colegio\/el-cd-don-bosco-presenta-su-cronica-de-actividades-del-mes-de-abril\/\" \/>\n<meta property=\"og:locale\" content=\"es_ES\" \/>\n<meta property=\"og:type\" content=\"article\" \/>\n<meta property=\"og:title\" content=\"El CD Don Bosco presenta su cr\u00f3nica de actividades del mes de abril - Colegio San Juan Bosco Valencia\" \/>\n<meta property=\"og:description\" content=\"El CD Don Bosco presenta su cr\u00f3nica de actividades del mes de abril, consistente en actividades t\u00e9cnicas de formaci\u00f3n, competiciones, convivencias de Pascua 2019, Torneo Primer Toque, homenaje en L\u2019Alquer\u00eda del Basket a Lorena Segura, jugadora de baloncesto del club y Juegos Internacionales de la Juventud Salesiana.\u00a0 \u00a0 Fernando Carrasco. Actividades t\u00e9cnicas formaci\u00f3n Todos los [&hellip;]\" \/>\n<meta property=\"og:url\" content=\"https:\/\/valenciasjb.salesianos.edu\/colegio\/el-cd-don-bosco-presenta-su-cronica-de-actividades-del-mes-de-abril\/\" \/>\n<meta property=\"og:site_name\" content=\"Colegio San Juan Bosco Valencia\" \/>\n<meta property=\"article:publisher\" content=\"https:\/\/www.facebook.com\/ColegioSalesianoSanJuanBoscoValencia\" \/>\n<meta property=\"article:published_time\" content=\"2019-05-07T17:42:26+00:00\" \/>\n<meta property=\"article:modified_time\" content=\"2019-05-07T17:44:44+00:00\" \/>\n<meta property=\"og:image\" content=\"https:\/\/valenciasjb.salesianos.edu\/colegio\/wp-content\/uploads\/sites\/2\/2019\/05\/1.png\" \/>\n\t<meta property=\"og:image:width\" content=\"593\" \/>\n\t<meta property=\"og:image:height\" content=\"453\" \/>\n\t<meta property=\"og:image:type\" content=\"image\/png\" \/>\n<meta name=\"author\" content=\"veronicapastor\" \/>\n<meta name=\"twitter:card\" content=\"summary_large_image\" \/>\n<meta name=\"twitter:creator\" content=\"@SalesianosVSJB\" \/>\n<meta name=\"twitter:site\" content=\"@SalesianosVSJB\" \/>\n<meta name=\"twitter:label1\" content=\"Escrito por\" \/>\n\t<meta name=\"twitter:data1\" content=\"veronicapastor\" \/>\n\t<meta name=\"twitter:label2\" content=\"Tiempo de lectura\" \/>\n\t<meta name=\"twitter:data2\" content=\"3 minutos\" \/>\n<script type=\"application\/ld+json\" class=\"yoast-schema-graph\">{\"@context\":\"https:\\\/\\\/schema.org\",\"@graph\":[{\"@type\":\"Article\",\"@id\":\"https:\\\/\\\/valenciasjb.salesianos.edu\\\/colegio\\\/el-cd-don-bosco-presenta-su-cronica-de-actividades-del-mes-de-abril\\\/#article\",\"isPartOf\":{\"@id\":\"https:\\\/\\\/valenciasjb.salesianos.edu\\\/colegio\\\/el-cd-don-bosco-presenta-su-cronica-de-actividades-del-mes-de-abril\\\/\"},\"author\":{\"name\":\"veronicapastor\",\"@id\":\"https:\\\/\\\/valenciasjb.salesianos.edu\\\/colegio\\\/#\\\/schema\\\/person\\\/1f45b67e52b27da175190a574db6bed9\"},\"headline\":\"El CD Don Bosco presenta su cr\u00f3nica de actividades del mes de abril\",\"datePublished\":\"2019-05-07T17:42:26+00:00\",\"dateModified\":\"2019-05-07T17:44:44+00:00\",\"mainEntityOfPage\":{\"@id\":\"https:\\\/\\\/valenciasjb.salesianos.edu\\\/colegio\\\/el-cd-don-bosco-presenta-su-cronica-de-actividades-del-mes-de-abril\\\/\"},\"wordCount\":618,\"image\":{\"@id\":\"https:\\\/\\\/valenciasjb.salesianos.edu\\\/colegio\\\/el-cd-don-bosco-presenta-su-cronica-de-actividades-del-mes-de-abril\\\/#primaryimage\"},\"thumbnailUrl\":\"https:\\\/\\\/valenciasjb.salesianos.edu\\\/colegio\\\/wp-content\\\/uploads\\\/sites\\\/2\\\/2019\\\/05\\\/1.png\",\"articleSection\":[\"Noticia Colegio\",\"Noticia Deportes\"],\"inLanguage\":\"es\"},{\"@type\":\"WebPage\",\"@id\":\"https:\\\/\\\/valenciasjb.salesianos.edu\\\/colegio\\\/el-cd-don-bosco-presenta-su-cronica-de-actividades-del-mes-de-abril\\\/\",\"url\":\"https:\\\/\\\/valenciasjb.salesianos.edu\\\/colegio\\\/el-cd-don-bosco-presenta-su-cronica-de-actividades-del-mes-de-abril\\\/\",\"name\":\"El CD Don Bosco presenta su cr\u00f3nica de actividades del mes de abril - Colegio San Juan Bosco Valencia\",\"isPartOf\":{\"@id\":\"https:\\\/\\\/valenciasjb.salesianos.edu\\\/colegio\\\/#website\"},\"primaryImageOfPage\":{\"@id\":\"https:\\\/\\\/valenciasjb.salesianos.edu\\\/colegio\\\/el-cd-don-bosco-presenta-su-cronica-de-actividades-del-mes-de-abril\\\/#primaryimage\"},\"image\":{\"@id\":\"https:\\\/\\\/valenciasjb.salesianos.edu\\\/colegio\\\/el-cd-don-bosco-presenta-su-cronica-de-actividades-del-mes-de-abril\\\/#primaryimage\"},\"thumbnailUrl\":\"https:\\\/\\\/valenciasjb.salesianos.edu\\\/colegio\\\/wp-content\\\/uploads\\\/sites\\\/2\\\/2019\\\/05\\\/1.png\",\"datePublished\":\"2019-05-07T17:42:26+00:00\",\"dateModified\":\"2019-05-07T17:44:44+00:00\",\"author\":{\"@id\":\"https:\\\/\\\/valenciasjb.salesianos.edu\\\/colegio\\\/#\\\/schema\\\/person\\\/1f45b67e52b27da175190a574db6bed9\"},\"breadcrumb\":{\"@id\":\"https:\\\/\\\/valenciasjb.salesianos.edu\\\/colegio\\\/el-cd-don-bosco-presenta-su-cronica-de-actividades-del-mes-de-abril\\\/#breadcrumb\"},\"inLanguage\":\"es\",\"potentialAction\":[{\"@type\":\"ReadAction\",\"target\":[\"https:\\\/\\\/valenciasjb.salesianos.edu\\\/colegio\\\/el-cd-don-bosco-presenta-su-cronica-de-actividades-del-mes-de-abril\\\/\"]}]},{\"@type\":\"ImageObject\",\"inLanguage\":\"es\",\"@id\":\"https:\\\/\\\/valenciasjb.salesianos.edu\\\/colegio\\\/el-cd-don-bosco-presenta-su-cronica-de-actividades-del-mes-de-abril\\\/#primaryimage\",\"url\":\"https:\\\/\\\/valenciasjb.salesianos.edu\\\/colegio\\\/wp-content\\\/uploads\\\/sites\\\/2\\\/2019\\\/05\\\/1.png\",\"contentUrl\":\"https:\\\/\\\/valenciasjb.salesianos.edu\\\/colegio\\\/wp-content\\\/uploads\\\/sites\\\/2\\\/2019\\\/05\\\/1.png\",\"width\":593,\"height\":453},{\"@type\":\"BreadcrumbList\",\"@id\":\"https:\\\/\\\/valenciasjb.salesianos.edu\\\/colegio\\\/el-cd-don-bosco-presenta-su-cronica-de-actividades-del-mes-de-abril\\\/#breadcrumb\",\"itemListElement\":[{\"@type\":\"ListItem\",\"position\":1,\"name\":\"Portada\",\"item\":\"https:\\\/\\\/valenciasjb.salesianos.edu\\\/colegio\\\/\"},{\"@type\":\"ListItem\",\"position\":2,\"name\":\"El CD Don Bosco presenta su cr\u00f3nica de actividades del mes de abril\"}]},{\"@type\":\"WebSite\",\"@id\":\"https:\\\/\\\/valenciasjb.salesianos.edu\\\/colegio\\\/#website\",\"url\":\"https:\\\/\\\/valenciasjb.salesianos.edu\\\/colegio\\\/\",\"name\":\"Colegio San Juan Bosco Valencia\",\"description\":\"P\u00e1gina oficial del Colegio Salesianos San Juan Bosco Valencia\",\"alternateName\":\"Salesianos.VSJB\",\"potentialAction\":[{\"@type\":\"SearchAction\",\"target\":{\"@type\":\"EntryPoint\",\"urlTemplate\":\"https:\\\/\\\/valenciasjb.salesianos.edu\\\/colegio\\\/?s={search_term_string}\"},\"query-input\":{\"@type\":\"PropertyValueSpecification\",\"valueRequired\":true,\"valueName\":\"search_term_string\"}}],\"inLanguage\":\"es\"},{\"@type\":\"Person\",\"@id\":\"https:\\\/\\\/valenciasjb.salesianos.edu\\\/colegio\\\/#\\\/schema\\\/person\\\/1f45b67e52b27da175190a574db6bed9\",\"name\":\"veronicapastor\",\"image\":{\"@type\":\"ImageObject\",\"inLanguage\":\"es\",\"@id\":\"https:\\\/\\\/secure.gravatar.com\\\/avatar\\\/e29bd40bace3fd935e1d6fdb7313ffc14628cc037c5e16f4c7369b20a2a6f7f0?s=96&d=mm&r=g\",\"url\":\"https:\\\/\\\/secure.gravatar.com\\\/avatar\\\/e29bd40bace3fd935e1d6fdb7313ffc14628cc037c5e16f4c7369b20a2a6f7f0?s=96&d=mm&r=g\",\"contentUrl\":\"https:\\\/\\\/secure.gravatar.com\\\/avatar\\\/e29bd40bace3fd935e1d6fdb7313ffc14628cc037c5e16f4c7369b20a2a6f7f0?s=96&d=mm&r=g\",\"caption\":\"veronicapastor\"}}]}<\/script>\n<!-- \/ Yoast SEO plugin. -->","yoast_head_json":{"title":"El CD Don Bosco presenta su cr\u00f3nica de actividades del mes de abril - Colegio San Juan Bosco Valencia","robots":{"index":"index","follow":"follow","max-snippet":"max-snippet:-1","max-image-preview":"max-image-preview:large","max-video-preview":"max-video-preview:-1"},"canonical":"https:\/\/valenciasjb.salesianos.edu\/colegio\/el-cd-don-bosco-presenta-su-cronica-de-actividades-del-mes-de-abril\/","og_locale":"es_ES","og_type":"article","og_title":"El CD Don Bosco presenta su cr\u00f3nica de actividades del mes de abril - Colegio San Juan Bosco Valencia","og_description":"El CD Don Bosco presenta su cr\u00f3nica de actividades del mes de abril, consistente en actividades t\u00e9cnicas de formaci\u00f3n, competiciones, convivencias de Pascua 2019, Torneo Primer Toque, homenaje en L\u2019Alquer\u00eda del Basket a Lorena Segura, jugadora de baloncesto del club y Juegos Internacionales de la Juventud Salesiana.\u00a0 \u00a0 Fernando Carrasco. Actividades t\u00e9cnicas formaci\u00f3n Todos los [&hellip;]","og_url":"https:\/\/valenciasjb.salesianos.edu\/colegio\/el-cd-don-bosco-presenta-su-cronica-de-actividades-del-mes-de-abril\/","og_site_name":"Colegio San Juan Bosco Valencia","article_publisher":"https:\/\/www.facebook.com\/ColegioSalesianoSanJuanBoscoValencia","article_published_time":"2019-05-07T17:42:26+00:00","article_modified_time":"2019-05-07T17:44:44+00:00","og_image":[{"width":593,"height":453,"url":"https:\/\/valenciasjb.salesianos.edu\/colegio\/wp-content\/uploads\/sites\/2\/2019\/05\/1.png","type":"image\/png"}],"author":"veronicapastor","twitter_card":"summary_large_image","twitter_creator":"@SalesianosVSJB","twitter_site":"@SalesianosVSJB","twitter_misc":{"Escrito por":"veronicapastor","Tiempo de lectura":"3 minutos"},"schema":{"@context":"https:\/\/schema.org","@graph":[{"@type":"Article","@id":"https:\/\/valenciasjb.salesianos.edu\/colegio\/el-cd-don-bosco-presenta-su-cronica-de-actividades-del-mes-de-abril\/#article","isPartOf":{"@id":"https:\/\/valenciasjb.salesianos.edu\/colegio\/el-cd-don-bosco-presenta-su-cronica-de-actividades-del-mes-de-abril\/"},"author":{"name":"veronicapastor","@id":"https:\/\/valenciasjb.salesianos.edu\/colegio\/#\/schema\/person\/1f45b67e52b27da175190a574db6bed9"},"headline":"El CD Don Bosco presenta su cr\u00f3nica de actividades del mes de abril","datePublished":"2019-05-07T17:42:26+00:00","dateModified":"2019-05-07T17:44:44+00:00","mainEntityOfPage":{"@id":"https:\/\/valenciasjb.salesianos.edu\/colegio\/el-cd-don-bosco-presenta-su-cronica-de-actividades-del-mes-de-abril\/"},"wordCount":618,"image":{"@id":"https:\/\/valenciasjb.salesianos.edu\/colegio\/el-cd-don-bosco-presenta-su-cronica-de-actividades-del-mes-de-abril\/#primaryimage"},"thumbnailUrl":"https:\/\/valenciasjb.salesianos.edu\/colegio\/wp-content\/uploads\/sites\/2\/2019\/05\/1.png","articleSection":["Noticia Colegio","Noticia Deportes"],"inLanguage":"es"},{"@type":"WebPage","@id":"https:\/\/valenciasjb.salesianos.edu\/colegio\/el-cd-don-bosco-presenta-su-cronica-de-actividades-del-mes-de-abril\/","url":"https:\/\/valenciasjb.salesianos.edu\/colegio\/el-cd-don-bosco-presenta-su-cronica-de-actividades-del-mes-de-abril\/","name":"El CD Don Bosco presenta su cr\u00f3nica de actividades del mes de abril - Colegio San Juan Bosco Valencia","isPartOf":{"@id":"https:\/\/valenciasjb.salesianos.edu\/colegio\/#website"},"primaryImageOfPage":{"@id":"https:\/\/valenciasjb.salesianos.edu\/colegio\/el-cd-don-bosco-presenta-su-cronica-de-actividades-del-mes-de-abril\/#primaryimage"},"image":{"@id":"https:\/\/valenciasjb.salesianos.edu\/colegio\/el-cd-don-bosco-presenta-su-cronica-de-actividades-del-mes-de-abril\/#primaryimage"},"thumbnailUrl":"https:\/\/valenciasjb.salesianos.edu\/colegio\/wp-content\/uploads\/sites\/2\/2019\/05\/1.png","datePublished":"2019-05-07T17:42:26+00:00","dateModified":"2019-05-07T17:44:44+00:00","author":{"@id":"https:\/\/valenciasjb.salesianos.edu\/colegio\/#\/schema\/person\/1f45b67e52b27da175190a574db6bed9"},"breadcrumb":{"@id":"https:\/\/valenciasjb.salesianos.edu\/colegio\/el-cd-don-bosco-presenta-su-cronica-de-actividades-del-mes-de-abril\/#breadcrumb"},"inLanguage":"es","potentialAction":[{"@type":"ReadAction","target":["https:\/\/valenciasjb.salesianos.edu\/colegio\/el-cd-don-bosco-presenta-su-cronica-de-actividades-del-mes-de-abril\/"]}]},{"@type":"ImageObject","inLanguage":"es","@id":"https:\/\/valenciasjb.salesianos.edu\/colegio\/el-cd-don-bosco-presenta-su-cronica-de-actividades-del-mes-de-abril\/#primaryimage","url":"https:\/\/valenciasjb.salesianos.edu\/colegio\/wp-content\/uploads\/sites\/2\/2019\/05\/1.png","contentUrl":"https:\/\/valenciasjb.salesianos.edu\/colegio\/wp-content\/uploads\/sites\/2\/2019\/05\/1.png","width":593,"height":453},{"@type":"BreadcrumbList","@id":"https:\/\/valenciasjb.salesianos.edu\/colegio\/el-cd-don-bosco-presenta-su-cronica-de-actividades-del-mes-de-abril\/#breadcrumb","itemListElement":[{"@type":"ListItem","position":1,"name":"Portada","item":"https:\/\/valenciasjb.salesianos.edu\/colegio\/"},{"@type":"ListItem","position":2,"name":"El CD Don Bosco presenta su cr\u00f3nica de actividades del mes de abril"}]},{"@type":"WebSite","@id":"https:\/\/valenciasjb.salesianos.edu\/colegio\/#website","url":"https:\/\/valenciasjb.salesianos.edu\/colegio\/","name":"Colegio San Juan Bosco Valencia","description":"P\u00e1gina oficial del Colegio Salesianos San Juan Bosco Valencia","alternateName":"Salesianos.VSJB","potentialAction":[{"@type":"SearchAction","target":{"@type":"EntryPoint","urlTemplate":"https:\/\/valenciasjb.salesianos.edu\/colegio\/?s={search_term_string}"},"query-input":{"@type":"PropertyValueSpecification","valueRequired":true,"valueName":"search_term_string"}}],"inLanguage":"es"},{"@type":"Person","@id":"https:\/\/valenciasjb.salesianos.edu\/colegio\/#\/schema\/person\/1f45b67e52b27da175190a574db6bed9","name":"veronicapastor","image":{"@type":"ImageObject","inLanguage":"es","@id":"https:\/\/secure.gravatar.com\/avatar\/e29bd40bace3fd935e1d6fdb7313ffc14628cc037c5e16f4c7369b20a2a6f7f0?s=96&d=mm&r=g","url":"https:\/\/secure.gravatar.com\/avatar\/e29bd40bace3fd935e1d6fdb7313ffc14628cc037c5e16f4c7369b20a2a6f7f0?s=96&d=mm&r=g","contentUrl":"https:\/\/secure.gravatar.com\/avatar\/e29bd40bace3fd935e1d6fdb7313ffc14628cc037c5e16f4c7369b20a2a6f7f0?s=96&d=mm&r=g","caption":"veronicapastor"}}]}},"_links":{"self":[{"href":"https:\/\/valenciasjb.salesianos.edu\/colegio\/wp-json\/wp\/v2\/posts\/10641","targetHints":{"allow":["GET"]}}],"collection":[{"href":"https:\/\/valenciasjb.salesianos.edu\/colegio\/wp-json\/wp\/v2\/posts"}],"about":[{"href":"https:\/\/valenciasjb.salesianos.edu\/colegio\/wp-json\/wp\/v2\/types\/post"}],"author":[{"embeddable":true,"href":"https:\/\/valenciasjb.salesianos.edu\/colegio\/wp-json\/wp\/v2\/users\/6"}],"replies":[{"embeddable":true,"href":"https:\/\/valenciasjb.salesianos.edu\/colegio\/wp-json\/wp\/v2\/comments?post=10641"}],"version-history":[{"count":3,"href":"https:\/\/valenciasjb.salesianos.edu\/colegio\/wp-json\/wp\/v2\/posts\/10641\/revisions"}],"predecessor-version":[{"id":10650,"href":"https:\/\/valenciasjb.salesianos.edu\/colegio\/wp-json\/wp\/v2\/posts\/10641\/revisions\/10650"}],"wp:featuredmedia":[{"embeddable":true,"href":"https:\/\/valenciasjb.salesianos.edu\/colegio\/wp-json\/wp\/v2\/media\/10642"}],"wp:attachment":[{"href":"https:\/\/valenciasjb.salesianos.edu\/colegio\/wp-json\/wp\/v2\/media?parent=10641"}],"wp:term":[{"taxonomy":"category","embeddable":true,"href":"https:\/\/valenciasjb.salesianos.edu\/colegio\/wp-json\/wp\/v2\/categories?post=10641"},{"taxonomy":"post_tag","embeddable":true,"href":"https:\/\/valenciasjb.salesianos.edu\/colegio\/wp-json\/wp\/v2\/tags?post=10641"}],"curies":[{"name":"wp","href":"https:\/\/api.w.org\/{rel}","templated":true}]}}