{"id":10664,"date":"2019-05-15T14:43:21","date_gmt":"2019-05-15T13:43:21","guid":{"rendered":"https:\/\/valenciasjb.salesianos.edu\/colegio\/?p=10664"},"modified":"2019-05-15T14:43:21","modified_gmt":"2019-05-15T13:43:21","slug":"ultima-sesion-del-ciclo-de-conferencias-la-vida-con-filosofia","status":"publish","type":"post","link":"https:\/\/valenciasjb.salesianos.edu\/colegio\/ultima-sesion-del-ciclo-de-conferencias-la-vida-con-filosofia\/","title":{"rendered":"\u00daltima sesi\u00f3n del Ciclo de Conferencias \u00abLa vida con filosof\u00eda\u00bb"},"content":{"rendered":"<div id=\"fb-root\"><\/div>\n<p>[et_pb_section bb_built=\u00bb1&#8243; admin_label=\u00bbsection\u00bb][et_pb_row admin_label=\u00bbrow\u00bb background_position=\u00bbtop_left\u00bb background_repeat=\u00bbrepeat\u00bb background_size=\u00bbinitial\u00bb][et_pb_column type=\u00bb4_4&#8243;][et_pb_text admin_label=\u00bbEntradilla (Texto)\u00bb _builder_version=\u00bb3.19.18&#8243; text_orientation=\u00bbjustified\u00bb text_font=\u00bb|on|||\u00bb module_alignment=\u00bbleft\u00bb]<\/p>\n<div id=\"resumen\"><strong>En el Ciclo de Conferencias de Filosof\u00eda, la\u00a0<b>cuarta\u00a0<\/b>y \u00faltima\u00a0<span class=\"m_-2152817307721756927gmail-il\">conferencia<\/span>\u00a0de este curso tendr\u00e1 lugar el pr\u00f3ximo d\u00eda<b>\u00a021\u00a0de mayo, a las 18:00, en la Sala 200.<\/b><\/strong><\/div>\n<div>\u00a0<\/div>\n<p>[\/et_pb_text][et_pb_text admin_label=\u00bbAutor (Texto)\u00bb _builder_version=\u00bb3.0.85&#8243; background_layout=\u00bblight\u00bb text_font=\u00bb||on||\u00bb]<\/p>\n<p>Redacci\u00f3n<\/p>\n<p>[\/et_pb_text][et_pb_text admin_label=\u00bbDesarrollo (Texto)\u00bb _builder_version=\u00bb3.19.18&#8243; text_orientation=\u00bbjustified\u00bb module_alignment=\u00bbleft\u00bb]<\/p>\n<div>El t\u00edtulo de esta tercera sesi\u00f3n es<b>\u00a0\u00ab<\/b><a href=\"https:\/\/docs.google.com\/forms\/d\/e\/1FAIpQLSfu_BgOfDWNHAetKmQpA0qxANPA_uLuUGCFui0AxdtAVPmEmQ\/viewform?vc=0&amp;c=0&amp;w=1&amp;usp=mail_form_link\" target=\"_blank\" rel=\"noopener noreferrer\" data-saferedirecturl=\"https:\/\/www.google.com\/url?q=https:\/\/docs.google.com\/forms\/d\/e\/1FAIpQLSfu_BgOfDWNHAetKmQpA0qxANPA_uLuUGCFui0AxdtAVPmEmQ\/viewform?vc%3D0%26c%3D0%26w%3D1%26usp%3Dmail_form_link&amp;source=gmail&amp;ust=1558004584481000&amp;usg=AFQjCNFtwwDF2WevPwkjXTcIgmp2b0b3yg\">LA VIDA CON FILOSOF\u00cdA. TRANSHUMANISMO: \u00abEL LABERINTO DE LA POSVERDAD\u00bb Y \u00abLA PERSONA COMO SER TRASCENDENTE\u00bb.<\/a>\u00a0 Intervendr\u00e1n D. Jos\u00e9 Joaqu\u00edn G\u00f3mez -Director de la Obra Salesiana y Profesor de Filosof\u00eda- que nos hablar\u00e1 de \u00abEl laberinto de la posverdad\u00bb, y D.Juan Peris -Director del colegio y Profesor de Filosof\u00eda- que explicar\u00e1 \u00abLa persona como ser trascendente\u00bb.<\/div>\n<div>\u00a0<\/div>\n<div>Rellena el siguiente formulario para<b>\u00a0confirmar tu asistencia<\/b>: <a href=\"https:\/\/docs.google.com\/forms\/d\/e\/1FAIpQLSfu_BgOfDWNHAetKmQpA0qxANPA_uLuUGCFui0AxdtAVPmEmQ\/viewform?vc=0&amp;c=0&amp;w=1\">https:\/\/docs.google.com\/forms\/d\/e\/1FAIpQLSfu_BgOfDWNHAetKmQpA0qxANPA_uLuUGCFui0AxdtAVPmEmQ\/viewform?vc=0&amp;c=0&amp;w=1<\/a><\/div>\n<p>[\/et_pb_text][et_pb_text admin_label=\u00bbT\u00edtulo: Galer\u00eda de fotos (Texto)\u00bb _builder_version=\u00bb3.0.76&#8243; background_layout=\u00bblight\u00bb text_font=\u00bb|on|||\u00bb text_text_color=\u00bb#dc001b\u00bb border_style=\u00bbsolid\u00bb disabled=\u00bboff\u00bb disabled_on=\u00bboff|on|on\u00bb]<\/p>\n<p>Galer\u00eda de im\u00e1genes<\/p>\n<p>[\/et_pb_text][et_pb_gallery _builder_version=\u00bb3.19.18&#8243; posts_number=\u00bb8&#8243; show_title_and_caption=\u00bboff\u00bb zoom_icon_color=\u00bb#dc001b\u00bb hover_overlay_color=\u00bbrgba(255,255,255,0.9)\u00bb hover_icon=\u00bb%%51%%\u00bb disabled=\u00bboff\u00bb disabled_on=\u00bboff|off|off\u00bb gallery_ids=\u00bb10366&#8243; pagination_font_size_tablet=\u00bb51&#8243; pagination_line_height_tablet=\u00bb2&#8243; \/][et_pb_video _builder_version=\u00bb3.0.51&#8243; disabled=\u00bbon\u00bb disabled_on=\u00bbon|on|on\u00bb \/][\/et_pb_column][\/et_pb_row][\/et_pb_section]<\/p>\n<!-- AddThis Advanced Settings generic via filter on the_content --><!-- AddThis Share Buttons generic via filter on the_content -->","protected":false},"excerpt":{"rendered":"<p>En el Ciclo de Conferencias de Filosof\u00eda, la\u00a0cuarta\u00a0y \u00faltima\u00a0conferencia\u00a0de este curso tendr\u00e1 lugar el pr\u00f3ximo d\u00eda\u00a021\u00a0de mayo, a las 18:00, en la Sala 200.\u00a0 Redacci\u00f3n El t\u00edtulo de esta tercera sesi\u00f3n es\u00a0\u00abLA VIDA CON FILOSOF\u00cdA. TRANSHUMANISMO: \u00abEL LABERINTO DE LA POSVERDAD\u00bb Y \u00abLA PERSONA COMO SER TRASCENDENTE\u00bb.\u00a0 Intervendr\u00e1n D. Jos\u00e9 Joaqu\u00edn G\u00f3mez -Director de la [&hellip;]<\/p>\n<p><!-- AddThis Advanced Settings generic via filter on get_the_excerpt --><!-- AddThis Share Buttons generic via filter on get_the_excerpt --><\/p>\n","protected":false},"author":6,"featured_media":10366,"comment_status":"closed","ping_status":"open","sticky":false,"template":"","format":"standard","meta":{"_et_pb_use_builder":"on","_et_pb_old_content":"","_et_gb_content_width":"","footnotes":""},"categories":[14],"tags":[],"class_list":["post-10664","post","type-post","status-publish","format-standard","has-post-thumbnail","hentry","category-noticia_colegio"],"yoast_head":"<!-- This site is optimized with the Yoast SEO plugin v28.4 - https:\/\/yoast.com\/product\/yoast-seo-wordpress\/ -->\n<title>\u00daltima sesi\u00f3n del Ciclo de Conferencias &quot;La vida con filosof\u00eda&quot; - Colegio San Juan Bosco Valencia<\/title>\n<meta name=\"robots\" content=\"index, follow, max-snippet:-1, max-image-preview:large, max-video-preview:-1\" \/>\n<link rel=\"canonical\" href=\"https:\/\/valenciasjb.salesianos.edu\/colegio\/ultima-sesion-del-ciclo-de-conferencias-la-vida-con-filosofia\/\" \/>\n<meta property=\"og:locale\" content=\"es_ES\" \/>\n<meta property=\"og:type\" content=\"article\" \/>\n<meta property=\"og:title\" content=\"\u00daltima sesi\u00f3n del Ciclo de Conferencias &quot;La vida con filosof\u00eda&quot; - Colegio San Juan Bosco Valencia\" \/>\n<meta property=\"og:description\" content=\"En el Ciclo de Conferencias de Filosof\u00eda, la\u00a0cuarta\u00a0y \u00faltima\u00a0conferencia\u00a0de este curso tendr\u00e1 lugar el pr\u00f3ximo d\u00eda\u00a021\u00a0de mayo, a las 18:00, en la Sala 200.\u00a0 Redacci\u00f3n El t\u00edtulo de esta tercera sesi\u00f3n es\u00a0&quot;LA VIDA CON FILOSOF\u00cdA. TRANSHUMANISMO: &quot;EL LABERINTO DE LA POSVERDAD&quot; Y &quot;LA PERSONA COMO SER TRASCENDENTE&quot;.\u00a0 Intervendr\u00e1n D. Jos\u00e9 Joaqu\u00edn G\u00f3mez -Director de la [&hellip;]\" \/>\n<meta property=\"og:url\" content=\"https:\/\/valenciasjb.salesianos.edu\/colegio\/ultima-sesion-del-ciclo-de-conferencias-la-vida-con-filosofia\/\" \/>\n<meta property=\"og:site_name\" content=\"Colegio San Juan Bosco Valencia\" \/>\n<meta property=\"article:publisher\" content=\"https:\/\/www.facebook.com\/ColegioSalesianoSanJuanBoscoValencia\" \/>\n<meta property=\"article:published_time\" content=\"2019-05-15T13:43:21+00:00\" \/>\n<meta property=\"og:image\" content=\"https:\/\/valenciasjb.salesianos.edu\/colegio\/wp-content\/uploads\/sites\/2\/2019\/02\/47685844_2075961839093677_6633389844062011392_n.jpg\" \/>\n\t<meta property=\"og:image:width\" content=\"679\" \/>\n\t<meta property=\"og:image:height\" content=\"960\" \/>\n\t<meta property=\"og:image:type\" content=\"image\/jpeg\" \/>\n<meta name=\"author\" content=\"veronicapastor\" \/>\n<meta name=\"twitter:card\" content=\"summary_large_image\" \/>\n<meta name=\"twitter:creator\" content=\"@SalesianosVSJB\" \/>\n<meta name=\"twitter:site\" content=\"@SalesianosVSJB\" \/>\n<meta name=\"twitter:label1\" content=\"Escrito por\" \/>\n\t<meta name=\"twitter:data1\" content=\"veronicapastor\" \/>\n\t<meta name=\"twitter:label2\" content=\"Tiempo de lectura\" \/>\n\t<meta name=\"twitter:data2\" content=\"2 minutos\" \/>\n<script type=\"application\/ld+json\" class=\"yoast-schema-graph\">{\"@context\":\"https:\\\/\\\/schema.org\",\"@graph\":[{\"@type\":\"Article\",\"@id\":\"https:\\\/\\\/valenciasjb.salesianos.edu\\\/colegio\\\/ultima-sesion-del-ciclo-de-conferencias-la-vida-con-filosofia\\\/#article\",\"isPartOf\":{\"@id\":\"https:\\\/\\\/valenciasjb.salesianos.edu\\\/colegio\\\/ultima-sesion-del-ciclo-de-conferencias-la-vida-con-filosofia\\\/\"},\"author\":{\"name\":\"veronicapastor\",\"@id\":\"https:\\\/\\\/valenciasjb.salesianos.edu\\\/colegio\\\/#\\\/schema\\\/person\\\/1f45b67e52b27da175190a574db6bed9\"},\"headline\":\"\u00daltima sesi\u00f3n del Ciclo de Conferencias \u00abLa vida con filosof\u00eda\u00bb\",\"datePublished\":\"2019-05-15T13:43:21+00:00\",\"mainEntityOfPage\":{\"@id\":\"https:\\\/\\\/valenciasjb.salesianos.edu\\\/colegio\\\/ultima-sesion-del-ciclo-de-conferencias-la-vida-con-filosofia\\\/\"},\"wordCount\":331,\"image\":{\"@id\":\"https:\\\/\\\/valenciasjb.salesianos.edu\\\/colegio\\\/ultima-sesion-del-ciclo-de-conferencias-la-vida-con-filosofia\\\/#primaryimage\"},\"thumbnailUrl\":\"https:\\\/\\\/valenciasjb.salesianos.edu\\\/colegio\\\/wp-content\\\/uploads\\\/sites\\\/2\\\/2019\\\/02\\\/47685844_2075961839093677_6633389844062011392_n.jpg\",\"articleSection\":[\"Noticia Colegio\"],\"inLanguage\":\"es\"},{\"@type\":\"WebPage\",\"@id\":\"https:\\\/\\\/valenciasjb.salesianos.edu\\\/colegio\\\/ultima-sesion-del-ciclo-de-conferencias-la-vida-con-filosofia\\\/\",\"url\":\"https:\\\/\\\/valenciasjb.salesianos.edu\\\/colegio\\\/ultima-sesion-del-ciclo-de-conferencias-la-vida-con-filosofia\\\/\",\"name\":\"\u00daltima sesi\u00f3n del Ciclo de Conferencias \\\"La vida con filosof\u00eda\\\" - Colegio San Juan Bosco Valencia\",\"isPartOf\":{\"@id\":\"https:\\\/\\\/valenciasjb.salesianos.edu\\\/colegio\\\/#website\"},\"primaryImageOfPage\":{\"@id\":\"https:\\\/\\\/valenciasjb.salesianos.edu\\\/colegio\\\/ultima-sesion-del-ciclo-de-conferencias-la-vida-con-filosofia\\\/#primaryimage\"},\"image\":{\"@id\":\"https:\\\/\\\/valenciasjb.salesianos.edu\\\/colegio\\\/ultima-sesion-del-ciclo-de-conferencias-la-vida-con-filosofia\\\/#primaryimage\"},\"thumbnailUrl\":\"https:\\\/\\\/valenciasjb.salesianos.edu\\\/colegio\\\/wp-content\\\/uploads\\\/sites\\\/2\\\/2019\\\/02\\\/47685844_2075961839093677_6633389844062011392_n.jpg\",\"datePublished\":\"2019-05-15T13:43:21+00:00\",\"author\":{\"@id\":\"https:\\\/\\\/valenciasjb.salesianos.edu\\\/colegio\\\/#\\\/schema\\\/person\\\/1f45b67e52b27da175190a574db6bed9\"},\"breadcrumb\":{\"@id\":\"https:\\\/\\\/valenciasjb.salesianos.edu\\\/colegio\\\/ultima-sesion-del-ciclo-de-conferencias-la-vida-con-filosofia\\\/#breadcrumb\"},\"inLanguage\":\"es\",\"potentialAction\":[{\"@type\":\"ReadAction\",\"target\":[\"https:\\\/\\\/valenciasjb.salesianos.edu\\\/colegio\\\/ultima-sesion-del-ciclo-de-conferencias-la-vida-con-filosofia\\\/\"]}]},{\"@type\":\"ImageObject\",\"inLanguage\":\"es\",\"@id\":\"https:\\\/\\\/valenciasjb.salesianos.edu\\\/colegio\\\/ultima-sesion-del-ciclo-de-conferencias-la-vida-con-filosofia\\\/#primaryimage\",\"url\":\"https:\\\/\\\/valenciasjb.salesianos.edu\\\/colegio\\\/wp-content\\\/uploads\\\/sites\\\/2\\\/2019\\\/02\\\/47685844_2075961839093677_6633389844062011392_n.jpg\",\"contentUrl\":\"https:\\\/\\\/valenciasjb.salesianos.edu\\\/colegio\\\/wp-content\\\/uploads\\\/sites\\\/2\\\/2019\\\/02\\\/47685844_2075961839093677_6633389844062011392_n.jpg\",\"width\":679,\"height\":960},{\"@type\":\"BreadcrumbList\",\"@id\":\"https:\\\/\\\/valenciasjb.salesianos.edu\\\/colegio\\\/ultima-sesion-del-ciclo-de-conferencias-la-vida-con-filosofia\\\/#breadcrumb\",\"itemListElement\":[{\"@type\":\"ListItem\",\"position\":1,\"name\":\"Portada\",\"item\":\"https:\\\/\\\/valenciasjb.salesianos.edu\\\/colegio\\\/\"},{\"@type\":\"ListItem\",\"position\":2,\"name\":\"\u00daltima sesi\u00f3n del Ciclo de Conferencias \u00abLa vida con filosof\u00eda\u00bb\"}]},{\"@type\":\"WebSite\",\"@id\":\"https:\\\/\\\/valenciasjb.salesianos.edu\\\/colegio\\\/#website\",\"url\":\"https:\\\/\\\/valenciasjb.salesianos.edu\\\/colegio\\\/\",\"name\":\"Colegio San Juan Bosco Valencia\",\"description\":\"P\u00e1gina oficial del Colegio Salesianos San Juan Bosco Valencia\",\"alternateName\":\"Salesianos.VSJB\",\"potentialAction\":[{\"@type\":\"SearchAction\",\"target\":{\"@type\":\"EntryPoint\",\"urlTemplate\":\"https:\\\/\\\/valenciasjb.salesianos.edu\\\/colegio\\\/?s={search_term_string}\"},\"query-input\":{\"@type\":\"PropertyValueSpecification\",\"valueRequired\":true,\"valueName\":\"search_term_string\"}}],\"inLanguage\":\"es\"},{\"@type\":\"Person\",\"@id\":\"https:\\\/\\\/valenciasjb.salesianos.edu\\\/colegio\\\/#\\\/schema\\\/person\\\/1f45b67e52b27da175190a574db6bed9\",\"name\":\"veronicapastor\",\"image\":{\"@type\":\"ImageObject\",\"inLanguage\":\"es\",\"@id\":\"https:\\\/\\\/secure.gravatar.com\\\/avatar\\\/e29bd40bace3fd935e1d6fdb7313ffc14628cc037c5e16f4c7369b20a2a6f7f0?s=96&d=mm&r=g\",\"url\":\"https:\\\/\\\/secure.gravatar.com\\\/avatar\\\/e29bd40bace3fd935e1d6fdb7313ffc14628cc037c5e16f4c7369b20a2a6f7f0?s=96&d=mm&r=g\",\"contentUrl\":\"https:\\\/\\\/secure.gravatar.com\\\/avatar\\\/e29bd40bace3fd935e1d6fdb7313ffc14628cc037c5e16f4c7369b20a2a6f7f0?s=96&d=mm&r=g\",\"caption\":\"veronicapastor\"}}]}<\/script>\n<!-- \/ Yoast SEO plugin. -->","yoast_head_json":{"title":"\u00daltima sesi\u00f3n del Ciclo de Conferencias \"La vida con filosof\u00eda\" - Colegio San Juan Bosco Valencia","robots":{"index":"index","follow":"follow","max-snippet":"max-snippet:-1","max-image-preview":"max-image-preview:large","max-video-preview":"max-video-preview:-1"},"canonical":"https:\/\/valenciasjb.salesianos.edu\/colegio\/ultima-sesion-del-ciclo-de-conferencias-la-vida-con-filosofia\/","og_locale":"es_ES","og_type":"article","og_title":"\u00daltima sesi\u00f3n del Ciclo de Conferencias \"La vida con filosof\u00eda\" - Colegio San Juan Bosco Valencia","og_description":"En el Ciclo de Conferencias de Filosof\u00eda, la\u00a0cuarta\u00a0y \u00faltima\u00a0conferencia\u00a0de este curso tendr\u00e1 lugar el pr\u00f3ximo d\u00eda\u00a021\u00a0de mayo, a las 18:00, en la Sala 200.\u00a0 Redacci\u00f3n El t\u00edtulo de esta tercera sesi\u00f3n es\u00a0\"LA VIDA CON FILOSOF\u00cdA. TRANSHUMANISMO: \"EL LABERINTO DE LA POSVERDAD\" Y \"LA PERSONA COMO SER TRASCENDENTE\".\u00a0 Intervendr\u00e1n D. Jos\u00e9 Joaqu\u00edn G\u00f3mez -Director de la [&hellip;]","og_url":"https:\/\/valenciasjb.salesianos.edu\/colegio\/ultima-sesion-del-ciclo-de-conferencias-la-vida-con-filosofia\/","og_site_name":"Colegio San Juan Bosco Valencia","article_publisher":"https:\/\/www.facebook.com\/ColegioSalesianoSanJuanBoscoValencia","article_published_time":"2019-05-15T13:43:21+00:00","og_image":[{"width":679,"height":960,"url":"https:\/\/valenciasjb.salesianos.edu\/colegio\/wp-content\/uploads\/sites\/2\/2019\/02\/47685844_2075961839093677_6633389844062011392_n.jpg","type":"image\/jpeg"}],"author":"veronicapastor","twitter_card":"summary_large_image","twitter_creator":"@SalesianosVSJB","twitter_site":"@SalesianosVSJB","twitter_misc":{"Escrito por":"veronicapastor","Tiempo de lectura":"2 minutos"},"schema":{"@context":"https:\/\/schema.org","@graph":[{"@type":"Article","@id":"https:\/\/valenciasjb.salesianos.edu\/colegio\/ultima-sesion-del-ciclo-de-conferencias-la-vida-con-filosofia\/#article","isPartOf":{"@id":"https:\/\/valenciasjb.salesianos.edu\/colegio\/ultima-sesion-del-ciclo-de-conferencias-la-vida-con-filosofia\/"},"author":{"name":"veronicapastor","@id":"https:\/\/valenciasjb.salesianos.edu\/colegio\/#\/schema\/person\/1f45b67e52b27da175190a574db6bed9"},"headline":"\u00daltima sesi\u00f3n del Ciclo de Conferencias \u00abLa vida con filosof\u00eda\u00bb","datePublished":"2019-05-15T13:43:21+00:00","mainEntityOfPage":{"@id":"https:\/\/valenciasjb.salesianos.edu\/colegio\/ultima-sesion-del-ciclo-de-conferencias-la-vida-con-filosofia\/"},"wordCount":331,"image":{"@id":"https:\/\/valenciasjb.salesianos.edu\/colegio\/ultima-sesion-del-ciclo-de-conferencias-la-vida-con-filosofia\/#primaryimage"},"thumbnailUrl":"https:\/\/valenciasjb.salesianos.edu\/colegio\/wp-content\/uploads\/sites\/2\/2019\/02\/47685844_2075961839093677_6633389844062011392_n.jpg","articleSection":["Noticia Colegio"],"inLanguage":"es"},{"@type":"WebPage","@id":"https:\/\/valenciasjb.salesianos.edu\/colegio\/ultima-sesion-del-ciclo-de-conferencias-la-vida-con-filosofia\/","url":"https:\/\/valenciasjb.salesianos.edu\/colegio\/ultima-sesion-del-ciclo-de-conferencias-la-vida-con-filosofia\/","name":"\u00daltima sesi\u00f3n del Ciclo de Conferencias \"La vida con filosof\u00eda\" - Colegio San Juan Bosco Valencia","isPartOf":{"@id":"https:\/\/valenciasjb.salesianos.edu\/colegio\/#website"},"primaryImageOfPage":{"@id":"https:\/\/valenciasjb.salesianos.edu\/colegio\/ultima-sesion-del-ciclo-de-conferencias-la-vida-con-filosofia\/#primaryimage"},"image":{"@id":"https:\/\/valenciasjb.salesianos.edu\/colegio\/ultima-sesion-del-ciclo-de-conferencias-la-vida-con-filosofia\/#primaryimage"},"thumbnailUrl":"https:\/\/valenciasjb.salesianos.edu\/colegio\/wp-content\/uploads\/sites\/2\/2019\/02\/47685844_2075961839093677_6633389844062011392_n.jpg","datePublished":"2019-05-15T13:43:21+00:00","author":{"@id":"https:\/\/valenciasjb.salesianos.edu\/colegio\/#\/schema\/person\/1f45b67e52b27da175190a574db6bed9"},"breadcrumb":{"@id":"https:\/\/valenciasjb.salesianos.edu\/colegio\/ultima-sesion-del-ciclo-de-conferencias-la-vida-con-filosofia\/#breadcrumb"},"inLanguage":"es","potentialAction":[{"@type":"ReadAction","target":["https:\/\/valenciasjb.salesianos.edu\/colegio\/ultima-sesion-del-ciclo-de-conferencias-la-vida-con-filosofia\/"]}]},{"@type":"ImageObject","inLanguage":"es","@id":"https:\/\/valenciasjb.salesianos.edu\/colegio\/ultima-sesion-del-ciclo-de-conferencias-la-vida-con-filosofia\/#primaryimage","url":"https:\/\/valenciasjb.salesianos.edu\/colegio\/wp-content\/uploads\/sites\/2\/2019\/02\/47685844_2075961839093677_6633389844062011392_n.jpg","contentUrl":"https:\/\/valenciasjb.salesianos.edu\/colegio\/wp-content\/uploads\/sites\/2\/2019\/02\/47685844_2075961839093677_6633389844062011392_n.jpg","width":679,"height":960},{"@type":"BreadcrumbList","@id":"https:\/\/valenciasjb.salesianos.edu\/colegio\/ultima-sesion-del-ciclo-de-conferencias-la-vida-con-filosofia\/#breadcrumb","itemListElement":[{"@type":"ListItem","position":1,"name":"Portada","item":"https:\/\/valenciasjb.salesianos.edu\/colegio\/"},{"@type":"ListItem","position":2,"name":"\u00daltima sesi\u00f3n del Ciclo de Conferencias \u00abLa vida con filosof\u00eda\u00bb"}]},{"@type":"WebSite","@id":"https:\/\/valenciasjb.salesianos.edu\/colegio\/#website","url":"https:\/\/valenciasjb.salesianos.edu\/colegio\/","name":"Colegio San Juan Bosco Valencia","description":"P\u00e1gina oficial del Colegio Salesianos San Juan Bosco Valencia","alternateName":"Salesianos.VSJB","potentialAction":[{"@type":"SearchAction","target":{"@type":"EntryPoint","urlTemplate":"https:\/\/valenciasjb.salesianos.edu\/colegio\/?s={search_term_string}"},"query-input":{"@type":"PropertyValueSpecification","valueRequired":true,"valueName":"search_term_string"}}],"inLanguage":"es"},{"@type":"Person","@id":"https:\/\/valenciasjb.salesianos.edu\/colegio\/#\/schema\/person\/1f45b67e52b27da175190a574db6bed9","name":"veronicapastor","image":{"@type":"ImageObject","inLanguage":"es","@id":"https:\/\/secure.gravatar.com\/avatar\/e29bd40bace3fd935e1d6fdb7313ffc14628cc037c5e16f4c7369b20a2a6f7f0?s=96&d=mm&r=g","url":"https:\/\/secure.gravatar.com\/avatar\/e29bd40bace3fd935e1d6fdb7313ffc14628cc037c5e16f4c7369b20a2a6f7f0?s=96&d=mm&r=g","contentUrl":"https:\/\/secure.gravatar.com\/avatar\/e29bd40bace3fd935e1d6fdb7313ffc14628cc037c5e16f4c7369b20a2a6f7f0?s=96&d=mm&r=g","caption":"veronicapastor"}}]}},"_links":{"self":[{"href":"https:\/\/valenciasjb.salesianos.edu\/colegio\/wp-json\/wp\/v2\/posts\/10664","targetHints":{"allow":["GET"]}}],"collection":[{"href":"https:\/\/valenciasjb.salesianos.edu\/colegio\/wp-json\/wp\/v2\/posts"}],"about":[{"href":"https:\/\/valenciasjb.salesianos.edu\/colegio\/wp-json\/wp\/v2\/types\/post"}],"author":[{"embeddable":true,"href":"https:\/\/valenciasjb.salesianos.edu\/colegio\/wp-json\/wp\/v2\/users\/6"}],"replies":[{"embeddable":true,"href":"https:\/\/valenciasjb.salesianos.edu\/colegio\/wp-json\/wp\/v2\/comments?post=10664"}],"version-history":[{"count":1,"href":"https:\/\/valenciasjb.salesianos.edu\/colegio\/wp-json\/wp\/v2\/posts\/10664\/revisions"}],"predecessor-version":[{"id":10665,"href":"https:\/\/valenciasjb.salesianos.edu\/colegio\/wp-json\/wp\/v2\/posts\/10664\/revisions\/10665"}],"wp:featuredmedia":[{"embeddable":true,"href":"https:\/\/valenciasjb.salesianos.edu\/colegio\/wp-json\/wp\/v2\/media\/10366"}],"wp:attachment":[{"href":"https:\/\/valenciasjb.salesianos.edu\/colegio\/wp-json\/wp\/v2\/media?parent=10664"}],"wp:term":[{"taxonomy":"category","embeddable":true,"href":"https:\/\/valenciasjb.salesianos.edu\/colegio\/wp-json\/wp\/v2\/categories?post=10664"},{"taxonomy":"post_tag","embeddable":true,"href":"https:\/\/valenciasjb.salesianos.edu\/colegio\/wp-json\/wp\/v2\/tags?post=10664"}],"curies":[{"name":"wp","href":"https:\/\/api.w.org\/{rel}","templated":true}]}}