{"id":10696,"date":"2019-05-24T15:55:45","date_gmt":"2019-05-24T14:55:45","guid":{"rendered":"https:\/\/valenciasjb.salesianos.edu\/colegio\/?p=10696"},"modified":"2019-05-24T15:55:45","modified_gmt":"2019-05-24T14:55:45","slug":"salesianos-san-juan-bosco-valencia-celebra-la-fiesta-de-maria-auxiliadora","status":"publish","type":"post","link":"https:\/\/valenciasjb.salesianos.edu\/colegio\/salesianos-san-juan-bosco-valencia-celebra-la-fiesta-de-maria-auxiliadora\/","title":{"rendered":"Salesianos San Juan Bosco Valencia celebra la fiesta de Mar\u00eda Auxiliadora"},"content":{"rendered":"<div id=\"fb-root\"><\/div>\n<p>[et_pb_section bb_built=\u00bb1&#8243; admin_label=\u00bbsection\u00bb][et_pb_row admin_label=\u00bbrow\u00bb background_position=\u00bbtop_left\u00bb background_repeat=\u00bbrepeat\u00bb background_size=\u00bbinitial\u00bb][et_pb_column type=\u00bb4_4&#8243;][et_pb_text admin_label=\u00bbEntradilla (Texto)\u00bb _builder_version=\u00bb3.19.18&#8243; text_orientation=\u00bbjustified\u00bb text_font=\u00bb|on|||\u00bb module_alignment=\u00bbleft\u00bb]<\/p>\n<div id=\"resumen\"><strong><span style=\"font-weight: 400\">Mayo es el mes que la Iglesia dedica de manera especial a la Virgen Mar\u00eda. El d\u00eda 24 de mayo se celebra una de sus advocaciones m\u00e1s populares, la de Auxilio de los cristianos. Para la Familia Salesiana es una fecha se\u00f1alada, puesto que<\/span><\/strong> su fundador, Don Bosco, fue un gran impulsor de la devoci\u00f3n a Mar\u00eda Auxiliadora<span style=\"font-weight: 400\">. <\/span><strong><br \/><\/strong><\/div>\n<div>\u00a0<\/div>\n<p>[\/et_pb_text][et_pb_text admin_label=\u00bbAutor (Texto)\u00bb _builder_version=\u00bb3.0.85&#8243; background_layout=\u00bblight\u00bb text_font=\u00bb||on||\u00bb]<\/p>\n<p>Redacci\u00f3n<\/p>\n<p>[\/et_pb_text][et_pb_text admin_label=\u00bbDesarrollo (Texto)\u00bb _builder_version=\u00bb3.19.18&#8243; text_orientation=\u00bbjustified\u00bb module_alignment=\u00bbleft\u00bb]<\/p>\n<p><span style=\"font-weight: 400\">El d\u00eda 24, hemos rendido homenaje a Mar\u00eda Auxiliadora: desde primera hora de la ma\u00f1ana, con la tradicional celebraci\u00f3n en su honor, con algunas novedades, como nuestro grupo de \u00abbatucada\u00bb, con la participaci\u00f3n de alumnado y profesorado, que han sorprendido con su ritmo para despedir a la Virgen. Despu\u00e9s del acto mariano, han llegado actividades diversas en las diferentes etapas, donde todos y todas han disfrutado, con una sonrisa, a pesar de la lluvia. Adem\u00e1s, con un AMPAS muy comprometido, que se ha encargado del almuerzo de todos los alumnos y alumnas de Primaria, ESO y Bachillerato, as\u00ed como la merienda de los peque\u00f1os de Infantil. Por delante queda planificada la gran procesi\u00f3n que llevar\u00e1 por las calles a la Virgen de Don Bosco como muestra de piedad popular, el s\u00e1bado 25, tras la Eucarist\u00eda de las 19 horas en la Parroquia Mar\u00eda Auxiliadora. Las celebraciones se extienden al centro juvenil, centro de d\u00eda, etc.<\/span><\/p>\n<p><span style=\"font-weight: 400\">Todas las actividades en torno a la fiesta de Mar\u00eda Auxiliadora est\u00e1n encaminadas a promover la devoci\u00f3n a la Virgen, como quer\u00eda Don Bosco. Y todo ello, en un <\/span><b>ambiente alegre y familiar<\/b><span style=\"font-weight: 400\">.<\/span><\/p>\n<p><span style=\"font-weight: 400\">San Juan Bosco promovi\u00f3 esta advocaci\u00f3n de diferentes maneras. Entre los grupos de la Familia Salesiana que fund\u00f3, se encuentra <\/span><b>la Asociaci\u00f3n de Devotos de Mar\u00eda Auxiliadora, conocida por sus siglas: ADMA<\/b><span style=\"font-weight: 400\">. El pasado 18 de abril, coincidiendo con el Jueves Santo, este grupo <\/span><b>cumpli\u00f3 150 a\u00f1os<\/b><span style=\"font-weight: 400\">.<\/span><\/p>\n<p>[\/et_pb_text][et_pb_text admin_label=\u00bbT\u00edtulo: Galer\u00eda de fotos (Texto)\u00bb _builder_version=\u00bb3.0.76&#8243; background_layout=\u00bblight\u00bb text_font=\u00bb|on|||\u00bb text_text_color=\u00bb#dc001b\u00bb border_style=\u00bbsolid\u00bb disabled=\u00bboff\u00bb disabled_on=\u00bboff|on|on\u00bb]<\/p>\n<p>Galer\u00eda de im\u00e1genes<\/p>\n<p>[\/et_pb_text][et_pb_gallery _builder_version=\u00bb3.19.18&#8243; posts_number=\u00bb8&#8243; show_title_and_caption=\u00bboff\u00bb zoom_icon_color=\u00bb#dc001b\u00bb hover_overlay_color=\u00bbrgba(255,255,255,0.9)\u00bb hover_icon=\u00bb%%51%%\u00bb disabled=\u00bboff\u00bb disabled_on=\u00bboff|off|off\u00bb gallery_ids=\u00bb10705,10704,10703,10702,10701,10700,10699,10698&#8243; pagination_font_size_tablet=\u00bb51&#8243; pagination_line_height_tablet=\u00bb2&#8243; \/][et_pb_video _builder_version=\u00bb3.0.51&#8243; disabled=\u00bbon\u00bb disabled_on=\u00bbon|on|on\u00bb \/][\/et_pb_column][\/et_pb_row][\/et_pb_section]<\/p>\n<!-- AddThis Advanced Settings generic via filter on the_content --><!-- AddThis Share Buttons generic via filter on the_content -->","protected":false},"excerpt":{"rendered":"<p>Mayo es el mes que la Iglesia dedica de manera especial a la Virgen Mar\u00eda. El d\u00eda 24 de mayo se celebra una de sus advocaciones m\u00e1s populares, la de Auxilio de los cristianos. Para la Familia Salesiana es una fecha se\u00f1alada, puesto que su fundador, Don Bosco, fue un gran impulsor de la devoci\u00f3n [&hellip;]<\/p>\n<p><!-- AddThis Advanced Settings generic via filter on get_the_excerpt --><!-- AddThis Share Buttons generic via filter on get_the_excerpt --><\/p>\n","protected":false},"author":6,"featured_media":10697,"comment_status":"closed","ping_status":"open","sticky":false,"template":"","format":"standard","meta":{"_et_pb_use_builder":"on","_et_pb_old_content":"","_et_gb_content_width":"","footnotes":""},"categories":[14],"tags":[],"class_list":["post-10696","post","type-post","status-publish","format-standard","has-post-thumbnail","hentry","category-noticia_colegio"],"yoast_head":"<!-- This site is optimized with the Yoast SEO plugin v28.4 - https:\/\/yoast.com\/product\/yoast-seo-wordpress\/ -->\n<title>Salesianos San Juan Bosco Valencia celebra la fiesta de Mar\u00eda Auxiliadora - Colegio San Juan Bosco Valencia<\/title>\n<meta name=\"robots\" content=\"index, follow, max-snippet:-1, max-image-preview:large, max-video-preview:-1\" \/>\n<link rel=\"canonical\" href=\"https:\/\/valenciasjb.salesianos.edu\/colegio\/salesianos-san-juan-bosco-valencia-celebra-la-fiesta-de-maria-auxiliadora\/\" \/>\n<meta property=\"og:locale\" content=\"es_ES\" \/>\n<meta property=\"og:type\" content=\"article\" \/>\n<meta property=\"og:title\" content=\"Salesianos San Juan Bosco Valencia celebra la fiesta de Mar\u00eda Auxiliadora - Colegio San Juan Bosco Valencia\" \/>\n<meta property=\"og:description\" content=\"Mayo es el mes que la Iglesia dedica de manera especial a la Virgen Mar\u00eda. El d\u00eda 24 de mayo se celebra una de sus advocaciones m\u00e1s populares, la de Auxilio de los cristianos. Para la Familia Salesiana es una fecha se\u00f1alada, puesto que su fundador, Don Bosco, fue un gran impulsor de la devoci\u00f3n [&hellip;]\" \/>\n<meta property=\"og:url\" content=\"https:\/\/valenciasjb.salesianos.edu\/colegio\/salesianos-san-juan-bosco-valencia-celebra-la-fiesta-de-maria-auxiliadora\/\" \/>\n<meta property=\"og:site_name\" content=\"Colegio San Juan Bosco Valencia\" \/>\n<meta property=\"article:publisher\" content=\"https:\/\/www.facebook.com\/ColegioSalesianoSanJuanBoscoValencia\" \/>\n<meta property=\"article:published_time\" content=\"2019-05-24T14:55:45+00:00\" \/>\n<meta property=\"og:image\" content=\"https:\/\/valenciasjb.salesianos.edu\/colegio\/wp-content\/uploads\/sites\/2\/2019\/05\/MG_4254.jpg\" \/>\n\t<meta property=\"og:image:width\" content=\"512\" \/>\n\t<meta property=\"og:image:height\" content=\"341\" \/>\n\t<meta property=\"og:image:type\" content=\"image\/jpeg\" \/>\n<meta name=\"author\" content=\"veronicapastor\" \/>\n<meta name=\"twitter:card\" content=\"summary_large_image\" \/>\n<meta name=\"twitter:creator\" content=\"@SalesianosVSJB\" \/>\n<meta name=\"twitter:site\" content=\"@SalesianosVSJB\" \/>\n<meta name=\"twitter:label1\" content=\"Escrito por\" \/>\n\t<meta name=\"twitter:data1\" content=\"veronicapastor\" \/>\n\t<meta name=\"twitter:label2\" content=\"Tiempo de lectura\" \/>\n\t<meta name=\"twitter:data2\" content=\"3 minutos\" \/>\n<script type=\"application\/ld+json\" class=\"yoast-schema-graph\">{\"@context\":\"https:\\\/\\\/schema.org\",\"@graph\":[{\"@type\":\"Article\",\"@id\":\"https:\\\/\\\/valenciasjb.salesianos.edu\\\/colegio\\\/salesianos-san-juan-bosco-valencia-celebra-la-fiesta-de-maria-auxiliadora\\\/#article\",\"isPartOf\":{\"@id\":\"https:\\\/\\\/valenciasjb.salesianos.edu\\\/colegio\\\/salesianos-san-juan-bosco-valencia-celebra-la-fiesta-de-maria-auxiliadora\\\/\"},\"author\":{\"name\":\"veronicapastor\",\"@id\":\"https:\\\/\\\/valenciasjb.salesianos.edu\\\/colegio\\\/#\\\/schema\\\/person\\\/1f45b67e52b27da175190a574db6bed9\"},\"headline\":\"Salesianos San Juan Bosco Valencia celebra la fiesta de Mar\u00eda Auxiliadora\",\"datePublished\":\"2019-05-24T14:55:45+00:00\",\"mainEntityOfPage\":{\"@id\":\"https:\\\/\\\/valenciasjb.salesianos.edu\\\/colegio\\\/salesianos-san-juan-bosco-valencia-celebra-la-fiesta-de-maria-auxiliadora\\\/\"},\"wordCount\":517,\"image\":{\"@id\":\"https:\\\/\\\/valenciasjb.salesianos.edu\\\/colegio\\\/salesianos-san-juan-bosco-valencia-celebra-la-fiesta-de-maria-auxiliadora\\\/#primaryimage\"},\"thumbnailUrl\":\"https:\\\/\\\/valenciasjb.salesianos.edu\\\/colegio\\\/wp-content\\\/uploads\\\/sites\\\/2\\\/2019\\\/05\\\/MG_4254.jpg\",\"articleSection\":[\"Noticia Colegio\"],\"inLanguage\":\"es\"},{\"@type\":\"WebPage\",\"@id\":\"https:\\\/\\\/valenciasjb.salesianos.edu\\\/colegio\\\/salesianos-san-juan-bosco-valencia-celebra-la-fiesta-de-maria-auxiliadora\\\/\",\"url\":\"https:\\\/\\\/valenciasjb.salesianos.edu\\\/colegio\\\/salesianos-san-juan-bosco-valencia-celebra-la-fiesta-de-maria-auxiliadora\\\/\",\"name\":\"Salesianos San Juan Bosco Valencia celebra la fiesta de Mar\u00eda Auxiliadora - Colegio San Juan Bosco Valencia\",\"isPartOf\":{\"@id\":\"https:\\\/\\\/valenciasjb.salesianos.edu\\\/colegio\\\/#website\"},\"primaryImageOfPage\":{\"@id\":\"https:\\\/\\\/valenciasjb.salesianos.edu\\\/colegio\\\/salesianos-san-juan-bosco-valencia-celebra-la-fiesta-de-maria-auxiliadora\\\/#primaryimage\"},\"image\":{\"@id\":\"https:\\\/\\\/valenciasjb.salesianos.edu\\\/colegio\\\/salesianos-san-juan-bosco-valencia-celebra-la-fiesta-de-maria-auxiliadora\\\/#primaryimage\"},\"thumbnailUrl\":\"https:\\\/\\\/valenciasjb.salesianos.edu\\\/colegio\\\/wp-content\\\/uploads\\\/sites\\\/2\\\/2019\\\/05\\\/MG_4254.jpg\",\"datePublished\":\"2019-05-24T14:55:45+00:00\",\"author\":{\"@id\":\"https:\\\/\\\/valenciasjb.salesianos.edu\\\/colegio\\\/#\\\/schema\\\/person\\\/1f45b67e52b27da175190a574db6bed9\"},\"breadcrumb\":{\"@id\":\"https:\\\/\\\/valenciasjb.salesianos.edu\\\/colegio\\\/salesianos-san-juan-bosco-valencia-celebra-la-fiesta-de-maria-auxiliadora\\\/#breadcrumb\"},\"inLanguage\":\"es\",\"potentialAction\":[{\"@type\":\"ReadAction\",\"target\":[\"https:\\\/\\\/valenciasjb.salesianos.edu\\\/colegio\\\/salesianos-san-juan-bosco-valencia-celebra-la-fiesta-de-maria-auxiliadora\\\/\"]}]},{\"@type\":\"ImageObject\",\"inLanguage\":\"es\",\"@id\":\"https:\\\/\\\/valenciasjb.salesianos.edu\\\/colegio\\\/salesianos-san-juan-bosco-valencia-celebra-la-fiesta-de-maria-auxiliadora\\\/#primaryimage\",\"url\":\"https:\\\/\\\/valenciasjb.salesianos.edu\\\/colegio\\\/wp-content\\\/uploads\\\/sites\\\/2\\\/2019\\\/05\\\/MG_4254.jpg\",\"contentUrl\":\"https:\\\/\\\/valenciasjb.salesianos.edu\\\/colegio\\\/wp-content\\\/uploads\\\/sites\\\/2\\\/2019\\\/05\\\/MG_4254.jpg\",\"width\":512,\"height\":341},{\"@type\":\"BreadcrumbList\",\"@id\":\"https:\\\/\\\/valenciasjb.salesianos.edu\\\/colegio\\\/salesianos-san-juan-bosco-valencia-celebra-la-fiesta-de-maria-auxiliadora\\\/#breadcrumb\",\"itemListElement\":[{\"@type\":\"ListItem\",\"position\":1,\"name\":\"Portada\",\"item\":\"https:\\\/\\\/valenciasjb.salesianos.edu\\\/colegio\\\/\"},{\"@type\":\"ListItem\",\"position\":2,\"name\":\"Salesianos San Juan Bosco Valencia celebra la fiesta de Mar\u00eda Auxiliadora\"}]},{\"@type\":\"WebSite\",\"@id\":\"https:\\\/\\\/valenciasjb.salesianos.edu\\\/colegio\\\/#website\",\"url\":\"https:\\\/\\\/valenciasjb.salesianos.edu\\\/colegio\\\/\",\"name\":\"Colegio San Juan Bosco Valencia\",\"description\":\"P\u00e1gina oficial del Colegio Salesianos San Juan Bosco Valencia\",\"alternateName\":\"Salesianos.VSJB\",\"potentialAction\":[{\"@type\":\"SearchAction\",\"target\":{\"@type\":\"EntryPoint\",\"urlTemplate\":\"https:\\\/\\\/valenciasjb.salesianos.edu\\\/colegio\\\/?s={search_term_string}\"},\"query-input\":{\"@type\":\"PropertyValueSpecification\",\"valueRequired\":true,\"valueName\":\"search_term_string\"}}],\"inLanguage\":\"es\"},{\"@type\":\"Person\",\"@id\":\"https:\\\/\\\/valenciasjb.salesianos.edu\\\/colegio\\\/#\\\/schema\\\/person\\\/1f45b67e52b27da175190a574db6bed9\",\"name\":\"veronicapastor\",\"image\":{\"@type\":\"ImageObject\",\"inLanguage\":\"es\",\"@id\":\"https:\\\/\\\/secure.gravatar.com\\\/avatar\\\/e29bd40bace3fd935e1d6fdb7313ffc14628cc037c5e16f4c7369b20a2a6f7f0?s=96&d=mm&r=g\",\"url\":\"https:\\\/\\\/secure.gravatar.com\\\/avatar\\\/e29bd40bace3fd935e1d6fdb7313ffc14628cc037c5e16f4c7369b20a2a6f7f0?s=96&d=mm&r=g\",\"contentUrl\":\"https:\\\/\\\/secure.gravatar.com\\\/avatar\\\/e29bd40bace3fd935e1d6fdb7313ffc14628cc037c5e16f4c7369b20a2a6f7f0?s=96&d=mm&r=g\",\"caption\":\"veronicapastor\"}}]}<\/script>\n<!-- \/ Yoast SEO plugin. -->","yoast_head_json":{"title":"Salesianos San Juan Bosco Valencia celebra la fiesta de Mar\u00eda Auxiliadora - Colegio San Juan Bosco Valencia","robots":{"index":"index","follow":"follow","max-snippet":"max-snippet:-1","max-image-preview":"max-image-preview:large","max-video-preview":"max-video-preview:-1"},"canonical":"https:\/\/valenciasjb.salesianos.edu\/colegio\/salesianos-san-juan-bosco-valencia-celebra-la-fiesta-de-maria-auxiliadora\/","og_locale":"es_ES","og_type":"article","og_title":"Salesianos San Juan Bosco Valencia celebra la fiesta de Mar\u00eda Auxiliadora - Colegio San Juan Bosco Valencia","og_description":"Mayo es el mes que la Iglesia dedica de manera especial a la Virgen Mar\u00eda. El d\u00eda 24 de mayo se celebra una de sus advocaciones m\u00e1s populares, la de Auxilio de los cristianos. Para la Familia Salesiana es una fecha se\u00f1alada, puesto que su fundador, Don Bosco, fue un gran impulsor de la devoci\u00f3n [&hellip;]","og_url":"https:\/\/valenciasjb.salesianos.edu\/colegio\/salesianos-san-juan-bosco-valencia-celebra-la-fiesta-de-maria-auxiliadora\/","og_site_name":"Colegio San Juan Bosco Valencia","article_publisher":"https:\/\/www.facebook.com\/ColegioSalesianoSanJuanBoscoValencia","article_published_time":"2019-05-24T14:55:45+00:00","og_image":[{"width":512,"height":341,"url":"https:\/\/valenciasjb.salesianos.edu\/colegio\/wp-content\/uploads\/sites\/2\/2019\/05\/MG_4254.jpg","type":"image\/jpeg"}],"author":"veronicapastor","twitter_card":"summary_large_image","twitter_creator":"@SalesianosVSJB","twitter_site":"@SalesianosVSJB","twitter_misc":{"Escrito por":"veronicapastor","Tiempo de lectura":"3 minutos"},"schema":{"@context":"https:\/\/schema.org","@graph":[{"@type":"Article","@id":"https:\/\/valenciasjb.salesianos.edu\/colegio\/salesianos-san-juan-bosco-valencia-celebra-la-fiesta-de-maria-auxiliadora\/#article","isPartOf":{"@id":"https:\/\/valenciasjb.salesianos.edu\/colegio\/salesianos-san-juan-bosco-valencia-celebra-la-fiesta-de-maria-auxiliadora\/"},"author":{"name":"veronicapastor","@id":"https:\/\/valenciasjb.salesianos.edu\/colegio\/#\/schema\/person\/1f45b67e52b27da175190a574db6bed9"},"headline":"Salesianos San Juan Bosco Valencia celebra la fiesta de Mar\u00eda Auxiliadora","datePublished":"2019-05-24T14:55:45+00:00","mainEntityOfPage":{"@id":"https:\/\/valenciasjb.salesianos.edu\/colegio\/salesianos-san-juan-bosco-valencia-celebra-la-fiesta-de-maria-auxiliadora\/"},"wordCount":517,"image":{"@id":"https:\/\/valenciasjb.salesianos.edu\/colegio\/salesianos-san-juan-bosco-valencia-celebra-la-fiesta-de-maria-auxiliadora\/#primaryimage"},"thumbnailUrl":"https:\/\/valenciasjb.salesianos.edu\/colegio\/wp-content\/uploads\/sites\/2\/2019\/05\/MG_4254.jpg","articleSection":["Noticia Colegio"],"inLanguage":"es"},{"@type":"WebPage","@id":"https:\/\/valenciasjb.salesianos.edu\/colegio\/salesianos-san-juan-bosco-valencia-celebra-la-fiesta-de-maria-auxiliadora\/","url":"https:\/\/valenciasjb.salesianos.edu\/colegio\/salesianos-san-juan-bosco-valencia-celebra-la-fiesta-de-maria-auxiliadora\/","name":"Salesianos San Juan Bosco Valencia celebra la fiesta de Mar\u00eda Auxiliadora - Colegio San Juan Bosco Valencia","isPartOf":{"@id":"https:\/\/valenciasjb.salesianos.edu\/colegio\/#website"},"primaryImageOfPage":{"@id":"https:\/\/valenciasjb.salesianos.edu\/colegio\/salesianos-san-juan-bosco-valencia-celebra-la-fiesta-de-maria-auxiliadora\/#primaryimage"},"image":{"@id":"https:\/\/valenciasjb.salesianos.edu\/colegio\/salesianos-san-juan-bosco-valencia-celebra-la-fiesta-de-maria-auxiliadora\/#primaryimage"},"thumbnailUrl":"https:\/\/valenciasjb.salesianos.edu\/colegio\/wp-content\/uploads\/sites\/2\/2019\/05\/MG_4254.jpg","datePublished":"2019-05-24T14:55:45+00:00","author":{"@id":"https:\/\/valenciasjb.salesianos.edu\/colegio\/#\/schema\/person\/1f45b67e52b27da175190a574db6bed9"},"breadcrumb":{"@id":"https:\/\/valenciasjb.salesianos.edu\/colegio\/salesianos-san-juan-bosco-valencia-celebra-la-fiesta-de-maria-auxiliadora\/#breadcrumb"},"inLanguage":"es","potentialAction":[{"@type":"ReadAction","target":["https:\/\/valenciasjb.salesianos.edu\/colegio\/salesianos-san-juan-bosco-valencia-celebra-la-fiesta-de-maria-auxiliadora\/"]}]},{"@type":"ImageObject","inLanguage":"es","@id":"https:\/\/valenciasjb.salesianos.edu\/colegio\/salesianos-san-juan-bosco-valencia-celebra-la-fiesta-de-maria-auxiliadora\/#primaryimage","url":"https:\/\/valenciasjb.salesianos.edu\/colegio\/wp-content\/uploads\/sites\/2\/2019\/05\/MG_4254.jpg","contentUrl":"https:\/\/valenciasjb.salesianos.edu\/colegio\/wp-content\/uploads\/sites\/2\/2019\/05\/MG_4254.jpg","width":512,"height":341},{"@type":"BreadcrumbList","@id":"https:\/\/valenciasjb.salesianos.edu\/colegio\/salesianos-san-juan-bosco-valencia-celebra-la-fiesta-de-maria-auxiliadora\/#breadcrumb","itemListElement":[{"@type":"ListItem","position":1,"name":"Portada","item":"https:\/\/valenciasjb.salesianos.edu\/colegio\/"},{"@type":"ListItem","position":2,"name":"Salesianos San Juan Bosco Valencia celebra la fiesta de Mar\u00eda Auxiliadora"}]},{"@type":"WebSite","@id":"https:\/\/valenciasjb.salesianos.edu\/colegio\/#website","url":"https:\/\/valenciasjb.salesianos.edu\/colegio\/","name":"Colegio San Juan Bosco Valencia","description":"P\u00e1gina oficial del Colegio Salesianos San Juan Bosco Valencia","alternateName":"Salesianos.VSJB","potentialAction":[{"@type":"SearchAction","target":{"@type":"EntryPoint","urlTemplate":"https:\/\/valenciasjb.salesianos.edu\/colegio\/?s={search_term_string}"},"query-input":{"@type":"PropertyValueSpecification","valueRequired":true,"valueName":"search_term_string"}}],"inLanguage":"es"},{"@type":"Person","@id":"https:\/\/valenciasjb.salesianos.edu\/colegio\/#\/schema\/person\/1f45b67e52b27da175190a574db6bed9","name":"veronicapastor","image":{"@type":"ImageObject","inLanguage":"es","@id":"https:\/\/secure.gravatar.com\/avatar\/e29bd40bace3fd935e1d6fdb7313ffc14628cc037c5e16f4c7369b20a2a6f7f0?s=96&d=mm&r=g","url":"https:\/\/secure.gravatar.com\/avatar\/e29bd40bace3fd935e1d6fdb7313ffc14628cc037c5e16f4c7369b20a2a6f7f0?s=96&d=mm&r=g","contentUrl":"https:\/\/secure.gravatar.com\/avatar\/e29bd40bace3fd935e1d6fdb7313ffc14628cc037c5e16f4c7369b20a2a6f7f0?s=96&d=mm&r=g","caption":"veronicapastor"}}]}},"_links":{"self":[{"href":"https:\/\/valenciasjb.salesianos.edu\/colegio\/wp-json\/wp\/v2\/posts\/10696","targetHints":{"allow":["GET"]}}],"collection":[{"href":"https:\/\/valenciasjb.salesianos.edu\/colegio\/wp-json\/wp\/v2\/posts"}],"about":[{"href":"https:\/\/valenciasjb.salesianos.edu\/colegio\/wp-json\/wp\/v2\/types\/post"}],"author":[{"embeddable":true,"href":"https:\/\/valenciasjb.salesianos.edu\/colegio\/wp-json\/wp\/v2\/users\/6"}],"replies":[{"embeddable":true,"href":"https:\/\/valenciasjb.salesianos.edu\/colegio\/wp-json\/wp\/v2\/comments?post=10696"}],"version-history":[{"count":1,"href":"https:\/\/valenciasjb.salesianos.edu\/colegio\/wp-json\/wp\/v2\/posts\/10696\/revisions"}],"predecessor-version":[{"id":10706,"href":"https:\/\/valenciasjb.salesianos.edu\/colegio\/wp-json\/wp\/v2\/posts\/10696\/revisions\/10706"}],"wp:featuredmedia":[{"embeddable":true,"href":"https:\/\/valenciasjb.salesianos.edu\/colegio\/wp-json\/wp\/v2\/media\/10697"}],"wp:attachment":[{"href":"https:\/\/valenciasjb.salesianos.edu\/colegio\/wp-json\/wp\/v2\/media?parent=10696"}],"wp:term":[{"taxonomy":"category","embeddable":true,"href":"https:\/\/valenciasjb.salesianos.edu\/colegio\/wp-json\/wp\/v2\/categories?post=10696"},{"taxonomy":"post_tag","embeddable":true,"href":"https:\/\/valenciasjb.salesianos.edu\/colegio\/wp-json\/wp\/v2\/tags?post=10696"}],"curies":[{"name":"wp","href":"https:\/\/api.w.org\/{rel}","templated":true}]}}