{"id":10712,"date":"2019-06-17T08:44:33","date_gmt":"2019-06-17T07:44:33","guid":{"rendered":"https:\/\/valenciasjb.salesianos.edu\/colegio\/?p=10712"},"modified":"2019-06-17T08:44:33","modified_gmt":"2019-06-17T07:44:33","slug":"monica-eced-alumna-de-1o-de-bachillerato-ha-disfrutado-durante-todo-el-curso-de-la-beca-fundacion-amancio-ortega-en-un-colegio-de-canada","status":"publish","type":"post","link":"https:\/\/valenciasjb.salesianos.edu\/colegio\/monica-eced-alumna-de-1o-de-bachillerato-ha-disfrutado-durante-todo-el-curso-de-la-beca-fundacion-amancio-ortega-en-un-colegio-de-canada\/","title":{"rendered":"M\u00f3nica Eced, alumna de 1\u00ba de Bachillerato, ha disfrutado durante todo el curso de la beca Fundaci\u00f3n Amancio Ortega en un colegio de Canad\u00e1"},"content":{"rendered":"<div id=\"fb-root\"><\/div>\n<p>[et_pb_section bb_built=\u00bb1&#8243; admin_label=\u00bbsection\u00bb][et_pb_row admin_label=\u00bbrow\u00bb background_position=\u00bbtop_left\u00bb background_repeat=\u00bbrepeat\u00bb background_size=\u00bbinitial\u00bb][et_pb_column type=\u00bb4_4&#8243;][et_pb_text admin_label=\u00bbEntradilla (Texto)\u00bb _builder_version=\u00bb3.19.18&#8243; text_orientation=\u00bbjustified\u00bb text_font=\u00bb|on|||\u00bb module_alignment=\u00bbleft\u00bb]<\/p>\n<div id=\"resumen\"><strong>M\u00f3nica Eced, alumna de 1\u00ba de Bachillerato, cuenta su experiencia con la Beca Fundaci\u00f3n Amancio Ortega, gracias a la cual actualmente est\u00e1 disfrutando de un curso acad\u00e9mico completo en un colegio de Canad\u00e1.<\/strong><\/div>\n<div><\/div>\n<p>[\/et_pb_text][et_pb_text admin_label=\u00bbAutor (Texto)\u00bb _builder_version=\u00bb3.19.18&#8243; text_font=\u00bb||on||\u00bb]<\/p>\n<p>Testimonio de M\u00f3nica Eced.<\/p>\n<p>[\/et_pb_text][et_pb_text admin_label=\u00bbDesarrollo (Texto)\u00bb _builder_version=\u00bb3.19.18&#8243; text_orientation=\u00bbjustified\u00bb module_alignment=\u00bbleft\u00bb]<\/p>\n<p>\u00abLlevo aqu\u00ed 8 meses, que se sienten como toda una vida, pero que han pasado muy r\u00e1pido. Estoy disfrutando de esta experiencia al m\u00e1ximo y no podr\u00eda estar m\u00e1s contenta. Para empezar estoy s\u00faper ocupada porque me he apuntado al equipo del high school de nataci\u00f3n (aunque ya se ha acabado la temporada), rugby y remo. Jam\u00e1s me imagin\u00e9 en el equipo de rugby y menos en el de remo, pero es de las mejores decisiones que he tomado. Me encanta mi equipo de rugby he aprendido mucho y me lo paso genial jugando en los partidos, los entrenamientos y he hecho muy buenas amigas en el equipo que son maravillosas. En remo acabamos de empezar hace unas semanas y los entrenamientos son a las 6 de la ma\u00f1ana, eso s\u00ed, pero vale mucho la pena. Remamos en un barco de 8 personas en un r\u00edo de Edmonton y las vistas son flipantes. El high school es una pasada y me siento una \u00abtitan\u00bb totalmente. He hecho muchos amigos y amigas que est\u00e1n haciendo de esta experiencia algo inolvidable. Aqu\u00ed hay gente de todas las culturas imaginables y eso hace que, estando en el mismo pa\u00eds, conozca y me enriquezca de todas ellas. Sin ir m\u00e1s lejos, tengo una amiga que es india y me invit\u00f3 a un festival indio que se llama Navratri donde llevan vestidos t\u00edpicos indios y bailan durante horas y horas, fue algo maravilloso que jam\u00e1s olvidar\u00e9. En dos semanas nos vamos a una conferencia de leadership 3 d\u00edas. Leadership es una de mis asignaturas que se centra en trabajo en equipo y liderazgo, y estoy muy emocionada. Tambi\u00e9n he hecho varios voluntariados desde ir a hacer actividades a un colegio de primaria con ni\u00f1os, ayudar en cualquier evento que el instituto prepare o recoger basura de los lados de las autopistas, y me han encantado. He conocido a gente muy maja y han sumado parte de mi experiencia. Mi host family son lo mejor del mundo, son como mi segunda familia y \u00a1est\u00e1n m\u00e1s que invitados a Espa\u00f1a! Jam\u00e1s pens\u00e9 que habr\u00eda gente con la que conectara tanto en la otra parte del mundo. Estoy aprendiendo much\u00edsimas cosas, tanto del mundo como de m\u00ed misma. Me da pena pensar que me queda muy poco de esta alucinante etapa de mi vida y me gustar\u00eda pedirle al tiempo que fuera un poco m\u00e1s despacio. Estoy llenando estos 10 meses de miles de emociones, recuerdos, risas, aprendizaje, superaci\u00f3n,&#8230; y sobre todo de YOLO (you only live once) intentando aprovechar todas las oportunidades que encuentro de hacer cosas nuevas y \u00a1lanzarme a la piscina!<\/p>\n<p>[\/et_pb_text][et_pb_text admin_label=\u00bbT\u00edtulo: Galer\u00eda de fotos (Texto)\u00bb _builder_version=\u00bb3.0.76&#8243; background_layout=\u00bblight\u00bb text_font=\u00bb|on|||\u00bb text_text_color=\u00bb#dc001b\u00bb border_style=\u00bbsolid\u00bb disabled=\u00bboff\u00bb disabled_on=\u00bboff|on|on\u00bb]<\/p>\n<p>Galer\u00eda de im\u00e1genes<\/p>\n<p>[\/et_pb_text][et_pb_gallery _builder_version=\u00bb3.19.18&#8243; posts_number=\u00bb8&#8243; show_title_and_caption=\u00bboff\u00bb zoom_icon_color=\u00bb#dc001b\u00bb hover_overlay_color=\u00bbrgba(255,255,255,0.9)\u00bb hover_icon=\u00bb%%51%%\u00bb disabled=\u00bboff\u00bb disabled_on=\u00bboff|off|off\u00bb gallery_ids=\u00bb10795,10798,10797,10796&#8243; pagination_font_size_tablet=\u00bb51&#8243; pagination_line_height_tablet=\u00bb2&#8243; \/][et_pb_video _builder_version=\u00bb3.0.51&#8243; disabled=\u00bbon\u00bb disabled_on=\u00bbon|on|on\u00bb \/][\/et_pb_column][\/et_pb_row][\/et_pb_section]<\/p>\n<!-- AddThis Advanced Settings generic via filter on the_content --><!-- AddThis Share Buttons generic via filter on the_content -->","protected":false},"excerpt":{"rendered":"<p>M\u00f3nica Eced, alumna de 1\u00ba de Bachillerato, cuenta su experiencia con la Beca Fundaci\u00f3n Amancio Ortega, gracias a la cual actualmente est\u00e1 disfrutando de un curso acad\u00e9mico completo en un colegio de Canad\u00e1. Testimonio de M\u00f3nica Eced. \u00abLlevo aqu\u00ed 8 meses, que se sienten como toda una vida, pero que han pasado muy r\u00e1pido. Estoy [&hellip;]<\/p>\n<p><!-- AddThis Advanced Settings generic via filter on get_the_excerpt --><!-- AddThis Share Buttons generic via filter on get_the_excerpt --><\/p>\n","protected":false},"author":6,"featured_media":10795,"comment_status":"closed","ping_status":"open","sticky":false,"template":"","format":"standard","meta":{"_et_pb_use_builder":"on","_et_pb_old_content":"<p>[et_pb_section bb_built=\"1\" admin_label=\"section\"][et_pb_row admin_label=\"row\" background_position=\"top_left\" background_repeat=\"repeat\" background_size=\"initial\"][et_pb_column type=\"4_4\"][et_pb_text admin_label=\"Entradilla (Texto)\" _builder_version=\"3.19.18\" text_orientation=\"justified\" text_font=\"|on|||\" module_alignment=\"left\"]<\/p><div id=\"resumen\"><strong>M\u00f3nica Eced, alumna de 1\u00ba de Bachillerato, cuenta su experiencia con la Beca Fundaci\u00f3n Amancio Ortega, gracias a la cual actualmente est\u00e1 disfrutando de un curso acad\u00e9mico completo en un colegio de Canad\u00e1.<\/strong><\/div><div>\u00a0<\/div><p>[\/et_pb_text][et_pb_text admin_label=\"Autor (Texto)\" _builder_version=\"3.19.18\" text_font=\"||on||\"]<\/p><p>Testimonio de M\u00f3nica Eced.<\/p><p>[\/et_pb_text][et_pb_text admin_label=\"Desarrollo (Texto)\" _builder_version=\"3.19.18\" text_orientation=\"justified\" module_alignment=\"left\"]<\/p><p>\"Llevo aqu\u00ed 8 meses, que se sienten como toda una vida, pero que han pasado muy r\u00e1pido. Estoy disfrutando de esta experiencia al m\u00e1ximo y no podr\u00eda estar m\u00e1s contenta.<\/p><p>Para empezar estoy s\u00faper ocupada porque me he apuntado al equipo del high school de nataci\u00f3n (aunque ya se ha acabado la temporada), rugby y remo. Jam\u00e1s me imagin\u00e9 en el equipo de rugby y menos en el de remo, pero es de las mejores decisiones que he tomado. Me encanta mi equipo de rugby he aprendido mucho y me lo paso genial jugando en los partidos, los entrenamientos y he hecho muy buenas amigas en el equipo que son maravillosas. En remo acabamos de empezar hace unas semanas y los entrenamientos son a las 6 de la ma\u00f1ana, eso s\u00ed, pero vale mucho la pena. Remamos en un barco de 8 personas en un r\u00edo de Edmonton y las vistas son flipantes.<\/p><p>El high school es una pasada y me siento una \"titan\" totalmente. He hecho muchos amigos y amigas que est\u00e1n haciendo de esta experiencia algo inolvidable. Aqu\u00ed hay gente de todas las culturas imaginables y eso hace que, estando en el mismo pa\u00eds, conozca y me enriquezca de todas ellas. Sin ir m\u00e1s lejos, tengo una amiga que es india y me invit\u00f3 a un festival indio que se llama Navratri donde llevan vestidos t\u00edpicos indios y bailan durante horas y horas, fue algo maravilloso que jam\u00e1s olvidar\u00e9.<\/p><p>En dos semanas nos vamos a una conferencia de leadership 3 d\u00edas. Leadership es una de mis asignaturas que se centra en trabajo en equipo y liderazgo, y estoy muy emocionada. Tambi\u00e9n he hecho varios voluntariados desde ir a hacer actividades a un colegio de primaria con ni\u00f1os, ayudar en cualquier evento que el instituto prepare o recoger basura de los lados de las autopistas, y me han encantado. He conocido a gente muy maja y han sumado parte de mi experiencia.<\/p><p>Mi host family son lo mejor del mundo, son como mi segunda familia y \u00a1est\u00e1n m\u00e1s que invitados a Espa\u00f1a! Jam\u00e1s pens\u00e9 que habr\u00eda gente con la que conectara tanto en la otra parte del mundo. Estoy aprendiendo much\u00edsimas cosas, tanto del mundo como de m\u00ed misma. Me da pena pensar que me quedan menos de 2 meses de esta alucinante etapa de mi vida y me gustar\u00eda pedirle al tiempo que fuera un poco m\u00e1s despacio. Estoy llenando estos 10 meses de miles de emociones, recuerdos, risas, aprendizaje, superaci\u00f3n,... y sobre todo de YOLO (you only live once) intentando aprovechar todas las oportunidades que encuentro de hacer cosas nuevas y \u00a1lanzarme a la piscina!\u00a0<\/p><p>[\/et_pb_text][et_pb_text admin_label=\"T\u00edtulo: Galer\u00eda de fotos (Texto)\" _builder_version=\"3.0.76\" background_layout=\"light\" text_font=\"|on|||\" text_text_color=\"#dc001b\" border_style=\"solid\" disabled=\"off\" disabled_on=\"off|on|on\"]<\/p><p>Galer\u00eda de im\u00e1genes<\/p><p>[\/et_pb_text][et_pb_gallery _builder_version=\"3.0.85\" posts_number=\"8\" show_title_and_caption=\"off\" show_pagination=\"on\" fullwidth=\"off\" orientation=\"landscape\" zoom_icon_color=\"#dc001b\" hover_overlay_color=\"rgba(255,255,255,0.9)\" hover_icon=\"%%51%%\" background_layout=\"light\" disabled=\"off\" disabled_on=\"off|off|off\" gallery_ids=\"5794\" pagination_font_size_tablet=\"51\" pagination_line_height_tablet=\"2\" \/][et_pb_video _builder_version=\"3.0.51\" disabled=\"on\" disabled_on=\"on|on|on\" \/][\/et_pb_column][\/et_pb_row][\/et_pb_section]<\/p>","_et_gb_content_width":"","footnotes":""},"categories":[14],"tags":[],"class_list":["post-10712","post","type-post","status-publish","format-standard","has-post-thumbnail","hentry","category-noticia_colegio"],"yoast_head":"<!-- This site is optimized with the Yoast SEO plugin v28.4 - https:\/\/yoast.com\/product\/yoast-seo-wordpress\/ -->\n<title>M\u00f3nica Eced, alumna de 1\u00ba de Bachillerato, ha disfrutado durante todo el curso de la beca Fundaci\u00f3n Amancio Ortega en un colegio de Canad\u00e1 - Colegio San Juan Bosco Valencia<\/title>\n<meta name=\"robots\" content=\"index, follow, max-snippet:-1, max-image-preview:large, max-video-preview:-1\" \/>\n<link rel=\"canonical\" href=\"https:\/\/valenciasjb.salesianos.edu\/colegio\/monica-eced-alumna-de-1o-de-bachillerato-ha-disfrutado-durante-todo-el-curso-de-la-beca-fundacion-amancio-ortega-en-un-colegio-de-canada\/\" \/>\n<meta property=\"og:locale\" content=\"es_ES\" \/>\n<meta property=\"og:type\" content=\"article\" \/>\n<meta property=\"og:title\" content=\"M\u00f3nica Eced, alumna de 1\u00ba de Bachillerato, ha disfrutado durante todo el curso de la beca Fundaci\u00f3n Amancio Ortega en un colegio de Canad\u00e1 - Colegio San Juan Bosco Valencia\" \/>\n<meta property=\"og:description\" content=\"M\u00f3nica Eced, alumna de 1\u00ba de Bachillerato, cuenta su experiencia con la Beca Fundaci\u00f3n Amancio Ortega, gracias a la cual actualmente est\u00e1 disfrutando de un curso acad\u00e9mico completo en un colegio de Canad\u00e1. Testimonio de M\u00f3nica Eced. &quot;Llevo aqu\u00ed 8 meses, que se sienten como toda una vida, pero que han pasado muy r\u00e1pido. Estoy [&hellip;]\" \/>\n<meta property=\"og:url\" content=\"https:\/\/valenciasjb.salesianos.edu\/colegio\/monica-eced-alumna-de-1o-de-bachillerato-ha-disfrutado-durante-todo-el-curso-de-la-beca-fundacion-amancio-ortega-en-un-colegio-de-canada\/\" \/>\n<meta property=\"og:site_name\" content=\"Colegio San Juan Bosco Valencia\" \/>\n<meta property=\"article:publisher\" content=\"https:\/\/www.facebook.com\/ColegioSalesianoSanJuanBoscoValencia\" \/>\n<meta property=\"article:published_time\" content=\"2019-06-17T07:44:33+00:00\" \/>\n<meta property=\"og:image\" content=\"https:\/\/valenciasjb.salesianos.edu\/colegio\/wp-content\/uploads\/sites\/2\/2019\/06\/IMG-20190410-WA0102.jpg\" \/>\n\t<meta property=\"og:image:width\" content=\"1600\" \/>\n\t<meta property=\"og:image:height\" content=\"1200\" \/>\n\t<meta property=\"og:image:type\" content=\"image\/jpeg\" \/>\n<meta name=\"author\" content=\"veronicapastor\" \/>\n<meta name=\"twitter:card\" content=\"summary_large_image\" \/>\n<meta name=\"twitter:creator\" content=\"@SalesianosVSJB\" \/>\n<meta name=\"twitter:site\" content=\"@SalesianosVSJB\" \/>\n<meta name=\"twitter:label1\" content=\"Escrito por\" \/>\n\t<meta name=\"twitter:data1\" content=\"veronicapastor\" \/>\n\t<meta name=\"twitter:label2\" content=\"Tiempo de lectura\" \/>\n\t<meta name=\"twitter:data2\" content=\"3 minutos\" \/>\n<script type=\"application\/ld+json\" class=\"yoast-schema-graph\">{\"@context\":\"https:\\\/\\\/schema.org\",\"@graph\":[{\"@type\":\"Article\",\"@id\":\"https:\\\/\\\/valenciasjb.salesianos.edu\\\/colegio\\\/monica-eced-alumna-de-1o-de-bachillerato-ha-disfrutado-durante-todo-el-curso-de-la-beca-fundacion-amancio-ortega-en-un-colegio-de-canada\\\/#article\",\"isPartOf\":{\"@id\":\"https:\\\/\\\/valenciasjb.salesianos.edu\\\/colegio\\\/monica-eced-alumna-de-1o-de-bachillerato-ha-disfrutado-durante-todo-el-curso-de-la-beca-fundacion-amancio-ortega-en-un-colegio-de-canada\\\/\"},\"author\":{\"name\":\"veronicapastor\",\"@id\":\"https:\\\/\\\/valenciasjb.salesianos.edu\\\/colegio\\\/#\\\/schema\\\/person\\\/1f45b67e52b27da175190a574db6bed9\"},\"headline\":\"M\u00f3nica Eced, alumna de 1\u00ba de Bachillerato, ha disfrutado durante todo el curso de la beca Fundaci\u00f3n Amancio Ortega en un colegio de Canad\u00e1\",\"datePublished\":\"2019-06-17T07:44:33+00:00\",\"mainEntityOfPage\":{\"@id\":\"https:\\\/\\\/valenciasjb.salesianos.edu\\\/colegio\\\/monica-eced-alumna-de-1o-de-bachillerato-ha-disfrutado-durante-todo-el-curso-de-la-beca-fundacion-amancio-ortega-en-un-colegio-de-canada\\\/\"},\"wordCount\":708,\"image\":{\"@id\":\"https:\\\/\\\/valenciasjb.salesianos.edu\\\/colegio\\\/monica-eced-alumna-de-1o-de-bachillerato-ha-disfrutado-durante-todo-el-curso-de-la-beca-fundacion-amancio-ortega-en-un-colegio-de-canada\\\/#primaryimage\"},\"thumbnailUrl\":\"https:\\\/\\\/valenciasjb.salesianos.edu\\\/colegio\\\/wp-content\\\/uploads\\\/sites\\\/2\\\/2019\\\/06\\\/IMG-20190410-WA0102.jpg\",\"articleSection\":[\"Noticia Colegio\"],\"inLanguage\":\"es\"},{\"@type\":\"WebPage\",\"@id\":\"https:\\\/\\\/valenciasjb.salesianos.edu\\\/colegio\\\/monica-eced-alumna-de-1o-de-bachillerato-ha-disfrutado-durante-todo-el-curso-de-la-beca-fundacion-amancio-ortega-en-un-colegio-de-canada\\\/\",\"url\":\"https:\\\/\\\/valenciasjb.salesianos.edu\\\/colegio\\\/monica-eced-alumna-de-1o-de-bachillerato-ha-disfrutado-durante-todo-el-curso-de-la-beca-fundacion-amancio-ortega-en-un-colegio-de-canada\\\/\",\"name\":\"M\u00f3nica Eced, alumna de 1\u00ba de Bachillerato, ha disfrutado durante todo el curso de la beca Fundaci\u00f3n Amancio Ortega en un colegio de Canad\u00e1 - Colegio San Juan Bosco Valencia\",\"isPartOf\":{\"@id\":\"https:\\\/\\\/valenciasjb.salesianos.edu\\\/colegio\\\/#website\"},\"primaryImageOfPage\":{\"@id\":\"https:\\\/\\\/valenciasjb.salesianos.edu\\\/colegio\\\/monica-eced-alumna-de-1o-de-bachillerato-ha-disfrutado-durante-todo-el-curso-de-la-beca-fundacion-amancio-ortega-en-un-colegio-de-canada\\\/#primaryimage\"},\"image\":{\"@id\":\"https:\\\/\\\/valenciasjb.salesianos.edu\\\/colegio\\\/monica-eced-alumna-de-1o-de-bachillerato-ha-disfrutado-durante-todo-el-curso-de-la-beca-fundacion-amancio-ortega-en-un-colegio-de-canada\\\/#primaryimage\"},\"thumbnailUrl\":\"https:\\\/\\\/valenciasjb.salesianos.edu\\\/colegio\\\/wp-content\\\/uploads\\\/sites\\\/2\\\/2019\\\/06\\\/IMG-20190410-WA0102.jpg\",\"datePublished\":\"2019-06-17T07:44:33+00:00\",\"author\":{\"@id\":\"https:\\\/\\\/valenciasjb.salesianos.edu\\\/colegio\\\/#\\\/schema\\\/person\\\/1f45b67e52b27da175190a574db6bed9\"},\"breadcrumb\":{\"@id\":\"https:\\\/\\\/valenciasjb.salesianos.edu\\\/colegio\\\/monica-eced-alumna-de-1o-de-bachillerato-ha-disfrutado-durante-todo-el-curso-de-la-beca-fundacion-amancio-ortega-en-un-colegio-de-canada\\\/#breadcrumb\"},\"inLanguage\":\"es\",\"potentialAction\":[{\"@type\":\"ReadAction\",\"target\":[\"https:\\\/\\\/valenciasjb.salesianos.edu\\\/colegio\\\/monica-eced-alumna-de-1o-de-bachillerato-ha-disfrutado-durante-todo-el-curso-de-la-beca-fundacion-amancio-ortega-en-un-colegio-de-canada\\\/\"]}]},{\"@type\":\"ImageObject\",\"inLanguage\":\"es\",\"@id\":\"https:\\\/\\\/valenciasjb.salesianos.edu\\\/colegio\\\/monica-eced-alumna-de-1o-de-bachillerato-ha-disfrutado-durante-todo-el-curso-de-la-beca-fundacion-amancio-ortega-en-un-colegio-de-canada\\\/#primaryimage\",\"url\":\"https:\\\/\\\/valenciasjb.salesianos.edu\\\/colegio\\\/wp-content\\\/uploads\\\/sites\\\/2\\\/2019\\\/06\\\/IMG-20190410-WA0102.jpg\",\"contentUrl\":\"https:\\\/\\\/valenciasjb.salesianos.edu\\\/colegio\\\/wp-content\\\/uploads\\\/sites\\\/2\\\/2019\\\/06\\\/IMG-20190410-WA0102.jpg\",\"width\":1600,\"height\":1200},{\"@type\":\"BreadcrumbList\",\"@id\":\"https:\\\/\\\/valenciasjb.salesianos.edu\\\/colegio\\\/monica-eced-alumna-de-1o-de-bachillerato-ha-disfrutado-durante-todo-el-curso-de-la-beca-fundacion-amancio-ortega-en-un-colegio-de-canada\\\/#breadcrumb\",\"itemListElement\":[{\"@type\":\"ListItem\",\"position\":1,\"name\":\"Portada\",\"item\":\"https:\\\/\\\/valenciasjb.salesianos.edu\\\/colegio\\\/\"},{\"@type\":\"ListItem\",\"position\":2,\"name\":\"M\u00f3nica Eced, alumna de 1\u00ba de Bachillerato, ha disfrutado durante todo el curso de la beca Fundaci\u00f3n Amancio Ortega en un colegio de Canad\u00e1\"}]},{\"@type\":\"WebSite\",\"@id\":\"https:\\\/\\\/valenciasjb.salesianos.edu\\\/colegio\\\/#website\",\"url\":\"https:\\\/\\\/valenciasjb.salesianos.edu\\\/colegio\\\/\",\"name\":\"Colegio San Juan Bosco Valencia\",\"description\":\"P\u00e1gina oficial del Colegio Salesianos San Juan Bosco Valencia\",\"alternateName\":\"Salesianos.VSJB\",\"potentialAction\":[{\"@type\":\"SearchAction\",\"target\":{\"@type\":\"EntryPoint\",\"urlTemplate\":\"https:\\\/\\\/valenciasjb.salesianos.edu\\\/colegio\\\/?s={search_term_string}\"},\"query-input\":{\"@type\":\"PropertyValueSpecification\",\"valueRequired\":true,\"valueName\":\"search_term_string\"}}],\"inLanguage\":\"es\"},{\"@type\":\"Person\",\"@id\":\"https:\\\/\\\/valenciasjb.salesianos.edu\\\/colegio\\\/#\\\/schema\\\/person\\\/1f45b67e52b27da175190a574db6bed9\",\"name\":\"veronicapastor\",\"image\":{\"@type\":\"ImageObject\",\"inLanguage\":\"es\",\"@id\":\"https:\\\/\\\/secure.gravatar.com\\\/avatar\\\/e29bd40bace3fd935e1d6fdb7313ffc14628cc037c5e16f4c7369b20a2a6f7f0?s=96&d=mm&r=g\",\"url\":\"https:\\\/\\\/secure.gravatar.com\\\/avatar\\\/e29bd40bace3fd935e1d6fdb7313ffc14628cc037c5e16f4c7369b20a2a6f7f0?s=96&d=mm&r=g\",\"contentUrl\":\"https:\\\/\\\/secure.gravatar.com\\\/avatar\\\/e29bd40bace3fd935e1d6fdb7313ffc14628cc037c5e16f4c7369b20a2a6f7f0?s=96&d=mm&r=g\",\"caption\":\"veronicapastor\"}}]}<\/script>\n<!-- \/ Yoast SEO plugin. -->","yoast_head_json":{"title":"M\u00f3nica Eced, alumna de 1\u00ba de Bachillerato, ha disfrutado durante todo el curso de la beca Fundaci\u00f3n Amancio Ortega en un colegio de Canad\u00e1 - Colegio San Juan Bosco Valencia","robots":{"index":"index","follow":"follow","max-snippet":"max-snippet:-1","max-image-preview":"max-image-preview:large","max-video-preview":"max-video-preview:-1"},"canonical":"https:\/\/valenciasjb.salesianos.edu\/colegio\/monica-eced-alumna-de-1o-de-bachillerato-ha-disfrutado-durante-todo-el-curso-de-la-beca-fundacion-amancio-ortega-en-un-colegio-de-canada\/","og_locale":"es_ES","og_type":"article","og_title":"M\u00f3nica Eced, alumna de 1\u00ba de Bachillerato, ha disfrutado durante todo el curso de la beca Fundaci\u00f3n Amancio Ortega en un colegio de Canad\u00e1 - Colegio San Juan Bosco Valencia","og_description":"M\u00f3nica Eced, alumna de 1\u00ba de Bachillerato, cuenta su experiencia con la Beca Fundaci\u00f3n Amancio Ortega, gracias a la cual actualmente est\u00e1 disfrutando de un curso acad\u00e9mico completo en un colegio de Canad\u00e1. Testimonio de M\u00f3nica Eced. \"Llevo aqu\u00ed 8 meses, que se sienten como toda una vida, pero que han pasado muy r\u00e1pido. Estoy [&hellip;]","og_url":"https:\/\/valenciasjb.salesianos.edu\/colegio\/monica-eced-alumna-de-1o-de-bachillerato-ha-disfrutado-durante-todo-el-curso-de-la-beca-fundacion-amancio-ortega-en-un-colegio-de-canada\/","og_site_name":"Colegio San Juan Bosco Valencia","article_publisher":"https:\/\/www.facebook.com\/ColegioSalesianoSanJuanBoscoValencia","article_published_time":"2019-06-17T07:44:33+00:00","og_image":[{"width":1600,"height":1200,"url":"https:\/\/valenciasjb.salesianos.edu\/colegio\/wp-content\/uploads\/sites\/2\/2019\/06\/IMG-20190410-WA0102.jpg","type":"image\/jpeg"}],"author":"veronicapastor","twitter_card":"summary_large_image","twitter_creator":"@SalesianosVSJB","twitter_site":"@SalesianosVSJB","twitter_misc":{"Escrito por":"veronicapastor","Tiempo de lectura":"3 minutos"},"schema":{"@context":"https:\/\/schema.org","@graph":[{"@type":"Article","@id":"https:\/\/valenciasjb.salesianos.edu\/colegio\/monica-eced-alumna-de-1o-de-bachillerato-ha-disfrutado-durante-todo-el-curso-de-la-beca-fundacion-amancio-ortega-en-un-colegio-de-canada\/#article","isPartOf":{"@id":"https:\/\/valenciasjb.salesianos.edu\/colegio\/monica-eced-alumna-de-1o-de-bachillerato-ha-disfrutado-durante-todo-el-curso-de-la-beca-fundacion-amancio-ortega-en-un-colegio-de-canada\/"},"author":{"name":"veronicapastor","@id":"https:\/\/valenciasjb.salesianos.edu\/colegio\/#\/schema\/person\/1f45b67e52b27da175190a574db6bed9"},"headline":"M\u00f3nica Eced, alumna de 1\u00ba de Bachillerato, ha disfrutado durante todo el curso de la beca Fundaci\u00f3n Amancio Ortega en un colegio de Canad\u00e1","datePublished":"2019-06-17T07:44:33+00:00","mainEntityOfPage":{"@id":"https:\/\/valenciasjb.salesianos.edu\/colegio\/monica-eced-alumna-de-1o-de-bachillerato-ha-disfrutado-durante-todo-el-curso-de-la-beca-fundacion-amancio-ortega-en-un-colegio-de-canada\/"},"wordCount":708,"image":{"@id":"https:\/\/valenciasjb.salesianos.edu\/colegio\/monica-eced-alumna-de-1o-de-bachillerato-ha-disfrutado-durante-todo-el-curso-de-la-beca-fundacion-amancio-ortega-en-un-colegio-de-canada\/#primaryimage"},"thumbnailUrl":"https:\/\/valenciasjb.salesianos.edu\/colegio\/wp-content\/uploads\/sites\/2\/2019\/06\/IMG-20190410-WA0102.jpg","articleSection":["Noticia Colegio"],"inLanguage":"es"},{"@type":"WebPage","@id":"https:\/\/valenciasjb.salesianos.edu\/colegio\/monica-eced-alumna-de-1o-de-bachillerato-ha-disfrutado-durante-todo-el-curso-de-la-beca-fundacion-amancio-ortega-en-un-colegio-de-canada\/","url":"https:\/\/valenciasjb.salesianos.edu\/colegio\/monica-eced-alumna-de-1o-de-bachillerato-ha-disfrutado-durante-todo-el-curso-de-la-beca-fundacion-amancio-ortega-en-un-colegio-de-canada\/","name":"M\u00f3nica Eced, alumna de 1\u00ba de Bachillerato, ha disfrutado durante todo el curso de la beca Fundaci\u00f3n Amancio Ortega en un colegio de Canad\u00e1 - Colegio San Juan Bosco Valencia","isPartOf":{"@id":"https:\/\/valenciasjb.salesianos.edu\/colegio\/#website"},"primaryImageOfPage":{"@id":"https:\/\/valenciasjb.salesianos.edu\/colegio\/monica-eced-alumna-de-1o-de-bachillerato-ha-disfrutado-durante-todo-el-curso-de-la-beca-fundacion-amancio-ortega-en-un-colegio-de-canada\/#primaryimage"},"image":{"@id":"https:\/\/valenciasjb.salesianos.edu\/colegio\/monica-eced-alumna-de-1o-de-bachillerato-ha-disfrutado-durante-todo-el-curso-de-la-beca-fundacion-amancio-ortega-en-un-colegio-de-canada\/#primaryimage"},"thumbnailUrl":"https:\/\/valenciasjb.salesianos.edu\/colegio\/wp-content\/uploads\/sites\/2\/2019\/06\/IMG-20190410-WA0102.jpg","datePublished":"2019-06-17T07:44:33+00:00","author":{"@id":"https:\/\/valenciasjb.salesianos.edu\/colegio\/#\/schema\/person\/1f45b67e52b27da175190a574db6bed9"},"breadcrumb":{"@id":"https:\/\/valenciasjb.salesianos.edu\/colegio\/monica-eced-alumna-de-1o-de-bachillerato-ha-disfrutado-durante-todo-el-curso-de-la-beca-fundacion-amancio-ortega-en-un-colegio-de-canada\/#breadcrumb"},"inLanguage":"es","potentialAction":[{"@type":"ReadAction","target":["https:\/\/valenciasjb.salesianos.edu\/colegio\/monica-eced-alumna-de-1o-de-bachillerato-ha-disfrutado-durante-todo-el-curso-de-la-beca-fundacion-amancio-ortega-en-un-colegio-de-canada\/"]}]},{"@type":"ImageObject","inLanguage":"es","@id":"https:\/\/valenciasjb.salesianos.edu\/colegio\/monica-eced-alumna-de-1o-de-bachillerato-ha-disfrutado-durante-todo-el-curso-de-la-beca-fundacion-amancio-ortega-en-un-colegio-de-canada\/#primaryimage","url":"https:\/\/valenciasjb.salesianos.edu\/colegio\/wp-content\/uploads\/sites\/2\/2019\/06\/IMG-20190410-WA0102.jpg","contentUrl":"https:\/\/valenciasjb.salesianos.edu\/colegio\/wp-content\/uploads\/sites\/2\/2019\/06\/IMG-20190410-WA0102.jpg","width":1600,"height":1200},{"@type":"BreadcrumbList","@id":"https:\/\/valenciasjb.salesianos.edu\/colegio\/monica-eced-alumna-de-1o-de-bachillerato-ha-disfrutado-durante-todo-el-curso-de-la-beca-fundacion-amancio-ortega-en-un-colegio-de-canada\/#breadcrumb","itemListElement":[{"@type":"ListItem","position":1,"name":"Portada","item":"https:\/\/valenciasjb.salesianos.edu\/colegio\/"},{"@type":"ListItem","position":2,"name":"M\u00f3nica Eced, alumna de 1\u00ba de Bachillerato, ha disfrutado durante todo el curso de la beca Fundaci\u00f3n Amancio Ortega en un colegio de Canad\u00e1"}]},{"@type":"WebSite","@id":"https:\/\/valenciasjb.salesianos.edu\/colegio\/#website","url":"https:\/\/valenciasjb.salesianos.edu\/colegio\/","name":"Colegio San Juan Bosco Valencia","description":"P\u00e1gina oficial del Colegio Salesianos San Juan Bosco Valencia","alternateName":"Salesianos.VSJB","potentialAction":[{"@type":"SearchAction","target":{"@type":"EntryPoint","urlTemplate":"https:\/\/valenciasjb.salesianos.edu\/colegio\/?s={search_term_string}"},"query-input":{"@type":"PropertyValueSpecification","valueRequired":true,"valueName":"search_term_string"}}],"inLanguage":"es"},{"@type":"Person","@id":"https:\/\/valenciasjb.salesianos.edu\/colegio\/#\/schema\/person\/1f45b67e52b27da175190a574db6bed9","name":"veronicapastor","image":{"@type":"ImageObject","inLanguage":"es","@id":"https:\/\/secure.gravatar.com\/avatar\/e29bd40bace3fd935e1d6fdb7313ffc14628cc037c5e16f4c7369b20a2a6f7f0?s=96&d=mm&r=g","url":"https:\/\/secure.gravatar.com\/avatar\/e29bd40bace3fd935e1d6fdb7313ffc14628cc037c5e16f4c7369b20a2a6f7f0?s=96&d=mm&r=g","contentUrl":"https:\/\/secure.gravatar.com\/avatar\/e29bd40bace3fd935e1d6fdb7313ffc14628cc037c5e16f4c7369b20a2a6f7f0?s=96&d=mm&r=g","caption":"veronicapastor"}}]}},"_links":{"self":[{"href":"https:\/\/valenciasjb.salesianos.edu\/colegio\/wp-json\/wp\/v2\/posts\/10712","targetHints":{"allow":["GET"]}}],"collection":[{"href":"https:\/\/valenciasjb.salesianos.edu\/colegio\/wp-json\/wp\/v2\/posts"}],"about":[{"href":"https:\/\/valenciasjb.salesianos.edu\/colegio\/wp-json\/wp\/v2\/types\/post"}],"author":[{"embeddable":true,"href":"https:\/\/valenciasjb.salesianos.edu\/colegio\/wp-json\/wp\/v2\/users\/6"}],"replies":[{"embeddable":true,"href":"https:\/\/valenciasjb.salesianos.edu\/colegio\/wp-json\/wp\/v2\/comments?post=10712"}],"version-history":[{"count":1,"href":"https:\/\/valenciasjb.salesianos.edu\/colegio\/wp-json\/wp\/v2\/posts\/10712\/revisions"}],"predecessor-version":[{"id":10799,"href":"https:\/\/valenciasjb.salesianos.edu\/colegio\/wp-json\/wp\/v2\/posts\/10712\/revisions\/10799"}],"wp:featuredmedia":[{"embeddable":true,"href":"https:\/\/valenciasjb.salesianos.edu\/colegio\/wp-json\/wp\/v2\/media\/10795"}],"wp:attachment":[{"href":"https:\/\/valenciasjb.salesianos.edu\/colegio\/wp-json\/wp\/v2\/media?parent=10712"}],"wp:term":[{"taxonomy":"category","embeddable":true,"href":"https:\/\/valenciasjb.salesianos.edu\/colegio\/wp-json\/wp\/v2\/categories?post=10712"},{"taxonomy":"post_tag","embeddable":true,"href":"https:\/\/valenciasjb.salesianos.edu\/colegio\/wp-json\/wp\/v2\/tags?post=10712"}],"curies":[{"name":"wp","href":"https:\/\/api.w.org\/{rel}","templated":true}]}}