{"id":10714,"date":"2019-05-31T08:53:51","date_gmt":"2019-05-31T07:53:51","guid":{"rendered":"https:\/\/valenciasjb.salesianos.edu\/colegio\/?p=10714"},"modified":"2019-05-31T08:53:51","modified_gmt":"2019-05-31T07:53:51","slug":"los-alumnos-de-5-anos-en-primaria","status":"publish","type":"post","link":"https:\/\/valenciasjb.salesianos.edu\/colegio\/los-alumnos-de-5-anos-en-primaria\/","title":{"rendered":"Los alumnos de 5 a\u00f1os en Primaria"},"content":{"rendered":"<div id=\"fb-root\"><\/div>\n<p>[et_pb_section bb_built=\u00bb1&#8243; admin_label=\u00bbsection\u00bb][et_pb_row admin_label=\u00bbrow\u00bb background_position=\u00bbtop_left\u00bb background_repeat=\u00bbrepeat\u00bb background_size=\u00bbinitial\u00bb][et_pb_column type=\u00bb4_4&#8243;][et_pb_text admin_label=\u00bbEntradilla (Texto)\u00bb _builder_version=\u00bb3.19.18&#8243; text_orientation=\u00bbjustified\u00bb text_font=\u00bb|on|||\u00bb module_alignment=\u00bbleft\u00bb]<\/p>\n<div id=\"resumen\"><strong>Los m\u00e1s mayores de Educaci\u00f3n Infantil han realizado una de las actividades programadas del Plan de Transici\u00f3n a Primaria. La ma\u00f1ana del Jueves los ni\u00f1os y ni\u00f1as de cinco a\u00f1os han disfrutado\u00a0de lo lindo conociendo nuevos espacios e instalaciones del que ser\u00e1\u00a0su pabell\u00f3n el curso que viene. Y sobre todo, han compartido sus\u00a0inquietudes y dudas con los m\u00e1s jovencitos de Primaria.<br \/>\n<\/strong><\/div>\n<div><\/div>\n<p>[\/et_pb_text][et_pb_text admin_label=\u00bbAutor (Texto)\u00bb _builder_version=\u00bb3.19.18&#8243; text_font=\u00bb||on||\u00bb]<\/p>\n<p class=\"western\"><span style=\"font-family: Verdana, serif\"><span style=\"font-size: small\">Lourdes Muli\u00f3. Profesora de Educaci\u00f3n Infantil.<\/span><\/span><\/p>\n<p>[\/et_pb_text][et_pb_text admin_label=\u00bbDesarrollo (Texto)\u00bb _builder_version=\u00bb3.19.18&#8243; text_orientation=\u00bbjustified\u00bb module_alignment=\u00bbleft\u00bb]<\/p>\n<p class=\"western\"><span style=\"font-family: Verdana, serif\"><span style=\"font-size: small\">A primera hora de la ma\u00f1ana, en las escaleras centrales, les han dado la bienvenida los <\/span><\/span><span style=\"font-family: Verdana, serif\"><span style=\"font-size: small\"><b>\u00a1Jefes de Primaria!, <\/b><\/span><\/span><span style=\"font-family: Verdana, serif\"><span style=\"font-size: small\">Jos\u00e9, Director pedag\u00f3gico de Infantil y primaria y Manuel, Jefe de estudios de Primaria. All\u00ed han explicado algunas cosillas muy interesantes. Despu\u00e9s los han dividido en dos grupos y ha comenzado tan esperado recorrido.<\/span><\/span><\/p>\n<p class=\"western\"><span style=\"font-family: Verdana, serif\"><span style=\"font-size: small\">Han conocido a varias Se\u00f1oritas y Profes, han visitado el aula de psicomotricidad, biblioteca, despachos, laboratorio, aulas de 1\u00aa, &#8230;<\/span><\/span><\/p>\n<p class=\"western\"><span style=\"font-family: Verdana, serif\"><span style=\"font-size: small\">Han podido pisar un aula de 1\u00ba de primaria y compartir experiencias con alumnos de este primer curso de esta etapa, despu\u00e9s c\u00f3mo buenos amigos han almorzado todos juntos y han disfrutado de un rato de juegos en el patio grande del cole, y para terminar la visita han realizado entre todos un gran mural expuesto en el p\u00f3rtico del colegio.<\/span><\/span><\/p>\n<p>[\/et_pb_text][et_pb_text admin_label=\u00bbT\u00edtulo: Galer\u00eda de fotos (Texto)\u00bb _builder_version=\u00bb3.0.76&#8243; background_layout=\u00bblight\u00bb text_font=\u00bb|on|||\u00bb text_text_color=\u00bb#dc001b\u00bb border_style=\u00bbsolid\u00bb disabled=\u00bboff\u00bb disabled_on=\u00bboff|on|on\u00bb]<\/p>\n<p>Galer\u00eda de im\u00e1genes<\/p>\n<p>[\/et_pb_text][et_pb_gallery _builder_version=\u00bb3.19.18&#8243; posts_number=\u00bb8&#8243; show_title_and_caption=\u00bboff\u00bb zoom_icon_color=\u00bb#dc001b\u00bb hover_overlay_color=\u00bbrgba(255,255,255,0.9)\u00bb hover_icon=\u00bb%%51%%\u00bb disabled=\u00bboff\u00bb disabled_on=\u00bboff|off|off\u00bb gallery_ids=\u00bb10721,10720,10719,10718,10717&#8243; pagination_font_size_tablet=\u00bb51&#8243; pagination_line_height_tablet=\u00bb2&#8243; \/][et_pb_video _builder_version=\u00bb3.0.51&#8243; disabled=\u00bbon\u00bb disabled_on=\u00bbon|on|on\u00bb \/][\/et_pb_column][\/et_pb_row][\/et_pb_section]<\/p>\n<!-- AddThis Advanced Settings generic via filter on the_content --><!-- AddThis Share Buttons generic via filter on the_content -->","protected":false},"excerpt":{"rendered":"<p>Los m\u00e1s mayores de Educaci\u00f3n Infantil han realizado una de las actividades programadas del Plan de Transici\u00f3n a Primaria. La ma\u00f1ana del Jueves los ni\u00f1os y ni\u00f1as de cinco a\u00f1os han disfrutado\u00a0de lo lindo conociendo nuevos espacios e instalaciones del que ser\u00e1\u00a0su pabell\u00f3n el curso que viene. Y sobre todo, han compartido sus\u00a0inquietudes y dudas [&hellip;]<\/p>\n<p><!-- AddThis Advanced Settings generic via filter on get_the_excerpt --><!-- AddThis Share Buttons generic via filter on get_the_excerpt --><\/p>\n","protected":false},"author":6,"featured_media":10718,"comment_status":"closed","ping_status":"open","sticky":false,"template":"","format":"standard","meta":{"_et_pb_use_builder":"on","_et_pb_old_content":"<p>[et_pb_section bb_built=\"1\" admin_label=\"section\"][et_pb_row admin_label=\"row\" background_position=\"top_left\" background_repeat=\"repeat\" background_size=\"initial\"][et_pb_column type=\"4_4\"][et_pb_text admin_label=\"Entradilla (Texto)\" _builder_version=\"3.19.18\" text_orientation=\"justified\" text_font=\"|on|||\" module_alignment=\"left\"]<\/p><div id=\"resumen\"><strong>Los m\u00e1s mayores de Educaci\u00f3n Infantil han realizado una de las actividades programadas del Plan de Transici\u00f3n a Primaria. La ma\u00f1ana del Jueves los ni\u00f1os y ni\u00f1as de cinco a\u00f1os han disfrutado\u00a0de lo lindo conociendo nuevos espacios e instalaciones del que ser\u00e1\u00a0su pabell\u00f3n el curso que viene. Y sobre todo, han compartido sus\u00a0inquietudes y dudas con los m\u00e1s jovencitos de Primaria.<br \/><\/strong><\/div><div>\u00a0<\/div><p>[\/et_pb_text][et_pb_text admin_label=\"Autor (Texto)\" _builder_version=\"3.19.18\" text_font=\"||on||\"]<\/p><p class=\"western\"><span style=\"font-family: Verdana, serif;\"><span style=\"font-size: small;\">Lourdes Muli\u00f3. Profesora de Educaci\u00f3n Infantil.<\/span><\/span><\/p><p>[\/et_pb_text][et_pb_text admin_label=\"Desarrollo (Texto)\" _builder_version=\"3.19.18\" text_orientation=\"justified\" module_alignment=\"left\"]<\/p><p class=\"western\"><span style=\"font-family: Verdana, serif;\"><span style=\"font-size: small;\">A primera hora de la ma\u00f1ana, en las escaleras centrales, les han dado la bienvenida los <\/span><\/span><span style=\"font-family: Verdana, serif;\"><span style=\"font-size: small;\"><b>\u00a1Jefes de Primaria!, <\/b><\/span><\/span><span style=\"font-family: Verdana, serif;\"><span style=\"font-size: small;\">Jos\u00e9, Director pedag\u00f3gico de Infantil y primaria y Manuel, Jefe de estudios de Primaria. All\u00ed han explicado algunas cosillas muy interesantes. Despu\u00e9s los han dividido en dos grupos y ha comenzado tan esperado recorrido.<\/span><\/span><\/p><p class=\"western\"><span style=\"font-family: Verdana, serif;\"><span style=\"font-size: small;\">Han conocido a varias Se\u00f1oritas y Profes, han visitado el aula de psicomotricidad, biblioteca, despachos, laboratorio, aulas de 1\u00aa, ...<\/span><\/span><\/p><p class=\"western\"><span style=\"font-family: Verdana, serif;\"><span style=\"font-size: small;\">Han podido pisar un aula de 1\u00ba de primaria y compartir experiencias con alumnos de este primer curso de esta etapa, despu\u00e9s c\u00f3mo buenos amigos han almorzado todos juntos y han disfrutado de un rato de juegos en el patio grande del cole, y para terminar la visita han realizado entre todos un gran mural expuesto en el p\u00f3rtico del colegio.<\/span><\/span><\/p><p>[\/et_pb_text][et_pb_text admin_label=\"T\u00edtulo: Galer\u00eda de fotos (Texto)\" _builder_version=\"3.0.76\" background_layout=\"light\" text_font=\"|on|||\" text_text_color=\"#dc001b\" border_style=\"solid\" disabled=\"off\" disabled_on=\"off|on|on\"]<\/p><p>Galer\u00eda de im\u00e1genes<\/p><p>[\/et_pb_text][et_pb_gallery _builder_version=\"3.19.18\" posts_number=\"8\" show_title_and_caption=\"off\" show_pagination=\"on\" fullwidth=\"off\" orientation=\"landscape\" zoom_icon_color=\"#dc001b\" hover_overlay_color=\"rgba(255,255,255,0.9)\" hover_icon=\"%%51%%\" background_layout=\"light\" disabled=\"off\" disabled_on=\"off|off|off\" gallery_ids=\"5794\" pagination_font_size_tablet=\"51\" pagination_line_height_tablet=\"2\" \/][et_pb_video _builder_version=\"3.0.51\" disabled=\"on\" disabled_on=\"on|on|on\" \/][\/et_pb_column][\/et_pb_row][\/et_pb_section]<\/p>","_et_gb_content_width":"","footnotes":""},"categories":[14],"tags":[],"class_list":["post-10714","post","type-post","status-publish","format-standard","has-post-thumbnail","hentry","category-noticia_colegio"],"yoast_head":"<!-- This site is optimized with the Yoast SEO plugin v28.4 - https:\/\/yoast.com\/product\/yoast-seo-wordpress\/ -->\n<title>Los alumnos de 5 a\u00f1os en Primaria - Colegio San Juan Bosco Valencia<\/title>\n<meta name=\"robots\" content=\"index, follow, max-snippet:-1, max-image-preview:large, max-video-preview:-1\" \/>\n<link rel=\"canonical\" href=\"https:\/\/valenciasjb.salesianos.edu\/colegio\/los-alumnos-de-5-anos-en-primaria\/\" \/>\n<meta property=\"og:locale\" content=\"es_ES\" \/>\n<meta property=\"og:type\" content=\"article\" \/>\n<meta property=\"og:title\" content=\"Los alumnos de 5 a\u00f1os en Primaria - Colegio San Juan Bosco Valencia\" \/>\n<meta property=\"og:description\" content=\"Los m\u00e1s mayores de Educaci\u00f3n Infantil han realizado una de las actividades programadas del Plan de Transici\u00f3n a Primaria. La ma\u00f1ana del Jueves los ni\u00f1os y ni\u00f1as de cinco a\u00f1os han disfrutado\u00a0de lo lindo conociendo nuevos espacios e instalaciones del que ser\u00e1\u00a0su pabell\u00f3n el curso que viene. Y sobre todo, han compartido sus\u00a0inquietudes y dudas [&hellip;]\" \/>\n<meta property=\"og:url\" content=\"https:\/\/valenciasjb.salesianos.edu\/colegio\/los-alumnos-de-5-anos-en-primaria\/\" \/>\n<meta property=\"og:site_name\" content=\"Colegio San Juan Bosco Valencia\" \/>\n<meta property=\"article:publisher\" content=\"https:\/\/www.facebook.com\/ColegioSalesianoSanJuanBoscoValencia\" \/>\n<meta property=\"article:published_time\" content=\"2019-05-31T07:53:51+00:00\" \/>\n<meta property=\"og:image\" content=\"https:\/\/valenciasjb.salesianos.edu\/colegio\/wp-content\/uploads\/sites\/2\/2019\/05\/IMG-20190531-WA0003.jpg\" \/>\n\t<meta property=\"og:image:width\" content=\"1600\" \/>\n\t<meta property=\"og:image:height\" content=\"1200\" \/>\n\t<meta property=\"og:image:type\" content=\"image\/jpeg\" \/>\n<meta name=\"author\" content=\"veronicapastor\" \/>\n<meta name=\"twitter:card\" content=\"summary_large_image\" \/>\n<meta name=\"twitter:creator\" content=\"@SalesianosVSJB\" \/>\n<meta name=\"twitter:site\" content=\"@SalesianosVSJB\" \/>\n<meta name=\"twitter:label1\" content=\"Escrito por\" \/>\n\t<meta name=\"twitter:data1\" content=\"veronicapastor\" \/>\n\t<meta name=\"twitter:label2\" content=\"Tiempo de lectura\" \/>\n\t<meta name=\"twitter:data2\" content=\"2 minutos\" \/>\n<script type=\"application\/ld+json\" class=\"yoast-schema-graph\">{\"@context\":\"https:\\\/\\\/schema.org\",\"@graph\":[{\"@type\":\"Article\",\"@id\":\"https:\\\/\\\/valenciasjb.salesianos.edu\\\/colegio\\\/los-alumnos-de-5-anos-en-primaria\\\/#article\",\"isPartOf\":{\"@id\":\"https:\\\/\\\/valenciasjb.salesianos.edu\\\/colegio\\\/los-alumnos-de-5-anos-en-primaria\\\/\"},\"author\":{\"name\":\"veronicapastor\",\"@id\":\"https:\\\/\\\/valenciasjb.salesianos.edu\\\/colegio\\\/#\\\/schema\\\/person\\\/1f45b67e52b27da175190a574db6bed9\"},\"headline\":\"Los alumnos de 5 a\u00f1os en Primaria\",\"datePublished\":\"2019-05-31T07:53:51+00:00\",\"mainEntityOfPage\":{\"@id\":\"https:\\\/\\\/valenciasjb.salesianos.edu\\\/colegio\\\/los-alumnos-de-5-anos-en-primaria\\\/\"},\"wordCount\":411,\"image\":{\"@id\":\"https:\\\/\\\/valenciasjb.salesianos.edu\\\/colegio\\\/los-alumnos-de-5-anos-en-primaria\\\/#primaryimage\"},\"thumbnailUrl\":\"https:\\\/\\\/valenciasjb.salesianos.edu\\\/colegio\\\/wp-content\\\/uploads\\\/sites\\\/2\\\/2019\\\/05\\\/IMG-20190531-WA0003.jpg\",\"articleSection\":[\"Noticia Colegio\"],\"inLanguage\":\"es\"},{\"@type\":\"WebPage\",\"@id\":\"https:\\\/\\\/valenciasjb.salesianos.edu\\\/colegio\\\/los-alumnos-de-5-anos-en-primaria\\\/\",\"url\":\"https:\\\/\\\/valenciasjb.salesianos.edu\\\/colegio\\\/los-alumnos-de-5-anos-en-primaria\\\/\",\"name\":\"Los alumnos de 5 a\u00f1os en Primaria - Colegio San Juan Bosco Valencia\",\"isPartOf\":{\"@id\":\"https:\\\/\\\/valenciasjb.salesianos.edu\\\/colegio\\\/#website\"},\"primaryImageOfPage\":{\"@id\":\"https:\\\/\\\/valenciasjb.salesianos.edu\\\/colegio\\\/los-alumnos-de-5-anos-en-primaria\\\/#primaryimage\"},\"image\":{\"@id\":\"https:\\\/\\\/valenciasjb.salesianos.edu\\\/colegio\\\/los-alumnos-de-5-anos-en-primaria\\\/#primaryimage\"},\"thumbnailUrl\":\"https:\\\/\\\/valenciasjb.salesianos.edu\\\/colegio\\\/wp-content\\\/uploads\\\/sites\\\/2\\\/2019\\\/05\\\/IMG-20190531-WA0003.jpg\",\"datePublished\":\"2019-05-31T07:53:51+00:00\",\"author\":{\"@id\":\"https:\\\/\\\/valenciasjb.salesianos.edu\\\/colegio\\\/#\\\/schema\\\/person\\\/1f45b67e52b27da175190a574db6bed9\"},\"breadcrumb\":{\"@id\":\"https:\\\/\\\/valenciasjb.salesianos.edu\\\/colegio\\\/los-alumnos-de-5-anos-en-primaria\\\/#breadcrumb\"},\"inLanguage\":\"es\",\"potentialAction\":[{\"@type\":\"ReadAction\",\"target\":[\"https:\\\/\\\/valenciasjb.salesianos.edu\\\/colegio\\\/los-alumnos-de-5-anos-en-primaria\\\/\"]}]},{\"@type\":\"ImageObject\",\"inLanguage\":\"es\",\"@id\":\"https:\\\/\\\/valenciasjb.salesianos.edu\\\/colegio\\\/los-alumnos-de-5-anos-en-primaria\\\/#primaryimage\",\"url\":\"https:\\\/\\\/valenciasjb.salesianos.edu\\\/colegio\\\/wp-content\\\/uploads\\\/sites\\\/2\\\/2019\\\/05\\\/IMG-20190531-WA0003.jpg\",\"contentUrl\":\"https:\\\/\\\/valenciasjb.salesianos.edu\\\/colegio\\\/wp-content\\\/uploads\\\/sites\\\/2\\\/2019\\\/05\\\/IMG-20190531-WA0003.jpg\",\"width\":1600,\"height\":1200},{\"@type\":\"BreadcrumbList\",\"@id\":\"https:\\\/\\\/valenciasjb.salesianos.edu\\\/colegio\\\/los-alumnos-de-5-anos-en-primaria\\\/#breadcrumb\",\"itemListElement\":[{\"@type\":\"ListItem\",\"position\":1,\"name\":\"Portada\",\"item\":\"https:\\\/\\\/valenciasjb.salesianos.edu\\\/colegio\\\/\"},{\"@type\":\"ListItem\",\"position\":2,\"name\":\"Los alumnos de 5 a\u00f1os en Primaria\"}]},{\"@type\":\"WebSite\",\"@id\":\"https:\\\/\\\/valenciasjb.salesianos.edu\\\/colegio\\\/#website\",\"url\":\"https:\\\/\\\/valenciasjb.salesianos.edu\\\/colegio\\\/\",\"name\":\"Colegio San Juan Bosco Valencia\",\"description\":\"P\u00e1gina oficial del Colegio Salesianos San Juan Bosco Valencia\",\"alternateName\":\"Salesianos.VSJB\",\"potentialAction\":[{\"@type\":\"SearchAction\",\"target\":{\"@type\":\"EntryPoint\",\"urlTemplate\":\"https:\\\/\\\/valenciasjb.salesianos.edu\\\/colegio\\\/?s={search_term_string}\"},\"query-input\":{\"@type\":\"PropertyValueSpecification\",\"valueRequired\":true,\"valueName\":\"search_term_string\"}}],\"inLanguage\":\"es\"},{\"@type\":\"Person\",\"@id\":\"https:\\\/\\\/valenciasjb.salesianos.edu\\\/colegio\\\/#\\\/schema\\\/person\\\/1f45b67e52b27da175190a574db6bed9\",\"name\":\"veronicapastor\",\"image\":{\"@type\":\"ImageObject\",\"inLanguage\":\"es\",\"@id\":\"https:\\\/\\\/secure.gravatar.com\\\/avatar\\\/e29bd40bace3fd935e1d6fdb7313ffc14628cc037c5e16f4c7369b20a2a6f7f0?s=96&d=mm&r=g\",\"url\":\"https:\\\/\\\/secure.gravatar.com\\\/avatar\\\/e29bd40bace3fd935e1d6fdb7313ffc14628cc037c5e16f4c7369b20a2a6f7f0?s=96&d=mm&r=g\",\"contentUrl\":\"https:\\\/\\\/secure.gravatar.com\\\/avatar\\\/e29bd40bace3fd935e1d6fdb7313ffc14628cc037c5e16f4c7369b20a2a6f7f0?s=96&d=mm&r=g\",\"caption\":\"veronicapastor\"}}]}<\/script>\n<!-- \/ Yoast SEO plugin. -->","yoast_head_json":{"title":"Los alumnos de 5 a\u00f1os en Primaria - Colegio San Juan Bosco Valencia","robots":{"index":"index","follow":"follow","max-snippet":"max-snippet:-1","max-image-preview":"max-image-preview:large","max-video-preview":"max-video-preview:-1"},"canonical":"https:\/\/valenciasjb.salesianos.edu\/colegio\/los-alumnos-de-5-anos-en-primaria\/","og_locale":"es_ES","og_type":"article","og_title":"Los alumnos de 5 a\u00f1os en Primaria - Colegio San Juan Bosco Valencia","og_description":"Los m\u00e1s mayores de Educaci\u00f3n Infantil han realizado una de las actividades programadas del Plan de Transici\u00f3n a Primaria. La ma\u00f1ana del Jueves los ni\u00f1os y ni\u00f1as de cinco a\u00f1os han disfrutado\u00a0de lo lindo conociendo nuevos espacios e instalaciones del que ser\u00e1\u00a0su pabell\u00f3n el curso que viene. Y sobre todo, han compartido sus\u00a0inquietudes y dudas [&hellip;]","og_url":"https:\/\/valenciasjb.salesianos.edu\/colegio\/los-alumnos-de-5-anos-en-primaria\/","og_site_name":"Colegio San Juan Bosco Valencia","article_publisher":"https:\/\/www.facebook.com\/ColegioSalesianoSanJuanBoscoValencia","article_published_time":"2019-05-31T07:53:51+00:00","og_image":[{"width":1600,"height":1200,"url":"https:\/\/valenciasjb.salesianos.edu\/colegio\/wp-content\/uploads\/sites\/2\/2019\/05\/IMG-20190531-WA0003.jpg","type":"image\/jpeg"}],"author":"veronicapastor","twitter_card":"summary_large_image","twitter_creator":"@SalesianosVSJB","twitter_site":"@SalesianosVSJB","twitter_misc":{"Escrito por":"veronicapastor","Tiempo de lectura":"2 minutos"},"schema":{"@context":"https:\/\/schema.org","@graph":[{"@type":"Article","@id":"https:\/\/valenciasjb.salesianos.edu\/colegio\/los-alumnos-de-5-anos-en-primaria\/#article","isPartOf":{"@id":"https:\/\/valenciasjb.salesianos.edu\/colegio\/los-alumnos-de-5-anos-en-primaria\/"},"author":{"name":"veronicapastor","@id":"https:\/\/valenciasjb.salesianos.edu\/colegio\/#\/schema\/person\/1f45b67e52b27da175190a574db6bed9"},"headline":"Los alumnos de 5 a\u00f1os en Primaria","datePublished":"2019-05-31T07:53:51+00:00","mainEntityOfPage":{"@id":"https:\/\/valenciasjb.salesianos.edu\/colegio\/los-alumnos-de-5-anos-en-primaria\/"},"wordCount":411,"image":{"@id":"https:\/\/valenciasjb.salesianos.edu\/colegio\/los-alumnos-de-5-anos-en-primaria\/#primaryimage"},"thumbnailUrl":"https:\/\/valenciasjb.salesianos.edu\/colegio\/wp-content\/uploads\/sites\/2\/2019\/05\/IMG-20190531-WA0003.jpg","articleSection":["Noticia Colegio"],"inLanguage":"es"},{"@type":"WebPage","@id":"https:\/\/valenciasjb.salesianos.edu\/colegio\/los-alumnos-de-5-anos-en-primaria\/","url":"https:\/\/valenciasjb.salesianos.edu\/colegio\/los-alumnos-de-5-anos-en-primaria\/","name":"Los alumnos de 5 a\u00f1os en Primaria - Colegio San Juan Bosco Valencia","isPartOf":{"@id":"https:\/\/valenciasjb.salesianos.edu\/colegio\/#website"},"primaryImageOfPage":{"@id":"https:\/\/valenciasjb.salesianos.edu\/colegio\/los-alumnos-de-5-anos-en-primaria\/#primaryimage"},"image":{"@id":"https:\/\/valenciasjb.salesianos.edu\/colegio\/los-alumnos-de-5-anos-en-primaria\/#primaryimage"},"thumbnailUrl":"https:\/\/valenciasjb.salesianos.edu\/colegio\/wp-content\/uploads\/sites\/2\/2019\/05\/IMG-20190531-WA0003.jpg","datePublished":"2019-05-31T07:53:51+00:00","author":{"@id":"https:\/\/valenciasjb.salesianos.edu\/colegio\/#\/schema\/person\/1f45b67e52b27da175190a574db6bed9"},"breadcrumb":{"@id":"https:\/\/valenciasjb.salesianos.edu\/colegio\/los-alumnos-de-5-anos-en-primaria\/#breadcrumb"},"inLanguage":"es","potentialAction":[{"@type":"ReadAction","target":["https:\/\/valenciasjb.salesianos.edu\/colegio\/los-alumnos-de-5-anos-en-primaria\/"]}]},{"@type":"ImageObject","inLanguage":"es","@id":"https:\/\/valenciasjb.salesianos.edu\/colegio\/los-alumnos-de-5-anos-en-primaria\/#primaryimage","url":"https:\/\/valenciasjb.salesianos.edu\/colegio\/wp-content\/uploads\/sites\/2\/2019\/05\/IMG-20190531-WA0003.jpg","contentUrl":"https:\/\/valenciasjb.salesianos.edu\/colegio\/wp-content\/uploads\/sites\/2\/2019\/05\/IMG-20190531-WA0003.jpg","width":1600,"height":1200},{"@type":"BreadcrumbList","@id":"https:\/\/valenciasjb.salesianos.edu\/colegio\/los-alumnos-de-5-anos-en-primaria\/#breadcrumb","itemListElement":[{"@type":"ListItem","position":1,"name":"Portada","item":"https:\/\/valenciasjb.salesianos.edu\/colegio\/"},{"@type":"ListItem","position":2,"name":"Los alumnos de 5 a\u00f1os en Primaria"}]},{"@type":"WebSite","@id":"https:\/\/valenciasjb.salesianos.edu\/colegio\/#website","url":"https:\/\/valenciasjb.salesianos.edu\/colegio\/","name":"Colegio San Juan Bosco Valencia","description":"P\u00e1gina oficial del Colegio Salesianos San Juan Bosco Valencia","alternateName":"Salesianos.VSJB","potentialAction":[{"@type":"SearchAction","target":{"@type":"EntryPoint","urlTemplate":"https:\/\/valenciasjb.salesianos.edu\/colegio\/?s={search_term_string}"},"query-input":{"@type":"PropertyValueSpecification","valueRequired":true,"valueName":"search_term_string"}}],"inLanguage":"es"},{"@type":"Person","@id":"https:\/\/valenciasjb.salesianos.edu\/colegio\/#\/schema\/person\/1f45b67e52b27da175190a574db6bed9","name":"veronicapastor","image":{"@type":"ImageObject","inLanguage":"es","@id":"https:\/\/secure.gravatar.com\/avatar\/e29bd40bace3fd935e1d6fdb7313ffc14628cc037c5e16f4c7369b20a2a6f7f0?s=96&d=mm&r=g","url":"https:\/\/secure.gravatar.com\/avatar\/e29bd40bace3fd935e1d6fdb7313ffc14628cc037c5e16f4c7369b20a2a6f7f0?s=96&d=mm&r=g","contentUrl":"https:\/\/secure.gravatar.com\/avatar\/e29bd40bace3fd935e1d6fdb7313ffc14628cc037c5e16f4c7369b20a2a6f7f0?s=96&d=mm&r=g","caption":"veronicapastor"}}]}},"_links":{"self":[{"href":"https:\/\/valenciasjb.salesianos.edu\/colegio\/wp-json\/wp\/v2\/posts\/10714","targetHints":{"allow":["GET"]}}],"collection":[{"href":"https:\/\/valenciasjb.salesianos.edu\/colegio\/wp-json\/wp\/v2\/posts"}],"about":[{"href":"https:\/\/valenciasjb.salesianos.edu\/colegio\/wp-json\/wp\/v2\/types\/post"}],"author":[{"embeddable":true,"href":"https:\/\/valenciasjb.salesianos.edu\/colegio\/wp-json\/wp\/v2\/users\/6"}],"replies":[{"embeddable":true,"href":"https:\/\/valenciasjb.salesianos.edu\/colegio\/wp-json\/wp\/v2\/comments?post=10714"}],"version-history":[{"count":1,"href":"https:\/\/valenciasjb.salesianos.edu\/colegio\/wp-json\/wp\/v2\/posts\/10714\/revisions"}],"predecessor-version":[{"id":10722,"href":"https:\/\/valenciasjb.salesianos.edu\/colegio\/wp-json\/wp\/v2\/posts\/10714\/revisions\/10722"}],"wp:featuredmedia":[{"embeddable":true,"href":"https:\/\/valenciasjb.salesianos.edu\/colegio\/wp-json\/wp\/v2\/media\/10718"}],"wp:attachment":[{"href":"https:\/\/valenciasjb.salesianos.edu\/colegio\/wp-json\/wp\/v2\/media?parent=10714"}],"wp:term":[{"taxonomy":"category","embeddable":true,"href":"https:\/\/valenciasjb.salesianos.edu\/colegio\/wp-json\/wp\/v2\/categories?post=10714"},{"taxonomy":"post_tag","embeddable":true,"href":"https:\/\/valenciasjb.salesianos.edu\/colegio\/wp-json\/wp\/v2\/tags?post=10714"}],"curies":[{"name":"wp","href":"https:\/\/api.w.org\/{rel}","templated":true}]}}