{"id":10733,"date":"2019-06-06T17:17:20","date_gmt":"2019-06-06T16:17:20","guid":{"rendered":"https:\/\/valenciasjb.salesianos.edu\/colegio\/?p=10733"},"modified":"2019-06-06T17:17:20","modified_gmt":"2019-06-06T16:17:20","slug":"el-alumnado-de-tercero-de-eso-del-colegio-promotores-de-los-derechos-humanos-en-un-proyecto-de-la-fad-y-la-conselleria-de-transparencia-responsabilitat-social-participacio-i-cooperacio","status":"publish","type":"post","link":"https:\/\/valenciasjb.salesianos.edu\/colegio\/el-alumnado-de-tercero-de-eso-del-colegio-promotores-de-los-derechos-humanos-en-un-proyecto-de-la-fad-y-la-conselleria-de-transparencia-responsabilitat-social-participacio-i-cooperacio\/","title":{"rendered":"El alumnado de tercero de ESO del colegio promotores de los derechos humanos en un proyecto de la FAD y la Conselleria de Transpar\u00e8ncia, Responsabilitat Social, Participaci\u00f3 i Cooperaci\u00f3"},"content":{"rendered":"<div id=\"fb-root\"><\/div>\n<p>[et_pb_section bb_built=\u00bb1&#8243; admin_label=\u00bbsection\u00bb][et_pb_row admin_label=\u00bbrow\u00bb background_position=\u00bbtop_left\u00bb background_repeat=\u00bbrepeat\u00bb background_size=\u00bbinitial\u00bb][et_pb_column type=\u00bb4_4&#8243;][et_pb_text admin_label=\u00bbEntradilla (Texto)\u00bb _builder_version=\u00bb3.19.18&#8243; text_orientation=\u00bbjustified\u00bb text_font=\u00bb|on|||\u00bb module_alignment=\u00bbleft\u00bb]<\/p>\n<div id=\"resumen\">\n<p><b>Esta ma\u00f1ana se ha celebrado en el colegio salesiano San Juan Bosco de Valencia el festival de cortometrajes solidario del proyecto \u201cConstruir la paz desde la escuela\u201d. Han asistido al festival la directora de Cooperaci\u00f3n al Desarrollo y Solidaridad de la Generalitat Valenciana, Antonia Moreno; y el subdirector de Cooperaci\u00f3n al Desarrollo de Fad, Gerardo Lerma.<\/b><\/p>\n<\/div>\n<p>[\/et_pb_text][et_pb_text admin_label=\u00bbAutor (Texto)\u00bb _builder_version=\u00bb3.19.18&#8243; text_font=\u00bb||on||\u00bb]<\/p>\n<p>Redacci\u00f3n.<\/p>\n<p>[\/et_pb_text][et_pb_text admin_label=\u00bbDesarrollo (Texto)\u00bb _builder_version=\u00bb3.19.18&#8243; text_orientation=\u00bbjustified\u00bb module_alignment=\u00bbleft\u00bb]<\/p>\n<p><span style=\"font-weight: 400\">Bajo el lema \u201cUn spot para decir stop\u201d, escolares valencianos han participado en diferentes actividades como la elaboraci\u00f3n de un guion propio para el rodaje de un cortometraje sobre Derechos Humanos, con enfoque de G\u00e9nero y Desarrollo Sostenible. El objetivo es promover en los j\u00f3venes valencianos conciencia cr\u00edtica sobre la realidad global y compromiso para el desarrollo de una cultura de la Solidaridad y la Paz desde el punto de vista de los Derechos Humanos.<\/span><\/p>\n<p><span style=\"font-weight: 400\">Los seis cortos finalistas responden a los valores de ciudadan\u00eda global y cultura de paz que Fad ha trabajado a lo largo del curso de formaci\u00f3n online con el profesorado que, a su vez, ha desarrollado estos contenidos en el aula con alrededor de 3.500 escolares. Se ha editado un CD con los seis cortos finalistas que se va a distribuir a los colegios de toda la Comunidad Valenciana. Los seis centros escolares que han participado en el festival y los cortos que han elaborado son los siguientes:<\/span><\/p>\n<p><span style=\"font-weight: 400\">Corto: Els Jocs Morats. Colegio Salesianos San Juan Bosco. Val\u00e8ncia.<\/span><\/p>\n<p><i><span style=\"font-weight: 400\">Este corto simboliza, a trav\u00e9s de una carrera de atletismo, las dificultades por las que tiene que pasar una mujer, a diferencia de los hombres, a lo largo de toda su vida. A trav\u00e9s de la participaci\u00f3n en unos Juegos \u00a0Escolares vamos viendo c\u00f3mo las cargas que lleva la protagonista s\u00f3lo son para ella, por ser mujer. Llega un momento en que la chica no puede participar de manera igualitaria a sus compa\u00f1eros chicos debido a estas cargas\u2026 \u00bfqu\u00e9 ocurrir\u00e1? La venda en los ojos que llevan la mayor\u00eda de los participantes refleja c\u00f3mo, a veces, no vemos estas diferencias, porque las tenemos asumidas como \u201cnormales\u201d. Deber\u00edamos pararnos a pensar si esto es justo y quitarnos la venda para que nos permita hacer de este mundo un mundo mejor, m\u00e1s igualitario, donde mujeres y hombres tengamos las mismas posibilidades, de una manera real y en el que las responsabilidades y tareas se compartan de manera equitativa, sin roles ni estereotipos de g\u00e9nero.<\/span><\/i><\/p>\n<p><span style=\"font-weight: 400\">Corto: La Oficina. IES Jos\u00e9 Rodrigo Botet. Manises. Val\u00e8ncia.<\/span><\/p>\n<p><i><span style=\"font-weight: 400\">Este corto habla de la discriminaci\u00f3n por orientaci\u00f3n sexual en el \u00e1mbito laboral. En una oficina, unas trabajadoras ven c\u00f3mo a una compa\u00f1era de otro departamento la despiden por su orientaci\u00f3n sexual. La protagonista no sabe los motivos, ya que la jefa que la despide dice hacerlo por \u201crazones objetivas\u201d. Entra otra persona en su puesto y todo parece seguir igual pero\u2026. \u00bfQu\u00e9 har\u00e1n las compa\u00f1eras? \u00bfSer\u00e1n \u00a0ellasconscientes de los motivos reales que han causado el despido? \u00bfC\u00f3mo acabar\u00e1?<\/span><\/i><\/p>\n<p><span style=\"font-weight: 400\">Corto: Reggaet\u00f3n. IES Montserrat Roig. Elx. Alacant.<\/span><\/p>\n<p><i><span style=\"font-weight: 400\">En este corto se le da la vuelta a los reggaetones m\u00e1s habituales, para mostrar c\u00f3mo se ver\u00eda si fuese al rev\u00e9s \u00a1S\u00ed, s\u00ed&#8230;al rev\u00e9s! Es decir, que unas mujeres cantan sobre los hombres como meros objeto de deseo sexual. Podemos ver un video musical, en el que los roles de g\u00e9nero est\u00e1n cambiados. La idea es que resulte extra\u00f1o, que sorprenda&#8230; \u00bfPero qu\u00e9 est\u00e1 pasando aqu\u00ed? \u00a1Algo va mal! Pero, como dicen en el video\u2026 \u00bfhay algo que no te cuadra? Y&#8230; \u00bfPor qu\u00e9 s\u00ed nos \u201ccuadra\u201d cuando es al rev\u00e9s? El v\u00eddeo busca generar sorpresa para que nos lleve a reflexionar sobre el tipo de m\u00fasica que consumimos. No a las letras machistas en las canciones.<\/span><\/i><\/p>\n<p><span style=\"font-weight: 400\">Corto: La Mar de Pl\u00e1stico. IES La Encant\u00e1. Rojales. Alacant.<\/span><\/p>\n<p><i><span style=\"font-weight: 400\">Este corto trata sobre la problem\u00e1tica de la contaminaci\u00f3n ambiental que los humanos estamos generando en el planeta, en especial, el impacto que los pl\u00e1sticos tienen en la vida marina.<\/span><\/i><\/p>\n<p><i><span style=\"font-weight: 400\">A modo de cuento, se recrean diferentes animales marinos (reales e imaginarios) a trav\u00e9s de los cuales podemos imaginar el sufrimiento por la degradaci\u00f3n de su ecosistema. Durante el video se hace una reflexi\u00f3n de a d\u00f3nde vamos a llegar si seguimos as\u00ed, y acaba con la pregunta de \u201c\u00bfy t\u00fa, como quieres que acabe el cuento?\u201d<\/span><\/i><\/p>\n<p><span style=\"font-weight: 400\">Corto: L\u2019Art de Jutjar. IES Bot\u00e0nic Cabanilles. La Vall d\u2019Uixo. Castell\u00f3.<\/span><\/p>\n<p><i><span style=\"font-weight: 400\">Este corto muestra varios de los prejuicios negativos, a trav\u00e9s de frases que o\u00edmos en nuestro entorno, sobre inmigraci\u00f3n, feminismo y cuerpos normativos. Hay dos personajes que ocupan dos posturas, la de la persona que dice esas frases y otra que las rebate con argumentos. Es un v\u00eddeo corto, pero con mucha fuerza que transmite una idea de superaci\u00f3n.<\/span><\/i><\/p>\n<p><span style=\"font-weight: 400\">Corto: Wonder Woman. IES Miquel Peris i Segarra. Grao de Castell\u00f3. Castell\u00f3.<\/span><\/p>\n<p><i><span style=\"font-weight: 400\">En este corto, que mezcla la realidad y la ficci\u00f3n, se habla sobre la necesidad de muchas mujeres de convertirse en Wonder Woman para hacer valer sus derechos. A trav\u00e9s de una representaci\u00f3n cotidiana como puede ser el trabajo que hacen por igual una mujer y un hombre, el corto representa una situaci\u00f3n donde se visibiliza la brecha salarial, seg\u00fan la cual, una mujer cobra menos por el mismo trabajo por el hecho de ser mujer. \u00bfQu\u00e9 hace nuestra protagonista?\u2026. \u00a1Pues s\u00ed!, ha de convertirse en s\u00faper hero\u00edna para poder \u201cluchar\u201d contra la desigualdad y salir victoriosa. El v\u00eddeo tambi\u00e9n hace una reflexi\u00f3n final sobre la necesidad de que esto termine, ya que para las mujeres es agotador tener estas luchas tit\u00e1nicas en su d\u00eda a d\u00eda para conseguir la igualdad.<\/span><\/i><\/p>\n<p><b><i>\u201cCONSTRUIR LA PAZ DESDE LA ESCUELA\u201d, EL PROYECTO \u00a0\u00a0\u00a0\u00a0\u00a0\u00a0\u00a0\u00a0\u00a0\u00a0\u00a0<\/i><\/b><\/p>\n<p><span style=\"font-weight: 400\">Esta primera edici\u00f3n del proyecto \u201cConstruir la paz desde la escuela\u201d se inici\u00f3 con la puesta en marcha de un curso online dirigido 150 docentes de educaci\u00f3n infantil, primaria y secundaria, personal de ONG y asociaciones y personal de Administraciones P\u00fablicas de la Comunidad Valenciana. El objetivo de esta formaci\u00f3n ha sido mejorar su comprensi\u00f3n global sobre las cuestiones de Desarrollo Humano Sostenibley la integraci\u00f3n en sus intervenciones de estrategias y actividades de Educaci\u00f3n para la Ciudadan\u00eda Global y Cultura de Paz.<\/span><\/p>\n<p><span style=\"font-weight: 400\">Tras este proceso, los docentes formados han desarrollado estos contenidos en el aula con aproximadamente 3.500 escolares de dos maneras distintas: bien trabajando una unidad did\u00e1ctica sobre Cultura de Paz o bien implicando al alumnado en una din\u00e1mica de trabajo colaborativo a trav\u00e9s de un certamen de micro v\u00eddeos grabados con m\u00f3vil en torno al tema Derechos Humanos. Dicho certamen se convoc\u00f3 bajo el lema \u201cUn spot para decir stop\u201d y se recibieron un total de 47 micro v\u00eddeos de los que se seleccionaron seis que pasaron a la siguiente fase.<\/span><\/p>\n<p><span style=\"font-weight: 400\">Estos seis grupos procedentes de centros educativos de Alicante, Castell\u00f3n y Valencia participaron en una <\/span><i><span style=\"font-weight: 400\">masterclass<\/span><\/i><span style=\"font-weight: 400\"> sobre elaboraci\u00f3n de guion y construcci\u00f3n de personajes a trav\u00e9s de una representaci\u00f3n teatral llevada a cabo por la compa\u00f1\u00eda de teatro social Clan de Bichos<\/span><i><span style=\"font-weight: 400\"> \u00a0<\/span><\/i><span style=\"font-weight: 400\">y \u00a0realizaron el curso \u00a0\u201c<\/span><i><span style=\"font-weight: 400\">Mediadora\/es juveniles en EpD y ciudadan\u00eda global<\/span><\/i><span style=\"font-weight: 400\">\u201d. Estas formaciones han dado como resultado estos seis cortometrajes que posteriormente fueron grabados de manera profesional por la productora audiovisual La Cosecha. Los seis cortos tambi\u00e9n ser\u00e1n compilados en un DVD y editados junto con una gu\u00eda did\u00e1ctica para ser usados como herramienta did\u00e1ctica en el aula.<\/span><\/p>\n<p>[\/et_pb_text][et_pb_text admin_label=\u00bbT\u00edtulo: Galer\u00eda de fotos (Texto)\u00bb _builder_version=\u00bb3.0.76&#8243; background_layout=\u00bblight\u00bb text_font=\u00bb|on|||\u00bb text_text_color=\u00bb#dc001b\u00bb border_style=\u00bbsolid\u00bb disabled=\u00bboff\u00bb disabled_on=\u00bboff|on|on\u00bb]<\/p>\n<p>Galer\u00eda de im\u00e1genes<\/p>\n<p>[\/et_pb_text][et_pb_gallery _builder_version=\u00bb3.19.18&#8243; posts_number=\u00bb8&#8243; show_title_and_caption=\u00bboff\u00bb zoom_icon_color=\u00bb#dc001b\u00bb hover_overlay_color=\u00bbrgba(255,255,255,0.9)\u00bb hover_icon=\u00bb%%51%%\u00bb disabled=\u00bboff\u00bb disabled_on=\u00bboff|off|off\u00bb gallery_ids=\u00bb10735,10736,10737,10738,10739,10740,10741,10742,10743,10744,10745,10746,10747&#8243; pagination_font_size_tablet=\u00bb51&#8243; pagination_line_height_tablet=\u00bb2&#8243; \/][et_pb_video _builder_version=\u00bb3.0.51&#8243; disabled=\u00bbon\u00bb disabled_on=\u00bbon|on|on\u00bb \/][\/et_pb_column][\/et_pb_row][\/et_pb_section]<\/p>\n<!-- AddThis Advanced Settings generic via filter on the_content --><!-- AddThis Share Buttons generic via filter on the_content -->","protected":false},"excerpt":{"rendered":"<p>Esta ma\u00f1ana se ha celebrado en el colegio salesiano San Juan Bosco de Valencia el festival de cortometrajes solidario del proyecto \u201cConstruir la paz desde la escuela\u201d. Han asistido al festival la directora de Cooperaci\u00f3n al Desarrollo y Solidaridad de la Generalitat Valenciana, Antonia Moreno; y el subdirector de Cooperaci\u00f3n al Desarrollo de Fad, Gerardo [&hellip;]<\/p>\n<p><!-- AddThis Advanced Settings generic via filter on get_the_excerpt --><!-- AddThis Share Buttons generic via filter on get_the_excerpt --><\/p>\n","protected":false},"author":6,"featured_media":10748,"comment_status":"closed","ping_status":"open","sticky":false,"template":"","format":"standard","meta":{"_et_pb_use_builder":"on","_et_pb_old_content":"<p>[et_pb_section bb_built=\"1\" admin_label=\"section\"][et_pb_row admin_label=\"row\" background_position=\"top_left\" background_repeat=\"repeat\" background_size=\"initial\"][et_pb_column type=\"4_4\"][et_pb_text admin_label=\"Entradilla (Texto)\" _builder_version=\"3.19.18\" text_orientation=\"justified\" text_font=\"|on|||\" module_alignment=\"left\"]<\/p><div id=\"resumen\"><p><b>Esta ma\u00f1ana se ha celebrado en el colegio salesiano San Juan Bosco de Valencia el festival de cortometrajes solidario del proyecto \u201cConstruir la paz desde la escuela\u201d. Han asistido al festival la directora de Cooperaci\u00f3n al Desarrollo y Solidaridad de la Generalitat Valenciana, Antonia Moreno; y el subdirector de Cooperaci\u00f3n al Desarrollo de Fad, Gerardo Lerma.<\/b><\/p><\/div><p>[\/et_pb_text][et_pb_text admin_label=\"Autor (Texto)\" _builder_version=\"3.19.18\" text_font=\"||on||\"]<\/p><p>Redacci\u00f3n.<\/p><p>[\/et_pb_text][et_pb_text admin_label=\"Desarrollo (Texto)\" _builder_version=\"3.19.18\" text_orientation=\"justified\" module_alignment=\"left\"]<\/p><p><span style=\"font-weight: 400;\">Bajo el lema \u201cUn spot para decir stop\u201d, escolares valencianos han participado en diferentes actividades como la elaboraci\u00f3n de un guion propio para el rodaje de un cortometraje sobre Derechos Humanos, con enfoque de G\u00e9nero y Desarrollo Sostenible. El objetivo es promover en los j\u00f3venes valencianos conciencia cr\u00edtica sobre la realidad global y compromiso para el desarrollo de una cultura de la Solidaridad y la Paz desde el punto de vista de los Derechos Humanos.<\/span><\/p><p><span style=\"font-weight: 400;\">Los seis cortos finalistas responden a los valores de ciudadan\u00eda global y cultura de paz que Fad ha trabajado a lo largo del curso de formaci\u00f3n online con el profesorado que, a su vez, ha desarrollado estos contenidos en el aula con alrededor de 3.500 escolares. Se ha editado un CD con los seis cortos finalistas que se va a distribuir a los colegios de toda la Comunidad Valenciana. Los seis centros escolares que han participado en el festival y los cortos que han elaborado son los siguientes:<\/span><\/p><p><span style=\"font-weight: 400;\">Corto: Els Jocs Morats. Colegio Salesianos San Juan Bosco. Val\u00e8ncia.<\/span><\/p><p><i><span style=\"font-weight: 400;\">Este corto simboliza, a trav\u00e9s de una carrera de atletismo, las dificultades por las que tiene que pasar una mujer, a diferencia de los hombres, a lo largo de toda su vida. A trav\u00e9s de la participaci\u00f3n en unos Juegos \u00a0Escolares vamos viendo c\u00f3mo las cargas que lleva la protagonista s\u00f3lo son para ella, por ser mujer. Llega un momento en que la chica no puede participar de manera igualitaria a sus compa\u00f1eros chicos debido a estas cargas\u2026 \u00bfqu\u00e9 ocurrir\u00e1? La venda en los ojos que llevan la mayor\u00eda de los participantes refleja c\u00f3mo, a veces, no vemos estas diferencias, porque las tenemos asumidas como \u201cnormales\u201d. Deber\u00edamos pararnos a pensar si esto es justo y quitarnos la venda para que nos permita hacer de este mundo un mundo mejor, m\u00e1s igualitario, donde mujeres y hombres tengamos las mismas posibilidades, de una manera real y en el que las responsabilidades y tareas se compartan de manera equitativa, sin roles ni estereotipos de g\u00e9nero.<\/span><\/i><\/p><p><span style=\"font-weight: 400;\">Corto: La Oficina. IES Jos\u00e9 Rodrigo Botet. Manises. Val\u00e8ncia.<\/span><\/p><p><i><span style=\"font-weight: 400;\">Este corto habla de la discriminaci\u00f3n por orientaci\u00f3n sexual en el \u00e1mbito laboral. En una oficina, unas trabajadoras ven c\u00f3mo a una compa\u00f1era de otro departamento la despiden por su orientaci\u00f3n sexual. La protagonista no sabe los motivos, ya que la jefa que la despide dice hacerlo por \u201crazones objetivas\u201d. Entra otra persona en su puesto y todo parece seguir igual pero\u2026. \u00bfQu\u00e9 har\u00e1n las compa\u00f1eras? \u00bfSer\u00e1n \u00a0ellasconscientes de los motivos reales que han causado el despido? \u00bfC\u00f3mo acabar\u00e1?<\/span><\/i><\/p><p><span style=\"font-weight: 400;\">Corto: Reggaet\u00f3n. IES Montserrat Roig. Elx. Alacant.<\/span><\/p><p><i><span style=\"font-weight: 400;\">En este corto se le da la vuelta a los reggaetones m\u00e1s habituales, para mostrar c\u00f3mo se ver\u00eda si fuese al rev\u00e9s \u00a1S\u00ed, s\u00ed...al rev\u00e9s! Es decir, que unas mujeres cantan sobre los hombres como meros objeto de deseo sexual. Podemos ver un video musical, en el que los roles de g\u00e9nero est\u00e1n cambiados. La idea es que resulte extra\u00f1o, que sorprenda... \u00bfPero qu\u00e9 est\u00e1 pasando aqu\u00ed? \u00a1Algo va mal! Pero, como dicen en el video\u2026 \u00bfhay algo que no te cuadra? Y... \u00bfPor qu\u00e9 s\u00ed nos \u201ccuadra\u201d cuando es al rev\u00e9s? El v\u00eddeo busca generar sorpresa para que nos lleve a reflexionar sobre el tipo de m\u00fasica que consumimos. No a las letras machistas en las canciones.<\/span><\/i><\/p><p><span style=\"font-weight: 400;\">Corto: La Mar de Pl\u00e1stico. IES La Encant\u00e1. Rojales. Alacant.<\/span><\/p><p><i><span style=\"font-weight: 400;\">Este corto trata sobre la problem\u00e1tica de la contaminaci\u00f3n ambiental que los humanos estamos generando en el planeta, en especial, el impacto que los pl\u00e1sticos tienen en la vida marina.<\/span><\/i><\/p><p><i><span style=\"font-weight: 400;\">A modo de cuento, se recrean diferentes animales marinos (reales e imaginarios) a trav\u00e9s de los cuales podemos imaginar el sufrimiento por la degradaci\u00f3n de su ecosistema. Durante el video se hace una reflexi\u00f3n de a d\u00f3nde vamos a llegar si seguimos as\u00ed, y acaba con la pregunta de \u201c\u00bfy t\u00fa, como quieres que acabe el cuento?\u201d<\/span><\/i><\/p><p><span style=\"font-weight: 400;\">Corto: L\u2019Art de Jutjar. IES Bot\u00e0nic Cabanilles. La Vall d\u2019Uixo. Castell\u00f3.<\/span><\/p><p><i><span style=\"font-weight: 400;\">Este corto muestra varios de los prejuicios negativos, a trav\u00e9s de frases que o\u00edmos en nuestro entorno, sobre inmigraci\u00f3n, feminismo y cuerpos normativos. Hay dos personajes que ocupan dos posturas, la de la persona que dice esas frases y otra que las rebate con argumentos. Es un v\u00eddeo corto, pero con mucha fuerza que transmite una idea de superaci\u00f3n.<\/span><\/i><\/p><p><span style=\"font-weight: 400;\">Corto: Wonder Woman. IES Miquel Peris i Segarra. Grao de Castell\u00f3. Castell\u00f3.<\/span><\/p><p><i><span style=\"font-weight: 400;\">En este corto, que mezcla la realidad y la ficci\u00f3n, se habla sobre la necesidad de muchas mujeres de convertirse en Wonder Woman para hacer valer sus derechos. A trav\u00e9s de una representaci\u00f3n cotidiana como puede ser el trabajo que hacen por igual una mujer y un hombre, el corto representa una situaci\u00f3n donde se visibiliza la brecha salarial, seg\u00fan la cual, una mujer cobra menos por el mismo trabajo por el hecho de ser mujer. \u00bfQu\u00e9 hace nuestra protagonista?\u2026. \u00a1Pues s\u00ed!, ha de convertirse en s\u00faper hero\u00edna para poder \u201cluchar\u201d contra la desigualdad y salir victoriosa. El v\u00eddeo tambi\u00e9n hace una reflexi\u00f3n final sobre la necesidad de que esto termine, ya que para las mujeres es agotador tener estas luchas tit\u00e1nicas en su d\u00eda a d\u00eda para conseguir la igualdad.<\/span><\/i><\/p><p><b><i>\u201cCONSTRUIR LA PAZ DESDE LA ESCUELA\u201d, EL PROYECTO \u00a0\u00a0\u00a0\u00a0\u00a0\u00a0\u00a0\u00a0\u00a0\u00a0\u00a0<\/i><\/b><\/p><p><span style=\"font-weight: 400;\">Esta primera edici\u00f3n del proyecto \u201cConstruir la paz desde la escuela\u201d se inici\u00f3 con la puesta en marcha de un curso online dirigido 150 docentes de educaci\u00f3n infantil, primaria y secundaria, personal de ONG y asociaciones y personal de Administraciones P\u00fablicas de la Comunidad Valenciana. El objetivo de esta formaci\u00f3n ha sido mejorar su comprensi\u00f3n global sobre las cuestiones de Desarrollo Humano Sostenibley la integraci\u00f3n en sus intervenciones de estrategias y actividades de Educaci\u00f3n para la Ciudadan\u00eda Global y Cultura de Paz.<\/span><\/p><p><span style=\"font-weight: 400;\">Tras este proceso, los docentes formados han desarrollado estos contenidos en el aula con aproximadamente 3.500 escolares de dos maneras distintas: bien trabajando una unidad did\u00e1ctica sobre Cultura de Paz o bien implicando al alumnado en una din\u00e1mica de trabajo colaborativo a trav\u00e9s de un certamen de micro v\u00eddeos grabados con m\u00f3vil en torno al tema Derechos Humanos. Dicho certamen se convoc\u00f3 bajo el lema \u201cUn spot para decir stop\u201d y se recibieron un total de 47 micro v\u00eddeos de los que se seleccionaron seis que pasaron a la siguiente fase.<\/span><\/p><p><span style=\"font-weight: 400;\">Estos seis grupos procedentes de centros educativos de Alicante, Castell\u00f3n y Valencia participaron en una <\/span><i><span style=\"font-weight: 400;\">masterclass<\/span><\/i><span style=\"font-weight: 400;\"> sobre elaboraci\u00f3n de guion y construcci\u00f3n de personajes a trav\u00e9s de una representaci\u00f3n teatral llevada a cabo por la compa\u00f1\u00eda de teatro social Clan de Bichos<\/span><i><span style=\"font-weight: 400;\"> \u00a0<\/span><\/i><span style=\"font-weight: 400;\">y \u00a0realizaron el curso \u00a0\u201c<\/span><i><span style=\"font-weight: 400;\">Mediadora\/es juveniles en EpD y ciudadan\u00eda global<\/span><\/i><span style=\"font-weight: 400;\">\u201d. Estas formaciones han dado como resultado estos seis cortometrajes que posteriormente fueron grabados de manera profesional por la productora audiovisual La Cosecha. Los seis cortos tambi\u00e9n ser\u00e1n compilados en un DVD y editados junto con una gu\u00eda did\u00e1ctica para ser usados como herramienta did\u00e1ctica en el aula.<\/span><\/p><p>[\/et_pb_text][et_pb_text admin_label=\"T\u00edtulo: Galer\u00eda de fotos (Texto)\" _builder_version=\"3.0.76\" background_layout=\"light\" text_font=\"|on|||\" text_text_color=\"#dc001b\" border_style=\"solid\" disabled=\"off\" disabled_on=\"off|on|on\"]<\/p><p>Galer\u00eda de im\u00e1genes<\/p><p>[\/et_pb_text][et_pb_gallery _builder_version=\"3.19.18\" posts_number=\"8\" show_title_and_caption=\"off\" show_pagination=\"on\" fullwidth=\"off\" orientation=\"landscape\" zoom_icon_color=\"#dc001b\" hover_overlay_color=\"rgba(255,255,255,0.9)\" hover_icon=\"%%51%%\" background_layout=\"light\" disabled=\"off\" disabled_on=\"off|off|off\" gallery_ids=\"5794\" pagination_font_size_tablet=\"51\" pagination_line_height_tablet=\"2\" \/][et_pb_video _builder_version=\"3.0.51\" disabled=\"on\" disabled_on=\"on|on|on\" \/][\/et_pb_column][\/et_pb_row][\/et_pb_section]<\/p>","_et_gb_content_width":"","footnotes":""},"categories":[14],"tags":[],"class_list":["post-10733","post","type-post","status-publish","format-standard","has-post-thumbnail","hentry","category-noticia_colegio"],"yoast_head":"<!-- This site is optimized with the Yoast SEO plugin v28.4 - https:\/\/yoast.com\/product\/yoast-seo-wordpress\/ -->\n<title>El alumnado de tercero de ESO del colegio promotores de los derechos humanos en un proyecto de la FAD y la Conselleria de Transpar\u00e8ncia, Responsabilitat Social, Participaci\u00f3 i Cooperaci\u00f3 - Colegio San Juan Bosco Valencia<\/title>\n<meta name=\"robots\" content=\"index, follow, max-snippet:-1, max-image-preview:large, max-video-preview:-1\" \/>\n<link rel=\"canonical\" href=\"https:\/\/valenciasjb.salesianos.edu\/colegio\/el-alumnado-de-tercero-de-eso-del-colegio-promotores-de-los-derechos-humanos-en-un-proyecto-de-la-fad-y-la-conselleria-de-transparencia-responsabilitat-social-participacio-i-cooperacio\/\" \/>\n<meta property=\"og:locale\" content=\"es_ES\" \/>\n<meta property=\"og:type\" content=\"article\" \/>\n<meta property=\"og:title\" content=\"El alumnado de tercero de ESO del colegio promotores de los derechos humanos en un proyecto de la FAD y la Conselleria de Transpar\u00e8ncia, Responsabilitat Social, Participaci\u00f3 i Cooperaci\u00f3 - Colegio San Juan Bosco Valencia\" \/>\n<meta property=\"og:description\" content=\"Esta ma\u00f1ana se ha celebrado en el colegio salesiano San Juan Bosco de Valencia el festival de cortometrajes solidario del proyecto \u201cConstruir la paz desde la escuela\u201d. Han asistido al festival la directora de Cooperaci\u00f3n al Desarrollo y Solidaridad de la Generalitat Valenciana, Antonia Moreno; y el subdirector de Cooperaci\u00f3n al Desarrollo de Fad, Gerardo [&hellip;]\" \/>\n<meta property=\"og:url\" content=\"https:\/\/valenciasjb.salesianos.edu\/colegio\/el-alumnado-de-tercero-de-eso-del-colegio-promotores-de-los-derechos-humanos-en-un-proyecto-de-la-fad-y-la-conselleria-de-transparencia-responsabilitat-social-participacio-i-cooperacio\/\" \/>\n<meta property=\"og:site_name\" content=\"Colegio San Juan Bosco Valencia\" \/>\n<meta property=\"article:publisher\" content=\"https:\/\/www.facebook.com\/ColegioSalesianoSanJuanBoscoValencia\" \/>\n<meta property=\"article:published_time\" content=\"2019-06-06T16:17:20+00:00\" \/>\n<meta property=\"og:image\" content=\"https:\/\/valenciasjb.salesianos.edu\/colegio\/wp-content\/uploads\/sites\/2\/2019\/06\/IMG_9843.jpg\" \/>\n\t<meta property=\"og:image:width\" content=\"512\" \/>\n\t<meta property=\"og:image:height\" content=\"341\" \/>\n\t<meta property=\"og:image:type\" content=\"image\/jpeg\" \/>\n<meta name=\"author\" content=\"veronicapastor\" \/>\n<meta name=\"twitter:card\" content=\"summary_large_image\" \/>\n<meta name=\"twitter:creator\" content=\"@SalesianosVSJB\" \/>\n<meta name=\"twitter:site\" content=\"@SalesianosVSJB\" \/>\n<meta name=\"twitter:label1\" content=\"Escrito por\" \/>\n\t<meta name=\"twitter:data1\" content=\"veronicapastor\" \/>\n\t<meta name=\"twitter:label2\" content=\"Tiempo de lectura\" \/>\n\t<meta name=\"twitter:data2\" content=\"7 minutos\" \/>\n<script type=\"application\/ld+json\" class=\"yoast-schema-graph\">{\"@context\":\"https:\\\/\\\/schema.org\",\"@graph\":[{\"@type\":\"Article\",\"@id\":\"https:\\\/\\\/valenciasjb.salesianos.edu\\\/colegio\\\/el-alumnado-de-tercero-de-eso-del-colegio-promotores-de-los-derechos-humanos-en-un-proyecto-de-la-fad-y-la-conselleria-de-transparencia-responsabilitat-social-participacio-i-cooperacio\\\/#article\",\"isPartOf\":{\"@id\":\"https:\\\/\\\/valenciasjb.salesianos.edu\\\/colegio\\\/el-alumnado-de-tercero-de-eso-del-colegio-promotores-de-los-derechos-humanos-en-un-proyecto-de-la-fad-y-la-conselleria-de-transparencia-responsabilitat-social-participacio-i-cooperacio\\\/\"},\"author\":{\"name\":\"veronicapastor\",\"@id\":\"https:\\\/\\\/valenciasjb.salesianos.edu\\\/colegio\\\/#\\\/schema\\\/person\\\/1f45b67e52b27da175190a574db6bed9\"},\"headline\":\"El alumnado de tercero de ESO del colegio promotores de los derechos humanos en un proyecto de la FAD y la Conselleria de Transpar\u00e8ncia, Responsabilitat Social, Participaci\u00f3 i Cooperaci\u00f3\",\"datePublished\":\"2019-06-06T16:17:20+00:00\",\"mainEntityOfPage\":{\"@id\":\"https:\\\/\\\/valenciasjb.salesianos.edu\\\/colegio\\\/el-alumnado-de-tercero-de-eso-del-colegio-promotores-de-los-derechos-humanos-en-un-proyecto-de-la-fad-y-la-conselleria-de-transparencia-responsabilitat-social-participacio-i-cooperacio\\\/\"},\"wordCount\":1509,\"image\":{\"@id\":\"https:\\\/\\\/valenciasjb.salesianos.edu\\\/colegio\\\/el-alumnado-de-tercero-de-eso-del-colegio-promotores-de-los-derechos-humanos-en-un-proyecto-de-la-fad-y-la-conselleria-de-transparencia-responsabilitat-social-participacio-i-cooperacio\\\/#primaryimage\"},\"thumbnailUrl\":\"https:\\\/\\\/valenciasjb.salesianos.edu\\\/colegio\\\/wp-content\\\/uploads\\\/sites\\\/2\\\/2019\\\/06\\\/IMG_9843.jpg\",\"articleSection\":[\"Noticia Colegio\"],\"inLanguage\":\"es\"},{\"@type\":\"WebPage\",\"@id\":\"https:\\\/\\\/valenciasjb.salesianos.edu\\\/colegio\\\/el-alumnado-de-tercero-de-eso-del-colegio-promotores-de-los-derechos-humanos-en-un-proyecto-de-la-fad-y-la-conselleria-de-transparencia-responsabilitat-social-participacio-i-cooperacio\\\/\",\"url\":\"https:\\\/\\\/valenciasjb.salesianos.edu\\\/colegio\\\/el-alumnado-de-tercero-de-eso-del-colegio-promotores-de-los-derechos-humanos-en-un-proyecto-de-la-fad-y-la-conselleria-de-transparencia-responsabilitat-social-participacio-i-cooperacio\\\/\",\"name\":\"El alumnado de tercero de ESO del colegio promotores de los derechos humanos en un proyecto de la FAD y la Conselleria de Transpar\u00e8ncia, Responsabilitat Social, Participaci\u00f3 i Cooperaci\u00f3 - Colegio San Juan Bosco Valencia\",\"isPartOf\":{\"@id\":\"https:\\\/\\\/valenciasjb.salesianos.edu\\\/colegio\\\/#website\"},\"primaryImageOfPage\":{\"@id\":\"https:\\\/\\\/valenciasjb.salesianos.edu\\\/colegio\\\/el-alumnado-de-tercero-de-eso-del-colegio-promotores-de-los-derechos-humanos-en-un-proyecto-de-la-fad-y-la-conselleria-de-transparencia-responsabilitat-social-participacio-i-cooperacio\\\/#primaryimage\"},\"image\":{\"@id\":\"https:\\\/\\\/valenciasjb.salesianos.edu\\\/colegio\\\/el-alumnado-de-tercero-de-eso-del-colegio-promotores-de-los-derechos-humanos-en-un-proyecto-de-la-fad-y-la-conselleria-de-transparencia-responsabilitat-social-participacio-i-cooperacio\\\/#primaryimage\"},\"thumbnailUrl\":\"https:\\\/\\\/valenciasjb.salesianos.edu\\\/colegio\\\/wp-content\\\/uploads\\\/sites\\\/2\\\/2019\\\/06\\\/IMG_9843.jpg\",\"datePublished\":\"2019-06-06T16:17:20+00:00\",\"author\":{\"@id\":\"https:\\\/\\\/valenciasjb.salesianos.edu\\\/colegio\\\/#\\\/schema\\\/person\\\/1f45b67e52b27da175190a574db6bed9\"},\"breadcrumb\":{\"@id\":\"https:\\\/\\\/valenciasjb.salesianos.edu\\\/colegio\\\/el-alumnado-de-tercero-de-eso-del-colegio-promotores-de-los-derechos-humanos-en-un-proyecto-de-la-fad-y-la-conselleria-de-transparencia-responsabilitat-social-participacio-i-cooperacio\\\/#breadcrumb\"},\"inLanguage\":\"es\",\"potentialAction\":[{\"@type\":\"ReadAction\",\"target\":[\"https:\\\/\\\/valenciasjb.salesianos.edu\\\/colegio\\\/el-alumnado-de-tercero-de-eso-del-colegio-promotores-de-los-derechos-humanos-en-un-proyecto-de-la-fad-y-la-conselleria-de-transparencia-responsabilitat-social-participacio-i-cooperacio\\\/\"]}]},{\"@type\":\"ImageObject\",\"inLanguage\":\"es\",\"@id\":\"https:\\\/\\\/valenciasjb.salesianos.edu\\\/colegio\\\/el-alumnado-de-tercero-de-eso-del-colegio-promotores-de-los-derechos-humanos-en-un-proyecto-de-la-fad-y-la-conselleria-de-transparencia-responsabilitat-social-participacio-i-cooperacio\\\/#primaryimage\",\"url\":\"https:\\\/\\\/valenciasjb.salesianos.edu\\\/colegio\\\/wp-content\\\/uploads\\\/sites\\\/2\\\/2019\\\/06\\\/IMG_9843.jpg\",\"contentUrl\":\"https:\\\/\\\/valenciasjb.salesianos.edu\\\/colegio\\\/wp-content\\\/uploads\\\/sites\\\/2\\\/2019\\\/06\\\/IMG_9843.jpg\",\"width\":512,\"height\":341},{\"@type\":\"BreadcrumbList\",\"@id\":\"https:\\\/\\\/valenciasjb.salesianos.edu\\\/colegio\\\/el-alumnado-de-tercero-de-eso-del-colegio-promotores-de-los-derechos-humanos-en-un-proyecto-de-la-fad-y-la-conselleria-de-transparencia-responsabilitat-social-participacio-i-cooperacio\\\/#breadcrumb\",\"itemListElement\":[{\"@type\":\"ListItem\",\"position\":1,\"name\":\"Portada\",\"item\":\"https:\\\/\\\/valenciasjb.salesianos.edu\\\/colegio\\\/\"},{\"@type\":\"ListItem\",\"position\":2,\"name\":\"El alumnado de tercero de ESO del colegio promotores de los derechos humanos en un proyecto de la FAD y la Conselleria de Transpar\u00e8ncia, Responsabilitat Social, Participaci\u00f3 i Cooperaci\u00f3\"}]},{\"@type\":\"WebSite\",\"@id\":\"https:\\\/\\\/valenciasjb.salesianos.edu\\\/colegio\\\/#website\",\"url\":\"https:\\\/\\\/valenciasjb.salesianos.edu\\\/colegio\\\/\",\"name\":\"Colegio San Juan Bosco Valencia\",\"description\":\"P\u00e1gina oficial del Colegio Salesianos San Juan Bosco Valencia\",\"alternateName\":\"Salesianos.VSJB\",\"potentialAction\":[{\"@type\":\"SearchAction\",\"target\":{\"@type\":\"EntryPoint\",\"urlTemplate\":\"https:\\\/\\\/valenciasjb.salesianos.edu\\\/colegio\\\/?s={search_term_string}\"},\"query-input\":{\"@type\":\"PropertyValueSpecification\",\"valueRequired\":true,\"valueName\":\"search_term_string\"}}],\"inLanguage\":\"es\"},{\"@type\":\"Person\",\"@id\":\"https:\\\/\\\/valenciasjb.salesianos.edu\\\/colegio\\\/#\\\/schema\\\/person\\\/1f45b67e52b27da175190a574db6bed9\",\"name\":\"veronicapastor\",\"image\":{\"@type\":\"ImageObject\",\"inLanguage\":\"es\",\"@id\":\"https:\\\/\\\/secure.gravatar.com\\\/avatar\\\/e29bd40bace3fd935e1d6fdb7313ffc14628cc037c5e16f4c7369b20a2a6f7f0?s=96&d=mm&r=g\",\"url\":\"https:\\\/\\\/secure.gravatar.com\\\/avatar\\\/e29bd40bace3fd935e1d6fdb7313ffc14628cc037c5e16f4c7369b20a2a6f7f0?s=96&d=mm&r=g\",\"contentUrl\":\"https:\\\/\\\/secure.gravatar.com\\\/avatar\\\/e29bd40bace3fd935e1d6fdb7313ffc14628cc037c5e16f4c7369b20a2a6f7f0?s=96&d=mm&r=g\",\"caption\":\"veronicapastor\"}}]}<\/script>\n<!-- \/ Yoast SEO plugin. -->","yoast_head_json":{"title":"El alumnado de tercero de ESO del colegio promotores de los derechos humanos en un proyecto de la FAD y la Conselleria de Transpar\u00e8ncia, Responsabilitat Social, Participaci\u00f3 i Cooperaci\u00f3 - Colegio San Juan Bosco Valencia","robots":{"index":"index","follow":"follow","max-snippet":"max-snippet:-1","max-image-preview":"max-image-preview:large","max-video-preview":"max-video-preview:-1"},"canonical":"https:\/\/valenciasjb.salesianos.edu\/colegio\/el-alumnado-de-tercero-de-eso-del-colegio-promotores-de-los-derechos-humanos-en-un-proyecto-de-la-fad-y-la-conselleria-de-transparencia-responsabilitat-social-participacio-i-cooperacio\/","og_locale":"es_ES","og_type":"article","og_title":"El alumnado de tercero de ESO del colegio promotores de los derechos humanos en un proyecto de la FAD y la Conselleria de Transpar\u00e8ncia, Responsabilitat Social, Participaci\u00f3 i Cooperaci\u00f3 - Colegio San Juan Bosco Valencia","og_description":"Esta ma\u00f1ana se ha celebrado en el colegio salesiano San Juan Bosco de Valencia el festival de cortometrajes solidario del proyecto \u201cConstruir la paz desde la escuela\u201d. Han asistido al festival la directora de Cooperaci\u00f3n al Desarrollo y Solidaridad de la Generalitat Valenciana, Antonia Moreno; y el subdirector de Cooperaci\u00f3n al Desarrollo de Fad, Gerardo [&hellip;]","og_url":"https:\/\/valenciasjb.salesianos.edu\/colegio\/el-alumnado-de-tercero-de-eso-del-colegio-promotores-de-los-derechos-humanos-en-un-proyecto-de-la-fad-y-la-conselleria-de-transparencia-responsabilitat-social-participacio-i-cooperacio\/","og_site_name":"Colegio San Juan Bosco Valencia","article_publisher":"https:\/\/www.facebook.com\/ColegioSalesianoSanJuanBoscoValencia","article_published_time":"2019-06-06T16:17:20+00:00","og_image":[{"width":512,"height":341,"url":"https:\/\/valenciasjb.salesianos.edu\/colegio\/wp-content\/uploads\/sites\/2\/2019\/06\/IMG_9843.jpg","type":"image\/jpeg"}],"author":"veronicapastor","twitter_card":"summary_large_image","twitter_creator":"@SalesianosVSJB","twitter_site":"@SalesianosVSJB","twitter_misc":{"Escrito por":"veronicapastor","Tiempo de lectura":"7 minutos"},"schema":{"@context":"https:\/\/schema.org","@graph":[{"@type":"Article","@id":"https:\/\/valenciasjb.salesianos.edu\/colegio\/el-alumnado-de-tercero-de-eso-del-colegio-promotores-de-los-derechos-humanos-en-un-proyecto-de-la-fad-y-la-conselleria-de-transparencia-responsabilitat-social-participacio-i-cooperacio\/#article","isPartOf":{"@id":"https:\/\/valenciasjb.salesianos.edu\/colegio\/el-alumnado-de-tercero-de-eso-del-colegio-promotores-de-los-derechos-humanos-en-un-proyecto-de-la-fad-y-la-conselleria-de-transparencia-responsabilitat-social-participacio-i-cooperacio\/"},"author":{"name":"veronicapastor","@id":"https:\/\/valenciasjb.salesianos.edu\/colegio\/#\/schema\/person\/1f45b67e52b27da175190a574db6bed9"},"headline":"El alumnado de tercero de ESO del colegio promotores de los derechos humanos en un proyecto de la FAD y la Conselleria de Transpar\u00e8ncia, Responsabilitat Social, Participaci\u00f3 i Cooperaci\u00f3","datePublished":"2019-06-06T16:17:20+00:00","mainEntityOfPage":{"@id":"https:\/\/valenciasjb.salesianos.edu\/colegio\/el-alumnado-de-tercero-de-eso-del-colegio-promotores-de-los-derechos-humanos-en-un-proyecto-de-la-fad-y-la-conselleria-de-transparencia-responsabilitat-social-participacio-i-cooperacio\/"},"wordCount":1509,"image":{"@id":"https:\/\/valenciasjb.salesianos.edu\/colegio\/el-alumnado-de-tercero-de-eso-del-colegio-promotores-de-los-derechos-humanos-en-un-proyecto-de-la-fad-y-la-conselleria-de-transparencia-responsabilitat-social-participacio-i-cooperacio\/#primaryimage"},"thumbnailUrl":"https:\/\/valenciasjb.salesianos.edu\/colegio\/wp-content\/uploads\/sites\/2\/2019\/06\/IMG_9843.jpg","articleSection":["Noticia Colegio"],"inLanguage":"es"},{"@type":"WebPage","@id":"https:\/\/valenciasjb.salesianos.edu\/colegio\/el-alumnado-de-tercero-de-eso-del-colegio-promotores-de-los-derechos-humanos-en-un-proyecto-de-la-fad-y-la-conselleria-de-transparencia-responsabilitat-social-participacio-i-cooperacio\/","url":"https:\/\/valenciasjb.salesianos.edu\/colegio\/el-alumnado-de-tercero-de-eso-del-colegio-promotores-de-los-derechos-humanos-en-un-proyecto-de-la-fad-y-la-conselleria-de-transparencia-responsabilitat-social-participacio-i-cooperacio\/","name":"El alumnado de tercero de ESO del colegio promotores de los derechos humanos en un proyecto de la FAD y la Conselleria de Transpar\u00e8ncia, Responsabilitat Social, Participaci\u00f3 i Cooperaci\u00f3 - Colegio San Juan Bosco Valencia","isPartOf":{"@id":"https:\/\/valenciasjb.salesianos.edu\/colegio\/#website"},"primaryImageOfPage":{"@id":"https:\/\/valenciasjb.salesianos.edu\/colegio\/el-alumnado-de-tercero-de-eso-del-colegio-promotores-de-los-derechos-humanos-en-un-proyecto-de-la-fad-y-la-conselleria-de-transparencia-responsabilitat-social-participacio-i-cooperacio\/#primaryimage"},"image":{"@id":"https:\/\/valenciasjb.salesianos.edu\/colegio\/el-alumnado-de-tercero-de-eso-del-colegio-promotores-de-los-derechos-humanos-en-un-proyecto-de-la-fad-y-la-conselleria-de-transparencia-responsabilitat-social-participacio-i-cooperacio\/#primaryimage"},"thumbnailUrl":"https:\/\/valenciasjb.salesianos.edu\/colegio\/wp-content\/uploads\/sites\/2\/2019\/06\/IMG_9843.jpg","datePublished":"2019-06-06T16:17:20+00:00","author":{"@id":"https:\/\/valenciasjb.salesianos.edu\/colegio\/#\/schema\/person\/1f45b67e52b27da175190a574db6bed9"},"breadcrumb":{"@id":"https:\/\/valenciasjb.salesianos.edu\/colegio\/el-alumnado-de-tercero-de-eso-del-colegio-promotores-de-los-derechos-humanos-en-un-proyecto-de-la-fad-y-la-conselleria-de-transparencia-responsabilitat-social-participacio-i-cooperacio\/#breadcrumb"},"inLanguage":"es","potentialAction":[{"@type":"ReadAction","target":["https:\/\/valenciasjb.salesianos.edu\/colegio\/el-alumnado-de-tercero-de-eso-del-colegio-promotores-de-los-derechos-humanos-en-un-proyecto-de-la-fad-y-la-conselleria-de-transparencia-responsabilitat-social-participacio-i-cooperacio\/"]}]},{"@type":"ImageObject","inLanguage":"es","@id":"https:\/\/valenciasjb.salesianos.edu\/colegio\/el-alumnado-de-tercero-de-eso-del-colegio-promotores-de-los-derechos-humanos-en-un-proyecto-de-la-fad-y-la-conselleria-de-transparencia-responsabilitat-social-participacio-i-cooperacio\/#primaryimage","url":"https:\/\/valenciasjb.salesianos.edu\/colegio\/wp-content\/uploads\/sites\/2\/2019\/06\/IMG_9843.jpg","contentUrl":"https:\/\/valenciasjb.salesianos.edu\/colegio\/wp-content\/uploads\/sites\/2\/2019\/06\/IMG_9843.jpg","width":512,"height":341},{"@type":"BreadcrumbList","@id":"https:\/\/valenciasjb.salesianos.edu\/colegio\/el-alumnado-de-tercero-de-eso-del-colegio-promotores-de-los-derechos-humanos-en-un-proyecto-de-la-fad-y-la-conselleria-de-transparencia-responsabilitat-social-participacio-i-cooperacio\/#breadcrumb","itemListElement":[{"@type":"ListItem","position":1,"name":"Portada","item":"https:\/\/valenciasjb.salesianos.edu\/colegio\/"},{"@type":"ListItem","position":2,"name":"El alumnado de tercero de ESO del colegio promotores de los derechos humanos en un proyecto de la FAD y la Conselleria de Transpar\u00e8ncia, Responsabilitat Social, Participaci\u00f3 i Cooperaci\u00f3"}]},{"@type":"WebSite","@id":"https:\/\/valenciasjb.salesianos.edu\/colegio\/#website","url":"https:\/\/valenciasjb.salesianos.edu\/colegio\/","name":"Colegio San Juan Bosco Valencia","description":"P\u00e1gina oficial del Colegio Salesianos San Juan Bosco Valencia","alternateName":"Salesianos.VSJB","potentialAction":[{"@type":"SearchAction","target":{"@type":"EntryPoint","urlTemplate":"https:\/\/valenciasjb.salesianos.edu\/colegio\/?s={search_term_string}"},"query-input":{"@type":"PropertyValueSpecification","valueRequired":true,"valueName":"search_term_string"}}],"inLanguage":"es"},{"@type":"Person","@id":"https:\/\/valenciasjb.salesianos.edu\/colegio\/#\/schema\/person\/1f45b67e52b27da175190a574db6bed9","name":"veronicapastor","image":{"@type":"ImageObject","inLanguage":"es","@id":"https:\/\/secure.gravatar.com\/avatar\/e29bd40bace3fd935e1d6fdb7313ffc14628cc037c5e16f4c7369b20a2a6f7f0?s=96&d=mm&r=g","url":"https:\/\/secure.gravatar.com\/avatar\/e29bd40bace3fd935e1d6fdb7313ffc14628cc037c5e16f4c7369b20a2a6f7f0?s=96&d=mm&r=g","contentUrl":"https:\/\/secure.gravatar.com\/avatar\/e29bd40bace3fd935e1d6fdb7313ffc14628cc037c5e16f4c7369b20a2a6f7f0?s=96&d=mm&r=g","caption":"veronicapastor"}}]}},"_links":{"self":[{"href":"https:\/\/valenciasjb.salesianos.edu\/colegio\/wp-json\/wp\/v2\/posts\/10733","targetHints":{"allow":["GET"]}}],"collection":[{"href":"https:\/\/valenciasjb.salesianos.edu\/colegio\/wp-json\/wp\/v2\/posts"}],"about":[{"href":"https:\/\/valenciasjb.salesianos.edu\/colegio\/wp-json\/wp\/v2\/types\/post"}],"author":[{"embeddable":true,"href":"https:\/\/valenciasjb.salesianos.edu\/colegio\/wp-json\/wp\/v2\/users\/6"}],"replies":[{"embeddable":true,"href":"https:\/\/valenciasjb.salesianos.edu\/colegio\/wp-json\/wp\/v2\/comments?post=10733"}],"version-history":[{"count":1,"href":"https:\/\/valenciasjb.salesianos.edu\/colegio\/wp-json\/wp\/v2\/posts\/10733\/revisions"}],"predecessor-version":[{"id":10749,"href":"https:\/\/valenciasjb.salesianos.edu\/colegio\/wp-json\/wp\/v2\/posts\/10733\/revisions\/10749"}],"wp:featuredmedia":[{"embeddable":true,"href":"https:\/\/valenciasjb.salesianos.edu\/colegio\/wp-json\/wp\/v2\/media\/10748"}],"wp:attachment":[{"href":"https:\/\/valenciasjb.salesianos.edu\/colegio\/wp-json\/wp\/v2\/media?parent=10733"}],"wp:term":[{"taxonomy":"category","embeddable":true,"href":"https:\/\/valenciasjb.salesianos.edu\/colegio\/wp-json\/wp\/v2\/categories?post=10733"},{"taxonomy":"post_tag","embeddable":true,"href":"https:\/\/valenciasjb.salesianos.edu\/colegio\/wp-json\/wp\/v2\/tags?post=10733"}],"curies":[{"name":"wp","href":"https:\/\/api.w.org\/{rel}","templated":true}]}}