{"id":10750,"date":"2019-06-07T15:54:15","date_gmt":"2019-06-07T14:54:15","guid":{"rendered":"https:\/\/valenciasjb.salesianos.edu\/colegio\/?p=10750"},"modified":"2019-06-07T15:57:39","modified_gmt":"2019-06-07T14:57:39","slug":"el-curso-de-biblia-finaliza-su-cuarta-edicion","status":"publish","type":"post","link":"https:\/\/valenciasjb.salesianos.edu\/colegio\/el-curso-de-biblia-finaliza-su-cuarta-edicion\/","title":{"rendered":"El Curso de Biblia finaliza su cuarta edici\u00f3n"},"content":{"rendered":"<div id=\"fb-root\"><\/div>\n<p>[et_pb_section bb_built=\u00bb1&#8243; admin_label=\u00bbsection\u00bb][et_pb_row admin_label=\u00bbrow\u00bb background_position=\u00bbtop_left\u00bb background_repeat=\u00bbrepeat\u00bb background_size=\u00bbinitial\u00bb][et_pb_column type=\u00bb4_4&#8243;][et_pb_text admin_label=\u00bbEntradilla (Texto)\u00bb _builder_version=\u00bb3.19.18&#8243; text_orientation=\u00bbjustified\u00bb text_font=\u00bb|on|||\u00bb module_alignment=\u00bbleft\u00bb]<\/p>\n<div id=\"resumen\">\n<div class=\"et_pb_module et_pb_text et_pb_text_0 et_pb_bg_layout_light et_pb_text_align_justified\">\n<div class=\"et_pb_text_inner\">\n<div id=\"resumen\">\n<p>El Curso de Biblia finaliz\u00f3 el pasado jueves 6 de junio su cuarta edici\u00f3n; impartido de manera magistral por el director de esta casa salesiana, Jos\u00e9 Joaqu\u00edn G\u00f3mez Palacios, un jueves de cada mes, desde octubre de 2015. Cada sesi\u00f3n es de una duraci\u00f3n de una hora y media o dos horas, donde se dan tambi\u00e9n unos materiales para el estudio posterior. Un nutrido grupo de m\u00e1s de 100 personas ha estado profundizando durante varios cursos acad\u00e9micos sobre diversos aspectos de la Biblia.<\/p>\n<\/div>\n<\/div>\n<\/div>\n<div class=\"et_pb_module et_pb_text et_pb_text_1 et_pb_bg_layout_light et_pb_text_align_left\">\n<div class=\"et_pb_text_inner\"><\/div>\n<\/div>\n<\/div>\n<div><\/div>\n<p>[\/et_pb_text][et_pb_text admin_label=\u00bbAutor (Texto)\u00bb _builder_version=\u00bb3.0.85&#8243; background_layout=\u00bblight\u00bb text_font=\u00bb||on||\u00bb]<\/p>\n<p>\nRedacci\u00f3n<\/p>\n<p>[\/et_pb_text][et_pb_text admin_label=\u00bbDesarrollo (Texto)\u00bb _builder_version=\u00bb3.19.18&#8243; text_orientation=\u00bbjustified\u00bb module_alignment=\u00bbleft\u00bb]<\/p>\n<p>Seg\u00fan las propias palabras de Jos\u00e9 Joaqu\u00edn G\u00f3mez, el curso se lanz\u00f3 porque se detect\u00f3 una necesidad y todo empez\u00f3 de una manera informal. Sin embargo, despu\u00e9s de cuatro ediciones hay un grupo muy numeroso que asiste de manera fija. Los asistentes provienen de diferentes ambientes de la familia salesiana, no solamente de esta casa salesiana, sino tambi\u00e9n de otros lugares.<\/p>\n<p>En el curso se trata de conocer la palabra de Dios, pero actualiz\u00e1ndola. En el curso se dan una serie de pistas y claves para que cada persona pueda interpretar la palabra de Dios. La palabra de Dios es algo vivo, que se est\u00e1 moviendo junto con la vida de cada uno y eso es lo que se ense\u00f1a en este curso.<\/p>\n<p>El ponente destaca de los participantes su gran inter\u00e9s y compromiso. Por su parte, los asistentes al curso destacan la claridad y la sencillez de las exposiciones, as\u00ed como la profundidad en los temas, que ayudan a interiorizar lo ense\u00f1ado. Sin duda, un curso que ha calado profundamente en todo aquel que ha participado.<\/p>\n<p>En la \u00faltima sesi\u00f3n de este curso 2018-2019, el director del colegio, Juan Peris, hizo entrega a Pepe G\u00f3mez de un reconocimiento en agradecimiento por todos estos a\u00f1os comprometidos con este gran proyecto de pastoral en nuestra casa.<\/p>\n<p>[\/et_pb_text][et_pb_text admin_label=\u00bbT\u00edtulo: Galer\u00eda de fotos (Texto)\u00bb _builder_version=\u00bb3.0.76&#8243; background_layout=\u00bblight\u00bb text_font=\u00bb|on|||\u00bb text_text_color=\u00bb#dc001b\u00bb border_style=\u00bbsolid\u00bb disabled=\u00bboff\u00bb disabled_on=\u00bboff|on|on\u00bb]<\/p>\n<p>\nGaler\u00eda de im\u00e1genes<\/p>\n<p>[\/et_pb_text][et_pb_gallery _builder_version=\u00bb3.19.18&#8243; posts_number=\u00bb8&#8243; show_title_and_caption=\u00bboff\u00bb zoom_icon_color=\u00bb#dc001b\u00bb hover_overlay_color=\u00bbrgba(255,255,255,0.9)\u00bb hover_icon=\u00bb%%51%%\u00bb disabled=\u00bboff\u00bb disabled_on=\u00bboff|off|off\u00bb gallery_ids=\u00bb10757,10756,10755,10754,10753,10752,10751&#8243; pagination_font_size_tablet=\u00bb51&#8243; pagination_line_height_tablet=\u00bb2&#8243; \/][et_pb_video _builder_version=\u00bb3.0.51&#8243; disabled=\u00bbon\u00bb disabled_on=\u00bbon|on|on\u00bb \/][\/et_pb_column][\/et_pb_row][\/et_pb_section]<\/p>\n<!-- AddThis Advanced Settings generic via filter on the_content --><!-- AddThis Share Buttons generic via filter on the_content -->","protected":false},"excerpt":{"rendered":"<p>El Curso de Biblia finaliz\u00f3 el pasado jueves 6 de junio su cuarta edici\u00f3n; impartido de manera magistral por el director de esta casa salesiana, Jos\u00e9 Joaqu\u00edn G\u00f3mez Palacios, un jueves de cada mes, desde octubre de 2015. Cada sesi\u00f3n es de una duraci\u00f3n de una hora y media o dos horas, donde se dan [&hellip;]<\/p>\n<p><!-- AddThis Advanced Settings generic via filter on get_the_excerpt --><!-- AddThis Share Buttons generic via filter on get_the_excerpt --><\/p>\n","protected":false},"author":6,"featured_media":10756,"comment_status":"closed","ping_status":"open","sticky":false,"template":"","format":"standard","meta":{"_et_pb_use_builder":"on","_et_pb_old_content":"<p>[et_pb_section bb_built=\"1\" admin_label=\"section\"][et_pb_row admin_label=\"row\" background_position=\"top_left\" background_repeat=\"repeat\" background_size=\"initial\"][et_pb_column type=\"4_4\"][et_pb_text admin_label=\"Entradilla (Texto)\" _builder_version=\"3.19.18\" text_orientation=\"justified\" text_font=\"|on|||\" module_alignment=\"left\"]<\/p><div id=\"resumen\"><div class=\"et_pb_module et_pb_text et_pb_text_0 et_pb_bg_layout_light et_pb_text_align_justified\"><div class=\"et_pb_text_inner\"><div id=\"resumen\"><p>El Curso de Biblia finaliz\u00f3 el pasado jueves 6 de junio su cuarta edici\u00f3n; impartido de manera magistral por el director de esta casa salesiana, Jos\u00e9 Joaqu\u00edn G\u00f3mez Palacios, un jueves de cada mes, desde octubre de 2015. Cada sesi\u00f3n es de una duraci\u00f3n de una hora y media o dos horas, donde se dan tambi\u00e9n unos materiales para el estudio posterior. Un nutrido grupo de m\u00e1s de 100 personas ha estado profundizando durante varios cursos acad\u00e9micos sobre diversos aspectos de la Biblia.<\/p><\/div><\/div><\/div><div class=\"et_pb_module et_pb_text et_pb_text_1 et_pb_bg_layout_light et_pb_text_align_left\"><div class=\"et_pb_text_inner\">\u00a0<\/div><\/div><\/div><div>\u00a0<\/div><p>[\/et_pb_text][et_pb_text admin_label=\"Autor (Texto)\" _builder_version=\"3.0.85\" background_layout=\"light\" text_font=\"||on||\"]<\/p><p>Redacci\u00f3n<\/p><p>[\/et_pb_text][et_pb_text admin_label=\"Desarrollo (Texto)\" _builder_version=\"3.19.18\" text_orientation=\"justified\" module_alignment=\"left\"]<\/p><p>Seg\u00fan las propias palabras de Jos\u00e9 Joaqu\u00edn G\u00f3mez, el curso se lanz\u00f3 porque se detect\u00f3 una necesidad y todo empez\u00f3 de una manera informal. Sin embargo, despu\u00e9s de cuatro ediciones hay un grupo muy numeroso que asiste de manera fija. Los asistentes provienen de diferentes ambientes de la familia salesiana, no solamente de esta casa salesiana, sino tambi\u00e9n de otros lugares.<\/p><p>En el curso se trata de conocer la palabra de Dios, pero actualiz\u00e1ndola. En el curso se dan una serie de pistas y claves para que cada persona pueda interpretar la palabra de Dios. La palabra de Dios es algo vivo, que se est\u00e1 moviendo junto con la vida de cada uno y eso es lo que se ense\u00f1a en este curso.<\/p><p>El ponente destaca de los participantes su gran inter\u00e9s y compromiso. Por su parte, los asistentes al curso destacan la claridad y la sencillez de las exposiciones, as\u00ed como la profundidad en los temas, que ayudan a interiorizar lo ense\u00f1ado. Sin duda, un curso que est\u00e1 calando profundamente en todo aquel que participa.<\/p><p>En la \u00faltima sesi\u00f3n de este curso 2018-2019, el director del colegio, Juan Peris, hizo entrega a Pepe G\u00f3mez de un reconocimiento por todos estos a\u00f1os comprometidos con este gran proyecto de pastoral en nuestra casa.<\/p><p>[\/et_pb_text][et_pb_text admin_label=\"T\u00edtulo: Galer\u00eda de fotos (Texto)\" _builder_version=\"3.0.76\" background_layout=\"light\" text_font=\"|on|||\" text_text_color=\"#dc001b\" border_style=\"solid\" disabled=\"off\" disabled_on=\"off|on|on\"]<\/p><p>Galer\u00eda de im\u00e1genes<\/p><p>[\/et_pb_text][et_pb_gallery _builder_version=\"3.0.85\" posts_number=\"8\" show_title_and_caption=\"off\" show_pagination=\"on\" fullwidth=\"off\" orientation=\"landscape\" zoom_icon_color=\"#dc001b\" hover_overlay_color=\"rgba(255,255,255,0.9)\" hover_icon=\"%%51%%\" background_layout=\"light\" disabled=\"off\" disabled_on=\"off|off|off\" gallery_ids=\"5794\" pagination_font_size_tablet=\"51\" pagination_line_height_tablet=\"2\" \/][et_pb_video _builder_version=\"3.0.51\" disabled=\"on\" disabled_on=\"on|on|on\" \/][\/et_pb_column][\/et_pb_row][\/et_pb_section]<\/p>","_et_gb_content_width":"","footnotes":""},"categories":[14],"tags":[],"class_list":["post-10750","post","type-post","status-publish","format-standard","has-post-thumbnail","hentry","category-noticia_colegio"],"yoast_head":"<!-- This site is optimized with the Yoast SEO plugin v28.4 - https:\/\/yoast.com\/product\/yoast-seo-wordpress\/ -->\n<title>El Curso de Biblia finaliza su cuarta edici\u00f3n - Colegio San Juan Bosco Valencia<\/title>\n<meta name=\"robots\" content=\"index, follow, max-snippet:-1, max-image-preview:large, max-video-preview:-1\" \/>\n<link rel=\"canonical\" href=\"https:\/\/valenciasjb.salesianos.edu\/colegio\/el-curso-de-biblia-finaliza-su-cuarta-edicion\/\" \/>\n<meta property=\"og:locale\" content=\"es_ES\" \/>\n<meta property=\"og:type\" content=\"article\" \/>\n<meta property=\"og:title\" content=\"El Curso de Biblia finaliza su cuarta edici\u00f3n - Colegio San Juan Bosco Valencia\" \/>\n<meta property=\"og:description\" content=\"El Curso de Biblia finaliz\u00f3 el pasado jueves 6 de junio su cuarta edici\u00f3n; impartido de manera magistral por el director de esta casa salesiana, Jos\u00e9 Joaqu\u00edn G\u00f3mez Palacios, un jueves de cada mes, desde octubre de 2015. Cada sesi\u00f3n es de una duraci\u00f3n de una hora y media o dos horas, donde se dan [&hellip;]\" \/>\n<meta property=\"og:url\" content=\"https:\/\/valenciasjb.salesianos.edu\/colegio\/el-curso-de-biblia-finaliza-su-cuarta-edicion\/\" \/>\n<meta property=\"og:site_name\" content=\"Colegio San Juan Bosco Valencia\" \/>\n<meta property=\"article:publisher\" content=\"https:\/\/www.facebook.com\/ColegioSalesianoSanJuanBoscoValencia\" \/>\n<meta property=\"article:published_time\" content=\"2019-06-07T14:54:15+00:00\" \/>\n<meta property=\"article:modified_time\" content=\"2019-06-07T14:57:39+00:00\" \/>\n<meta property=\"og:image\" content=\"https:\/\/valenciasjb.salesianos.edu\/colegio\/wp-content\/uploads\/sites\/2\/2019\/06\/20190606_200503.jpg\" \/>\n\t<meta property=\"og:image:width\" content=\"512\" \/>\n\t<meta property=\"og:image:height\" content=\"384\" \/>\n\t<meta property=\"og:image:type\" content=\"image\/jpeg\" \/>\n<meta name=\"author\" content=\"veronicapastor\" \/>\n<meta name=\"twitter:card\" content=\"summary_large_image\" \/>\n<meta name=\"twitter:creator\" content=\"@SalesianosVSJB\" \/>\n<meta name=\"twitter:site\" content=\"@SalesianosVSJB\" \/>\n<meta name=\"twitter:label1\" content=\"Escrito por\" \/>\n\t<meta name=\"twitter:data1\" content=\"veronicapastor\" \/>\n\t<meta name=\"twitter:label2\" content=\"Tiempo de lectura\" \/>\n\t<meta name=\"twitter:data2\" content=\"3 minutos\" \/>\n<script type=\"application\/ld+json\" class=\"yoast-schema-graph\">{\"@context\":\"https:\\\/\\\/schema.org\",\"@graph\":[{\"@type\":\"Article\",\"@id\":\"https:\\\/\\\/valenciasjb.salesianos.edu\\\/colegio\\\/el-curso-de-biblia-finaliza-su-cuarta-edicion\\\/#article\",\"isPartOf\":{\"@id\":\"https:\\\/\\\/valenciasjb.salesianos.edu\\\/colegio\\\/el-curso-de-biblia-finaliza-su-cuarta-edicion\\\/\"},\"author\":{\"name\":\"veronicapastor\",\"@id\":\"https:\\\/\\\/valenciasjb.salesianos.edu\\\/colegio\\\/#\\\/schema\\\/person\\\/1f45b67e52b27da175190a574db6bed9\"},\"headline\":\"El Curso de Biblia finaliza su cuarta edici\u00f3n\",\"datePublished\":\"2019-06-07T14:54:15+00:00\",\"dateModified\":\"2019-06-07T14:57:39+00:00\",\"mainEntityOfPage\":{\"@id\":\"https:\\\/\\\/valenciasjb.salesianos.edu\\\/colegio\\\/el-curso-de-biblia-finaliza-su-cuarta-edicion\\\/\"},\"wordCount\":515,\"image\":{\"@id\":\"https:\\\/\\\/valenciasjb.salesianos.edu\\\/colegio\\\/el-curso-de-biblia-finaliza-su-cuarta-edicion\\\/#primaryimage\"},\"thumbnailUrl\":\"https:\\\/\\\/valenciasjb.salesianos.edu\\\/colegio\\\/wp-content\\\/uploads\\\/sites\\\/2\\\/2019\\\/06\\\/20190606_200503.jpg\",\"articleSection\":[\"Noticia Colegio\"],\"inLanguage\":\"es\"},{\"@type\":\"WebPage\",\"@id\":\"https:\\\/\\\/valenciasjb.salesianos.edu\\\/colegio\\\/el-curso-de-biblia-finaliza-su-cuarta-edicion\\\/\",\"url\":\"https:\\\/\\\/valenciasjb.salesianos.edu\\\/colegio\\\/el-curso-de-biblia-finaliza-su-cuarta-edicion\\\/\",\"name\":\"El Curso de Biblia finaliza su cuarta edici\u00f3n - Colegio San Juan Bosco Valencia\",\"isPartOf\":{\"@id\":\"https:\\\/\\\/valenciasjb.salesianos.edu\\\/colegio\\\/#website\"},\"primaryImageOfPage\":{\"@id\":\"https:\\\/\\\/valenciasjb.salesianos.edu\\\/colegio\\\/el-curso-de-biblia-finaliza-su-cuarta-edicion\\\/#primaryimage\"},\"image\":{\"@id\":\"https:\\\/\\\/valenciasjb.salesianos.edu\\\/colegio\\\/el-curso-de-biblia-finaliza-su-cuarta-edicion\\\/#primaryimage\"},\"thumbnailUrl\":\"https:\\\/\\\/valenciasjb.salesianos.edu\\\/colegio\\\/wp-content\\\/uploads\\\/sites\\\/2\\\/2019\\\/06\\\/20190606_200503.jpg\",\"datePublished\":\"2019-06-07T14:54:15+00:00\",\"dateModified\":\"2019-06-07T14:57:39+00:00\",\"author\":{\"@id\":\"https:\\\/\\\/valenciasjb.salesianos.edu\\\/colegio\\\/#\\\/schema\\\/person\\\/1f45b67e52b27da175190a574db6bed9\"},\"breadcrumb\":{\"@id\":\"https:\\\/\\\/valenciasjb.salesianos.edu\\\/colegio\\\/el-curso-de-biblia-finaliza-su-cuarta-edicion\\\/#breadcrumb\"},\"inLanguage\":\"es\",\"potentialAction\":[{\"@type\":\"ReadAction\",\"target\":[\"https:\\\/\\\/valenciasjb.salesianos.edu\\\/colegio\\\/el-curso-de-biblia-finaliza-su-cuarta-edicion\\\/\"]}]},{\"@type\":\"ImageObject\",\"inLanguage\":\"es\",\"@id\":\"https:\\\/\\\/valenciasjb.salesianos.edu\\\/colegio\\\/el-curso-de-biblia-finaliza-su-cuarta-edicion\\\/#primaryimage\",\"url\":\"https:\\\/\\\/valenciasjb.salesianos.edu\\\/colegio\\\/wp-content\\\/uploads\\\/sites\\\/2\\\/2019\\\/06\\\/20190606_200503.jpg\",\"contentUrl\":\"https:\\\/\\\/valenciasjb.salesianos.edu\\\/colegio\\\/wp-content\\\/uploads\\\/sites\\\/2\\\/2019\\\/06\\\/20190606_200503.jpg\",\"width\":512,\"height\":384},{\"@type\":\"BreadcrumbList\",\"@id\":\"https:\\\/\\\/valenciasjb.salesianos.edu\\\/colegio\\\/el-curso-de-biblia-finaliza-su-cuarta-edicion\\\/#breadcrumb\",\"itemListElement\":[{\"@type\":\"ListItem\",\"position\":1,\"name\":\"Portada\",\"item\":\"https:\\\/\\\/valenciasjb.salesianos.edu\\\/colegio\\\/\"},{\"@type\":\"ListItem\",\"position\":2,\"name\":\"El Curso de Biblia finaliza su cuarta edici\u00f3n\"}]},{\"@type\":\"WebSite\",\"@id\":\"https:\\\/\\\/valenciasjb.salesianos.edu\\\/colegio\\\/#website\",\"url\":\"https:\\\/\\\/valenciasjb.salesianos.edu\\\/colegio\\\/\",\"name\":\"Colegio San Juan Bosco Valencia\",\"description\":\"P\u00e1gina oficial del Colegio Salesianos San Juan Bosco Valencia\",\"alternateName\":\"Salesianos.VSJB\",\"potentialAction\":[{\"@type\":\"SearchAction\",\"target\":{\"@type\":\"EntryPoint\",\"urlTemplate\":\"https:\\\/\\\/valenciasjb.salesianos.edu\\\/colegio\\\/?s={search_term_string}\"},\"query-input\":{\"@type\":\"PropertyValueSpecification\",\"valueRequired\":true,\"valueName\":\"search_term_string\"}}],\"inLanguage\":\"es\"},{\"@type\":\"Person\",\"@id\":\"https:\\\/\\\/valenciasjb.salesianos.edu\\\/colegio\\\/#\\\/schema\\\/person\\\/1f45b67e52b27da175190a574db6bed9\",\"name\":\"veronicapastor\",\"image\":{\"@type\":\"ImageObject\",\"inLanguage\":\"es\",\"@id\":\"https:\\\/\\\/secure.gravatar.com\\\/avatar\\\/e29bd40bace3fd935e1d6fdb7313ffc14628cc037c5e16f4c7369b20a2a6f7f0?s=96&d=mm&r=g\",\"url\":\"https:\\\/\\\/secure.gravatar.com\\\/avatar\\\/e29bd40bace3fd935e1d6fdb7313ffc14628cc037c5e16f4c7369b20a2a6f7f0?s=96&d=mm&r=g\",\"contentUrl\":\"https:\\\/\\\/secure.gravatar.com\\\/avatar\\\/e29bd40bace3fd935e1d6fdb7313ffc14628cc037c5e16f4c7369b20a2a6f7f0?s=96&d=mm&r=g\",\"caption\":\"veronicapastor\"}}]}<\/script>\n<!-- \/ Yoast SEO plugin. -->","yoast_head_json":{"title":"El Curso de Biblia finaliza su cuarta edici\u00f3n - Colegio San Juan Bosco Valencia","robots":{"index":"index","follow":"follow","max-snippet":"max-snippet:-1","max-image-preview":"max-image-preview:large","max-video-preview":"max-video-preview:-1"},"canonical":"https:\/\/valenciasjb.salesianos.edu\/colegio\/el-curso-de-biblia-finaliza-su-cuarta-edicion\/","og_locale":"es_ES","og_type":"article","og_title":"El Curso de Biblia finaliza su cuarta edici\u00f3n - Colegio San Juan Bosco Valencia","og_description":"El Curso de Biblia finaliz\u00f3 el pasado jueves 6 de junio su cuarta edici\u00f3n; impartido de manera magistral por el director de esta casa salesiana, Jos\u00e9 Joaqu\u00edn G\u00f3mez Palacios, un jueves de cada mes, desde octubre de 2015. Cada sesi\u00f3n es de una duraci\u00f3n de una hora y media o dos horas, donde se dan [&hellip;]","og_url":"https:\/\/valenciasjb.salesianos.edu\/colegio\/el-curso-de-biblia-finaliza-su-cuarta-edicion\/","og_site_name":"Colegio San Juan Bosco Valencia","article_publisher":"https:\/\/www.facebook.com\/ColegioSalesianoSanJuanBoscoValencia","article_published_time":"2019-06-07T14:54:15+00:00","article_modified_time":"2019-06-07T14:57:39+00:00","og_image":[{"width":512,"height":384,"url":"https:\/\/valenciasjb.salesianos.edu\/colegio\/wp-content\/uploads\/sites\/2\/2019\/06\/20190606_200503.jpg","type":"image\/jpeg"}],"author":"veronicapastor","twitter_card":"summary_large_image","twitter_creator":"@SalesianosVSJB","twitter_site":"@SalesianosVSJB","twitter_misc":{"Escrito por":"veronicapastor","Tiempo de lectura":"3 minutos"},"schema":{"@context":"https:\/\/schema.org","@graph":[{"@type":"Article","@id":"https:\/\/valenciasjb.salesianos.edu\/colegio\/el-curso-de-biblia-finaliza-su-cuarta-edicion\/#article","isPartOf":{"@id":"https:\/\/valenciasjb.salesianos.edu\/colegio\/el-curso-de-biblia-finaliza-su-cuarta-edicion\/"},"author":{"name":"veronicapastor","@id":"https:\/\/valenciasjb.salesianos.edu\/colegio\/#\/schema\/person\/1f45b67e52b27da175190a574db6bed9"},"headline":"El Curso de Biblia finaliza su cuarta edici\u00f3n","datePublished":"2019-06-07T14:54:15+00:00","dateModified":"2019-06-07T14:57:39+00:00","mainEntityOfPage":{"@id":"https:\/\/valenciasjb.salesianos.edu\/colegio\/el-curso-de-biblia-finaliza-su-cuarta-edicion\/"},"wordCount":515,"image":{"@id":"https:\/\/valenciasjb.salesianos.edu\/colegio\/el-curso-de-biblia-finaliza-su-cuarta-edicion\/#primaryimage"},"thumbnailUrl":"https:\/\/valenciasjb.salesianos.edu\/colegio\/wp-content\/uploads\/sites\/2\/2019\/06\/20190606_200503.jpg","articleSection":["Noticia Colegio"],"inLanguage":"es"},{"@type":"WebPage","@id":"https:\/\/valenciasjb.salesianos.edu\/colegio\/el-curso-de-biblia-finaliza-su-cuarta-edicion\/","url":"https:\/\/valenciasjb.salesianos.edu\/colegio\/el-curso-de-biblia-finaliza-su-cuarta-edicion\/","name":"El Curso de Biblia finaliza su cuarta edici\u00f3n - Colegio San Juan Bosco Valencia","isPartOf":{"@id":"https:\/\/valenciasjb.salesianos.edu\/colegio\/#website"},"primaryImageOfPage":{"@id":"https:\/\/valenciasjb.salesianos.edu\/colegio\/el-curso-de-biblia-finaliza-su-cuarta-edicion\/#primaryimage"},"image":{"@id":"https:\/\/valenciasjb.salesianos.edu\/colegio\/el-curso-de-biblia-finaliza-su-cuarta-edicion\/#primaryimage"},"thumbnailUrl":"https:\/\/valenciasjb.salesianos.edu\/colegio\/wp-content\/uploads\/sites\/2\/2019\/06\/20190606_200503.jpg","datePublished":"2019-06-07T14:54:15+00:00","dateModified":"2019-06-07T14:57:39+00:00","author":{"@id":"https:\/\/valenciasjb.salesianos.edu\/colegio\/#\/schema\/person\/1f45b67e52b27da175190a574db6bed9"},"breadcrumb":{"@id":"https:\/\/valenciasjb.salesianos.edu\/colegio\/el-curso-de-biblia-finaliza-su-cuarta-edicion\/#breadcrumb"},"inLanguage":"es","potentialAction":[{"@type":"ReadAction","target":["https:\/\/valenciasjb.salesianos.edu\/colegio\/el-curso-de-biblia-finaliza-su-cuarta-edicion\/"]}]},{"@type":"ImageObject","inLanguage":"es","@id":"https:\/\/valenciasjb.salesianos.edu\/colegio\/el-curso-de-biblia-finaliza-su-cuarta-edicion\/#primaryimage","url":"https:\/\/valenciasjb.salesianos.edu\/colegio\/wp-content\/uploads\/sites\/2\/2019\/06\/20190606_200503.jpg","contentUrl":"https:\/\/valenciasjb.salesianos.edu\/colegio\/wp-content\/uploads\/sites\/2\/2019\/06\/20190606_200503.jpg","width":512,"height":384},{"@type":"BreadcrumbList","@id":"https:\/\/valenciasjb.salesianos.edu\/colegio\/el-curso-de-biblia-finaliza-su-cuarta-edicion\/#breadcrumb","itemListElement":[{"@type":"ListItem","position":1,"name":"Portada","item":"https:\/\/valenciasjb.salesianos.edu\/colegio\/"},{"@type":"ListItem","position":2,"name":"El Curso de Biblia finaliza su cuarta edici\u00f3n"}]},{"@type":"WebSite","@id":"https:\/\/valenciasjb.salesianos.edu\/colegio\/#website","url":"https:\/\/valenciasjb.salesianos.edu\/colegio\/","name":"Colegio San Juan Bosco Valencia","description":"P\u00e1gina oficial del Colegio Salesianos San Juan Bosco Valencia","alternateName":"Salesianos.VSJB","potentialAction":[{"@type":"SearchAction","target":{"@type":"EntryPoint","urlTemplate":"https:\/\/valenciasjb.salesianos.edu\/colegio\/?s={search_term_string}"},"query-input":{"@type":"PropertyValueSpecification","valueRequired":true,"valueName":"search_term_string"}}],"inLanguage":"es"},{"@type":"Person","@id":"https:\/\/valenciasjb.salesianos.edu\/colegio\/#\/schema\/person\/1f45b67e52b27da175190a574db6bed9","name":"veronicapastor","image":{"@type":"ImageObject","inLanguage":"es","@id":"https:\/\/secure.gravatar.com\/avatar\/e29bd40bace3fd935e1d6fdb7313ffc14628cc037c5e16f4c7369b20a2a6f7f0?s=96&d=mm&r=g","url":"https:\/\/secure.gravatar.com\/avatar\/e29bd40bace3fd935e1d6fdb7313ffc14628cc037c5e16f4c7369b20a2a6f7f0?s=96&d=mm&r=g","contentUrl":"https:\/\/secure.gravatar.com\/avatar\/e29bd40bace3fd935e1d6fdb7313ffc14628cc037c5e16f4c7369b20a2a6f7f0?s=96&d=mm&r=g","caption":"veronicapastor"}}]}},"_links":{"self":[{"href":"https:\/\/valenciasjb.salesianos.edu\/colegio\/wp-json\/wp\/v2\/posts\/10750","targetHints":{"allow":["GET"]}}],"collection":[{"href":"https:\/\/valenciasjb.salesianos.edu\/colegio\/wp-json\/wp\/v2\/posts"}],"about":[{"href":"https:\/\/valenciasjb.salesianos.edu\/colegio\/wp-json\/wp\/v2\/types\/post"}],"author":[{"embeddable":true,"href":"https:\/\/valenciasjb.salesianos.edu\/colegio\/wp-json\/wp\/v2\/users\/6"}],"replies":[{"embeddable":true,"href":"https:\/\/valenciasjb.salesianos.edu\/colegio\/wp-json\/wp\/v2\/comments?post=10750"}],"version-history":[{"count":2,"href":"https:\/\/valenciasjb.salesianos.edu\/colegio\/wp-json\/wp\/v2\/posts\/10750\/revisions"}],"predecessor-version":[{"id":10759,"href":"https:\/\/valenciasjb.salesianos.edu\/colegio\/wp-json\/wp\/v2\/posts\/10750\/revisions\/10759"}],"wp:featuredmedia":[{"embeddable":true,"href":"https:\/\/valenciasjb.salesianos.edu\/colegio\/wp-json\/wp\/v2\/media\/10756"}],"wp:attachment":[{"href":"https:\/\/valenciasjb.salesianos.edu\/colegio\/wp-json\/wp\/v2\/media?parent=10750"}],"wp:term":[{"taxonomy":"category","embeddable":true,"href":"https:\/\/valenciasjb.salesianos.edu\/colegio\/wp-json\/wp\/v2\/categories?post=10750"},{"taxonomy":"post_tag","embeddable":true,"href":"https:\/\/valenciasjb.salesianos.edu\/colegio\/wp-json\/wp\/v2\/tags?post=10750"}],"curies":[{"name":"wp","href":"https:\/\/api.w.org\/{rel}","templated":true}]}}