{"id":10762,"date":"2019-06-08T10:13:40","date_gmt":"2019-06-08T09:13:40","guid":{"rendered":"https:\/\/valenciasjb.salesianos.edu\/colegio\/?p=10762"},"modified":"2019-06-08T10:13:40","modified_gmt":"2019-06-08T09:13:40","slug":"aviso-importante-proximo-miercoles-12-de-junio-a-las-18h-en-la-sala-200-reunion-informativa-para-todos-los-alumnos-admitidos-en-las-listas-definitivas","status":"publish","type":"post","link":"https:\/\/valenciasjb.salesianos.edu\/colegio\/aviso-importante-proximo-miercoles-12-de-junio-a-las-18h-en-la-sala-200-reunion-informativa-para-todos-los-alumnos-admitidos-en-las-listas-definitivas\/","title":{"rendered":"AVISO IMPORTANTE: Pr\u00f3ximo mi\u00e9rcoles 12 de junio a las 18h en la sala 200 reuni\u00f3n informativa para todos los alumnos admitidos en las listas definitivas"},"content":{"rendered":"<div id=\"fb-root\"><\/div>\n<p>[et_pb_section bb_built=\u00bb1&#8243; admin_label=\u00bbsection\u00bb][et_pb_row admin_label=\u00bbrow\u00bb background_position=\u00bbtop_left\u00bb background_repeat=\u00bbrepeat\u00bb background_size=\u00bbinitial\u00bb][et_pb_column type=\u00bb4_4&#8243;][et_pb_text admin_label=\u00bbEntradilla (Texto)\u00bb _builder_version=\u00bb3.19.18&#8243; text_orientation=\u00bbjustified\u00bb text_font=\u00bb|on|||\u00bb module_alignment=\u00bbleft\u00bb]<\/p>\n<div id=\"resumen\">\n<div class=\"\" data-block=\"true\" data-editor=\"ft1r7\" data-offset-key=\"4l53k-0-0\">\n<div class=\"_1mf _1mj\" data-offset-key=\"4l53k-0-0\"><span data-offset-key=\"4l53k-0-0\">El pr\u00f3ximo mi\u00e9rcoles 12 de junio a las 18h tendr\u00e1 lugar en la sala 200 una reuni\u00f3n informativa para todos aquellos alumnos que hayan sido admitidos en las listas definitivas que se publicar\u00e1n el d\u00eda 12 de junio por la ma\u00f1ana en el tabl\u00f3n de anuncios del colegio. <\/span><\/div>\n<\/div>\n<div class=\"\" data-block=\"true\" data-editor=\"ft1r7\" data-offset-key=\"5dqfo-0-0\">\n<div class=\"_1mf _1mj\" data-offset-key=\"5dqfo-0-0\"><span data-offset-key=\"5dqfo-0-0\">En esta reuni\u00f3n se entregar\u00e1 toda la documentaci\u00f3n necesaria para formalizar la matr\u00edcula.<\/span><\/div>\n<\/div>\n<div class=\"\" data-block=\"true\" data-editor=\"ft1r7\" data-offset-key=\"8uj0l-0-0\">\n<div class=\"_1mf _1mj\" data-offset-key=\"8uj0l-0-0\"><span data-offset-key=\"8uj0l-0-0\">\u00a1Os esperamos!<\/span><\/div>\n<\/div>\n<\/div>\n<div>\u00a0<\/div>\n<p>[\/et_pb_text][et_pb_text admin_label=\u00bbAutor (Texto)\u00bb _builder_version=\u00bb3.19.18&#8243; text_font=\u00bb||on||\u00bb \/][et_pb_text admin_label=\u00bbDesarrollo (Texto)\u00bb _builder_version=\u00bb3.19.18&#8243; text_orientation=\u00bbjustified\u00bb module_alignment=\u00bbleft\u00bb \/][et_pb_text admin_label=\u00bbT\u00edtulo: Galer\u00eda de fotos (Texto)\u00bb _builder_version=\u00bb3.0.76&#8243; background_layout=\u00bblight\u00bb text_font=\u00bb|on|||\u00bb text_text_color=\u00bb#dc001b\u00bb border_style=\u00bbsolid\u00bb disabled=\u00bboff\u00bb disabled_on=\u00bboff|on|on\u00bb]<\/p>\n<p>Galer\u00eda de im\u00e1genes<\/p>\n<p>[\/et_pb_text][et_pb_gallery _builder_version=\u00bb3.19.18&#8243; posts_number=\u00bb8&#8243; show_title_and_caption=\u00bboff\u00bb zoom_icon_color=\u00bb#dc001b\u00bb hover_overlay_color=\u00bbrgba(255,255,255,0.9)\u00bb hover_icon=\u00bb%%51%%\u00bb disabled=\u00bboff\u00bb disabled_on=\u00bboff|off|off\u00bb gallery_ids=\u00bb10763&#8243; pagination_font_size_tablet=\u00bb51&#8243; pagination_line_height_tablet=\u00bb2&#8243; \/][et_pb_video _builder_version=\u00bb3.0.51&#8243; disabled=\u00bbon\u00bb disabled_on=\u00bbon|on|on\u00bb \/][\/et_pb_column][\/et_pb_row][\/et_pb_section]<\/p>\n<!-- AddThis Advanced Settings generic via filter on the_content --><!-- AddThis Share Buttons generic via filter on the_content -->","protected":false},"excerpt":{"rendered":"<p>El pr\u00f3ximo mi\u00e9rcoles 12 de junio a las 18h tendr\u00e1 lugar en la sala 200 una reuni\u00f3n informativa para todos aquellos alumnos que hayan sido admitidos en las listas definitivas que se publicar\u00e1n el d\u00eda 12 de junio por la ma\u00f1ana en el tabl\u00f3n de anuncios del colegio. En esta reuni\u00f3n se entregar\u00e1 toda la [&hellip;]<\/p>\n<p><!-- AddThis Advanced Settings generic via filter on get_the_excerpt --><!-- AddThis Share Buttons generic via filter on get_the_excerpt --><\/p>\n","protected":false},"author":6,"featured_media":10763,"comment_status":"closed","ping_status":"open","sticky":false,"template":"","format":"standard","meta":{"_et_pb_use_builder":"on","_et_pb_old_content":"","_et_gb_content_width":"","footnotes":""},"categories":[14],"tags":[],"class_list":["post-10762","post","type-post","status-publish","format-standard","has-post-thumbnail","hentry","category-noticia_colegio"],"yoast_head":"<!-- This site is optimized with the Yoast SEO plugin v28.4 - https:\/\/yoast.com\/product\/yoast-seo-wordpress\/ -->\n<title>AVISO IMPORTANTE: Pr\u00f3ximo mi\u00e9rcoles 12 de junio a las 18h en la sala 200 reuni\u00f3n informativa para todos los alumnos admitidos en las listas definitivas - Colegio San Juan Bosco Valencia<\/title>\n<meta name=\"robots\" content=\"index, follow, max-snippet:-1, max-image-preview:large, max-video-preview:-1\" \/>\n<link rel=\"canonical\" href=\"https:\/\/valenciasjb.salesianos.edu\/colegio\/aviso-importante-proximo-miercoles-12-de-junio-a-las-18h-en-la-sala-200-reunion-informativa-para-todos-los-alumnos-admitidos-en-las-listas-definitivas\/\" \/>\n<meta property=\"og:locale\" content=\"es_ES\" \/>\n<meta property=\"og:type\" content=\"article\" \/>\n<meta property=\"og:title\" content=\"AVISO IMPORTANTE: Pr\u00f3ximo mi\u00e9rcoles 12 de junio a las 18h en la sala 200 reuni\u00f3n informativa para todos los alumnos admitidos en las listas definitivas - Colegio San Juan Bosco Valencia\" \/>\n<meta property=\"og:description\" content=\"El pr\u00f3ximo mi\u00e9rcoles 12 de junio a las 18h tendr\u00e1 lugar en la sala 200 una reuni\u00f3n informativa para todos aquellos alumnos que hayan sido admitidos en las listas definitivas que se publicar\u00e1n el d\u00eda 12 de junio por la ma\u00f1ana en el tabl\u00f3n de anuncios del colegio. En esta reuni\u00f3n se entregar\u00e1 toda la [&hellip;]\" \/>\n<meta property=\"og:url\" content=\"https:\/\/valenciasjb.salesianos.edu\/colegio\/aviso-importante-proximo-miercoles-12-de-junio-a-las-18h-en-la-sala-200-reunion-informativa-para-todos-los-alumnos-admitidos-en-las-listas-definitivas\/\" \/>\n<meta property=\"og:site_name\" content=\"Colegio San Juan Bosco Valencia\" \/>\n<meta property=\"article:publisher\" content=\"https:\/\/www.facebook.com\/ColegioSalesianoSanJuanBoscoValencia\" \/>\n<meta property=\"article:published_time\" content=\"2019-06-08T09:13:40+00:00\" \/>\n<meta property=\"og:image\" content=\"https:\/\/valenciasjb.salesianos.edu\/colegio\/wp-content\/uploads\/sites\/2\/2019\/06\/Bienv.jpg\" \/>\n\t<meta property=\"og:image:width\" content=\"2366\" \/>\n\t<meta property=\"og:image:height\" content=\"1329\" \/>\n\t<meta property=\"og:image:type\" content=\"image\/jpeg\" \/>\n<meta name=\"author\" content=\"veronicapastor\" \/>\n<meta name=\"twitter:card\" content=\"summary_large_image\" \/>\n<meta name=\"twitter:creator\" content=\"@SalesianosVSJB\" \/>\n<meta name=\"twitter:site\" content=\"@SalesianosVSJB\" \/>\n<meta name=\"twitter:label1\" content=\"Escrito por\" \/>\n\t<meta name=\"twitter:data1\" content=\"veronicapastor\" \/>\n\t<meta name=\"twitter:label2\" content=\"Tiempo de lectura\" \/>\n\t<meta name=\"twitter:data2\" content=\"1 minuto\" \/>\n<script type=\"application\/ld+json\" class=\"yoast-schema-graph\">{\"@context\":\"https:\\\/\\\/schema.org\",\"@graph\":[{\"@type\":\"Article\",\"@id\":\"https:\\\/\\\/valenciasjb.salesianos.edu\\\/colegio\\\/aviso-importante-proximo-miercoles-12-de-junio-a-las-18h-en-la-sala-200-reunion-informativa-para-todos-los-alumnos-admitidos-en-las-listas-definitivas\\\/#article\",\"isPartOf\":{\"@id\":\"https:\\\/\\\/valenciasjb.salesianos.edu\\\/colegio\\\/aviso-importante-proximo-miercoles-12-de-junio-a-las-18h-en-la-sala-200-reunion-informativa-para-todos-los-alumnos-admitidos-en-las-listas-definitivas\\\/\"},\"author\":{\"name\":\"veronicapastor\",\"@id\":\"https:\\\/\\\/valenciasjb.salesianos.edu\\\/colegio\\\/#\\\/schema\\\/person\\\/1f45b67e52b27da175190a574db6bed9\"},\"headline\":\"AVISO IMPORTANTE: Pr\u00f3ximo mi\u00e9rcoles 12 de junio a las 18h en la sala 200 reuni\u00f3n informativa para todos los alumnos admitidos en las listas definitivas\",\"datePublished\":\"2019-06-08T09:13:40+00:00\",\"mainEntityOfPage\":{\"@id\":\"https:\\\/\\\/valenciasjb.salesianos.edu\\\/colegio\\\/aviso-importante-proximo-miercoles-12-de-junio-a-las-18h-en-la-sala-200-reunion-informativa-para-todos-los-alumnos-admitidos-en-las-listas-definitivas\\\/\"},\"wordCount\":276,\"image\":{\"@id\":\"https:\\\/\\\/valenciasjb.salesianos.edu\\\/colegio\\\/aviso-importante-proximo-miercoles-12-de-junio-a-las-18h-en-la-sala-200-reunion-informativa-para-todos-los-alumnos-admitidos-en-las-listas-definitivas\\\/#primaryimage\"},\"thumbnailUrl\":\"https:\\\/\\\/valenciasjb.salesianos.edu\\\/colegio\\\/wp-content\\\/uploads\\\/sites\\\/2\\\/2019\\\/06\\\/Bienv.jpg\",\"articleSection\":[\"Noticia Colegio\"],\"inLanguage\":\"es\"},{\"@type\":\"WebPage\",\"@id\":\"https:\\\/\\\/valenciasjb.salesianos.edu\\\/colegio\\\/aviso-importante-proximo-miercoles-12-de-junio-a-las-18h-en-la-sala-200-reunion-informativa-para-todos-los-alumnos-admitidos-en-las-listas-definitivas\\\/\",\"url\":\"https:\\\/\\\/valenciasjb.salesianos.edu\\\/colegio\\\/aviso-importante-proximo-miercoles-12-de-junio-a-las-18h-en-la-sala-200-reunion-informativa-para-todos-los-alumnos-admitidos-en-las-listas-definitivas\\\/\",\"name\":\"AVISO IMPORTANTE: Pr\u00f3ximo mi\u00e9rcoles 12 de junio a las 18h en la sala 200 reuni\u00f3n informativa para todos los alumnos admitidos en las listas definitivas - Colegio San Juan Bosco Valencia\",\"isPartOf\":{\"@id\":\"https:\\\/\\\/valenciasjb.salesianos.edu\\\/colegio\\\/#website\"},\"primaryImageOfPage\":{\"@id\":\"https:\\\/\\\/valenciasjb.salesianos.edu\\\/colegio\\\/aviso-importante-proximo-miercoles-12-de-junio-a-las-18h-en-la-sala-200-reunion-informativa-para-todos-los-alumnos-admitidos-en-las-listas-definitivas\\\/#primaryimage\"},\"image\":{\"@id\":\"https:\\\/\\\/valenciasjb.salesianos.edu\\\/colegio\\\/aviso-importante-proximo-miercoles-12-de-junio-a-las-18h-en-la-sala-200-reunion-informativa-para-todos-los-alumnos-admitidos-en-las-listas-definitivas\\\/#primaryimage\"},\"thumbnailUrl\":\"https:\\\/\\\/valenciasjb.salesianos.edu\\\/colegio\\\/wp-content\\\/uploads\\\/sites\\\/2\\\/2019\\\/06\\\/Bienv.jpg\",\"datePublished\":\"2019-06-08T09:13:40+00:00\",\"author\":{\"@id\":\"https:\\\/\\\/valenciasjb.salesianos.edu\\\/colegio\\\/#\\\/schema\\\/person\\\/1f45b67e52b27da175190a574db6bed9\"},\"breadcrumb\":{\"@id\":\"https:\\\/\\\/valenciasjb.salesianos.edu\\\/colegio\\\/aviso-importante-proximo-miercoles-12-de-junio-a-las-18h-en-la-sala-200-reunion-informativa-para-todos-los-alumnos-admitidos-en-las-listas-definitivas\\\/#breadcrumb\"},\"inLanguage\":\"es\",\"potentialAction\":[{\"@type\":\"ReadAction\",\"target\":[\"https:\\\/\\\/valenciasjb.salesianos.edu\\\/colegio\\\/aviso-importante-proximo-miercoles-12-de-junio-a-las-18h-en-la-sala-200-reunion-informativa-para-todos-los-alumnos-admitidos-en-las-listas-definitivas\\\/\"]}]},{\"@type\":\"ImageObject\",\"inLanguage\":\"es\",\"@id\":\"https:\\\/\\\/valenciasjb.salesianos.edu\\\/colegio\\\/aviso-importante-proximo-miercoles-12-de-junio-a-las-18h-en-la-sala-200-reunion-informativa-para-todos-los-alumnos-admitidos-en-las-listas-definitivas\\\/#primaryimage\",\"url\":\"https:\\\/\\\/valenciasjb.salesianos.edu\\\/colegio\\\/wp-content\\\/uploads\\\/sites\\\/2\\\/2019\\\/06\\\/Bienv.jpg\",\"contentUrl\":\"https:\\\/\\\/valenciasjb.salesianos.edu\\\/colegio\\\/wp-content\\\/uploads\\\/sites\\\/2\\\/2019\\\/06\\\/Bienv.jpg\",\"width\":2366,\"height\":1329},{\"@type\":\"BreadcrumbList\",\"@id\":\"https:\\\/\\\/valenciasjb.salesianos.edu\\\/colegio\\\/aviso-importante-proximo-miercoles-12-de-junio-a-las-18h-en-la-sala-200-reunion-informativa-para-todos-los-alumnos-admitidos-en-las-listas-definitivas\\\/#breadcrumb\",\"itemListElement\":[{\"@type\":\"ListItem\",\"position\":1,\"name\":\"Portada\",\"item\":\"https:\\\/\\\/valenciasjb.salesianos.edu\\\/colegio\\\/\"},{\"@type\":\"ListItem\",\"position\":2,\"name\":\"AVISO IMPORTANTE: Pr\u00f3ximo mi\u00e9rcoles 12 de junio a las 18h en la sala 200 reuni\u00f3n informativa para todos los alumnos admitidos en las listas definitivas\"}]},{\"@type\":\"WebSite\",\"@id\":\"https:\\\/\\\/valenciasjb.salesianos.edu\\\/colegio\\\/#website\",\"url\":\"https:\\\/\\\/valenciasjb.salesianos.edu\\\/colegio\\\/\",\"name\":\"Colegio San Juan Bosco Valencia\",\"description\":\"P\u00e1gina oficial del Colegio Salesianos San Juan Bosco Valencia\",\"alternateName\":\"Salesianos.VSJB\",\"potentialAction\":[{\"@type\":\"SearchAction\",\"target\":{\"@type\":\"EntryPoint\",\"urlTemplate\":\"https:\\\/\\\/valenciasjb.salesianos.edu\\\/colegio\\\/?s={search_term_string}\"},\"query-input\":{\"@type\":\"PropertyValueSpecification\",\"valueRequired\":true,\"valueName\":\"search_term_string\"}}],\"inLanguage\":\"es\"},{\"@type\":\"Person\",\"@id\":\"https:\\\/\\\/valenciasjb.salesianos.edu\\\/colegio\\\/#\\\/schema\\\/person\\\/1f45b67e52b27da175190a574db6bed9\",\"name\":\"veronicapastor\",\"image\":{\"@type\":\"ImageObject\",\"inLanguage\":\"es\",\"@id\":\"https:\\\/\\\/secure.gravatar.com\\\/avatar\\\/e29bd40bace3fd935e1d6fdb7313ffc14628cc037c5e16f4c7369b20a2a6f7f0?s=96&d=mm&r=g\",\"url\":\"https:\\\/\\\/secure.gravatar.com\\\/avatar\\\/e29bd40bace3fd935e1d6fdb7313ffc14628cc037c5e16f4c7369b20a2a6f7f0?s=96&d=mm&r=g\",\"contentUrl\":\"https:\\\/\\\/secure.gravatar.com\\\/avatar\\\/e29bd40bace3fd935e1d6fdb7313ffc14628cc037c5e16f4c7369b20a2a6f7f0?s=96&d=mm&r=g\",\"caption\":\"veronicapastor\"}}]}<\/script>\n<!-- \/ Yoast SEO plugin. -->","yoast_head_json":{"title":"AVISO IMPORTANTE: Pr\u00f3ximo mi\u00e9rcoles 12 de junio a las 18h en la sala 200 reuni\u00f3n informativa para todos los alumnos admitidos en las listas definitivas - Colegio San Juan Bosco Valencia","robots":{"index":"index","follow":"follow","max-snippet":"max-snippet:-1","max-image-preview":"max-image-preview:large","max-video-preview":"max-video-preview:-1"},"canonical":"https:\/\/valenciasjb.salesianos.edu\/colegio\/aviso-importante-proximo-miercoles-12-de-junio-a-las-18h-en-la-sala-200-reunion-informativa-para-todos-los-alumnos-admitidos-en-las-listas-definitivas\/","og_locale":"es_ES","og_type":"article","og_title":"AVISO IMPORTANTE: Pr\u00f3ximo mi\u00e9rcoles 12 de junio a las 18h en la sala 200 reuni\u00f3n informativa para todos los alumnos admitidos en las listas definitivas - Colegio San Juan Bosco Valencia","og_description":"El pr\u00f3ximo mi\u00e9rcoles 12 de junio a las 18h tendr\u00e1 lugar en la sala 200 una reuni\u00f3n informativa para todos aquellos alumnos que hayan sido admitidos en las listas definitivas que se publicar\u00e1n el d\u00eda 12 de junio por la ma\u00f1ana en el tabl\u00f3n de anuncios del colegio. En esta reuni\u00f3n se entregar\u00e1 toda la [&hellip;]","og_url":"https:\/\/valenciasjb.salesianos.edu\/colegio\/aviso-importante-proximo-miercoles-12-de-junio-a-las-18h-en-la-sala-200-reunion-informativa-para-todos-los-alumnos-admitidos-en-las-listas-definitivas\/","og_site_name":"Colegio San Juan Bosco Valencia","article_publisher":"https:\/\/www.facebook.com\/ColegioSalesianoSanJuanBoscoValencia","article_published_time":"2019-06-08T09:13:40+00:00","og_image":[{"width":2366,"height":1329,"url":"https:\/\/valenciasjb.salesianos.edu\/colegio\/wp-content\/uploads\/sites\/2\/2019\/06\/Bienv.jpg","type":"image\/jpeg"}],"author":"veronicapastor","twitter_card":"summary_large_image","twitter_creator":"@SalesianosVSJB","twitter_site":"@SalesianosVSJB","twitter_misc":{"Escrito por":"veronicapastor","Tiempo de lectura":"1 minuto"},"schema":{"@context":"https:\/\/schema.org","@graph":[{"@type":"Article","@id":"https:\/\/valenciasjb.salesianos.edu\/colegio\/aviso-importante-proximo-miercoles-12-de-junio-a-las-18h-en-la-sala-200-reunion-informativa-para-todos-los-alumnos-admitidos-en-las-listas-definitivas\/#article","isPartOf":{"@id":"https:\/\/valenciasjb.salesianos.edu\/colegio\/aviso-importante-proximo-miercoles-12-de-junio-a-las-18h-en-la-sala-200-reunion-informativa-para-todos-los-alumnos-admitidos-en-las-listas-definitivas\/"},"author":{"name":"veronicapastor","@id":"https:\/\/valenciasjb.salesianos.edu\/colegio\/#\/schema\/person\/1f45b67e52b27da175190a574db6bed9"},"headline":"AVISO IMPORTANTE: Pr\u00f3ximo mi\u00e9rcoles 12 de junio a las 18h en la sala 200 reuni\u00f3n informativa para todos los alumnos admitidos en las listas definitivas","datePublished":"2019-06-08T09:13:40+00:00","mainEntityOfPage":{"@id":"https:\/\/valenciasjb.salesianos.edu\/colegio\/aviso-importante-proximo-miercoles-12-de-junio-a-las-18h-en-la-sala-200-reunion-informativa-para-todos-los-alumnos-admitidos-en-las-listas-definitivas\/"},"wordCount":276,"image":{"@id":"https:\/\/valenciasjb.salesianos.edu\/colegio\/aviso-importante-proximo-miercoles-12-de-junio-a-las-18h-en-la-sala-200-reunion-informativa-para-todos-los-alumnos-admitidos-en-las-listas-definitivas\/#primaryimage"},"thumbnailUrl":"https:\/\/valenciasjb.salesianos.edu\/colegio\/wp-content\/uploads\/sites\/2\/2019\/06\/Bienv.jpg","articleSection":["Noticia Colegio"],"inLanguage":"es"},{"@type":"WebPage","@id":"https:\/\/valenciasjb.salesianos.edu\/colegio\/aviso-importante-proximo-miercoles-12-de-junio-a-las-18h-en-la-sala-200-reunion-informativa-para-todos-los-alumnos-admitidos-en-las-listas-definitivas\/","url":"https:\/\/valenciasjb.salesianos.edu\/colegio\/aviso-importante-proximo-miercoles-12-de-junio-a-las-18h-en-la-sala-200-reunion-informativa-para-todos-los-alumnos-admitidos-en-las-listas-definitivas\/","name":"AVISO IMPORTANTE: Pr\u00f3ximo mi\u00e9rcoles 12 de junio a las 18h en la sala 200 reuni\u00f3n informativa para todos los alumnos admitidos en las listas definitivas - Colegio San Juan Bosco Valencia","isPartOf":{"@id":"https:\/\/valenciasjb.salesianos.edu\/colegio\/#website"},"primaryImageOfPage":{"@id":"https:\/\/valenciasjb.salesianos.edu\/colegio\/aviso-importante-proximo-miercoles-12-de-junio-a-las-18h-en-la-sala-200-reunion-informativa-para-todos-los-alumnos-admitidos-en-las-listas-definitivas\/#primaryimage"},"image":{"@id":"https:\/\/valenciasjb.salesianos.edu\/colegio\/aviso-importante-proximo-miercoles-12-de-junio-a-las-18h-en-la-sala-200-reunion-informativa-para-todos-los-alumnos-admitidos-en-las-listas-definitivas\/#primaryimage"},"thumbnailUrl":"https:\/\/valenciasjb.salesianos.edu\/colegio\/wp-content\/uploads\/sites\/2\/2019\/06\/Bienv.jpg","datePublished":"2019-06-08T09:13:40+00:00","author":{"@id":"https:\/\/valenciasjb.salesianos.edu\/colegio\/#\/schema\/person\/1f45b67e52b27da175190a574db6bed9"},"breadcrumb":{"@id":"https:\/\/valenciasjb.salesianos.edu\/colegio\/aviso-importante-proximo-miercoles-12-de-junio-a-las-18h-en-la-sala-200-reunion-informativa-para-todos-los-alumnos-admitidos-en-las-listas-definitivas\/#breadcrumb"},"inLanguage":"es","potentialAction":[{"@type":"ReadAction","target":["https:\/\/valenciasjb.salesianos.edu\/colegio\/aviso-importante-proximo-miercoles-12-de-junio-a-las-18h-en-la-sala-200-reunion-informativa-para-todos-los-alumnos-admitidos-en-las-listas-definitivas\/"]}]},{"@type":"ImageObject","inLanguage":"es","@id":"https:\/\/valenciasjb.salesianos.edu\/colegio\/aviso-importante-proximo-miercoles-12-de-junio-a-las-18h-en-la-sala-200-reunion-informativa-para-todos-los-alumnos-admitidos-en-las-listas-definitivas\/#primaryimage","url":"https:\/\/valenciasjb.salesianos.edu\/colegio\/wp-content\/uploads\/sites\/2\/2019\/06\/Bienv.jpg","contentUrl":"https:\/\/valenciasjb.salesianos.edu\/colegio\/wp-content\/uploads\/sites\/2\/2019\/06\/Bienv.jpg","width":2366,"height":1329},{"@type":"BreadcrumbList","@id":"https:\/\/valenciasjb.salesianos.edu\/colegio\/aviso-importante-proximo-miercoles-12-de-junio-a-las-18h-en-la-sala-200-reunion-informativa-para-todos-los-alumnos-admitidos-en-las-listas-definitivas\/#breadcrumb","itemListElement":[{"@type":"ListItem","position":1,"name":"Portada","item":"https:\/\/valenciasjb.salesianos.edu\/colegio\/"},{"@type":"ListItem","position":2,"name":"AVISO IMPORTANTE: Pr\u00f3ximo mi\u00e9rcoles 12 de junio a las 18h en la sala 200 reuni\u00f3n informativa para todos los alumnos admitidos en las listas definitivas"}]},{"@type":"WebSite","@id":"https:\/\/valenciasjb.salesianos.edu\/colegio\/#website","url":"https:\/\/valenciasjb.salesianos.edu\/colegio\/","name":"Colegio San Juan Bosco Valencia","description":"P\u00e1gina oficial del Colegio Salesianos San Juan Bosco Valencia","alternateName":"Salesianos.VSJB","potentialAction":[{"@type":"SearchAction","target":{"@type":"EntryPoint","urlTemplate":"https:\/\/valenciasjb.salesianos.edu\/colegio\/?s={search_term_string}"},"query-input":{"@type":"PropertyValueSpecification","valueRequired":true,"valueName":"search_term_string"}}],"inLanguage":"es"},{"@type":"Person","@id":"https:\/\/valenciasjb.salesianos.edu\/colegio\/#\/schema\/person\/1f45b67e52b27da175190a574db6bed9","name":"veronicapastor","image":{"@type":"ImageObject","inLanguage":"es","@id":"https:\/\/secure.gravatar.com\/avatar\/e29bd40bace3fd935e1d6fdb7313ffc14628cc037c5e16f4c7369b20a2a6f7f0?s=96&d=mm&r=g","url":"https:\/\/secure.gravatar.com\/avatar\/e29bd40bace3fd935e1d6fdb7313ffc14628cc037c5e16f4c7369b20a2a6f7f0?s=96&d=mm&r=g","contentUrl":"https:\/\/secure.gravatar.com\/avatar\/e29bd40bace3fd935e1d6fdb7313ffc14628cc037c5e16f4c7369b20a2a6f7f0?s=96&d=mm&r=g","caption":"veronicapastor"}}]}},"_links":{"self":[{"href":"https:\/\/valenciasjb.salesianos.edu\/colegio\/wp-json\/wp\/v2\/posts\/10762","targetHints":{"allow":["GET"]}}],"collection":[{"href":"https:\/\/valenciasjb.salesianos.edu\/colegio\/wp-json\/wp\/v2\/posts"}],"about":[{"href":"https:\/\/valenciasjb.salesianos.edu\/colegio\/wp-json\/wp\/v2\/types\/post"}],"author":[{"embeddable":true,"href":"https:\/\/valenciasjb.salesianos.edu\/colegio\/wp-json\/wp\/v2\/users\/6"}],"replies":[{"embeddable":true,"href":"https:\/\/valenciasjb.salesianos.edu\/colegio\/wp-json\/wp\/v2\/comments?post=10762"}],"version-history":[{"count":1,"href":"https:\/\/valenciasjb.salesianos.edu\/colegio\/wp-json\/wp\/v2\/posts\/10762\/revisions"}],"predecessor-version":[{"id":10764,"href":"https:\/\/valenciasjb.salesianos.edu\/colegio\/wp-json\/wp\/v2\/posts\/10762\/revisions\/10764"}],"wp:featuredmedia":[{"embeddable":true,"href":"https:\/\/valenciasjb.salesianos.edu\/colegio\/wp-json\/wp\/v2\/media\/10763"}],"wp:attachment":[{"href":"https:\/\/valenciasjb.salesianos.edu\/colegio\/wp-json\/wp\/v2\/media?parent=10762"}],"wp:term":[{"taxonomy":"category","embeddable":true,"href":"https:\/\/valenciasjb.salesianos.edu\/colegio\/wp-json\/wp\/v2\/categories?post=10762"},{"taxonomy":"post_tag","embeddable":true,"href":"https:\/\/valenciasjb.salesianos.edu\/colegio\/wp-json\/wp\/v2\/tags?post=10762"}],"curies":[{"name":"wp","href":"https:\/\/api.w.org\/{rel}","templated":true}]}}