{"id":10804,"date":"2019-06-20T09:00:16","date_gmt":"2019-06-20T08:00:16","guid":{"rendered":"https:\/\/valenciasjb.salesianos.edu\/colegio\/?p=10804"},"modified":"2019-06-20T09:10:53","modified_gmt":"2019-06-20T08:10:53","slug":"el-profesor-samuel-cortes-recibe-el-viii-premio-2019-de-investigacion-pedagogica-y-experiencias-didacticas-del-c-d-l-de-valencia-y-castellon","status":"publish","type":"post","link":"https:\/\/valenciasjb.salesianos.edu\/colegio\/el-profesor-samuel-cortes-recibe-el-viii-premio-2019-de-investigacion-pedagogica-y-experiencias-didacticas-del-c-d-l-de-valencia-y-castellon\/","title":{"rendered":"El profesor Samuel Cort\u00e9s recibe el VIII Premio 2019 de Investigaci\u00f3n Pedag\u00f3gica y Experiencias Did\u00e1cticas del C.D.L. de Valencia y Castell\u00f3n"},"content":{"rendered":"<div id=\"fb-root\"><\/div>\n<p>[et_pb_section bb_built=\u00bb1&#8243; admin_label=\u00bbsection\u00bb][et_pb_row admin_label=\u00bbrow\u00bb background_position=\u00bbtop_left\u00bb background_repeat=\u00bbrepeat\u00bb background_size=\u00bbinitial\u00bb][et_pb_column type=\u00bb4_4&#8243;][et_pb_text admin_label=\u00bbEntradilla (Texto)\u00bb _builder_version=\u00bb3.19.18&#8243; text_orientation=\u00bbjustified\u00bb text_font=\u00bb|on|||\u00bb module_alignment=\u00bbleft\u00bb]<\/p>\n<div id=\"resumen\">\n<div class=\"et_pb_module et_pb_text et_pb_text_0 et_pb_bg_layout_light et_pb_text_align_justified\">\n<div class=\"et_pb_text_inner\">\n<div id=\"resumen\">\n<p>El proyecto \u201cEscape Cage\u201d del profesor Samuel Cort\u00e9s ha sido premiado en los VIII Premios 2019 de Investigaci\u00f3n Pedag\u00f3gica y Experiencias Did\u00e1cticas del Colegio de Doctores y Licenciados en Filosof\u00eda y Letras y en Ciencias de Valencia y Castell\u00f3n.<\/p>\n<\/div>\n<\/div>\n<\/div>\n<\/div>\n<p>[\/et_pb_text][et_pb_text admin_label=\u00bbAutor (Texto)\u00bb _builder_version=\u00bb3.19.18&#8243; text_font=\u00bb||on||\u00bb]<\/p>\n<p>Redacci\u00f3n.<\/p>\n<p>[\/et_pb_text][et_pb_text admin_label=\u00bbDesarrollo (Texto)\u00bb _builder_version=\u00bb3.19.18&#8243; text_orientation=\u00bbjustified\u00bb module_alignment=\u00bbleft\u00bb]<\/p>\n<p>El martes 18 de junio, por la tarde, tuvo lugar el acto de entrega de los VIII Premios 2019 de Investigaci\u00f3n Pedag\u00f3gica y Experiencias Did\u00e1cticas del Colegio de Doctores y Licenciados en Filosof\u00eda y Letras y en Ciencias de Valencia y Castell\u00f3n. El profesor Samuel Cort\u00e9s fue premiado por su\u00a0proyecto \u201cEscape Cage\u201d, para el fomento de las matem\u00e1ticas.<\/p>\n<p>El objetivo de estos premios es la consecuci\u00f3n de la calidad y mejora de la educaci\u00f3n, as\u00ed como al desarrollo de las competencias que se consideran imprescindibles en la sociedad del conocimiento. Para ello es preciso disponer de propuestas pedag\u00f3gicas y materiales innovadores que sirvan de est\u00edmulo a los docentes y den respuesta a estos objetivos.<\/p>\n<p>El proyecto premiado consiste en una escape room de matem\u00e1ticas para alumnado de primero de Bachillerato, o mejor dicho una escape cage, ya que se trata de una jaula de donde el alumnado debe escapar.<\/p>\n<p>La actividad est\u00e1 propuesta a los alumnos y alumnas de la modalidad de Bachillerato Cient\u00edfico-tecnol\u00f3gico, de primer curso. La actividad es voluntaria y se realiza fuera del horario escolar, y a\u00fan as\u00ed contamos con una participaci\u00f3n de m\u00e1s del 75%. Tambi\u00e9n han puesto a prueba su ingenio un grupo de profesores, as\u00ed como un par de grupos de segundo de Bachillerato, y alumnado de otros colegios. Cada grupo deber\u00e1 organizarse para resolver los enigmas, puzzles, cuestionarios, ecuaciones, problemas\u2026 para ir avanzando hasta encontrar la llave que les permita escapar.<\/p>\n<p>Esta es una experiencia que tambi\u00e9n ha destacado el Suplemento Aula Levante, tanto en su edici\u00f3n en l\u00ednea como impresa, con un especial dedicado a este proyecto de innovaci\u00f3n educativa, desarrollado por el profesor Samuel Cort\u00e9s, para despertar el inter\u00e9s del alumnado por las matem\u00e1ticas. M\u00e1s informaci\u00f3n:\u00a0<a href=\"https:\/\/valenciasjb.salesianos.edu\/blog\/escape-room-matematico-en-primero-de-bachillerato-destacado-como-proyecto-de-innovacion-educativa-en-el-suplemento-aula-levante\/\">https:\/\/valenciasjb.salesianos.edu\/blog\/escape-room-matematico-en-primero-de-bachillerato-destacado-como-proyecto-de-innovacion-educativa-en-el-suplemento-aula-levante\/<\/a><\/p>\n<div>Enlace de facebook del CDL:<\/div>\n<div>\u00a0<\/div>\n<div><a href=\"https:\/\/www.facebook.com\/Cdl-Val%C3%A8ncia-Castell%C3%B3-209992596015463\/?__tn__=kC-R&amp;eid=ARBkPCOv9b1TJE2AmjYpgtU8-DVsigxLj6Di8R0oQwZCP5s-6kUDDAg_CPpzLn6f6J12oLrUqx4DFHae&amp;hc_ref=ARS_JNfoTko3VyNcPXN3Tz5S_jbkzq1zrdVSxbJSlsQJsiq8a5-YRW1KfcaZIlsD1qQ&amp;fref=nf&amp;__xts__%5B0%5D=68.ARBfAVqNyRiMbpCuWEJT3GaT7PW18ikr2EBzBxCum_WJcZF-SopkvctmRjke0irsvJrnYlpRVf8syF2EvHlfwZhydBKMMyugzTKPtmiP1y_qlQUu1Wye22zNN-A4i0xPayDFJeaCbpN8INB_3MpoVJpcWMqVvaoFe1HR4BlAMdLZ3k6wZMAcImpog7XQKM984BcNUpDaCdV41ZCWmaORSxuj5fwtABBJ8dZkUPHLNlOFRZbIPysTImDcYKvDqE0SoBCpS5hUBdYc7lUVPlx2oawEvvybRpTUiTxYV57NIdUGHDraZRvXteJ31cFHMb52LwLio-5u-K7ClVUUebCrlLs\" target=\"_blank\" rel=\"noopener noreferrer\" data-saferedirecturl=\"https:\/\/www.google.com\/url?q=https:\/\/www.facebook.com\/Cdl-Val%25C3%25A8ncia-Castell%25C3%25B3-209992596015463\/?__tn__%3DkC-R%26eid%3DARBkPCOv9b1TJE2AmjYpgtU8-DVsigxLj6Di8R0oQwZCP5s-6kUDDAg_CPpzLn6f6J12oLrUqx4DFHae%26hc_ref%3DARS_JNfoTko3VyNcPXN3Tz5S_jbkzq1zrdVSxbJSlsQJsiq8a5-YRW1KfcaZIlsD1qQ%26fref%3Dnf%26__xts__%255B0%255D%3D68.ARBfAVqNyRiMbpCuWEJT3GaT7PW18ikr2EBzBxCum_WJcZF-SopkvctmRjke0irsvJrnYlpRVf8syF2EvHlfwZhydBKMMyugzTKPtmiP1y_qlQUu1Wye22zNN-A4i0xPayDFJeaCbpN8INB_3MpoVJpcWMqVvaoFe1HR4BlAMdLZ3k6wZMAcImpog7XQKM984BcNUpDaCdV41ZCWmaORSxuj5fwtABBJ8dZkUPHLNlOFRZbIPysTImDcYKvDqE0SoBCpS5hUBdYc7lUVPlx2oawEvvybRpTUiTxYV57NIdUGHDraZRvXteJ31cFHMb52LwLio-5u-K7ClVUUebCrlLs&amp;source=gmail&amp;ust=1561102295673000&amp;usg=AFQjCNFo1tVWkDCpJdim3WhygiR6mSUDJg\">https:\/\/www.facebook.com\/Cdl-Val%C3%A8ncia-Castell%C3%B3-209992596015463\/?__tn__=kC-R&amp;eid=ARBkPCOv9b1TJE2AmjYpgtU8-DVsigxLj6Di8R0oQwZCP5s-6kUDDAg_CPpzLn6f6J12oLrUqx4DFHae&amp;hc_ref=ARS_JNfoTko3VyNcPXN3Tz5S_jbkzq1zrdVSxbJSlsQJsiq8a5-YRW1KfcaZIlsD1qQ&amp;fref=nf&amp;__xts__%5B0%5D=68.ARBfAVqNyRiMbpCuWEJT3GaT7PW18ikr2EBzBxCum_WJcZF-SopkvctmRjke0irsvJrnYlpRVf8syF2EvHlfwZhydBKMMyugzTKPtmiP1y_qlQUu1Wye22zNN-A4i0xPayDFJeaCbpN8INB_3MpoVJpcWMqVvaoFe1HR4BlAMdLZ3k6wZMAcImpog7XQKM984BcNUpDaCdV41ZCWmaORSxuj5fwtABBJ8dZkUPHLNlOFRZbIPysTImDcYKvDqE0SoBCpS5hUBdYc7lUVPlx2oawEvvybRpTUiTxYV57NIdUGHDraZRvXteJ31cFHMb52LwLio-5u-K7ClVUUebCrlLs<\/a><\/div>\n<p>[\/et_pb_text][et_pb_text admin_label=\u00bbT\u00edtulo: Galer\u00eda de fotos (Texto)\u00bb _builder_version=\u00bb3.19.18&#8243; background_layout=\u00bblight\u00bb text_font=\u00bb|on|||\u00bb text_text_color=\u00bb#dc001b\u00bb border_style=\u00bbsolid\u00bb disabled=\u00bboff\u00bb disabled_on=\u00bboff|on|on\u00bb]<\/p>\n<p>Galer\u00eda de im\u00e1genes<\/p>\n<p>[\/et_pb_text][et_pb_gallery _builder_version=\u00bb3.19.18&#8243; posts_number=\u00bb8&#8243; show_title_and_caption=\u00bboff\u00bb zoom_icon_color=\u00bb#dc001b\u00bb hover_overlay_color=\u00bbrgba(255,255,255,0.9)\u00bb hover_icon=\u00bb%%51%%\u00bb disabled=\u00bboff\u00bb disabled_on=\u00bboff|off|off\u00bb gallery_ids=\u00bb10811,10805,10806&#8243; pagination_font_size_tablet=\u00bb51&#8243; pagination_line_height_tablet=\u00bb2&#8243; \/][et_pb_video _builder_version=\u00bb3.19.18&#8243; disabled=\u00bboff\u00bb disabled_on=\u00bboff|off|off\u00bb src=\u00bbhttps:\/\/www.youtube.com\/watch?v=M4VZnvJ7_3M\u00bb \/][\/et_pb_column][\/et_pb_row][\/et_pb_section]<\/p>\n<!-- AddThis Advanced Settings generic via filter on the_content --><!-- AddThis Share Buttons generic via filter on the_content -->","protected":false},"excerpt":{"rendered":"<p>El proyecto \u201cEscape Cage\u201d del profesor Samuel Cort\u00e9s ha sido premiado en los VIII Premios 2019 de Investigaci\u00f3n Pedag\u00f3gica y Experiencias Did\u00e1cticas del Colegio de Doctores y Licenciados en Filosof\u00eda y Letras y en Ciencias de Valencia y Castell\u00f3n. Redacci\u00f3n. El martes 18 de junio, por la tarde, tuvo lugar el acto de entrega de [&hellip;]<\/p>\n<p><!-- AddThis Advanced Settings generic via filter on get_the_excerpt --><!-- AddThis Share Buttons generic via filter on get_the_excerpt --><\/p>\n","protected":false},"author":6,"featured_media":10806,"comment_status":"closed","ping_status":"open","sticky":false,"template":"","format":"standard","meta":{"_et_pb_use_builder":"on","_et_pb_old_content":"","_et_gb_content_width":"","footnotes":""},"categories":[14],"tags":[],"class_list":["post-10804","post","type-post","status-publish","format-standard","has-post-thumbnail","hentry","category-noticia_colegio"],"yoast_head":"<!-- This site is optimized with the Yoast SEO plugin v28.4 - https:\/\/yoast.com\/product\/yoast-seo-wordpress\/ -->\n<title>El profesor Samuel Cort\u00e9s recibe el VIII Premio 2019 de Investigaci\u00f3n Pedag\u00f3gica y Experiencias Did\u00e1cticas del C.D.L. de Valencia y Castell\u00f3n - Colegio San Juan Bosco Valencia<\/title>\n<meta name=\"robots\" content=\"index, follow, max-snippet:-1, max-image-preview:large, max-video-preview:-1\" \/>\n<link rel=\"canonical\" href=\"https:\/\/valenciasjb.salesianos.edu\/colegio\/el-profesor-samuel-cortes-recibe-el-viii-premio-2019-de-investigacion-pedagogica-y-experiencias-didacticas-del-c-d-l-de-valencia-y-castellon\/\" \/>\n<meta property=\"og:locale\" content=\"es_ES\" \/>\n<meta property=\"og:type\" content=\"article\" \/>\n<meta property=\"og:title\" content=\"El profesor Samuel Cort\u00e9s recibe el VIII Premio 2019 de Investigaci\u00f3n Pedag\u00f3gica y Experiencias Did\u00e1cticas del C.D.L. de Valencia y Castell\u00f3n - Colegio San Juan Bosco Valencia\" \/>\n<meta property=\"og:description\" content=\"El proyecto \u201cEscape Cage\u201d del profesor Samuel Cort\u00e9s ha sido premiado en los VIII Premios 2019 de Investigaci\u00f3n Pedag\u00f3gica y Experiencias Did\u00e1cticas del Colegio de Doctores y Licenciados en Filosof\u00eda y Letras y en Ciencias de Valencia y Castell\u00f3n. Redacci\u00f3n. El martes 18 de junio, por la tarde, tuvo lugar el acto de entrega de [&hellip;]\" \/>\n<meta property=\"og:url\" content=\"https:\/\/valenciasjb.salesianos.edu\/colegio\/el-profesor-samuel-cortes-recibe-el-viii-premio-2019-de-investigacion-pedagogica-y-experiencias-didacticas-del-c-d-l-de-valencia-y-castellon\/\" \/>\n<meta property=\"og:site_name\" content=\"Colegio San Juan Bosco Valencia\" \/>\n<meta property=\"article:publisher\" content=\"https:\/\/www.facebook.com\/ColegioSalesianoSanJuanBoscoValencia\" \/>\n<meta property=\"article:published_time\" content=\"2019-06-20T08:00:16+00:00\" \/>\n<meta property=\"article:modified_time\" content=\"2019-06-20T08:10:53+00:00\" \/>\n<meta property=\"og:image\" content=\"https:\/\/valenciasjb.salesianos.edu\/colegio\/wp-content\/uploads\/sites\/2\/2019\/06\/cdl3.jpg\" \/>\n\t<meta property=\"og:image:width\" content=\"4000\" \/>\n\t<meta property=\"og:image:height\" content=\"3000\" \/>\n\t<meta property=\"og:image:type\" content=\"image\/jpeg\" \/>\n<meta name=\"author\" content=\"veronicapastor\" \/>\n<meta name=\"twitter:card\" content=\"summary_large_image\" \/>\n<meta name=\"twitter:creator\" content=\"@SalesianosVSJB\" \/>\n<meta name=\"twitter:site\" content=\"@SalesianosVSJB\" \/>\n<meta name=\"twitter:label1\" content=\"Escrito por\" \/>\n\t<meta name=\"twitter:data1\" content=\"veronicapastor\" \/>\n\t<meta name=\"twitter:label2\" content=\"Tiempo de lectura\" \/>\n\t<meta name=\"twitter:data2\" content=\"3 minutos\" \/>\n<script type=\"application\/ld+json\" class=\"yoast-schema-graph\">{\"@context\":\"https:\\\/\\\/schema.org\",\"@graph\":[{\"@type\":\"Article\",\"@id\":\"https:\\\/\\\/valenciasjb.salesianos.edu\\\/colegio\\\/el-profesor-samuel-cortes-recibe-el-viii-premio-2019-de-investigacion-pedagogica-y-experiencias-didacticas-del-c-d-l-de-valencia-y-castellon\\\/#article\",\"isPartOf\":{\"@id\":\"https:\\\/\\\/valenciasjb.salesianos.edu\\\/colegio\\\/el-profesor-samuel-cortes-recibe-el-viii-premio-2019-de-investigacion-pedagogica-y-experiencias-didacticas-del-c-d-l-de-valencia-y-castellon\\\/\"},\"author\":{\"name\":\"veronicapastor\",\"@id\":\"https:\\\/\\\/valenciasjb.salesianos.edu\\\/colegio\\\/#\\\/schema\\\/person\\\/1f45b67e52b27da175190a574db6bed9\"},\"headline\":\"El profesor Samuel Cort\u00e9s recibe el VIII Premio 2019 de Investigaci\u00f3n Pedag\u00f3gica y Experiencias Did\u00e1cticas del C.D.L. de Valencia y Castell\u00f3n\",\"datePublished\":\"2019-06-20T08:00:16+00:00\",\"dateModified\":\"2019-06-20T08:10:53+00:00\",\"mainEntityOfPage\":{\"@id\":\"https:\\\/\\\/valenciasjb.salesianos.edu\\\/colegio\\\/el-profesor-samuel-cortes-recibe-el-viii-premio-2019-de-investigacion-pedagogica-y-experiencias-didacticas-del-c-d-l-de-valencia-y-castellon\\\/\"},\"wordCount\":676,\"image\":{\"@id\":\"https:\\\/\\\/valenciasjb.salesianos.edu\\\/colegio\\\/el-profesor-samuel-cortes-recibe-el-viii-premio-2019-de-investigacion-pedagogica-y-experiencias-didacticas-del-c-d-l-de-valencia-y-castellon\\\/#primaryimage\"},\"thumbnailUrl\":\"https:\\\/\\\/valenciasjb.salesianos.edu\\\/colegio\\\/wp-content\\\/uploads\\\/sites\\\/2\\\/2019\\\/06\\\/cdl3.jpg\",\"articleSection\":[\"Noticia Colegio\"],\"inLanguage\":\"es\"},{\"@type\":\"WebPage\",\"@id\":\"https:\\\/\\\/valenciasjb.salesianos.edu\\\/colegio\\\/el-profesor-samuel-cortes-recibe-el-viii-premio-2019-de-investigacion-pedagogica-y-experiencias-didacticas-del-c-d-l-de-valencia-y-castellon\\\/\",\"url\":\"https:\\\/\\\/valenciasjb.salesianos.edu\\\/colegio\\\/el-profesor-samuel-cortes-recibe-el-viii-premio-2019-de-investigacion-pedagogica-y-experiencias-didacticas-del-c-d-l-de-valencia-y-castellon\\\/\",\"name\":\"El profesor Samuel Cort\u00e9s recibe el VIII Premio 2019 de Investigaci\u00f3n Pedag\u00f3gica y Experiencias Did\u00e1cticas del C.D.L. de Valencia y Castell\u00f3n - Colegio San Juan Bosco Valencia\",\"isPartOf\":{\"@id\":\"https:\\\/\\\/valenciasjb.salesianos.edu\\\/colegio\\\/#website\"},\"primaryImageOfPage\":{\"@id\":\"https:\\\/\\\/valenciasjb.salesianos.edu\\\/colegio\\\/el-profesor-samuel-cortes-recibe-el-viii-premio-2019-de-investigacion-pedagogica-y-experiencias-didacticas-del-c-d-l-de-valencia-y-castellon\\\/#primaryimage\"},\"image\":{\"@id\":\"https:\\\/\\\/valenciasjb.salesianos.edu\\\/colegio\\\/el-profesor-samuel-cortes-recibe-el-viii-premio-2019-de-investigacion-pedagogica-y-experiencias-didacticas-del-c-d-l-de-valencia-y-castellon\\\/#primaryimage\"},\"thumbnailUrl\":\"https:\\\/\\\/valenciasjb.salesianos.edu\\\/colegio\\\/wp-content\\\/uploads\\\/sites\\\/2\\\/2019\\\/06\\\/cdl3.jpg\",\"datePublished\":\"2019-06-20T08:00:16+00:00\",\"dateModified\":\"2019-06-20T08:10:53+00:00\",\"author\":{\"@id\":\"https:\\\/\\\/valenciasjb.salesianos.edu\\\/colegio\\\/#\\\/schema\\\/person\\\/1f45b67e52b27da175190a574db6bed9\"},\"breadcrumb\":{\"@id\":\"https:\\\/\\\/valenciasjb.salesianos.edu\\\/colegio\\\/el-profesor-samuel-cortes-recibe-el-viii-premio-2019-de-investigacion-pedagogica-y-experiencias-didacticas-del-c-d-l-de-valencia-y-castellon\\\/#breadcrumb\"},\"inLanguage\":\"es\",\"potentialAction\":[{\"@type\":\"ReadAction\",\"target\":[\"https:\\\/\\\/valenciasjb.salesianos.edu\\\/colegio\\\/el-profesor-samuel-cortes-recibe-el-viii-premio-2019-de-investigacion-pedagogica-y-experiencias-didacticas-del-c-d-l-de-valencia-y-castellon\\\/\"]}]},{\"@type\":\"ImageObject\",\"inLanguage\":\"es\",\"@id\":\"https:\\\/\\\/valenciasjb.salesianos.edu\\\/colegio\\\/el-profesor-samuel-cortes-recibe-el-viii-premio-2019-de-investigacion-pedagogica-y-experiencias-didacticas-del-c-d-l-de-valencia-y-castellon\\\/#primaryimage\",\"url\":\"https:\\\/\\\/valenciasjb.salesianos.edu\\\/colegio\\\/wp-content\\\/uploads\\\/sites\\\/2\\\/2019\\\/06\\\/cdl3.jpg\",\"contentUrl\":\"https:\\\/\\\/valenciasjb.salesianos.edu\\\/colegio\\\/wp-content\\\/uploads\\\/sites\\\/2\\\/2019\\\/06\\\/cdl3.jpg\",\"width\":4000,\"height\":3000},{\"@type\":\"BreadcrumbList\",\"@id\":\"https:\\\/\\\/valenciasjb.salesianos.edu\\\/colegio\\\/el-profesor-samuel-cortes-recibe-el-viii-premio-2019-de-investigacion-pedagogica-y-experiencias-didacticas-del-c-d-l-de-valencia-y-castellon\\\/#breadcrumb\",\"itemListElement\":[{\"@type\":\"ListItem\",\"position\":1,\"name\":\"Portada\",\"item\":\"https:\\\/\\\/valenciasjb.salesianos.edu\\\/colegio\\\/\"},{\"@type\":\"ListItem\",\"position\":2,\"name\":\"El profesor Samuel Cort\u00e9s recibe el VIII Premio 2019 de Investigaci\u00f3n Pedag\u00f3gica y Experiencias Did\u00e1cticas del C.D.L. de Valencia y Castell\u00f3n\"}]},{\"@type\":\"WebSite\",\"@id\":\"https:\\\/\\\/valenciasjb.salesianos.edu\\\/colegio\\\/#website\",\"url\":\"https:\\\/\\\/valenciasjb.salesianos.edu\\\/colegio\\\/\",\"name\":\"Colegio San Juan Bosco Valencia\",\"description\":\"P\u00e1gina oficial del Colegio Salesianos San Juan Bosco Valencia\",\"alternateName\":\"Salesianos.VSJB\",\"potentialAction\":[{\"@type\":\"SearchAction\",\"target\":{\"@type\":\"EntryPoint\",\"urlTemplate\":\"https:\\\/\\\/valenciasjb.salesianos.edu\\\/colegio\\\/?s={search_term_string}\"},\"query-input\":{\"@type\":\"PropertyValueSpecification\",\"valueRequired\":true,\"valueName\":\"search_term_string\"}}],\"inLanguage\":\"es\"},{\"@type\":\"Person\",\"@id\":\"https:\\\/\\\/valenciasjb.salesianos.edu\\\/colegio\\\/#\\\/schema\\\/person\\\/1f45b67e52b27da175190a574db6bed9\",\"name\":\"veronicapastor\",\"image\":{\"@type\":\"ImageObject\",\"inLanguage\":\"es\",\"@id\":\"https:\\\/\\\/secure.gravatar.com\\\/avatar\\\/e29bd40bace3fd935e1d6fdb7313ffc14628cc037c5e16f4c7369b20a2a6f7f0?s=96&d=mm&r=g\",\"url\":\"https:\\\/\\\/secure.gravatar.com\\\/avatar\\\/e29bd40bace3fd935e1d6fdb7313ffc14628cc037c5e16f4c7369b20a2a6f7f0?s=96&d=mm&r=g\",\"contentUrl\":\"https:\\\/\\\/secure.gravatar.com\\\/avatar\\\/e29bd40bace3fd935e1d6fdb7313ffc14628cc037c5e16f4c7369b20a2a6f7f0?s=96&d=mm&r=g\",\"caption\":\"veronicapastor\"}}]}<\/script>\n<!-- \/ Yoast SEO plugin. -->","yoast_head_json":{"title":"El profesor Samuel Cort\u00e9s recibe el VIII Premio 2019 de Investigaci\u00f3n Pedag\u00f3gica y Experiencias Did\u00e1cticas del C.D.L. de Valencia y Castell\u00f3n - Colegio San Juan Bosco Valencia","robots":{"index":"index","follow":"follow","max-snippet":"max-snippet:-1","max-image-preview":"max-image-preview:large","max-video-preview":"max-video-preview:-1"},"canonical":"https:\/\/valenciasjb.salesianos.edu\/colegio\/el-profesor-samuel-cortes-recibe-el-viii-premio-2019-de-investigacion-pedagogica-y-experiencias-didacticas-del-c-d-l-de-valencia-y-castellon\/","og_locale":"es_ES","og_type":"article","og_title":"El profesor Samuel Cort\u00e9s recibe el VIII Premio 2019 de Investigaci\u00f3n Pedag\u00f3gica y Experiencias Did\u00e1cticas del C.D.L. de Valencia y Castell\u00f3n - Colegio San Juan Bosco Valencia","og_description":"El proyecto \u201cEscape Cage\u201d del profesor Samuel Cort\u00e9s ha sido premiado en los VIII Premios 2019 de Investigaci\u00f3n Pedag\u00f3gica y Experiencias Did\u00e1cticas del Colegio de Doctores y Licenciados en Filosof\u00eda y Letras y en Ciencias de Valencia y Castell\u00f3n. Redacci\u00f3n. El martes 18 de junio, por la tarde, tuvo lugar el acto de entrega de [&hellip;]","og_url":"https:\/\/valenciasjb.salesianos.edu\/colegio\/el-profesor-samuel-cortes-recibe-el-viii-premio-2019-de-investigacion-pedagogica-y-experiencias-didacticas-del-c-d-l-de-valencia-y-castellon\/","og_site_name":"Colegio San Juan Bosco Valencia","article_publisher":"https:\/\/www.facebook.com\/ColegioSalesianoSanJuanBoscoValencia","article_published_time":"2019-06-20T08:00:16+00:00","article_modified_time":"2019-06-20T08:10:53+00:00","og_image":[{"width":4000,"height":3000,"url":"https:\/\/valenciasjb.salesianos.edu\/colegio\/wp-content\/uploads\/sites\/2\/2019\/06\/cdl3.jpg","type":"image\/jpeg"}],"author":"veronicapastor","twitter_card":"summary_large_image","twitter_creator":"@SalesianosVSJB","twitter_site":"@SalesianosVSJB","twitter_misc":{"Escrito por":"veronicapastor","Tiempo de lectura":"3 minutos"},"schema":{"@context":"https:\/\/schema.org","@graph":[{"@type":"Article","@id":"https:\/\/valenciasjb.salesianos.edu\/colegio\/el-profesor-samuel-cortes-recibe-el-viii-premio-2019-de-investigacion-pedagogica-y-experiencias-didacticas-del-c-d-l-de-valencia-y-castellon\/#article","isPartOf":{"@id":"https:\/\/valenciasjb.salesianos.edu\/colegio\/el-profesor-samuel-cortes-recibe-el-viii-premio-2019-de-investigacion-pedagogica-y-experiencias-didacticas-del-c-d-l-de-valencia-y-castellon\/"},"author":{"name":"veronicapastor","@id":"https:\/\/valenciasjb.salesianos.edu\/colegio\/#\/schema\/person\/1f45b67e52b27da175190a574db6bed9"},"headline":"El profesor Samuel Cort\u00e9s recibe el VIII Premio 2019 de Investigaci\u00f3n Pedag\u00f3gica y Experiencias Did\u00e1cticas del C.D.L. de Valencia y Castell\u00f3n","datePublished":"2019-06-20T08:00:16+00:00","dateModified":"2019-06-20T08:10:53+00:00","mainEntityOfPage":{"@id":"https:\/\/valenciasjb.salesianos.edu\/colegio\/el-profesor-samuel-cortes-recibe-el-viii-premio-2019-de-investigacion-pedagogica-y-experiencias-didacticas-del-c-d-l-de-valencia-y-castellon\/"},"wordCount":676,"image":{"@id":"https:\/\/valenciasjb.salesianos.edu\/colegio\/el-profesor-samuel-cortes-recibe-el-viii-premio-2019-de-investigacion-pedagogica-y-experiencias-didacticas-del-c-d-l-de-valencia-y-castellon\/#primaryimage"},"thumbnailUrl":"https:\/\/valenciasjb.salesianos.edu\/colegio\/wp-content\/uploads\/sites\/2\/2019\/06\/cdl3.jpg","articleSection":["Noticia Colegio"],"inLanguage":"es"},{"@type":"WebPage","@id":"https:\/\/valenciasjb.salesianos.edu\/colegio\/el-profesor-samuel-cortes-recibe-el-viii-premio-2019-de-investigacion-pedagogica-y-experiencias-didacticas-del-c-d-l-de-valencia-y-castellon\/","url":"https:\/\/valenciasjb.salesianos.edu\/colegio\/el-profesor-samuel-cortes-recibe-el-viii-premio-2019-de-investigacion-pedagogica-y-experiencias-didacticas-del-c-d-l-de-valencia-y-castellon\/","name":"El profesor Samuel Cort\u00e9s recibe el VIII Premio 2019 de Investigaci\u00f3n Pedag\u00f3gica y Experiencias Did\u00e1cticas del C.D.L. de Valencia y Castell\u00f3n - Colegio San Juan Bosco Valencia","isPartOf":{"@id":"https:\/\/valenciasjb.salesianos.edu\/colegio\/#website"},"primaryImageOfPage":{"@id":"https:\/\/valenciasjb.salesianos.edu\/colegio\/el-profesor-samuel-cortes-recibe-el-viii-premio-2019-de-investigacion-pedagogica-y-experiencias-didacticas-del-c-d-l-de-valencia-y-castellon\/#primaryimage"},"image":{"@id":"https:\/\/valenciasjb.salesianos.edu\/colegio\/el-profesor-samuel-cortes-recibe-el-viii-premio-2019-de-investigacion-pedagogica-y-experiencias-didacticas-del-c-d-l-de-valencia-y-castellon\/#primaryimage"},"thumbnailUrl":"https:\/\/valenciasjb.salesianos.edu\/colegio\/wp-content\/uploads\/sites\/2\/2019\/06\/cdl3.jpg","datePublished":"2019-06-20T08:00:16+00:00","dateModified":"2019-06-20T08:10:53+00:00","author":{"@id":"https:\/\/valenciasjb.salesianos.edu\/colegio\/#\/schema\/person\/1f45b67e52b27da175190a574db6bed9"},"breadcrumb":{"@id":"https:\/\/valenciasjb.salesianos.edu\/colegio\/el-profesor-samuel-cortes-recibe-el-viii-premio-2019-de-investigacion-pedagogica-y-experiencias-didacticas-del-c-d-l-de-valencia-y-castellon\/#breadcrumb"},"inLanguage":"es","potentialAction":[{"@type":"ReadAction","target":["https:\/\/valenciasjb.salesianos.edu\/colegio\/el-profesor-samuel-cortes-recibe-el-viii-premio-2019-de-investigacion-pedagogica-y-experiencias-didacticas-del-c-d-l-de-valencia-y-castellon\/"]}]},{"@type":"ImageObject","inLanguage":"es","@id":"https:\/\/valenciasjb.salesianos.edu\/colegio\/el-profesor-samuel-cortes-recibe-el-viii-premio-2019-de-investigacion-pedagogica-y-experiencias-didacticas-del-c-d-l-de-valencia-y-castellon\/#primaryimage","url":"https:\/\/valenciasjb.salesianos.edu\/colegio\/wp-content\/uploads\/sites\/2\/2019\/06\/cdl3.jpg","contentUrl":"https:\/\/valenciasjb.salesianos.edu\/colegio\/wp-content\/uploads\/sites\/2\/2019\/06\/cdl3.jpg","width":4000,"height":3000},{"@type":"BreadcrumbList","@id":"https:\/\/valenciasjb.salesianos.edu\/colegio\/el-profesor-samuel-cortes-recibe-el-viii-premio-2019-de-investigacion-pedagogica-y-experiencias-didacticas-del-c-d-l-de-valencia-y-castellon\/#breadcrumb","itemListElement":[{"@type":"ListItem","position":1,"name":"Portada","item":"https:\/\/valenciasjb.salesianos.edu\/colegio\/"},{"@type":"ListItem","position":2,"name":"El profesor Samuel Cort\u00e9s recibe el VIII Premio 2019 de Investigaci\u00f3n Pedag\u00f3gica y Experiencias Did\u00e1cticas del C.D.L. de Valencia y Castell\u00f3n"}]},{"@type":"WebSite","@id":"https:\/\/valenciasjb.salesianos.edu\/colegio\/#website","url":"https:\/\/valenciasjb.salesianos.edu\/colegio\/","name":"Colegio San Juan Bosco Valencia","description":"P\u00e1gina oficial del Colegio Salesianos San Juan Bosco Valencia","alternateName":"Salesianos.VSJB","potentialAction":[{"@type":"SearchAction","target":{"@type":"EntryPoint","urlTemplate":"https:\/\/valenciasjb.salesianos.edu\/colegio\/?s={search_term_string}"},"query-input":{"@type":"PropertyValueSpecification","valueRequired":true,"valueName":"search_term_string"}}],"inLanguage":"es"},{"@type":"Person","@id":"https:\/\/valenciasjb.salesianos.edu\/colegio\/#\/schema\/person\/1f45b67e52b27da175190a574db6bed9","name":"veronicapastor","image":{"@type":"ImageObject","inLanguage":"es","@id":"https:\/\/secure.gravatar.com\/avatar\/e29bd40bace3fd935e1d6fdb7313ffc14628cc037c5e16f4c7369b20a2a6f7f0?s=96&d=mm&r=g","url":"https:\/\/secure.gravatar.com\/avatar\/e29bd40bace3fd935e1d6fdb7313ffc14628cc037c5e16f4c7369b20a2a6f7f0?s=96&d=mm&r=g","contentUrl":"https:\/\/secure.gravatar.com\/avatar\/e29bd40bace3fd935e1d6fdb7313ffc14628cc037c5e16f4c7369b20a2a6f7f0?s=96&d=mm&r=g","caption":"veronicapastor"}}]}},"_links":{"self":[{"href":"https:\/\/valenciasjb.salesianos.edu\/colegio\/wp-json\/wp\/v2\/posts\/10804","targetHints":{"allow":["GET"]}}],"collection":[{"href":"https:\/\/valenciasjb.salesianos.edu\/colegio\/wp-json\/wp\/v2\/posts"}],"about":[{"href":"https:\/\/valenciasjb.salesianos.edu\/colegio\/wp-json\/wp\/v2\/types\/post"}],"author":[{"embeddable":true,"href":"https:\/\/valenciasjb.salesianos.edu\/colegio\/wp-json\/wp\/v2\/users\/6"}],"replies":[{"embeddable":true,"href":"https:\/\/valenciasjb.salesianos.edu\/colegio\/wp-json\/wp\/v2\/comments?post=10804"}],"version-history":[{"count":5,"href":"https:\/\/valenciasjb.salesianos.edu\/colegio\/wp-json\/wp\/v2\/posts\/10804\/revisions"}],"predecessor-version":[{"id":10812,"href":"https:\/\/valenciasjb.salesianos.edu\/colegio\/wp-json\/wp\/v2\/posts\/10804\/revisions\/10812"}],"wp:featuredmedia":[{"embeddable":true,"href":"https:\/\/valenciasjb.salesianos.edu\/colegio\/wp-json\/wp\/v2\/media\/10806"}],"wp:attachment":[{"href":"https:\/\/valenciasjb.salesianos.edu\/colegio\/wp-json\/wp\/v2\/media?parent=10804"}],"wp:term":[{"taxonomy":"category","embeddable":true,"href":"https:\/\/valenciasjb.salesianos.edu\/colegio\/wp-json\/wp\/v2\/categories?post=10804"},{"taxonomy":"post_tag","embeddable":true,"href":"https:\/\/valenciasjb.salesianos.edu\/colegio\/wp-json\/wp\/v2\/tags?post=10804"}],"curies":[{"name":"wp","href":"https:\/\/api.w.org\/{rel}","templated":true}]}}