{"id":10861,"date":"2019-07-01T14:54:32","date_gmt":"2019-07-01T13:54:32","guid":{"rendered":"https:\/\/valenciasjb.salesianos.edu\/colegio\/?p=10861"},"modified":"2019-07-02T07:40:10","modified_gmt":"2019-07-02T06:40:10","slug":"el-alumno-jorge-lafuente-gil-seleccionado-para-formar-parte-del-grupo-de-25-alumnas-y-alumnos-que-integraran-la-13o-promocion-de-estalmat-cv-durante-el-bieno-2019-21","status":"publish","type":"post","link":"https:\/\/valenciasjb.salesianos.edu\/colegio\/el-alumno-jorge-lafuente-gil-seleccionado-para-formar-parte-del-grupo-de-25-alumnas-y-alumnos-que-integraran-la-13o-promocion-de-estalmat-cv-durante-el-bieno-2019-21\/","title":{"rendered":"El alumno Jorge Lafuente Gil seleccionado para formar parte del grupo de 25 alumnas y alumnos que integrar\u00e1n la 13\u00ba promoci\u00f3n de Estalmat CV durante el bienio 2019-21"},"content":{"rendered":"<div id=\"fb-root\"><\/div>\n<p>[et_pb_section bb_built=\u00bb1&#8243; admin_label=\u00bbsection\u00bb][et_pb_row admin_label=\u00bbrow\u00bb background_position=\u00bbtop_left\u00bb background_repeat=\u00bbrepeat\u00bb background_size=\u00bbinitial\u00bb][et_pb_column type=\u00bb4_4&#8243;][et_pb_text admin_label=\u00bbEntradilla (Texto)\u00bb _builder_version=\u00bb3.19.18&#8243; text_orientation=\u00bbjustified\u00bb text_font=\u00bb|on|||\u00bb module_alignment=\u00bbleft\u00bb]<\/p>\n<div id=\"resumen\">\n<p><span style=\"font-weight: 400\">ESTALMAT es un proyecto de la Real Academia de Ciencias Exactas, F\u00edsicas y Naturales, en colaboraci\u00f3n con la Universidad de Valencia, que trata la detecci\u00f3n, orientaci\u00f3n y est\u00edmulo del talento matem\u00e1tico de estudiantes de 12-13 a\u00f1os sin extraerlos de su entorno. Este proceso tiene lugar durante dos a\u00f1os, en los que las alumnas y alumnos asisten de forma regular a las actividades organizadas.\u00a0\u00a0<\/span><\/p>\n<\/div>\n<div>\u00a0<\/div>\n<p>[\/et_pb_text][et_pb_text admin_label=\u00bbAutor (Texto)\u00bb _builder_version=\u00bb3.19.18&#8243; text_font=\u00bb||on||\u00bb]<\/p>\n<p>Redacci\u00f3n.<\/p>\n<p>[\/et_pb_text][et_pb_text admin_label=\u00bbDesarrollo (Texto)\u00bb _builder_version=\u00bb3.19.18&#8243; text_orientation=\u00bbjustified\u00bb module_alignment=\u00bbleft\u00bb]<\/p>\n<p><span style=\"font-weight: 400\">Los j\u00f3venes est\u00e1n en el proyecto por un periodo de dos a\u00f1os, en los que acuden a sesiones semanales los s\u00e1bados por la ma\u00f1ana por un total de veinte sesiones cada curso. Despu\u00e9s de este periodo, el proyecto les brinda la posibilidad de participar dos a\u00f1os m\u00e1s en el curso de Veteranos.\u00a0<\/span><\/p>\n<p><span style=\"font-weight: 400\">Las actividades comienzan con un campamento de un fin de semana de duraci\u00f3n, que se celebra en una casa rural en Requena durante la \u00faltima quincena de septiembre. El campamento tiene como objetivo que los j\u00f3venes se conozcan mediante la realizaci\u00f3n de talleres y actividades en grupo relacionadas con las matem\u00e1ticas, la astronom\u00eda y las ciencias en general.<\/span><\/p>\n<p><span style=\"font-weight: 400\">Adem\u00e1s de la asistencia a las actividades regulares, cabe destacar las actividades especiales que se programan al principio de cada curso: excursiones al planetario y excursiones a pueblos y lugares que, por su car\u00e1cter singular, permiten realizar una sesi\u00f3n o visita guiada. En el programa tambi\u00e9n se incluye la asistencia a centros cient\u00edficos de investigaci\u00f3n de reconocido prestigio.\u00a0<\/span><\/p>\n<p><span style=\"font-weight: 400\">El colegio quiere dar la enhorabuena a Jorge por este merecido reconocimiento y oportunidad, ya que es un ejemplo que refleja que el estudio, trabajo y esfuerzo tienen su recompensa.<\/span><\/p>\n<p><span style=\"font-weight: 400\">M\u00e1s informaci\u00f3n: <\/span><a href=\"http:\/\/www.estalmat.org\/estalmat\/\"><span style=\"font-weight: 400\">http:\/\/www.estalmat.org\/estalmat\/<\/span><\/a><span style=\"font-weight: 400\">\u00a0<\/span><\/p>\n<p>[\/et_pb_text][et_pb_text admin_label=\u00bbT\u00edtulo: Galer\u00eda de fotos (Texto)\u00bb _builder_version=\u00bb3.0.76&#8243; background_layout=\u00bblight\u00bb text_font=\u00bb|on|||\u00bb text_text_color=\u00bb#dc001b\u00bb border_style=\u00bbsolid\u00bb disabled=\u00bboff\u00bb disabled_on=\u00bboff|on|on\u00bb]<\/p>\n<p>Galer\u00eda de im\u00e1genes<\/p>\n<p>[\/et_pb_text][et_pb_gallery _builder_version=\u00bb3.19.18&#8243; posts_number=\u00bb8&#8243; show_title_and_caption=\u00bboff\u00bb zoom_icon_color=\u00bb#dc001b\u00bb hover_overlay_color=\u00bbrgba(255,255,255,0.9)\u00bb hover_icon=\u00bb%%51%%\u00bb disabled=\u00bboff\u00bb disabled_on=\u00bboff|off|off\u00bb gallery_ids=\u00bb10862&#8243; pagination_font_size_tablet=\u00bb51&#8243; pagination_line_height_tablet=\u00bb2&#8243; \/][et_pb_video _builder_version=\u00bb3.0.51&#8243; disabled=\u00bbon\u00bb disabled_on=\u00bbon|on|on\u00bb \/][\/et_pb_column][\/et_pb_row][\/et_pb_section]<\/p>\n<!-- AddThis Advanced Settings generic via filter on the_content --><!-- AddThis Share Buttons generic via filter on the_content -->","protected":false},"excerpt":{"rendered":"<p>ESTALMAT es un proyecto de la Real Academia de Ciencias Exactas, F\u00edsicas y Naturales, en colaboraci\u00f3n con la Universidad de Valencia, que trata la detecci\u00f3n, orientaci\u00f3n y est\u00edmulo del talento matem\u00e1tico de estudiantes de 12-13 a\u00f1os sin extraerlos de su entorno. Este proceso tiene lugar durante dos a\u00f1os, en los que las alumnas y alumnos [&hellip;]<\/p>\n<p><!-- AddThis Advanced Settings generic via filter on get_the_excerpt --><!-- AddThis Share Buttons generic via filter on get_the_excerpt --><\/p>\n","protected":false},"author":6,"featured_media":10862,"comment_status":"closed","ping_status":"open","sticky":false,"template":"","format":"standard","meta":{"_et_pb_use_builder":"on","_et_pb_old_content":"","_et_gb_content_width":"","footnotes":""},"categories":[14],"tags":[],"class_list":["post-10861","post","type-post","status-publish","format-standard","has-post-thumbnail","hentry","category-noticia_colegio"],"yoast_head":"<!-- This site is optimized with the Yoast SEO plugin v28.4 - https:\/\/yoast.com\/product\/yoast-seo-wordpress\/ -->\n<title>El alumno Jorge Lafuente Gil seleccionado para formar parte del grupo de 25 alumnas y alumnos que integrar\u00e1n la 13\u00ba promoci\u00f3n de Estalmat CV durante el bienio 2019-21 - Colegio San Juan Bosco Valencia<\/title>\n<meta name=\"robots\" content=\"index, follow, max-snippet:-1, max-image-preview:large, max-video-preview:-1\" \/>\n<link rel=\"canonical\" href=\"https:\/\/valenciasjb.salesianos.edu\/colegio\/el-alumno-jorge-lafuente-gil-seleccionado-para-formar-parte-del-grupo-de-25-alumnas-y-alumnos-que-integraran-la-13o-promocion-de-estalmat-cv-durante-el-bieno-2019-21\/\" \/>\n<meta property=\"og:locale\" content=\"es_ES\" \/>\n<meta property=\"og:type\" content=\"article\" \/>\n<meta property=\"og:title\" content=\"El alumno Jorge Lafuente Gil seleccionado para formar parte del grupo de 25 alumnas y alumnos que integrar\u00e1n la 13\u00ba promoci\u00f3n de Estalmat CV durante el bienio 2019-21 - Colegio San Juan Bosco Valencia\" \/>\n<meta property=\"og:description\" content=\"ESTALMAT es un proyecto de la Real Academia de Ciencias Exactas, F\u00edsicas y Naturales, en colaboraci\u00f3n con la Universidad de Valencia, que trata la detecci\u00f3n, orientaci\u00f3n y est\u00edmulo del talento matem\u00e1tico de estudiantes de 12-13 a\u00f1os sin extraerlos de su entorno. Este proceso tiene lugar durante dos a\u00f1os, en los que las alumnas y alumnos [&hellip;]\" \/>\n<meta property=\"og:url\" content=\"https:\/\/valenciasjb.salesianos.edu\/colegio\/el-alumno-jorge-lafuente-gil-seleccionado-para-formar-parte-del-grupo-de-25-alumnas-y-alumnos-que-integraran-la-13o-promocion-de-estalmat-cv-durante-el-bieno-2019-21\/\" \/>\n<meta property=\"og:site_name\" content=\"Colegio San Juan Bosco Valencia\" \/>\n<meta property=\"article:publisher\" content=\"https:\/\/www.facebook.com\/ColegioSalesianoSanJuanBoscoValencia\" \/>\n<meta property=\"article:published_time\" content=\"2019-07-01T13:54:32+00:00\" \/>\n<meta property=\"article:modified_time\" content=\"2019-07-02T06:40:10+00:00\" \/>\n<meta property=\"og:image\" content=\"https:\/\/valenciasjb.salesianos.edu\/colegio\/wp-content\/uploads\/sites\/2\/2019\/07\/IMG-20190701-WA0001.jpg\" \/>\n\t<meta property=\"og:image:width\" content=\"1500\" \/>\n\t<meta property=\"og:image:height\" content=\"1000\" \/>\n\t<meta property=\"og:image:type\" content=\"image\/jpeg\" \/>\n<meta name=\"author\" content=\"veronicapastor\" \/>\n<meta name=\"twitter:card\" content=\"summary_large_image\" \/>\n<meta name=\"twitter:creator\" content=\"@SalesianosVSJB\" \/>\n<meta name=\"twitter:site\" content=\"@SalesianosVSJB\" \/>\n<meta name=\"twitter:label1\" content=\"Escrito por\" \/>\n\t<meta name=\"twitter:data1\" content=\"veronicapastor\" \/>\n\t<meta name=\"twitter:label2\" content=\"Tiempo de lectura\" \/>\n\t<meta name=\"twitter:data2\" content=\"2 minutos\" \/>\n<script type=\"application\/ld+json\" class=\"yoast-schema-graph\">{\"@context\":\"https:\\\/\\\/schema.org\",\"@graph\":[{\"@type\":\"Article\",\"@id\":\"https:\\\/\\\/valenciasjb.salesianos.edu\\\/colegio\\\/el-alumno-jorge-lafuente-gil-seleccionado-para-formar-parte-del-grupo-de-25-alumnas-y-alumnos-que-integraran-la-13o-promocion-de-estalmat-cv-durante-el-bieno-2019-21\\\/#article\",\"isPartOf\":{\"@id\":\"https:\\\/\\\/valenciasjb.salesianos.edu\\\/colegio\\\/el-alumno-jorge-lafuente-gil-seleccionado-para-formar-parte-del-grupo-de-25-alumnas-y-alumnos-que-integraran-la-13o-promocion-de-estalmat-cv-durante-el-bieno-2019-21\\\/\"},\"author\":{\"name\":\"veronicapastor\",\"@id\":\"https:\\\/\\\/valenciasjb.salesianos.edu\\\/colegio\\\/#\\\/schema\\\/person\\\/1f45b67e52b27da175190a574db6bed9\"},\"headline\":\"El alumno Jorge Lafuente Gil seleccionado para formar parte del grupo de 25 alumnas y alumnos que integrar\u00e1n la 13\u00ba promoci\u00f3n de Estalmat CV durante el bienio 2019-21\",\"datePublished\":\"2019-07-01T13:54:32+00:00\",\"dateModified\":\"2019-07-02T06:40:10+00:00\",\"mainEntityOfPage\":{\"@id\":\"https:\\\/\\\/valenciasjb.salesianos.edu\\\/colegio\\\/el-alumno-jorge-lafuente-gil-seleccionado-para-formar-parte-del-grupo-de-25-alumnas-y-alumnos-que-integraran-la-13o-promocion-de-estalmat-cv-durante-el-bieno-2019-21\\\/\"},\"wordCount\":513,\"image\":{\"@id\":\"https:\\\/\\\/valenciasjb.salesianos.edu\\\/colegio\\\/el-alumno-jorge-lafuente-gil-seleccionado-para-formar-parte-del-grupo-de-25-alumnas-y-alumnos-que-integraran-la-13o-promocion-de-estalmat-cv-durante-el-bieno-2019-21\\\/#primaryimage\"},\"thumbnailUrl\":\"https:\\\/\\\/valenciasjb.salesianos.edu\\\/colegio\\\/wp-content\\\/uploads\\\/sites\\\/2\\\/2019\\\/07\\\/IMG-20190701-WA0001.jpg\",\"articleSection\":[\"Noticia Colegio\"],\"inLanguage\":\"es\"},{\"@type\":\"WebPage\",\"@id\":\"https:\\\/\\\/valenciasjb.salesianos.edu\\\/colegio\\\/el-alumno-jorge-lafuente-gil-seleccionado-para-formar-parte-del-grupo-de-25-alumnas-y-alumnos-que-integraran-la-13o-promocion-de-estalmat-cv-durante-el-bieno-2019-21\\\/\",\"url\":\"https:\\\/\\\/valenciasjb.salesianos.edu\\\/colegio\\\/el-alumno-jorge-lafuente-gil-seleccionado-para-formar-parte-del-grupo-de-25-alumnas-y-alumnos-que-integraran-la-13o-promocion-de-estalmat-cv-durante-el-bieno-2019-21\\\/\",\"name\":\"El alumno Jorge Lafuente Gil seleccionado para formar parte del grupo de 25 alumnas y alumnos que integrar\u00e1n la 13\u00ba promoci\u00f3n de Estalmat CV durante el bienio 2019-21 - Colegio San Juan Bosco Valencia\",\"isPartOf\":{\"@id\":\"https:\\\/\\\/valenciasjb.salesianos.edu\\\/colegio\\\/#website\"},\"primaryImageOfPage\":{\"@id\":\"https:\\\/\\\/valenciasjb.salesianos.edu\\\/colegio\\\/el-alumno-jorge-lafuente-gil-seleccionado-para-formar-parte-del-grupo-de-25-alumnas-y-alumnos-que-integraran-la-13o-promocion-de-estalmat-cv-durante-el-bieno-2019-21\\\/#primaryimage\"},\"image\":{\"@id\":\"https:\\\/\\\/valenciasjb.salesianos.edu\\\/colegio\\\/el-alumno-jorge-lafuente-gil-seleccionado-para-formar-parte-del-grupo-de-25-alumnas-y-alumnos-que-integraran-la-13o-promocion-de-estalmat-cv-durante-el-bieno-2019-21\\\/#primaryimage\"},\"thumbnailUrl\":\"https:\\\/\\\/valenciasjb.salesianos.edu\\\/colegio\\\/wp-content\\\/uploads\\\/sites\\\/2\\\/2019\\\/07\\\/IMG-20190701-WA0001.jpg\",\"datePublished\":\"2019-07-01T13:54:32+00:00\",\"dateModified\":\"2019-07-02T06:40:10+00:00\",\"author\":{\"@id\":\"https:\\\/\\\/valenciasjb.salesianos.edu\\\/colegio\\\/#\\\/schema\\\/person\\\/1f45b67e52b27da175190a574db6bed9\"},\"breadcrumb\":{\"@id\":\"https:\\\/\\\/valenciasjb.salesianos.edu\\\/colegio\\\/el-alumno-jorge-lafuente-gil-seleccionado-para-formar-parte-del-grupo-de-25-alumnas-y-alumnos-que-integraran-la-13o-promocion-de-estalmat-cv-durante-el-bieno-2019-21\\\/#breadcrumb\"},\"inLanguage\":\"es\",\"potentialAction\":[{\"@type\":\"ReadAction\",\"target\":[\"https:\\\/\\\/valenciasjb.salesianos.edu\\\/colegio\\\/el-alumno-jorge-lafuente-gil-seleccionado-para-formar-parte-del-grupo-de-25-alumnas-y-alumnos-que-integraran-la-13o-promocion-de-estalmat-cv-durante-el-bieno-2019-21\\\/\"]}]},{\"@type\":\"ImageObject\",\"inLanguage\":\"es\",\"@id\":\"https:\\\/\\\/valenciasjb.salesianos.edu\\\/colegio\\\/el-alumno-jorge-lafuente-gil-seleccionado-para-formar-parte-del-grupo-de-25-alumnas-y-alumnos-que-integraran-la-13o-promocion-de-estalmat-cv-durante-el-bieno-2019-21\\\/#primaryimage\",\"url\":\"https:\\\/\\\/valenciasjb.salesianos.edu\\\/colegio\\\/wp-content\\\/uploads\\\/sites\\\/2\\\/2019\\\/07\\\/IMG-20190701-WA0001.jpg\",\"contentUrl\":\"https:\\\/\\\/valenciasjb.salesianos.edu\\\/colegio\\\/wp-content\\\/uploads\\\/sites\\\/2\\\/2019\\\/07\\\/IMG-20190701-WA0001.jpg\",\"width\":1500,\"height\":1000},{\"@type\":\"BreadcrumbList\",\"@id\":\"https:\\\/\\\/valenciasjb.salesianos.edu\\\/colegio\\\/el-alumno-jorge-lafuente-gil-seleccionado-para-formar-parte-del-grupo-de-25-alumnas-y-alumnos-que-integraran-la-13o-promocion-de-estalmat-cv-durante-el-bieno-2019-21\\\/#breadcrumb\",\"itemListElement\":[{\"@type\":\"ListItem\",\"position\":1,\"name\":\"Portada\",\"item\":\"https:\\\/\\\/valenciasjb.salesianos.edu\\\/colegio\\\/\"},{\"@type\":\"ListItem\",\"position\":2,\"name\":\"El alumno Jorge Lafuente Gil seleccionado para formar parte del grupo de 25 alumnas y alumnos que integrar\u00e1n la 13\u00ba promoci\u00f3n de Estalmat CV durante el bienio 2019-21\"}]},{\"@type\":\"WebSite\",\"@id\":\"https:\\\/\\\/valenciasjb.salesianos.edu\\\/colegio\\\/#website\",\"url\":\"https:\\\/\\\/valenciasjb.salesianos.edu\\\/colegio\\\/\",\"name\":\"Colegio San Juan Bosco Valencia\",\"description\":\"P\u00e1gina oficial del Colegio Salesianos San Juan Bosco Valencia\",\"alternateName\":\"Salesianos.VSJB\",\"potentialAction\":[{\"@type\":\"SearchAction\",\"target\":{\"@type\":\"EntryPoint\",\"urlTemplate\":\"https:\\\/\\\/valenciasjb.salesianos.edu\\\/colegio\\\/?s={search_term_string}\"},\"query-input\":{\"@type\":\"PropertyValueSpecification\",\"valueRequired\":true,\"valueName\":\"search_term_string\"}}],\"inLanguage\":\"es\"},{\"@type\":\"Person\",\"@id\":\"https:\\\/\\\/valenciasjb.salesianos.edu\\\/colegio\\\/#\\\/schema\\\/person\\\/1f45b67e52b27da175190a574db6bed9\",\"name\":\"veronicapastor\",\"image\":{\"@type\":\"ImageObject\",\"inLanguage\":\"es\",\"@id\":\"https:\\\/\\\/secure.gravatar.com\\\/avatar\\\/e29bd40bace3fd935e1d6fdb7313ffc14628cc037c5e16f4c7369b20a2a6f7f0?s=96&d=mm&r=g\",\"url\":\"https:\\\/\\\/secure.gravatar.com\\\/avatar\\\/e29bd40bace3fd935e1d6fdb7313ffc14628cc037c5e16f4c7369b20a2a6f7f0?s=96&d=mm&r=g\",\"contentUrl\":\"https:\\\/\\\/secure.gravatar.com\\\/avatar\\\/e29bd40bace3fd935e1d6fdb7313ffc14628cc037c5e16f4c7369b20a2a6f7f0?s=96&d=mm&r=g\",\"caption\":\"veronicapastor\"}}]}<\/script>\n<!-- \/ Yoast SEO plugin. -->","yoast_head_json":{"title":"El alumno Jorge Lafuente Gil seleccionado para formar parte del grupo de 25 alumnas y alumnos que integrar\u00e1n la 13\u00ba promoci\u00f3n de Estalmat CV durante el bienio 2019-21 - Colegio San Juan Bosco Valencia","robots":{"index":"index","follow":"follow","max-snippet":"max-snippet:-1","max-image-preview":"max-image-preview:large","max-video-preview":"max-video-preview:-1"},"canonical":"https:\/\/valenciasjb.salesianos.edu\/colegio\/el-alumno-jorge-lafuente-gil-seleccionado-para-formar-parte-del-grupo-de-25-alumnas-y-alumnos-que-integraran-la-13o-promocion-de-estalmat-cv-durante-el-bieno-2019-21\/","og_locale":"es_ES","og_type":"article","og_title":"El alumno Jorge Lafuente Gil seleccionado para formar parte del grupo de 25 alumnas y alumnos que integrar\u00e1n la 13\u00ba promoci\u00f3n de Estalmat CV durante el bienio 2019-21 - Colegio San Juan Bosco Valencia","og_description":"ESTALMAT es un proyecto de la Real Academia de Ciencias Exactas, F\u00edsicas y Naturales, en colaboraci\u00f3n con la Universidad de Valencia, que trata la detecci\u00f3n, orientaci\u00f3n y est\u00edmulo del talento matem\u00e1tico de estudiantes de 12-13 a\u00f1os sin extraerlos de su entorno. Este proceso tiene lugar durante dos a\u00f1os, en los que las alumnas y alumnos [&hellip;]","og_url":"https:\/\/valenciasjb.salesianos.edu\/colegio\/el-alumno-jorge-lafuente-gil-seleccionado-para-formar-parte-del-grupo-de-25-alumnas-y-alumnos-que-integraran-la-13o-promocion-de-estalmat-cv-durante-el-bieno-2019-21\/","og_site_name":"Colegio San Juan Bosco Valencia","article_publisher":"https:\/\/www.facebook.com\/ColegioSalesianoSanJuanBoscoValencia","article_published_time":"2019-07-01T13:54:32+00:00","article_modified_time":"2019-07-02T06:40:10+00:00","og_image":[{"width":1500,"height":1000,"url":"https:\/\/valenciasjb.salesianos.edu\/colegio\/wp-content\/uploads\/sites\/2\/2019\/07\/IMG-20190701-WA0001.jpg","type":"image\/jpeg"}],"author":"veronicapastor","twitter_card":"summary_large_image","twitter_creator":"@SalesianosVSJB","twitter_site":"@SalesianosVSJB","twitter_misc":{"Escrito por":"veronicapastor","Tiempo de lectura":"2 minutos"},"schema":{"@context":"https:\/\/schema.org","@graph":[{"@type":"Article","@id":"https:\/\/valenciasjb.salesianos.edu\/colegio\/el-alumno-jorge-lafuente-gil-seleccionado-para-formar-parte-del-grupo-de-25-alumnas-y-alumnos-que-integraran-la-13o-promocion-de-estalmat-cv-durante-el-bieno-2019-21\/#article","isPartOf":{"@id":"https:\/\/valenciasjb.salesianos.edu\/colegio\/el-alumno-jorge-lafuente-gil-seleccionado-para-formar-parte-del-grupo-de-25-alumnas-y-alumnos-que-integraran-la-13o-promocion-de-estalmat-cv-durante-el-bieno-2019-21\/"},"author":{"name":"veronicapastor","@id":"https:\/\/valenciasjb.salesianos.edu\/colegio\/#\/schema\/person\/1f45b67e52b27da175190a574db6bed9"},"headline":"El alumno Jorge Lafuente Gil seleccionado para formar parte del grupo de 25 alumnas y alumnos que integrar\u00e1n la 13\u00ba promoci\u00f3n de Estalmat CV durante el bienio 2019-21","datePublished":"2019-07-01T13:54:32+00:00","dateModified":"2019-07-02T06:40:10+00:00","mainEntityOfPage":{"@id":"https:\/\/valenciasjb.salesianos.edu\/colegio\/el-alumno-jorge-lafuente-gil-seleccionado-para-formar-parte-del-grupo-de-25-alumnas-y-alumnos-que-integraran-la-13o-promocion-de-estalmat-cv-durante-el-bieno-2019-21\/"},"wordCount":513,"image":{"@id":"https:\/\/valenciasjb.salesianos.edu\/colegio\/el-alumno-jorge-lafuente-gil-seleccionado-para-formar-parte-del-grupo-de-25-alumnas-y-alumnos-que-integraran-la-13o-promocion-de-estalmat-cv-durante-el-bieno-2019-21\/#primaryimage"},"thumbnailUrl":"https:\/\/valenciasjb.salesianos.edu\/colegio\/wp-content\/uploads\/sites\/2\/2019\/07\/IMG-20190701-WA0001.jpg","articleSection":["Noticia Colegio"],"inLanguage":"es"},{"@type":"WebPage","@id":"https:\/\/valenciasjb.salesianos.edu\/colegio\/el-alumno-jorge-lafuente-gil-seleccionado-para-formar-parte-del-grupo-de-25-alumnas-y-alumnos-que-integraran-la-13o-promocion-de-estalmat-cv-durante-el-bieno-2019-21\/","url":"https:\/\/valenciasjb.salesianos.edu\/colegio\/el-alumno-jorge-lafuente-gil-seleccionado-para-formar-parte-del-grupo-de-25-alumnas-y-alumnos-que-integraran-la-13o-promocion-de-estalmat-cv-durante-el-bieno-2019-21\/","name":"El alumno Jorge Lafuente Gil seleccionado para formar parte del grupo de 25 alumnas y alumnos que integrar\u00e1n la 13\u00ba promoci\u00f3n de Estalmat CV durante el bienio 2019-21 - Colegio San Juan Bosco Valencia","isPartOf":{"@id":"https:\/\/valenciasjb.salesianos.edu\/colegio\/#website"},"primaryImageOfPage":{"@id":"https:\/\/valenciasjb.salesianos.edu\/colegio\/el-alumno-jorge-lafuente-gil-seleccionado-para-formar-parte-del-grupo-de-25-alumnas-y-alumnos-que-integraran-la-13o-promocion-de-estalmat-cv-durante-el-bieno-2019-21\/#primaryimage"},"image":{"@id":"https:\/\/valenciasjb.salesianos.edu\/colegio\/el-alumno-jorge-lafuente-gil-seleccionado-para-formar-parte-del-grupo-de-25-alumnas-y-alumnos-que-integraran-la-13o-promocion-de-estalmat-cv-durante-el-bieno-2019-21\/#primaryimage"},"thumbnailUrl":"https:\/\/valenciasjb.salesianos.edu\/colegio\/wp-content\/uploads\/sites\/2\/2019\/07\/IMG-20190701-WA0001.jpg","datePublished":"2019-07-01T13:54:32+00:00","dateModified":"2019-07-02T06:40:10+00:00","author":{"@id":"https:\/\/valenciasjb.salesianos.edu\/colegio\/#\/schema\/person\/1f45b67e52b27da175190a574db6bed9"},"breadcrumb":{"@id":"https:\/\/valenciasjb.salesianos.edu\/colegio\/el-alumno-jorge-lafuente-gil-seleccionado-para-formar-parte-del-grupo-de-25-alumnas-y-alumnos-que-integraran-la-13o-promocion-de-estalmat-cv-durante-el-bieno-2019-21\/#breadcrumb"},"inLanguage":"es","potentialAction":[{"@type":"ReadAction","target":["https:\/\/valenciasjb.salesianos.edu\/colegio\/el-alumno-jorge-lafuente-gil-seleccionado-para-formar-parte-del-grupo-de-25-alumnas-y-alumnos-que-integraran-la-13o-promocion-de-estalmat-cv-durante-el-bieno-2019-21\/"]}]},{"@type":"ImageObject","inLanguage":"es","@id":"https:\/\/valenciasjb.salesianos.edu\/colegio\/el-alumno-jorge-lafuente-gil-seleccionado-para-formar-parte-del-grupo-de-25-alumnas-y-alumnos-que-integraran-la-13o-promocion-de-estalmat-cv-durante-el-bieno-2019-21\/#primaryimage","url":"https:\/\/valenciasjb.salesianos.edu\/colegio\/wp-content\/uploads\/sites\/2\/2019\/07\/IMG-20190701-WA0001.jpg","contentUrl":"https:\/\/valenciasjb.salesianos.edu\/colegio\/wp-content\/uploads\/sites\/2\/2019\/07\/IMG-20190701-WA0001.jpg","width":1500,"height":1000},{"@type":"BreadcrumbList","@id":"https:\/\/valenciasjb.salesianos.edu\/colegio\/el-alumno-jorge-lafuente-gil-seleccionado-para-formar-parte-del-grupo-de-25-alumnas-y-alumnos-que-integraran-la-13o-promocion-de-estalmat-cv-durante-el-bieno-2019-21\/#breadcrumb","itemListElement":[{"@type":"ListItem","position":1,"name":"Portada","item":"https:\/\/valenciasjb.salesianos.edu\/colegio\/"},{"@type":"ListItem","position":2,"name":"El alumno Jorge Lafuente Gil seleccionado para formar parte del grupo de 25 alumnas y alumnos que integrar\u00e1n la 13\u00ba promoci\u00f3n de Estalmat CV durante el bienio 2019-21"}]},{"@type":"WebSite","@id":"https:\/\/valenciasjb.salesianos.edu\/colegio\/#website","url":"https:\/\/valenciasjb.salesianos.edu\/colegio\/","name":"Colegio San Juan Bosco Valencia","description":"P\u00e1gina oficial del Colegio Salesianos San Juan Bosco Valencia","alternateName":"Salesianos.VSJB","potentialAction":[{"@type":"SearchAction","target":{"@type":"EntryPoint","urlTemplate":"https:\/\/valenciasjb.salesianos.edu\/colegio\/?s={search_term_string}"},"query-input":{"@type":"PropertyValueSpecification","valueRequired":true,"valueName":"search_term_string"}}],"inLanguage":"es"},{"@type":"Person","@id":"https:\/\/valenciasjb.salesianos.edu\/colegio\/#\/schema\/person\/1f45b67e52b27da175190a574db6bed9","name":"veronicapastor","image":{"@type":"ImageObject","inLanguage":"es","@id":"https:\/\/secure.gravatar.com\/avatar\/e29bd40bace3fd935e1d6fdb7313ffc14628cc037c5e16f4c7369b20a2a6f7f0?s=96&d=mm&r=g","url":"https:\/\/secure.gravatar.com\/avatar\/e29bd40bace3fd935e1d6fdb7313ffc14628cc037c5e16f4c7369b20a2a6f7f0?s=96&d=mm&r=g","contentUrl":"https:\/\/secure.gravatar.com\/avatar\/e29bd40bace3fd935e1d6fdb7313ffc14628cc037c5e16f4c7369b20a2a6f7f0?s=96&d=mm&r=g","caption":"veronicapastor"}}]}},"_links":{"self":[{"href":"https:\/\/valenciasjb.salesianos.edu\/colegio\/wp-json\/wp\/v2\/posts\/10861","targetHints":{"allow":["GET"]}}],"collection":[{"href":"https:\/\/valenciasjb.salesianos.edu\/colegio\/wp-json\/wp\/v2\/posts"}],"about":[{"href":"https:\/\/valenciasjb.salesianos.edu\/colegio\/wp-json\/wp\/v2\/types\/post"}],"author":[{"embeddable":true,"href":"https:\/\/valenciasjb.salesianos.edu\/colegio\/wp-json\/wp\/v2\/users\/6"}],"replies":[{"embeddable":true,"href":"https:\/\/valenciasjb.salesianos.edu\/colegio\/wp-json\/wp\/v2\/comments?post=10861"}],"version-history":[{"count":3,"href":"https:\/\/valenciasjb.salesianos.edu\/colegio\/wp-json\/wp\/v2\/posts\/10861\/revisions"}],"predecessor-version":[{"id":10866,"href":"https:\/\/valenciasjb.salesianos.edu\/colegio\/wp-json\/wp\/v2\/posts\/10861\/revisions\/10866"}],"wp:featuredmedia":[{"embeddable":true,"href":"https:\/\/valenciasjb.salesianos.edu\/colegio\/wp-json\/wp\/v2\/media\/10862"}],"wp:attachment":[{"href":"https:\/\/valenciasjb.salesianos.edu\/colegio\/wp-json\/wp\/v2\/media?parent=10861"}],"wp:term":[{"taxonomy":"category","embeddable":true,"href":"https:\/\/valenciasjb.salesianos.edu\/colegio\/wp-json\/wp\/v2\/categories?post=10861"},{"taxonomy":"post_tag","embeddable":true,"href":"https:\/\/valenciasjb.salesianos.edu\/colegio\/wp-json\/wp\/v2\/tags?post=10861"}],"curies":[{"name":"wp","href":"https:\/\/api.w.org\/{rel}","templated":true}]}}