{"id":10867,"date":"2019-07-08T15:19:19","date_gmt":"2019-07-08T14:19:19","guid":{"rendered":"https:\/\/valenciasjb.salesianos.edu\/colegio\/?p=10867"},"modified":"2019-07-08T15:19:19","modified_gmt":"2019-07-08T14:19:19","slug":"fernando-navarro-romero-nuevo-director-de-la-casa-salesiana-san-juan-bosco-de-valencia","status":"publish","type":"post","link":"https:\/\/valenciasjb.salesianos.edu\/colegio\/fernando-navarro-romero-nuevo-director-de-la-casa-salesiana-san-juan-bosco-de-valencia\/","title":{"rendered":"Fernando Navarro Romero nuevo director de la casa salesiana San Juan Bosco de Valencia"},"content":{"rendered":"<div id=\"fb-root\"><\/div>\n<p>[et_pb_section bb_built=\u00bb1&#8243; admin_label=\u00bbsection\u00bb][et_pb_row admin_label=\u00bbrow\u00bb background_position=\u00bbtop_left\u00bb background_repeat=\u00bbrepeat\u00bb background_size=\u00bbinitial\u00bb][et_pb_column type=\u00bb4_4&#8243;][et_pb_text admin_label=\u00bbEntradilla (Texto)\u00bb _builder_version=\u00bb3.19.18&#8243; text_orientation=\u00bbjustified\u00bb text_font=\u00bb|on|||\u00bb module_alignment=\u00bbleft\u00bb]<\/p>\n<div id=\"resumen\"><strong><span style=\"font-weight: 400\">En una ceremonia presidida por el Padre Inspector don \u00c1ngel Asurmendi, el domingo 7 de julio de 2019, a las 18 horas, en la Sala 80, se ha procedido a la toma de posesi\u00f3n del nuevo director de esta casa salesiana de Valencia San Juan Bosco: Fernando Navarro Romero.<\/span><\/strong><\/div>\n<div>\u00a0<\/div>\n<p>[\/et_pb_text][et_pb_text admin_label=\u00bbAutor (Texto)\u00bb _builder_version=\u00bb3.19.18&#8243; text_font=\u00bb||on||\u00bb]<\/p>\n<p>Redacci\u00f3n.<\/p>\n<p>[\/et_pb_text][et_pb_text admin_label=\u00bbDesarrollo (Texto)\u00bb _builder_version=\u00bb3.19.18&#8243; text_orientation=\u00bbjustified\u00bb module_alignment=\u00bbleft\u00bb]<\/p>\n<p><span style=\"font-weight: 400\">Como ha explicado don \u00c1ngel Asurmendi, este acto y nombramiento se hace en clave de fe; Dios nos va guiando en cada uno de estos acontecimientos para cumplir la voluntad del Padre. El director de una casa es el que convoca a la unidad y pone en el centro a las personas para que la comunidad siga adelante, con entrega a los j\u00f3venes, seg\u00fan el estilo de Don Bosco, con el estilo de liderazgo que ejerci\u00f3 Jes\u00fas, el del Buen Pastor.<\/span><\/p>\n<p><span style=\"font-weight: 400\">En esta ceremonia, los presentes han escuchado la palabra de Dios, que les ha dicho: Amaos los unos a los otros. Lo fundamental es el amor. Una fraternidad de gente que se quiera. Que el amor de Dios est\u00e9 presente. Que la paz de Cristo reine en nuestros corazones. Que todo lo que hagamos de palabra o de obra, lo hagamos no para nosotros mismos, sino en nombre de Dios.<\/span><\/p>\n<p><span style=\"font-weight: 400\">A continuaci\u00f3n, Fernando ha tomado posesi\u00f3n recitando primero el Credo, porque este acto se ha hecho en comuni\u00f3n con el Dios en que cree.<\/span><\/p>\n<p><span style=\"font-weight: 400\">En su discurso de toma de posesi\u00f3n, Fernando se ha puesto al servicio de toda la comunidad y ha pedido la unidad de todos y todas para caminar juntos: \u201c<\/span><span style=\"font-weight: 400\">Nom\u00e9s dir-vos que ac\u00ed em teniu. Vull posar-me al servici dels meus germans, de la missi\u00f3 salesiana a este el nostre barri i al servici de tots els que formem part d\u2019esta casa. Agrair a Pepe la seua tasca durant estos sis anys que em sembla meravellosa. Agrair a la comunitat la seua acollida i estima. I agrair a tots el voler fer-me costat. Per poder comptar amb vosaltres. Gr\u00e0cies per cuidar de la comunitat i d\u2019esta casa. I ara vos demane que ens unim per a fer d\u2019esta casa m\u00e9s salesiana, m\u00e9s cristiana, m\u00e9s dels j\u00f3vens, m\u00e9s de Don Bosco. Necessitarem totes les forces possibles. Preguem els uns pels altres. Siguem fam\u00edlia! Caminem junts! I com diem en el Cam\u00ed: Pelegrins! Avant i amunt!\u201d<\/span><\/p>\n<p><span style=\"font-weight: 400\">El acto ha concluido con unas palabras de don \u00c1ngel Asurmendi en las que he expresado que \u201cs\u00f3lo se va m\u00e1s r\u00e1pido, pero juntos se llega m\u00e1s lejos\u201d, y pidiendo a la Virgen que nos ayude en esta tarea, cantando la canci\u00f3n \u201cSanta Maria del camino\u201d, que dice: \u201cVen con nosotros al caminar; Santa Mar\u00eda, ven\u201d.<\/span><\/p>\n<p><span style=\"font-weight: 400\">Toda la comunidad educativo-pastoral quiere dar la enhorabuena a Fernando por este nombramiento y le desea lo mejor en su nueva misi\u00f3n. Nos llena de profunda alegr\u00eda saber que nuestra casa salesiana va a tener como director a una persona con grandes cualidades en lo humano y profunda vivencia en lo religioso. Fernando conoce profundamente nuestra realidad porque es antiguo alumno de esta casa salesiana y miembro de la actual comunidad. Desde ahora nos ponemos a su disposici\u00f3n para caminar a su lado siguiendo las huellas de don Bosco.<\/span><\/p>\n<p>[\/et_pb_text][et_pb_text admin_label=\u00bbT\u00edtulo: Galer\u00eda de fotos (Texto)\u00bb _builder_version=\u00bb3.0.76&#8243; background_layout=\u00bblight\u00bb text_font=\u00bb|on|||\u00bb text_text_color=\u00bb#dc001b\u00bb border_style=\u00bbsolid\u00bb disabled=\u00bboff\u00bb disabled_on=\u00bboff|on|on\u00bb]<\/p>\n<p>Galer\u00eda de im\u00e1genes<\/p>\n<p>[\/et_pb_text][et_pb_gallery _builder_version=\u00bb3.19.18&#8243; posts_number=\u00bb8&#8243; show_title_and_caption=\u00bboff\u00bb zoom_icon_color=\u00bb#dc001b\u00bb hover_overlay_color=\u00bbrgba(255,255,255,0.9)\u00bb hover_icon=\u00bb%%51%%\u00bb disabled=\u00bboff\u00bb disabled_on=\u00bboff|off|off\u00bb gallery_ids=\u00bb10872,10871,10870,10869,10868&#8243; pagination_font_size_tablet=\u00bb51&#8243; pagination_line_height_tablet=\u00bb2&#8243; \/][et_pb_video _builder_version=\u00bb3.0.51&#8243; disabled=\u00bbon\u00bb disabled_on=\u00bbon|on|on\u00bb \/][\/et_pb_column][\/et_pb_row][\/et_pb_section]<\/p>\n<!-- AddThis Advanced Settings generic via filter on the_content --><!-- AddThis Share Buttons generic via filter on the_content -->","protected":false},"excerpt":{"rendered":"<p>En una ceremonia presidida por el Padre Inspector don \u00c1ngel Asurmendi, el domingo 7 de julio de 2019, a las 18 horas, en la Sala 80, se ha procedido a la toma de posesi\u00f3n del nuevo director de esta casa salesiana de Valencia San Juan Bosco: Fernando Navarro Romero.\u00a0 Redacci\u00f3n. Como ha explicado don \u00c1ngel [&hellip;]<\/p>\n<p><!-- AddThis Advanced Settings generic via filter on get_the_excerpt --><!-- AddThis Share Buttons generic via filter on get_the_excerpt --><\/p>\n","protected":false},"author":6,"featured_media":10868,"comment_status":"closed","ping_status":"open","sticky":false,"template":"","format":"standard","meta":{"_et_pb_use_builder":"on","_et_pb_old_content":"","_et_gb_content_width":"","footnotes":""},"categories":[14],"tags":[],"class_list":["post-10867","post","type-post","status-publish","format-standard","has-post-thumbnail","hentry","category-noticia_colegio"],"yoast_head":"<!-- This site is optimized with the Yoast SEO plugin v28.4 - https:\/\/yoast.com\/product\/yoast-seo-wordpress\/ -->\n<title>Fernando Navarro Romero nuevo director de la casa salesiana San Juan Bosco de Valencia - Colegio San Juan Bosco Valencia<\/title>\n<meta name=\"robots\" content=\"index, follow, max-snippet:-1, max-image-preview:large, max-video-preview:-1\" \/>\n<link rel=\"canonical\" href=\"https:\/\/valenciasjb.salesianos.edu\/colegio\/fernando-navarro-romero-nuevo-director-de-la-casa-salesiana-san-juan-bosco-de-valencia\/\" \/>\n<meta property=\"og:locale\" content=\"es_ES\" \/>\n<meta property=\"og:type\" content=\"article\" \/>\n<meta property=\"og:title\" content=\"Fernando Navarro Romero nuevo director de la casa salesiana San Juan Bosco de Valencia - Colegio San Juan Bosco Valencia\" \/>\n<meta property=\"og:description\" content=\"En una ceremonia presidida por el Padre Inspector don \u00c1ngel Asurmendi, el domingo 7 de julio de 2019, a las 18 horas, en la Sala 80, se ha procedido a la toma de posesi\u00f3n del nuevo director de esta casa salesiana de Valencia San Juan Bosco: Fernando Navarro Romero.\u00a0 Redacci\u00f3n. Como ha explicado don \u00c1ngel [&hellip;]\" \/>\n<meta property=\"og:url\" content=\"https:\/\/valenciasjb.salesianos.edu\/colegio\/fernando-navarro-romero-nuevo-director-de-la-casa-salesiana-san-juan-bosco-de-valencia\/\" \/>\n<meta property=\"og:site_name\" content=\"Colegio San Juan Bosco Valencia\" \/>\n<meta property=\"article:publisher\" content=\"https:\/\/www.facebook.com\/ColegioSalesianoSanJuanBoscoValencia\" \/>\n<meta property=\"article:published_time\" content=\"2019-07-08T14:19:19+00:00\" \/>\n<meta property=\"og:image\" content=\"https:\/\/valenciasjb.salesianos.edu\/colegio\/wp-content\/uploads\/sites\/2\/2019\/07\/66050885_2397480096941848_3621685005748535296_n.jpg\" \/>\n\t<meta property=\"og:image:width\" content=\"960\" \/>\n\t<meta property=\"og:image:height\" content=\"720\" \/>\n\t<meta property=\"og:image:type\" content=\"image\/jpeg\" \/>\n<meta name=\"author\" content=\"veronicapastor\" \/>\n<meta name=\"twitter:card\" content=\"summary_large_image\" \/>\n<meta name=\"twitter:creator\" content=\"@SalesianosVSJB\" \/>\n<meta name=\"twitter:site\" content=\"@SalesianosVSJB\" \/>\n<meta name=\"twitter:label1\" content=\"Escrito por\" \/>\n\t<meta name=\"twitter:data1\" content=\"veronicapastor\" \/>\n\t<meta name=\"twitter:label2\" content=\"Tiempo de lectura\" \/>\n\t<meta name=\"twitter:data2\" content=\"4 minutos\" \/>\n<script type=\"application\/ld+json\" class=\"yoast-schema-graph\">{\"@context\":\"https:\\\/\\\/schema.org\",\"@graph\":[{\"@type\":\"Article\",\"@id\":\"https:\\\/\\\/valenciasjb.salesianos.edu\\\/colegio\\\/fernando-navarro-romero-nuevo-director-de-la-casa-salesiana-san-juan-bosco-de-valencia\\\/#article\",\"isPartOf\":{\"@id\":\"https:\\\/\\\/valenciasjb.salesianos.edu\\\/colegio\\\/fernando-navarro-romero-nuevo-director-de-la-casa-salesiana-san-juan-bosco-de-valencia\\\/\"},\"author\":{\"name\":\"veronicapastor\",\"@id\":\"https:\\\/\\\/valenciasjb.salesianos.edu\\\/colegio\\\/#\\\/schema\\\/person\\\/1f45b67e52b27da175190a574db6bed9\"},\"headline\":\"Fernando Navarro Romero nuevo director de la casa salesiana San Juan Bosco de Valencia\",\"datePublished\":\"2019-07-08T14:19:19+00:00\",\"mainEntityOfPage\":{\"@id\":\"https:\\\/\\\/valenciasjb.salesianos.edu\\\/colegio\\\/fernando-navarro-romero-nuevo-director-de-la-casa-salesiana-san-juan-bosco-de-valencia\\\/\"},\"wordCount\":749,\"image\":{\"@id\":\"https:\\\/\\\/valenciasjb.salesianos.edu\\\/colegio\\\/fernando-navarro-romero-nuevo-director-de-la-casa-salesiana-san-juan-bosco-de-valencia\\\/#primaryimage\"},\"thumbnailUrl\":\"https:\\\/\\\/valenciasjb.salesianos.edu\\\/colegio\\\/wp-content\\\/uploads\\\/sites\\\/2\\\/2019\\\/07\\\/66050885_2397480096941848_3621685005748535296_n.jpg\",\"articleSection\":[\"Noticia Colegio\"],\"inLanguage\":\"es\"},{\"@type\":\"WebPage\",\"@id\":\"https:\\\/\\\/valenciasjb.salesianos.edu\\\/colegio\\\/fernando-navarro-romero-nuevo-director-de-la-casa-salesiana-san-juan-bosco-de-valencia\\\/\",\"url\":\"https:\\\/\\\/valenciasjb.salesianos.edu\\\/colegio\\\/fernando-navarro-romero-nuevo-director-de-la-casa-salesiana-san-juan-bosco-de-valencia\\\/\",\"name\":\"Fernando Navarro Romero nuevo director de la casa salesiana San Juan Bosco de Valencia - Colegio San Juan Bosco Valencia\",\"isPartOf\":{\"@id\":\"https:\\\/\\\/valenciasjb.salesianos.edu\\\/colegio\\\/#website\"},\"primaryImageOfPage\":{\"@id\":\"https:\\\/\\\/valenciasjb.salesianos.edu\\\/colegio\\\/fernando-navarro-romero-nuevo-director-de-la-casa-salesiana-san-juan-bosco-de-valencia\\\/#primaryimage\"},\"image\":{\"@id\":\"https:\\\/\\\/valenciasjb.salesianos.edu\\\/colegio\\\/fernando-navarro-romero-nuevo-director-de-la-casa-salesiana-san-juan-bosco-de-valencia\\\/#primaryimage\"},\"thumbnailUrl\":\"https:\\\/\\\/valenciasjb.salesianos.edu\\\/colegio\\\/wp-content\\\/uploads\\\/sites\\\/2\\\/2019\\\/07\\\/66050885_2397480096941848_3621685005748535296_n.jpg\",\"datePublished\":\"2019-07-08T14:19:19+00:00\",\"author\":{\"@id\":\"https:\\\/\\\/valenciasjb.salesianos.edu\\\/colegio\\\/#\\\/schema\\\/person\\\/1f45b67e52b27da175190a574db6bed9\"},\"breadcrumb\":{\"@id\":\"https:\\\/\\\/valenciasjb.salesianos.edu\\\/colegio\\\/fernando-navarro-romero-nuevo-director-de-la-casa-salesiana-san-juan-bosco-de-valencia\\\/#breadcrumb\"},\"inLanguage\":\"es\",\"potentialAction\":[{\"@type\":\"ReadAction\",\"target\":[\"https:\\\/\\\/valenciasjb.salesianos.edu\\\/colegio\\\/fernando-navarro-romero-nuevo-director-de-la-casa-salesiana-san-juan-bosco-de-valencia\\\/\"]}]},{\"@type\":\"ImageObject\",\"inLanguage\":\"es\",\"@id\":\"https:\\\/\\\/valenciasjb.salesianos.edu\\\/colegio\\\/fernando-navarro-romero-nuevo-director-de-la-casa-salesiana-san-juan-bosco-de-valencia\\\/#primaryimage\",\"url\":\"https:\\\/\\\/valenciasjb.salesianos.edu\\\/colegio\\\/wp-content\\\/uploads\\\/sites\\\/2\\\/2019\\\/07\\\/66050885_2397480096941848_3621685005748535296_n.jpg\",\"contentUrl\":\"https:\\\/\\\/valenciasjb.salesianos.edu\\\/colegio\\\/wp-content\\\/uploads\\\/sites\\\/2\\\/2019\\\/07\\\/66050885_2397480096941848_3621685005748535296_n.jpg\",\"width\":960,\"height\":720},{\"@type\":\"BreadcrumbList\",\"@id\":\"https:\\\/\\\/valenciasjb.salesianos.edu\\\/colegio\\\/fernando-navarro-romero-nuevo-director-de-la-casa-salesiana-san-juan-bosco-de-valencia\\\/#breadcrumb\",\"itemListElement\":[{\"@type\":\"ListItem\",\"position\":1,\"name\":\"Portada\",\"item\":\"https:\\\/\\\/valenciasjb.salesianos.edu\\\/colegio\\\/\"},{\"@type\":\"ListItem\",\"position\":2,\"name\":\"Fernando Navarro Romero nuevo director de la casa salesiana San Juan Bosco de Valencia\"}]},{\"@type\":\"WebSite\",\"@id\":\"https:\\\/\\\/valenciasjb.salesianos.edu\\\/colegio\\\/#website\",\"url\":\"https:\\\/\\\/valenciasjb.salesianos.edu\\\/colegio\\\/\",\"name\":\"Colegio San Juan Bosco Valencia\",\"description\":\"P\u00e1gina oficial del Colegio Salesianos San Juan Bosco Valencia\",\"alternateName\":\"Salesianos.VSJB\",\"potentialAction\":[{\"@type\":\"SearchAction\",\"target\":{\"@type\":\"EntryPoint\",\"urlTemplate\":\"https:\\\/\\\/valenciasjb.salesianos.edu\\\/colegio\\\/?s={search_term_string}\"},\"query-input\":{\"@type\":\"PropertyValueSpecification\",\"valueRequired\":true,\"valueName\":\"search_term_string\"}}],\"inLanguage\":\"es\"},{\"@type\":\"Person\",\"@id\":\"https:\\\/\\\/valenciasjb.salesianos.edu\\\/colegio\\\/#\\\/schema\\\/person\\\/1f45b67e52b27da175190a574db6bed9\",\"name\":\"veronicapastor\",\"image\":{\"@type\":\"ImageObject\",\"inLanguage\":\"es\",\"@id\":\"https:\\\/\\\/secure.gravatar.com\\\/avatar\\\/e29bd40bace3fd935e1d6fdb7313ffc14628cc037c5e16f4c7369b20a2a6f7f0?s=96&d=mm&r=g\",\"url\":\"https:\\\/\\\/secure.gravatar.com\\\/avatar\\\/e29bd40bace3fd935e1d6fdb7313ffc14628cc037c5e16f4c7369b20a2a6f7f0?s=96&d=mm&r=g\",\"contentUrl\":\"https:\\\/\\\/secure.gravatar.com\\\/avatar\\\/e29bd40bace3fd935e1d6fdb7313ffc14628cc037c5e16f4c7369b20a2a6f7f0?s=96&d=mm&r=g\",\"caption\":\"veronicapastor\"}}]}<\/script>\n<!-- \/ Yoast SEO plugin. -->","yoast_head_json":{"title":"Fernando Navarro Romero nuevo director de la casa salesiana San Juan Bosco de Valencia - Colegio San Juan Bosco Valencia","robots":{"index":"index","follow":"follow","max-snippet":"max-snippet:-1","max-image-preview":"max-image-preview:large","max-video-preview":"max-video-preview:-1"},"canonical":"https:\/\/valenciasjb.salesianos.edu\/colegio\/fernando-navarro-romero-nuevo-director-de-la-casa-salesiana-san-juan-bosco-de-valencia\/","og_locale":"es_ES","og_type":"article","og_title":"Fernando Navarro Romero nuevo director de la casa salesiana San Juan Bosco de Valencia - Colegio San Juan Bosco Valencia","og_description":"En una ceremonia presidida por el Padre Inspector don \u00c1ngel Asurmendi, el domingo 7 de julio de 2019, a las 18 horas, en la Sala 80, se ha procedido a la toma de posesi\u00f3n del nuevo director de esta casa salesiana de Valencia San Juan Bosco: Fernando Navarro Romero.\u00a0 Redacci\u00f3n. Como ha explicado don \u00c1ngel [&hellip;]","og_url":"https:\/\/valenciasjb.salesianos.edu\/colegio\/fernando-navarro-romero-nuevo-director-de-la-casa-salesiana-san-juan-bosco-de-valencia\/","og_site_name":"Colegio San Juan Bosco Valencia","article_publisher":"https:\/\/www.facebook.com\/ColegioSalesianoSanJuanBoscoValencia","article_published_time":"2019-07-08T14:19:19+00:00","og_image":[{"width":960,"height":720,"url":"https:\/\/valenciasjb.salesianos.edu\/colegio\/wp-content\/uploads\/sites\/2\/2019\/07\/66050885_2397480096941848_3621685005748535296_n.jpg","type":"image\/jpeg"}],"author":"veronicapastor","twitter_card":"summary_large_image","twitter_creator":"@SalesianosVSJB","twitter_site":"@SalesianosVSJB","twitter_misc":{"Escrito por":"veronicapastor","Tiempo de lectura":"4 minutos"},"schema":{"@context":"https:\/\/schema.org","@graph":[{"@type":"Article","@id":"https:\/\/valenciasjb.salesianos.edu\/colegio\/fernando-navarro-romero-nuevo-director-de-la-casa-salesiana-san-juan-bosco-de-valencia\/#article","isPartOf":{"@id":"https:\/\/valenciasjb.salesianos.edu\/colegio\/fernando-navarro-romero-nuevo-director-de-la-casa-salesiana-san-juan-bosco-de-valencia\/"},"author":{"name":"veronicapastor","@id":"https:\/\/valenciasjb.salesianos.edu\/colegio\/#\/schema\/person\/1f45b67e52b27da175190a574db6bed9"},"headline":"Fernando Navarro Romero nuevo director de la casa salesiana San Juan Bosco de Valencia","datePublished":"2019-07-08T14:19:19+00:00","mainEntityOfPage":{"@id":"https:\/\/valenciasjb.salesianos.edu\/colegio\/fernando-navarro-romero-nuevo-director-de-la-casa-salesiana-san-juan-bosco-de-valencia\/"},"wordCount":749,"image":{"@id":"https:\/\/valenciasjb.salesianos.edu\/colegio\/fernando-navarro-romero-nuevo-director-de-la-casa-salesiana-san-juan-bosco-de-valencia\/#primaryimage"},"thumbnailUrl":"https:\/\/valenciasjb.salesianos.edu\/colegio\/wp-content\/uploads\/sites\/2\/2019\/07\/66050885_2397480096941848_3621685005748535296_n.jpg","articleSection":["Noticia Colegio"],"inLanguage":"es"},{"@type":"WebPage","@id":"https:\/\/valenciasjb.salesianos.edu\/colegio\/fernando-navarro-romero-nuevo-director-de-la-casa-salesiana-san-juan-bosco-de-valencia\/","url":"https:\/\/valenciasjb.salesianos.edu\/colegio\/fernando-navarro-romero-nuevo-director-de-la-casa-salesiana-san-juan-bosco-de-valencia\/","name":"Fernando Navarro Romero nuevo director de la casa salesiana San Juan Bosco de Valencia - Colegio San Juan Bosco Valencia","isPartOf":{"@id":"https:\/\/valenciasjb.salesianos.edu\/colegio\/#website"},"primaryImageOfPage":{"@id":"https:\/\/valenciasjb.salesianos.edu\/colegio\/fernando-navarro-romero-nuevo-director-de-la-casa-salesiana-san-juan-bosco-de-valencia\/#primaryimage"},"image":{"@id":"https:\/\/valenciasjb.salesianos.edu\/colegio\/fernando-navarro-romero-nuevo-director-de-la-casa-salesiana-san-juan-bosco-de-valencia\/#primaryimage"},"thumbnailUrl":"https:\/\/valenciasjb.salesianos.edu\/colegio\/wp-content\/uploads\/sites\/2\/2019\/07\/66050885_2397480096941848_3621685005748535296_n.jpg","datePublished":"2019-07-08T14:19:19+00:00","author":{"@id":"https:\/\/valenciasjb.salesianos.edu\/colegio\/#\/schema\/person\/1f45b67e52b27da175190a574db6bed9"},"breadcrumb":{"@id":"https:\/\/valenciasjb.salesianos.edu\/colegio\/fernando-navarro-romero-nuevo-director-de-la-casa-salesiana-san-juan-bosco-de-valencia\/#breadcrumb"},"inLanguage":"es","potentialAction":[{"@type":"ReadAction","target":["https:\/\/valenciasjb.salesianos.edu\/colegio\/fernando-navarro-romero-nuevo-director-de-la-casa-salesiana-san-juan-bosco-de-valencia\/"]}]},{"@type":"ImageObject","inLanguage":"es","@id":"https:\/\/valenciasjb.salesianos.edu\/colegio\/fernando-navarro-romero-nuevo-director-de-la-casa-salesiana-san-juan-bosco-de-valencia\/#primaryimage","url":"https:\/\/valenciasjb.salesianos.edu\/colegio\/wp-content\/uploads\/sites\/2\/2019\/07\/66050885_2397480096941848_3621685005748535296_n.jpg","contentUrl":"https:\/\/valenciasjb.salesianos.edu\/colegio\/wp-content\/uploads\/sites\/2\/2019\/07\/66050885_2397480096941848_3621685005748535296_n.jpg","width":960,"height":720},{"@type":"BreadcrumbList","@id":"https:\/\/valenciasjb.salesianos.edu\/colegio\/fernando-navarro-romero-nuevo-director-de-la-casa-salesiana-san-juan-bosco-de-valencia\/#breadcrumb","itemListElement":[{"@type":"ListItem","position":1,"name":"Portada","item":"https:\/\/valenciasjb.salesianos.edu\/colegio\/"},{"@type":"ListItem","position":2,"name":"Fernando Navarro Romero nuevo director de la casa salesiana San Juan Bosco de Valencia"}]},{"@type":"WebSite","@id":"https:\/\/valenciasjb.salesianos.edu\/colegio\/#website","url":"https:\/\/valenciasjb.salesianos.edu\/colegio\/","name":"Colegio San Juan Bosco Valencia","description":"P\u00e1gina oficial del Colegio Salesianos San Juan Bosco Valencia","alternateName":"Salesianos.VSJB","potentialAction":[{"@type":"SearchAction","target":{"@type":"EntryPoint","urlTemplate":"https:\/\/valenciasjb.salesianos.edu\/colegio\/?s={search_term_string}"},"query-input":{"@type":"PropertyValueSpecification","valueRequired":true,"valueName":"search_term_string"}}],"inLanguage":"es"},{"@type":"Person","@id":"https:\/\/valenciasjb.salesianos.edu\/colegio\/#\/schema\/person\/1f45b67e52b27da175190a574db6bed9","name":"veronicapastor","image":{"@type":"ImageObject","inLanguage":"es","@id":"https:\/\/secure.gravatar.com\/avatar\/e29bd40bace3fd935e1d6fdb7313ffc14628cc037c5e16f4c7369b20a2a6f7f0?s=96&d=mm&r=g","url":"https:\/\/secure.gravatar.com\/avatar\/e29bd40bace3fd935e1d6fdb7313ffc14628cc037c5e16f4c7369b20a2a6f7f0?s=96&d=mm&r=g","contentUrl":"https:\/\/secure.gravatar.com\/avatar\/e29bd40bace3fd935e1d6fdb7313ffc14628cc037c5e16f4c7369b20a2a6f7f0?s=96&d=mm&r=g","caption":"veronicapastor"}}]}},"_links":{"self":[{"href":"https:\/\/valenciasjb.salesianos.edu\/colegio\/wp-json\/wp\/v2\/posts\/10867","targetHints":{"allow":["GET"]}}],"collection":[{"href":"https:\/\/valenciasjb.salesianos.edu\/colegio\/wp-json\/wp\/v2\/posts"}],"about":[{"href":"https:\/\/valenciasjb.salesianos.edu\/colegio\/wp-json\/wp\/v2\/types\/post"}],"author":[{"embeddable":true,"href":"https:\/\/valenciasjb.salesianos.edu\/colegio\/wp-json\/wp\/v2\/users\/6"}],"replies":[{"embeddable":true,"href":"https:\/\/valenciasjb.salesianos.edu\/colegio\/wp-json\/wp\/v2\/comments?post=10867"}],"version-history":[{"count":1,"href":"https:\/\/valenciasjb.salesianos.edu\/colegio\/wp-json\/wp\/v2\/posts\/10867\/revisions"}],"predecessor-version":[{"id":10873,"href":"https:\/\/valenciasjb.salesianos.edu\/colegio\/wp-json\/wp\/v2\/posts\/10867\/revisions\/10873"}],"wp:featuredmedia":[{"embeddable":true,"href":"https:\/\/valenciasjb.salesianos.edu\/colegio\/wp-json\/wp\/v2\/media\/10868"}],"wp:attachment":[{"href":"https:\/\/valenciasjb.salesianos.edu\/colegio\/wp-json\/wp\/v2\/media?parent=10867"}],"wp:term":[{"taxonomy":"category","embeddable":true,"href":"https:\/\/valenciasjb.salesianos.edu\/colegio\/wp-json\/wp\/v2\/categories?post=10867"},{"taxonomy":"post_tag","embeddable":true,"href":"https:\/\/valenciasjb.salesianos.edu\/colegio\/wp-json\/wp\/v2\/tags?post=10867"}],"curies":[{"name":"wp","href":"https:\/\/api.w.org\/{rel}","templated":true}]}}