{"id":10912,"date":"2019-07-18T00:51:00","date_gmt":"2019-07-17T23:51:00","guid":{"rendered":"https:\/\/valenciasjb.salesianos.edu\/colegio\/?p=10912"},"modified":"2019-07-18T00:52:50","modified_gmt":"2019-07-17T23:52:50","slug":"el-colegio-finalista-autonomico-a-los-premios-accion-magistral-por-el-proyecto-de-centro-aula-mundo","status":"publish","type":"post","link":"https:\/\/valenciasjb.salesianos.edu\/colegio\/el-colegio-finalista-autonomico-a-los-premios-accion-magistral-por-el-proyecto-de-centro-aula-mundo\/","title":{"rendered":"El colegio finalista auton\u00f3mico a los premios Acci\u00f3n Magistral por el proyecto de centro AULA-MUNDO"},"content":{"rendered":"<div id=\"fb-root\"><\/div>\n<p>[et_pb_section bb_built=\u00bb1&#8243; admin_label=\u00bbsection\u00bb][et_pb_row admin_label=\u00bbrow\u00bb background_position=\u00bbtop_left\u00bb background_repeat=\u00bbrepeat\u00bb background_size=\u00bbinitial\u00bb][et_pb_column type=\u00bb4_4&#8243;][et_pb_text admin_label=\u00bbEntradilla (Texto)\u00bb _builder_version=\u00bb3.19.18&#8243; text_orientation=\u00bbjustified\u00bb text_font=\u00bb|on|||\u00bb module_alignment=\u00bbleft\u00bb]<\/p>\n<div id=\"resumen\">El Colegio Salesiano San Juan Bosco de Valencia ha sido nombrado finalista auton\u00f3mico en los premios de Acci\u00f3n Magistral 2019, una iniciativa de\u00a0Fad\u00a0y\u00a0BBVA\u00a0que tiene el objetivo de galardonar y dar a conocer\u00a0iniciativas creativas, innovadoras y con impacto social\u00a0de centros educativos de\u00a0Infantil, Primaria y Secundaria de toda Espa\u00f1a. El proyecto seleccionado ha sido AULA-MUNDO, en la Modalidad B de Proyectos de Centro, en la que ha sido el \u00fanico colegio finalista auton\u00f3mico de la Comunidad Valenciana. En estos momentos se ha pasado a una fase de votaci\u00f3n de proyectos en el siguiente enlace: <a href=\"https:\/\/pr.easypromosapp.com\/voteme\/840737\/633052392?lc=spahttps:\/\/pr.easypromosapp.com\/voteme\/840737\/633052392?lc=spa\">https:\/\/pr.easypromosapp.com\/voteme\/840737\/633052392?lc=spahttps:\/\/pr.easypromosapp.com\/voteme\/840737\/633052392?lc=spa<\/a><\/div>\n<div>\u00a0<\/div>\n<p>[\/et_pb_text][et_pb_text admin_label=\u00bbAutor (Texto)\u00bb _builder_version=\u00bb3.0.85&#8243; background_layout=\u00bblight\u00bb text_font=\u00bb||on||\u00bb]<\/p>\n<p>Redacci\u00f3n<\/p>\n<p>[\/et_pb_text][et_pb_text admin_label=\u00bbDesarrollo (Texto)\u00bb _builder_version=\u00bb3.19.18&#8243; text_orientation=\u00bbjustified\u00bb module_alignment=\u00bbleft\u00bb]<\/p>\n<p>Los proyectos educativos pueden servir para la reproducci\u00f3n de un determinado orden social o para su transformaci\u00f3n. Por tanto, la cuesti\u00f3n fundamental que nos debemos hacer desde la educaci\u00f3n es: \u00bfreproducir o transformar la sociedad?<\/p>\n<p>La Educaci\u00f3n para la transformaci\u00f3n social es un paradigma educativo que busca mantener viva la conciencia indignada por las desigualdades existentes, una manera de no deshumanizarnos y defender la dignidad de todas las personas sin distinci\u00f3n. Un cambio de mirada en la educaci\u00f3n, capaz de acercarnos m\u00e1s a los ojos de Don Bosco que, siempre abiertos, supieron comprender el contexto que le envolv\u00eda para elegir el compromiso como respuesta en favor de ese\u00a0<strong><em>otro mundo posible<\/em><\/strong>\u00a0y generar condiciones de aprendizaje que favorecieran el desarrollo de sujetos cr\u00edticos, activos y comprometidos; capaces de adquirir el protagonismo en su proceso de aprendizaje y en su biograf\u00eda.<\/p>\n<p>Comprometerse con una educaci\u00f3n para la transformaci\u00f3n social emancipadora es reivindicar y construir nuevos modelos de desarrollo e imaginar y caminar hacia diferentes utop\u00edas. Es, por tanto, un firme compromiso por la creaci\u00f3n de un nuevo paradigma educativo.<\/p>\n<p>Para conseguir todo lo anterior, el proyecto cuenta con varias iniciativas: la formaci\u00f3n docente del profesorado, actividades de educaci\u00f3n para la transformaci\u00f3n social en Infantil y Primaria, el itinerario formativo para alumnado de Secundaria y el programa de iniciaci\u00f3n al voluntariado de los \u00c1ngeles de Don Bosco, principalmente para alumnado de Bachillerato.<\/p>\n<ul>\n<li><strong>FORMACI\u00d3N DOCENTE<\/strong><\/li>\n<\/ul>\n<p>El equipo docente se encuentra inmerso en pleno proceso de reflexi\u00f3n. Se ha planteado un a\u00f1o de pr\u00e1ctica reflexiva alrededor de los siguientes temas: Educaci\u00f3n para la transformaci\u00f3n social y educaci\u00f3n ecosocial. Estos temas se tratan con ponentes de primer orden: Mar\u00eda Jes\u00fas Mart\u00ednez Usarralde, Gema Celorio, Federico Mayor Zaragoza y los coordinadores del proyecto en el centro, Mayte Briz y Carlos G\u00f3mez. Posteriormente se plantea otro reto que ser\u00e1 elaborar nuestro propio plan de centro de EpTS.<\/p>\n<p>Mar\u00eda Jes\u00fas Mart\u00ednez Usarralde, catedr\u00e1tica de Educaci\u00f3n para el Desarrollo en la Universitat de Val\u00e8ncia, habla de los \u201ccocineros\u201d de la educaci\u00f3n actual, y sus \u201cingredientes\u201d, para hacer un an\u00e1lisis del contexto social, econ\u00f3mico y pol\u00edtico que envuelve a la Educaci\u00f3n.<\/p>\n<p>Gema Celorio, referencia absoluta de Educaci\u00f3n para el Desarrollo en Espa\u00f1a, comparte su mirada y reflexiones con todo el profesorado en el segundo m\u00f3dulo del Programa AULA-MUNDO del Colegio Salesiano San Juan Bosco Valencia.<\/p>\n<ul>\n<li><strong>ITINERARIO FORMATIVO PARA ALUMNADO DE SECUNDARIA <\/strong><\/li>\n<\/ul>\n<ol>\n<li>Los alumnos de 1\u00ba y 2\u00ba de ESO trabajan los derechos humanos investigando sobre un conflicto internacional de actualidad. A partir de la situaci\u00f3n de Yemen, se reflexiona sobre la vulneraci\u00f3n de los derechos fundamentales y el papel que jugamos como ciudadanos.<\/li>\n<li>En 3\u00ba de ESO el alumnado lleva a cabo un proyecto interdisciplinar sobre sostenibilidad. A trav\u00e9s de una ecoauditor\u00eda a nuestro propio colegio, reflexionamos sobre las cuatro grandes causas del cambio clim\u00e1tico: producci\u00f3n de residuos, movilidad y emisiones de gases de efecto invernadero, consumo energ\u00e9tico y uso del agua. El proyecto se completa con una actividad que ha llevado a cabo la ONG ACNUR sobre refugiados clim\u00e1ticos.<\/li>\n<li>En 3\u00ba y 4\u00ba de ESO se ha llevado a cabo un proyecto conjunto con la FAD (Fundaci\u00f3n de ayuda contra la drogodependencia). Los alumnos han elaborado un cortometraje en el que denuncian situaciones de vulneraci\u00f3n de los derechos humanos. Para ello, recibieron una sesi\u00f3n formativa por parte de la compa\u00f1\u00eda \u201cClan de bichos\u201d y a partir de ah\u00ed hicieron sus propuestas. La productora ha elegido uno de los cortos, el elaborado por los alumnos de 3\u00baC, que se ha podido rodar de manera profesional en colaboraci\u00f3n con la productora \u201cLa cosecha\u201d. (La imagen con pie de foto: Corto ganador concurso FAD)<\/li>\n<li>\u201cMIRADA I PARAULA\u201d Durant el curs, l&#8217;alumnat de les assignatures de Geografia i Hist\u00f2ria dels diferents nivells han estat treballant de manera espec\u00edfica la vulneraci\u00f3 dels Drets Humans a trav\u00e9s de l&#8217;an\u00e0lisi de diversos conflictes que castiguen el m\u00f3n: la Guerra del Iemen, el conflicte de Palestina o la Guerra del Coltan&#8230; Ara \u00e9s el moment de posicionar-se en defensa dels Drets Humans, convidant a la reflexi\u00f3 per a iniciar la transformaci\u00f3: el Departament de Ci\u00e8ncies Socials i Humanitats -en col\u00b7laboraci\u00f3 amb A.M.P.A.S.- llan\u00e7a el I Concurs Mirada i Paraula, a trav\u00e9s del qual, l&#8217;alumnat compartir\u00e0 la seua mirada a trav\u00e9s de la fotografia i la seua paraula amb la redacci\u00f3 de manifestos i assajos.<\/li>\n<\/ol>\n<ul>\n<li><strong>ACTIVIDADES PARA INFANTIL Y PRIMARIA<\/strong><\/li>\n<\/ul>\n<p>Los alumnos y alumnas de Educaci\u00f3n Primaria se han embarcado, desde las \u00e1reas de Ciencias Sociales y Ciencias Naturales, en los proyectos \u201cSalvem la terra\u201d para 1\u00ba de Primaria, donde han unido contenidos para trabajar el cuidado de la naturaleza, y \u201cEl meu amic extraterrestre\u201d en 2\u00ba de Primaria, que se ha centrado en la tem\u00e1tica sobre refugiados. Estas actividades tienen como objetivo principal alcanzar un aprendizaje significativo de estas \u00e1reas tan apasionantes a partir de estrategias metodol\u00f3gicas transformadoras, que favorecen la multiplicaci\u00f3n de las interacciones dentro del aula, el desarrollo de la capacidad de escucha, el aprendizaje vivencial del alumnado; y que buscan, adem\u00e1s, desarrollar la conciencia cr\u00edtica a partir de la investigaci\u00f3n-acci\u00f3n con problem\u00e1ticas de nuestro planeta.<\/p>\n<p>M\u00e1s de 70 alumnos y alumnas conmemoraron el 8M (d\u00eda Internacional de la Mujer), de manera voluntaria. Reflexionaron sobre la importancia de caminar hacia la Igualdad en distintos ambientes de nuestro entorno cotidiano, desde lo m\u00e1s invisible hasta lo m\u00e1s general y evidente.\u00a0La multitudinaria respuesta del alumnado nos alegra y emociona. Tambi\u00e9n nos compromete a seguir dando cada d\u00eda m\u00e1s pasos en favor de la Igualdad.<\/p>\n<p><strong>\u00c1NGELES DE DON BOSCO<\/strong><\/p>\n<p><strong><em>Iniciaci\u00f3n al voluntariado<\/em><\/strong><\/p>\n<p>Las iniciativas de educaci\u00f3n para la transformaci\u00f3n social de nuestro colegio tienen como objetivo formar personas preocupadas por nuestro mundo global (vulneraci\u00f3n de derechos humanos, deterioro del medio ambiente, igualdad de oportunidades, globalizaci\u00f3n e inequidad&#8230; ) y comprometidos con cambiar nuestra sociedad.<\/p>\n<p>En Bachillerato, esta propuesta se define como \u201cAcci\u00f3n y compromiso social\u201d y la englobamos bajo la filosof\u00eda de \u201cLos \u00e1ngeles de Don Bosco\u201d. Ofrecemos al alumnado la posibilidad de implicarse en la realidad m\u00e1s cercana. Este es un espacio de participaci\u00f3n para realizar un voluntariado extraescolar en distintas organizaciones sociales en el que el colegio act\u00faa como puente entre los alumnos y las instituciones.<\/p>\n<p><strong>VOLUNTARIADO CON INFANTIL<\/strong><\/p>\n<p>Nuestros alumnos y alumnas voluntarios preparan actividades tematizadas con los m\u00e1s peque\u00f1os del colegio: con juegos, canciones, pintacaras, dibujos, globos\u2026, como por ejemplo en el d\u00eda de la mujer para trabajar el valor de la igualdad.<\/p>\n<p><strong>MODEPRAN<\/strong><\/p>\n<p>Acudimos como voluntarios a la protectora de animales MODEPRAN Paterna. All\u00ed paseamos a los perros ayudando a su socializaci\u00f3n para facilitar su adopci\u00f3n.<\/p>\n<p><strong>PAE<\/strong><\/p>\n<p>Las voluntarias ayudan en las tareas escolares a ni\u00f1os y ni\u00f1as de cursos inferiores con dificultades.<\/p>\n<p><strong>FERIA DE LA PRIMAVERA<\/strong><\/p>\n<p>Alumnos voluntarios de 4\u00ba de ESO y Bachillerato ejercen como monitores en la Feria de la Primavera con la asociaci\u00f3n \u201cBonagent\u201d.<\/p>\n<p><strong>CONCIERTO SOLIDARIO<\/strong><\/p>\n<p>Experiencia de voluntariado que implica a toda la comunidad educativa, con m\u00e1s de 240 personas implicadas: alumnos, ex alumnos, padres, madres, profesores y personal de administraci\u00f3n y servicios. Todos juntos, en una aut\u00e9ntica experiencia de comunidad y convivencia que ya forma parte de la vida de esta casa y de todos y cada uno de los que forman parte del proyecto Un proyecto de gran envergadura, que implica a personas de todas las edades (sin l\u00edmite de edad), y alumnos desde los 3 hasta los 18 a\u00f1os.<\/p>\n<p>[\/et_pb_text][et_pb_text admin_label=\u00bbT\u00edtulo: Galer\u00eda de fotos (Texto)\u00bb _builder_version=\u00bb3.0.76&#8243; background_layout=\u00bblight\u00bb text_font=\u00bb|on|||\u00bb text_text_color=\u00bb#dc001b\u00bb border_style=\u00bbsolid\u00bb disabled=\u00bboff\u00bb disabled_on=\u00bboff|on|on\u00bb]<\/p>\n<p>Galer\u00eda de im\u00e1genes<\/p>\n<p>[\/et_pb_text][et_pb_gallery _builder_version=\u00bb3.19.18&#8243; posts_number=\u00bb8&#8243; show_title_and_caption=\u00bboff\u00bb zoom_icon_color=\u00bb#dc001b\u00bb hover_overlay_color=\u00bbrgba(255,255,255,0.9)\u00bb hover_icon=\u00bb%%51%%\u00bb disabled=\u00bboff\u00bb disabled_on=\u00bboff|off|off\u00bb gallery_ids=\u00bb10913&#8243; pagination_font_size_tablet=\u00bb51&#8243; pagination_line_height_tablet=\u00bb2&#8243; \/][et_pb_video _builder_version=\u00bb3.19.18&#8243; disabled=\u00bboff\u00bb disabled_on=\u00bboff|off|off\u00bb src=\u00bbhttps:\/\/pr.easypromosapp.com\/voteme\/840737\/633052392?lc=spa\u00bb \/][\/et_pb_column][\/et_pb_row][\/et_pb_section]<\/p>\n<!-- AddThis Advanced Settings generic via filter on the_content --><!-- AddThis Share Buttons generic via filter on the_content -->","protected":false},"excerpt":{"rendered":"<p>El Colegio Salesiano San Juan Bosco de Valencia ha sido nombrado finalista auton\u00f3mico en los premios de Acci\u00f3n Magistral 2019, una iniciativa de\u00a0Fad\u00a0y\u00a0BBVA\u00a0que tiene el objetivo de galardonar y dar a conocer\u00a0iniciativas creativas, innovadoras y con impacto social\u00a0de centros educativos de\u00a0Infantil, Primaria y Secundaria de toda Espa\u00f1a. El proyecto seleccionado ha sido AULA-MUNDO, en la [&hellip;]<\/p>\n<p><!-- AddThis Advanced Settings generic via filter on get_the_excerpt --><!-- AddThis Share Buttons generic via filter on get_the_excerpt --><\/p>\n","protected":false},"author":6,"featured_media":10913,"comment_status":"closed","ping_status":"open","sticky":false,"template":"","format":"standard","meta":{"_et_pb_use_builder":"on","_et_pb_old_content":"","_et_gb_content_width":"","footnotes":""},"categories":[14],"tags":[],"class_list":["post-10912","post","type-post","status-publish","format-standard","has-post-thumbnail","hentry","category-noticia_colegio"],"yoast_head":"<!-- This site is optimized with the Yoast SEO plugin v28.4 - https:\/\/yoast.com\/product\/yoast-seo-wordpress\/ -->\n<title>El colegio finalista auton\u00f3mico a los premios Acci\u00f3n Magistral por el proyecto de centro AULA-MUNDO - Colegio San Juan Bosco Valencia<\/title>\n<meta name=\"robots\" content=\"index, follow, max-snippet:-1, max-image-preview:large, max-video-preview:-1\" \/>\n<link rel=\"canonical\" href=\"https:\/\/valenciasjb.salesianos.edu\/colegio\/el-colegio-finalista-autonomico-a-los-premios-accion-magistral-por-el-proyecto-de-centro-aula-mundo\/\" \/>\n<meta property=\"og:locale\" content=\"es_ES\" \/>\n<meta property=\"og:type\" content=\"article\" \/>\n<meta property=\"og:title\" content=\"El colegio finalista auton\u00f3mico a los premios Acci\u00f3n Magistral por el proyecto de centro AULA-MUNDO - Colegio San Juan Bosco Valencia\" \/>\n<meta property=\"og:description\" content=\"El Colegio Salesiano San Juan Bosco de Valencia ha sido nombrado finalista auton\u00f3mico en los premios de Acci\u00f3n Magistral 2019, una iniciativa de\u00a0Fad\u00a0y\u00a0BBVA\u00a0que tiene el objetivo de galardonar y dar a conocer\u00a0iniciativas creativas, innovadoras y con impacto social\u00a0de centros educativos de\u00a0Infantil, Primaria y Secundaria de toda Espa\u00f1a. El proyecto seleccionado ha sido AULA-MUNDO, en la [&hellip;]\" \/>\n<meta property=\"og:url\" content=\"https:\/\/valenciasjb.salesianos.edu\/colegio\/el-colegio-finalista-autonomico-a-los-premios-accion-magistral-por-el-proyecto-de-centro-aula-mundo\/\" \/>\n<meta property=\"og:site_name\" content=\"Colegio San Juan Bosco Valencia\" \/>\n<meta property=\"article:publisher\" content=\"https:\/\/www.facebook.com\/ColegioSalesianoSanJuanBoscoValencia\" \/>\n<meta property=\"article:published_time\" content=\"2019-07-17T23:51:00+00:00\" \/>\n<meta property=\"article:modified_time\" content=\"2019-07-17T23:52:50+00:00\" \/>\n<meta property=\"og:image\" content=\"https:\/\/valenciasjb.salesianos.edu\/colegio\/wp-content\/uploads\/sites\/2\/2019\/07\/IMG-20190718-WA0000.jpg\" \/>\n\t<meta property=\"og:image:width\" content=\"1575\" \/>\n\t<meta property=\"og:image:height\" content=\"1181\" \/>\n\t<meta property=\"og:image:type\" content=\"image\/jpeg\" \/>\n<meta name=\"author\" content=\"veronicapastor\" \/>\n<meta name=\"twitter:card\" content=\"summary_large_image\" \/>\n<meta name=\"twitter:creator\" content=\"@SalesianosVSJB\" \/>\n<meta name=\"twitter:site\" content=\"@SalesianosVSJB\" \/>\n<meta name=\"twitter:label1\" content=\"Escrito por\" \/>\n\t<meta name=\"twitter:data1\" content=\"veronicapastor\" \/>\n\t<meta name=\"twitter:label2\" content=\"Tiempo de lectura\" \/>\n\t<meta name=\"twitter:data2\" content=\"8 minutos\" \/>\n<script type=\"application\/ld+json\" class=\"yoast-schema-graph\">{\"@context\":\"https:\\\/\\\/schema.org\",\"@graph\":[{\"@type\":\"Article\",\"@id\":\"https:\\\/\\\/valenciasjb.salesianos.edu\\\/colegio\\\/el-colegio-finalista-autonomico-a-los-premios-accion-magistral-por-el-proyecto-de-centro-aula-mundo\\\/#article\",\"isPartOf\":{\"@id\":\"https:\\\/\\\/valenciasjb.salesianos.edu\\\/colegio\\\/el-colegio-finalista-autonomico-a-los-premios-accion-magistral-por-el-proyecto-de-centro-aula-mundo\\\/\"},\"author\":{\"name\":\"veronicapastor\",\"@id\":\"https:\\\/\\\/valenciasjb.salesianos.edu\\\/colegio\\\/#\\\/schema\\\/person\\\/1f45b67e52b27da175190a574db6bed9\"},\"headline\":\"El colegio finalista auton\u00f3mico a los premios Acci\u00f3n Magistral por el proyecto de centro AULA-MUNDO\",\"datePublished\":\"2019-07-17T23:51:00+00:00\",\"dateModified\":\"2019-07-17T23:52:50+00:00\",\"mainEntityOfPage\":{\"@id\":\"https:\\\/\\\/valenciasjb.salesianos.edu\\\/colegio\\\/el-colegio-finalista-autonomico-a-los-premios-accion-magistral-por-el-proyecto-de-centro-aula-mundo\\\/\"},\"wordCount\":1649,\"image\":{\"@id\":\"https:\\\/\\\/valenciasjb.salesianos.edu\\\/colegio\\\/el-colegio-finalista-autonomico-a-los-premios-accion-magistral-por-el-proyecto-de-centro-aula-mundo\\\/#primaryimage\"},\"thumbnailUrl\":\"https:\\\/\\\/valenciasjb.salesianos.edu\\\/colegio\\\/wp-content\\\/uploads\\\/sites\\\/2\\\/2019\\\/07\\\/IMG-20190718-WA0000.jpg\",\"articleSection\":[\"Noticia Colegio\"],\"inLanguage\":\"es\"},{\"@type\":\"WebPage\",\"@id\":\"https:\\\/\\\/valenciasjb.salesianos.edu\\\/colegio\\\/el-colegio-finalista-autonomico-a-los-premios-accion-magistral-por-el-proyecto-de-centro-aula-mundo\\\/\",\"url\":\"https:\\\/\\\/valenciasjb.salesianos.edu\\\/colegio\\\/el-colegio-finalista-autonomico-a-los-premios-accion-magistral-por-el-proyecto-de-centro-aula-mundo\\\/\",\"name\":\"El colegio finalista auton\u00f3mico a los premios Acci\u00f3n Magistral por el proyecto de centro AULA-MUNDO - Colegio San Juan Bosco Valencia\",\"isPartOf\":{\"@id\":\"https:\\\/\\\/valenciasjb.salesianos.edu\\\/colegio\\\/#website\"},\"primaryImageOfPage\":{\"@id\":\"https:\\\/\\\/valenciasjb.salesianos.edu\\\/colegio\\\/el-colegio-finalista-autonomico-a-los-premios-accion-magistral-por-el-proyecto-de-centro-aula-mundo\\\/#primaryimage\"},\"image\":{\"@id\":\"https:\\\/\\\/valenciasjb.salesianos.edu\\\/colegio\\\/el-colegio-finalista-autonomico-a-los-premios-accion-magistral-por-el-proyecto-de-centro-aula-mundo\\\/#primaryimage\"},\"thumbnailUrl\":\"https:\\\/\\\/valenciasjb.salesianos.edu\\\/colegio\\\/wp-content\\\/uploads\\\/sites\\\/2\\\/2019\\\/07\\\/IMG-20190718-WA0000.jpg\",\"datePublished\":\"2019-07-17T23:51:00+00:00\",\"dateModified\":\"2019-07-17T23:52:50+00:00\",\"author\":{\"@id\":\"https:\\\/\\\/valenciasjb.salesianos.edu\\\/colegio\\\/#\\\/schema\\\/person\\\/1f45b67e52b27da175190a574db6bed9\"},\"breadcrumb\":{\"@id\":\"https:\\\/\\\/valenciasjb.salesianos.edu\\\/colegio\\\/el-colegio-finalista-autonomico-a-los-premios-accion-magistral-por-el-proyecto-de-centro-aula-mundo\\\/#breadcrumb\"},\"inLanguage\":\"es\",\"potentialAction\":[{\"@type\":\"ReadAction\",\"target\":[\"https:\\\/\\\/valenciasjb.salesianos.edu\\\/colegio\\\/el-colegio-finalista-autonomico-a-los-premios-accion-magistral-por-el-proyecto-de-centro-aula-mundo\\\/\"]}]},{\"@type\":\"ImageObject\",\"inLanguage\":\"es\",\"@id\":\"https:\\\/\\\/valenciasjb.salesianos.edu\\\/colegio\\\/el-colegio-finalista-autonomico-a-los-premios-accion-magistral-por-el-proyecto-de-centro-aula-mundo\\\/#primaryimage\",\"url\":\"https:\\\/\\\/valenciasjb.salesianos.edu\\\/colegio\\\/wp-content\\\/uploads\\\/sites\\\/2\\\/2019\\\/07\\\/IMG-20190718-WA0000.jpg\",\"contentUrl\":\"https:\\\/\\\/valenciasjb.salesianos.edu\\\/colegio\\\/wp-content\\\/uploads\\\/sites\\\/2\\\/2019\\\/07\\\/IMG-20190718-WA0000.jpg\",\"width\":1575,\"height\":1181},{\"@type\":\"BreadcrumbList\",\"@id\":\"https:\\\/\\\/valenciasjb.salesianos.edu\\\/colegio\\\/el-colegio-finalista-autonomico-a-los-premios-accion-magistral-por-el-proyecto-de-centro-aula-mundo\\\/#breadcrumb\",\"itemListElement\":[{\"@type\":\"ListItem\",\"position\":1,\"name\":\"Portada\",\"item\":\"https:\\\/\\\/valenciasjb.salesianos.edu\\\/colegio\\\/\"},{\"@type\":\"ListItem\",\"position\":2,\"name\":\"El colegio finalista auton\u00f3mico a los premios Acci\u00f3n Magistral por el proyecto de centro AULA-MUNDO\"}]},{\"@type\":\"WebSite\",\"@id\":\"https:\\\/\\\/valenciasjb.salesianos.edu\\\/colegio\\\/#website\",\"url\":\"https:\\\/\\\/valenciasjb.salesianos.edu\\\/colegio\\\/\",\"name\":\"Colegio San Juan Bosco Valencia\",\"description\":\"P\u00e1gina oficial del Colegio Salesianos San Juan Bosco Valencia\",\"alternateName\":\"Salesianos.VSJB\",\"potentialAction\":[{\"@type\":\"SearchAction\",\"target\":{\"@type\":\"EntryPoint\",\"urlTemplate\":\"https:\\\/\\\/valenciasjb.salesianos.edu\\\/colegio\\\/?s={search_term_string}\"},\"query-input\":{\"@type\":\"PropertyValueSpecification\",\"valueRequired\":true,\"valueName\":\"search_term_string\"}}],\"inLanguage\":\"es\"},{\"@type\":\"Person\",\"@id\":\"https:\\\/\\\/valenciasjb.salesianos.edu\\\/colegio\\\/#\\\/schema\\\/person\\\/1f45b67e52b27da175190a574db6bed9\",\"name\":\"veronicapastor\",\"image\":{\"@type\":\"ImageObject\",\"inLanguage\":\"es\",\"@id\":\"https:\\\/\\\/secure.gravatar.com\\\/avatar\\\/e29bd40bace3fd935e1d6fdb7313ffc14628cc037c5e16f4c7369b20a2a6f7f0?s=96&d=mm&r=g\",\"url\":\"https:\\\/\\\/secure.gravatar.com\\\/avatar\\\/e29bd40bace3fd935e1d6fdb7313ffc14628cc037c5e16f4c7369b20a2a6f7f0?s=96&d=mm&r=g\",\"contentUrl\":\"https:\\\/\\\/secure.gravatar.com\\\/avatar\\\/e29bd40bace3fd935e1d6fdb7313ffc14628cc037c5e16f4c7369b20a2a6f7f0?s=96&d=mm&r=g\",\"caption\":\"veronicapastor\"}}]}<\/script>\n<!-- \/ Yoast SEO plugin. -->","yoast_head_json":{"title":"El colegio finalista auton\u00f3mico a los premios Acci\u00f3n Magistral por el proyecto de centro AULA-MUNDO - Colegio San Juan Bosco Valencia","robots":{"index":"index","follow":"follow","max-snippet":"max-snippet:-1","max-image-preview":"max-image-preview:large","max-video-preview":"max-video-preview:-1"},"canonical":"https:\/\/valenciasjb.salesianos.edu\/colegio\/el-colegio-finalista-autonomico-a-los-premios-accion-magistral-por-el-proyecto-de-centro-aula-mundo\/","og_locale":"es_ES","og_type":"article","og_title":"El colegio finalista auton\u00f3mico a los premios Acci\u00f3n Magistral por el proyecto de centro AULA-MUNDO - Colegio San Juan Bosco Valencia","og_description":"El Colegio Salesiano San Juan Bosco de Valencia ha sido nombrado finalista auton\u00f3mico en los premios de Acci\u00f3n Magistral 2019, una iniciativa de\u00a0Fad\u00a0y\u00a0BBVA\u00a0que tiene el objetivo de galardonar y dar a conocer\u00a0iniciativas creativas, innovadoras y con impacto social\u00a0de centros educativos de\u00a0Infantil, Primaria y Secundaria de toda Espa\u00f1a. El proyecto seleccionado ha sido AULA-MUNDO, en la [&hellip;]","og_url":"https:\/\/valenciasjb.salesianos.edu\/colegio\/el-colegio-finalista-autonomico-a-los-premios-accion-magistral-por-el-proyecto-de-centro-aula-mundo\/","og_site_name":"Colegio San Juan Bosco Valencia","article_publisher":"https:\/\/www.facebook.com\/ColegioSalesianoSanJuanBoscoValencia","article_published_time":"2019-07-17T23:51:00+00:00","article_modified_time":"2019-07-17T23:52:50+00:00","og_image":[{"width":1575,"height":1181,"url":"https:\/\/valenciasjb.salesianos.edu\/colegio\/wp-content\/uploads\/sites\/2\/2019\/07\/IMG-20190718-WA0000.jpg","type":"image\/jpeg"}],"author":"veronicapastor","twitter_card":"summary_large_image","twitter_creator":"@SalesianosVSJB","twitter_site":"@SalesianosVSJB","twitter_misc":{"Escrito por":"veronicapastor","Tiempo de lectura":"8 minutos"},"schema":{"@context":"https:\/\/schema.org","@graph":[{"@type":"Article","@id":"https:\/\/valenciasjb.salesianos.edu\/colegio\/el-colegio-finalista-autonomico-a-los-premios-accion-magistral-por-el-proyecto-de-centro-aula-mundo\/#article","isPartOf":{"@id":"https:\/\/valenciasjb.salesianos.edu\/colegio\/el-colegio-finalista-autonomico-a-los-premios-accion-magistral-por-el-proyecto-de-centro-aula-mundo\/"},"author":{"name":"veronicapastor","@id":"https:\/\/valenciasjb.salesianos.edu\/colegio\/#\/schema\/person\/1f45b67e52b27da175190a574db6bed9"},"headline":"El colegio finalista auton\u00f3mico a los premios Acci\u00f3n Magistral por el proyecto de centro AULA-MUNDO","datePublished":"2019-07-17T23:51:00+00:00","dateModified":"2019-07-17T23:52:50+00:00","mainEntityOfPage":{"@id":"https:\/\/valenciasjb.salesianos.edu\/colegio\/el-colegio-finalista-autonomico-a-los-premios-accion-magistral-por-el-proyecto-de-centro-aula-mundo\/"},"wordCount":1649,"image":{"@id":"https:\/\/valenciasjb.salesianos.edu\/colegio\/el-colegio-finalista-autonomico-a-los-premios-accion-magistral-por-el-proyecto-de-centro-aula-mundo\/#primaryimage"},"thumbnailUrl":"https:\/\/valenciasjb.salesianos.edu\/colegio\/wp-content\/uploads\/sites\/2\/2019\/07\/IMG-20190718-WA0000.jpg","articleSection":["Noticia Colegio"],"inLanguage":"es"},{"@type":"WebPage","@id":"https:\/\/valenciasjb.salesianos.edu\/colegio\/el-colegio-finalista-autonomico-a-los-premios-accion-magistral-por-el-proyecto-de-centro-aula-mundo\/","url":"https:\/\/valenciasjb.salesianos.edu\/colegio\/el-colegio-finalista-autonomico-a-los-premios-accion-magistral-por-el-proyecto-de-centro-aula-mundo\/","name":"El colegio finalista auton\u00f3mico a los premios Acci\u00f3n Magistral por el proyecto de centro AULA-MUNDO - Colegio San Juan Bosco Valencia","isPartOf":{"@id":"https:\/\/valenciasjb.salesianos.edu\/colegio\/#website"},"primaryImageOfPage":{"@id":"https:\/\/valenciasjb.salesianos.edu\/colegio\/el-colegio-finalista-autonomico-a-los-premios-accion-magistral-por-el-proyecto-de-centro-aula-mundo\/#primaryimage"},"image":{"@id":"https:\/\/valenciasjb.salesianos.edu\/colegio\/el-colegio-finalista-autonomico-a-los-premios-accion-magistral-por-el-proyecto-de-centro-aula-mundo\/#primaryimage"},"thumbnailUrl":"https:\/\/valenciasjb.salesianos.edu\/colegio\/wp-content\/uploads\/sites\/2\/2019\/07\/IMG-20190718-WA0000.jpg","datePublished":"2019-07-17T23:51:00+00:00","dateModified":"2019-07-17T23:52:50+00:00","author":{"@id":"https:\/\/valenciasjb.salesianos.edu\/colegio\/#\/schema\/person\/1f45b67e52b27da175190a574db6bed9"},"breadcrumb":{"@id":"https:\/\/valenciasjb.salesianos.edu\/colegio\/el-colegio-finalista-autonomico-a-los-premios-accion-magistral-por-el-proyecto-de-centro-aula-mundo\/#breadcrumb"},"inLanguage":"es","potentialAction":[{"@type":"ReadAction","target":["https:\/\/valenciasjb.salesianos.edu\/colegio\/el-colegio-finalista-autonomico-a-los-premios-accion-magistral-por-el-proyecto-de-centro-aula-mundo\/"]}]},{"@type":"ImageObject","inLanguage":"es","@id":"https:\/\/valenciasjb.salesianos.edu\/colegio\/el-colegio-finalista-autonomico-a-los-premios-accion-magistral-por-el-proyecto-de-centro-aula-mundo\/#primaryimage","url":"https:\/\/valenciasjb.salesianos.edu\/colegio\/wp-content\/uploads\/sites\/2\/2019\/07\/IMG-20190718-WA0000.jpg","contentUrl":"https:\/\/valenciasjb.salesianos.edu\/colegio\/wp-content\/uploads\/sites\/2\/2019\/07\/IMG-20190718-WA0000.jpg","width":1575,"height":1181},{"@type":"BreadcrumbList","@id":"https:\/\/valenciasjb.salesianos.edu\/colegio\/el-colegio-finalista-autonomico-a-los-premios-accion-magistral-por-el-proyecto-de-centro-aula-mundo\/#breadcrumb","itemListElement":[{"@type":"ListItem","position":1,"name":"Portada","item":"https:\/\/valenciasjb.salesianos.edu\/colegio\/"},{"@type":"ListItem","position":2,"name":"El colegio finalista auton\u00f3mico a los premios Acci\u00f3n Magistral por el proyecto de centro AULA-MUNDO"}]},{"@type":"WebSite","@id":"https:\/\/valenciasjb.salesianos.edu\/colegio\/#website","url":"https:\/\/valenciasjb.salesianos.edu\/colegio\/","name":"Colegio San Juan Bosco Valencia","description":"P\u00e1gina oficial del Colegio Salesianos San Juan Bosco Valencia","alternateName":"Salesianos.VSJB","potentialAction":[{"@type":"SearchAction","target":{"@type":"EntryPoint","urlTemplate":"https:\/\/valenciasjb.salesianos.edu\/colegio\/?s={search_term_string}"},"query-input":{"@type":"PropertyValueSpecification","valueRequired":true,"valueName":"search_term_string"}}],"inLanguage":"es"},{"@type":"Person","@id":"https:\/\/valenciasjb.salesianos.edu\/colegio\/#\/schema\/person\/1f45b67e52b27da175190a574db6bed9","name":"veronicapastor","image":{"@type":"ImageObject","inLanguage":"es","@id":"https:\/\/secure.gravatar.com\/avatar\/e29bd40bace3fd935e1d6fdb7313ffc14628cc037c5e16f4c7369b20a2a6f7f0?s=96&d=mm&r=g","url":"https:\/\/secure.gravatar.com\/avatar\/e29bd40bace3fd935e1d6fdb7313ffc14628cc037c5e16f4c7369b20a2a6f7f0?s=96&d=mm&r=g","contentUrl":"https:\/\/secure.gravatar.com\/avatar\/e29bd40bace3fd935e1d6fdb7313ffc14628cc037c5e16f4c7369b20a2a6f7f0?s=96&d=mm&r=g","caption":"veronicapastor"}}]}},"_links":{"self":[{"href":"https:\/\/valenciasjb.salesianos.edu\/colegio\/wp-json\/wp\/v2\/posts\/10912","targetHints":{"allow":["GET"]}}],"collection":[{"href":"https:\/\/valenciasjb.salesianos.edu\/colegio\/wp-json\/wp\/v2\/posts"}],"about":[{"href":"https:\/\/valenciasjb.salesianos.edu\/colegio\/wp-json\/wp\/v2\/types\/post"}],"author":[{"embeddable":true,"href":"https:\/\/valenciasjb.salesianos.edu\/colegio\/wp-json\/wp\/v2\/users\/6"}],"replies":[{"embeddable":true,"href":"https:\/\/valenciasjb.salesianos.edu\/colegio\/wp-json\/wp\/v2\/comments?post=10912"}],"version-history":[{"count":3,"href":"https:\/\/valenciasjb.salesianos.edu\/colegio\/wp-json\/wp\/v2\/posts\/10912\/revisions"}],"predecessor-version":[{"id":10916,"href":"https:\/\/valenciasjb.salesianos.edu\/colegio\/wp-json\/wp\/v2\/posts\/10912\/revisions\/10916"}],"wp:featuredmedia":[{"embeddable":true,"href":"https:\/\/valenciasjb.salesianos.edu\/colegio\/wp-json\/wp\/v2\/media\/10913"}],"wp:attachment":[{"href":"https:\/\/valenciasjb.salesianos.edu\/colegio\/wp-json\/wp\/v2\/media?parent=10912"}],"wp:term":[{"taxonomy":"category","embeddable":true,"href":"https:\/\/valenciasjb.salesianos.edu\/colegio\/wp-json\/wp\/v2\/categories?post=10912"},{"taxonomy":"post_tag","embeddable":true,"href":"https:\/\/valenciasjb.salesianos.edu\/colegio\/wp-json\/wp\/v2\/tags?post=10912"}],"curies":[{"name":"wp","href":"https:\/\/api.w.org\/{rel}","templated":true}]}}