{"id":11054,"date":"2019-09-17T18:20:48","date_gmt":"2019-09-17T17:20:48","guid":{"rendered":"https:\/\/valenciasjb.salesianos.edu\/colegio\/?p=11054"},"modified":"2019-09-17T18:21:25","modified_gmt":"2019-09-17T17:21:25","slug":"borrador-automaticoel-colegio-presente-en-el-vii-congreso-internacional-de-investigacion-e-innovacion-en-enfermedades-neurodegenerativas","status":"publish","type":"post","link":"https:\/\/valenciasjb.salesianos.edu\/colegio\/borrador-automaticoel-colegio-presente-en-el-vii-congreso-internacional-de-investigacion-e-innovacion-en-enfermedades-neurodegenerativas\/","title":{"rendered":"El colegio presente en el VII Congreso Internacional de investigaci\u00f3n e innovaci\u00f3n en enfermedades neurodegenerativas"},"content":{"rendered":"<div id=\"fb-root\"><\/div>\n<p>[et_pb_section fb_built=\u00bb1&#8243; admin_label=\u00bbsection\u00bb _builder_version=\u00bb3.22&#8243; fb_built=\u00bb1&#8243; bb_built=\u00bb1&#8243; _i=\u00bb0&#8243; _address=\u00bb0&#8243;][et_pb_row admin_label=\u00bbrow\u00bb _builder_version=\u00bb3.25&#8243; background_size=\u00bbinitial\u00bb background_position=\u00bbtop_left\u00bb background_repeat=\u00bbrepeat\u00bb _i=\u00bb0&#8243; _address=\u00bb0.0&#8243;][et_pb_column type=\u00bb4_4&#8243; _builder_version=\u00bb3.25&#8243; custom_padding=\u00bb|||\u00bb _i=\u00bb0&#8243; _address=\u00bb0.0.0&#8243; custom_padding__hover=\u00bb|||\u00bb][et_pb_text admin_label=\u00bbEntradilla (Texto)\u00bb _builder_version=\u00bb3.29.2&#8243; text_font=\u00bb|on|||\u00bb text_orientation=\u00bbjustified\u00bb module_alignment=\u00bbjustified\u00bb _i=\u00bb0&#8243; _address=\u00bb0.0.0.0&#8243;]<\/p>\n<div id=\"resumen\">\n<p><span style=\"font-weight: 400\">El colegio ha asistido al VII Congreso Internacional de investigaci\u00f3n e innovaci\u00f3n en enfermedades neurodegenerativas. Nuestro responsable de relaciones externas del colegio, Fran Hern\u00e1ndez ha estado presente en este importante acto, que ha contado con la presencia de Su Majestad la Reina Sof\u00eda, la secretaria de estado para asuntos sociales Do\u00f1a Ana Isabel Lima, el ministro de Ciencia y tecnolog\u00eda Don Pedro Duque, el Presidente de la Generalitat Valenciana Don Ximo Puig, el alcalde de Valencia Don Joan Rib\u00f3.<\/span><\/p>\n<\/div>\n<div>\u00a0<\/div>\n<p>[\/et_pb_text][et_pb_text admin_label=\u00bbAutor (Texto)\u00bb _builder_version=\u00bb3.29.2&#8243; text_font=\u00bb||on||\u00bb _i=\u00bb1&#8243; _address=\u00bb0.0.0.1&#8243;]<\/p>\n<p>Redacci\u00f3n.<\/p>\n<p>[\/et_pb_text][et_pb_text admin_label=\u00bbDesarrollo (Texto)\u00bb _builder_version=\u00bb3.29.2&#8243; text_orientation=\u00bbjustified\u00bb module_alignment=\u00bbjustified\u00bb _i=\u00bb2&#8243; _address=\u00bb0.0.0.2&#8243;]<\/p>\n<p><span style=\"font-weight: 400\">En \u00e9l, cient\u00edficos y personalidades muy relevantes han puesto de manifiesto la importancia de la atenci\u00f3n y el amor a nuestros familiares enfermos y los buenos h\u00e1bitos desde la infancia.<\/span><\/p>\n<p><span style=\"font-weight: 400\">Juntos so\u00f1amos con un mejor futuro para nuestros ni\u00f1os y ni\u00f1as, sin enfermedades neurodegenerativas. Es dif\u00edcil, pero podemos conseguirlo. So\u00f1amos juntos.<\/span><\/p>\n<p>[\/et_pb_text][et_pb_text disabled_on=\u00bboff|on|on\u00bb admin_label=\u00bbT\u00edtulo: Galer\u00eda de fotos (Texto)\u00bb _builder_version=\u00bb3.27.4&#8243; text_font=\u00bb|on|||\u00bb text_text_color=\u00bb#dc001b\u00bb border_style=\u00bbsolid\u00bb _i=\u00bb3&#8243; _address=\u00bb0.0.0.3&#8243;]Galer\u00eda de im\u00e1genes<br \/>\n[\/et_pb_text][et_pb_gallery gallery_ids=\u00bb11057,11058,11059,11060,11061&#8243; posts_number=\u00bb8&#8243; show_title_and_caption=\u00bboff\u00bb zoom_icon_color=\u00bb#dc001b\u00bb hover_icon=\u00bb%%51%%\u00bb disabled_on=\u00bboff|off|off\u00bb _builder_version=\u00bb3.29.2&#8243; pagination_font_size_tablet=\u00bb51&#8243; pagination_line_height_tablet=\u00bb2&#8243; _i=\u00bb4&#8243; _address=\u00bb0.0.0.4&#8243; column_structure=\u00bb4_4&#8243;][\/et_pb_gallery][et_pb_video disabled_on=\u00bbon|on|on\u00bb _builder_version=\u00bb3.0.51&#8243; disabled=\u00bbon\u00bb _i=\u00bb5&#8243; _address=\u00bb0.0.0.5&#8243;][\/et_pb_video][\/et_pb_column][\/et_pb_row][\/et_pb_section]<\/p>\n<!-- AddThis Advanced Settings generic via filter on the_content --><!-- AddThis Share Buttons generic via filter on the_content -->","protected":false},"excerpt":{"rendered":"<p>El colegio ha asistido al VII Congreso Internacional de investigaci\u00f3n e innovaci\u00f3n en enfermedades neurodegenerativas. Nuestro responsable de relaciones externas del colegio, Fran Hern\u00e1ndez ha estado presente en este importante acto, que ha contado con la presencia de Su Majestad la Reina Sof\u00eda, la secretaria de estado para asuntos sociales Do\u00f1a Ana Isabel Lima, el [&hellip;]<\/p>\n<p><!-- AddThis Advanced Settings generic via filter on get_the_excerpt --><!-- AddThis Share Buttons generic via filter on get_the_excerpt --><\/p>\n","protected":false},"author":6,"featured_media":11058,"comment_status":"closed","ping_status":"open","sticky":false,"template":"","format":"standard","meta":{"_et_pb_use_builder":"on","_et_pb_old_content":"","_et_gb_content_width":"","footnotes":""},"categories":[14],"tags":[],"class_list":["post-11054","post","type-post","status-publish","format-standard","has-post-thumbnail","hentry","category-noticia_colegio"],"yoast_head":"<!-- This site is optimized with the Yoast SEO plugin v28.4 - https:\/\/yoast.com\/product\/yoast-seo-wordpress\/ -->\n<title>El colegio presente en el VII Congreso Internacional de investigaci\u00f3n e innovaci\u00f3n en enfermedades neurodegenerativas - Colegio San Juan Bosco Valencia<\/title>\n<meta name=\"robots\" content=\"index, follow, max-snippet:-1, max-image-preview:large, max-video-preview:-1\" \/>\n<link rel=\"canonical\" href=\"https:\/\/valenciasjb.salesianos.edu\/colegio\/borrador-automaticoel-colegio-presente-en-el-vii-congreso-internacional-de-investigacion-e-innovacion-en-enfermedades-neurodegenerativas\/\" \/>\n<meta property=\"og:locale\" content=\"es_ES\" \/>\n<meta property=\"og:type\" content=\"article\" \/>\n<meta property=\"og:title\" content=\"El colegio presente en el VII Congreso Internacional de investigaci\u00f3n e innovaci\u00f3n en enfermedades neurodegenerativas - Colegio San Juan Bosco Valencia\" \/>\n<meta property=\"og:description\" content=\"El colegio ha asistido al VII Congreso Internacional de investigaci\u00f3n e innovaci\u00f3n en enfermedades neurodegenerativas. Nuestro responsable de relaciones externas del colegio, Fran Hern\u00e1ndez ha estado presente en este importante acto, que ha contado con la presencia de Su Majestad la Reina Sof\u00eda, la secretaria de estado para asuntos sociales Do\u00f1a Ana Isabel Lima, el [&hellip;]\" \/>\n<meta property=\"og:url\" content=\"https:\/\/valenciasjb.salesianos.edu\/colegio\/borrador-automaticoel-colegio-presente-en-el-vii-congreso-internacional-de-investigacion-e-innovacion-en-enfermedades-neurodegenerativas\/\" \/>\n<meta property=\"og:site_name\" content=\"Colegio San Juan Bosco Valencia\" \/>\n<meta property=\"article:publisher\" content=\"https:\/\/www.facebook.com\/ColegioSalesianoSanJuanBoscoValencia\" \/>\n<meta property=\"article:published_time\" content=\"2019-09-17T17:20:48+00:00\" \/>\n<meta property=\"article:modified_time\" content=\"2019-09-17T17:21:25+00:00\" \/>\n<meta property=\"og:image\" content=\"https:\/\/valenciasjb.salesianos.edu\/colegio\/wp-content\/uploads\/sites\/2\/2019\/09\/IMG-20190917-WA0007.jpg\" \/>\n\t<meta property=\"og:image:width\" content=\"1200\" \/>\n\t<meta property=\"og:image:height\" content=\"1600\" \/>\n\t<meta property=\"og:image:type\" content=\"image\/jpeg\" \/>\n<meta name=\"author\" content=\"veronicapastor\" \/>\n<meta name=\"twitter:card\" content=\"summary_large_image\" \/>\n<meta name=\"twitter:creator\" content=\"@SalesianosVSJB\" \/>\n<meta name=\"twitter:site\" content=\"@SalesianosVSJB\" \/>\n<meta name=\"twitter:label1\" content=\"Escrito por\" \/>\n\t<meta name=\"twitter:data1\" content=\"veronicapastor\" \/>\n\t<meta name=\"twitter:label2\" content=\"Tiempo de lectura\" \/>\n\t<meta name=\"twitter:data2\" content=\"2 minutos\" \/>\n<script type=\"application\/ld+json\" class=\"yoast-schema-graph\">{\"@context\":\"https:\\\/\\\/schema.org\",\"@graph\":[{\"@type\":\"Article\",\"@id\":\"https:\\\/\\\/valenciasjb.salesianos.edu\\\/colegio\\\/borrador-automaticoel-colegio-presente-en-el-vii-congreso-internacional-de-investigacion-e-innovacion-en-enfermedades-neurodegenerativas\\\/#article\",\"isPartOf\":{\"@id\":\"https:\\\/\\\/valenciasjb.salesianos.edu\\\/colegio\\\/borrador-automaticoel-colegio-presente-en-el-vii-congreso-internacional-de-investigacion-e-innovacion-en-enfermedades-neurodegenerativas\\\/\"},\"author\":{\"name\":\"veronicapastor\",\"@id\":\"https:\\\/\\\/valenciasjb.salesianos.edu\\\/colegio\\\/#\\\/schema\\\/person\\\/1f45b67e52b27da175190a574db6bed9\"},\"headline\":\"El colegio presente en el VII Congreso Internacional de investigaci\u00f3n e innovaci\u00f3n en enfermedades neurodegenerativas\",\"datePublished\":\"2019-09-17T17:20:48+00:00\",\"dateModified\":\"2019-09-17T17:21:25+00:00\",\"mainEntityOfPage\":{\"@id\":\"https:\\\/\\\/valenciasjb.salesianos.edu\\\/colegio\\\/borrador-automaticoel-colegio-presente-en-el-vii-congreso-internacional-de-investigacion-e-innovacion-en-enfermedades-neurodegenerativas\\\/\"},\"wordCount\":379,\"image\":{\"@id\":\"https:\\\/\\\/valenciasjb.salesianos.edu\\\/colegio\\\/borrador-automaticoel-colegio-presente-en-el-vii-congreso-internacional-de-investigacion-e-innovacion-en-enfermedades-neurodegenerativas\\\/#primaryimage\"},\"thumbnailUrl\":\"https:\\\/\\\/valenciasjb.salesianos.edu\\\/colegio\\\/wp-content\\\/uploads\\\/sites\\\/2\\\/2019\\\/09\\\/IMG-20190917-WA0007.jpg\",\"articleSection\":[\"Noticia Colegio\"],\"inLanguage\":\"es\"},{\"@type\":\"WebPage\",\"@id\":\"https:\\\/\\\/valenciasjb.salesianos.edu\\\/colegio\\\/borrador-automaticoel-colegio-presente-en-el-vii-congreso-internacional-de-investigacion-e-innovacion-en-enfermedades-neurodegenerativas\\\/\",\"url\":\"https:\\\/\\\/valenciasjb.salesianos.edu\\\/colegio\\\/borrador-automaticoel-colegio-presente-en-el-vii-congreso-internacional-de-investigacion-e-innovacion-en-enfermedades-neurodegenerativas\\\/\",\"name\":\"El colegio presente en el VII Congreso Internacional de investigaci\u00f3n e innovaci\u00f3n en enfermedades neurodegenerativas - Colegio San Juan Bosco Valencia\",\"isPartOf\":{\"@id\":\"https:\\\/\\\/valenciasjb.salesianos.edu\\\/colegio\\\/#website\"},\"primaryImageOfPage\":{\"@id\":\"https:\\\/\\\/valenciasjb.salesianos.edu\\\/colegio\\\/borrador-automaticoel-colegio-presente-en-el-vii-congreso-internacional-de-investigacion-e-innovacion-en-enfermedades-neurodegenerativas\\\/#primaryimage\"},\"image\":{\"@id\":\"https:\\\/\\\/valenciasjb.salesianos.edu\\\/colegio\\\/borrador-automaticoel-colegio-presente-en-el-vii-congreso-internacional-de-investigacion-e-innovacion-en-enfermedades-neurodegenerativas\\\/#primaryimage\"},\"thumbnailUrl\":\"https:\\\/\\\/valenciasjb.salesianos.edu\\\/colegio\\\/wp-content\\\/uploads\\\/sites\\\/2\\\/2019\\\/09\\\/IMG-20190917-WA0007.jpg\",\"datePublished\":\"2019-09-17T17:20:48+00:00\",\"dateModified\":\"2019-09-17T17:21:25+00:00\",\"author\":{\"@id\":\"https:\\\/\\\/valenciasjb.salesianos.edu\\\/colegio\\\/#\\\/schema\\\/person\\\/1f45b67e52b27da175190a574db6bed9\"},\"breadcrumb\":{\"@id\":\"https:\\\/\\\/valenciasjb.salesianos.edu\\\/colegio\\\/borrador-automaticoel-colegio-presente-en-el-vii-congreso-internacional-de-investigacion-e-innovacion-en-enfermedades-neurodegenerativas\\\/#breadcrumb\"},\"inLanguage\":\"es\",\"potentialAction\":[{\"@type\":\"ReadAction\",\"target\":[\"https:\\\/\\\/valenciasjb.salesianos.edu\\\/colegio\\\/borrador-automaticoel-colegio-presente-en-el-vii-congreso-internacional-de-investigacion-e-innovacion-en-enfermedades-neurodegenerativas\\\/\"]}]},{\"@type\":\"ImageObject\",\"inLanguage\":\"es\",\"@id\":\"https:\\\/\\\/valenciasjb.salesianos.edu\\\/colegio\\\/borrador-automaticoel-colegio-presente-en-el-vii-congreso-internacional-de-investigacion-e-innovacion-en-enfermedades-neurodegenerativas\\\/#primaryimage\",\"url\":\"https:\\\/\\\/valenciasjb.salesianos.edu\\\/colegio\\\/wp-content\\\/uploads\\\/sites\\\/2\\\/2019\\\/09\\\/IMG-20190917-WA0007.jpg\",\"contentUrl\":\"https:\\\/\\\/valenciasjb.salesianos.edu\\\/colegio\\\/wp-content\\\/uploads\\\/sites\\\/2\\\/2019\\\/09\\\/IMG-20190917-WA0007.jpg\",\"width\":1200,\"height\":1600},{\"@type\":\"BreadcrumbList\",\"@id\":\"https:\\\/\\\/valenciasjb.salesianos.edu\\\/colegio\\\/borrador-automaticoel-colegio-presente-en-el-vii-congreso-internacional-de-investigacion-e-innovacion-en-enfermedades-neurodegenerativas\\\/#breadcrumb\",\"itemListElement\":[{\"@type\":\"ListItem\",\"position\":1,\"name\":\"Portada\",\"item\":\"https:\\\/\\\/valenciasjb.salesianos.edu\\\/colegio\\\/\"},{\"@type\":\"ListItem\",\"position\":2,\"name\":\"El colegio presente en el VII Congreso Internacional de investigaci\u00f3n e innovaci\u00f3n en enfermedades neurodegenerativas\"}]},{\"@type\":\"WebSite\",\"@id\":\"https:\\\/\\\/valenciasjb.salesianos.edu\\\/colegio\\\/#website\",\"url\":\"https:\\\/\\\/valenciasjb.salesianos.edu\\\/colegio\\\/\",\"name\":\"Colegio San Juan Bosco Valencia\",\"description\":\"P\u00e1gina oficial del Colegio Salesianos San Juan Bosco Valencia\",\"alternateName\":\"Salesianos.VSJB\",\"potentialAction\":[{\"@type\":\"SearchAction\",\"target\":{\"@type\":\"EntryPoint\",\"urlTemplate\":\"https:\\\/\\\/valenciasjb.salesianos.edu\\\/colegio\\\/?s={search_term_string}\"},\"query-input\":{\"@type\":\"PropertyValueSpecification\",\"valueRequired\":true,\"valueName\":\"search_term_string\"}}],\"inLanguage\":\"es\"},{\"@type\":\"Person\",\"@id\":\"https:\\\/\\\/valenciasjb.salesianos.edu\\\/colegio\\\/#\\\/schema\\\/person\\\/1f45b67e52b27da175190a574db6bed9\",\"name\":\"veronicapastor\",\"image\":{\"@type\":\"ImageObject\",\"inLanguage\":\"es\",\"@id\":\"https:\\\/\\\/secure.gravatar.com\\\/avatar\\\/e29bd40bace3fd935e1d6fdb7313ffc14628cc037c5e16f4c7369b20a2a6f7f0?s=96&d=mm&r=g\",\"url\":\"https:\\\/\\\/secure.gravatar.com\\\/avatar\\\/e29bd40bace3fd935e1d6fdb7313ffc14628cc037c5e16f4c7369b20a2a6f7f0?s=96&d=mm&r=g\",\"contentUrl\":\"https:\\\/\\\/secure.gravatar.com\\\/avatar\\\/e29bd40bace3fd935e1d6fdb7313ffc14628cc037c5e16f4c7369b20a2a6f7f0?s=96&d=mm&r=g\",\"caption\":\"veronicapastor\"}}]}<\/script>\n<!-- \/ Yoast SEO plugin. -->","yoast_head_json":{"title":"El colegio presente en el VII Congreso Internacional de investigaci\u00f3n e innovaci\u00f3n en enfermedades neurodegenerativas - Colegio San Juan Bosco Valencia","robots":{"index":"index","follow":"follow","max-snippet":"max-snippet:-1","max-image-preview":"max-image-preview:large","max-video-preview":"max-video-preview:-1"},"canonical":"https:\/\/valenciasjb.salesianos.edu\/colegio\/borrador-automaticoel-colegio-presente-en-el-vii-congreso-internacional-de-investigacion-e-innovacion-en-enfermedades-neurodegenerativas\/","og_locale":"es_ES","og_type":"article","og_title":"El colegio presente en el VII Congreso Internacional de investigaci\u00f3n e innovaci\u00f3n en enfermedades neurodegenerativas - Colegio San Juan Bosco Valencia","og_description":"El colegio ha asistido al VII Congreso Internacional de investigaci\u00f3n e innovaci\u00f3n en enfermedades neurodegenerativas. Nuestro responsable de relaciones externas del colegio, Fran Hern\u00e1ndez ha estado presente en este importante acto, que ha contado con la presencia de Su Majestad la Reina Sof\u00eda, la secretaria de estado para asuntos sociales Do\u00f1a Ana Isabel Lima, el [&hellip;]","og_url":"https:\/\/valenciasjb.salesianos.edu\/colegio\/borrador-automaticoel-colegio-presente-en-el-vii-congreso-internacional-de-investigacion-e-innovacion-en-enfermedades-neurodegenerativas\/","og_site_name":"Colegio San Juan Bosco Valencia","article_publisher":"https:\/\/www.facebook.com\/ColegioSalesianoSanJuanBoscoValencia","article_published_time":"2019-09-17T17:20:48+00:00","article_modified_time":"2019-09-17T17:21:25+00:00","og_image":[{"width":1200,"height":1600,"url":"https:\/\/valenciasjb.salesianos.edu\/colegio\/wp-content\/uploads\/sites\/2\/2019\/09\/IMG-20190917-WA0007.jpg","type":"image\/jpeg"}],"author":"veronicapastor","twitter_card":"summary_large_image","twitter_creator":"@SalesianosVSJB","twitter_site":"@SalesianosVSJB","twitter_misc":{"Escrito por":"veronicapastor","Tiempo de lectura":"2 minutos"},"schema":{"@context":"https:\/\/schema.org","@graph":[{"@type":"Article","@id":"https:\/\/valenciasjb.salesianos.edu\/colegio\/borrador-automaticoel-colegio-presente-en-el-vii-congreso-internacional-de-investigacion-e-innovacion-en-enfermedades-neurodegenerativas\/#article","isPartOf":{"@id":"https:\/\/valenciasjb.salesianos.edu\/colegio\/borrador-automaticoel-colegio-presente-en-el-vii-congreso-internacional-de-investigacion-e-innovacion-en-enfermedades-neurodegenerativas\/"},"author":{"name":"veronicapastor","@id":"https:\/\/valenciasjb.salesianos.edu\/colegio\/#\/schema\/person\/1f45b67e52b27da175190a574db6bed9"},"headline":"El colegio presente en el VII Congreso Internacional de investigaci\u00f3n e innovaci\u00f3n en enfermedades neurodegenerativas","datePublished":"2019-09-17T17:20:48+00:00","dateModified":"2019-09-17T17:21:25+00:00","mainEntityOfPage":{"@id":"https:\/\/valenciasjb.salesianos.edu\/colegio\/borrador-automaticoel-colegio-presente-en-el-vii-congreso-internacional-de-investigacion-e-innovacion-en-enfermedades-neurodegenerativas\/"},"wordCount":379,"image":{"@id":"https:\/\/valenciasjb.salesianos.edu\/colegio\/borrador-automaticoel-colegio-presente-en-el-vii-congreso-internacional-de-investigacion-e-innovacion-en-enfermedades-neurodegenerativas\/#primaryimage"},"thumbnailUrl":"https:\/\/valenciasjb.salesianos.edu\/colegio\/wp-content\/uploads\/sites\/2\/2019\/09\/IMG-20190917-WA0007.jpg","articleSection":["Noticia Colegio"],"inLanguage":"es"},{"@type":"WebPage","@id":"https:\/\/valenciasjb.salesianos.edu\/colegio\/borrador-automaticoel-colegio-presente-en-el-vii-congreso-internacional-de-investigacion-e-innovacion-en-enfermedades-neurodegenerativas\/","url":"https:\/\/valenciasjb.salesianos.edu\/colegio\/borrador-automaticoel-colegio-presente-en-el-vii-congreso-internacional-de-investigacion-e-innovacion-en-enfermedades-neurodegenerativas\/","name":"El colegio presente en el VII Congreso Internacional de investigaci\u00f3n e innovaci\u00f3n en enfermedades neurodegenerativas - Colegio San Juan Bosco Valencia","isPartOf":{"@id":"https:\/\/valenciasjb.salesianos.edu\/colegio\/#website"},"primaryImageOfPage":{"@id":"https:\/\/valenciasjb.salesianos.edu\/colegio\/borrador-automaticoel-colegio-presente-en-el-vii-congreso-internacional-de-investigacion-e-innovacion-en-enfermedades-neurodegenerativas\/#primaryimage"},"image":{"@id":"https:\/\/valenciasjb.salesianos.edu\/colegio\/borrador-automaticoel-colegio-presente-en-el-vii-congreso-internacional-de-investigacion-e-innovacion-en-enfermedades-neurodegenerativas\/#primaryimage"},"thumbnailUrl":"https:\/\/valenciasjb.salesianos.edu\/colegio\/wp-content\/uploads\/sites\/2\/2019\/09\/IMG-20190917-WA0007.jpg","datePublished":"2019-09-17T17:20:48+00:00","dateModified":"2019-09-17T17:21:25+00:00","author":{"@id":"https:\/\/valenciasjb.salesianos.edu\/colegio\/#\/schema\/person\/1f45b67e52b27da175190a574db6bed9"},"breadcrumb":{"@id":"https:\/\/valenciasjb.salesianos.edu\/colegio\/borrador-automaticoel-colegio-presente-en-el-vii-congreso-internacional-de-investigacion-e-innovacion-en-enfermedades-neurodegenerativas\/#breadcrumb"},"inLanguage":"es","potentialAction":[{"@type":"ReadAction","target":["https:\/\/valenciasjb.salesianos.edu\/colegio\/borrador-automaticoel-colegio-presente-en-el-vii-congreso-internacional-de-investigacion-e-innovacion-en-enfermedades-neurodegenerativas\/"]}]},{"@type":"ImageObject","inLanguage":"es","@id":"https:\/\/valenciasjb.salesianos.edu\/colegio\/borrador-automaticoel-colegio-presente-en-el-vii-congreso-internacional-de-investigacion-e-innovacion-en-enfermedades-neurodegenerativas\/#primaryimage","url":"https:\/\/valenciasjb.salesianos.edu\/colegio\/wp-content\/uploads\/sites\/2\/2019\/09\/IMG-20190917-WA0007.jpg","contentUrl":"https:\/\/valenciasjb.salesianos.edu\/colegio\/wp-content\/uploads\/sites\/2\/2019\/09\/IMG-20190917-WA0007.jpg","width":1200,"height":1600},{"@type":"BreadcrumbList","@id":"https:\/\/valenciasjb.salesianos.edu\/colegio\/borrador-automaticoel-colegio-presente-en-el-vii-congreso-internacional-de-investigacion-e-innovacion-en-enfermedades-neurodegenerativas\/#breadcrumb","itemListElement":[{"@type":"ListItem","position":1,"name":"Portada","item":"https:\/\/valenciasjb.salesianos.edu\/colegio\/"},{"@type":"ListItem","position":2,"name":"El colegio presente en el VII Congreso Internacional de investigaci\u00f3n e innovaci\u00f3n en enfermedades neurodegenerativas"}]},{"@type":"WebSite","@id":"https:\/\/valenciasjb.salesianos.edu\/colegio\/#website","url":"https:\/\/valenciasjb.salesianos.edu\/colegio\/","name":"Colegio San Juan Bosco Valencia","description":"P\u00e1gina oficial del Colegio Salesianos San Juan Bosco Valencia","alternateName":"Salesianos.VSJB","potentialAction":[{"@type":"SearchAction","target":{"@type":"EntryPoint","urlTemplate":"https:\/\/valenciasjb.salesianos.edu\/colegio\/?s={search_term_string}"},"query-input":{"@type":"PropertyValueSpecification","valueRequired":true,"valueName":"search_term_string"}}],"inLanguage":"es"},{"@type":"Person","@id":"https:\/\/valenciasjb.salesianos.edu\/colegio\/#\/schema\/person\/1f45b67e52b27da175190a574db6bed9","name":"veronicapastor","image":{"@type":"ImageObject","inLanguage":"es","@id":"https:\/\/secure.gravatar.com\/avatar\/e29bd40bace3fd935e1d6fdb7313ffc14628cc037c5e16f4c7369b20a2a6f7f0?s=96&d=mm&r=g","url":"https:\/\/secure.gravatar.com\/avatar\/e29bd40bace3fd935e1d6fdb7313ffc14628cc037c5e16f4c7369b20a2a6f7f0?s=96&d=mm&r=g","contentUrl":"https:\/\/secure.gravatar.com\/avatar\/e29bd40bace3fd935e1d6fdb7313ffc14628cc037c5e16f4c7369b20a2a6f7f0?s=96&d=mm&r=g","caption":"veronicapastor"}}]}},"_links":{"self":[{"href":"https:\/\/valenciasjb.salesianos.edu\/colegio\/wp-json\/wp\/v2\/posts\/11054","targetHints":{"allow":["GET"]}}],"collection":[{"href":"https:\/\/valenciasjb.salesianos.edu\/colegio\/wp-json\/wp\/v2\/posts"}],"about":[{"href":"https:\/\/valenciasjb.salesianos.edu\/colegio\/wp-json\/wp\/v2\/types\/post"}],"author":[{"embeddable":true,"href":"https:\/\/valenciasjb.salesianos.edu\/colegio\/wp-json\/wp\/v2\/users\/6"}],"replies":[{"embeddable":true,"href":"https:\/\/valenciasjb.salesianos.edu\/colegio\/wp-json\/wp\/v2\/comments?post=11054"}],"version-history":[{"count":6,"href":"https:\/\/valenciasjb.salesianos.edu\/colegio\/wp-json\/wp\/v2\/posts\/11054\/revisions"}],"predecessor-version":[{"id":11067,"href":"https:\/\/valenciasjb.salesianos.edu\/colegio\/wp-json\/wp\/v2\/posts\/11054\/revisions\/11067"}],"wp:featuredmedia":[{"embeddable":true,"href":"https:\/\/valenciasjb.salesianos.edu\/colegio\/wp-json\/wp\/v2\/media\/11058"}],"wp:attachment":[{"href":"https:\/\/valenciasjb.salesianos.edu\/colegio\/wp-json\/wp\/v2\/media?parent=11054"}],"wp:term":[{"taxonomy":"category","embeddable":true,"href":"https:\/\/valenciasjb.salesianos.edu\/colegio\/wp-json\/wp\/v2\/categories?post=11054"},{"taxonomy":"post_tag","embeddable":true,"href":"https:\/\/valenciasjb.salesianos.edu\/colegio\/wp-json\/wp\/v2\/tags?post=11054"}],"curies":[{"name":"wp","href":"https:\/\/api.w.org\/{rel}","templated":true}]}}