{"id":11264,"date":"2019-10-14T11:50:24","date_gmt":"2019-10-14T10:50:24","guid":{"rendered":"https:\/\/valenciasjb.salesianos.edu\/colegio\/?p=11264"},"modified":"2019-10-14T12:29:39","modified_gmt":"2019-10-14T11:29:39","slug":"elsa-maria-garcia-castano-recibe-premio-extraordinario-de-educacion-secundaria","status":"publish","type":"post","link":"https:\/\/valenciasjb.salesianos.edu\/colegio\/elsa-maria-garcia-castano-recibe-premio-extraordinario-de-educacion-secundaria\/","title":{"rendered":"Elsa Mar\u00eda Garc\u00eda Casta\u00f1o recibe Premio Extraordinario de Educaci\u00f3n Secundaria"},"content":{"rendered":"<div id=\"fb-root\"><\/div>\n<p>[et_pb_section fb_built=\u00bb1&#8243; admin_label=\u00bbsection\u00bb _builder_version=\u00bb3.22&#8243; fb_built=\u00bb1&#8243; bb_built=\u00bb1&#8243; _i=\u00bb0&#8243; _address=\u00bb0&#8243;][et_pb_row admin_label=\u00bbrow\u00bb _builder_version=\u00bb3.25&#8243; background_size=\u00bbinitial\u00bb background_position=\u00bbtop_left\u00bb background_repeat=\u00bbrepeat\u00bb _i=\u00bb0&#8243; _address=\u00bb0.0&#8243;][et_pb_column type=\u00bb4_4&#8243; _builder_version=\u00bb3.25&#8243; custom_padding=\u00bb|||\u00bb _i=\u00bb0&#8243; _address=\u00bb0.0.0&#8243; custom_padding__hover=\u00bb|||\u00bb][et_pb_text admin_label=\u00bbEntradilla (Texto)\u00bb _builder_version=\u00bb3.29.2&#8243; text_font=\u00bb|on|||\u00bb text_orientation=\u00bbjustified\u00bb module_alignment=\u00bbjustified\u00bb _i=\u00bb0&#8243; _address=\u00bb0.0.0.0&#8243;]<\/p>\n<div id=\"resumen\">\n<p><span style=\"font-weight: 400\">La Conselleria d\u2019Educaci\u00f3 ha otorgado a la alumna Elsa Mar\u00eda Garc\u00eda Casta\u00f1o, 1\u00ba de Bachillerato A, Premio Extraordinario de Educaci\u00f3n Secundaria por haber obtenido el curso pasado, en 4\u00ba de ESO, una nota media de diez sobre diez.<\/span><\/p>\n<\/div>\n<div>\u00a0<\/div>\n<p>[\/et_pb_text][et_pb_text admin_label=\u00bbAutor (Texto)\u00bb _builder_version=\u00bb3.27.4&#8243; text_font=\u00bb||on||\u00bb _i=\u00bb1&#8243; _address=\u00bb0.0.0.1&#8243;]Redacci\u00f3n<br \/>\n[\/et_pb_text][et_pb_text admin_label=\u00bbDesarrollo (Texto)\u00bb _builder_version=\u00bb3.29.2&#8243; text_orientation=\u00bbjustified\u00bb module_alignment=\u00bbjustified\u00bb hover_enabled=\u00bb0&#8243; _i=\u00bb2&#8243; _address=\u00bb0.0.0.2&#8243;]<\/p>\n<p>\u200b<span style=\"font-weight: 400\">Este logro ser\u00e1 anotado en su historial acad\u00e9mico y recibir\u00e1 un diploma en un acto p\u00fablico que la Conselleria organizar\u00e1 pr\u00f3ximamente.<\/span><\/p>\n<p><span style=\"font-weight: 400\">El colegio quiere dar la enhorabuena a Elsa por este merecido reconocimiento, sin duda fruto de su gran trabajo y esfuerzo a lo largo de toda su etapa escolar. El profesorado del colegio que ha tenido el privilegio de trabajar con Elsa destaca su enorme potencial, pero no s\u00f3lo en el plano acad\u00e9mico, sino que destacan en ella su humildad y calidad humana.<\/span><\/p>\n<p><span style=\"font-weight: 400\">Elsa forma parte de una lista de los mejores alumnos de la ESO en la Comunitat Valenciana, seg\u00fan la lista difundida por la misma Conselleria d\u2019Educaci\u00f3, que se ha publicado en prensa:<\/span><\/p>\n<p>&nbsp;<\/p>\n<p><a href=\"https:\/\/www.lasprovincias.es\/comunitat\/mejores-alumnos-eso-2018-2019-comunitat-20190927124702-nt.html\"><span style=\"font-weight: 400\">https:\/\/www.lasprovincias.es\/comunitat\/mejores-alumnos-eso-2018-2019-comunitat-20190927124702-nt.html<\/span><\/a><\/p>\n<p>[\/et_pb_text][et_pb_text disabled_on=\u00bboff|on|on\u00bb admin_label=\u00bbT\u00edtulo: Galer\u00eda de fotos (Texto)\u00bb _builder_version=\u00bb3.27.4&#8243; text_font=\u00bb|on|||\u00bb text_text_color=\u00bb#dc001b\u00bb border_style=\u00bbsolid\u00bb _i=\u00bb3&#8243; _address=\u00bb0.0.0.3&#8243;]Galer\u00eda de im\u00e1genes<br \/>\n[\/et_pb_text][et_pb_gallery gallery_ids=\u00bb11267&#8243; posts_number=\u00bb8&#8243; show_title_and_caption=\u00bboff\u00bb zoom_icon_color=\u00bb#dc001b\u00bb hover_icon=\u00bb%%51%%\u00bb disabled_on=\u00bboff|off|off\u00bb _builder_version=\u00bb3.29.2&#8243; pagination_font_size_tablet=\u00bb51&#8243; pagination_line_height_tablet=\u00bb2&#8243; _i=\u00bb4&#8243; _address=\u00bb0.0.0.4&#8243;][\/et_pb_gallery][et_pb_video disabled_on=\u00bbon|on|on\u00bb _builder_version=\u00bb3.0.51&#8243; disabled=\u00bbon\u00bb _i=\u00bb5&#8243; _address=\u00bb0.0.0.5&#8243;][\/et_pb_video][\/et_pb_column][\/et_pb_row][\/et_pb_section]<\/p>\n<!-- AddThis Advanced Settings generic via filter on the_content --><!-- AddThis Share Buttons generic via filter on the_content -->","protected":false},"excerpt":{"rendered":"<p>La Conselleria d\u2019Educaci\u00f3 ha otorgado a la alumna Elsa Mar\u00eda Garc\u00eda Casta\u00f1o, 1\u00ba de Bachillerato A, Premio Extraordinario de Educaci\u00f3n Secundaria por haber obtenido el curso pasado, en 4\u00ba de ESO, una nota media de diez sobre diez. \u00a0Redacci\u00f3n \u200bEste logro ser\u00e1 anotado en su historial acad\u00e9mico y recibir\u00e1 un diploma en un acto p\u00fablico [&hellip;]<\/p>\n<p><!-- AddThis Advanced Settings generic via filter on get_the_excerpt --><!-- AddThis Share Buttons generic via filter on get_the_excerpt --><\/p>\n","protected":false},"author":6,"featured_media":11267,"comment_status":"closed","ping_status":"open","sticky":false,"template":"","format":"standard","meta":{"_et_pb_use_builder":"on","_et_pb_old_content":"","_et_gb_content_width":"","footnotes":""},"categories":[14],"tags":[],"class_list":["post-11264","post","type-post","status-publish","format-standard","has-post-thumbnail","hentry","category-noticia_colegio"],"yoast_head":"<!-- This site is optimized with the Yoast SEO plugin v28.4 - https:\/\/yoast.com\/product\/yoast-seo-wordpress\/ -->\n<title>Elsa Mar\u00eda Garc\u00eda Casta\u00f1o recibe Premio Extraordinario de Educaci\u00f3n Secundaria - Colegio San Juan Bosco Valencia<\/title>\n<meta name=\"robots\" content=\"index, follow, max-snippet:-1, max-image-preview:large, max-video-preview:-1\" \/>\n<link rel=\"canonical\" href=\"https:\/\/valenciasjb.salesianos.edu\/colegio\/elsa-maria-garcia-castano-recibe-premio-extraordinario-de-educacion-secundaria\/\" \/>\n<meta property=\"og:locale\" content=\"es_ES\" \/>\n<meta property=\"og:type\" content=\"article\" \/>\n<meta property=\"og:title\" content=\"Elsa Mar\u00eda Garc\u00eda Casta\u00f1o recibe Premio Extraordinario de Educaci\u00f3n Secundaria - Colegio San Juan Bosco Valencia\" \/>\n<meta property=\"og:description\" content=\"La Conselleria d\u2019Educaci\u00f3 ha otorgado a la alumna Elsa Mar\u00eda Garc\u00eda Casta\u00f1o, 1\u00ba de Bachillerato A, Premio Extraordinario de Educaci\u00f3n Secundaria por haber obtenido el curso pasado, en 4\u00ba de ESO, una nota media de diez sobre diez. \u00a0Redacci\u00f3n \u200bEste logro ser\u00e1 anotado en su historial acad\u00e9mico y recibir\u00e1 un diploma en un acto p\u00fablico [&hellip;]\" \/>\n<meta property=\"og:url\" content=\"https:\/\/valenciasjb.salesianos.edu\/colegio\/elsa-maria-garcia-castano-recibe-premio-extraordinario-de-educacion-secundaria\/\" \/>\n<meta property=\"og:site_name\" content=\"Colegio San Juan Bosco Valencia\" \/>\n<meta property=\"article:publisher\" content=\"https:\/\/www.facebook.com\/ColegioSalesianoSanJuanBoscoValencia\" \/>\n<meta property=\"article:published_time\" content=\"2019-10-14T10:50:24+00:00\" \/>\n<meta property=\"article:modified_time\" content=\"2019-10-14T11:29:39+00:00\" \/>\n<meta property=\"og:image\" content=\"https:\/\/valenciasjb.salesianos.edu\/colegio\/wp-content\/uploads\/sites\/2\/2019\/10\/20191014_110743.jpg\" \/>\n\t<meta property=\"og:image:width\" content=\"1500\" \/>\n\t<meta property=\"og:image:height\" content=\"1125\" \/>\n\t<meta property=\"og:image:type\" content=\"image\/jpeg\" \/>\n<meta name=\"author\" content=\"veronicapastor\" \/>\n<meta name=\"twitter:card\" content=\"summary_large_image\" \/>\n<meta name=\"twitter:creator\" content=\"@SalesianosVSJB\" \/>\n<meta name=\"twitter:site\" content=\"@SalesianosVSJB\" \/>\n<meta name=\"twitter:label1\" content=\"Escrito por\" \/>\n\t<meta name=\"twitter:data1\" content=\"veronicapastor\" \/>\n\t<meta name=\"twitter:label2\" content=\"Tiempo de lectura\" \/>\n\t<meta name=\"twitter:data2\" content=\"2 minutos\" \/>\n<script type=\"application\/ld+json\" class=\"yoast-schema-graph\">{\"@context\":\"https:\\\/\\\/schema.org\",\"@graph\":[{\"@type\":\"Article\",\"@id\":\"https:\\\/\\\/valenciasjb.salesianos.edu\\\/colegio\\\/elsa-maria-garcia-castano-recibe-premio-extraordinario-de-educacion-secundaria\\\/#article\",\"isPartOf\":{\"@id\":\"https:\\\/\\\/valenciasjb.salesianos.edu\\\/colegio\\\/elsa-maria-garcia-castano-recibe-premio-extraordinario-de-educacion-secundaria\\\/\"},\"author\":{\"name\":\"veronicapastor\",\"@id\":\"https:\\\/\\\/valenciasjb.salesianos.edu\\\/colegio\\\/#\\\/schema\\\/person\\\/1f45b67e52b27da175190a574db6bed9\"},\"headline\":\"Elsa Mar\u00eda Garc\u00eda Casta\u00f1o recibe Premio Extraordinario de Educaci\u00f3n Secundaria\",\"datePublished\":\"2019-10-14T10:50:24+00:00\",\"dateModified\":\"2019-10-14T11:29:39+00:00\",\"mainEntityOfPage\":{\"@id\":\"https:\\\/\\\/valenciasjb.salesianos.edu\\\/colegio\\\/elsa-maria-garcia-castano-recibe-premio-extraordinario-de-educacion-secundaria\\\/\"},\"wordCount\":407,\"image\":{\"@id\":\"https:\\\/\\\/valenciasjb.salesianos.edu\\\/colegio\\\/elsa-maria-garcia-castano-recibe-premio-extraordinario-de-educacion-secundaria\\\/#primaryimage\"},\"thumbnailUrl\":\"https:\\\/\\\/valenciasjb.salesianos.edu\\\/colegio\\\/wp-content\\\/uploads\\\/sites\\\/2\\\/2019\\\/10\\\/20191014_110743.jpg\",\"articleSection\":[\"Noticia Colegio\"],\"inLanguage\":\"es\"},{\"@type\":\"WebPage\",\"@id\":\"https:\\\/\\\/valenciasjb.salesianos.edu\\\/colegio\\\/elsa-maria-garcia-castano-recibe-premio-extraordinario-de-educacion-secundaria\\\/\",\"url\":\"https:\\\/\\\/valenciasjb.salesianos.edu\\\/colegio\\\/elsa-maria-garcia-castano-recibe-premio-extraordinario-de-educacion-secundaria\\\/\",\"name\":\"Elsa Mar\u00eda Garc\u00eda Casta\u00f1o recibe Premio Extraordinario de Educaci\u00f3n Secundaria - Colegio San Juan Bosco Valencia\",\"isPartOf\":{\"@id\":\"https:\\\/\\\/valenciasjb.salesianos.edu\\\/colegio\\\/#website\"},\"primaryImageOfPage\":{\"@id\":\"https:\\\/\\\/valenciasjb.salesianos.edu\\\/colegio\\\/elsa-maria-garcia-castano-recibe-premio-extraordinario-de-educacion-secundaria\\\/#primaryimage\"},\"image\":{\"@id\":\"https:\\\/\\\/valenciasjb.salesianos.edu\\\/colegio\\\/elsa-maria-garcia-castano-recibe-premio-extraordinario-de-educacion-secundaria\\\/#primaryimage\"},\"thumbnailUrl\":\"https:\\\/\\\/valenciasjb.salesianos.edu\\\/colegio\\\/wp-content\\\/uploads\\\/sites\\\/2\\\/2019\\\/10\\\/20191014_110743.jpg\",\"datePublished\":\"2019-10-14T10:50:24+00:00\",\"dateModified\":\"2019-10-14T11:29:39+00:00\",\"author\":{\"@id\":\"https:\\\/\\\/valenciasjb.salesianos.edu\\\/colegio\\\/#\\\/schema\\\/person\\\/1f45b67e52b27da175190a574db6bed9\"},\"breadcrumb\":{\"@id\":\"https:\\\/\\\/valenciasjb.salesianos.edu\\\/colegio\\\/elsa-maria-garcia-castano-recibe-premio-extraordinario-de-educacion-secundaria\\\/#breadcrumb\"},\"inLanguage\":\"es\",\"potentialAction\":[{\"@type\":\"ReadAction\",\"target\":[\"https:\\\/\\\/valenciasjb.salesianos.edu\\\/colegio\\\/elsa-maria-garcia-castano-recibe-premio-extraordinario-de-educacion-secundaria\\\/\"]}]},{\"@type\":\"ImageObject\",\"inLanguage\":\"es\",\"@id\":\"https:\\\/\\\/valenciasjb.salesianos.edu\\\/colegio\\\/elsa-maria-garcia-castano-recibe-premio-extraordinario-de-educacion-secundaria\\\/#primaryimage\",\"url\":\"https:\\\/\\\/valenciasjb.salesianos.edu\\\/colegio\\\/wp-content\\\/uploads\\\/sites\\\/2\\\/2019\\\/10\\\/20191014_110743.jpg\",\"contentUrl\":\"https:\\\/\\\/valenciasjb.salesianos.edu\\\/colegio\\\/wp-content\\\/uploads\\\/sites\\\/2\\\/2019\\\/10\\\/20191014_110743.jpg\",\"width\":1500,\"height\":1125},{\"@type\":\"BreadcrumbList\",\"@id\":\"https:\\\/\\\/valenciasjb.salesianos.edu\\\/colegio\\\/elsa-maria-garcia-castano-recibe-premio-extraordinario-de-educacion-secundaria\\\/#breadcrumb\",\"itemListElement\":[{\"@type\":\"ListItem\",\"position\":1,\"name\":\"Portada\",\"item\":\"https:\\\/\\\/valenciasjb.salesianos.edu\\\/colegio\\\/\"},{\"@type\":\"ListItem\",\"position\":2,\"name\":\"Elsa Mar\u00eda Garc\u00eda Casta\u00f1o recibe Premio Extraordinario de Educaci\u00f3n Secundaria\"}]},{\"@type\":\"WebSite\",\"@id\":\"https:\\\/\\\/valenciasjb.salesianos.edu\\\/colegio\\\/#website\",\"url\":\"https:\\\/\\\/valenciasjb.salesianos.edu\\\/colegio\\\/\",\"name\":\"Colegio San Juan Bosco Valencia\",\"description\":\"P\u00e1gina oficial del Colegio Salesianos San Juan Bosco Valencia\",\"alternateName\":\"Salesianos.VSJB\",\"potentialAction\":[{\"@type\":\"SearchAction\",\"target\":{\"@type\":\"EntryPoint\",\"urlTemplate\":\"https:\\\/\\\/valenciasjb.salesianos.edu\\\/colegio\\\/?s={search_term_string}\"},\"query-input\":{\"@type\":\"PropertyValueSpecification\",\"valueRequired\":true,\"valueName\":\"search_term_string\"}}],\"inLanguage\":\"es\"},{\"@type\":\"Person\",\"@id\":\"https:\\\/\\\/valenciasjb.salesianos.edu\\\/colegio\\\/#\\\/schema\\\/person\\\/1f45b67e52b27da175190a574db6bed9\",\"name\":\"veronicapastor\",\"image\":{\"@type\":\"ImageObject\",\"inLanguage\":\"es\",\"@id\":\"https:\\\/\\\/secure.gravatar.com\\\/avatar\\\/e29bd40bace3fd935e1d6fdb7313ffc14628cc037c5e16f4c7369b20a2a6f7f0?s=96&d=mm&r=g\",\"url\":\"https:\\\/\\\/secure.gravatar.com\\\/avatar\\\/e29bd40bace3fd935e1d6fdb7313ffc14628cc037c5e16f4c7369b20a2a6f7f0?s=96&d=mm&r=g\",\"contentUrl\":\"https:\\\/\\\/secure.gravatar.com\\\/avatar\\\/e29bd40bace3fd935e1d6fdb7313ffc14628cc037c5e16f4c7369b20a2a6f7f0?s=96&d=mm&r=g\",\"caption\":\"veronicapastor\"}}]}<\/script>\n<!-- \/ Yoast SEO plugin. -->","yoast_head_json":{"title":"Elsa Mar\u00eda Garc\u00eda Casta\u00f1o recibe Premio Extraordinario de Educaci\u00f3n Secundaria - Colegio San Juan Bosco Valencia","robots":{"index":"index","follow":"follow","max-snippet":"max-snippet:-1","max-image-preview":"max-image-preview:large","max-video-preview":"max-video-preview:-1"},"canonical":"https:\/\/valenciasjb.salesianos.edu\/colegio\/elsa-maria-garcia-castano-recibe-premio-extraordinario-de-educacion-secundaria\/","og_locale":"es_ES","og_type":"article","og_title":"Elsa Mar\u00eda Garc\u00eda Casta\u00f1o recibe Premio Extraordinario de Educaci\u00f3n Secundaria - Colegio San Juan Bosco Valencia","og_description":"La Conselleria d\u2019Educaci\u00f3 ha otorgado a la alumna Elsa Mar\u00eda Garc\u00eda Casta\u00f1o, 1\u00ba de Bachillerato A, Premio Extraordinario de Educaci\u00f3n Secundaria por haber obtenido el curso pasado, en 4\u00ba de ESO, una nota media de diez sobre diez. \u00a0Redacci\u00f3n \u200bEste logro ser\u00e1 anotado en su historial acad\u00e9mico y recibir\u00e1 un diploma en un acto p\u00fablico [&hellip;]","og_url":"https:\/\/valenciasjb.salesianos.edu\/colegio\/elsa-maria-garcia-castano-recibe-premio-extraordinario-de-educacion-secundaria\/","og_site_name":"Colegio San Juan Bosco Valencia","article_publisher":"https:\/\/www.facebook.com\/ColegioSalesianoSanJuanBoscoValencia","article_published_time":"2019-10-14T10:50:24+00:00","article_modified_time":"2019-10-14T11:29:39+00:00","og_image":[{"width":1500,"height":1125,"url":"https:\/\/valenciasjb.salesianos.edu\/colegio\/wp-content\/uploads\/sites\/2\/2019\/10\/20191014_110743.jpg","type":"image\/jpeg"}],"author":"veronicapastor","twitter_card":"summary_large_image","twitter_creator":"@SalesianosVSJB","twitter_site":"@SalesianosVSJB","twitter_misc":{"Escrito por":"veronicapastor","Tiempo de lectura":"2 minutos"},"schema":{"@context":"https:\/\/schema.org","@graph":[{"@type":"Article","@id":"https:\/\/valenciasjb.salesianos.edu\/colegio\/elsa-maria-garcia-castano-recibe-premio-extraordinario-de-educacion-secundaria\/#article","isPartOf":{"@id":"https:\/\/valenciasjb.salesianos.edu\/colegio\/elsa-maria-garcia-castano-recibe-premio-extraordinario-de-educacion-secundaria\/"},"author":{"name":"veronicapastor","@id":"https:\/\/valenciasjb.salesianos.edu\/colegio\/#\/schema\/person\/1f45b67e52b27da175190a574db6bed9"},"headline":"Elsa Mar\u00eda Garc\u00eda Casta\u00f1o recibe Premio Extraordinario de Educaci\u00f3n Secundaria","datePublished":"2019-10-14T10:50:24+00:00","dateModified":"2019-10-14T11:29:39+00:00","mainEntityOfPage":{"@id":"https:\/\/valenciasjb.salesianos.edu\/colegio\/elsa-maria-garcia-castano-recibe-premio-extraordinario-de-educacion-secundaria\/"},"wordCount":407,"image":{"@id":"https:\/\/valenciasjb.salesianos.edu\/colegio\/elsa-maria-garcia-castano-recibe-premio-extraordinario-de-educacion-secundaria\/#primaryimage"},"thumbnailUrl":"https:\/\/valenciasjb.salesianos.edu\/colegio\/wp-content\/uploads\/sites\/2\/2019\/10\/20191014_110743.jpg","articleSection":["Noticia Colegio"],"inLanguage":"es"},{"@type":"WebPage","@id":"https:\/\/valenciasjb.salesianos.edu\/colegio\/elsa-maria-garcia-castano-recibe-premio-extraordinario-de-educacion-secundaria\/","url":"https:\/\/valenciasjb.salesianos.edu\/colegio\/elsa-maria-garcia-castano-recibe-premio-extraordinario-de-educacion-secundaria\/","name":"Elsa Mar\u00eda Garc\u00eda Casta\u00f1o recibe Premio Extraordinario de Educaci\u00f3n Secundaria - Colegio San Juan Bosco Valencia","isPartOf":{"@id":"https:\/\/valenciasjb.salesianos.edu\/colegio\/#website"},"primaryImageOfPage":{"@id":"https:\/\/valenciasjb.salesianos.edu\/colegio\/elsa-maria-garcia-castano-recibe-premio-extraordinario-de-educacion-secundaria\/#primaryimage"},"image":{"@id":"https:\/\/valenciasjb.salesianos.edu\/colegio\/elsa-maria-garcia-castano-recibe-premio-extraordinario-de-educacion-secundaria\/#primaryimage"},"thumbnailUrl":"https:\/\/valenciasjb.salesianos.edu\/colegio\/wp-content\/uploads\/sites\/2\/2019\/10\/20191014_110743.jpg","datePublished":"2019-10-14T10:50:24+00:00","dateModified":"2019-10-14T11:29:39+00:00","author":{"@id":"https:\/\/valenciasjb.salesianos.edu\/colegio\/#\/schema\/person\/1f45b67e52b27da175190a574db6bed9"},"breadcrumb":{"@id":"https:\/\/valenciasjb.salesianos.edu\/colegio\/elsa-maria-garcia-castano-recibe-premio-extraordinario-de-educacion-secundaria\/#breadcrumb"},"inLanguage":"es","potentialAction":[{"@type":"ReadAction","target":["https:\/\/valenciasjb.salesianos.edu\/colegio\/elsa-maria-garcia-castano-recibe-premio-extraordinario-de-educacion-secundaria\/"]}]},{"@type":"ImageObject","inLanguage":"es","@id":"https:\/\/valenciasjb.salesianos.edu\/colegio\/elsa-maria-garcia-castano-recibe-premio-extraordinario-de-educacion-secundaria\/#primaryimage","url":"https:\/\/valenciasjb.salesianos.edu\/colegio\/wp-content\/uploads\/sites\/2\/2019\/10\/20191014_110743.jpg","contentUrl":"https:\/\/valenciasjb.salesianos.edu\/colegio\/wp-content\/uploads\/sites\/2\/2019\/10\/20191014_110743.jpg","width":1500,"height":1125},{"@type":"BreadcrumbList","@id":"https:\/\/valenciasjb.salesianos.edu\/colegio\/elsa-maria-garcia-castano-recibe-premio-extraordinario-de-educacion-secundaria\/#breadcrumb","itemListElement":[{"@type":"ListItem","position":1,"name":"Portada","item":"https:\/\/valenciasjb.salesianos.edu\/colegio\/"},{"@type":"ListItem","position":2,"name":"Elsa Mar\u00eda Garc\u00eda Casta\u00f1o recibe Premio Extraordinario de Educaci\u00f3n Secundaria"}]},{"@type":"WebSite","@id":"https:\/\/valenciasjb.salesianos.edu\/colegio\/#website","url":"https:\/\/valenciasjb.salesianos.edu\/colegio\/","name":"Colegio San Juan Bosco Valencia","description":"P\u00e1gina oficial del Colegio Salesianos San Juan Bosco Valencia","alternateName":"Salesianos.VSJB","potentialAction":[{"@type":"SearchAction","target":{"@type":"EntryPoint","urlTemplate":"https:\/\/valenciasjb.salesianos.edu\/colegio\/?s={search_term_string}"},"query-input":{"@type":"PropertyValueSpecification","valueRequired":true,"valueName":"search_term_string"}}],"inLanguage":"es"},{"@type":"Person","@id":"https:\/\/valenciasjb.salesianos.edu\/colegio\/#\/schema\/person\/1f45b67e52b27da175190a574db6bed9","name":"veronicapastor","image":{"@type":"ImageObject","inLanguage":"es","@id":"https:\/\/secure.gravatar.com\/avatar\/e29bd40bace3fd935e1d6fdb7313ffc14628cc037c5e16f4c7369b20a2a6f7f0?s=96&d=mm&r=g","url":"https:\/\/secure.gravatar.com\/avatar\/e29bd40bace3fd935e1d6fdb7313ffc14628cc037c5e16f4c7369b20a2a6f7f0?s=96&d=mm&r=g","contentUrl":"https:\/\/secure.gravatar.com\/avatar\/e29bd40bace3fd935e1d6fdb7313ffc14628cc037c5e16f4c7369b20a2a6f7f0?s=96&d=mm&r=g","caption":"veronicapastor"}}]}},"_links":{"self":[{"href":"https:\/\/valenciasjb.salesianos.edu\/colegio\/wp-json\/wp\/v2\/posts\/11264","targetHints":{"allow":["GET"]}}],"collection":[{"href":"https:\/\/valenciasjb.salesianos.edu\/colegio\/wp-json\/wp\/v2\/posts"}],"about":[{"href":"https:\/\/valenciasjb.salesianos.edu\/colegio\/wp-json\/wp\/v2\/types\/post"}],"author":[{"embeddable":true,"href":"https:\/\/valenciasjb.salesianos.edu\/colegio\/wp-json\/wp\/v2\/users\/6"}],"replies":[{"embeddable":true,"href":"https:\/\/valenciasjb.salesianos.edu\/colegio\/wp-json\/wp\/v2\/comments?post=11264"}],"version-history":[{"count":5,"href":"https:\/\/valenciasjb.salesianos.edu\/colegio\/wp-json\/wp\/v2\/posts\/11264\/revisions"}],"predecessor-version":[{"id":11272,"href":"https:\/\/valenciasjb.salesianos.edu\/colegio\/wp-json\/wp\/v2\/posts\/11264\/revisions\/11272"}],"wp:featuredmedia":[{"embeddable":true,"href":"https:\/\/valenciasjb.salesianos.edu\/colegio\/wp-json\/wp\/v2\/media\/11267"}],"wp:attachment":[{"href":"https:\/\/valenciasjb.salesianos.edu\/colegio\/wp-json\/wp\/v2\/media?parent=11264"}],"wp:term":[{"taxonomy":"category","embeddable":true,"href":"https:\/\/valenciasjb.salesianos.edu\/colegio\/wp-json\/wp\/v2\/categories?post=11264"},{"taxonomy":"post_tag","embeddable":true,"href":"https:\/\/valenciasjb.salesianos.edu\/colegio\/wp-json\/wp\/v2\/tags?post=11264"}],"curies":[{"name":"wp","href":"https:\/\/api.w.org\/{rel}","templated":true}]}}