{"id":11274,"date":"2019-10-14T15:50:15","date_gmt":"2019-10-14T14:50:15","guid":{"rendered":"https:\/\/valenciasjb.salesianos.edu\/colegio\/?p=11274"},"modified":"2019-10-14T15:50:20","modified_gmt":"2019-10-14T14:50:20","slug":"la-fad-en-colaboracion-con-la-generalitat-valenciana-edita-un-dvd-para-construir-la-paz-desde-la-escuela-en-el-que-el-alumnado-de-3o-de-eso-del-pasado-curso-son-protagonistas-con","status":"publish","type":"post","link":"https:\/\/valenciasjb.salesianos.edu\/colegio\/la-fad-en-colaboracion-con-la-generalitat-valenciana-edita-un-dvd-para-construir-la-paz-desde-la-escuela-en-el-que-el-alumnado-de-3o-de-eso-del-pasado-curso-son-protagonistas-con\/","title":{"rendered":"La FAD, en colaboraci\u00f3n con la Generalitat Valenciana, edita un DVD para \u201cconstruir la paz desde la escuela\u201d, en el que el alumnado de 3\u00ba de ESO del pasado curso son protagonistas con el corto \u201cEls Jocs Morats\u201d"},"content":{"rendered":"<div id=\"fb-root\"><\/div>\n<p>[et_pb_section fb_built=\u00bb1&#8243; admin_label=\u00bbsection\u00bb _builder_version=\u00bb3.22&#8243; bb_built=\u00bb1&#8243; _i=\u00bb0&#8243; _address=\u00bb0&#8243;][et_pb_row admin_label=\u00bbrow\u00bb _builder_version=\u00bb3.25&#8243; background_size=\u00bbinitial\u00bb background_position=\u00bbtop_left\u00bb background_repeat=\u00bbrepeat\u00bb _i=\u00bb0&#8243; _address=\u00bb0.0&#8243;][et_pb_column type=\u00bb4_4&#8243; _builder_version=\u00bb3.25&#8243; custom_padding=\u00bb|||\u00bb _i=\u00bb0&#8243; _address=\u00bb0.0.0&#8243; custom_padding__hover=\u00bb|||\u00bb][et_pb_text admin_label=\u00bbEntradilla (Texto)\u00bb _builder_version=\u00bb3.29.2&#8243; text_font=\u00bb|on|||\u00bb text_orientation=\u00bbjustified\u00bb module_alignment=\u00bbjustified\u00bb hover_enabled=\u00bb0&#8243; _i=\u00bb0&#8243; _address=\u00bb0.0.0.0&#8243;]<\/p>\n<div id=\"resumen\">\n<p><span style=\"font-weight: 400\">Este DVD se ha distribuido a todos los colegios de la Comunitat Valenciana. Contiene un total de seis con una gu\u00eda did\u00e1ctica para ser usados como herramienta did\u00e1ctica en el aula.<\/span><\/p>\n<\/div>\n<div>\u00a0<\/div>\n<p>[\/et_pb_text][et_pb_text admin_label=\u00bbAutor (Texto)\u00bb _builder_version=\u00bb3.27.4&#8243; text_font=\u00bb||on||\u00bb _i=\u00bb1&#8243; _address=\u00bb0.0.0.1&#8243;]Redacci\u00f3n<br \/>\n[\/et_pb_text][et_pb_text admin_label=\u00bbDesarrollo (Texto)\u00bb _builder_version=\u00bb3.29.2&#8243; text_orientation=\u00bbjustified\u00bb module_alignment=\u00bbjustified\u00bb hover_enabled=\u00bb0&#8243; _i=\u00bb2&#8243; _address=\u00bb0.0.0.2&#8243;]<\/p>\n<p>\u200b<span style=\"font-weight: 400\">Todo comenz\u00f3 el curso pasado con la participaci\u00f3n del alumnado de 3\u00ba de ESO en un certamen de micro v\u00eddeos grabados con m\u00f3vil en torno al tema Derechos Humanos. Dicho certamen se convoc\u00f3 bajo el lema \u201cUn spot para decir stop\u201d y se recibieron un total de 47 micro v\u00eddeos de los que se seleccionaron seis que pasaron a la siguiente fase.<\/span><\/p>\n<p><span style=\"font-weight: 400\">Estos seis grupos procedentes de centros educativos de Alicante, Castell\u00f3n y Valencia participaron en una <\/span><i><span style=\"font-weight: 400\">masterclass<\/span><\/i><span style=\"font-weight: 400\"> sobre elaboraci\u00f3n de guion y construcci\u00f3n de personajes a trav\u00e9s de una representaci\u00f3n teatral llevada a cabo por la compa\u00f1\u00eda de teatro social Clan de Bichos<\/span><i><span style=\"font-weight: 400\">\u00a0 <\/span><\/i><span style=\"font-weight: 400\">y\u00a0 realizaron el curso\u00a0 \u201c<\/span><i><span style=\"font-weight: 400\">Mediadora\/es juveniles en EpD y ciudadan\u00eda global<\/span><\/i><span style=\"font-weight: 400\">\u201d. Estas formaciones dieron como resultado estos seis cortometrajes que posteriormente fueron grabados de manera profesional por la productora audiovisual La Cosecha.\u00a0<\/span><\/p>\n<p><span style=\"font-weight: 400\">La fase final del concurso concluy\u00f3 en un acto celebrado en el colegio salesiano San Juan Bosco de Valencia: el festival de cortometrajes solidario del proyecto \u201cConstruir la paz desde la escuela\u201d. A este festival asistieron la directora de Cooperaci\u00f3n al Desarrollo y Solidaridad de la Generalitat Valenciana, Antonia Moreno; y el subdirector de Cooperaci\u00f3n al Desarrollo de Fad, Gerardo Lerma.<\/span><\/p>\n<p><span style=\"font-weight: 400\">Sin duda, una experiencia \u00fanica que una nutrida representaci\u00f3n de alumnado de nuestro colegio pudo vivir en primera persona y que les ha mostrado que, juntos, podemos seguir so\u00f1ando por un mundo m\u00e1s justo y m\u00e1s fraterno para todos y todas. \u00a1So\u00f1amos juntos! \u00a1Somos uno!<\/span><\/p>\n<p>[\/et_pb_text][et_pb_text disabled_on=\u00bboff|on|on\u00bb admin_label=\u00bbT\u00edtulo: Galer\u00eda de fotos (Texto)\u00bb _builder_version=\u00bb3.27.4&#8243; text_font=\u00bb|on|||\u00bb text_text_color=\u00bb#dc001b\u00bb border_style=\u00bbsolid\u00bb _i=\u00bb3&#8243; _address=\u00bb0.0.0.3&#8243;]Galer\u00eda de im\u00e1genes<br \/>\n[\/et_pb_text][et_pb_gallery gallery_ids=\u00bb11277,11278,11279,11280,11281&#8243; posts_number=\u00bb8&#8243; show_title_and_caption=\u00bboff\u00bb zoom_icon_color=\u00bb#dc001b\u00bb hover_icon=\u00bb%%51%%\u00bb disabled_on=\u00bboff|off|off\u00bb _builder_version=\u00bb3.29.2&#8243; hover_enabled=\u00bb0&#8243; pagination_font_size_tablet=\u00bb51&#8243; pagination_line_height_tablet=\u00bb2&#8243; _i=\u00bb4&#8243; _address=\u00bb0.0.0.4&#8243;][\/et_pb_gallery][et_pb_video disabled_on=\u00bbon|on|on\u00bb _builder_version=\u00bb3.0.51&#8243; disabled=\u00bbon\u00bb _i=\u00bb5&#8243; _address=\u00bb0.0.0.5&#8243;][\/et_pb_video][\/et_pb_column][\/et_pb_row][\/et_pb_section][et_pb_section fb_built=\u00bb1&#8243; _builder_version=\u00bb3.29.2&#8243;][et_pb_row _builder_version=\u00bb3.29.2&#8243;][et_pb_column _builder_version=\u00bb3.29.2&#8243; type=\u00bb4_4&#8243;][et_pb_image _builder_version=\u00bb3.29.2&#8243; src=\u00bbhttps:\/\/valenciasjb.salesianos.edu\/colegio\/wp-content\/uploads\/sites\/2\/2019\/10\/spot-portada.jpg\u00bb hover_enabled=\u00bb0&#8243;][\/et_pb_image][\/et_pb_column][\/et_pb_row][\/et_pb_section]<\/p>\n<!-- AddThis Advanced Settings generic via filter on the_content --><!-- AddThis Share Buttons generic via filter on the_content -->","protected":false},"excerpt":{"rendered":"<p>Este DVD se ha distribuido a todos los colegios de la Comunitat Valenciana. Contiene un total de seis con una gu\u00eda did\u00e1ctica para ser usados como herramienta did\u00e1ctica en el aula. \u00a0 Redacci\u00f3n \u200bTodo comenz\u00f3 el curso pasado con la participaci\u00f3n del alumnado de 3\u00ba de ESO en un certamen de micro v\u00eddeos grabados con [&hellip;]<\/p>\n<p><!-- AddThis Advanced Settings generic via filter on get_the_excerpt --><!-- AddThis Share Buttons generic via filter on get_the_excerpt --><\/p>\n","protected":false},"author":6,"featured_media":11277,"comment_status":"closed","ping_status":"open","sticky":false,"template":"","format":"standard","meta":{"_et_pb_use_builder":"on","_et_pb_old_content":"","_et_gb_content_width":"","footnotes":""},"categories":[14],"tags":[],"class_list":["post-11274","post","type-post","status-publish","format-standard","has-post-thumbnail","hentry","category-noticia_colegio"],"yoast_head":"<!-- This site is optimized with the Yoast SEO plugin v28.4 - https:\/\/yoast.com\/product\/yoast-seo-wordpress\/ -->\n<title>La FAD, en colaboraci\u00f3n con la Generalitat Valenciana, edita un DVD para \u201cconstruir la paz desde la escuela\u201d, en el que el alumnado de 3\u00ba de ESO del pasado curso son protagonistas con el corto \u201cEls Jocs Morats\u201d - Colegio San Juan Bosco Valencia<\/title>\n<meta name=\"robots\" content=\"index, follow, max-snippet:-1, max-image-preview:large, max-video-preview:-1\" \/>\n<link rel=\"canonical\" href=\"https:\/\/valenciasjb.salesianos.edu\/colegio\/la-fad-en-colaboracion-con-la-generalitat-valenciana-edita-un-dvd-para-construir-la-paz-desde-la-escuela-en-el-que-el-alumnado-de-3o-de-eso-del-pasado-curso-son-protagonistas-con\/\" \/>\n<meta property=\"og:locale\" content=\"es_ES\" \/>\n<meta property=\"og:type\" content=\"article\" \/>\n<meta property=\"og:title\" content=\"La FAD, en colaboraci\u00f3n con la Generalitat Valenciana, edita un DVD para \u201cconstruir la paz desde la escuela\u201d, en el que el alumnado de 3\u00ba de ESO del pasado curso son protagonistas con el corto \u201cEls Jocs Morats\u201d - Colegio San Juan Bosco Valencia\" \/>\n<meta property=\"og:description\" content=\"Este DVD se ha distribuido a todos los colegios de la Comunitat Valenciana. Contiene un total de seis con una gu\u00eda did\u00e1ctica para ser usados como herramienta did\u00e1ctica en el aula. \u00a0 Redacci\u00f3n \u200bTodo comenz\u00f3 el curso pasado con la participaci\u00f3n del alumnado de 3\u00ba de ESO en un certamen de micro v\u00eddeos grabados con [&hellip;]\" \/>\n<meta property=\"og:url\" content=\"https:\/\/valenciasjb.salesianos.edu\/colegio\/la-fad-en-colaboracion-con-la-generalitat-valenciana-edita-un-dvd-para-construir-la-paz-desde-la-escuela-en-el-que-el-alumnado-de-3o-de-eso-del-pasado-curso-son-protagonistas-con\/\" \/>\n<meta property=\"og:site_name\" content=\"Colegio San Juan Bosco Valencia\" \/>\n<meta property=\"article:publisher\" content=\"https:\/\/www.facebook.com\/ColegioSalesianoSanJuanBoscoValencia\" \/>\n<meta property=\"article:published_time\" content=\"2019-10-14T14:50:15+00:00\" \/>\n<meta property=\"article:modified_time\" content=\"2019-10-14T14:50:20+00:00\" \/>\n<meta property=\"og:image\" content=\"https:\/\/valenciasjb.salesianos.edu\/colegio\/wp-content\/uploads\/sites\/2\/2019\/10\/IMG_9695.jpg\" \/>\n\t<meta property=\"og:image:width\" content=\"512\" \/>\n\t<meta property=\"og:image:height\" content=\"341\" \/>\n\t<meta property=\"og:image:type\" content=\"image\/jpeg\" \/>\n<meta name=\"author\" content=\"veronicapastor\" \/>\n<meta name=\"twitter:card\" content=\"summary_large_image\" \/>\n<meta name=\"twitter:creator\" content=\"@SalesianosVSJB\" \/>\n<meta name=\"twitter:site\" content=\"@SalesianosVSJB\" \/>\n<meta name=\"twitter:label1\" content=\"Escrito por\" \/>\n\t<meta name=\"twitter:data1\" content=\"veronicapastor\" \/>\n\t<meta name=\"twitter:label2\" content=\"Tiempo de lectura\" \/>\n\t<meta name=\"twitter:data2\" content=\"3 minutos\" \/>\n<script type=\"application\/ld+json\" class=\"yoast-schema-graph\">{\"@context\":\"https:\\\/\\\/schema.org\",\"@graph\":[{\"@type\":\"Article\",\"@id\":\"https:\\\/\\\/valenciasjb.salesianos.edu\\\/colegio\\\/la-fad-en-colaboracion-con-la-generalitat-valenciana-edita-un-dvd-para-construir-la-paz-desde-la-escuela-en-el-que-el-alumnado-de-3o-de-eso-del-pasado-curso-son-protagonistas-con\\\/#article\",\"isPartOf\":{\"@id\":\"https:\\\/\\\/valenciasjb.salesianos.edu\\\/colegio\\\/la-fad-en-colaboracion-con-la-generalitat-valenciana-edita-un-dvd-para-construir-la-paz-desde-la-escuela-en-el-que-el-alumnado-de-3o-de-eso-del-pasado-curso-son-protagonistas-con\\\/\"},\"author\":{\"name\":\"veronicapastor\",\"@id\":\"https:\\\/\\\/valenciasjb.salesianos.edu\\\/colegio\\\/#\\\/schema\\\/person\\\/1f45b67e52b27da175190a574db6bed9\"},\"headline\":\"La FAD, en colaboraci\u00f3n con la Generalitat Valenciana, edita un DVD para \u201cconstruir la paz desde la escuela\u201d, en el que el alumnado de 3\u00ba de ESO del pasado curso son protagonistas con el corto \u201cEls Jocs Morats\u201d\",\"datePublished\":\"2019-10-14T14:50:15+00:00\",\"dateModified\":\"2019-10-14T14:50:20+00:00\",\"mainEntityOfPage\":{\"@id\":\"https:\\\/\\\/valenciasjb.salesianos.edu\\\/colegio\\\/la-fad-en-colaboracion-con-la-generalitat-valenciana-edita-un-dvd-para-construir-la-paz-desde-la-escuela-en-el-que-el-alumnado-de-3o-de-eso-del-pasado-curso-son-protagonistas-con\\\/\"},\"wordCount\":599,\"image\":{\"@id\":\"https:\\\/\\\/valenciasjb.salesianos.edu\\\/colegio\\\/la-fad-en-colaboracion-con-la-generalitat-valenciana-edita-un-dvd-para-construir-la-paz-desde-la-escuela-en-el-que-el-alumnado-de-3o-de-eso-del-pasado-curso-son-protagonistas-con\\\/#primaryimage\"},\"thumbnailUrl\":\"https:\\\/\\\/valenciasjb.salesianos.edu\\\/colegio\\\/wp-content\\\/uploads\\\/sites\\\/2\\\/2019\\\/10\\\/IMG_9695.jpg\",\"articleSection\":[\"Noticia Colegio\"],\"inLanguage\":\"es\"},{\"@type\":\"WebPage\",\"@id\":\"https:\\\/\\\/valenciasjb.salesianos.edu\\\/colegio\\\/la-fad-en-colaboracion-con-la-generalitat-valenciana-edita-un-dvd-para-construir-la-paz-desde-la-escuela-en-el-que-el-alumnado-de-3o-de-eso-del-pasado-curso-son-protagonistas-con\\\/\",\"url\":\"https:\\\/\\\/valenciasjb.salesianos.edu\\\/colegio\\\/la-fad-en-colaboracion-con-la-generalitat-valenciana-edita-un-dvd-para-construir-la-paz-desde-la-escuela-en-el-que-el-alumnado-de-3o-de-eso-del-pasado-curso-son-protagonistas-con\\\/\",\"name\":\"La FAD, en colaboraci\u00f3n con la Generalitat Valenciana, edita un DVD para \u201cconstruir la paz desde la escuela\u201d, en el que el alumnado de 3\u00ba de ESO del pasado curso son protagonistas con el corto \u201cEls Jocs Morats\u201d - Colegio San Juan Bosco Valencia\",\"isPartOf\":{\"@id\":\"https:\\\/\\\/valenciasjb.salesianos.edu\\\/colegio\\\/#website\"},\"primaryImageOfPage\":{\"@id\":\"https:\\\/\\\/valenciasjb.salesianos.edu\\\/colegio\\\/la-fad-en-colaboracion-con-la-generalitat-valenciana-edita-un-dvd-para-construir-la-paz-desde-la-escuela-en-el-que-el-alumnado-de-3o-de-eso-del-pasado-curso-son-protagonistas-con\\\/#primaryimage\"},\"image\":{\"@id\":\"https:\\\/\\\/valenciasjb.salesianos.edu\\\/colegio\\\/la-fad-en-colaboracion-con-la-generalitat-valenciana-edita-un-dvd-para-construir-la-paz-desde-la-escuela-en-el-que-el-alumnado-de-3o-de-eso-del-pasado-curso-son-protagonistas-con\\\/#primaryimage\"},\"thumbnailUrl\":\"https:\\\/\\\/valenciasjb.salesianos.edu\\\/colegio\\\/wp-content\\\/uploads\\\/sites\\\/2\\\/2019\\\/10\\\/IMG_9695.jpg\",\"datePublished\":\"2019-10-14T14:50:15+00:00\",\"dateModified\":\"2019-10-14T14:50:20+00:00\",\"author\":{\"@id\":\"https:\\\/\\\/valenciasjb.salesianos.edu\\\/colegio\\\/#\\\/schema\\\/person\\\/1f45b67e52b27da175190a574db6bed9\"},\"breadcrumb\":{\"@id\":\"https:\\\/\\\/valenciasjb.salesianos.edu\\\/colegio\\\/la-fad-en-colaboracion-con-la-generalitat-valenciana-edita-un-dvd-para-construir-la-paz-desde-la-escuela-en-el-que-el-alumnado-de-3o-de-eso-del-pasado-curso-son-protagonistas-con\\\/#breadcrumb\"},\"inLanguage\":\"es\",\"potentialAction\":[{\"@type\":\"ReadAction\",\"target\":[\"https:\\\/\\\/valenciasjb.salesianos.edu\\\/colegio\\\/la-fad-en-colaboracion-con-la-generalitat-valenciana-edita-un-dvd-para-construir-la-paz-desde-la-escuela-en-el-que-el-alumnado-de-3o-de-eso-del-pasado-curso-son-protagonistas-con\\\/\"]}]},{\"@type\":\"ImageObject\",\"inLanguage\":\"es\",\"@id\":\"https:\\\/\\\/valenciasjb.salesianos.edu\\\/colegio\\\/la-fad-en-colaboracion-con-la-generalitat-valenciana-edita-un-dvd-para-construir-la-paz-desde-la-escuela-en-el-que-el-alumnado-de-3o-de-eso-del-pasado-curso-son-protagonistas-con\\\/#primaryimage\",\"url\":\"https:\\\/\\\/valenciasjb.salesianos.edu\\\/colegio\\\/wp-content\\\/uploads\\\/sites\\\/2\\\/2019\\\/10\\\/IMG_9695.jpg\",\"contentUrl\":\"https:\\\/\\\/valenciasjb.salesianos.edu\\\/colegio\\\/wp-content\\\/uploads\\\/sites\\\/2\\\/2019\\\/10\\\/IMG_9695.jpg\",\"width\":512,\"height\":341},{\"@type\":\"BreadcrumbList\",\"@id\":\"https:\\\/\\\/valenciasjb.salesianos.edu\\\/colegio\\\/la-fad-en-colaboracion-con-la-generalitat-valenciana-edita-un-dvd-para-construir-la-paz-desde-la-escuela-en-el-que-el-alumnado-de-3o-de-eso-del-pasado-curso-son-protagonistas-con\\\/#breadcrumb\",\"itemListElement\":[{\"@type\":\"ListItem\",\"position\":1,\"name\":\"Portada\",\"item\":\"https:\\\/\\\/valenciasjb.salesianos.edu\\\/colegio\\\/\"},{\"@type\":\"ListItem\",\"position\":2,\"name\":\"La FAD, en colaboraci\u00f3n con la Generalitat Valenciana, edita un DVD para \u201cconstruir la paz desde la escuela\u201d, en el que el alumnado de 3\u00ba de ESO del pasado curso son protagonistas con el corto \u201cEls Jocs Morats\u201d\"}]},{\"@type\":\"WebSite\",\"@id\":\"https:\\\/\\\/valenciasjb.salesianos.edu\\\/colegio\\\/#website\",\"url\":\"https:\\\/\\\/valenciasjb.salesianos.edu\\\/colegio\\\/\",\"name\":\"Colegio San Juan Bosco Valencia\",\"description\":\"P\u00e1gina oficial del Colegio Salesianos San Juan Bosco Valencia\",\"alternateName\":\"Salesianos.VSJB\",\"potentialAction\":[{\"@type\":\"SearchAction\",\"target\":{\"@type\":\"EntryPoint\",\"urlTemplate\":\"https:\\\/\\\/valenciasjb.salesianos.edu\\\/colegio\\\/?s={search_term_string}\"},\"query-input\":{\"@type\":\"PropertyValueSpecification\",\"valueRequired\":true,\"valueName\":\"search_term_string\"}}],\"inLanguage\":\"es\"},{\"@type\":\"Person\",\"@id\":\"https:\\\/\\\/valenciasjb.salesianos.edu\\\/colegio\\\/#\\\/schema\\\/person\\\/1f45b67e52b27da175190a574db6bed9\",\"name\":\"veronicapastor\",\"image\":{\"@type\":\"ImageObject\",\"inLanguage\":\"es\",\"@id\":\"https:\\\/\\\/secure.gravatar.com\\\/avatar\\\/e29bd40bace3fd935e1d6fdb7313ffc14628cc037c5e16f4c7369b20a2a6f7f0?s=96&d=mm&r=g\",\"url\":\"https:\\\/\\\/secure.gravatar.com\\\/avatar\\\/e29bd40bace3fd935e1d6fdb7313ffc14628cc037c5e16f4c7369b20a2a6f7f0?s=96&d=mm&r=g\",\"contentUrl\":\"https:\\\/\\\/secure.gravatar.com\\\/avatar\\\/e29bd40bace3fd935e1d6fdb7313ffc14628cc037c5e16f4c7369b20a2a6f7f0?s=96&d=mm&r=g\",\"caption\":\"veronicapastor\"}}]}<\/script>\n<!-- \/ Yoast SEO plugin. -->","yoast_head_json":{"title":"La FAD, en colaboraci\u00f3n con la Generalitat Valenciana, edita un DVD para \u201cconstruir la paz desde la escuela\u201d, en el que el alumnado de 3\u00ba de ESO del pasado curso son protagonistas con el corto \u201cEls Jocs Morats\u201d - Colegio San Juan Bosco Valencia","robots":{"index":"index","follow":"follow","max-snippet":"max-snippet:-1","max-image-preview":"max-image-preview:large","max-video-preview":"max-video-preview:-1"},"canonical":"https:\/\/valenciasjb.salesianos.edu\/colegio\/la-fad-en-colaboracion-con-la-generalitat-valenciana-edita-un-dvd-para-construir-la-paz-desde-la-escuela-en-el-que-el-alumnado-de-3o-de-eso-del-pasado-curso-son-protagonistas-con\/","og_locale":"es_ES","og_type":"article","og_title":"La FAD, en colaboraci\u00f3n con la Generalitat Valenciana, edita un DVD para \u201cconstruir la paz desde la escuela\u201d, en el que el alumnado de 3\u00ba de ESO del pasado curso son protagonistas con el corto \u201cEls Jocs Morats\u201d - Colegio San Juan Bosco Valencia","og_description":"Este DVD se ha distribuido a todos los colegios de la Comunitat Valenciana. Contiene un total de seis con una gu\u00eda did\u00e1ctica para ser usados como herramienta did\u00e1ctica en el aula. \u00a0 Redacci\u00f3n \u200bTodo comenz\u00f3 el curso pasado con la participaci\u00f3n del alumnado de 3\u00ba de ESO en un certamen de micro v\u00eddeos grabados con [&hellip;]","og_url":"https:\/\/valenciasjb.salesianos.edu\/colegio\/la-fad-en-colaboracion-con-la-generalitat-valenciana-edita-un-dvd-para-construir-la-paz-desde-la-escuela-en-el-que-el-alumnado-de-3o-de-eso-del-pasado-curso-son-protagonistas-con\/","og_site_name":"Colegio San Juan Bosco Valencia","article_publisher":"https:\/\/www.facebook.com\/ColegioSalesianoSanJuanBoscoValencia","article_published_time":"2019-10-14T14:50:15+00:00","article_modified_time":"2019-10-14T14:50:20+00:00","og_image":[{"width":512,"height":341,"url":"https:\/\/valenciasjb.salesianos.edu\/colegio\/wp-content\/uploads\/sites\/2\/2019\/10\/IMG_9695.jpg","type":"image\/jpeg"}],"author":"veronicapastor","twitter_card":"summary_large_image","twitter_creator":"@SalesianosVSJB","twitter_site":"@SalesianosVSJB","twitter_misc":{"Escrito por":"veronicapastor","Tiempo de lectura":"3 minutos"},"schema":{"@context":"https:\/\/schema.org","@graph":[{"@type":"Article","@id":"https:\/\/valenciasjb.salesianos.edu\/colegio\/la-fad-en-colaboracion-con-la-generalitat-valenciana-edita-un-dvd-para-construir-la-paz-desde-la-escuela-en-el-que-el-alumnado-de-3o-de-eso-del-pasado-curso-son-protagonistas-con\/#article","isPartOf":{"@id":"https:\/\/valenciasjb.salesianos.edu\/colegio\/la-fad-en-colaboracion-con-la-generalitat-valenciana-edita-un-dvd-para-construir-la-paz-desde-la-escuela-en-el-que-el-alumnado-de-3o-de-eso-del-pasado-curso-son-protagonistas-con\/"},"author":{"name":"veronicapastor","@id":"https:\/\/valenciasjb.salesianos.edu\/colegio\/#\/schema\/person\/1f45b67e52b27da175190a574db6bed9"},"headline":"La FAD, en colaboraci\u00f3n con la Generalitat Valenciana, edita un DVD para \u201cconstruir la paz desde la escuela\u201d, en el que el alumnado de 3\u00ba de ESO del pasado curso son protagonistas con el corto \u201cEls Jocs Morats\u201d","datePublished":"2019-10-14T14:50:15+00:00","dateModified":"2019-10-14T14:50:20+00:00","mainEntityOfPage":{"@id":"https:\/\/valenciasjb.salesianos.edu\/colegio\/la-fad-en-colaboracion-con-la-generalitat-valenciana-edita-un-dvd-para-construir-la-paz-desde-la-escuela-en-el-que-el-alumnado-de-3o-de-eso-del-pasado-curso-son-protagonistas-con\/"},"wordCount":599,"image":{"@id":"https:\/\/valenciasjb.salesianos.edu\/colegio\/la-fad-en-colaboracion-con-la-generalitat-valenciana-edita-un-dvd-para-construir-la-paz-desde-la-escuela-en-el-que-el-alumnado-de-3o-de-eso-del-pasado-curso-son-protagonistas-con\/#primaryimage"},"thumbnailUrl":"https:\/\/valenciasjb.salesianos.edu\/colegio\/wp-content\/uploads\/sites\/2\/2019\/10\/IMG_9695.jpg","articleSection":["Noticia Colegio"],"inLanguage":"es"},{"@type":"WebPage","@id":"https:\/\/valenciasjb.salesianos.edu\/colegio\/la-fad-en-colaboracion-con-la-generalitat-valenciana-edita-un-dvd-para-construir-la-paz-desde-la-escuela-en-el-que-el-alumnado-de-3o-de-eso-del-pasado-curso-son-protagonistas-con\/","url":"https:\/\/valenciasjb.salesianos.edu\/colegio\/la-fad-en-colaboracion-con-la-generalitat-valenciana-edita-un-dvd-para-construir-la-paz-desde-la-escuela-en-el-que-el-alumnado-de-3o-de-eso-del-pasado-curso-son-protagonistas-con\/","name":"La FAD, en colaboraci\u00f3n con la Generalitat Valenciana, edita un DVD para \u201cconstruir la paz desde la escuela\u201d, en el que el alumnado de 3\u00ba de ESO del pasado curso son protagonistas con el corto \u201cEls Jocs Morats\u201d - Colegio San Juan Bosco Valencia","isPartOf":{"@id":"https:\/\/valenciasjb.salesianos.edu\/colegio\/#website"},"primaryImageOfPage":{"@id":"https:\/\/valenciasjb.salesianos.edu\/colegio\/la-fad-en-colaboracion-con-la-generalitat-valenciana-edita-un-dvd-para-construir-la-paz-desde-la-escuela-en-el-que-el-alumnado-de-3o-de-eso-del-pasado-curso-son-protagonistas-con\/#primaryimage"},"image":{"@id":"https:\/\/valenciasjb.salesianos.edu\/colegio\/la-fad-en-colaboracion-con-la-generalitat-valenciana-edita-un-dvd-para-construir-la-paz-desde-la-escuela-en-el-que-el-alumnado-de-3o-de-eso-del-pasado-curso-son-protagonistas-con\/#primaryimage"},"thumbnailUrl":"https:\/\/valenciasjb.salesianos.edu\/colegio\/wp-content\/uploads\/sites\/2\/2019\/10\/IMG_9695.jpg","datePublished":"2019-10-14T14:50:15+00:00","dateModified":"2019-10-14T14:50:20+00:00","author":{"@id":"https:\/\/valenciasjb.salesianos.edu\/colegio\/#\/schema\/person\/1f45b67e52b27da175190a574db6bed9"},"breadcrumb":{"@id":"https:\/\/valenciasjb.salesianos.edu\/colegio\/la-fad-en-colaboracion-con-la-generalitat-valenciana-edita-un-dvd-para-construir-la-paz-desde-la-escuela-en-el-que-el-alumnado-de-3o-de-eso-del-pasado-curso-son-protagonistas-con\/#breadcrumb"},"inLanguage":"es","potentialAction":[{"@type":"ReadAction","target":["https:\/\/valenciasjb.salesianos.edu\/colegio\/la-fad-en-colaboracion-con-la-generalitat-valenciana-edita-un-dvd-para-construir-la-paz-desde-la-escuela-en-el-que-el-alumnado-de-3o-de-eso-del-pasado-curso-son-protagonistas-con\/"]}]},{"@type":"ImageObject","inLanguage":"es","@id":"https:\/\/valenciasjb.salesianos.edu\/colegio\/la-fad-en-colaboracion-con-la-generalitat-valenciana-edita-un-dvd-para-construir-la-paz-desde-la-escuela-en-el-que-el-alumnado-de-3o-de-eso-del-pasado-curso-son-protagonistas-con\/#primaryimage","url":"https:\/\/valenciasjb.salesianos.edu\/colegio\/wp-content\/uploads\/sites\/2\/2019\/10\/IMG_9695.jpg","contentUrl":"https:\/\/valenciasjb.salesianos.edu\/colegio\/wp-content\/uploads\/sites\/2\/2019\/10\/IMG_9695.jpg","width":512,"height":341},{"@type":"BreadcrumbList","@id":"https:\/\/valenciasjb.salesianos.edu\/colegio\/la-fad-en-colaboracion-con-la-generalitat-valenciana-edita-un-dvd-para-construir-la-paz-desde-la-escuela-en-el-que-el-alumnado-de-3o-de-eso-del-pasado-curso-son-protagonistas-con\/#breadcrumb","itemListElement":[{"@type":"ListItem","position":1,"name":"Portada","item":"https:\/\/valenciasjb.salesianos.edu\/colegio\/"},{"@type":"ListItem","position":2,"name":"La FAD, en colaboraci\u00f3n con la Generalitat Valenciana, edita un DVD para \u201cconstruir la paz desde la escuela\u201d, en el que el alumnado de 3\u00ba de ESO del pasado curso son protagonistas con el corto \u201cEls Jocs Morats\u201d"}]},{"@type":"WebSite","@id":"https:\/\/valenciasjb.salesianos.edu\/colegio\/#website","url":"https:\/\/valenciasjb.salesianos.edu\/colegio\/","name":"Colegio San Juan Bosco Valencia","description":"P\u00e1gina oficial del Colegio Salesianos San Juan Bosco Valencia","alternateName":"Salesianos.VSJB","potentialAction":[{"@type":"SearchAction","target":{"@type":"EntryPoint","urlTemplate":"https:\/\/valenciasjb.salesianos.edu\/colegio\/?s={search_term_string}"},"query-input":{"@type":"PropertyValueSpecification","valueRequired":true,"valueName":"search_term_string"}}],"inLanguage":"es"},{"@type":"Person","@id":"https:\/\/valenciasjb.salesianos.edu\/colegio\/#\/schema\/person\/1f45b67e52b27da175190a574db6bed9","name":"veronicapastor","image":{"@type":"ImageObject","inLanguage":"es","@id":"https:\/\/secure.gravatar.com\/avatar\/e29bd40bace3fd935e1d6fdb7313ffc14628cc037c5e16f4c7369b20a2a6f7f0?s=96&d=mm&r=g","url":"https:\/\/secure.gravatar.com\/avatar\/e29bd40bace3fd935e1d6fdb7313ffc14628cc037c5e16f4c7369b20a2a6f7f0?s=96&d=mm&r=g","contentUrl":"https:\/\/secure.gravatar.com\/avatar\/e29bd40bace3fd935e1d6fdb7313ffc14628cc037c5e16f4c7369b20a2a6f7f0?s=96&d=mm&r=g","caption":"veronicapastor"}}]}},"_links":{"self":[{"href":"https:\/\/valenciasjb.salesianos.edu\/colegio\/wp-json\/wp\/v2\/posts\/11274","targetHints":{"allow":["GET"]}}],"collection":[{"href":"https:\/\/valenciasjb.salesianos.edu\/colegio\/wp-json\/wp\/v2\/posts"}],"about":[{"href":"https:\/\/valenciasjb.salesianos.edu\/colegio\/wp-json\/wp\/v2\/types\/post"}],"author":[{"embeddable":true,"href":"https:\/\/valenciasjb.salesianos.edu\/colegio\/wp-json\/wp\/v2\/users\/6"}],"replies":[{"embeddable":true,"href":"https:\/\/valenciasjb.salesianos.edu\/colegio\/wp-json\/wp\/v2\/comments?post=11274"}],"version-history":[{"count":4,"href":"https:\/\/valenciasjb.salesianos.edu\/colegio\/wp-json\/wp\/v2\/posts\/11274\/revisions"}],"predecessor-version":[{"id":11285,"href":"https:\/\/valenciasjb.salesianos.edu\/colegio\/wp-json\/wp\/v2\/posts\/11274\/revisions\/11285"}],"wp:featuredmedia":[{"embeddable":true,"href":"https:\/\/valenciasjb.salesianos.edu\/colegio\/wp-json\/wp\/v2\/media\/11277"}],"wp:attachment":[{"href":"https:\/\/valenciasjb.salesianos.edu\/colegio\/wp-json\/wp\/v2\/media?parent=11274"}],"wp:term":[{"taxonomy":"category","embeddable":true,"href":"https:\/\/valenciasjb.salesianos.edu\/colegio\/wp-json\/wp\/v2\/categories?post=11274"},{"taxonomy":"post_tag","embeddable":true,"href":"https:\/\/valenciasjb.salesianos.edu\/colegio\/wp-json\/wp\/v2\/tags?post=11274"}],"curies":[{"name":"wp","href":"https:\/\/api.w.org\/{rel}","templated":true}]}}