{"id":11308,"date":"2019-10-18T06:58:30","date_gmt":"2019-10-18T05:58:30","guid":{"rendered":"https:\/\/valenciasjb.salesianos.edu\/colegio\/?p=11308"},"modified":"2019-10-18T06:58:34","modified_gmt":"2019-10-18T05:58:34","slug":"nuestra-profesora-maria-llorens-asiste-a-las-jornadas-de-estilo-salesiano-en-godelleta-2019","status":"publish","type":"post","link":"https:\/\/valenciasjb.salesianos.edu\/colegio\/nuestra-profesora-maria-llorens-asiste-a-las-jornadas-de-estilo-salesiano-en-godelleta-2019\/","title":{"rendered":"Nuestra profesora Mar\u00eda Llorens asiste a las Jornadas de Estilo Salesiano en Godelleta 2019"},"content":{"rendered":"<div id=\"fb-root\"><\/div>\n<p>[et_pb_section fb_built=\u00bb1&#8243; admin_label=\u00bbsection\u00bb _builder_version=\u00bb3.22&#8243; bb_built=\u00bb1&#8243; _i=\u00bb0&#8243; _address=\u00bb0&#8243;][et_pb_row admin_label=\u00bbrow\u00bb _builder_version=\u00bb3.25&#8243; background_size=\u00bbinitial\u00bb background_position=\u00bbtop_left\u00bb background_repeat=\u00bbrepeat\u00bb _i=\u00bb0&#8243; _address=\u00bb0.0&#8243;][et_pb_column type=\u00bb4_4&#8243; _builder_version=\u00bb3.25&#8243; custom_padding=\u00bb|||\u00bb _i=\u00bb0&#8243; _address=\u00bb0.0.0&#8243; custom_padding__hover=\u00bb|||\u00bb][et_pb_text admin_label=\u00bbEntradilla (Texto)\u00bb _builder_version=\u00bb3.29.2&#8243; text_font=\u00bb|on|||\u00bb text_orientation=\u00bbjustified\u00bb module_alignment=\u00bbjustified\u00bb hover_enabled=\u00bb0&#8243; _i=\u00bb0&#8243; _address=\u00bb0.0.0.0&#8243;]<\/p>\n<div id=\"resumen\"><strong>Mar\u00eda ha contado su experiencia en Godelleta de primera mano y, a continuaci\u00f3n, tenemos su testimonio de estos d\u00edas que ha disfrutado junto con educadores de otras casas salesianas.<\/strong><\/div>\n<div>\u00a0<\/div>\n<p>[\/et_pb_text][et_pb_text admin_label=\u00bbAutor (Texto)\u00bb _builder_version=\u00bb3.29.2&#8243; text_font=\u00bb||on||\u00bb hover_enabled=\u00bb0&#8243; _i=\u00bb1&#8243; _address=\u00bb0.0.0.1&#8243;]<\/p>\n<p>Redacci\u00f3n.<\/p>\n<p>[\/et_pb_text][et_pb_text admin_label=\u00bbDesarrollo (Texto)\u00bb _builder_version=\u00bb3.29.2&#8243; text_orientation=\u00bbjustified\u00bb module_alignment=\u00bbjustified\u00bb hover_enabled=\u00bb0&#8243; _i=\u00bb2&#8243; _address=\u00bb0.0.0.2&#8243;]<\/p>\n<p>\u00abLa primera jornada, por la tarde, tuvimos el placer de escuchar a Pablo Viudes hablar sobre Atenci\u00f3n educativa, diversidad y compromiso. Un tema muy extenso pero del cual aprendimos much\u00edsimas cosas nuevas. Salimos con ganas de aplicarlas todas en nuestros respectivos centros educativos. Por la noche nos acompa\u00f1\u00f3 Iv\u00e1n Arribas con su gran espect\u00e1culo de magia, un placer disfrutar de las ilusiones.<\/p>\n<div class=\"adn ads\" data-message-id=\"#msg-a:r-1829133132280571635\" data-legacy-message-id=\"16ddb58b988755de\">\n<div class=\"gs\">\n<div class=\"\">\n<div id=\":xg\" class=\"ii gt\">\n<div id=\":xf\" class=\"a3s aXjCH \">\n<div dir=\"auto\">\n<div dir=\"auto\">Durante el segundo d\u00eda tuvimos momentos formativos; el primero a cargo de nuestro Pepe G\u00f3mez y digo nuestro porque hasta hace muy poco formaba parte de nuestra comunidad educativa. Nos abri\u00f3 los ojos en cuanto al contexto hist\u00f3rico que rodeaba a Don Bosco; pudimos comprenderle, conocerle y acercarnos m\u00e1s a nuestro referente de estilo. Por la tarde fue muy especial, ya que contamos con el honor de conocer a Miguel Canino, Coordinador inspectorial de escuelas de la Inspector\u00eda Mar\u00eda Auxiliadora; el cual nos dio una ponencia magistral. A continuaci\u00f3n concluy\u00f3 Luis Miguel Notario cont\u00e1ndonos los elementos fundamentales de la Pastoral Salesiana. La noche fue muy especial porque vimos la pel\u00edcula \u201cLa revoluci\u00f3n del silencio\u201d, muy recomendable.<\/div>\n<div dir=\"auto\">\u00a0<\/div>\n<div dir=\"auto\">El jueves, nuestro \u00faltimo d\u00eda, celebramos una maravillosa eucarist\u00eda en compa\u00f1\u00eda de Jos\u00e9 Luis Navarro, Director del Colegio Salesiano de Villena. Han sido tres d\u00edas muy intensos, llenos de charlas y momentos compartidos con profesores de otros centros, que viven otras realidades pero que, al final, todo lo que podemos llevarnos y aprender es enriquecedor como persona y como docente\u00bb.<\/div>\n<\/div>\n<div class=\"yj6qo\">\u00a0<\/div>\n<div class=\"adL\">\u00a0<\/div>\n<\/div>\n<\/div>\n<div class=\"hi\">\u00a0<\/div>\n<\/div>\n<\/div>\n<div class=\"ajx\">\u00a0<\/div>\n<\/div>\n<div class=\"gA gt acV\">\n<div class=\"gB xu\">\n<div class=\"ip iq\">\n<div id=\":xh\">\n<table class=\"cf wS\" role=\"presentation\">\n<tbody>\n<tr>\n<td class=\"amq\"><img decoding=\"async\" id=\":vo_0\" class=\"ajn bofPge\" src=\"https:\/\/www.google.com\/s2\/u\/0\/photos\/private\/AIbEiAIAAABECJ-tpZ3r6a2S6QEiC3ZjYXJkX3Bob3RvKihiY2JjOTI0MDAzY2YxZWVmNTcyNzk4Njk5ZDQ2ZTkxNWM3YzNiNzY0MAEfKJV13dZdGuBudW4sXzAofnb8yw?sz=40\" data-hovercard-id=\"veronica.pastor@salesianos.edu\" \/><\/td>\n<td class=\"amr\">\n<div class=\"nr wR\">\n<div class=\"amn\"><span id=\":xa\" class=\"ams bkH\" role=\"link\">Responder<\/span><span id=\":xc\" class=\"ams bkG\" role=\"link\">Reenviar<\/span><\/div>\n<\/div>\n<\/td>\n<\/tr>\n<\/tbody>\n<\/table>\n<\/div>\n<\/div>\n<\/div>\n<\/div>\n<p>[\/et_pb_text][et_pb_text disabled_on=\u00bboff|on|on\u00bb admin_label=\u00bbT\u00edtulo: Galer\u00eda de fotos (Texto)\u00bb _builder_version=\u00bb3.27.4&#8243; text_font=\u00bb|on|||\u00bb text_text_color=\u00bb#dc001b\u00bb border_style=\u00bbsolid\u00bb _i=\u00bb3&#8243; _address=\u00bb0.0.0.3&#8243;]Galer\u00eda de im\u00e1genes<br \/>\n[\/et_pb_text][et_pb_gallery gallery_ids=\u00bb11311,11312,11313,11314,11315,11316&#8243; posts_number=\u00bb8&#8243; show_title_and_caption=\u00bboff\u00bb zoom_icon_color=\u00bb#dc001b\u00bb hover_icon=\u00bb%%51%%\u00bb disabled_on=\u00bboff|off|off\u00bb _builder_version=\u00bb3.29.2&#8243; hover_enabled=\u00bb0&#8243; pagination_font_size_tablet=\u00bb51&#8243; pagination_line_height_tablet=\u00bb2&#8243; _i=\u00bb4&#8243; _address=\u00bb0.0.0.4&#8243;][\/et_pb_gallery][et_pb_video disabled_on=\u00bbon|on|on\u00bb _builder_version=\u00bb3.0.51&#8243; disabled=\u00bbon\u00bb _i=\u00bb5&#8243; _address=\u00bb0.0.0.5&#8243;][\/et_pb_video][\/et_pb_column][\/et_pb_row][\/et_pb_section]<\/p>\n<!-- AddThis Advanced Settings generic via filter on the_content --><!-- AddThis Share Buttons generic via filter on the_content -->","protected":false},"excerpt":{"rendered":"<p>Mar\u00eda ha contado su experiencia en Godelleta de primera mano y, a continuaci\u00f3n, tenemos su testimonio de estos d\u00edas que ha disfrutado junto con educadores de otras casas salesianas. \u00a0 Redacci\u00f3n. \u00abLa primera jornada, por la tarde, tuvimos el placer de escuchar a Pablo Viudes hablar sobre Atenci\u00f3n educativa, diversidad y compromiso. Un tema muy [&hellip;]<\/p>\n<p><!-- AddThis Advanced Settings generic via filter on get_the_excerpt --><!-- AddThis Share Buttons generic via filter on get_the_excerpt --><\/p>\n","protected":false},"author":6,"featured_media":11314,"comment_status":"closed","ping_status":"open","sticky":false,"template":"","format":"standard","meta":{"_et_pb_use_builder":"on","_et_pb_old_content":"","_et_gb_content_width":"","footnotes":""},"categories":[14],"tags":[],"class_list":["post-11308","post","type-post","status-publish","format-standard","has-post-thumbnail","hentry","category-noticia_colegio"],"yoast_head":"<!-- This site is optimized with the Yoast SEO plugin v28.4 - https:\/\/yoast.com\/product\/yoast-seo-wordpress\/ -->\n<title>Nuestra profesora Mar\u00eda Llorens asiste a las Jornadas de Estilo Salesiano en Godelleta 2019 - Colegio San Juan Bosco Valencia<\/title>\n<meta name=\"robots\" content=\"index, follow, max-snippet:-1, max-image-preview:large, max-video-preview:-1\" \/>\n<link rel=\"canonical\" href=\"https:\/\/valenciasjb.salesianos.edu\/colegio\/nuestra-profesora-maria-llorens-asiste-a-las-jornadas-de-estilo-salesiano-en-godelleta-2019\/\" \/>\n<meta property=\"og:locale\" content=\"es_ES\" \/>\n<meta property=\"og:type\" content=\"article\" \/>\n<meta property=\"og:title\" content=\"Nuestra profesora Mar\u00eda Llorens asiste a las Jornadas de Estilo Salesiano en Godelleta 2019 - Colegio San Juan Bosco Valencia\" \/>\n<meta property=\"og:description\" content=\"Mar\u00eda ha contado su experiencia en Godelleta de primera mano y, a continuaci\u00f3n, tenemos su testimonio de estos d\u00edas que ha disfrutado junto con educadores de otras casas salesianas. \u00a0 Redacci\u00f3n. &quot;La primera jornada, por la tarde, tuvimos el placer de escuchar a Pablo Viudes hablar sobre Atenci\u00f3n educativa, diversidad y compromiso. Un tema muy [&hellip;]\" \/>\n<meta property=\"og:url\" content=\"https:\/\/valenciasjb.salesianos.edu\/colegio\/nuestra-profesora-maria-llorens-asiste-a-las-jornadas-de-estilo-salesiano-en-godelleta-2019\/\" \/>\n<meta property=\"og:site_name\" content=\"Colegio San Juan Bosco Valencia\" \/>\n<meta property=\"article:publisher\" content=\"https:\/\/www.facebook.com\/ColegioSalesianoSanJuanBoscoValencia\" \/>\n<meta property=\"article:published_time\" content=\"2019-10-18T05:58:30+00:00\" \/>\n<meta property=\"article:modified_time\" content=\"2019-10-18T05:58:34+00:00\" \/>\n<meta property=\"og:image\" content=\"https:\/\/valenciasjb.salesianos.edu\/colegio\/wp-content\/uploads\/sites\/2\/2019\/10\/IMG-20191016-WA0002.jpg\" \/>\n\t<meta property=\"og:image:width\" content=\"800\" \/>\n\t<meta property=\"og:image:height\" content=\"600\" \/>\n\t<meta property=\"og:image:type\" content=\"image\/jpeg\" \/>\n<meta name=\"author\" content=\"veronicapastor\" \/>\n<meta name=\"twitter:card\" content=\"summary_large_image\" \/>\n<meta name=\"twitter:creator\" content=\"@SalesianosVSJB\" \/>\n<meta name=\"twitter:site\" content=\"@SalesianosVSJB\" \/>\n<meta name=\"twitter:label1\" content=\"Escrito por\" \/>\n\t<meta name=\"twitter:data1\" content=\"veronicapastor\" \/>\n\t<meta name=\"twitter:label2\" content=\"Tiempo de lectura\" \/>\n\t<meta name=\"twitter:data2\" content=\"3 minutos\" \/>\n<script type=\"application\/ld+json\" class=\"yoast-schema-graph\">{\"@context\":\"https:\\\/\\\/schema.org\",\"@graph\":[{\"@type\":\"Article\",\"@id\":\"https:\\\/\\\/valenciasjb.salesianos.edu\\\/colegio\\\/nuestra-profesora-maria-llorens-asiste-a-las-jornadas-de-estilo-salesiano-en-godelleta-2019\\\/#article\",\"isPartOf\":{\"@id\":\"https:\\\/\\\/valenciasjb.salesianos.edu\\\/colegio\\\/nuestra-profesora-maria-llorens-asiste-a-las-jornadas-de-estilo-salesiano-en-godelleta-2019\\\/\"},\"author\":{\"name\":\"veronicapastor\",\"@id\":\"https:\\\/\\\/valenciasjb.salesianos.edu\\\/colegio\\\/#\\\/schema\\\/person\\\/1f45b67e52b27da175190a574db6bed9\"},\"headline\":\"Nuestra profesora Mar\u00eda Llorens asiste a las Jornadas de Estilo Salesiano en Godelleta 2019\",\"datePublished\":\"2019-10-18T05:58:30+00:00\",\"dateModified\":\"2019-10-18T05:58:34+00:00\",\"mainEntityOfPage\":{\"@id\":\"https:\\\/\\\/valenciasjb.salesianos.edu\\\/colegio\\\/nuestra-profesora-maria-llorens-asiste-a-las-jornadas-de-estilo-salesiano-en-godelleta-2019\\\/\"},\"wordCount\":526,\"image\":{\"@id\":\"https:\\\/\\\/valenciasjb.salesianos.edu\\\/colegio\\\/nuestra-profesora-maria-llorens-asiste-a-las-jornadas-de-estilo-salesiano-en-godelleta-2019\\\/#primaryimage\"},\"thumbnailUrl\":\"https:\\\/\\\/valenciasjb.salesianos.edu\\\/colegio\\\/wp-content\\\/uploads\\\/sites\\\/2\\\/2019\\\/10\\\/IMG-20191016-WA0002.jpg\",\"articleSection\":[\"Noticia Colegio\"],\"inLanguage\":\"es\"},{\"@type\":\"WebPage\",\"@id\":\"https:\\\/\\\/valenciasjb.salesianos.edu\\\/colegio\\\/nuestra-profesora-maria-llorens-asiste-a-las-jornadas-de-estilo-salesiano-en-godelleta-2019\\\/\",\"url\":\"https:\\\/\\\/valenciasjb.salesianos.edu\\\/colegio\\\/nuestra-profesora-maria-llorens-asiste-a-las-jornadas-de-estilo-salesiano-en-godelleta-2019\\\/\",\"name\":\"Nuestra profesora Mar\u00eda Llorens asiste a las Jornadas de Estilo Salesiano en Godelleta 2019 - Colegio San Juan Bosco Valencia\",\"isPartOf\":{\"@id\":\"https:\\\/\\\/valenciasjb.salesianos.edu\\\/colegio\\\/#website\"},\"primaryImageOfPage\":{\"@id\":\"https:\\\/\\\/valenciasjb.salesianos.edu\\\/colegio\\\/nuestra-profesora-maria-llorens-asiste-a-las-jornadas-de-estilo-salesiano-en-godelleta-2019\\\/#primaryimage\"},\"image\":{\"@id\":\"https:\\\/\\\/valenciasjb.salesianos.edu\\\/colegio\\\/nuestra-profesora-maria-llorens-asiste-a-las-jornadas-de-estilo-salesiano-en-godelleta-2019\\\/#primaryimage\"},\"thumbnailUrl\":\"https:\\\/\\\/valenciasjb.salesianos.edu\\\/colegio\\\/wp-content\\\/uploads\\\/sites\\\/2\\\/2019\\\/10\\\/IMG-20191016-WA0002.jpg\",\"datePublished\":\"2019-10-18T05:58:30+00:00\",\"dateModified\":\"2019-10-18T05:58:34+00:00\",\"author\":{\"@id\":\"https:\\\/\\\/valenciasjb.salesianos.edu\\\/colegio\\\/#\\\/schema\\\/person\\\/1f45b67e52b27da175190a574db6bed9\"},\"breadcrumb\":{\"@id\":\"https:\\\/\\\/valenciasjb.salesianos.edu\\\/colegio\\\/nuestra-profesora-maria-llorens-asiste-a-las-jornadas-de-estilo-salesiano-en-godelleta-2019\\\/#breadcrumb\"},\"inLanguage\":\"es\",\"potentialAction\":[{\"@type\":\"ReadAction\",\"target\":[\"https:\\\/\\\/valenciasjb.salesianos.edu\\\/colegio\\\/nuestra-profesora-maria-llorens-asiste-a-las-jornadas-de-estilo-salesiano-en-godelleta-2019\\\/\"]}]},{\"@type\":\"ImageObject\",\"inLanguage\":\"es\",\"@id\":\"https:\\\/\\\/valenciasjb.salesianos.edu\\\/colegio\\\/nuestra-profesora-maria-llorens-asiste-a-las-jornadas-de-estilo-salesiano-en-godelleta-2019\\\/#primaryimage\",\"url\":\"https:\\\/\\\/valenciasjb.salesianos.edu\\\/colegio\\\/wp-content\\\/uploads\\\/sites\\\/2\\\/2019\\\/10\\\/IMG-20191016-WA0002.jpg\",\"contentUrl\":\"https:\\\/\\\/valenciasjb.salesianos.edu\\\/colegio\\\/wp-content\\\/uploads\\\/sites\\\/2\\\/2019\\\/10\\\/IMG-20191016-WA0002.jpg\",\"width\":800,\"height\":600},{\"@type\":\"BreadcrumbList\",\"@id\":\"https:\\\/\\\/valenciasjb.salesianos.edu\\\/colegio\\\/nuestra-profesora-maria-llorens-asiste-a-las-jornadas-de-estilo-salesiano-en-godelleta-2019\\\/#breadcrumb\",\"itemListElement\":[{\"@type\":\"ListItem\",\"position\":1,\"name\":\"Portada\",\"item\":\"https:\\\/\\\/valenciasjb.salesianos.edu\\\/colegio\\\/\"},{\"@type\":\"ListItem\",\"position\":2,\"name\":\"Nuestra profesora Mar\u00eda Llorens asiste a las Jornadas de Estilo Salesiano en Godelleta 2019\"}]},{\"@type\":\"WebSite\",\"@id\":\"https:\\\/\\\/valenciasjb.salesianos.edu\\\/colegio\\\/#website\",\"url\":\"https:\\\/\\\/valenciasjb.salesianos.edu\\\/colegio\\\/\",\"name\":\"Colegio San Juan Bosco Valencia\",\"description\":\"P\u00e1gina oficial del Colegio Salesianos San Juan Bosco Valencia\",\"alternateName\":\"Salesianos.VSJB\",\"potentialAction\":[{\"@type\":\"SearchAction\",\"target\":{\"@type\":\"EntryPoint\",\"urlTemplate\":\"https:\\\/\\\/valenciasjb.salesianos.edu\\\/colegio\\\/?s={search_term_string}\"},\"query-input\":{\"@type\":\"PropertyValueSpecification\",\"valueRequired\":true,\"valueName\":\"search_term_string\"}}],\"inLanguage\":\"es\"},{\"@type\":\"Person\",\"@id\":\"https:\\\/\\\/valenciasjb.salesianos.edu\\\/colegio\\\/#\\\/schema\\\/person\\\/1f45b67e52b27da175190a574db6bed9\",\"name\":\"veronicapastor\",\"image\":{\"@type\":\"ImageObject\",\"inLanguage\":\"es\",\"@id\":\"https:\\\/\\\/secure.gravatar.com\\\/avatar\\\/e29bd40bace3fd935e1d6fdb7313ffc14628cc037c5e16f4c7369b20a2a6f7f0?s=96&d=mm&r=g\",\"url\":\"https:\\\/\\\/secure.gravatar.com\\\/avatar\\\/e29bd40bace3fd935e1d6fdb7313ffc14628cc037c5e16f4c7369b20a2a6f7f0?s=96&d=mm&r=g\",\"contentUrl\":\"https:\\\/\\\/secure.gravatar.com\\\/avatar\\\/e29bd40bace3fd935e1d6fdb7313ffc14628cc037c5e16f4c7369b20a2a6f7f0?s=96&d=mm&r=g\",\"caption\":\"veronicapastor\"}}]}<\/script>\n<!-- \/ Yoast SEO plugin. -->","yoast_head_json":{"title":"Nuestra profesora Mar\u00eda Llorens asiste a las Jornadas de Estilo Salesiano en Godelleta 2019 - Colegio San Juan Bosco Valencia","robots":{"index":"index","follow":"follow","max-snippet":"max-snippet:-1","max-image-preview":"max-image-preview:large","max-video-preview":"max-video-preview:-1"},"canonical":"https:\/\/valenciasjb.salesianos.edu\/colegio\/nuestra-profesora-maria-llorens-asiste-a-las-jornadas-de-estilo-salesiano-en-godelleta-2019\/","og_locale":"es_ES","og_type":"article","og_title":"Nuestra profesora Mar\u00eda Llorens asiste a las Jornadas de Estilo Salesiano en Godelleta 2019 - Colegio San Juan Bosco Valencia","og_description":"Mar\u00eda ha contado su experiencia en Godelleta de primera mano y, a continuaci\u00f3n, tenemos su testimonio de estos d\u00edas que ha disfrutado junto con educadores de otras casas salesianas. \u00a0 Redacci\u00f3n. \"La primera jornada, por la tarde, tuvimos el placer de escuchar a Pablo Viudes hablar sobre Atenci\u00f3n educativa, diversidad y compromiso. Un tema muy [&hellip;]","og_url":"https:\/\/valenciasjb.salesianos.edu\/colegio\/nuestra-profesora-maria-llorens-asiste-a-las-jornadas-de-estilo-salesiano-en-godelleta-2019\/","og_site_name":"Colegio San Juan Bosco Valencia","article_publisher":"https:\/\/www.facebook.com\/ColegioSalesianoSanJuanBoscoValencia","article_published_time":"2019-10-18T05:58:30+00:00","article_modified_time":"2019-10-18T05:58:34+00:00","og_image":[{"width":800,"height":600,"url":"https:\/\/valenciasjb.salesianos.edu\/colegio\/wp-content\/uploads\/sites\/2\/2019\/10\/IMG-20191016-WA0002.jpg","type":"image\/jpeg"}],"author":"veronicapastor","twitter_card":"summary_large_image","twitter_creator":"@SalesianosVSJB","twitter_site":"@SalesianosVSJB","twitter_misc":{"Escrito por":"veronicapastor","Tiempo de lectura":"3 minutos"},"schema":{"@context":"https:\/\/schema.org","@graph":[{"@type":"Article","@id":"https:\/\/valenciasjb.salesianos.edu\/colegio\/nuestra-profesora-maria-llorens-asiste-a-las-jornadas-de-estilo-salesiano-en-godelleta-2019\/#article","isPartOf":{"@id":"https:\/\/valenciasjb.salesianos.edu\/colegio\/nuestra-profesora-maria-llorens-asiste-a-las-jornadas-de-estilo-salesiano-en-godelleta-2019\/"},"author":{"name":"veronicapastor","@id":"https:\/\/valenciasjb.salesianos.edu\/colegio\/#\/schema\/person\/1f45b67e52b27da175190a574db6bed9"},"headline":"Nuestra profesora Mar\u00eda Llorens asiste a las Jornadas de Estilo Salesiano en Godelleta 2019","datePublished":"2019-10-18T05:58:30+00:00","dateModified":"2019-10-18T05:58:34+00:00","mainEntityOfPage":{"@id":"https:\/\/valenciasjb.salesianos.edu\/colegio\/nuestra-profesora-maria-llorens-asiste-a-las-jornadas-de-estilo-salesiano-en-godelleta-2019\/"},"wordCount":526,"image":{"@id":"https:\/\/valenciasjb.salesianos.edu\/colegio\/nuestra-profesora-maria-llorens-asiste-a-las-jornadas-de-estilo-salesiano-en-godelleta-2019\/#primaryimage"},"thumbnailUrl":"https:\/\/valenciasjb.salesianos.edu\/colegio\/wp-content\/uploads\/sites\/2\/2019\/10\/IMG-20191016-WA0002.jpg","articleSection":["Noticia Colegio"],"inLanguage":"es"},{"@type":"WebPage","@id":"https:\/\/valenciasjb.salesianos.edu\/colegio\/nuestra-profesora-maria-llorens-asiste-a-las-jornadas-de-estilo-salesiano-en-godelleta-2019\/","url":"https:\/\/valenciasjb.salesianos.edu\/colegio\/nuestra-profesora-maria-llorens-asiste-a-las-jornadas-de-estilo-salesiano-en-godelleta-2019\/","name":"Nuestra profesora Mar\u00eda Llorens asiste a las Jornadas de Estilo Salesiano en Godelleta 2019 - Colegio San Juan Bosco Valencia","isPartOf":{"@id":"https:\/\/valenciasjb.salesianos.edu\/colegio\/#website"},"primaryImageOfPage":{"@id":"https:\/\/valenciasjb.salesianos.edu\/colegio\/nuestra-profesora-maria-llorens-asiste-a-las-jornadas-de-estilo-salesiano-en-godelleta-2019\/#primaryimage"},"image":{"@id":"https:\/\/valenciasjb.salesianos.edu\/colegio\/nuestra-profesora-maria-llorens-asiste-a-las-jornadas-de-estilo-salesiano-en-godelleta-2019\/#primaryimage"},"thumbnailUrl":"https:\/\/valenciasjb.salesianos.edu\/colegio\/wp-content\/uploads\/sites\/2\/2019\/10\/IMG-20191016-WA0002.jpg","datePublished":"2019-10-18T05:58:30+00:00","dateModified":"2019-10-18T05:58:34+00:00","author":{"@id":"https:\/\/valenciasjb.salesianos.edu\/colegio\/#\/schema\/person\/1f45b67e52b27da175190a574db6bed9"},"breadcrumb":{"@id":"https:\/\/valenciasjb.salesianos.edu\/colegio\/nuestra-profesora-maria-llorens-asiste-a-las-jornadas-de-estilo-salesiano-en-godelleta-2019\/#breadcrumb"},"inLanguage":"es","potentialAction":[{"@type":"ReadAction","target":["https:\/\/valenciasjb.salesianos.edu\/colegio\/nuestra-profesora-maria-llorens-asiste-a-las-jornadas-de-estilo-salesiano-en-godelleta-2019\/"]}]},{"@type":"ImageObject","inLanguage":"es","@id":"https:\/\/valenciasjb.salesianos.edu\/colegio\/nuestra-profesora-maria-llorens-asiste-a-las-jornadas-de-estilo-salesiano-en-godelleta-2019\/#primaryimage","url":"https:\/\/valenciasjb.salesianos.edu\/colegio\/wp-content\/uploads\/sites\/2\/2019\/10\/IMG-20191016-WA0002.jpg","contentUrl":"https:\/\/valenciasjb.salesianos.edu\/colegio\/wp-content\/uploads\/sites\/2\/2019\/10\/IMG-20191016-WA0002.jpg","width":800,"height":600},{"@type":"BreadcrumbList","@id":"https:\/\/valenciasjb.salesianos.edu\/colegio\/nuestra-profesora-maria-llorens-asiste-a-las-jornadas-de-estilo-salesiano-en-godelleta-2019\/#breadcrumb","itemListElement":[{"@type":"ListItem","position":1,"name":"Portada","item":"https:\/\/valenciasjb.salesianos.edu\/colegio\/"},{"@type":"ListItem","position":2,"name":"Nuestra profesora Mar\u00eda Llorens asiste a las Jornadas de Estilo Salesiano en Godelleta 2019"}]},{"@type":"WebSite","@id":"https:\/\/valenciasjb.salesianos.edu\/colegio\/#website","url":"https:\/\/valenciasjb.salesianos.edu\/colegio\/","name":"Colegio San Juan Bosco Valencia","description":"P\u00e1gina oficial del Colegio Salesianos San Juan Bosco Valencia","alternateName":"Salesianos.VSJB","potentialAction":[{"@type":"SearchAction","target":{"@type":"EntryPoint","urlTemplate":"https:\/\/valenciasjb.salesianos.edu\/colegio\/?s={search_term_string}"},"query-input":{"@type":"PropertyValueSpecification","valueRequired":true,"valueName":"search_term_string"}}],"inLanguage":"es"},{"@type":"Person","@id":"https:\/\/valenciasjb.salesianos.edu\/colegio\/#\/schema\/person\/1f45b67e52b27da175190a574db6bed9","name":"veronicapastor","image":{"@type":"ImageObject","inLanguage":"es","@id":"https:\/\/secure.gravatar.com\/avatar\/e29bd40bace3fd935e1d6fdb7313ffc14628cc037c5e16f4c7369b20a2a6f7f0?s=96&d=mm&r=g","url":"https:\/\/secure.gravatar.com\/avatar\/e29bd40bace3fd935e1d6fdb7313ffc14628cc037c5e16f4c7369b20a2a6f7f0?s=96&d=mm&r=g","contentUrl":"https:\/\/secure.gravatar.com\/avatar\/e29bd40bace3fd935e1d6fdb7313ffc14628cc037c5e16f4c7369b20a2a6f7f0?s=96&d=mm&r=g","caption":"veronicapastor"}}]}},"_links":{"self":[{"href":"https:\/\/valenciasjb.salesianos.edu\/colegio\/wp-json\/wp\/v2\/posts\/11308","targetHints":{"allow":["GET"]}}],"collection":[{"href":"https:\/\/valenciasjb.salesianos.edu\/colegio\/wp-json\/wp\/v2\/posts"}],"about":[{"href":"https:\/\/valenciasjb.salesianos.edu\/colegio\/wp-json\/wp\/v2\/types\/post"}],"author":[{"embeddable":true,"href":"https:\/\/valenciasjb.salesianos.edu\/colegio\/wp-json\/wp\/v2\/users\/6"}],"replies":[{"embeddable":true,"href":"https:\/\/valenciasjb.salesianos.edu\/colegio\/wp-json\/wp\/v2\/comments?post=11308"}],"version-history":[{"count":4,"href":"https:\/\/valenciasjb.salesianos.edu\/colegio\/wp-json\/wp\/v2\/posts\/11308\/revisions"}],"predecessor-version":[{"id":11319,"href":"https:\/\/valenciasjb.salesianos.edu\/colegio\/wp-json\/wp\/v2\/posts\/11308\/revisions\/11319"}],"wp:featuredmedia":[{"embeddable":true,"href":"https:\/\/valenciasjb.salesianos.edu\/colegio\/wp-json\/wp\/v2\/media\/11314"}],"wp:attachment":[{"href":"https:\/\/valenciasjb.salesianos.edu\/colegio\/wp-json\/wp\/v2\/media?parent=11308"}],"wp:term":[{"taxonomy":"category","embeddable":true,"href":"https:\/\/valenciasjb.salesianos.edu\/colegio\/wp-json\/wp\/v2\/categories?post=11308"},{"taxonomy":"post_tag","embeddable":true,"href":"https:\/\/valenciasjb.salesianos.edu\/colegio\/wp-json\/wp\/v2\/tags?post=11308"}],"curies":[{"name":"wp","href":"https:\/\/api.w.org\/{rel}","templated":true}]}}