{"id":11343,"date":"2019-10-23T14:50:50","date_gmt":"2019-10-23T13:50:50","guid":{"rendered":"https:\/\/valenciasjb.salesianos.edu\/colegio\/?p=11343"},"modified":"2019-10-23T14:56:55","modified_gmt":"2019-10-23T13:56:55","slug":"salesianos-san-juan-bosco-acoge-el-estreno-en-valencia-del-documental-de-misiones-salesianas-palabek-refugio-de-esperanza","status":"publish","type":"post","link":"https:\/\/valenciasjb.salesianos.edu\/colegio\/salesianos-san-juan-bosco-acoge-el-estreno-en-valencia-del-documental-de-misiones-salesianas-palabek-refugio-de-esperanza\/","title":{"rendered":"Salesianos San Juan Bosco acoge el estreno en Valencia del documental de Misiones Salesianas \u00abPalabek, refugio de esperanza\u00bb"},"content":{"rendered":"<div id=\"fb-root\"><\/div>\n<p>[et_pb_section fb_built=\u00bb1&#8243; admin_label=\u00bbsection\u00bb _builder_version=\u00bb3.22&#8243; fb_built=\u00bb1&#8243; bb_built=\u00bb1&#8243; _i=\u00bb0&#8243; _address=\u00bb0&#8243;][et_pb_row admin_label=\u00bbrow\u00bb _builder_version=\u00bb3.25&#8243; background_size=\u00bbinitial\u00bb background_position=\u00bbtop_left\u00bb background_repeat=\u00bbrepeat\u00bb _i=\u00bb0&#8243; _address=\u00bb0.0&#8243;][et_pb_column type=\u00bb4_4&#8243; _builder_version=\u00bb3.25&#8243; custom_padding=\u00bb|||\u00bb _i=\u00bb0&#8243; _address=\u00bb0.0.0&#8243; custom_padding__hover=\u00bb|||\u00bb][et_pb_text admin_label=\u00bbEntradilla (Texto)\u00bb _builder_version=\u00bb3.29.2&#8243; text_font=\u00bb|on|||\u00bb text_orientation=\u00bbjustified\u00bb module_alignment=\u00bbjustified\u00bb _i=\u00bb0&#8243; _address=\u00bb0.0.0.0&#8243;]<\/p>\n<div id=\"resumen\"><strong>La casa salesiana San Juan Bosco de Valencia acogi\u00f3, el martes 22 de octubre, el estreno del documental \u00abPalabek, refugio de esperanza\u00bb, en una jornada en la que, en primer lugar, asistieron alumnado de ESO y, posteriormente, a las 18 horas, se realiz\u00f3 una sesi\u00f3n abierta a toda la comunidad educativa.<br \/><\/strong><\/div>\n<div>\u00a0<\/div>\n<p>[\/et_pb_text][et_pb_text admin_label=\u00bbAutor (Texto)\u00bb _builder_version=\u00bb3.29.2&#8243; text_font=\u00bb||on||\u00bb _i=\u00bb1&#8243; _address=\u00bb0.0.0.1&#8243;]<\/p>\n<p>Redacci\u00f3n.<\/p>\n<p>[\/et_pb_text][et_pb_text admin_label=\u00bbDesarrollo (Texto)\u00bb _builder_version=\u00bb3.29.2&#8243; text_orientation=\u00bbjustified\u00bb module_alignment=\u00bbjustified\u00bb hover_enabled=\u00bb0&#8243; _i=\u00bb2&#8243; _address=\u00bb0.0.0.2&#8243;]<\/p>\n<p>Al estreno asistieron el padre Uba, misionero salesiano en Palabek (Uganda), que es el responsable principal de este proyecto, Alberto L\u00f3pez, portavoz de Misiones Salesianas y productor del documental. Tambi\u00e9n acompa\u00f1\u00f3 de Misiones Salesianas, \u00c1ngel Gudi\u00f1a.<\/p>\n<p>Fue un honor para el colegio presentar una vez m\u00e1s un nuevo documental de MISIONES SALESIANAS y J\u00d3VENES Y DESARROLLO \u2018Palabek. Refugio de esperanza\u2019, que narra la vida en un asentamiento de refugiados de Uganda y el trabajo que realizan para acoger, atender y ayudar a personas que han dejado todo atr\u00e1s.<\/p>\n<p>No podemos evitar recordar el documental que presentamos el curso pasado LOVE, sobre las ni\u00f1as de Sierra Leona en situaci\u00f3n de prostituci\u00f3n que los Salesianos rescatan de las calles. Un proyecto en el que toda la comunidad educativa de este colegio se volc\u00f3 y nos sentimos part\u00edcipes del mismo.<\/p>\n<p>La causa de este a\u00f1o es tambi\u00e9n muy urgente. M\u00e1s de 37.000 personas en el mundo se convierten en refugiados cada d\u00eda al huir de sus pa\u00edses por persecuciones, conflictos, desastres naturales&#8230; El documental refleja la vida, los dramas, los sue\u00f1os y, sobre todo, los deseos de paz de los refugiados para poder regresar a su hogar.<\/p>\n<p>Entre todo el testimonio tan inspirador del padre Uba, quiso explicar a todos los presentes que m\u00e1s all\u00e1 de la ayuda econ\u00f3mica que se puede aportar para ayudar a las escuelas que tienen en Uganda los Salesianos para formar a los ni\u00f1os y los j\u00f3venes, nos relat\u00f3 otras formas con las que podemos ayudar y que son para ellos m\u00e1s importantes. En las propias palabras del padre Uba: \u00abNos pueden ayudar a trav\u00e9s de la Oraci\u00f3n. Cuando ustedes piden por los misioneros, eso nos da una fuerza enorme\u00bb. \u00abLa segunda manera es reconocer que los buenos somos m\u00e1s. Que todos somos capaces de hacer algo bueno cada d\u00eda. Sonre\u00edr un poco m\u00e1s, dar los buenos d\u00edas a la gente, saludar a los dem\u00e1s. Anima a todos a aportar su granito de arena\u00bb. La tercera forma es irse all\u00ed. A Uganda con ellos. Asegura que nos va a cambiar la vida. Es una experiencia incre\u00edble. Muchos lo hacen. Irse a ofrecer un servicio por un tiempo. Eso te cambia la vida.<\/p>\n<div dir=\"auto\">\u00a0<\/div>\n<p>Como colegio salesiano, estamos encantados de poder contar hoy con este testimonio de primera mano. Seguro que para nuestros alumnos y alumnas y para toda la comunidad educativa supondr\u00e1 una gran experiencia que nos har\u00e1 comprometernos todav\u00eda m\u00e1s con la lucha por un mundo m\u00e1s justo y m\u00e1s fraterno para todos y todas. \u00a1So\u00f1amos juntos por un mundo mejor! \u00a1Somos uno!<\/p>\n<p>[\/et_pb_text][et_pb_text disabled_on=\u00bboff|on|on\u00bb admin_label=\u00bbT\u00edtulo: Galer\u00eda de fotos (Texto)\u00bb _builder_version=\u00bb3.27.4&#8243; text_font=\u00bb|on|||\u00bb text_text_color=\u00bb#dc001b\u00bb border_style=\u00bbsolid\u00bb _i=\u00bb3&#8243; _address=\u00bb0.0.0.3&#8243;]Galer\u00eda de im\u00e1genes[\/et_pb_text][et_pb_gallery gallery_ids=\u00bb11350,11351,11352,11353,11354,11355,11356,11357&#8243; posts_number=\u00bb8&#8243; show_title_and_caption=\u00bboff\u00bb zoom_icon_color=\u00bb#dc001b\u00bb hover_icon=\u00bb%%51%%\u00bb disabled_on=\u00bboff|off|off\u00bb _builder_version=\u00bb3.29.2&#8243; pagination_font_size_tablet=\u00bb51&#8243; pagination_line_height_tablet=\u00bb2&#8243; _i=\u00bb4&#8243; _address=\u00bb0.0.0.4&#8243;][\/et_pb_gallery][et_pb_video src=\u00bbhttps:\/\/www.youtube.com\/watch?v=YjT9wdY6M4E\u00bb disabled_on=\u00bboff|off|off\u00bb _builder_version=\u00bb3.29.2&#8243; _i=\u00bb5&#8243; _address=\u00bb0.0.0.5&#8243;][\/et_pb_video][\/et_pb_column][\/et_pb_row][\/et_pb_section]<\/p>\n<!-- AddThis Advanced Settings generic via filter on the_content --><!-- AddThis Share Buttons generic via filter on the_content -->","protected":false},"excerpt":{"rendered":"<p>La casa salesiana San Juan Bosco de Valencia acogi\u00f3, el martes 22 de octubre, el estreno del documental \u00abPalabek, refugio de esperanza\u00bb, en una jornada en la que, en primer lugar, asistieron alumnado de ESO y, posteriormente, a las 18 horas, se realiz\u00f3 una sesi\u00f3n abierta a toda la comunidad educativa. \u00a0Redacci\u00f3n.Al estreno asistieron el [&hellip;]<\/p>\n<p><!-- AddThis Advanced Settings generic via filter on get_the_excerpt --><!-- AddThis Share Buttons generic via filter on get_the_excerpt --><\/p>\n","protected":false},"author":6,"featured_media":11355,"comment_status":"closed","ping_status":"open","sticky":false,"template":"","format":"standard","meta":{"_et_pb_use_builder":"on","_et_pb_old_content":"","_et_gb_content_width":"","footnotes":""},"categories":[14],"tags":[],"class_list":["post-11343","post","type-post","status-publish","format-standard","has-post-thumbnail","hentry","category-noticia_colegio"],"yoast_head":"<!-- This site is optimized with the Yoast SEO plugin v28.4 - https:\/\/yoast.com\/product\/yoast-seo-wordpress\/ -->\n<title>Salesianos San Juan Bosco acoge el estreno en Valencia del documental de Misiones Salesianas &quot;Palabek, refugio de esperanza&quot; - Colegio San Juan Bosco Valencia<\/title>\n<meta name=\"robots\" content=\"index, follow, max-snippet:-1, max-image-preview:large, max-video-preview:-1\" \/>\n<link rel=\"canonical\" href=\"https:\/\/valenciasjb.salesianos.edu\/colegio\/salesianos-san-juan-bosco-acoge-el-estreno-en-valencia-del-documental-de-misiones-salesianas-palabek-refugio-de-esperanza\/\" \/>\n<meta property=\"og:locale\" content=\"es_ES\" \/>\n<meta property=\"og:type\" content=\"article\" \/>\n<meta property=\"og:title\" content=\"Salesianos San Juan Bosco acoge el estreno en Valencia del documental de Misiones Salesianas &quot;Palabek, refugio de esperanza&quot; - Colegio San Juan Bosco Valencia\" \/>\n<meta property=\"og:description\" content=\"La casa salesiana San Juan Bosco de Valencia acogi\u00f3, el martes 22 de octubre, el estreno del documental &quot;Palabek, refugio de esperanza&quot;, en una jornada en la que, en primer lugar, asistieron alumnado de ESO y, posteriormente, a las 18 horas, se realiz\u00f3 una sesi\u00f3n abierta a toda la comunidad educativa. \u00a0Redacci\u00f3n.Al estreno asistieron el [&hellip;]\" \/>\n<meta property=\"og:url\" content=\"https:\/\/valenciasjb.salesianos.edu\/colegio\/salesianos-san-juan-bosco-acoge-el-estreno-en-valencia-del-documental-de-misiones-salesianas-palabek-refugio-de-esperanza\/\" \/>\n<meta property=\"og:site_name\" content=\"Colegio San Juan Bosco Valencia\" \/>\n<meta property=\"article:publisher\" content=\"https:\/\/www.facebook.com\/ColegioSalesianoSanJuanBoscoValencia\" \/>\n<meta property=\"article:published_time\" content=\"2019-10-23T13:50:50+00:00\" \/>\n<meta property=\"article:modified_time\" content=\"2019-10-23T13:56:55+00:00\" \/>\n<meta property=\"og:image\" content=\"https:\/\/valenciasjb.salesianos.edu\/colegio\/wp-content\/uploads\/sites\/2\/2019\/10\/74339583_2600426329980556_7841286028114526208_n.jpg\" \/>\n\t<meta property=\"og:image:width\" content=\"960\" \/>\n\t<meta property=\"og:image:height\" content=\"720\" \/>\n\t<meta property=\"og:image:type\" content=\"image\/jpeg\" \/>\n<meta name=\"author\" content=\"veronicapastor\" \/>\n<meta name=\"twitter:card\" content=\"summary_large_image\" \/>\n<meta name=\"twitter:creator\" content=\"@SalesianosVSJB\" \/>\n<meta name=\"twitter:site\" content=\"@SalesianosVSJB\" \/>\n<meta name=\"twitter:label1\" content=\"Escrito por\" \/>\n\t<meta name=\"twitter:data1\" content=\"veronicapastor\" \/>\n\t<meta name=\"twitter:label2\" content=\"Tiempo de lectura\" \/>\n\t<meta name=\"twitter:data2\" content=\"4 minutos\" \/>\n<script type=\"application\/ld+json\" class=\"yoast-schema-graph\">{\"@context\":\"https:\\\/\\\/schema.org\",\"@graph\":[{\"@type\":\"Article\",\"@id\":\"https:\\\/\\\/valenciasjb.salesianos.edu\\\/colegio\\\/salesianos-san-juan-bosco-acoge-el-estreno-en-valencia-del-documental-de-misiones-salesianas-palabek-refugio-de-esperanza\\\/#article\",\"isPartOf\":{\"@id\":\"https:\\\/\\\/valenciasjb.salesianos.edu\\\/colegio\\\/salesianos-san-juan-bosco-acoge-el-estreno-en-valencia-del-documental-de-misiones-salesianas-palabek-refugio-de-esperanza\\\/\"},\"author\":{\"name\":\"veronicapastor\",\"@id\":\"https:\\\/\\\/valenciasjb.salesianos.edu\\\/colegio\\\/#\\\/schema\\\/person\\\/1f45b67e52b27da175190a574db6bed9\"},\"headline\":\"Salesianos San Juan Bosco acoge el estreno en Valencia del documental de Misiones Salesianas \u00abPalabek, refugio de esperanza\u00bb\",\"datePublished\":\"2019-10-23T13:50:50+00:00\",\"dateModified\":\"2019-10-23T13:56:55+00:00\",\"mainEntityOfPage\":{\"@id\":\"https:\\\/\\\/valenciasjb.salesianos.edu\\\/colegio\\\/salesianos-san-juan-bosco-acoge-el-estreno-en-valencia-del-documental-de-misiones-salesianas-palabek-refugio-de-esperanza\\\/\"},\"wordCount\":754,\"image\":{\"@id\":\"https:\\\/\\\/valenciasjb.salesianos.edu\\\/colegio\\\/salesianos-san-juan-bosco-acoge-el-estreno-en-valencia-del-documental-de-misiones-salesianas-palabek-refugio-de-esperanza\\\/#primaryimage\"},\"thumbnailUrl\":\"https:\\\/\\\/valenciasjb.salesianos.edu\\\/colegio\\\/wp-content\\\/uploads\\\/sites\\\/2\\\/2019\\\/10\\\/74339583_2600426329980556_7841286028114526208_n.jpg\",\"articleSection\":[\"Noticia Colegio\"],\"inLanguage\":\"es\"},{\"@type\":\"WebPage\",\"@id\":\"https:\\\/\\\/valenciasjb.salesianos.edu\\\/colegio\\\/salesianos-san-juan-bosco-acoge-el-estreno-en-valencia-del-documental-de-misiones-salesianas-palabek-refugio-de-esperanza\\\/\",\"url\":\"https:\\\/\\\/valenciasjb.salesianos.edu\\\/colegio\\\/salesianos-san-juan-bosco-acoge-el-estreno-en-valencia-del-documental-de-misiones-salesianas-palabek-refugio-de-esperanza\\\/\",\"name\":\"Salesianos San Juan Bosco acoge el estreno en Valencia del documental de Misiones Salesianas \\\"Palabek, refugio de esperanza\\\" - Colegio San Juan Bosco Valencia\",\"isPartOf\":{\"@id\":\"https:\\\/\\\/valenciasjb.salesianos.edu\\\/colegio\\\/#website\"},\"primaryImageOfPage\":{\"@id\":\"https:\\\/\\\/valenciasjb.salesianos.edu\\\/colegio\\\/salesianos-san-juan-bosco-acoge-el-estreno-en-valencia-del-documental-de-misiones-salesianas-palabek-refugio-de-esperanza\\\/#primaryimage\"},\"image\":{\"@id\":\"https:\\\/\\\/valenciasjb.salesianos.edu\\\/colegio\\\/salesianos-san-juan-bosco-acoge-el-estreno-en-valencia-del-documental-de-misiones-salesianas-palabek-refugio-de-esperanza\\\/#primaryimage\"},\"thumbnailUrl\":\"https:\\\/\\\/valenciasjb.salesianos.edu\\\/colegio\\\/wp-content\\\/uploads\\\/sites\\\/2\\\/2019\\\/10\\\/74339583_2600426329980556_7841286028114526208_n.jpg\",\"datePublished\":\"2019-10-23T13:50:50+00:00\",\"dateModified\":\"2019-10-23T13:56:55+00:00\",\"author\":{\"@id\":\"https:\\\/\\\/valenciasjb.salesianos.edu\\\/colegio\\\/#\\\/schema\\\/person\\\/1f45b67e52b27da175190a574db6bed9\"},\"breadcrumb\":{\"@id\":\"https:\\\/\\\/valenciasjb.salesianos.edu\\\/colegio\\\/salesianos-san-juan-bosco-acoge-el-estreno-en-valencia-del-documental-de-misiones-salesianas-palabek-refugio-de-esperanza\\\/#breadcrumb\"},\"inLanguage\":\"es\",\"potentialAction\":[{\"@type\":\"ReadAction\",\"target\":[\"https:\\\/\\\/valenciasjb.salesianos.edu\\\/colegio\\\/salesianos-san-juan-bosco-acoge-el-estreno-en-valencia-del-documental-de-misiones-salesianas-palabek-refugio-de-esperanza\\\/\"]}]},{\"@type\":\"ImageObject\",\"inLanguage\":\"es\",\"@id\":\"https:\\\/\\\/valenciasjb.salesianos.edu\\\/colegio\\\/salesianos-san-juan-bosco-acoge-el-estreno-en-valencia-del-documental-de-misiones-salesianas-palabek-refugio-de-esperanza\\\/#primaryimage\",\"url\":\"https:\\\/\\\/valenciasjb.salesianos.edu\\\/colegio\\\/wp-content\\\/uploads\\\/sites\\\/2\\\/2019\\\/10\\\/74339583_2600426329980556_7841286028114526208_n.jpg\",\"contentUrl\":\"https:\\\/\\\/valenciasjb.salesianos.edu\\\/colegio\\\/wp-content\\\/uploads\\\/sites\\\/2\\\/2019\\\/10\\\/74339583_2600426329980556_7841286028114526208_n.jpg\",\"width\":960,\"height\":720},{\"@type\":\"BreadcrumbList\",\"@id\":\"https:\\\/\\\/valenciasjb.salesianos.edu\\\/colegio\\\/salesianos-san-juan-bosco-acoge-el-estreno-en-valencia-del-documental-de-misiones-salesianas-palabek-refugio-de-esperanza\\\/#breadcrumb\",\"itemListElement\":[{\"@type\":\"ListItem\",\"position\":1,\"name\":\"Portada\",\"item\":\"https:\\\/\\\/valenciasjb.salesianos.edu\\\/colegio\\\/\"},{\"@type\":\"ListItem\",\"position\":2,\"name\":\"Salesianos San Juan Bosco acoge el estreno en Valencia del documental de Misiones Salesianas \u00abPalabek, refugio de esperanza\u00bb\"}]},{\"@type\":\"WebSite\",\"@id\":\"https:\\\/\\\/valenciasjb.salesianos.edu\\\/colegio\\\/#website\",\"url\":\"https:\\\/\\\/valenciasjb.salesianos.edu\\\/colegio\\\/\",\"name\":\"Colegio San Juan Bosco Valencia\",\"description\":\"P\u00e1gina oficial del Colegio Salesianos San Juan Bosco Valencia\",\"alternateName\":\"Salesianos.VSJB\",\"potentialAction\":[{\"@type\":\"SearchAction\",\"target\":{\"@type\":\"EntryPoint\",\"urlTemplate\":\"https:\\\/\\\/valenciasjb.salesianos.edu\\\/colegio\\\/?s={search_term_string}\"},\"query-input\":{\"@type\":\"PropertyValueSpecification\",\"valueRequired\":true,\"valueName\":\"search_term_string\"}}],\"inLanguage\":\"es\"},{\"@type\":\"Person\",\"@id\":\"https:\\\/\\\/valenciasjb.salesianos.edu\\\/colegio\\\/#\\\/schema\\\/person\\\/1f45b67e52b27da175190a574db6bed9\",\"name\":\"veronicapastor\",\"image\":{\"@type\":\"ImageObject\",\"inLanguage\":\"es\",\"@id\":\"https:\\\/\\\/secure.gravatar.com\\\/avatar\\\/e29bd40bace3fd935e1d6fdb7313ffc14628cc037c5e16f4c7369b20a2a6f7f0?s=96&d=mm&r=g\",\"url\":\"https:\\\/\\\/secure.gravatar.com\\\/avatar\\\/e29bd40bace3fd935e1d6fdb7313ffc14628cc037c5e16f4c7369b20a2a6f7f0?s=96&d=mm&r=g\",\"contentUrl\":\"https:\\\/\\\/secure.gravatar.com\\\/avatar\\\/e29bd40bace3fd935e1d6fdb7313ffc14628cc037c5e16f4c7369b20a2a6f7f0?s=96&d=mm&r=g\",\"caption\":\"veronicapastor\"}}]}<\/script>\n<!-- \/ Yoast SEO plugin. -->","yoast_head_json":{"title":"Salesianos San Juan Bosco acoge el estreno en Valencia del documental de Misiones Salesianas \"Palabek, refugio de esperanza\" - Colegio San Juan Bosco Valencia","robots":{"index":"index","follow":"follow","max-snippet":"max-snippet:-1","max-image-preview":"max-image-preview:large","max-video-preview":"max-video-preview:-1"},"canonical":"https:\/\/valenciasjb.salesianos.edu\/colegio\/salesianos-san-juan-bosco-acoge-el-estreno-en-valencia-del-documental-de-misiones-salesianas-palabek-refugio-de-esperanza\/","og_locale":"es_ES","og_type":"article","og_title":"Salesianos San Juan Bosco acoge el estreno en Valencia del documental de Misiones Salesianas \"Palabek, refugio de esperanza\" - Colegio San Juan Bosco Valencia","og_description":"La casa salesiana San Juan Bosco de Valencia acogi\u00f3, el martes 22 de octubre, el estreno del documental \"Palabek, refugio de esperanza\", en una jornada en la que, en primer lugar, asistieron alumnado de ESO y, posteriormente, a las 18 horas, se realiz\u00f3 una sesi\u00f3n abierta a toda la comunidad educativa. \u00a0Redacci\u00f3n.Al estreno asistieron el [&hellip;]","og_url":"https:\/\/valenciasjb.salesianos.edu\/colegio\/salesianos-san-juan-bosco-acoge-el-estreno-en-valencia-del-documental-de-misiones-salesianas-palabek-refugio-de-esperanza\/","og_site_name":"Colegio San Juan Bosco Valencia","article_publisher":"https:\/\/www.facebook.com\/ColegioSalesianoSanJuanBoscoValencia","article_published_time":"2019-10-23T13:50:50+00:00","article_modified_time":"2019-10-23T13:56:55+00:00","og_image":[{"width":960,"height":720,"url":"https:\/\/valenciasjb.salesianos.edu\/colegio\/wp-content\/uploads\/sites\/2\/2019\/10\/74339583_2600426329980556_7841286028114526208_n.jpg","type":"image\/jpeg"}],"author":"veronicapastor","twitter_card":"summary_large_image","twitter_creator":"@SalesianosVSJB","twitter_site":"@SalesianosVSJB","twitter_misc":{"Escrito por":"veronicapastor","Tiempo de lectura":"4 minutos"},"schema":{"@context":"https:\/\/schema.org","@graph":[{"@type":"Article","@id":"https:\/\/valenciasjb.salesianos.edu\/colegio\/salesianos-san-juan-bosco-acoge-el-estreno-en-valencia-del-documental-de-misiones-salesianas-palabek-refugio-de-esperanza\/#article","isPartOf":{"@id":"https:\/\/valenciasjb.salesianos.edu\/colegio\/salesianos-san-juan-bosco-acoge-el-estreno-en-valencia-del-documental-de-misiones-salesianas-palabek-refugio-de-esperanza\/"},"author":{"name":"veronicapastor","@id":"https:\/\/valenciasjb.salesianos.edu\/colegio\/#\/schema\/person\/1f45b67e52b27da175190a574db6bed9"},"headline":"Salesianos San Juan Bosco acoge el estreno en Valencia del documental de Misiones Salesianas \u00abPalabek, refugio de esperanza\u00bb","datePublished":"2019-10-23T13:50:50+00:00","dateModified":"2019-10-23T13:56:55+00:00","mainEntityOfPage":{"@id":"https:\/\/valenciasjb.salesianos.edu\/colegio\/salesianos-san-juan-bosco-acoge-el-estreno-en-valencia-del-documental-de-misiones-salesianas-palabek-refugio-de-esperanza\/"},"wordCount":754,"image":{"@id":"https:\/\/valenciasjb.salesianos.edu\/colegio\/salesianos-san-juan-bosco-acoge-el-estreno-en-valencia-del-documental-de-misiones-salesianas-palabek-refugio-de-esperanza\/#primaryimage"},"thumbnailUrl":"https:\/\/valenciasjb.salesianos.edu\/colegio\/wp-content\/uploads\/sites\/2\/2019\/10\/74339583_2600426329980556_7841286028114526208_n.jpg","articleSection":["Noticia Colegio"],"inLanguage":"es"},{"@type":"WebPage","@id":"https:\/\/valenciasjb.salesianos.edu\/colegio\/salesianos-san-juan-bosco-acoge-el-estreno-en-valencia-del-documental-de-misiones-salesianas-palabek-refugio-de-esperanza\/","url":"https:\/\/valenciasjb.salesianos.edu\/colegio\/salesianos-san-juan-bosco-acoge-el-estreno-en-valencia-del-documental-de-misiones-salesianas-palabek-refugio-de-esperanza\/","name":"Salesianos San Juan Bosco acoge el estreno en Valencia del documental de Misiones Salesianas \"Palabek, refugio de esperanza\" - Colegio San Juan Bosco Valencia","isPartOf":{"@id":"https:\/\/valenciasjb.salesianos.edu\/colegio\/#website"},"primaryImageOfPage":{"@id":"https:\/\/valenciasjb.salesianos.edu\/colegio\/salesianos-san-juan-bosco-acoge-el-estreno-en-valencia-del-documental-de-misiones-salesianas-palabek-refugio-de-esperanza\/#primaryimage"},"image":{"@id":"https:\/\/valenciasjb.salesianos.edu\/colegio\/salesianos-san-juan-bosco-acoge-el-estreno-en-valencia-del-documental-de-misiones-salesianas-palabek-refugio-de-esperanza\/#primaryimage"},"thumbnailUrl":"https:\/\/valenciasjb.salesianos.edu\/colegio\/wp-content\/uploads\/sites\/2\/2019\/10\/74339583_2600426329980556_7841286028114526208_n.jpg","datePublished":"2019-10-23T13:50:50+00:00","dateModified":"2019-10-23T13:56:55+00:00","author":{"@id":"https:\/\/valenciasjb.salesianos.edu\/colegio\/#\/schema\/person\/1f45b67e52b27da175190a574db6bed9"},"breadcrumb":{"@id":"https:\/\/valenciasjb.salesianos.edu\/colegio\/salesianos-san-juan-bosco-acoge-el-estreno-en-valencia-del-documental-de-misiones-salesianas-palabek-refugio-de-esperanza\/#breadcrumb"},"inLanguage":"es","potentialAction":[{"@type":"ReadAction","target":["https:\/\/valenciasjb.salesianos.edu\/colegio\/salesianos-san-juan-bosco-acoge-el-estreno-en-valencia-del-documental-de-misiones-salesianas-palabek-refugio-de-esperanza\/"]}]},{"@type":"ImageObject","inLanguage":"es","@id":"https:\/\/valenciasjb.salesianos.edu\/colegio\/salesianos-san-juan-bosco-acoge-el-estreno-en-valencia-del-documental-de-misiones-salesianas-palabek-refugio-de-esperanza\/#primaryimage","url":"https:\/\/valenciasjb.salesianos.edu\/colegio\/wp-content\/uploads\/sites\/2\/2019\/10\/74339583_2600426329980556_7841286028114526208_n.jpg","contentUrl":"https:\/\/valenciasjb.salesianos.edu\/colegio\/wp-content\/uploads\/sites\/2\/2019\/10\/74339583_2600426329980556_7841286028114526208_n.jpg","width":960,"height":720},{"@type":"BreadcrumbList","@id":"https:\/\/valenciasjb.salesianos.edu\/colegio\/salesianos-san-juan-bosco-acoge-el-estreno-en-valencia-del-documental-de-misiones-salesianas-palabek-refugio-de-esperanza\/#breadcrumb","itemListElement":[{"@type":"ListItem","position":1,"name":"Portada","item":"https:\/\/valenciasjb.salesianos.edu\/colegio\/"},{"@type":"ListItem","position":2,"name":"Salesianos San Juan Bosco acoge el estreno en Valencia del documental de Misiones Salesianas \u00abPalabek, refugio de esperanza\u00bb"}]},{"@type":"WebSite","@id":"https:\/\/valenciasjb.salesianos.edu\/colegio\/#website","url":"https:\/\/valenciasjb.salesianos.edu\/colegio\/","name":"Colegio San Juan Bosco Valencia","description":"P\u00e1gina oficial del Colegio Salesianos San Juan Bosco Valencia","alternateName":"Salesianos.VSJB","potentialAction":[{"@type":"SearchAction","target":{"@type":"EntryPoint","urlTemplate":"https:\/\/valenciasjb.salesianos.edu\/colegio\/?s={search_term_string}"},"query-input":{"@type":"PropertyValueSpecification","valueRequired":true,"valueName":"search_term_string"}}],"inLanguage":"es"},{"@type":"Person","@id":"https:\/\/valenciasjb.salesianos.edu\/colegio\/#\/schema\/person\/1f45b67e52b27da175190a574db6bed9","name":"veronicapastor","image":{"@type":"ImageObject","inLanguage":"es","@id":"https:\/\/secure.gravatar.com\/avatar\/e29bd40bace3fd935e1d6fdb7313ffc14628cc037c5e16f4c7369b20a2a6f7f0?s=96&d=mm&r=g","url":"https:\/\/secure.gravatar.com\/avatar\/e29bd40bace3fd935e1d6fdb7313ffc14628cc037c5e16f4c7369b20a2a6f7f0?s=96&d=mm&r=g","contentUrl":"https:\/\/secure.gravatar.com\/avatar\/e29bd40bace3fd935e1d6fdb7313ffc14628cc037c5e16f4c7369b20a2a6f7f0?s=96&d=mm&r=g","caption":"veronicapastor"}}]}},"_links":{"self":[{"href":"https:\/\/valenciasjb.salesianos.edu\/colegio\/wp-json\/wp\/v2\/posts\/11343","targetHints":{"allow":["GET"]}}],"collection":[{"href":"https:\/\/valenciasjb.salesianos.edu\/colegio\/wp-json\/wp\/v2\/posts"}],"about":[{"href":"https:\/\/valenciasjb.salesianos.edu\/colegio\/wp-json\/wp\/v2\/types\/post"}],"author":[{"embeddable":true,"href":"https:\/\/valenciasjb.salesianos.edu\/colegio\/wp-json\/wp\/v2\/users\/6"}],"replies":[{"embeddable":true,"href":"https:\/\/valenciasjb.salesianos.edu\/colegio\/wp-json\/wp\/v2\/comments?post=11343"}],"version-history":[{"count":6,"href":"https:\/\/valenciasjb.salesianos.edu\/colegio\/wp-json\/wp\/v2\/posts\/11343\/revisions"}],"predecessor-version":[{"id":11368,"href":"https:\/\/valenciasjb.salesianos.edu\/colegio\/wp-json\/wp\/v2\/posts\/11343\/revisions\/11368"}],"wp:featuredmedia":[{"embeddable":true,"href":"https:\/\/valenciasjb.salesianos.edu\/colegio\/wp-json\/wp\/v2\/media\/11355"}],"wp:attachment":[{"href":"https:\/\/valenciasjb.salesianos.edu\/colegio\/wp-json\/wp\/v2\/media?parent=11343"}],"wp:term":[{"taxonomy":"category","embeddable":true,"href":"https:\/\/valenciasjb.salesianos.edu\/colegio\/wp-json\/wp\/v2\/categories?post=11343"},{"taxonomy":"post_tag","embeddable":true,"href":"https:\/\/valenciasjb.salesianos.edu\/colegio\/wp-json\/wp\/v2\/tags?post=11343"}],"curies":[{"name":"wp","href":"https:\/\/api.w.org\/{rel}","templated":true}]}}