{"id":11369,"date":"2019-10-23T21:08:51","date_gmt":"2019-10-23T20:08:51","guid":{"rendered":"https:\/\/valenciasjb.salesianos.edu\/colegio\/?p=11369"},"modified":"2019-10-23T21:10:27","modified_gmt":"2019-10-23T20:10:27","slug":"el-colegio-recibe-el-premio-ciudadanos-que-promueve-una-sociedad-en-valores-2","status":"publish","type":"post","link":"https:\/\/valenciasjb.salesianos.edu\/colegio\/el-colegio-recibe-el-premio-ciudadanos-que-promueve-una-sociedad-en-valores-2\/","title":{"rendered":"El Colegio recibe el Premio CIUDADANOS que promueve una sociedad en valores"},"content":{"rendered":"<div id=\"fb-root\"><\/div>\n<p>[et_pb_section fb_built=\u00bb1&#8243; admin_label=\u00bbsection\u00bb _builder_version=\u00bb3.22&#8243; fb_built=\u00bb1&#8243; bb_built=\u00bb1&#8243; _i=\u00bb0&#8243; _address=\u00bb0&#8243;][et_pb_row admin_label=\u00bbrow\u00bb _builder_version=\u00bb3.25&#8243; background_size=\u00bbinitial\u00bb background_position=\u00bbtop_left\u00bb background_repeat=\u00bbrepeat\u00bb _i=\u00bb0&#8243; _address=\u00bb0.0&#8243;][et_pb_column type=\u00bb4_4&#8243; _builder_version=\u00bb3.25&#8243; custom_padding=\u00bb|||\u00bb _i=\u00bb0&#8243; _address=\u00bb0.0.0&#8243; custom_padding__hover=\u00bb|||\u00bb][et_pb_text admin_label=\u00bbEntradilla (Texto)\u00bb _builder_version=\u00bb3.29.2&#8243; text_font=\u00bb|on|||\u00bb text_orientation=\u00bbjustified\u00bb module_alignment=\u00bbjustified\u00bb _i=\u00bb0&#8243; _address=\u00bb0.0.0.0&#8243;]<\/p>\n<div id=\"resumen\">\n<div class=\"et_pb_module et_pb_text et_pb_text_2 et_pb_bg_layout_light  et_pb_text_align_justified\">\n<div class=\"et_pb_text_inner\">\n<p>El acto de entrega tendr\u00e1 lugar el jueves 24 de octubre, a las 17.30, en el Sal\u00f3n de Actos de la Secretar\u00eda de Estado para el Avance Digital, en Madrid. El evento podr\u00e1, adem\u00e1s, seguirse en directo en streaming, a trav\u00e9s del siguiente enlace, del Canal de YouTube del Ministerio de Industria, Comercio y Turismo: <a href=\"https:\/\/www.youtube.com\/channel\/UCfUiR6m7Vh9BmUEe9tdsTnw?reload=9\">https:\/\/www.youtube.com\/channel\/UCfUiR6m7Vh9BmUEe9tdsTnw?reload=9<\/a><\/p>\n<\/div>\n<\/div>\n<div class=\"et_pb_module et_pb_gallery et_pb_gallery_0 et_pb_bg_layout_light  et_pb_gallery_grid\">\n<div class=\"et_pb_gallery_items et_post_gallery clearfix\">\n<div class=\"et_pb_gallery_item et_pb_grid_item et_pb_bg_layout_light first_in_row on_last_row\">\u00a0<\/div>\n<\/div>\n<\/div>\n<\/div>\n<div>\u00a0<\/div>\n<p>[\/et_pb_text][et_pb_text admin_label=\u00bbAutor (Texto)\u00bb _builder_version=\u00bb3.29.2&#8243; text_font=\u00bb||on||\u00bb _i=\u00bb1&#8243; _address=\u00bb0.0.0.1&#8243;]<\/p>\n<p>Redacci\u00f3n.<\/p>\n<p>[\/et_pb_text][et_pb_text admin_label=\u00bbDesarrollo (Texto)\u00bb _builder_version=\u00bb3.29.2&#8243; text_orientation=\u00bbjustified\u00bb module_alignment=\u00bbjustified\u00bb _i=\u00bb2&#8243; _address=\u00bb0.0.0.2&#8243;]<\/p>\n<p>La Asociaci\u00f3n Premios CIUDADANOS, entidad sin \u00e1nimo de lucro, dio a conocer el Fallo del Jurado, en Madrid a 14 de octubre de 2019. Reunido el Jurado, presidido por D. Manuel N\u00fa\u00f1ez Encabo, concedieron los premios CIUDADANOS en la convocatoria de la XXV Edici\u00f3n: \u201cUna Sociedad en Valores\u201d.<\/p>\n<p>\u200bEl Colegio Salesiano San Juan Bosco de Valencia ha recibido el premio en reconocimiento a su trayectoria como centro educativo comprometido en fomentar una educaci\u00f3n integral que propone la excelencia inclusiva para todos. Por sus innovaciones pedag\u00f3gicas a trav\u00e9s del juego, el teatro, la m\u00fasica, el deporte, los audiovisuales y la educaci\u00f3n en el tiempo libre. Por concretar el proyecto educativo de Don Bosco en bien de la sociedad, de las familias y de los j\u00f3venes de las clases populares.<\/p>\n<p>[\/et_pb_text][et_pb_text disabled_on=\u00bboff|on|on\u00bb admin_label=\u00bbT\u00edtulo: Galer\u00eda de fotos (Texto)\u00bb _builder_version=\u00bb3.27.4&#8243; text_font=\u00bb|on|||\u00bb text_text_color=\u00bb#dc001b\u00bb border_style=\u00bbsolid\u00bb _i=\u00bb3&#8243; _address=\u00bb0.0.0.3&#8243;]Galer\u00eda de im\u00e1genes<br \/>\n[\/et_pb_text][et_pb_gallery posts_number=\u00bb8&#8243; show_title_and_caption=\u00bboff\u00bb zoom_icon_color=\u00bb#dc001b\u00bb hover_icon=\u00bb%%51%%\u00bb disabled_on=\u00bboff|off|off\u00bb _builder_version=\u00bb3.29.2&#8243; pagination_font_size_tablet=\u00bb51&#8243; pagination_line_height_tablet=\u00bb2&#8243; _i=\u00bb4&#8243; _address=\u00bb0.0.0.4&#8243;][\/et_pb_gallery][et_pb_video disabled_on=\u00bbon|on|on\u00bb _builder_version=\u00bb3.0.51&#8243; disabled=\u00bbon\u00bb _i=\u00bb5&#8243; _address=\u00bb0.0.0.5&#8243;][\/et_pb_video][\/et_pb_column][\/et_pb_row][\/et_pb_section][et_pb_section fb_built=\u00bb1&#8243; _builder_version=\u00bb3.29.2&#8243; fb_built=\u00bb1&#8243; _i=\u00bb1&#8243; _address=\u00bb1&#8243;][et_pb_row _builder_version=\u00bb3.29.2&#8243; _i=\u00bb0&#8243; _address=\u00bb1.0&#8243;][et_pb_column type=\u00bb4_4&#8243; _builder_version=\u00bb3.29.2&#8243; _i=\u00bb0&#8243; _address=\u00bb1.0.0&#8243;][et_pb_image src=\u00bbhttps:\/\/valenciasjb.salesianos.edu\/colegio\/wp-content\/uploads\/sites\/2\/2019\/10\/sketch-1571860614883.jpg\u00bb _builder_version=\u00bb3.29.2&#8243; _i=\u00bb0&#8243; _address=\u00bb1.0.0.0&#8243;][\/et_pb_image][\/et_pb_column][\/et_pb_row][\/et_pb_section]<\/p>\n<!-- AddThis Advanced Settings generic via filter on the_content --><!-- AddThis Share Buttons generic via filter on the_content -->","protected":false},"excerpt":{"rendered":"<p>El acto de entrega tendr\u00e1 lugar el jueves 24 de octubre, a las 17.30, en el Sal\u00f3n de Actos de la Secretar\u00eda de Estado para el Avance Digital, en Madrid. El evento podr\u00e1, adem\u00e1s, seguirse en directo en streaming, a trav\u00e9s del siguiente enlace, del Canal de YouTube del Ministerio de Industria, Comercio y Turismo: [&hellip;]<\/p>\n<p><!-- AddThis Advanced Settings generic via filter on get_the_excerpt --><!-- AddThis Share Buttons generic via filter on get_the_excerpt --><\/p>\n","protected":false},"author":6,"featured_media":11377,"comment_status":"closed","ping_status":"open","sticky":false,"template":"","format":"standard","meta":{"_et_pb_use_builder":"on","_et_pb_old_content":"","_et_gb_content_width":"","footnotes":""},"categories":[14],"tags":[],"class_list":["post-11369","post","type-post","status-publish","format-standard","has-post-thumbnail","hentry","category-noticia_colegio"],"yoast_head":"<!-- This site is optimized with the Yoast SEO plugin v28.4 - https:\/\/yoast.com\/product\/yoast-seo-wordpress\/ -->\n<title>El Colegio recibe el Premio CIUDADANOS que promueve una sociedad en valores - Colegio San Juan Bosco Valencia<\/title>\n<meta name=\"robots\" content=\"index, follow, max-snippet:-1, max-image-preview:large, max-video-preview:-1\" \/>\n<link rel=\"canonical\" href=\"https:\/\/valenciasjb.salesianos.edu\/colegio\/el-colegio-recibe-el-premio-ciudadanos-que-promueve-una-sociedad-en-valores-2\/\" \/>\n<meta property=\"og:locale\" content=\"es_ES\" \/>\n<meta property=\"og:type\" content=\"article\" \/>\n<meta property=\"og:title\" content=\"El Colegio recibe el Premio CIUDADANOS que promueve una sociedad en valores - Colegio San Juan Bosco Valencia\" \/>\n<meta property=\"og:description\" content=\"El acto de entrega tendr\u00e1 lugar el jueves 24 de octubre, a las 17.30, en el Sal\u00f3n de Actos de la Secretar\u00eda de Estado para el Avance Digital, en Madrid. El evento podr\u00e1, adem\u00e1s, seguirse en directo en streaming, a trav\u00e9s del siguiente enlace, del Canal de YouTube del Ministerio de Industria, Comercio y Turismo: [&hellip;]\" \/>\n<meta property=\"og:url\" content=\"https:\/\/valenciasjb.salesianos.edu\/colegio\/el-colegio-recibe-el-premio-ciudadanos-que-promueve-una-sociedad-en-valores-2\/\" \/>\n<meta property=\"og:site_name\" content=\"Colegio San Juan Bosco Valencia\" \/>\n<meta property=\"article:publisher\" content=\"https:\/\/www.facebook.com\/ColegioSalesianoSanJuanBoscoValencia\" \/>\n<meta property=\"article:published_time\" content=\"2019-10-23T20:08:51+00:00\" \/>\n<meta property=\"article:modified_time\" content=\"2019-10-23T20:10:27+00:00\" \/>\n<meta property=\"og:image\" content=\"https:\/\/valenciasjb.salesianos.edu\/colegio\/wp-content\/uploads\/sites\/2\/2019\/10\/gala9-1.jpg\" \/>\n\t<meta property=\"og:image:width\" content=\"560\" \/>\n\t<meta property=\"og:image:height\" content=\"315\" \/>\n\t<meta property=\"og:image:type\" content=\"image\/jpeg\" \/>\n<meta name=\"author\" content=\"veronicapastor\" \/>\n<meta name=\"twitter:card\" content=\"summary_large_image\" \/>\n<meta name=\"twitter:creator\" content=\"@SalesianosVSJB\" \/>\n<meta name=\"twitter:site\" content=\"@SalesianosVSJB\" \/>\n<meta name=\"twitter:label1\" content=\"Escrito por\" \/>\n\t<meta name=\"twitter:data1\" content=\"veronicapastor\" \/>\n\t<meta name=\"twitter:label2\" content=\"Tiempo de lectura\" \/>\n\t<meta name=\"twitter:data2\" content=\"2 minutos\" \/>\n<script type=\"application\/ld+json\" class=\"yoast-schema-graph\">{\"@context\":\"https:\\\/\\\/schema.org\",\"@graph\":[{\"@type\":\"Article\",\"@id\":\"https:\\\/\\\/valenciasjb.salesianos.edu\\\/colegio\\\/el-colegio-recibe-el-premio-ciudadanos-que-promueve-una-sociedad-en-valores-2\\\/#article\",\"isPartOf\":{\"@id\":\"https:\\\/\\\/valenciasjb.salesianos.edu\\\/colegio\\\/el-colegio-recibe-el-premio-ciudadanos-que-promueve-una-sociedad-en-valores-2\\\/\"},\"author\":{\"name\":\"veronicapastor\",\"@id\":\"https:\\\/\\\/valenciasjb.salesianos.edu\\\/colegio\\\/#\\\/schema\\\/person\\\/1f45b67e52b27da175190a574db6bed9\"},\"headline\":\"El Colegio recibe el Premio CIUDADANOS que promueve una sociedad en valores\",\"datePublished\":\"2019-10-23T20:08:51+00:00\",\"dateModified\":\"2019-10-23T20:10:27+00:00\",\"mainEntityOfPage\":{\"@id\":\"https:\\\/\\\/valenciasjb.salesianos.edu\\\/colegio\\\/el-colegio-recibe-el-premio-ciudadanos-que-promueve-una-sociedad-en-valores-2\\\/\"},\"wordCount\":485,\"image\":{\"@id\":\"https:\\\/\\\/valenciasjb.salesianos.edu\\\/colegio\\\/el-colegio-recibe-el-premio-ciudadanos-que-promueve-una-sociedad-en-valores-2\\\/#primaryimage\"},\"thumbnailUrl\":\"https:\\\/\\\/valenciasjb.salesianos.edu\\\/colegio\\\/wp-content\\\/uploads\\\/sites\\\/2\\\/2019\\\/10\\\/gala9-1.jpg\",\"articleSection\":[\"Noticia Colegio\"],\"inLanguage\":\"es\"},{\"@type\":\"WebPage\",\"@id\":\"https:\\\/\\\/valenciasjb.salesianos.edu\\\/colegio\\\/el-colegio-recibe-el-premio-ciudadanos-que-promueve-una-sociedad-en-valores-2\\\/\",\"url\":\"https:\\\/\\\/valenciasjb.salesianos.edu\\\/colegio\\\/el-colegio-recibe-el-premio-ciudadanos-que-promueve-una-sociedad-en-valores-2\\\/\",\"name\":\"El Colegio recibe el Premio CIUDADANOS que promueve una sociedad en valores - Colegio San Juan Bosco Valencia\",\"isPartOf\":{\"@id\":\"https:\\\/\\\/valenciasjb.salesianos.edu\\\/colegio\\\/#website\"},\"primaryImageOfPage\":{\"@id\":\"https:\\\/\\\/valenciasjb.salesianos.edu\\\/colegio\\\/el-colegio-recibe-el-premio-ciudadanos-que-promueve-una-sociedad-en-valores-2\\\/#primaryimage\"},\"image\":{\"@id\":\"https:\\\/\\\/valenciasjb.salesianos.edu\\\/colegio\\\/el-colegio-recibe-el-premio-ciudadanos-que-promueve-una-sociedad-en-valores-2\\\/#primaryimage\"},\"thumbnailUrl\":\"https:\\\/\\\/valenciasjb.salesianos.edu\\\/colegio\\\/wp-content\\\/uploads\\\/sites\\\/2\\\/2019\\\/10\\\/gala9-1.jpg\",\"datePublished\":\"2019-10-23T20:08:51+00:00\",\"dateModified\":\"2019-10-23T20:10:27+00:00\",\"author\":{\"@id\":\"https:\\\/\\\/valenciasjb.salesianos.edu\\\/colegio\\\/#\\\/schema\\\/person\\\/1f45b67e52b27da175190a574db6bed9\"},\"breadcrumb\":{\"@id\":\"https:\\\/\\\/valenciasjb.salesianos.edu\\\/colegio\\\/el-colegio-recibe-el-premio-ciudadanos-que-promueve-una-sociedad-en-valores-2\\\/#breadcrumb\"},\"inLanguage\":\"es\",\"potentialAction\":[{\"@type\":\"ReadAction\",\"target\":[\"https:\\\/\\\/valenciasjb.salesianos.edu\\\/colegio\\\/el-colegio-recibe-el-premio-ciudadanos-que-promueve-una-sociedad-en-valores-2\\\/\"]}]},{\"@type\":\"ImageObject\",\"inLanguage\":\"es\",\"@id\":\"https:\\\/\\\/valenciasjb.salesianos.edu\\\/colegio\\\/el-colegio-recibe-el-premio-ciudadanos-que-promueve-una-sociedad-en-valores-2\\\/#primaryimage\",\"url\":\"https:\\\/\\\/valenciasjb.salesianos.edu\\\/colegio\\\/wp-content\\\/uploads\\\/sites\\\/2\\\/2019\\\/10\\\/gala9-1.jpg\",\"contentUrl\":\"https:\\\/\\\/valenciasjb.salesianos.edu\\\/colegio\\\/wp-content\\\/uploads\\\/sites\\\/2\\\/2019\\\/10\\\/gala9-1.jpg\",\"width\":560,\"height\":315},{\"@type\":\"BreadcrumbList\",\"@id\":\"https:\\\/\\\/valenciasjb.salesianos.edu\\\/colegio\\\/el-colegio-recibe-el-premio-ciudadanos-que-promueve-una-sociedad-en-valores-2\\\/#breadcrumb\",\"itemListElement\":[{\"@type\":\"ListItem\",\"position\":1,\"name\":\"Portada\",\"item\":\"https:\\\/\\\/valenciasjb.salesianos.edu\\\/colegio\\\/\"},{\"@type\":\"ListItem\",\"position\":2,\"name\":\"El Colegio recibe el Premio CIUDADANOS que promueve una sociedad en valores\"}]},{\"@type\":\"WebSite\",\"@id\":\"https:\\\/\\\/valenciasjb.salesianos.edu\\\/colegio\\\/#website\",\"url\":\"https:\\\/\\\/valenciasjb.salesianos.edu\\\/colegio\\\/\",\"name\":\"Colegio San Juan Bosco Valencia\",\"description\":\"P\u00e1gina oficial del Colegio Salesianos San Juan Bosco Valencia\",\"alternateName\":\"Salesianos.VSJB\",\"potentialAction\":[{\"@type\":\"SearchAction\",\"target\":{\"@type\":\"EntryPoint\",\"urlTemplate\":\"https:\\\/\\\/valenciasjb.salesianos.edu\\\/colegio\\\/?s={search_term_string}\"},\"query-input\":{\"@type\":\"PropertyValueSpecification\",\"valueRequired\":true,\"valueName\":\"search_term_string\"}}],\"inLanguage\":\"es\"},{\"@type\":\"Person\",\"@id\":\"https:\\\/\\\/valenciasjb.salesianos.edu\\\/colegio\\\/#\\\/schema\\\/person\\\/1f45b67e52b27da175190a574db6bed9\",\"name\":\"veronicapastor\",\"image\":{\"@type\":\"ImageObject\",\"inLanguage\":\"es\",\"@id\":\"https:\\\/\\\/secure.gravatar.com\\\/avatar\\\/e29bd40bace3fd935e1d6fdb7313ffc14628cc037c5e16f4c7369b20a2a6f7f0?s=96&d=mm&r=g\",\"url\":\"https:\\\/\\\/secure.gravatar.com\\\/avatar\\\/e29bd40bace3fd935e1d6fdb7313ffc14628cc037c5e16f4c7369b20a2a6f7f0?s=96&d=mm&r=g\",\"contentUrl\":\"https:\\\/\\\/secure.gravatar.com\\\/avatar\\\/e29bd40bace3fd935e1d6fdb7313ffc14628cc037c5e16f4c7369b20a2a6f7f0?s=96&d=mm&r=g\",\"caption\":\"veronicapastor\"}}]}<\/script>\n<!-- \/ Yoast SEO plugin. -->","yoast_head_json":{"title":"El Colegio recibe el Premio CIUDADANOS que promueve una sociedad en valores - Colegio San Juan Bosco Valencia","robots":{"index":"index","follow":"follow","max-snippet":"max-snippet:-1","max-image-preview":"max-image-preview:large","max-video-preview":"max-video-preview:-1"},"canonical":"https:\/\/valenciasjb.salesianos.edu\/colegio\/el-colegio-recibe-el-premio-ciudadanos-que-promueve-una-sociedad-en-valores-2\/","og_locale":"es_ES","og_type":"article","og_title":"El Colegio recibe el Premio CIUDADANOS que promueve una sociedad en valores - Colegio San Juan Bosco Valencia","og_description":"El acto de entrega tendr\u00e1 lugar el jueves 24 de octubre, a las 17.30, en el Sal\u00f3n de Actos de la Secretar\u00eda de Estado para el Avance Digital, en Madrid. El evento podr\u00e1, adem\u00e1s, seguirse en directo en streaming, a trav\u00e9s del siguiente enlace, del Canal de YouTube del Ministerio de Industria, Comercio y Turismo: [&hellip;]","og_url":"https:\/\/valenciasjb.salesianos.edu\/colegio\/el-colegio-recibe-el-premio-ciudadanos-que-promueve-una-sociedad-en-valores-2\/","og_site_name":"Colegio San Juan Bosco Valencia","article_publisher":"https:\/\/www.facebook.com\/ColegioSalesianoSanJuanBoscoValencia","article_published_time":"2019-10-23T20:08:51+00:00","article_modified_time":"2019-10-23T20:10:27+00:00","og_image":[{"width":560,"height":315,"url":"https:\/\/valenciasjb.salesianos.edu\/colegio\/wp-content\/uploads\/sites\/2\/2019\/10\/gala9-1.jpg","type":"image\/jpeg"}],"author":"veronicapastor","twitter_card":"summary_large_image","twitter_creator":"@SalesianosVSJB","twitter_site":"@SalesianosVSJB","twitter_misc":{"Escrito por":"veronicapastor","Tiempo de lectura":"2 minutos"},"schema":{"@context":"https:\/\/schema.org","@graph":[{"@type":"Article","@id":"https:\/\/valenciasjb.salesianos.edu\/colegio\/el-colegio-recibe-el-premio-ciudadanos-que-promueve-una-sociedad-en-valores-2\/#article","isPartOf":{"@id":"https:\/\/valenciasjb.salesianos.edu\/colegio\/el-colegio-recibe-el-premio-ciudadanos-que-promueve-una-sociedad-en-valores-2\/"},"author":{"name":"veronicapastor","@id":"https:\/\/valenciasjb.salesianos.edu\/colegio\/#\/schema\/person\/1f45b67e52b27da175190a574db6bed9"},"headline":"El Colegio recibe el Premio CIUDADANOS que promueve una sociedad en valores","datePublished":"2019-10-23T20:08:51+00:00","dateModified":"2019-10-23T20:10:27+00:00","mainEntityOfPage":{"@id":"https:\/\/valenciasjb.salesianos.edu\/colegio\/el-colegio-recibe-el-premio-ciudadanos-que-promueve-una-sociedad-en-valores-2\/"},"wordCount":485,"image":{"@id":"https:\/\/valenciasjb.salesianos.edu\/colegio\/el-colegio-recibe-el-premio-ciudadanos-que-promueve-una-sociedad-en-valores-2\/#primaryimage"},"thumbnailUrl":"https:\/\/valenciasjb.salesianos.edu\/colegio\/wp-content\/uploads\/sites\/2\/2019\/10\/gala9-1.jpg","articleSection":["Noticia Colegio"],"inLanguage":"es"},{"@type":"WebPage","@id":"https:\/\/valenciasjb.salesianos.edu\/colegio\/el-colegio-recibe-el-premio-ciudadanos-que-promueve-una-sociedad-en-valores-2\/","url":"https:\/\/valenciasjb.salesianos.edu\/colegio\/el-colegio-recibe-el-premio-ciudadanos-que-promueve-una-sociedad-en-valores-2\/","name":"El Colegio recibe el Premio CIUDADANOS que promueve una sociedad en valores - Colegio San Juan Bosco Valencia","isPartOf":{"@id":"https:\/\/valenciasjb.salesianos.edu\/colegio\/#website"},"primaryImageOfPage":{"@id":"https:\/\/valenciasjb.salesianos.edu\/colegio\/el-colegio-recibe-el-premio-ciudadanos-que-promueve-una-sociedad-en-valores-2\/#primaryimage"},"image":{"@id":"https:\/\/valenciasjb.salesianos.edu\/colegio\/el-colegio-recibe-el-premio-ciudadanos-que-promueve-una-sociedad-en-valores-2\/#primaryimage"},"thumbnailUrl":"https:\/\/valenciasjb.salesianos.edu\/colegio\/wp-content\/uploads\/sites\/2\/2019\/10\/gala9-1.jpg","datePublished":"2019-10-23T20:08:51+00:00","dateModified":"2019-10-23T20:10:27+00:00","author":{"@id":"https:\/\/valenciasjb.salesianos.edu\/colegio\/#\/schema\/person\/1f45b67e52b27da175190a574db6bed9"},"breadcrumb":{"@id":"https:\/\/valenciasjb.salesianos.edu\/colegio\/el-colegio-recibe-el-premio-ciudadanos-que-promueve-una-sociedad-en-valores-2\/#breadcrumb"},"inLanguage":"es","potentialAction":[{"@type":"ReadAction","target":["https:\/\/valenciasjb.salesianos.edu\/colegio\/el-colegio-recibe-el-premio-ciudadanos-que-promueve-una-sociedad-en-valores-2\/"]}]},{"@type":"ImageObject","inLanguage":"es","@id":"https:\/\/valenciasjb.salesianos.edu\/colegio\/el-colegio-recibe-el-premio-ciudadanos-que-promueve-una-sociedad-en-valores-2\/#primaryimage","url":"https:\/\/valenciasjb.salesianos.edu\/colegio\/wp-content\/uploads\/sites\/2\/2019\/10\/gala9-1.jpg","contentUrl":"https:\/\/valenciasjb.salesianos.edu\/colegio\/wp-content\/uploads\/sites\/2\/2019\/10\/gala9-1.jpg","width":560,"height":315},{"@type":"BreadcrumbList","@id":"https:\/\/valenciasjb.salesianos.edu\/colegio\/el-colegio-recibe-el-premio-ciudadanos-que-promueve-una-sociedad-en-valores-2\/#breadcrumb","itemListElement":[{"@type":"ListItem","position":1,"name":"Portada","item":"https:\/\/valenciasjb.salesianos.edu\/colegio\/"},{"@type":"ListItem","position":2,"name":"El Colegio recibe el Premio CIUDADANOS que promueve una sociedad en valores"}]},{"@type":"WebSite","@id":"https:\/\/valenciasjb.salesianos.edu\/colegio\/#website","url":"https:\/\/valenciasjb.salesianos.edu\/colegio\/","name":"Colegio San Juan Bosco Valencia","description":"P\u00e1gina oficial del Colegio Salesianos San Juan Bosco Valencia","alternateName":"Salesianos.VSJB","potentialAction":[{"@type":"SearchAction","target":{"@type":"EntryPoint","urlTemplate":"https:\/\/valenciasjb.salesianos.edu\/colegio\/?s={search_term_string}"},"query-input":{"@type":"PropertyValueSpecification","valueRequired":true,"valueName":"search_term_string"}}],"inLanguage":"es"},{"@type":"Person","@id":"https:\/\/valenciasjb.salesianos.edu\/colegio\/#\/schema\/person\/1f45b67e52b27da175190a574db6bed9","name":"veronicapastor","image":{"@type":"ImageObject","inLanguage":"es","@id":"https:\/\/secure.gravatar.com\/avatar\/e29bd40bace3fd935e1d6fdb7313ffc14628cc037c5e16f4c7369b20a2a6f7f0?s=96&d=mm&r=g","url":"https:\/\/secure.gravatar.com\/avatar\/e29bd40bace3fd935e1d6fdb7313ffc14628cc037c5e16f4c7369b20a2a6f7f0?s=96&d=mm&r=g","contentUrl":"https:\/\/secure.gravatar.com\/avatar\/e29bd40bace3fd935e1d6fdb7313ffc14628cc037c5e16f4c7369b20a2a6f7f0?s=96&d=mm&r=g","caption":"veronicapastor"}}]}},"_links":{"self":[{"href":"https:\/\/valenciasjb.salesianos.edu\/colegio\/wp-json\/wp\/v2\/posts\/11369","targetHints":{"allow":["GET"]}}],"collection":[{"href":"https:\/\/valenciasjb.salesianos.edu\/colegio\/wp-json\/wp\/v2\/posts"}],"about":[{"href":"https:\/\/valenciasjb.salesianos.edu\/colegio\/wp-json\/wp\/v2\/types\/post"}],"author":[{"embeddable":true,"href":"https:\/\/valenciasjb.salesianos.edu\/colegio\/wp-json\/wp\/v2\/users\/6"}],"replies":[{"embeddable":true,"href":"https:\/\/valenciasjb.salesianos.edu\/colegio\/wp-json\/wp\/v2\/comments?post=11369"}],"version-history":[{"count":5,"href":"https:\/\/valenciasjb.salesianos.edu\/colegio\/wp-json\/wp\/v2\/posts\/11369\/revisions"}],"predecessor-version":[{"id":11378,"href":"https:\/\/valenciasjb.salesianos.edu\/colegio\/wp-json\/wp\/v2\/posts\/11369\/revisions\/11378"}],"wp:featuredmedia":[{"embeddable":true,"href":"https:\/\/valenciasjb.salesianos.edu\/colegio\/wp-json\/wp\/v2\/media\/11377"}],"wp:attachment":[{"href":"https:\/\/valenciasjb.salesianos.edu\/colegio\/wp-json\/wp\/v2\/media?parent=11369"}],"wp:term":[{"taxonomy":"category","embeddable":true,"href":"https:\/\/valenciasjb.salesianos.edu\/colegio\/wp-json\/wp\/v2\/categories?post=11369"},{"taxonomy":"post_tag","embeddable":true,"href":"https:\/\/valenciasjb.salesianos.edu\/colegio\/wp-json\/wp\/v2\/tags?post=11369"}],"curies":[{"name":"wp","href":"https:\/\/api.w.org\/{rel}","templated":true}]}}