{"id":11403,"date":"2019-10-28T13:45:27","date_gmt":"2019-10-28T12:45:27","guid":{"rendered":"https:\/\/valenciasjb.salesianos.edu\/colegio\/?p=11403"},"modified":"2019-10-28T19:09:14","modified_gmt":"2019-10-28T18:09:14","slug":"toda-infantil-celebra-el-dia-internacional-de-la-biblioteca-escolar","status":"publish","type":"post","link":"https:\/\/valenciasjb.salesianos.edu\/colegio\/toda-infantil-celebra-el-dia-internacional-de-la-biblioteca-escolar\/","title":{"rendered":"Toda Infantil celebra el \u201cD\u00eda internacional de la Biblioteca Escolar\u201d"},"content":{"rendered":"<div id=\"fb-root\"><\/div>\n<p>[et_pb_section fb_built=\u00bb1&#8243; admin_label=\u00bbsection\u00bb _builder_version=\u00bb3.22&#8243; fb_built=\u00bb1&#8243; bb_built=\u00bb1&#8243; _i=\u00bb0&#8243; _address=\u00bb0&#8243;][et_pb_row admin_label=\u00bbrow\u00bb _builder_version=\u00bb3.25&#8243; background_size=\u00bbinitial\u00bb background_position=\u00bbtop_left\u00bb background_repeat=\u00bbrepeat\u00bb _i=\u00bb0&#8243; _address=\u00bb0.0&#8243;][et_pb_column type=\u00bb4_4&#8243; _builder_version=\u00bb3.25&#8243; custom_padding=\u00bb|||\u00bb _i=\u00bb0&#8243; _address=\u00bb0.0.0&#8243; custom_padding__hover=\u00bb|||\u00bb][et_pb_text admin_label=\u00bbEntradilla (Texto)\u00bb _builder_version=\u00bb3.27.4&#8243; text_font=\u00bb|on|||\u00bb text_orientation=\u00bbjustified\u00bb module_alignment=\u00bbjustified\u00bb _i=\u00bb0&#8243; _address=\u00bb0.0.0.0&#8243;]<\/p>\n<div id=\"resumen\"><strong>Lorem ipsum&#8230;<br \/>\n<\/strong><\/div>\n<div><\/div>\n<p>[\/et_pb_text][et_pb_text admin_label=\u00bbAutor (Texto)\u00bb _builder_version=\u00bb3.29.2&#8243; text_font=\u00bb||on||\u00bb _i=\u00bb1&#8243; _address=\u00bb0.0.0.1&#8243;]<\/p>\n<p align=\"justify\"><span style=\"font-family: Verdana, sans-serif\"><span style=\"font-size: small\">Encarna Castillo. Encargada de la Biblioteca de Ed. Infantil.<\/span><\/span><\/p>\n<p>[\/et_pb_text][et_pb_text admin_label=\u00bbDesarrollo (Texto)\u00bb _builder_version=\u00bb3.29.2&#8243; text_orientation=\u00bbjustified\u00bb module_alignment=\u00bbjustified\u00bb _i=\u00bb2&#8243; _address=\u00bb0.0.0.2&#8243;]<\/p>\n<p align=\"justify\"><span style=\"font-family: Verdana, sans-serif\"><span style=\"font-size: small\">El D\u00eda de la Biblioteca surgi\u00f3 por iniciativa de la Asociaci\u00f3n Espa\u00f1ola de Amigos del Libro Infantil y Juvenil en 1997, y desde entonces, se viene celebrando en toda Espa\u00f1a.<\/span><\/span><\/p>\n<p align=\"justify\"><span style=\"font-family: Verdana, sans-serif\"><span style=\"font-size: small\">En este d\u00eda participan bibliotecarios, escritores, ilustradores, editores, profesores\u2026 que fomentan el uso de la biblioteca como lugar donde se potencia la lectura y donde se encuentra todo tipo de informaci\u00f3n a trav\u00e9s de la palabra y la imagen.<\/span><\/span><\/p>\n<p align=\"justify\"><span style=\"font-family: Verdana, sans-serif\"><span style=\"font-size: small\">Las bibliotecas escolares se presentan en la comunidad educativa como un lugar de encuentro y saber donde confluyen el placer de la lectura y la inquietud por aprender de un modo diferente.<\/span><\/span><\/p>\n<p align=\"justify\"><span style=\"font-family: Verdana, sans-serif\"><span style=\"font-size: small\">Por ello, para celebrar este d\u00eda, los m\u00e1s peque\u00f1os del colegio han realizado diversas actividades. La primera consisti\u00f3 en disfrutar de una representaci\u00f3n teatral titulada \u201cAventura en la biblioteca\u201d, en las que unas simp\u00e1ticas marionetas hicieron sonre\u00edr al p\u00fablico asistente. Tambi\u00e9n, los alumnos y alumnas por turnos y en diferentes d\u00edas, acudieron a la biblioteca junto a sus se\u00f1os, donde les esperaba una \u201cCaja sorpresa\u201d en la cual, hab\u00eda diversos objetos relacionados con un cuento tradicional, y los ni\u00f1os y ni\u00f1as ten\u00edan que adivinar a trav\u00e9s de dichos objetos para posteriormente ser narrado, y reflexionar a su vez los valores que transmite. <\/span><\/span><\/p>\n<p align=\"justify\"><span style=\"font-family: Verdana, sans-serif\"><span style=\"font-size: small\">En 3 a\u00f1os, el cuento elegido fue \u201cLa Cenicienta\u201d, donde se manifiesta una confianza firme en que obrar bien y tener paciencia y fe al final tiene su recompensa.<\/span><\/span><\/p>\n<p align=\"justify\"><span style=\"font-family: Verdana, sans-serif\"><span style=\"font-size: small\">En 4 a\u00f1os, se narr\u00f3 \u201cLa casita de Chocolate\u201d, ilustra la uni\u00f3n y colaboraci\u00f3n entre hermanos y los ni\u00f1os ven que ellos mismos pueden resolver sus problemas. <\/span><\/span><\/p>\n<p align=\"justify\"><span style=\"font-family: Verdana, sans-serif\"><span style=\"font-size: small\">Por \u00faltimo, los m\u00e1s mayores del cole, disfrutaron con \u201cEl flautista de Hamel\u00edn\u201d, una forma inolvidable de promover la honradez y la sinceridad.<\/span><\/span><\/p>\n<p align=\"justify\"><span style=\"color: #000000\"><span style=\"font-family: Verdana, sans-serif\"><span style=\"font-size: small\">Desde aqu\u00ed, queremos recordar a las familias que las puertas de la biblioteca est\u00e1n abiertas y os invitamos a participar de forma activa a trav\u00e9s de <\/span><\/span><\/span><span style=\"color: #000000\"><span style=\"font-family: Verdana, sans-serif\"><span style=\"font-size: small\">cuenta cuentos<\/span><\/span><\/span><span style=\"color: #000000\"><span style=\"font-family: Verdana, sans-serif\"><span style=\"font-size: small\"> o actividades que consider\u00e9is oportunas.<\/span><\/span><\/span><\/p>\n<p align=\"justify\"><span style=\"color: #000000\"> \u201c<span style=\"font-family: Verdana, sans-serif\"><span style=\"font-size: small\"><b>No hay espect\u00e1culo m\u00e1s hermoso que la mirada de un ni\u00f1o que lee\u201d<\/b><\/span><\/span><\/span><\/p>\n<p align=\"justify\"><span style=\"color: #000000\"><span style=\"font-family: Verdana, sans-serif\"><span style=\"font-size: small\"><b>G\u00fcnter<\/b><\/span><\/span><\/span><span style=\"color: #000000\"><span style=\"font-family: Verdana, sans-serif\"><span style=\"font-size: small\"><b> Grass<\/b><\/span><\/span><\/span><\/p>\n<p>[\/et_pb_text][et_pb_text disabled_on=\u00bboff|on|on\u00bb admin_label=\u00bbT\u00edtulo: Galer\u00eda de fotos (Texto)\u00bb _builder_version=\u00bb3.27.4&#8243; text_font=\u00bb|on|||\u00bb text_text_color=\u00bb#dc001b\u00bb border_style=\u00bbsolid\u00bb _i=\u00bb3&#8243; _address=\u00bb0.0.0.3&#8243;]Galer\u00eda de im\u00e1genes<br \/>\n[\/et_pb_text][et_pb_gallery gallery_ids=\u00bb11406,11408,11409,11410&#8243; posts_number=\u00bb8&#8243; show_title_and_caption=\u00bboff\u00bb zoom_icon_color=\u00bb#dc001b\u00bb hover_icon=\u00bb%%51%%\u00bb disabled_on=\u00bboff|off|off\u00bb _builder_version=\u00bb3.29.2&#8243; pagination_font_size_tablet=\u00bb51&#8243; pagination_line_height_tablet=\u00bb2&#8243; _i=\u00bb4&#8243; _address=\u00bb0.0.0.4&#8243;][\/et_pb_gallery][et_pb_video disabled_on=\u00bbon|on|on\u00bb _builder_version=\u00bb3.0.51&#8243; disabled=\u00bbon\u00bb _i=\u00bb5&#8243; _address=\u00bb0.0.0.5&#8243;][\/et_pb_video][\/et_pb_column][\/et_pb_row][\/et_pb_section]<\/p>\n<!-- AddThis Advanced Settings generic via filter on the_content --><!-- AddThis Share Buttons generic via filter on the_content -->","protected":false},"excerpt":{"rendered":"<p>Lorem ipsum&#8230; Encarna Castillo. Encargada de la Biblioteca de Ed. Infantil.El D\u00eda de la Biblioteca surgi\u00f3 por iniciativa de la Asociaci\u00f3n Espa\u00f1ola de Amigos del Libro Infantil y Juvenil en 1997, y desde entonces, se viene celebrando en toda Espa\u00f1a. En este d\u00eda participan bibliotecarios, escritores, ilustradores, editores, profesores\u2026 que fomentan el uso de la [&hellip;]<\/p>\n<p><!-- AddThis Advanced Settings generic via filter on get_the_excerpt --><!-- AddThis Share Buttons generic via filter on get_the_excerpt --><\/p>\n","protected":false},"author":6,"featured_media":11408,"comment_status":"closed","ping_status":"open","sticky":false,"template":"","format":"standard","meta":{"_et_pb_use_builder":"on","_et_pb_old_content":"","_et_gb_content_width":"","footnotes":""},"categories":[14],"tags":[],"class_list":["post-11403","post","type-post","status-publish","format-standard","has-post-thumbnail","hentry","category-noticia_colegio"],"yoast_head":"<!-- This site is optimized with the Yoast SEO plugin v28.4 - https:\/\/yoast.com\/product\/yoast-seo-wordpress\/ -->\n<title>Toda Infantil celebra el \u201cD\u00eda internacional de la Biblioteca Escolar\u201d - Colegio San Juan Bosco Valencia<\/title>\n<meta name=\"robots\" content=\"index, follow, max-snippet:-1, max-image-preview:large, max-video-preview:-1\" \/>\n<link rel=\"canonical\" href=\"https:\/\/valenciasjb.salesianos.edu\/colegio\/toda-infantil-celebra-el-dia-internacional-de-la-biblioteca-escolar\/\" \/>\n<meta property=\"og:locale\" content=\"es_ES\" \/>\n<meta property=\"og:type\" content=\"article\" \/>\n<meta property=\"og:title\" content=\"Toda Infantil celebra el \u201cD\u00eda internacional de la Biblioteca Escolar\u201d - Colegio San Juan Bosco Valencia\" \/>\n<meta property=\"og:description\" content=\"Lorem ipsum... Encarna Castillo. Encargada de la Biblioteca de Ed. Infantil.El D\u00eda de la Biblioteca surgi\u00f3 por iniciativa de la Asociaci\u00f3n Espa\u00f1ola de Amigos del Libro Infantil y Juvenil en 1997, y desde entonces, se viene celebrando en toda Espa\u00f1a. En este d\u00eda participan bibliotecarios, escritores, ilustradores, editores, profesores\u2026 que fomentan el uso de la [&hellip;]\" \/>\n<meta property=\"og:url\" content=\"https:\/\/valenciasjb.salesianos.edu\/colegio\/toda-infantil-celebra-el-dia-internacional-de-la-biblioteca-escolar\/\" \/>\n<meta property=\"og:site_name\" content=\"Colegio San Juan Bosco Valencia\" \/>\n<meta property=\"article:publisher\" content=\"https:\/\/www.facebook.com\/ColegioSalesianoSanJuanBoscoValencia\" \/>\n<meta property=\"article:published_time\" content=\"2019-10-28T12:45:27+00:00\" \/>\n<meta property=\"article:modified_time\" content=\"2019-10-28T18:09:14+00:00\" \/>\n<meta property=\"og:image\" content=\"https:\/\/valenciasjb.salesianos.edu\/colegio\/wp-content\/uploads\/sites\/2\/2019\/10\/IMG_8495.jpg\" \/>\n\t<meta property=\"og:image:width\" content=\"4032\" \/>\n\t<meta property=\"og:image:height\" content=\"3024\" \/>\n\t<meta property=\"og:image:type\" content=\"image\/jpeg\" \/>\n<meta name=\"author\" content=\"veronicapastor\" \/>\n<meta name=\"twitter:card\" content=\"summary_large_image\" \/>\n<meta name=\"twitter:creator\" content=\"@SalesianosVSJB\" \/>\n<meta name=\"twitter:site\" content=\"@SalesianosVSJB\" \/>\n<meta name=\"twitter:label1\" content=\"Escrito por\" \/>\n\t<meta name=\"twitter:data1\" content=\"veronicapastor\" \/>\n\t<meta name=\"twitter:label2\" content=\"Tiempo de lectura\" \/>\n\t<meta name=\"twitter:data2\" content=\"3 minutos\" \/>\n<script type=\"application\/ld+json\" class=\"yoast-schema-graph\">{\"@context\":\"https:\\\/\\\/schema.org\",\"@graph\":[{\"@type\":\"Article\",\"@id\":\"https:\\\/\\\/valenciasjb.salesianos.edu\\\/colegio\\\/toda-infantil-celebra-el-dia-internacional-de-la-biblioteca-escolar\\\/#article\",\"isPartOf\":{\"@id\":\"https:\\\/\\\/valenciasjb.salesianos.edu\\\/colegio\\\/toda-infantil-celebra-el-dia-internacional-de-la-biblioteca-escolar\\\/\"},\"author\":{\"name\":\"veronicapastor\",\"@id\":\"https:\\\/\\\/valenciasjb.salesianos.edu\\\/colegio\\\/#\\\/schema\\\/person\\\/1f45b67e52b27da175190a574db6bed9\"},\"headline\":\"Toda Infantil celebra el \u201cD\u00eda internacional de la Biblioteca Escolar\u201d\",\"datePublished\":\"2019-10-28T12:45:27+00:00\",\"dateModified\":\"2019-10-28T18:09:14+00:00\",\"mainEntityOfPage\":{\"@id\":\"https:\\\/\\\/valenciasjb.salesianos.edu\\\/colegio\\\/toda-infantil-celebra-el-dia-internacional-de-la-biblioteca-escolar\\\/\"},\"wordCount\":599,\"image\":{\"@id\":\"https:\\\/\\\/valenciasjb.salesianos.edu\\\/colegio\\\/toda-infantil-celebra-el-dia-internacional-de-la-biblioteca-escolar\\\/#primaryimage\"},\"thumbnailUrl\":\"https:\\\/\\\/valenciasjb.salesianos.edu\\\/colegio\\\/wp-content\\\/uploads\\\/sites\\\/2\\\/2019\\\/10\\\/IMG_8495.jpg\",\"articleSection\":[\"Noticia Colegio\"],\"inLanguage\":\"es\"},{\"@type\":\"WebPage\",\"@id\":\"https:\\\/\\\/valenciasjb.salesianos.edu\\\/colegio\\\/toda-infantil-celebra-el-dia-internacional-de-la-biblioteca-escolar\\\/\",\"url\":\"https:\\\/\\\/valenciasjb.salesianos.edu\\\/colegio\\\/toda-infantil-celebra-el-dia-internacional-de-la-biblioteca-escolar\\\/\",\"name\":\"Toda Infantil celebra el \u201cD\u00eda internacional de la Biblioteca Escolar\u201d - Colegio San Juan Bosco Valencia\",\"isPartOf\":{\"@id\":\"https:\\\/\\\/valenciasjb.salesianos.edu\\\/colegio\\\/#website\"},\"primaryImageOfPage\":{\"@id\":\"https:\\\/\\\/valenciasjb.salesianos.edu\\\/colegio\\\/toda-infantil-celebra-el-dia-internacional-de-la-biblioteca-escolar\\\/#primaryimage\"},\"image\":{\"@id\":\"https:\\\/\\\/valenciasjb.salesianos.edu\\\/colegio\\\/toda-infantil-celebra-el-dia-internacional-de-la-biblioteca-escolar\\\/#primaryimage\"},\"thumbnailUrl\":\"https:\\\/\\\/valenciasjb.salesianos.edu\\\/colegio\\\/wp-content\\\/uploads\\\/sites\\\/2\\\/2019\\\/10\\\/IMG_8495.jpg\",\"datePublished\":\"2019-10-28T12:45:27+00:00\",\"dateModified\":\"2019-10-28T18:09:14+00:00\",\"author\":{\"@id\":\"https:\\\/\\\/valenciasjb.salesianos.edu\\\/colegio\\\/#\\\/schema\\\/person\\\/1f45b67e52b27da175190a574db6bed9\"},\"breadcrumb\":{\"@id\":\"https:\\\/\\\/valenciasjb.salesianos.edu\\\/colegio\\\/toda-infantil-celebra-el-dia-internacional-de-la-biblioteca-escolar\\\/#breadcrumb\"},\"inLanguage\":\"es\",\"potentialAction\":[{\"@type\":\"ReadAction\",\"target\":[\"https:\\\/\\\/valenciasjb.salesianos.edu\\\/colegio\\\/toda-infantil-celebra-el-dia-internacional-de-la-biblioteca-escolar\\\/\"]}]},{\"@type\":\"ImageObject\",\"inLanguage\":\"es\",\"@id\":\"https:\\\/\\\/valenciasjb.salesianos.edu\\\/colegio\\\/toda-infantil-celebra-el-dia-internacional-de-la-biblioteca-escolar\\\/#primaryimage\",\"url\":\"https:\\\/\\\/valenciasjb.salesianos.edu\\\/colegio\\\/wp-content\\\/uploads\\\/sites\\\/2\\\/2019\\\/10\\\/IMG_8495.jpg\",\"contentUrl\":\"https:\\\/\\\/valenciasjb.salesianos.edu\\\/colegio\\\/wp-content\\\/uploads\\\/sites\\\/2\\\/2019\\\/10\\\/IMG_8495.jpg\",\"width\":4032,\"height\":3024},{\"@type\":\"BreadcrumbList\",\"@id\":\"https:\\\/\\\/valenciasjb.salesianos.edu\\\/colegio\\\/toda-infantil-celebra-el-dia-internacional-de-la-biblioteca-escolar\\\/#breadcrumb\",\"itemListElement\":[{\"@type\":\"ListItem\",\"position\":1,\"name\":\"Portada\",\"item\":\"https:\\\/\\\/valenciasjb.salesianos.edu\\\/colegio\\\/\"},{\"@type\":\"ListItem\",\"position\":2,\"name\":\"Toda Infantil celebra el \u201cD\u00eda internacional de la Biblioteca Escolar\u201d\"}]},{\"@type\":\"WebSite\",\"@id\":\"https:\\\/\\\/valenciasjb.salesianos.edu\\\/colegio\\\/#website\",\"url\":\"https:\\\/\\\/valenciasjb.salesianos.edu\\\/colegio\\\/\",\"name\":\"Colegio San Juan Bosco Valencia\",\"description\":\"P\u00e1gina oficial del Colegio Salesianos San Juan Bosco Valencia\",\"alternateName\":\"Salesianos.VSJB\",\"potentialAction\":[{\"@type\":\"SearchAction\",\"target\":{\"@type\":\"EntryPoint\",\"urlTemplate\":\"https:\\\/\\\/valenciasjb.salesianos.edu\\\/colegio\\\/?s={search_term_string}\"},\"query-input\":{\"@type\":\"PropertyValueSpecification\",\"valueRequired\":true,\"valueName\":\"search_term_string\"}}],\"inLanguage\":\"es\"},{\"@type\":\"Person\",\"@id\":\"https:\\\/\\\/valenciasjb.salesianos.edu\\\/colegio\\\/#\\\/schema\\\/person\\\/1f45b67e52b27da175190a574db6bed9\",\"name\":\"veronicapastor\",\"image\":{\"@type\":\"ImageObject\",\"inLanguage\":\"es\",\"@id\":\"https:\\\/\\\/secure.gravatar.com\\\/avatar\\\/e29bd40bace3fd935e1d6fdb7313ffc14628cc037c5e16f4c7369b20a2a6f7f0?s=96&d=mm&r=g\",\"url\":\"https:\\\/\\\/secure.gravatar.com\\\/avatar\\\/e29bd40bace3fd935e1d6fdb7313ffc14628cc037c5e16f4c7369b20a2a6f7f0?s=96&d=mm&r=g\",\"contentUrl\":\"https:\\\/\\\/secure.gravatar.com\\\/avatar\\\/e29bd40bace3fd935e1d6fdb7313ffc14628cc037c5e16f4c7369b20a2a6f7f0?s=96&d=mm&r=g\",\"caption\":\"veronicapastor\"}}]}<\/script>\n<!-- \/ Yoast SEO plugin. -->","yoast_head_json":{"title":"Toda Infantil celebra el \u201cD\u00eda internacional de la Biblioteca Escolar\u201d - Colegio San Juan Bosco Valencia","robots":{"index":"index","follow":"follow","max-snippet":"max-snippet:-1","max-image-preview":"max-image-preview:large","max-video-preview":"max-video-preview:-1"},"canonical":"https:\/\/valenciasjb.salesianos.edu\/colegio\/toda-infantil-celebra-el-dia-internacional-de-la-biblioteca-escolar\/","og_locale":"es_ES","og_type":"article","og_title":"Toda Infantil celebra el \u201cD\u00eda internacional de la Biblioteca Escolar\u201d - Colegio San Juan Bosco Valencia","og_description":"Lorem ipsum... Encarna Castillo. Encargada de la Biblioteca de Ed. Infantil.El D\u00eda de la Biblioteca surgi\u00f3 por iniciativa de la Asociaci\u00f3n Espa\u00f1ola de Amigos del Libro Infantil y Juvenil en 1997, y desde entonces, se viene celebrando en toda Espa\u00f1a. En este d\u00eda participan bibliotecarios, escritores, ilustradores, editores, profesores\u2026 que fomentan el uso de la [&hellip;]","og_url":"https:\/\/valenciasjb.salesianos.edu\/colegio\/toda-infantil-celebra-el-dia-internacional-de-la-biblioteca-escolar\/","og_site_name":"Colegio San Juan Bosco Valencia","article_publisher":"https:\/\/www.facebook.com\/ColegioSalesianoSanJuanBoscoValencia","article_published_time":"2019-10-28T12:45:27+00:00","article_modified_time":"2019-10-28T18:09:14+00:00","og_image":[{"width":4032,"height":3024,"url":"https:\/\/valenciasjb.salesianos.edu\/colegio\/wp-content\/uploads\/sites\/2\/2019\/10\/IMG_8495.jpg","type":"image\/jpeg"}],"author":"veronicapastor","twitter_card":"summary_large_image","twitter_creator":"@SalesianosVSJB","twitter_site":"@SalesianosVSJB","twitter_misc":{"Escrito por":"veronicapastor","Tiempo de lectura":"3 minutos"},"schema":{"@context":"https:\/\/schema.org","@graph":[{"@type":"Article","@id":"https:\/\/valenciasjb.salesianos.edu\/colegio\/toda-infantil-celebra-el-dia-internacional-de-la-biblioteca-escolar\/#article","isPartOf":{"@id":"https:\/\/valenciasjb.salesianos.edu\/colegio\/toda-infantil-celebra-el-dia-internacional-de-la-biblioteca-escolar\/"},"author":{"name":"veronicapastor","@id":"https:\/\/valenciasjb.salesianos.edu\/colegio\/#\/schema\/person\/1f45b67e52b27da175190a574db6bed9"},"headline":"Toda Infantil celebra el \u201cD\u00eda internacional de la Biblioteca Escolar\u201d","datePublished":"2019-10-28T12:45:27+00:00","dateModified":"2019-10-28T18:09:14+00:00","mainEntityOfPage":{"@id":"https:\/\/valenciasjb.salesianos.edu\/colegio\/toda-infantil-celebra-el-dia-internacional-de-la-biblioteca-escolar\/"},"wordCount":599,"image":{"@id":"https:\/\/valenciasjb.salesianos.edu\/colegio\/toda-infantil-celebra-el-dia-internacional-de-la-biblioteca-escolar\/#primaryimage"},"thumbnailUrl":"https:\/\/valenciasjb.salesianos.edu\/colegio\/wp-content\/uploads\/sites\/2\/2019\/10\/IMG_8495.jpg","articleSection":["Noticia Colegio"],"inLanguage":"es"},{"@type":"WebPage","@id":"https:\/\/valenciasjb.salesianos.edu\/colegio\/toda-infantil-celebra-el-dia-internacional-de-la-biblioteca-escolar\/","url":"https:\/\/valenciasjb.salesianos.edu\/colegio\/toda-infantil-celebra-el-dia-internacional-de-la-biblioteca-escolar\/","name":"Toda Infantil celebra el \u201cD\u00eda internacional de la Biblioteca Escolar\u201d - Colegio San Juan Bosco Valencia","isPartOf":{"@id":"https:\/\/valenciasjb.salesianos.edu\/colegio\/#website"},"primaryImageOfPage":{"@id":"https:\/\/valenciasjb.salesianos.edu\/colegio\/toda-infantil-celebra-el-dia-internacional-de-la-biblioteca-escolar\/#primaryimage"},"image":{"@id":"https:\/\/valenciasjb.salesianos.edu\/colegio\/toda-infantil-celebra-el-dia-internacional-de-la-biblioteca-escolar\/#primaryimage"},"thumbnailUrl":"https:\/\/valenciasjb.salesianos.edu\/colegio\/wp-content\/uploads\/sites\/2\/2019\/10\/IMG_8495.jpg","datePublished":"2019-10-28T12:45:27+00:00","dateModified":"2019-10-28T18:09:14+00:00","author":{"@id":"https:\/\/valenciasjb.salesianos.edu\/colegio\/#\/schema\/person\/1f45b67e52b27da175190a574db6bed9"},"breadcrumb":{"@id":"https:\/\/valenciasjb.salesianos.edu\/colegio\/toda-infantil-celebra-el-dia-internacional-de-la-biblioteca-escolar\/#breadcrumb"},"inLanguage":"es","potentialAction":[{"@type":"ReadAction","target":["https:\/\/valenciasjb.salesianos.edu\/colegio\/toda-infantil-celebra-el-dia-internacional-de-la-biblioteca-escolar\/"]}]},{"@type":"ImageObject","inLanguage":"es","@id":"https:\/\/valenciasjb.salesianos.edu\/colegio\/toda-infantil-celebra-el-dia-internacional-de-la-biblioteca-escolar\/#primaryimage","url":"https:\/\/valenciasjb.salesianos.edu\/colegio\/wp-content\/uploads\/sites\/2\/2019\/10\/IMG_8495.jpg","contentUrl":"https:\/\/valenciasjb.salesianos.edu\/colegio\/wp-content\/uploads\/sites\/2\/2019\/10\/IMG_8495.jpg","width":4032,"height":3024},{"@type":"BreadcrumbList","@id":"https:\/\/valenciasjb.salesianos.edu\/colegio\/toda-infantil-celebra-el-dia-internacional-de-la-biblioteca-escolar\/#breadcrumb","itemListElement":[{"@type":"ListItem","position":1,"name":"Portada","item":"https:\/\/valenciasjb.salesianos.edu\/colegio\/"},{"@type":"ListItem","position":2,"name":"Toda Infantil celebra el \u201cD\u00eda internacional de la Biblioteca Escolar\u201d"}]},{"@type":"WebSite","@id":"https:\/\/valenciasjb.salesianos.edu\/colegio\/#website","url":"https:\/\/valenciasjb.salesianos.edu\/colegio\/","name":"Colegio San Juan Bosco Valencia","description":"P\u00e1gina oficial del Colegio Salesianos San Juan Bosco Valencia","alternateName":"Salesianos.VSJB","potentialAction":[{"@type":"SearchAction","target":{"@type":"EntryPoint","urlTemplate":"https:\/\/valenciasjb.salesianos.edu\/colegio\/?s={search_term_string}"},"query-input":{"@type":"PropertyValueSpecification","valueRequired":true,"valueName":"search_term_string"}}],"inLanguage":"es"},{"@type":"Person","@id":"https:\/\/valenciasjb.salesianos.edu\/colegio\/#\/schema\/person\/1f45b67e52b27da175190a574db6bed9","name":"veronicapastor","image":{"@type":"ImageObject","inLanguage":"es","@id":"https:\/\/secure.gravatar.com\/avatar\/e29bd40bace3fd935e1d6fdb7313ffc14628cc037c5e16f4c7369b20a2a6f7f0?s=96&d=mm&r=g","url":"https:\/\/secure.gravatar.com\/avatar\/e29bd40bace3fd935e1d6fdb7313ffc14628cc037c5e16f4c7369b20a2a6f7f0?s=96&d=mm&r=g","contentUrl":"https:\/\/secure.gravatar.com\/avatar\/e29bd40bace3fd935e1d6fdb7313ffc14628cc037c5e16f4c7369b20a2a6f7f0?s=96&d=mm&r=g","caption":"veronicapastor"}}]}},"_links":{"self":[{"href":"https:\/\/valenciasjb.salesianos.edu\/colegio\/wp-json\/wp\/v2\/posts\/11403","targetHints":{"allow":["GET"]}}],"collection":[{"href":"https:\/\/valenciasjb.salesianos.edu\/colegio\/wp-json\/wp\/v2\/posts"}],"about":[{"href":"https:\/\/valenciasjb.salesianos.edu\/colegio\/wp-json\/wp\/v2\/types\/post"}],"author":[{"embeddable":true,"href":"https:\/\/valenciasjb.salesianos.edu\/colegio\/wp-json\/wp\/v2\/users\/6"}],"replies":[{"embeddable":true,"href":"https:\/\/valenciasjb.salesianos.edu\/colegio\/wp-json\/wp\/v2\/comments?post=11403"}],"version-history":[{"count":5,"href":"https:\/\/valenciasjb.salesianos.edu\/colegio\/wp-json\/wp\/v2\/posts\/11403\/revisions"}],"predecessor-version":[{"id":11414,"href":"https:\/\/valenciasjb.salesianos.edu\/colegio\/wp-json\/wp\/v2\/posts\/11403\/revisions\/11414"}],"wp:featuredmedia":[{"embeddable":true,"href":"https:\/\/valenciasjb.salesianos.edu\/colegio\/wp-json\/wp\/v2\/media\/11408"}],"wp:attachment":[{"href":"https:\/\/valenciasjb.salesianos.edu\/colegio\/wp-json\/wp\/v2\/media?parent=11403"}],"wp:term":[{"taxonomy":"category","embeddable":true,"href":"https:\/\/valenciasjb.salesianos.edu\/colegio\/wp-json\/wp\/v2\/categories?post=11403"},{"taxonomy":"post_tag","embeddable":true,"href":"https:\/\/valenciasjb.salesianos.edu\/colegio\/wp-json\/wp\/v2\/tags?post=11403"}],"curies":[{"name":"wp","href":"https:\/\/api.w.org\/{rel}","templated":true}]}}