{"id":11417,"date":"2019-10-28T17:51:57","date_gmt":"2019-10-28T16:51:57","guid":{"rendered":"https:\/\/valenciasjb.salesianos.edu\/colegio\/?p=11417"},"modified":"2019-10-28T18:10:55","modified_gmt":"2019-10-28T17:10:55","slug":"el-colegio-salesiano-san-juan-bosco-de-valencia-recibe-el-premio-ciudadanos","status":"publish","type":"post","link":"https:\/\/valenciasjb.salesianos.edu\/colegio\/el-colegio-salesiano-san-juan-bosco-de-valencia-recibe-el-premio-ciudadanos\/","title":{"rendered":"El Colegio Salesiano San Juan Bosco de Valencia recibe el Premio Ciudadanos"},"content":{"rendered":"<div id=\"fb-root\"><\/div>\n<p>[et_pb_section fb_built=\u00bb1&#8243; admin_label=\u00bbsection\u00bb _builder_version=\u00bb3.22&#8243; fb_built=\u00bb1&#8243; bb_built=\u00bb1&#8243; _i=\u00bb0&#8243; _address=\u00bb0&#8243;][et_pb_row admin_label=\u00bbrow\u00bb _builder_version=\u00bb3.25&#8243; background_size=\u00bbinitial\u00bb background_position=\u00bbtop_left\u00bb background_repeat=\u00bbrepeat\u00bb _i=\u00bb0&#8243; _address=\u00bb0.0&#8243;][et_pb_column type=\u00bb4_4&#8243; _builder_version=\u00bb3.25&#8243; custom_padding=\u00bb|||\u00bb _i=\u00bb0&#8243; _address=\u00bb0.0.0&#8243; custom_padding__hover=\u00bb|||\u00bb][et_pb_text admin_label=\u00bbEntradilla (Texto)\u00bb _builder_version=\u00bb3.29.2&#8243; text_font=\u00bb|on|||\u00bb text_orientation=\u00bbjustified\u00bb module_alignment=\u00bbjustified\u00bb hover_enabled=\u00bb0&#8243; _i=\u00bb0&#8243; _address=\u00bb0.0.0.0&#8243;]<\/p>\n<div id=\"resumen\"><strong>La Asociaci\u00f3n Premios Ciudadanos celebr\u00f3 en Madrid el acto de entrega de los galardones de la XXV edici\u00f3n de los Premios Ciudadanos \u2013 Una sociedad en valores. Entre los premiados de esta edici\u00f3n se encontraba el Colegio Salesiano San Juan Bosco de Valencia. La ceremonia tuvo lugar en el Sal\u00f3n de Actos de la Secretar\u00eda de Estado para el Avance Digital, en Madrid. Este es un premio que han recibido, en ediciones anteriores, personalidades como el Padre \u00c1ngel, Presidente de Mensajeros de la Paz, Federico Mayor Zaragoza, Presidente de la Fundaci\u00f3n de Paz, Jos\u00e9 Antonio Marina, Escritor y Fil\u00f3sofo, \u00c1ngel Nieto, Deportista, Enrique Bar\u00f3n, ex presidente del Parlamento Europeo, entre otros.\u00a0 El evento puedo seguirse, adem\u00e1s, en directo en streaming, a trav\u00e9s del Canal de YouTube del Ministerio de Industria, Comercio y Turismo: <a href=\"https:\/\/www.youtube.com\/watch?v=uHSEGyE_m9I\">https:\/\/www.youtube.com\/watch?v=uHSEGyE_m9I.<\/a><\/strong><\/div>\n<div>\u00a0<\/div>\n<p>[\/et_pb_text][et_pb_text admin_label=\u00bbAutor (Texto)\u00bb _builder_version=\u00bb3.29.2&#8243; text_font=\u00bb||on||\u00bb _i=\u00bb1&#8243; _address=\u00bb0.0.0.1&#8243;]<\/p>\n<p>Redacci\u00f3n.<\/p>\n<p>[\/et_pb_text][et_pb_text admin_label=\u00bbDesarrollo (Texto)\u00bb _builder_version=\u00bb3.29.2&#8243; text_orientation=\u00bbjustified\u00bb module_alignment=\u00bbjustified\u00bb _i=\u00bb2&#8243; _address=\u00bb0.0.0.2&#8243;]<\/p>\n<p>La Asociaci\u00f3n Premios CIUDADANOS, entidad sin \u00e1nimo de lucro, concedi\u00f3 los premios CIUDADANOS en la convocatoria de la XXV Edici\u00f3n: \u201cUna Sociedad en Valores\u201d. \u200bEl Colegio Salesiano San Juan Bosco de Valencia ha recibido el premio en reconocimiento a su trayectoria como centro educativo comprometido en fomentar una educaci\u00f3n integral que propone la excelencia inclusiva para todos. Por sus innovaciones pedag\u00f3gicas a trav\u00e9s del juego, el teatro, la m\u00fasica, el deporte, los audiovisuales y la educaci\u00f3n en el tiempo libre. Por concretar el proyecto educativo de Don Bosco en bien de la sociedad, de las familias y de los j\u00f3venes de las clases populares.<\/p>\n<p>El director del colegio, Juan Peris, recogi\u00f3 el premio, acompa\u00f1ado de Fernando Navarro, director de la casa, y Fran Hern\u00e1ndez, responsable de relaciones externas. \u00abEste premio es un premio a un estilo educativo concreto, a la excelencia inclusiva\u00bb, expres\u00f3 Peris. Seg\u00fan aclar\u00f3, \u00abnos encanta la diferencia\u00bb y \u00abconsideramos que lo m\u00e1s importante no son las nuevas tecnolog\u00edas, sino las personas\u00bb. El director del centro remarc\u00f3 que es un premio a toda la comunidad educativa: alumnos, familias, docentes y PAS\u2026 Y \u00abes un premio para toda la educaci\u00f3n en clave salesiana, respaldada por la Congregaci\u00f3n, que siempre est\u00e1 en b\u00fasqueda para que no muera el carisma tan necesario de Don Bosco, el gran so\u00f1ador\u00bb.<\/p>\n<p>En su discurso de cierre, el presidente de la Asociaci\u00f3n Premio Ciudadanos, V\u00edctor Jara, elogi\u00f3 a los premiados: \u00abEsta es una Espa\u00f1a de valores, de compromisos, de referentes, de sacrificio, de pensar en el futuro, en la innovaci\u00f3n, en el trabajo, en los m\u00e1s necesitados\u2026 Esta es la Espa\u00f1a de verdad. Este ha sido un acto ciudadano\u00bb.<\/p>\n<p>[\/et_pb_text][et_pb_text disabled_on=\u00bboff|on|on\u00bb admin_label=\u00bbT\u00edtulo: Galer\u00eda de fotos (Texto)\u00bb _builder_version=\u00bb3.27.4&#8243; text_font=\u00bb|on|||\u00bb text_text_color=\u00bb#dc001b\u00bb border_style=\u00bbsolid\u00bb _i=\u00bb3&#8243; _address=\u00bb0.0.0.3&#8243;]Galer\u00eda de im\u00e1genes<br \/>\n[\/et_pb_text][et_pb_gallery gallery_ids=\u00bb11420,11421,11422,11423&#8243; posts_number=\u00bb8&#8243; show_title_and_caption=\u00bboff\u00bb zoom_icon_color=\u00bb#dc001b\u00bb hover_icon=\u00bb%%51%%\u00bb disabled_on=\u00bboff|off|off\u00bb _builder_version=\u00bb3.29.2&#8243; pagination_font_size_tablet=\u00bb51&#8243; pagination_line_height_tablet=\u00bb2&#8243; _i=\u00bb4&#8243; _address=\u00bb0.0.0.4&#8243;][\/et_pb_gallery][et_pb_video src=\u00bbhttps:\/\/www.youtube.com\/watch?v=An-WY4XSOfI\u00bb disabled_on=\u00bboff|off|off\u00bb _builder_version=\u00bb3.29.2&#8243; _i=\u00bb5&#8243; _address=\u00bb0.0.0.5&#8243;][\/et_pb_video][\/et_pb_column][\/et_pb_row][\/et_pb_section]<\/p>\n<!-- AddThis Advanced Settings generic via filter on the_content --><!-- AddThis Share Buttons generic via filter on the_content -->","protected":false},"excerpt":{"rendered":"<p>La Asociaci\u00f3n Premios Ciudadanos celebr\u00f3 en Madrid el acto de entrega de los galardones de la XXV edici\u00f3n de los Premios Ciudadanos \u2013 Una sociedad en valores. Entre los premiados de esta edici\u00f3n se encontraba el Colegio Salesiano San Juan Bosco de Valencia. La ceremonia tuvo lugar en el Sal\u00f3n de Actos de la Secretar\u00eda [&hellip;]<\/p>\n<p><!-- AddThis Advanced Settings generic via filter on get_the_excerpt --><!-- AddThis Share Buttons generic via filter on get_the_excerpt --><\/p>\n","protected":false},"author":6,"featured_media":11423,"comment_status":"closed","ping_status":"open","sticky":false,"template":"","format":"standard","meta":{"_et_pb_use_builder":"on","_et_pb_old_content":"","_et_gb_content_width":"","footnotes":""},"categories":[14],"tags":[],"class_list":["post-11417","post","type-post","status-publish","format-standard","has-post-thumbnail","hentry","category-noticia_colegio"],"yoast_head":"<!-- This site is optimized with the Yoast SEO plugin v28.4 - https:\/\/yoast.com\/product\/yoast-seo-wordpress\/ -->\n<title>El Colegio Salesiano San Juan Bosco de Valencia recibe el Premio Ciudadanos - Colegio San Juan Bosco Valencia<\/title>\n<meta name=\"robots\" content=\"index, follow, max-snippet:-1, max-image-preview:large, max-video-preview:-1\" \/>\n<link rel=\"canonical\" href=\"https:\/\/valenciasjb.salesianos.edu\/colegio\/el-colegio-salesiano-san-juan-bosco-de-valencia-recibe-el-premio-ciudadanos\/\" \/>\n<meta property=\"og:locale\" content=\"es_ES\" \/>\n<meta property=\"og:type\" content=\"article\" \/>\n<meta property=\"og:title\" content=\"El Colegio Salesiano San Juan Bosco de Valencia recibe el Premio Ciudadanos - Colegio San Juan Bosco Valencia\" \/>\n<meta property=\"og:description\" content=\"La Asociaci\u00f3n Premios Ciudadanos celebr\u00f3 en Madrid el acto de entrega de los galardones de la XXV edici\u00f3n de los Premios Ciudadanos \u2013 Una sociedad en valores. Entre los premiados de esta edici\u00f3n se encontraba el Colegio Salesiano San Juan Bosco de Valencia. La ceremonia tuvo lugar en el Sal\u00f3n de Actos de la Secretar\u00eda [&hellip;]\" \/>\n<meta property=\"og:url\" content=\"https:\/\/valenciasjb.salesianos.edu\/colegio\/el-colegio-salesiano-san-juan-bosco-de-valencia-recibe-el-premio-ciudadanos\/\" \/>\n<meta property=\"og:site_name\" content=\"Colegio San Juan Bosco Valencia\" \/>\n<meta property=\"article:publisher\" content=\"https:\/\/www.facebook.com\/ColegioSalesianoSanJuanBoscoValencia\" \/>\n<meta property=\"article:published_time\" content=\"2019-10-28T16:51:57+00:00\" \/>\n<meta property=\"article:modified_time\" content=\"2019-10-28T17:10:55+00:00\" \/>\n<meta property=\"og:image\" content=\"https:\/\/valenciasjb.salesianos.edu\/colegio\/wp-content\/uploads\/sites\/2\/2019\/10\/PREMIOS-CIUDADANOS-OCT19-182.jpg\" \/>\n\t<meta property=\"og:image:width\" content=\"774\" \/>\n\t<meta property=\"og:image:height\" content=\"516\" \/>\n\t<meta property=\"og:image:type\" content=\"image\/jpeg\" \/>\n<meta name=\"author\" content=\"veronicapastor\" \/>\n<meta name=\"twitter:card\" content=\"summary_large_image\" \/>\n<meta name=\"twitter:creator\" content=\"@SalesianosVSJB\" \/>\n<meta name=\"twitter:site\" content=\"@SalesianosVSJB\" \/>\n<meta name=\"twitter:label1\" content=\"Escrito por\" \/>\n\t<meta name=\"twitter:data1\" content=\"veronicapastor\" \/>\n\t<meta name=\"twitter:label2\" content=\"Tiempo de lectura\" \/>\n\t<meta name=\"twitter:data2\" content=\"3 minutos\" \/>\n<script type=\"application\/ld+json\" class=\"yoast-schema-graph\">{\"@context\":\"https:\\\/\\\/schema.org\",\"@graph\":[{\"@type\":\"Article\",\"@id\":\"https:\\\/\\\/valenciasjb.salesianos.edu\\\/colegio\\\/el-colegio-salesiano-san-juan-bosco-de-valencia-recibe-el-premio-ciudadanos\\\/#article\",\"isPartOf\":{\"@id\":\"https:\\\/\\\/valenciasjb.salesianos.edu\\\/colegio\\\/el-colegio-salesiano-san-juan-bosco-de-valencia-recibe-el-premio-ciudadanos\\\/\"},\"author\":{\"name\":\"veronicapastor\",\"@id\":\"https:\\\/\\\/valenciasjb.salesianos.edu\\\/colegio\\\/#\\\/schema\\\/person\\\/1f45b67e52b27da175190a574db6bed9\"},\"headline\":\"El Colegio Salesiano San Juan Bosco de Valencia recibe el Premio Ciudadanos\",\"datePublished\":\"2019-10-28T16:51:57+00:00\",\"dateModified\":\"2019-10-28T17:10:55+00:00\",\"mainEntityOfPage\":{\"@id\":\"https:\\\/\\\/valenciasjb.salesianos.edu\\\/colegio\\\/el-colegio-salesiano-san-juan-bosco-de-valencia-recibe-el-premio-ciudadanos\\\/\"},\"wordCount\":685,\"image\":{\"@id\":\"https:\\\/\\\/valenciasjb.salesianos.edu\\\/colegio\\\/el-colegio-salesiano-san-juan-bosco-de-valencia-recibe-el-premio-ciudadanos\\\/#primaryimage\"},\"thumbnailUrl\":\"https:\\\/\\\/valenciasjb.salesianos.edu\\\/colegio\\\/wp-content\\\/uploads\\\/sites\\\/2\\\/2019\\\/10\\\/PREMIOS-CIUDADANOS-OCT19-182.jpg\",\"articleSection\":[\"Noticia Colegio\"],\"inLanguage\":\"es\"},{\"@type\":\"WebPage\",\"@id\":\"https:\\\/\\\/valenciasjb.salesianos.edu\\\/colegio\\\/el-colegio-salesiano-san-juan-bosco-de-valencia-recibe-el-premio-ciudadanos\\\/\",\"url\":\"https:\\\/\\\/valenciasjb.salesianos.edu\\\/colegio\\\/el-colegio-salesiano-san-juan-bosco-de-valencia-recibe-el-premio-ciudadanos\\\/\",\"name\":\"El Colegio Salesiano San Juan Bosco de Valencia recibe el Premio Ciudadanos - Colegio San Juan Bosco Valencia\",\"isPartOf\":{\"@id\":\"https:\\\/\\\/valenciasjb.salesianos.edu\\\/colegio\\\/#website\"},\"primaryImageOfPage\":{\"@id\":\"https:\\\/\\\/valenciasjb.salesianos.edu\\\/colegio\\\/el-colegio-salesiano-san-juan-bosco-de-valencia-recibe-el-premio-ciudadanos\\\/#primaryimage\"},\"image\":{\"@id\":\"https:\\\/\\\/valenciasjb.salesianos.edu\\\/colegio\\\/el-colegio-salesiano-san-juan-bosco-de-valencia-recibe-el-premio-ciudadanos\\\/#primaryimage\"},\"thumbnailUrl\":\"https:\\\/\\\/valenciasjb.salesianos.edu\\\/colegio\\\/wp-content\\\/uploads\\\/sites\\\/2\\\/2019\\\/10\\\/PREMIOS-CIUDADANOS-OCT19-182.jpg\",\"datePublished\":\"2019-10-28T16:51:57+00:00\",\"dateModified\":\"2019-10-28T17:10:55+00:00\",\"author\":{\"@id\":\"https:\\\/\\\/valenciasjb.salesianos.edu\\\/colegio\\\/#\\\/schema\\\/person\\\/1f45b67e52b27da175190a574db6bed9\"},\"breadcrumb\":{\"@id\":\"https:\\\/\\\/valenciasjb.salesianos.edu\\\/colegio\\\/el-colegio-salesiano-san-juan-bosco-de-valencia-recibe-el-premio-ciudadanos\\\/#breadcrumb\"},\"inLanguage\":\"es\",\"potentialAction\":[{\"@type\":\"ReadAction\",\"target\":[\"https:\\\/\\\/valenciasjb.salesianos.edu\\\/colegio\\\/el-colegio-salesiano-san-juan-bosco-de-valencia-recibe-el-premio-ciudadanos\\\/\"]}]},{\"@type\":\"ImageObject\",\"inLanguage\":\"es\",\"@id\":\"https:\\\/\\\/valenciasjb.salesianos.edu\\\/colegio\\\/el-colegio-salesiano-san-juan-bosco-de-valencia-recibe-el-premio-ciudadanos\\\/#primaryimage\",\"url\":\"https:\\\/\\\/valenciasjb.salesianos.edu\\\/colegio\\\/wp-content\\\/uploads\\\/sites\\\/2\\\/2019\\\/10\\\/PREMIOS-CIUDADANOS-OCT19-182.jpg\",\"contentUrl\":\"https:\\\/\\\/valenciasjb.salesianos.edu\\\/colegio\\\/wp-content\\\/uploads\\\/sites\\\/2\\\/2019\\\/10\\\/PREMIOS-CIUDADANOS-OCT19-182.jpg\",\"width\":774,\"height\":516},{\"@type\":\"BreadcrumbList\",\"@id\":\"https:\\\/\\\/valenciasjb.salesianos.edu\\\/colegio\\\/el-colegio-salesiano-san-juan-bosco-de-valencia-recibe-el-premio-ciudadanos\\\/#breadcrumb\",\"itemListElement\":[{\"@type\":\"ListItem\",\"position\":1,\"name\":\"Portada\",\"item\":\"https:\\\/\\\/valenciasjb.salesianos.edu\\\/colegio\\\/\"},{\"@type\":\"ListItem\",\"position\":2,\"name\":\"El Colegio Salesiano San Juan Bosco de Valencia recibe el Premio Ciudadanos\"}]},{\"@type\":\"WebSite\",\"@id\":\"https:\\\/\\\/valenciasjb.salesianos.edu\\\/colegio\\\/#website\",\"url\":\"https:\\\/\\\/valenciasjb.salesianos.edu\\\/colegio\\\/\",\"name\":\"Colegio San Juan Bosco Valencia\",\"description\":\"P\u00e1gina oficial del Colegio Salesianos San Juan Bosco Valencia\",\"alternateName\":\"Salesianos.VSJB\",\"potentialAction\":[{\"@type\":\"SearchAction\",\"target\":{\"@type\":\"EntryPoint\",\"urlTemplate\":\"https:\\\/\\\/valenciasjb.salesianos.edu\\\/colegio\\\/?s={search_term_string}\"},\"query-input\":{\"@type\":\"PropertyValueSpecification\",\"valueRequired\":true,\"valueName\":\"search_term_string\"}}],\"inLanguage\":\"es\"},{\"@type\":\"Person\",\"@id\":\"https:\\\/\\\/valenciasjb.salesianos.edu\\\/colegio\\\/#\\\/schema\\\/person\\\/1f45b67e52b27da175190a574db6bed9\",\"name\":\"veronicapastor\",\"image\":{\"@type\":\"ImageObject\",\"inLanguage\":\"es\",\"@id\":\"https:\\\/\\\/secure.gravatar.com\\\/avatar\\\/e29bd40bace3fd935e1d6fdb7313ffc14628cc037c5e16f4c7369b20a2a6f7f0?s=96&d=mm&r=g\",\"url\":\"https:\\\/\\\/secure.gravatar.com\\\/avatar\\\/e29bd40bace3fd935e1d6fdb7313ffc14628cc037c5e16f4c7369b20a2a6f7f0?s=96&d=mm&r=g\",\"contentUrl\":\"https:\\\/\\\/secure.gravatar.com\\\/avatar\\\/e29bd40bace3fd935e1d6fdb7313ffc14628cc037c5e16f4c7369b20a2a6f7f0?s=96&d=mm&r=g\",\"caption\":\"veronicapastor\"}}]}<\/script>\n<!-- \/ Yoast SEO plugin. -->","yoast_head_json":{"title":"El Colegio Salesiano San Juan Bosco de Valencia recibe el Premio Ciudadanos - Colegio San Juan Bosco Valencia","robots":{"index":"index","follow":"follow","max-snippet":"max-snippet:-1","max-image-preview":"max-image-preview:large","max-video-preview":"max-video-preview:-1"},"canonical":"https:\/\/valenciasjb.salesianos.edu\/colegio\/el-colegio-salesiano-san-juan-bosco-de-valencia-recibe-el-premio-ciudadanos\/","og_locale":"es_ES","og_type":"article","og_title":"El Colegio Salesiano San Juan Bosco de Valencia recibe el Premio Ciudadanos - Colegio San Juan Bosco Valencia","og_description":"La Asociaci\u00f3n Premios Ciudadanos celebr\u00f3 en Madrid el acto de entrega de los galardones de la XXV edici\u00f3n de los Premios Ciudadanos \u2013 Una sociedad en valores. Entre los premiados de esta edici\u00f3n se encontraba el Colegio Salesiano San Juan Bosco de Valencia. La ceremonia tuvo lugar en el Sal\u00f3n de Actos de la Secretar\u00eda [&hellip;]","og_url":"https:\/\/valenciasjb.salesianos.edu\/colegio\/el-colegio-salesiano-san-juan-bosco-de-valencia-recibe-el-premio-ciudadanos\/","og_site_name":"Colegio San Juan Bosco Valencia","article_publisher":"https:\/\/www.facebook.com\/ColegioSalesianoSanJuanBoscoValencia","article_published_time":"2019-10-28T16:51:57+00:00","article_modified_time":"2019-10-28T17:10:55+00:00","og_image":[{"width":774,"height":516,"url":"https:\/\/valenciasjb.salesianos.edu\/colegio\/wp-content\/uploads\/sites\/2\/2019\/10\/PREMIOS-CIUDADANOS-OCT19-182.jpg","type":"image\/jpeg"}],"author":"veronicapastor","twitter_card":"summary_large_image","twitter_creator":"@SalesianosVSJB","twitter_site":"@SalesianosVSJB","twitter_misc":{"Escrito por":"veronicapastor","Tiempo de lectura":"3 minutos"},"schema":{"@context":"https:\/\/schema.org","@graph":[{"@type":"Article","@id":"https:\/\/valenciasjb.salesianos.edu\/colegio\/el-colegio-salesiano-san-juan-bosco-de-valencia-recibe-el-premio-ciudadanos\/#article","isPartOf":{"@id":"https:\/\/valenciasjb.salesianos.edu\/colegio\/el-colegio-salesiano-san-juan-bosco-de-valencia-recibe-el-premio-ciudadanos\/"},"author":{"name":"veronicapastor","@id":"https:\/\/valenciasjb.salesianos.edu\/colegio\/#\/schema\/person\/1f45b67e52b27da175190a574db6bed9"},"headline":"El Colegio Salesiano San Juan Bosco de Valencia recibe el Premio Ciudadanos","datePublished":"2019-10-28T16:51:57+00:00","dateModified":"2019-10-28T17:10:55+00:00","mainEntityOfPage":{"@id":"https:\/\/valenciasjb.salesianos.edu\/colegio\/el-colegio-salesiano-san-juan-bosco-de-valencia-recibe-el-premio-ciudadanos\/"},"wordCount":685,"image":{"@id":"https:\/\/valenciasjb.salesianos.edu\/colegio\/el-colegio-salesiano-san-juan-bosco-de-valencia-recibe-el-premio-ciudadanos\/#primaryimage"},"thumbnailUrl":"https:\/\/valenciasjb.salesianos.edu\/colegio\/wp-content\/uploads\/sites\/2\/2019\/10\/PREMIOS-CIUDADANOS-OCT19-182.jpg","articleSection":["Noticia Colegio"],"inLanguage":"es"},{"@type":"WebPage","@id":"https:\/\/valenciasjb.salesianos.edu\/colegio\/el-colegio-salesiano-san-juan-bosco-de-valencia-recibe-el-premio-ciudadanos\/","url":"https:\/\/valenciasjb.salesianos.edu\/colegio\/el-colegio-salesiano-san-juan-bosco-de-valencia-recibe-el-premio-ciudadanos\/","name":"El Colegio Salesiano San Juan Bosco de Valencia recibe el Premio Ciudadanos - Colegio San Juan Bosco Valencia","isPartOf":{"@id":"https:\/\/valenciasjb.salesianos.edu\/colegio\/#website"},"primaryImageOfPage":{"@id":"https:\/\/valenciasjb.salesianos.edu\/colegio\/el-colegio-salesiano-san-juan-bosco-de-valencia-recibe-el-premio-ciudadanos\/#primaryimage"},"image":{"@id":"https:\/\/valenciasjb.salesianos.edu\/colegio\/el-colegio-salesiano-san-juan-bosco-de-valencia-recibe-el-premio-ciudadanos\/#primaryimage"},"thumbnailUrl":"https:\/\/valenciasjb.salesianos.edu\/colegio\/wp-content\/uploads\/sites\/2\/2019\/10\/PREMIOS-CIUDADANOS-OCT19-182.jpg","datePublished":"2019-10-28T16:51:57+00:00","dateModified":"2019-10-28T17:10:55+00:00","author":{"@id":"https:\/\/valenciasjb.salesianos.edu\/colegio\/#\/schema\/person\/1f45b67e52b27da175190a574db6bed9"},"breadcrumb":{"@id":"https:\/\/valenciasjb.salesianos.edu\/colegio\/el-colegio-salesiano-san-juan-bosco-de-valencia-recibe-el-premio-ciudadanos\/#breadcrumb"},"inLanguage":"es","potentialAction":[{"@type":"ReadAction","target":["https:\/\/valenciasjb.salesianos.edu\/colegio\/el-colegio-salesiano-san-juan-bosco-de-valencia-recibe-el-premio-ciudadanos\/"]}]},{"@type":"ImageObject","inLanguage":"es","@id":"https:\/\/valenciasjb.salesianos.edu\/colegio\/el-colegio-salesiano-san-juan-bosco-de-valencia-recibe-el-premio-ciudadanos\/#primaryimage","url":"https:\/\/valenciasjb.salesianos.edu\/colegio\/wp-content\/uploads\/sites\/2\/2019\/10\/PREMIOS-CIUDADANOS-OCT19-182.jpg","contentUrl":"https:\/\/valenciasjb.salesianos.edu\/colegio\/wp-content\/uploads\/sites\/2\/2019\/10\/PREMIOS-CIUDADANOS-OCT19-182.jpg","width":774,"height":516},{"@type":"BreadcrumbList","@id":"https:\/\/valenciasjb.salesianos.edu\/colegio\/el-colegio-salesiano-san-juan-bosco-de-valencia-recibe-el-premio-ciudadanos\/#breadcrumb","itemListElement":[{"@type":"ListItem","position":1,"name":"Portada","item":"https:\/\/valenciasjb.salesianos.edu\/colegio\/"},{"@type":"ListItem","position":2,"name":"El Colegio Salesiano San Juan Bosco de Valencia recibe el Premio Ciudadanos"}]},{"@type":"WebSite","@id":"https:\/\/valenciasjb.salesianos.edu\/colegio\/#website","url":"https:\/\/valenciasjb.salesianos.edu\/colegio\/","name":"Colegio San Juan Bosco Valencia","description":"P\u00e1gina oficial del Colegio Salesianos San Juan Bosco Valencia","alternateName":"Salesianos.VSJB","potentialAction":[{"@type":"SearchAction","target":{"@type":"EntryPoint","urlTemplate":"https:\/\/valenciasjb.salesianos.edu\/colegio\/?s={search_term_string}"},"query-input":{"@type":"PropertyValueSpecification","valueRequired":true,"valueName":"search_term_string"}}],"inLanguage":"es"},{"@type":"Person","@id":"https:\/\/valenciasjb.salesianos.edu\/colegio\/#\/schema\/person\/1f45b67e52b27da175190a574db6bed9","name":"veronicapastor","image":{"@type":"ImageObject","inLanguage":"es","@id":"https:\/\/secure.gravatar.com\/avatar\/e29bd40bace3fd935e1d6fdb7313ffc14628cc037c5e16f4c7369b20a2a6f7f0?s=96&d=mm&r=g","url":"https:\/\/secure.gravatar.com\/avatar\/e29bd40bace3fd935e1d6fdb7313ffc14628cc037c5e16f4c7369b20a2a6f7f0?s=96&d=mm&r=g","contentUrl":"https:\/\/secure.gravatar.com\/avatar\/e29bd40bace3fd935e1d6fdb7313ffc14628cc037c5e16f4c7369b20a2a6f7f0?s=96&d=mm&r=g","caption":"veronicapastor"}}]}},"_links":{"self":[{"href":"https:\/\/valenciasjb.salesianos.edu\/colegio\/wp-json\/wp\/v2\/posts\/11417","targetHints":{"allow":["GET"]}}],"collection":[{"href":"https:\/\/valenciasjb.salesianos.edu\/colegio\/wp-json\/wp\/v2\/posts"}],"about":[{"href":"https:\/\/valenciasjb.salesianos.edu\/colegio\/wp-json\/wp\/v2\/types\/post"}],"author":[{"embeddable":true,"href":"https:\/\/valenciasjb.salesianos.edu\/colegio\/wp-json\/wp\/v2\/users\/6"}],"replies":[{"embeddable":true,"href":"https:\/\/valenciasjb.salesianos.edu\/colegio\/wp-json\/wp\/v2\/comments?post=11417"}],"version-history":[{"count":5,"href":"https:\/\/valenciasjb.salesianos.edu\/colegio\/wp-json\/wp\/v2\/posts\/11417\/revisions"}],"predecessor-version":[{"id":11429,"href":"https:\/\/valenciasjb.salesianos.edu\/colegio\/wp-json\/wp\/v2\/posts\/11417\/revisions\/11429"}],"wp:featuredmedia":[{"embeddable":true,"href":"https:\/\/valenciasjb.salesianos.edu\/colegio\/wp-json\/wp\/v2\/media\/11423"}],"wp:attachment":[{"href":"https:\/\/valenciasjb.salesianos.edu\/colegio\/wp-json\/wp\/v2\/media?parent=11417"}],"wp:term":[{"taxonomy":"category","embeddable":true,"href":"https:\/\/valenciasjb.salesianos.edu\/colegio\/wp-json\/wp\/v2\/categories?post=11417"},{"taxonomy":"post_tag","embeddable":true,"href":"https:\/\/valenciasjb.salesianos.edu\/colegio\/wp-json\/wp\/v2\/tags?post=11417"}],"curies":[{"name":"wp","href":"https:\/\/api.w.org\/{rel}","templated":true}]}}