{"id":11431,"date":"2019-10-31T13:37:14","date_gmt":"2019-10-31T12:37:14","guid":{"rendered":"https:\/\/valenciasjb.salesianos.edu\/colegio\/?p=11431"},"modified":"2019-11-01T16:17:31","modified_gmt":"2019-11-01T15:17:31","slug":"mariners-i-marineres-nuevo-proyecto-en-5-anos","status":"publish","type":"post","link":"https:\/\/valenciasjb.salesianos.edu\/colegio\/mariners-i-marineres-nuevo-proyecto-en-5-anos\/","title":{"rendered":"\u201cMariners i marineres\u201d, nuevo proyecto en 5 a\u00f1os"},"content":{"rendered":"<div id=\"fb-root\"><\/div>\n<p>[et_pb_section fb_built=\u00bb1&#8243; admin_label=\u00bbsection\u00bb _builder_version=\u00bb3.22&#8243; fb_built=\u00bb1&#8243; bb_built=\u00bb1&#8243; _i=\u00bb0&#8243; _address=\u00bb0&#8243;][et_pb_row admin_label=\u00bbrow\u00bb _builder_version=\u00bb3.25&#8243; background_size=\u00bbinitial\u00bb background_position=\u00bbtop_left\u00bb background_repeat=\u00bbrepeat\u00bb _i=\u00bb0&#8243; _address=\u00bb0.0&#8243;][et_pb_column type=\u00bb4_4&#8243; _builder_version=\u00bb3.25&#8243; custom_padding=\u00bb|||\u00bb _i=\u00bb0&#8243; _address=\u00bb0.0.0&#8243; custom_padding__hover=\u00bb|||\u00bb][et_pb_text admin_label=\u00bbEntradilla (Texto)\u00bb _builder_version=\u00bb3.29.2&#8243; text_font=\u00bb|on|||\u00bb text_orientation=\u00bbjustified\u00bb module_alignment=\u00bbjustified\u00bb _i=\u00bb0&#8243; _address=\u00bb0.0.0.0&#8243;]<\/p>\n<div id=\"resumen\">\n<p class=\"western\"><span style=\"font-family: Verdana, serif\"><span style=\"font-size: small\"><b>Los ni\u00f1os y ni\u00f1as de 5 a\u00f1os de Educaci\u00f3n Infantil comienzan su gran aventura en el fondo del mar.\u00a0<\/b><\/span><\/span><\/p>\n<\/div>\n<div>\u00a0<\/div>\n<p>[\/et_pb_text][et_pb_text admin_label=\u00bbAutor (Texto)\u00bb _builder_version=\u00bb3.29.2&#8243; text_font=\u00bb||on||\u00bb hover_enabled=\u00bb0&#8243; _i=\u00bb1&#8243; _address=\u00bb0.0.0.1&#8243;]<\/p>\n<p><span style=\"font-family: Liberation Serif, serif\"><span style=\"font-size: medium\"><span style=\"font-family: Verdana, serif\"><span style=\"font-size: small\"><b>Esther Garc\u00eda. Profesora de Educaci\u00f3n Infantil<\/b><\/span><\/span><\/span><\/span><\/p>\n<p>[\/et_pb_text][et_pb_text admin_label=\u00bbDesarrollo (Texto)\u00bb _builder_version=\u00bb3.29.2&#8243; text_orientation=\u00bbjustified\u00bb module_alignment=\u00bbjustified\u00bb _i=\u00bb2&#8243; _address=\u00bb0.0.0.2&#8243;]<\/p>\n<p>\u200b<span style=\"font-family: Verdana, serif\"><span style=\"font-size: small\">Los alumnos y alumnas de 5 a\u00f1os de la etapa de Educaci\u00f3n Infantil han comenzado un nuevo proyecto bajo el t\u00edtulo \u00abMariners i Marineres\u00bb.\u00a0<\/span><\/span><\/p>\n<p class=\"western\"><span style=\"font-family: Verdana, serif\"><span style=\"font-size: small\">Todo comenz\u00f3 con un mensaje dentro de una botella que apareci\u00f3 en clase. En este mensaje, nuestro nuevo amigo Nereu nos contaba una triste historia de una tortuga que se hab\u00eda enganchado una pata con un pl\u00e1stico vertido en el mar. Nereu nos pidi\u00f3 ayuda y no dudamos en aceptar.\u00a0<\/span><\/span><\/p>\n<p class=\"western\"><span style=\"font-family: Verdana, serif\"><span style=\"font-size: small\">Pronto nos adentramos en las curiosidades de la vida en el mar: animales, plantas, fen\u00f3menos atmosf\u00e9ricos, la figura de los marineros (quienes son, c\u00f3mo trabajan, c\u00f3mo se desplazan, c\u00f3mo se orientan&#8230;), todo ello con una gran novedad que supone un reto para todos: la investigaci\u00f3n de los temas por equipos reducidos de trabajo.\u00a0<\/span><\/span><\/p>\n<p class=\"western\"><span style=\"font-family: Verdana, serif\"><span style=\"font-size: small\">Se han organizado 6 grupos de trabajo dentro del aula, cada uno de ellos con un tema determinado a investigar. Los alumnos, en primer lugar, investigan de manera individual con ayuda de sus familiares sobre el tema que les ha tocado. Posteriormente comparten dicha informaci\u00f3n con su equipo reducido de trabajo y, finalmente, el equipo ense\u00f1a al resto de la clase los resultados de la investigaci\u00f3n.\u00a0<\/span><\/span><\/p>\n<p class=\"western\"><span style=\"font-family: Verdana, serif\"><span style=\"font-size: small\">Est\u00e1 siendo un trabajo muy enriquecedor con el que estamos disfrutando y aprendiendo tanto mayores como peque\u00f1os.<\/span><\/span><\/p>\n<p>[\/et_pb_text][et_pb_text disabled_on=\u00bboff|on|on\u00bb admin_label=\u00bbT\u00edtulo: Galer\u00eda de fotos (Texto)\u00bb _builder_version=\u00bb3.27.4&#8243; text_font=\u00bb|on|||\u00bb text_text_color=\u00bb#dc001b\u00bb border_style=\u00bbsolid\u00bb _i=\u00bb3&#8243; _address=\u00bb0.0.0.3&#8243;]Galer\u00eda de im\u00e1genes<br \/>\n[\/et_pb_text][et_pb_gallery gallery_ids=\u00bb11434,11435,11436,11437,11438,11439&#8243; posts_number=\u00bb8&#8243; show_title_and_caption=\u00bboff\u00bb zoom_icon_color=\u00bb#dc001b\u00bb hover_icon=\u00bb%%51%%\u00bb disabled_on=\u00bboff|off|off\u00bb _builder_version=\u00bb3.29.2&#8243; pagination_font_size_tablet=\u00bb51&#8243; pagination_line_height_tablet=\u00bb2&#8243; _i=\u00bb4&#8243; _address=\u00bb0.0.0.4&#8243;][\/et_pb_gallery][et_pb_video disabled_on=\u00bbon|on|on\u00bb _builder_version=\u00bb3.0.51&#8243; disabled=\u00bbon\u00bb _i=\u00bb5&#8243; _address=\u00bb0.0.0.5&#8243;][\/et_pb_video][\/et_pb_column][\/et_pb_row][\/et_pb_section]<\/p>\n<!-- AddThis Advanced Settings generic via filter on the_content --><!-- AddThis Share Buttons generic via filter on the_content -->","protected":false},"excerpt":{"rendered":"<p>Los ni\u00f1os y ni\u00f1as de 5 a\u00f1os de Educaci\u00f3n Infantil comienzan su gran aventura en el fondo del mar.\u00a0 \u00a0Esther Garc\u00eda. Profesora de Educaci\u00f3n Infantil \u200bLos alumnos y alumnas de 5 a\u00f1os de la etapa de Educaci\u00f3n Infantil han comenzado un nuevo proyecto bajo el t\u00edtulo \u00abMariners i Marineres\u00bb.\u00a0 Todo comenz\u00f3 con un mensaje dentro [&hellip;]<\/p>\n<p><!-- AddThis Advanced Settings generic via filter on get_the_excerpt --><!-- AddThis Share Buttons generic via filter on get_the_excerpt --><\/p>\n","protected":false},"author":6,"featured_media":11435,"comment_status":"closed","ping_status":"open","sticky":false,"template":"","format":"standard","meta":{"_et_pb_use_builder":"on","_et_pb_old_content":"","_et_gb_content_width":"","footnotes":""},"categories":[14],"tags":[],"class_list":["post-11431","post","type-post","status-publish","format-standard","has-post-thumbnail","hentry","category-noticia_colegio"],"yoast_head":"<!-- This site is optimized with the Yoast SEO plugin v28.3 - https:\/\/yoast.com\/product\/yoast-seo-wordpress\/ -->\n<title>\u201cMariners i marineres\u201d, nuevo proyecto en 5 a\u00f1os - Colegio San Juan Bosco Valencia<\/title>\n<meta name=\"robots\" content=\"index, follow, max-snippet:-1, max-image-preview:large, max-video-preview:-1\" \/>\n<link rel=\"canonical\" href=\"https:\/\/valenciasjb.salesianos.edu\/colegio\/mariners-i-marineres-nuevo-proyecto-en-5-anos\/\" \/>\n<meta property=\"og:locale\" content=\"es_ES\" \/>\n<meta property=\"og:type\" content=\"article\" \/>\n<meta property=\"og:title\" content=\"\u201cMariners i marineres\u201d, nuevo proyecto en 5 a\u00f1os - Colegio San Juan Bosco Valencia\" \/>\n<meta property=\"og:description\" content=\"Los ni\u00f1os y ni\u00f1as de 5 a\u00f1os de Educaci\u00f3n Infantil comienzan su gran aventura en el fondo del mar.\u00a0 \u00a0Esther Garc\u00eda. Profesora de Educaci\u00f3n Infantil \u200bLos alumnos y alumnas de 5 a\u00f1os de la etapa de Educaci\u00f3n Infantil han comenzado un nuevo proyecto bajo el t\u00edtulo &quot;Mariners i Marineres&quot;.\u00a0 Todo comenz\u00f3 con un mensaje dentro [&hellip;]\" \/>\n<meta property=\"og:url\" content=\"https:\/\/valenciasjb.salesianos.edu\/colegio\/mariners-i-marineres-nuevo-proyecto-en-5-anos\/\" \/>\n<meta property=\"og:site_name\" content=\"Colegio San Juan Bosco Valencia\" \/>\n<meta property=\"article:publisher\" content=\"https:\/\/www.facebook.com\/ColegioSalesianoSanJuanBoscoValencia\" \/>\n<meta property=\"article:published_time\" content=\"2019-10-31T12:37:14+00:00\" \/>\n<meta property=\"article:modified_time\" content=\"2019-11-01T15:17:31+00:00\" \/>\n<meta property=\"og:image\" content=\"https:\/\/valenciasjb.salesianos.edu\/colegio\/wp-content\/uploads\/sites\/2\/2019\/10\/20191016_154014.jpg\" \/>\n\t<meta property=\"og:image:width\" content=\"3264\" \/>\n\t<meta property=\"og:image:height\" content=\"1836\" \/>\n\t<meta property=\"og:image:type\" content=\"image\/jpeg\" \/>\n<meta name=\"author\" content=\"veronicapastor\" \/>\n<meta name=\"twitter:card\" content=\"summary_large_image\" \/>\n<meta name=\"twitter:creator\" content=\"@SalesianosVSJB\" \/>\n<meta name=\"twitter:site\" content=\"@SalesianosVSJB\" \/>\n<meta name=\"twitter:label1\" content=\"Escrito por\" \/>\n\t<meta name=\"twitter:data1\" content=\"veronicapastor\" \/>\n\t<meta name=\"twitter:label2\" content=\"Tiempo de lectura\" \/>\n\t<meta name=\"twitter:data2\" content=\"2 minutos\" \/>\n<script type=\"application\/ld+json\" class=\"yoast-schema-graph\">{\"@context\":\"https:\\\/\\\/schema.org\",\"@graph\":[{\"@type\":\"Article\",\"@id\":\"https:\\\/\\\/valenciasjb.salesianos.edu\\\/colegio\\\/mariners-i-marineres-nuevo-proyecto-en-5-anos\\\/#article\",\"isPartOf\":{\"@id\":\"https:\\\/\\\/valenciasjb.salesianos.edu\\\/colegio\\\/mariners-i-marineres-nuevo-proyecto-en-5-anos\\\/\"},\"author\":{\"name\":\"veronicapastor\",\"@id\":\"https:\\\/\\\/valenciasjb.salesianos.edu\\\/colegio\\\/#\\\/schema\\\/person\\\/1f45b67e52b27da175190a574db6bed9\"},\"headline\":\"\u201cMariners i marineres\u201d, nuevo proyecto en 5 a\u00f1os\",\"datePublished\":\"2019-10-31T12:37:14+00:00\",\"dateModified\":\"2019-11-01T15:17:31+00:00\",\"mainEntityOfPage\":{\"@id\":\"https:\\\/\\\/valenciasjb.salesianos.edu\\\/colegio\\\/mariners-i-marineres-nuevo-proyecto-en-5-anos\\\/\"},\"wordCount\":477,\"image\":{\"@id\":\"https:\\\/\\\/valenciasjb.salesianos.edu\\\/colegio\\\/mariners-i-marineres-nuevo-proyecto-en-5-anos\\\/#primaryimage\"},\"thumbnailUrl\":\"https:\\\/\\\/valenciasjb.salesianos.edu\\\/colegio\\\/wp-content\\\/uploads\\\/sites\\\/2\\\/2019\\\/10\\\/20191016_154014.jpg\",\"articleSection\":[\"Noticia Colegio\"],\"inLanguage\":\"es\"},{\"@type\":\"WebPage\",\"@id\":\"https:\\\/\\\/valenciasjb.salesianos.edu\\\/colegio\\\/mariners-i-marineres-nuevo-proyecto-en-5-anos\\\/\",\"url\":\"https:\\\/\\\/valenciasjb.salesianos.edu\\\/colegio\\\/mariners-i-marineres-nuevo-proyecto-en-5-anos\\\/\",\"name\":\"\u201cMariners i marineres\u201d, nuevo proyecto en 5 a\u00f1os - Colegio San Juan Bosco Valencia\",\"isPartOf\":{\"@id\":\"https:\\\/\\\/valenciasjb.salesianos.edu\\\/colegio\\\/#website\"},\"primaryImageOfPage\":{\"@id\":\"https:\\\/\\\/valenciasjb.salesianos.edu\\\/colegio\\\/mariners-i-marineres-nuevo-proyecto-en-5-anos\\\/#primaryimage\"},\"image\":{\"@id\":\"https:\\\/\\\/valenciasjb.salesianos.edu\\\/colegio\\\/mariners-i-marineres-nuevo-proyecto-en-5-anos\\\/#primaryimage\"},\"thumbnailUrl\":\"https:\\\/\\\/valenciasjb.salesianos.edu\\\/colegio\\\/wp-content\\\/uploads\\\/sites\\\/2\\\/2019\\\/10\\\/20191016_154014.jpg\",\"datePublished\":\"2019-10-31T12:37:14+00:00\",\"dateModified\":\"2019-11-01T15:17:31+00:00\",\"author\":{\"@id\":\"https:\\\/\\\/valenciasjb.salesianos.edu\\\/colegio\\\/#\\\/schema\\\/person\\\/1f45b67e52b27da175190a574db6bed9\"},\"breadcrumb\":{\"@id\":\"https:\\\/\\\/valenciasjb.salesianos.edu\\\/colegio\\\/mariners-i-marineres-nuevo-proyecto-en-5-anos\\\/#breadcrumb\"},\"inLanguage\":\"es\",\"potentialAction\":[{\"@type\":\"ReadAction\",\"target\":[\"https:\\\/\\\/valenciasjb.salesianos.edu\\\/colegio\\\/mariners-i-marineres-nuevo-proyecto-en-5-anos\\\/\"]}]},{\"@type\":\"ImageObject\",\"inLanguage\":\"es\",\"@id\":\"https:\\\/\\\/valenciasjb.salesianos.edu\\\/colegio\\\/mariners-i-marineres-nuevo-proyecto-en-5-anos\\\/#primaryimage\",\"url\":\"https:\\\/\\\/valenciasjb.salesianos.edu\\\/colegio\\\/wp-content\\\/uploads\\\/sites\\\/2\\\/2019\\\/10\\\/20191016_154014.jpg\",\"contentUrl\":\"https:\\\/\\\/valenciasjb.salesianos.edu\\\/colegio\\\/wp-content\\\/uploads\\\/sites\\\/2\\\/2019\\\/10\\\/20191016_154014.jpg\",\"width\":3264,\"height\":1836},{\"@type\":\"BreadcrumbList\",\"@id\":\"https:\\\/\\\/valenciasjb.salesianos.edu\\\/colegio\\\/mariners-i-marineres-nuevo-proyecto-en-5-anos\\\/#breadcrumb\",\"itemListElement\":[{\"@type\":\"ListItem\",\"position\":1,\"name\":\"Portada\",\"item\":\"https:\\\/\\\/valenciasjb.salesianos.edu\\\/colegio\\\/\"},{\"@type\":\"ListItem\",\"position\":2,\"name\":\"\u201cMariners i marineres\u201d, nuevo proyecto en 5 a\u00f1os\"}]},{\"@type\":\"WebSite\",\"@id\":\"https:\\\/\\\/valenciasjb.salesianos.edu\\\/colegio\\\/#website\",\"url\":\"https:\\\/\\\/valenciasjb.salesianos.edu\\\/colegio\\\/\",\"name\":\"Colegio San Juan Bosco Valencia\",\"description\":\"P\u00e1gina oficial del Colegio Salesianos San Juan Bosco Valencia\",\"alternateName\":\"Salesianos.VSJB\",\"potentialAction\":[{\"@type\":\"SearchAction\",\"target\":{\"@type\":\"EntryPoint\",\"urlTemplate\":\"https:\\\/\\\/valenciasjb.salesianos.edu\\\/colegio\\\/?s={search_term_string}\"},\"query-input\":{\"@type\":\"PropertyValueSpecification\",\"valueRequired\":true,\"valueName\":\"search_term_string\"}}],\"inLanguage\":\"es\"},{\"@type\":\"Person\",\"@id\":\"https:\\\/\\\/valenciasjb.salesianos.edu\\\/colegio\\\/#\\\/schema\\\/person\\\/1f45b67e52b27da175190a574db6bed9\",\"name\":\"veronicapastor\",\"image\":{\"@type\":\"ImageObject\",\"inLanguage\":\"es\",\"@id\":\"https:\\\/\\\/secure.gravatar.com\\\/avatar\\\/e29bd40bace3fd935e1d6fdb7313ffc14628cc037c5e16f4c7369b20a2a6f7f0?s=96&d=mm&r=g\",\"url\":\"https:\\\/\\\/secure.gravatar.com\\\/avatar\\\/e29bd40bace3fd935e1d6fdb7313ffc14628cc037c5e16f4c7369b20a2a6f7f0?s=96&d=mm&r=g\",\"contentUrl\":\"https:\\\/\\\/secure.gravatar.com\\\/avatar\\\/e29bd40bace3fd935e1d6fdb7313ffc14628cc037c5e16f4c7369b20a2a6f7f0?s=96&d=mm&r=g\",\"caption\":\"veronicapastor\"}}]}<\/script>\n<!-- \/ Yoast SEO plugin. -->","yoast_head_json":{"title":"\u201cMariners i marineres\u201d, nuevo proyecto en 5 a\u00f1os - Colegio San Juan Bosco Valencia","robots":{"index":"index","follow":"follow","max-snippet":"max-snippet:-1","max-image-preview":"max-image-preview:large","max-video-preview":"max-video-preview:-1"},"canonical":"https:\/\/valenciasjb.salesianos.edu\/colegio\/mariners-i-marineres-nuevo-proyecto-en-5-anos\/","og_locale":"es_ES","og_type":"article","og_title":"\u201cMariners i marineres\u201d, nuevo proyecto en 5 a\u00f1os - Colegio San Juan Bosco Valencia","og_description":"Los ni\u00f1os y ni\u00f1as de 5 a\u00f1os de Educaci\u00f3n Infantil comienzan su gran aventura en el fondo del mar.\u00a0 \u00a0Esther Garc\u00eda. Profesora de Educaci\u00f3n Infantil \u200bLos alumnos y alumnas de 5 a\u00f1os de la etapa de Educaci\u00f3n Infantil han comenzado un nuevo proyecto bajo el t\u00edtulo \"Mariners i Marineres\".\u00a0 Todo comenz\u00f3 con un mensaje dentro [&hellip;]","og_url":"https:\/\/valenciasjb.salesianos.edu\/colegio\/mariners-i-marineres-nuevo-proyecto-en-5-anos\/","og_site_name":"Colegio San Juan Bosco Valencia","article_publisher":"https:\/\/www.facebook.com\/ColegioSalesianoSanJuanBoscoValencia","article_published_time":"2019-10-31T12:37:14+00:00","article_modified_time":"2019-11-01T15:17:31+00:00","og_image":[{"width":3264,"height":1836,"url":"https:\/\/valenciasjb.salesianos.edu\/colegio\/wp-content\/uploads\/sites\/2\/2019\/10\/20191016_154014.jpg","type":"image\/jpeg"}],"author":"veronicapastor","twitter_card":"summary_large_image","twitter_creator":"@SalesianosVSJB","twitter_site":"@SalesianosVSJB","twitter_misc":{"Escrito por":"veronicapastor","Tiempo de lectura":"2 minutos"},"schema":{"@context":"https:\/\/schema.org","@graph":[{"@type":"Article","@id":"https:\/\/valenciasjb.salesianos.edu\/colegio\/mariners-i-marineres-nuevo-proyecto-en-5-anos\/#article","isPartOf":{"@id":"https:\/\/valenciasjb.salesianos.edu\/colegio\/mariners-i-marineres-nuevo-proyecto-en-5-anos\/"},"author":{"name":"veronicapastor","@id":"https:\/\/valenciasjb.salesianos.edu\/colegio\/#\/schema\/person\/1f45b67e52b27da175190a574db6bed9"},"headline":"\u201cMariners i marineres\u201d, nuevo proyecto en 5 a\u00f1os","datePublished":"2019-10-31T12:37:14+00:00","dateModified":"2019-11-01T15:17:31+00:00","mainEntityOfPage":{"@id":"https:\/\/valenciasjb.salesianos.edu\/colegio\/mariners-i-marineres-nuevo-proyecto-en-5-anos\/"},"wordCount":477,"image":{"@id":"https:\/\/valenciasjb.salesianos.edu\/colegio\/mariners-i-marineres-nuevo-proyecto-en-5-anos\/#primaryimage"},"thumbnailUrl":"https:\/\/valenciasjb.salesianos.edu\/colegio\/wp-content\/uploads\/sites\/2\/2019\/10\/20191016_154014.jpg","articleSection":["Noticia Colegio"],"inLanguage":"es"},{"@type":"WebPage","@id":"https:\/\/valenciasjb.salesianos.edu\/colegio\/mariners-i-marineres-nuevo-proyecto-en-5-anos\/","url":"https:\/\/valenciasjb.salesianos.edu\/colegio\/mariners-i-marineres-nuevo-proyecto-en-5-anos\/","name":"\u201cMariners i marineres\u201d, nuevo proyecto en 5 a\u00f1os - Colegio San Juan Bosco Valencia","isPartOf":{"@id":"https:\/\/valenciasjb.salesianos.edu\/colegio\/#website"},"primaryImageOfPage":{"@id":"https:\/\/valenciasjb.salesianos.edu\/colegio\/mariners-i-marineres-nuevo-proyecto-en-5-anos\/#primaryimage"},"image":{"@id":"https:\/\/valenciasjb.salesianos.edu\/colegio\/mariners-i-marineres-nuevo-proyecto-en-5-anos\/#primaryimage"},"thumbnailUrl":"https:\/\/valenciasjb.salesianos.edu\/colegio\/wp-content\/uploads\/sites\/2\/2019\/10\/20191016_154014.jpg","datePublished":"2019-10-31T12:37:14+00:00","dateModified":"2019-11-01T15:17:31+00:00","author":{"@id":"https:\/\/valenciasjb.salesianos.edu\/colegio\/#\/schema\/person\/1f45b67e52b27da175190a574db6bed9"},"breadcrumb":{"@id":"https:\/\/valenciasjb.salesianos.edu\/colegio\/mariners-i-marineres-nuevo-proyecto-en-5-anos\/#breadcrumb"},"inLanguage":"es","potentialAction":[{"@type":"ReadAction","target":["https:\/\/valenciasjb.salesianos.edu\/colegio\/mariners-i-marineres-nuevo-proyecto-en-5-anos\/"]}]},{"@type":"ImageObject","inLanguage":"es","@id":"https:\/\/valenciasjb.salesianos.edu\/colegio\/mariners-i-marineres-nuevo-proyecto-en-5-anos\/#primaryimage","url":"https:\/\/valenciasjb.salesianos.edu\/colegio\/wp-content\/uploads\/sites\/2\/2019\/10\/20191016_154014.jpg","contentUrl":"https:\/\/valenciasjb.salesianos.edu\/colegio\/wp-content\/uploads\/sites\/2\/2019\/10\/20191016_154014.jpg","width":3264,"height":1836},{"@type":"BreadcrumbList","@id":"https:\/\/valenciasjb.salesianos.edu\/colegio\/mariners-i-marineres-nuevo-proyecto-en-5-anos\/#breadcrumb","itemListElement":[{"@type":"ListItem","position":1,"name":"Portada","item":"https:\/\/valenciasjb.salesianos.edu\/colegio\/"},{"@type":"ListItem","position":2,"name":"\u201cMariners i marineres\u201d, nuevo proyecto en 5 a\u00f1os"}]},{"@type":"WebSite","@id":"https:\/\/valenciasjb.salesianos.edu\/colegio\/#website","url":"https:\/\/valenciasjb.salesianos.edu\/colegio\/","name":"Colegio San Juan Bosco Valencia","description":"P\u00e1gina oficial del Colegio Salesianos San Juan Bosco Valencia","alternateName":"Salesianos.VSJB","potentialAction":[{"@type":"SearchAction","target":{"@type":"EntryPoint","urlTemplate":"https:\/\/valenciasjb.salesianos.edu\/colegio\/?s={search_term_string}"},"query-input":{"@type":"PropertyValueSpecification","valueRequired":true,"valueName":"search_term_string"}}],"inLanguage":"es"},{"@type":"Person","@id":"https:\/\/valenciasjb.salesianos.edu\/colegio\/#\/schema\/person\/1f45b67e52b27da175190a574db6bed9","name":"veronicapastor","image":{"@type":"ImageObject","inLanguage":"es","@id":"https:\/\/secure.gravatar.com\/avatar\/e29bd40bace3fd935e1d6fdb7313ffc14628cc037c5e16f4c7369b20a2a6f7f0?s=96&d=mm&r=g","url":"https:\/\/secure.gravatar.com\/avatar\/e29bd40bace3fd935e1d6fdb7313ffc14628cc037c5e16f4c7369b20a2a6f7f0?s=96&d=mm&r=g","contentUrl":"https:\/\/secure.gravatar.com\/avatar\/e29bd40bace3fd935e1d6fdb7313ffc14628cc037c5e16f4c7369b20a2a6f7f0?s=96&d=mm&r=g","caption":"veronicapastor"}}]}},"_links":{"self":[{"href":"https:\/\/valenciasjb.salesianos.edu\/colegio\/wp-json\/wp\/v2\/posts\/11431","targetHints":{"allow":["GET"]}}],"collection":[{"href":"https:\/\/valenciasjb.salesianos.edu\/colegio\/wp-json\/wp\/v2\/posts"}],"about":[{"href":"https:\/\/valenciasjb.salesianos.edu\/colegio\/wp-json\/wp\/v2\/types\/post"}],"author":[{"embeddable":true,"href":"https:\/\/valenciasjb.salesianos.edu\/colegio\/wp-json\/wp\/v2\/users\/6"}],"replies":[{"embeddable":true,"href":"https:\/\/valenciasjb.salesianos.edu\/colegio\/wp-json\/wp\/v2\/comments?post=11431"}],"version-history":[{"count":8,"href":"https:\/\/valenciasjb.salesianos.edu\/colegio\/wp-json\/wp\/v2\/posts\/11431\/revisions"}],"predecessor-version":[{"id":11464,"href":"https:\/\/valenciasjb.salesianos.edu\/colegio\/wp-json\/wp\/v2\/posts\/11431\/revisions\/11464"}],"wp:featuredmedia":[{"embeddable":true,"href":"https:\/\/valenciasjb.salesianos.edu\/colegio\/wp-json\/wp\/v2\/media\/11435"}],"wp:attachment":[{"href":"https:\/\/valenciasjb.salesianos.edu\/colegio\/wp-json\/wp\/v2\/media?parent=11431"}],"wp:term":[{"taxonomy":"category","embeddable":true,"href":"https:\/\/valenciasjb.salesianos.edu\/colegio\/wp-json\/wp\/v2\/categories?post=11431"},{"taxonomy":"post_tag","embeddable":true,"href":"https:\/\/valenciasjb.salesianos.edu\/colegio\/wp-json\/wp\/v2\/tags?post=11431"}],"curies":[{"name":"wp","href":"https:\/\/api.w.org\/{rel}","templated":true}]}}