{"id":11446,"date":"2019-10-31T14:17:36","date_gmt":"2019-10-31T13:17:36","guid":{"rendered":"https:\/\/valenciasjb.salesianos.edu\/colegio\/?p=11446"},"modified":"2019-10-31T14:25:11","modified_gmt":"2019-10-31T13:25:11","slug":"el-colegio-en-los-medios-de-comunicacion-con-motivo-del-premio-ciudadanos","status":"publish","type":"post","link":"https:\/\/valenciasjb.salesianos.edu\/colegio\/el-colegio-en-los-medios-de-comunicacion-con-motivo-del-premio-ciudadanos\/","title":{"rendered":"El colegio en los medios de comunicaci\u00f3n con motivo del PREMIO CIUDADANOS"},"content":{"rendered":"<div id=\"fb-root\"><\/div>\n<p>[et_pb_section fb_built=\u00bb1&#8243; admin_label=\u00bbsection\u00bb _builder_version=\u00bb3.22&#8243; fb_built=\u00bb1&#8243; bb_built=\u00bb1&#8243; _i=\u00bb0&#8243; _address=\u00bb0&#8243;][et_pb_row admin_label=\u00bbrow\u00bb _builder_version=\u00bb3.25&#8243; background_size=\u00bbinitial\u00bb background_position=\u00bbtop_left\u00bb background_repeat=\u00bbrepeat\u00bb _i=\u00bb0&#8243; _address=\u00bb0.0&#8243;][et_pb_column type=\u00bb4_4&#8243; _builder_version=\u00bb3.25&#8243; custom_padding=\u00bb|||\u00bb _i=\u00bb0&#8243; _address=\u00bb0.0.0&#8243; custom_padding__hover=\u00bb|||\u00bb][et_pb_text admin_label=\u00bbEntradilla (Texto)\u00bb _builder_version=\u00bb3.29.2&#8243; text_font=\u00bb|on|||\u00bb text_orientation=\u00bbjustified\u00bb module_alignment=\u00bbjustified\u00bb _i=\u00bb0&#8243; _address=\u00bb0.0.0.0&#8243;]<\/p>\n<div id=\"resumen\"><strong>Los medios de comunicaci\u00f3n se est\u00e1n haciendo eco estos d\u00edas de la noticia del PREMIO CIUDADANOS que se ha concedido al colegio.<br \/><\/strong><\/div>\n<div>\u00a0<\/div>\n<p>[\/et_pb_text][et_pb_text admin_label=\u00bbAutor (Texto)\u00bb _builder_version=\u00bb3.27.4&#8243; text_font=\u00bb||on||\u00bb _i=\u00bb1&#8243; _address=\u00bb0.0.0.1&#8243;]Redacci\u00f3n<br \/>\n[\/et_pb_text][et_pb_text admin_label=\u00bbDesarrollo (Texto)\u00bb _builder_version=\u00bb3.29.2&#8243; text_orientation=\u00bbjustified\u00bb module_alignment=\u00bbjustified\u00bb hover_enabled=\u00bb0&#8243; _i=\u00bb2&#8243; _address=\u00bb0.0.0.2&#8243;]<\/p>\n<p>Las felicitaciones en persona, por tel\u00e9fono, correo, redes sociales, &#8230; est\u00e1n siendo abundantes, desde las ONG y organizaciones con las que colaboramos: ACNUR, Juegaterapia, AVAPACE, la FAD; diversos periodistas de la SER, EFE, agencia de noticias que ha difundido la noticia. Tambi\u00e9n los medios de comunicaci\u00f3n que se han hecho eco: salesianos.info, agencia AVAN de la Archidi\u00f3cesis de Valencia, Escuelas Cat\u00f3licas, as\u00ed como peri\u00f3dicos impresos y en l\u00ednea: La Vanguardia y las Provincias en sus dos ediciones.<\/p>\n<p>Para el colegio, lo m\u00e1s importante es seguir trabajando unidos, como comunidad educativa, como familia que somos, por una excelencia inclusiva, que llegue a todos y a todas, sin excepci\u00f3n, por lo m\u00e1s importante: nuestros alumnos y alumnas. \u00a1Seguimos so\u00f1ando juntos! \u00a1Somos uno!<\/p>\n<p>Las Provincias: <a href=\"https:\/\/www.lasprovincias.es\/valencia-ciudad\/juan-bosco-premio-20191031010305-ntvo.html\">https:\/\/www.lasprovincias.es\/valencia-ciudad\/juan-bosco-premio-20191031010305-ntvo.html<\/a><\/p>\n<p>La Vanguardia: <a href=\"https:\/\/www.lavanguardia.com\/vida\/20191030\/471290975583\/el-colegio-salesiano-san-juan-bosco-de-valencia-recibe-el-premio-ciudadanos.html\">https:\/\/www.lavanguardia.com\/vida\/20191030\/471290975583\/el-colegio-salesiano-san-juan-bosco-de-valencia-recibe-el-premio-ciudadanos.html<\/a><\/p>\n<p>Salesianos.info: <a href=\"https:\/\/salesianos.info\/el-colegio-salesianos-san-juan-bosco-de-valencia-recibe-el-premio-ciudadanos\/\">https:\/\/salesianos.info\/el-colegio-salesianos-san-juan-bosco-de-valencia-recibe-el-premio-ciudadanos\/<\/a><\/p>\n<p>AVAN: <a href=\"http:\/\/archivalencia.org\/contenido.php?a=6&amp;pad=6&amp;modulo=37&amp;id=19012\">http:\/\/archivalencia.org\/contenido.php?a=6&amp;pad=6&amp;modulo=37&amp;id=19012<\/a><\/p>\n<p>[\/et_pb_text][et_pb_text disabled_on=\u00bboff|on|on\u00bb admin_label=\u00bbT\u00edtulo: Galer\u00eda de fotos (Texto)\u00bb _builder_version=\u00bb3.27.4&#8243; text_font=\u00bb|on|||\u00bb text_text_color=\u00bb#dc001b\u00bb border_style=\u00bbsolid\u00bb _i=\u00bb3&#8243; _address=\u00bb0.0.0.3&#8243;]Galer\u00eda de im\u00e1genes<br \/>\n[\/et_pb_text][et_pb_gallery gallery_ids=\u00bb11449,11450,11451,11452,11453,11454,11455,11456&#8243; posts_number=\u00bb8&#8243; show_title_and_caption=\u00bboff\u00bb zoom_icon_color=\u00bb#dc001b\u00bb hover_icon=\u00bb%%51%%\u00bb disabled_on=\u00bboff|off|off\u00bb _builder_version=\u00bb3.29.2&#8243; pagination_font_size_tablet=\u00bb51&#8243; pagination_line_height_tablet=\u00bb2&#8243; _i=\u00bb4&#8243; _address=\u00bb0.0.0.4&#8243;][\/et_pb_gallery][et_pb_video disabled_on=\u00bbon|on|on\u00bb _builder_version=\u00bb3.0.51&#8243; disabled=\u00bbon\u00bb _i=\u00bb5&#8243; _address=\u00bb0.0.0.5&#8243;][\/et_pb_video][\/et_pb_column][\/et_pb_row][\/et_pb_section]<\/p>\n<!-- AddThis Advanced Settings generic via filter on the_content --><!-- AddThis Share Buttons generic via filter on the_content -->","protected":false},"excerpt":{"rendered":"<p>Los medios de comunicaci\u00f3n se est\u00e1n haciendo eco estos d\u00edas de la noticia del PREMIO CIUDADANOS que se ha concedido al colegio. \u00a0Redacci\u00f3n Las felicitaciones en persona, por tel\u00e9fono, correo, redes sociales, &#8230; est\u00e1n siendo abundantes, desde las ONG y organizaciones con las que colaboramos: ACNUR, Juegaterapia, AVAPACE, la FAD; diversos periodistas de la SER, [&hellip;]<\/p>\n<p><!-- AddThis Advanced Settings generic via filter on get_the_excerpt --><!-- AddThis Share Buttons generic via filter on get_the_excerpt --><\/p>\n","protected":false},"author":6,"featured_media":11457,"comment_status":"closed","ping_status":"open","sticky":false,"template":"","format":"standard","meta":{"_et_pb_use_builder":"on","_et_pb_old_content":"","_et_gb_content_width":"","footnotes":""},"categories":[14],"tags":[],"class_list":["post-11446","post","type-post","status-publish","format-standard","has-post-thumbnail","hentry","category-noticia_colegio"],"yoast_head":"<!-- This site is optimized with the Yoast SEO plugin v28.4 - https:\/\/yoast.com\/product\/yoast-seo-wordpress\/ -->\n<title>El colegio en los medios de comunicaci\u00f3n con motivo del PREMIO CIUDADANOS - Colegio San Juan Bosco Valencia<\/title>\n<meta name=\"robots\" content=\"index, follow, max-snippet:-1, max-image-preview:large, max-video-preview:-1\" \/>\n<link rel=\"canonical\" href=\"https:\/\/valenciasjb.salesianos.edu\/colegio\/el-colegio-en-los-medios-de-comunicacion-con-motivo-del-premio-ciudadanos\/\" \/>\n<meta property=\"og:locale\" content=\"es_ES\" \/>\n<meta property=\"og:type\" content=\"article\" \/>\n<meta property=\"og:title\" content=\"El colegio en los medios de comunicaci\u00f3n con motivo del PREMIO CIUDADANOS - Colegio San Juan Bosco Valencia\" \/>\n<meta property=\"og:description\" content=\"Los medios de comunicaci\u00f3n se est\u00e1n haciendo eco estos d\u00edas de la noticia del PREMIO CIUDADANOS que se ha concedido al colegio. \u00a0Redacci\u00f3n Las felicitaciones en persona, por tel\u00e9fono, correo, redes sociales, ... est\u00e1n siendo abundantes, desde las ONG y organizaciones con las que colaboramos: ACNUR, Juegaterapia, AVAPACE, la FAD; diversos periodistas de la SER, [&hellip;]\" \/>\n<meta property=\"og:url\" content=\"https:\/\/valenciasjb.salesianos.edu\/colegio\/el-colegio-en-los-medios-de-comunicacion-con-motivo-del-premio-ciudadanos\/\" \/>\n<meta property=\"og:site_name\" content=\"Colegio San Juan Bosco Valencia\" \/>\n<meta property=\"article:publisher\" content=\"https:\/\/www.facebook.com\/ColegioSalesianoSanJuanBoscoValencia\" \/>\n<meta property=\"article:published_time\" content=\"2019-10-31T13:17:36+00:00\" \/>\n<meta property=\"article:modified_time\" content=\"2019-10-31T13:25:11+00:00\" \/>\n<meta property=\"og:image\" content=\"https:\/\/valenciasjb.salesianos.edu\/colegio\/wp-content\/uploads\/sites\/2\/2019\/10\/sketch-1572527007162-1.jpg\" \/>\n\t<meta property=\"og:image:width\" content=\"720\" \/>\n\t<meta property=\"og:image:height\" content=\"1162\" \/>\n\t<meta property=\"og:image:type\" content=\"image\/jpeg\" \/>\n<meta name=\"author\" content=\"veronicapastor\" \/>\n<meta name=\"twitter:card\" content=\"summary_large_image\" \/>\n<meta name=\"twitter:creator\" content=\"@SalesianosVSJB\" \/>\n<meta name=\"twitter:site\" content=\"@SalesianosVSJB\" \/>\n<meta name=\"twitter:label1\" content=\"Escrito por\" \/>\n\t<meta name=\"twitter:data1\" content=\"veronicapastor\" \/>\n\t<meta name=\"twitter:label2\" content=\"Tiempo de lectura\" \/>\n\t<meta name=\"twitter:data2\" content=\"2 minutos\" \/>\n<script type=\"application\/ld+json\" class=\"yoast-schema-graph\">{\"@context\":\"https:\\\/\\\/schema.org\",\"@graph\":[{\"@type\":\"Article\",\"@id\":\"https:\\\/\\\/valenciasjb.salesianos.edu\\\/colegio\\\/el-colegio-en-los-medios-de-comunicacion-con-motivo-del-premio-ciudadanos\\\/#article\",\"isPartOf\":{\"@id\":\"https:\\\/\\\/valenciasjb.salesianos.edu\\\/colegio\\\/el-colegio-en-los-medios-de-comunicacion-con-motivo-del-premio-ciudadanos\\\/\"},\"author\":{\"name\":\"veronicapastor\",\"@id\":\"https:\\\/\\\/valenciasjb.salesianos.edu\\\/colegio\\\/#\\\/schema\\\/person\\\/1f45b67e52b27da175190a574db6bed9\"},\"headline\":\"El colegio en los medios de comunicaci\u00f3n con motivo del PREMIO CIUDADANOS\",\"datePublished\":\"2019-10-31T13:17:36+00:00\",\"dateModified\":\"2019-10-31T13:25:11+00:00\",\"mainEntityOfPage\":{\"@id\":\"https:\\\/\\\/valenciasjb.salesianos.edu\\\/colegio\\\/el-colegio-en-los-medios-de-comunicacion-con-motivo-del-premio-ciudadanos\\\/\"},\"wordCount\":426,\"image\":{\"@id\":\"https:\\\/\\\/valenciasjb.salesianos.edu\\\/colegio\\\/el-colegio-en-los-medios-de-comunicacion-con-motivo-del-premio-ciudadanos\\\/#primaryimage\"},\"thumbnailUrl\":\"https:\\\/\\\/valenciasjb.salesianos.edu\\\/colegio\\\/wp-content\\\/uploads\\\/sites\\\/2\\\/2019\\\/10\\\/sketch-1572527007162-1.jpg\",\"articleSection\":[\"Noticia Colegio\"],\"inLanguage\":\"es\"},{\"@type\":\"WebPage\",\"@id\":\"https:\\\/\\\/valenciasjb.salesianos.edu\\\/colegio\\\/el-colegio-en-los-medios-de-comunicacion-con-motivo-del-premio-ciudadanos\\\/\",\"url\":\"https:\\\/\\\/valenciasjb.salesianos.edu\\\/colegio\\\/el-colegio-en-los-medios-de-comunicacion-con-motivo-del-premio-ciudadanos\\\/\",\"name\":\"El colegio en los medios de comunicaci\u00f3n con motivo del PREMIO CIUDADANOS - Colegio San Juan Bosco Valencia\",\"isPartOf\":{\"@id\":\"https:\\\/\\\/valenciasjb.salesianos.edu\\\/colegio\\\/#website\"},\"primaryImageOfPage\":{\"@id\":\"https:\\\/\\\/valenciasjb.salesianos.edu\\\/colegio\\\/el-colegio-en-los-medios-de-comunicacion-con-motivo-del-premio-ciudadanos\\\/#primaryimage\"},\"image\":{\"@id\":\"https:\\\/\\\/valenciasjb.salesianos.edu\\\/colegio\\\/el-colegio-en-los-medios-de-comunicacion-con-motivo-del-premio-ciudadanos\\\/#primaryimage\"},\"thumbnailUrl\":\"https:\\\/\\\/valenciasjb.salesianos.edu\\\/colegio\\\/wp-content\\\/uploads\\\/sites\\\/2\\\/2019\\\/10\\\/sketch-1572527007162-1.jpg\",\"datePublished\":\"2019-10-31T13:17:36+00:00\",\"dateModified\":\"2019-10-31T13:25:11+00:00\",\"author\":{\"@id\":\"https:\\\/\\\/valenciasjb.salesianos.edu\\\/colegio\\\/#\\\/schema\\\/person\\\/1f45b67e52b27da175190a574db6bed9\"},\"breadcrumb\":{\"@id\":\"https:\\\/\\\/valenciasjb.salesianos.edu\\\/colegio\\\/el-colegio-en-los-medios-de-comunicacion-con-motivo-del-premio-ciudadanos\\\/#breadcrumb\"},\"inLanguage\":\"es\",\"potentialAction\":[{\"@type\":\"ReadAction\",\"target\":[\"https:\\\/\\\/valenciasjb.salesianos.edu\\\/colegio\\\/el-colegio-en-los-medios-de-comunicacion-con-motivo-del-premio-ciudadanos\\\/\"]}]},{\"@type\":\"ImageObject\",\"inLanguage\":\"es\",\"@id\":\"https:\\\/\\\/valenciasjb.salesianos.edu\\\/colegio\\\/el-colegio-en-los-medios-de-comunicacion-con-motivo-del-premio-ciudadanos\\\/#primaryimage\",\"url\":\"https:\\\/\\\/valenciasjb.salesianos.edu\\\/colegio\\\/wp-content\\\/uploads\\\/sites\\\/2\\\/2019\\\/10\\\/sketch-1572527007162-1.jpg\",\"contentUrl\":\"https:\\\/\\\/valenciasjb.salesianos.edu\\\/colegio\\\/wp-content\\\/uploads\\\/sites\\\/2\\\/2019\\\/10\\\/sketch-1572527007162-1.jpg\",\"width\":720,\"height\":1162},{\"@type\":\"BreadcrumbList\",\"@id\":\"https:\\\/\\\/valenciasjb.salesianos.edu\\\/colegio\\\/el-colegio-en-los-medios-de-comunicacion-con-motivo-del-premio-ciudadanos\\\/#breadcrumb\",\"itemListElement\":[{\"@type\":\"ListItem\",\"position\":1,\"name\":\"Portada\",\"item\":\"https:\\\/\\\/valenciasjb.salesianos.edu\\\/colegio\\\/\"},{\"@type\":\"ListItem\",\"position\":2,\"name\":\"El colegio en los medios de comunicaci\u00f3n con motivo del PREMIO CIUDADANOS\"}]},{\"@type\":\"WebSite\",\"@id\":\"https:\\\/\\\/valenciasjb.salesianos.edu\\\/colegio\\\/#website\",\"url\":\"https:\\\/\\\/valenciasjb.salesianos.edu\\\/colegio\\\/\",\"name\":\"Colegio San Juan Bosco Valencia\",\"description\":\"P\u00e1gina oficial del Colegio Salesianos San Juan Bosco Valencia\",\"alternateName\":\"Salesianos.VSJB\",\"potentialAction\":[{\"@type\":\"SearchAction\",\"target\":{\"@type\":\"EntryPoint\",\"urlTemplate\":\"https:\\\/\\\/valenciasjb.salesianos.edu\\\/colegio\\\/?s={search_term_string}\"},\"query-input\":{\"@type\":\"PropertyValueSpecification\",\"valueRequired\":true,\"valueName\":\"search_term_string\"}}],\"inLanguage\":\"es\"},{\"@type\":\"Person\",\"@id\":\"https:\\\/\\\/valenciasjb.salesianos.edu\\\/colegio\\\/#\\\/schema\\\/person\\\/1f45b67e52b27da175190a574db6bed9\",\"name\":\"veronicapastor\",\"image\":{\"@type\":\"ImageObject\",\"inLanguage\":\"es\",\"@id\":\"https:\\\/\\\/secure.gravatar.com\\\/avatar\\\/e29bd40bace3fd935e1d6fdb7313ffc14628cc037c5e16f4c7369b20a2a6f7f0?s=96&d=mm&r=g\",\"url\":\"https:\\\/\\\/secure.gravatar.com\\\/avatar\\\/e29bd40bace3fd935e1d6fdb7313ffc14628cc037c5e16f4c7369b20a2a6f7f0?s=96&d=mm&r=g\",\"contentUrl\":\"https:\\\/\\\/secure.gravatar.com\\\/avatar\\\/e29bd40bace3fd935e1d6fdb7313ffc14628cc037c5e16f4c7369b20a2a6f7f0?s=96&d=mm&r=g\",\"caption\":\"veronicapastor\"}}]}<\/script>\n<!-- \/ Yoast SEO plugin. -->","yoast_head_json":{"title":"El colegio en los medios de comunicaci\u00f3n con motivo del PREMIO CIUDADANOS - Colegio San Juan Bosco Valencia","robots":{"index":"index","follow":"follow","max-snippet":"max-snippet:-1","max-image-preview":"max-image-preview:large","max-video-preview":"max-video-preview:-1"},"canonical":"https:\/\/valenciasjb.salesianos.edu\/colegio\/el-colegio-en-los-medios-de-comunicacion-con-motivo-del-premio-ciudadanos\/","og_locale":"es_ES","og_type":"article","og_title":"El colegio en los medios de comunicaci\u00f3n con motivo del PREMIO CIUDADANOS - Colegio San Juan Bosco Valencia","og_description":"Los medios de comunicaci\u00f3n se est\u00e1n haciendo eco estos d\u00edas de la noticia del PREMIO CIUDADANOS que se ha concedido al colegio. \u00a0Redacci\u00f3n Las felicitaciones en persona, por tel\u00e9fono, correo, redes sociales, ... est\u00e1n siendo abundantes, desde las ONG y organizaciones con las que colaboramos: ACNUR, Juegaterapia, AVAPACE, la FAD; diversos periodistas de la SER, [&hellip;]","og_url":"https:\/\/valenciasjb.salesianos.edu\/colegio\/el-colegio-en-los-medios-de-comunicacion-con-motivo-del-premio-ciudadanos\/","og_site_name":"Colegio San Juan Bosco Valencia","article_publisher":"https:\/\/www.facebook.com\/ColegioSalesianoSanJuanBoscoValencia","article_published_time":"2019-10-31T13:17:36+00:00","article_modified_time":"2019-10-31T13:25:11+00:00","og_image":[{"width":720,"height":1162,"url":"https:\/\/valenciasjb.salesianos.edu\/colegio\/wp-content\/uploads\/sites\/2\/2019\/10\/sketch-1572527007162-1.jpg","type":"image\/jpeg"}],"author":"veronicapastor","twitter_card":"summary_large_image","twitter_creator":"@SalesianosVSJB","twitter_site":"@SalesianosVSJB","twitter_misc":{"Escrito por":"veronicapastor","Tiempo de lectura":"2 minutos"},"schema":{"@context":"https:\/\/schema.org","@graph":[{"@type":"Article","@id":"https:\/\/valenciasjb.salesianos.edu\/colegio\/el-colegio-en-los-medios-de-comunicacion-con-motivo-del-premio-ciudadanos\/#article","isPartOf":{"@id":"https:\/\/valenciasjb.salesianos.edu\/colegio\/el-colegio-en-los-medios-de-comunicacion-con-motivo-del-premio-ciudadanos\/"},"author":{"name":"veronicapastor","@id":"https:\/\/valenciasjb.salesianos.edu\/colegio\/#\/schema\/person\/1f45b67e52b27da175190a574db6bed9"},"headline":"El colegio en los medios de comunicaci\u00f3n con motivo del PREMIO CIUDADANOS","datePublished":"2019-10-31T13:17:36+00:00","dateModified":"2019-10-31T13:25:11+00:00","mainEntityOfPage":{"@id":"https:\/\/valenciasjb.salesianos.edu\/colegio\/el-colegio-en-los-medios-de-comunicacion-con-motivo-del-premio-ciudadanos\/"},"wordCount":426,"image":{"@id":"https:\/\/valenciasjb.salesianos.edu\/colegio\/el-colegio-en-los-medios-de-comunicacion-con-motivo-del-premio-ciudadanos\/#primaryimage"},"thumbnailUrl":"https:\/\/valenciasjb.salesianos.edu\/colegio\/wp-content\/uploads\/sites\/2\/2019\/10\/sketch-1572527007162-1.jpg","articleSection":["Noticia Colegio"],"inLanguage":"es"},{"@type":"WebPage","@id":"https:\/\/valenciasjb.salesianos.edu\/colegio\/el-colegio-en-los-medios-de-comunicacion-con-motivo-del-premio-ciudadanos\/","url":"https:\/\/valenciasjb.salesianos.edu\/colegio\/el-colegio-en-los-medios-de-comunicacion-con-motivo-del-premio-ciudadanos\/","name":"El colegio en los medios de comunicaci\u00f3n con motivo del PREMIO CIUDADANOS - Colegio San Juan Bosco Valencia","isPartOf":{"@id":"https:\/\/valenciasjb.salesianos.edu\/colegio\/#website"},"primaryImageOfPage":{"@id":"https:\/\/valenciasjb.salesianos.edu\/colegio\/el-colegio-en-los-medios-de-comunicacion-con-motivo-del-premio-ciudadanos\/#primaryimage"},"image":{"@id":"https:\/\/valenciasjb.salesianos.edu\/colegio\/el-colegio-en-los-medios-de-comunicacion-con-motivo-del-premio-ciudadanos\/#primaryimage"},"thumbnailUrl":"https:\/\/valenciasjb.salesianos.edu\/colegio\/wp-content\/uploads\/sites\/2\/2019\/10\/sketch-1572527007162-1.jpg","datePublished":"2019-10-31T13:17:36+00:00","dateModified":"2019-10-31T13:25:11+00:00","author":{"@id":"https:\/\/valenciasjb.salesianos.edu\/colegio\/#\/schema\/person\/1f45b67e52b27da175190a574db6bed9"},"breadcrumb":{"@id":"https:\/\/valenciasjb.salesianos.edu\/colegio\/el-colegio-en-los-medios-de-comunicacion-con-motivo-del-premio-ciudadanos\/#breadcrumb"},"inLanguage":"es","potentialAction":[{"@type":"ReadAction","target":["https:\/\/valenciasjb.salesianos.edu\/colegio\/el-colegio-en-los-medios-de-comunicacion-con-motivo-del-premio-ciudadanos\/"]}]},{"@type":"ImageObject","inLanguage":"es","@id":"https:\/\/valenciasjb.salesianos.edu\/colegio\/el-colegio-en-los-medios-de-comunicacion-con-motivo-del-premio-ciudadanos\/#primaryimage","url":"https:\/\/valenciasjb.salesianos.edu\/colegio\/wp-content\/uploads\/sites\/2\/2019\/10\/sketch-1572527007162-1.jpg","contentUrl":"https:\/\/valenciasjb.salesianos.edu\/colegio\/wp-content\/uploads\/sites\/2\/2019\/10\/sketch-1572527007162-1.jpg","width":720,"height":1162},{"@type":"BreadcrumbList","@id":"https:\/\/valenciasjb.salesianos.edu\/colegio\/el-colegio-en-los-medios-de-comunicacion-con-motivo-del-premio-ciudadanos\/#breadcrumb","itemListElement":[{"@type":"ListItem","position":1,"name":"Portada","item":"https:\/\/valenciasjb.salesianos.edu\/colegio\/"},{"@type":"ListItem","position":2,"name":"El colegio en los medios de comunicaci\u00f3n con motivo del PREMIO CIUDADANOS"}]},{"@type":"WebSite","@id":"https:\/\/valenciasjb.salesianos.edu\/colegio\/#website","url":"https:\/\/valenciasjb.salesianos.edu\/colegio\/","name":"Colegio San Juan Bosco Valencia","description":"P\u00e1gina oficial del Colegio Salesianos San Juan Bosco Valencia","alternateName":"Salesianos.VSJB","potentialAction":[{"@type":"SearchAction","target":{"@type":"EntryPoint","urlTemplate":"https:\/\/valenciasjb.salesianos.edu\/colegio\/?s={search_term_string}"},"query-input":{"@type":"PropertyValueSpecification","valueRequired":true,"valueName":"search_term_string"}}],"inLanguage":"es"},{"@type":"Person","@id":"https:\/\/valenciasjb.salesianos.edu\/colegio\/#\/schema\/person\/1f45b67e52b27da175190a574db6bed9","name":"veronicapastor","image":{"@type":"ImageObject","inLanguage":"es","@id":"https:\/\/secure.gravatar.com\/avatar\/e29bd40bace3fd935e1d6fdb7313ffc14628cc037c5e16f4c7369b20a2a6f7f0?s=96&d=mm&r=g","url":"https:\/\/secure.gravatar.com\/avatar\/e29bd40bace3fd935e1d6fdb7313ffc14628cc037c5e16f4c7369b20a2a6f7f0?s=96&d=mm&r=g","contentUrl":"https:\/\/secure.gravatar.com\/avatar\/e29bd40bace3fd935e1d6fdb7313ffc14628cc037c5e16f4c7369b20a2a6f7f0?s=96&d=mm&r=g","caption":"veronicapastor"}}]}},"_links":{"self":[{"href":"https:\/\/valenciasjb.salesianos.edu\/colegio\/wp-json\/wp\/v2\/posts\/11446","targetHints":{"allow":["GET"]}}],"collection":[{"href":"https:\/\/valenciasjb.salesianos.edu\/colegio\/wp-json\/wp\/v2\/posts"}],"about":[{"href":"https:\/\/valenciasjb.salesianos.edu\/colegio\/wp-json\/wp\/v2\/types\/post"}],"author":[{"embeddable":true,"href":"https:\/\/valenciasjb.salesianos.edu\/colegio\/wp-json\/wp\/v2\/users\/6"}],"replies":[{"embeddable":true,"href":"https:\/\/valenciasjb.salesianos.edu\/colegio\/wp-json\/wp\/v2\/comments?post=11446"}],"version-history":[{"count":5,"href":"https:\/\/valenciasjb.salesianos.edu\/colegio\/wp-json\/wp\/v2\/posts\/11446\/revisions"}],"predecessor-version":[{"id":11462,"href":"https:\/\/valenciasjb.salesianos.edu\/colegio\/wp-json\/wp\/v2\/posts\/11446\/revisions\/11462"}],"wp:featuredmedia":[{"embeddable":true,"href":"https:\/\/valenciasjb.salesianos.edu\/colegio\/wp-json\/wp\/v2\/media\/11457"}],"wp:attachment":[{"href":"https:\/\/valenciasjb.salesianos.edu\/colegio\/wp-json\/wp\/v2\/media?parent=11446"}],"wp:term":[{"taxonomy":"category","embeddable":true,"href":"https:\/\/valenciasjb.salesianos.edu\/colegio\/wp-json\/wp\/v2\/categories?post=11446"},{"taxonomy":"post_tag","embeddable":true,"href":"https:\/\/valenciasjb.salesianos.edu\/colegio\/wp-json\/wp\/v2\/tags?post=11446"}],"curies":[{"name":"wp","href":"https:\/\/api.w.org\/{rel}","templated":true}]}}